{"id":80363,"date":"2025-11-20T16:04:01","date_gmt":"2025-11-20T19:04:01","guid":{"rendered":"https:\/\/noticiasribeiraopreto.com.br\/index.php\/2025\/11\/20\/com-destaques-ciclistas-de-ribeirao-preto-disputam-campeonato-brasileiro-junior\/"},"modified":"2025-11-20T16:04:01","modified_gmt":"2025-11-20T19:04:01","slug":"com-destaques-ciclistas-de-ribeirao-preto-disputam-campeonato-brasileiro-junior","status":"publish","type":"post","link":"https:\/\/noticiasribeiraopreto.com.br\/index.php\/2025\/11\/20\/com-destaques-ciclistas-de-ribeirao-preto-disputam-campeonato-brasileiro-junior\/","title":{"rendered":"Com destaques, ciclistas de Ribeir\u00e3o Preto disputam Campeonato Brasileiro J\u00fanior"},"content":{"rendered":"<div class='code-block code-block-1' style='margin: 8px 0 8px auto; text-align: right; display: block; clear: both;'>\n<p><a href=\"https:\/\/wa.link\/vpicfd\"><img data-recalc-dims=\"1\" class=\"wp-image-4922\" style=\"aspect-ratio: 2.0253164556962027; width: 561px; height: auto;\" src=\"https:\/\/i0.wp.com\/ismaelcolosi.com.br\/wp-content\/uploads\/2023\/11\/grupo-de-empregos-whatsapp-e-facebook-ismael-colosi-vagas.jpg?ssl=1\" alt=\"\" \/><\/a><\/p>\n<!-- \/wp:image -->\n<\/div>\n<p> <br \/>\n<\/p>\n<div>\n<p>Com oito ciclistas, a Equipe de Base de <strong>Ciclismo de Ribeir\u00e3o Preto<\/strong> disputa o <strong>Campeonato Brasileiro J\u00fanior<\/strong>, que ser\u00e1 realizado na cidade paranaense de Arauc\u00e1ria entre os dias 21 e 23 de novembro.<\/p>\n<p>A competi\u00e7\u00e3o come\u00e7a oficialmente nesta sexta-feira, quando ser\u00e1 realizado o Campeonato Brasileiro de Contra-Rel\u00f3gio. No s\u00e1bado, ocorre a prova feminina do Campeonato Brasileiro de Estrada, enquanto a disputa masculina acontece no domingo.<\/p>\n<p>A equipe ribeir\u00e3o-pretana estar\u00e1 representada nas competi\u00e7\u00f5es por Eduardo Bertoldo (Infanto Juvenil), Carlos Eduardo Mazzalli (Juvenil), Miguel Sotello (Juvenil), Cau\u00e3 Vieira (Juvenil), Miguel Leonel (Juvenil), Jo\u00e3o Daniel (Juvenil) e Bruno Ot\u00e1vio (J\u00fanior) na categoria masculina, al\u00e9m de Caroline Ordiales de L\u00facio na categoria J\u00fanior Feminino.<\/p>\n<h2 class=\"wp-block-heading\"><strong>Bons resultados<\/strong><\/h2>\n<p>Caroline demonstrou regularidade durante a temporada. Tanto \u00e9 que assegurou por antecipa\u00e7\u00e3o o t\u00edtulo da Copa S\u00e3o Paulo de Ciclismo na categoria Feminino B, que re\u00fane atletas entre 15 a 22 anos.<\/p>\n<p>Em sete provas disputadas da Copa S\u00e3o Paulo, a ciclista tem uma vit\u00f3ria, quatro segundos lugares, um terceiro e um quarto.<\/p>\n<p>Outro destaque \u00e9 Carlos Eduardo Mazzalli, que venceu a \u00faltima etapa da Copa S\u00e3o Paulo, realizada no in\u00edcio do m\u00eas passado em Jardin\u00f3polis.<\/p>\n<p>Com o triunfo, o atleta assumiu a ponta na classifica\u00e7\u00e3o geral da categoria Juvenil. Ele coleciona na competi\u00e7\u00e3o uma vit\u00f3ria, al\u00e9m de ter ficado uma vez na segunda posi\u00e7\u00e3o, uma na terceira e outra na quinta.<\/p>\n<p>Ainda na categoria Juvenil, Miguel Sotello foi o segundo colocado na \u00faltima prova e aparece na terceira coloca\u00e7\u00e3o no geral.<\/p>\n<p>Outros tr\u00eas atletas da categoria Juvenil inscritos no Campeonato Brasileiro tamb\u00e9m subiram ao p\u00f3dio recentemente. Jo\u00e3o Daniel ficou em terceiro lugar em Jardin\u00f3polis, enquanto Cau\u00e3 Vieira ficou em segundo na etapa de Brodowski da Copa S\u00e3o Paulo, realizada em setembro, e Miguel Leonel foi o quarto.<\/p>\n<p>Na Infanto Juvenil, Eduardo Bertoldo vem de um vice-campeonato obtido na \u00faltima etapa da Copa S\u00e3o Paulo. O resultado colocou o atleta na terceira posi\u00e7\u00e3o no geral.<\/p>\n<p>Na mesma prova, Bruno Ot\u00e1vio ficou na terceira coloca\u00e7\u00e3o na mesma competi\u00e7\u00e3o na categoria J\u00fanior.<\/p>\n<p>SAIBA MAIS<br \/>Dia da Consci\u00eancia Negra: conhe\u00e7a a nova gera\u00e7\u00e3o do cinema ribeir\u00e3o-pretano<\/p>\n<h2 class=\"wp-block-heading\"><strong>FIQUE ON<\/strong><\/h2>\n<p>Fique ligado em tudo que acontece em Ribeir\u00e3o Preto e regi\u00e3o. Siga os perfis do<strong>\u00a0acidade on\u00a0<\/strong>no<a href=\"https:\/\/www.instagram.com\/acidadeonribeirao\" target=\"_blank\" rel=\"noreferrer noopener\">\u00a0Instagram\u00a0<\/a>e no\u00a0<a href=\"https:\/\/www.facebook.com\/acidadeonribeirao\/\" target=\"_blank\" rel=\"noreferrer noopener\">Facebook<\/a>.<\/p>\n<p>Receba not\u00edcias do<strong>\u00a0acidade on<\/strong>\u00a0no WhatsApp. Para entrar no grupo,\u00a0basta\u00a0<a href=\"https:\/\/chat.whatsapp.com\/I4nieTEMKlf50pJ28aMemC?mode=ac_t\" target=\"_blank\" rel=\"noreferrer noopener\">clicar aqui<\/a>. Ou, acesse o nosso\u00a0Canal\u00a0<a href=\"https:\/\/whatsapp.com\/channel\/0029Vb6IQl1JENyAeS57fk2p\" target=\"_blank\" rel=\"noreferrer noopener\">clicando aqui<\/a>.<\/p>\n<p>Fa\u00e7a uma den\u00fancia ou sugira uma reportagem sobre Ribeir\u00e3o Preto e regi\u00e3o pelo WhatsApp: 16 99117 7802.<\/p>\n<p>VEJA TAMB\u00c9M<br \/>Vale a pena incluir o abacate na dieta?<\/p>\n<p><!-- AI CONTENT END 1 -->\n<\/div>\n<p><script async src=\"\/\/www.instagram.com\/embed.js\"><\/script><br \/>\n<br \/><br \/>\n<br \/><a href=\"https:\/\/www.acidadeon.com\/ribeiraopreto\/esportes\/com-destaques-ciclistas-de-ribeirao-preto-disputam-campeonato-brasileiro-junior\/\">Source link <\/a><\/p>\n<!-- CONTENT END 1 -->\n","protected":false},"excerpt":{"rendered":"<p>Com oito ciclistas, a Equipe de Base de Ciclismo de Ribeir\u00e3o Preto disputa o Campeonato Brasileiro J\u00fanior, que ser\u00e1 realizado na cidade paranaense de Arauc\u00e1ria&#8230;<\/p>\n","protected":false},"author":1,"featured_media":80364,"comment_status":"open","ping_status":"open","sticky":false,"template":"","format":"standard","meta":{"advanced_seo_description":"","jetpack_seo_html_title":"","jetpack_seo_noindex":false,"jetpack_post_was_ever_published":false,"_jetpack_newsletter_access":"","_jetpack_dont_email_post_to_subs":false,"_jetpack_newsletter_tier_id":0,"_jetpack_memberships_contains_paywalled_content":false,"_jetpack_memberships_contains_paid_content":false,"footnotes":"","jetpack_publicize_message":"","jetpack_publicize_feature_enabled":true,"jetpack_social_post_already_shared":true,"jetpack_social_options":{"image_generator_settings":{"template":"highway","default_image_id":0,"font":"","enabled":false},"version":2}},"categories":[11],"tags":[],"class_list":["post-80363","post","type-post","status-publish","format-standard","has-post-thumbnail","hentry","category-noticias-de-ribeirao-preto-sp-e-regiao-ismael-colosi"],"jetpack_publicize_connections":[],"jetpack_featured_media_url":"https:\/\/i0.wp.com\/noticiasribeiraopreto.com.br\/wp-content\/uploads\/2025\/11\/ciclista_2025-11-20_18-44-27.webp.webp?fit=1024%2C683&ssl=1","jetpack-related-posts":[{"id":64459,"url":"https:\/\/noticiasribeiraopreto.com.br\/index.php\/2025\/03\/08\/equipe-de-base-de-ciclismo-de-ribeirao-preto-disputa-1a-prova-do-ano\/","url_meta":{"origin":80363,"position":0},"title":"Equipe de Base de Ciclismo de Ribeir\u00e3o Preto disputa 1\u00aa prova do ano","author":"noticiasribeiraopreto.com.br","date":"8 de March de 2025","format":false,"excerpt":"A Equipe de Base de Ciclismo de Ribeir\u00e3o Preto estreia a temporada de 2025 neste domingo (9), na disputa de abertura da Copa S\u00e3o Paulo de Ciclismo, que acontece em Len\u00e7\u00f3is Paulista. Os atletas que comp\u00f5em a equipe s\u00e3o: Pedro Gouveia (Infanto Juvenil), Matheus de Martin Demarchi da Silva (Infanto\u2026","rel":"","context":"In &quot;Not\u00edcias de Ribeir\u00e3o Preto-SP e Regi\u00e3o&quot;","block_context":{"text":"Not\u00edcias de Ribeir\u00e3o Preto-SP e Regi\u00e3o","link":"https:\/\/noticiasribeiraopreto.com.br\/index.php\/category\/noticias-de-ribeirao-preto-sp-e-regiao-ismael-colosi\/"},"img":{"alt_text":"","src":"https:\/\/i0.wp.com\/noticiasribeiraopreto.com.br\/wp-content\/uploads\/2025\/03\/Ciclismo-vale-este-1024x682-1_2025-03-07_22-08-22_jpg_2025-03-07_22-08-22.webp.webp?fit=1024%2C682&ssl=1&resize=350%2C200","width":350,"height":200,"srcset":"https:\/\/i0.wp.com\/noticiasribeiraopreto.com.br\/wp-content\/uploads\/2025\/03\/Ciclismo-vale-este-1024x682-1_2025-03-07_22-08-22_jpg_2025-03-07_22-08-22.webp.webp?fit=1024%2C682&ssl=1&resize=350%2C200 1x, https:\/\/i0.wp.com\/noticiasribeiraopreto.com.br\/wp-content\/uploads\/2025\/03\/Ciclismo-vale-este-1024x682-1_2025-03-07_22-08-22_jpg_2025-03-07_22-08-22.webp.webp?fit=1024%2C682&ssl=1&resize=525%2C300 1.5x, https:\/\/i0.wp.com\/noticiasribeiraopreto.com.br\/wp-content\/uploads\/2025\/03\/Ciclismo-vale-este-1024x682-1_2025-03-07_22-08-22_jpg_2025-03-07_22-08-22.webp.webp?fit=1024%2C682&ssl=1&resize=700%2C400 2x"},"classes":[]},{"id":61626,"url":"https:\/\/noticiasribeiraopreto.com.br\/index.php\/2024\/12\/17\/atleta-de-ribeirao-preto-conquista-a-copa-sao-paulo-de-ciclismo\/","url_meta":{"origin":80363,"position":1},"title":"Atleta de Ribeir\u00e3o Preto conquista a Copa S\u00e3o Paulo de Ciclismo","author":"noticiasribeiraopreto.com.br","date":"17 de December de 2024","format":false,"excerpt":"O ciclista Yuri Fontanesi, de 18 anos, que compete pela equipe de Ribeir\u00e3o Preto, conquistou o t\u00edtulo da categoria J\u00fanior da Copa S\u00e3o Paulo de Ciclismo, no \u00faltimo domingo (15). O atleta levou o t\u00edtulo ap\u00f3s completar a oitava e \u00faltima etapa, realizada em Buritizal, na segunda coloca\u00e7\u00e3o. Yuri totalizou\u2026","rel":"","context":"In &quot;Not\u00edcias de Ribeir\u00e3o Preto-SP e Regi\u00e3o&quot;","block_context":{"text":"Not\u00edcias de Ribeir\u00e3o Preto-SP e Regi\u00e3o","link":"https:\/\/noticiasribeiraopreto.com.br\/index.php\/category\/noticias-de-ribeirao-preto-sp-e-regiao-ismael-colosi\/"},"img":{"alt_text":"","src":"https:\/\/i0.wp.com\/noticiasribeiraopreto.com.br\/wp-content\/uploads\/2024\/12\/yuri_2024-12-17_20-51-35_jpg_2024-12-17_20-51-35.webp.webp?fit=1024%2C683&ssl=1&resize=350%2C200","width":350,"height":200,"srcset":"https:\/\/i0.wp.com\/noticiasribeiraopreto.com.br\/wp-content\/uploads\/2024\/12\/yuri_2024-12-17_20-51-35_jpg_2024-12-17_20-51-35.webp.webp?fit=1024%2C683&ssl=1&resize=350%2C200 1x, https:\/\/i0.wp.com\/noticiasribeiraopreto.com.br\/wp-content\/uploads\/2024\/12\/yuri_2024-12-17_20-51-35_jpg_2024-12-17_20-51-35.webp.webp?fit=1024%2C683&ssl=1&resize=525%2C300 1.5x, https:\/\/i0.wp.com\/noticiasribeiraopreto.com.br\/wp-content\/uploads\/2024\/12\/yuri_2024-12-17_20-51-35_jpg_2024-12-17_20-51-35.webp.webp?fit=1024%2C683&ssl=1&resize=700%2C400 2x"},"classes":[]},{"id":70847,"url":"https:\/\/noticiasribeiraopreto.com.br\/index.php\/2025\/05\/30\/estudante-de-ribeirao-preto-representa-sp-na-etapa-internacional-do-parlamento-juvenil\/","url_meta":{"origin":80363,"position":2},"title":"Estudante de Ribeir\u00e3o Preto representa SP na etapa internacional do Parlamento Juvenil","author":"noticiasribeiraopreto.com.br","date":"30 de May de 2025","format":false,"excerpt":"Um estudante da rede estadual em Ribeir\u00e3o Preto ser\u00e1 o representantes do estado de S\u00e3o Paulo na etapa internacional do Parlamento Juvenil do Mercosul. Daniel Ant\u00f4nio Consolate de Sousa, aluno da escola estadual Doutor Jo\u00e3o Palma Gui\u00e3o, foi escolhido nesta quinta-feira (29), ap\u00f3s participa\u00e7\u00e3o na etapa nacional do Parlamento, em\u2026","rel":"","context":"In &quot;Not\u00edcias de Ribeir\u00e3o Preto-SP e Regi\u00e3o&quot;","block_context":{"text":"Not\u00edcias de Ribeir\u00e3o Preto-SP e Regi\u00e3o","link":"https:\/\/noticiasribeiraopreto.com.br\/index.php\/category\/noticias-de-ribeirao-preto-sp-e-regiao-ismael-colosi\/"},"img":{"alt_text":"","src":"https:\/\/i0.wp.com\/noticiasribeiraopreto.com.br\/wp-content\/uploads\/2025\/05\/daniel-e-feder_2025-05-30_12-43-40.webp.webp?fit=1200%2C799&ssl=1&resize=350%2C200","width":350,"height":200,"srcset":"https:\/\/i0.wp.com\/noticiasribeiraopreto.com.br\/wp-content\/uploads\/2025\/05\/daniel-e-feder_2025-05-30_12-43-40.webp.webp?fit=1200%2C799&ssl=1&resize=350%2C200 1x, https:\/\/i0.wp.com\/noticiasribeiraopreto.com.br\/wp-content\/uploads\/2025\/05\/daniel-e-feder_2025-05-30_12-43-40.webp.webp?fit=1200%2C799&ssl=1&resize=525%2C300 1.5x, https:\/\/i0.wp.com\/noticiasribeiraopreto.com.br\/wp-content\/uploads\/2025\/05\/daniel-e-feder_2025-05-30_12-43-40.webp.webp?fit=1200%2C799&ssl=1&resize=700%2C400 2x, https:\/\/i0.wp.com\/noticiasribeiraopreto.com.br\/wp-content\/uploads\/2025\/05\/daniel-e-feder_2025-05-30_12-43-40.webp.webp?fit=1200%2C799&ssl=1&resize=1050%2C600 3x"},"classes":[]},{"id":17257,"url":"https:\/\/noticiasribeiraopreto.com.br\/index.php\/2023\/12\/17\/meninos-cantores-voltam-ao-pinguim-3\/","url_meta":{"origin":80363,"position":3},"title":"Meninos Cantores voltam ao Pinguim\u00a0\u00a0","author":"noticiasribeiraopreto.com.br","date":"17 de December de 2023","format":false,"excerpt":"Sob a reg\u00eancia da maestrina Gisele Ganade e dos maestros Marcos Pinafo e Pedro Coelho, acompanhados por quarteto de cordas, pianistas, percussionistas, diversos instrumentistas e locutores convidados, os cantores dos corais infantil, pr\u00e9-juvenil e juvenil da Cia. Minaz se juntam para apresentar o t\u00e3o aguardado \u201cConcerto dos Meninos Cantores nas\u2026","rel":"","context":"In &quot;Not\u00edcias de Ribeir\u00e3o Preto-SP e Regi\u00e3o&quot;","block_context":{"text":"Not\u00edcias de Ribeir\u00e3o Preto-SP e Regi\u00e3o","link":"https:\/\/noticiasribeiraopreto.com.br\/index.php\/category\/noticias-de-ribeirao-preto-sp-e-regiao-ismael-colosi\/"},"img":{"alt_text":"","src":"https:\/\/i0.wp.com\/noticiasribeiraopreto.com.br\/wp-content\/uploads\/2023\/12\/Foto-concerto-%E2%80%93-Claudio-Frateschi-2-scaled.jpeg?fit=968%2C645&ssl=1&resize=350%2C200","width":350,"height":200,"srcset":"https:\/\/i0.wp.com\/noticiasribeiraopreto.com.br\/wp-content\/uploads\/2023\/12\/Foto-concerto-%E2%80%93-Claudio-Frateschi-2-scaled.jpeg?fit=968%2C645&ssl=1&resize=350%2C200 1x, https:\/\/i0.wp.com\/noticiasribeiraopreto.com.br\/wp-content\/uploads\/2023\/12\/Foto-concerto-%E2%80%93-Claudio-Frateschi-2-scaled.jpeg?fit=968%2C645&ssl=1&resize=525%2C300 1.5x, https:\/\/i0.wp.com\/noticiasribeiraopreto.com.br\/wp-content\/uploads\/2023\/12\/Foto-concerto-%E2%80%93-Claudio-Frateschi-2-scaled.jpeg?fit=968%2C645&ssl=1&resize=700%2C400 2x"},"classes":[]},{"id":60722,"url":"https:\/\/noticiasribeiraopreto.com.br\/index.php\/2024\/11\/23\/campeonato-internacional-de-tenis-de-ribeirao-recebe-brasileira-mais-jovem-no-ranking-profissional\/","url_meta":{"origin":80363,"position":4},"title":"Campeonato Internacional de T\u00eanis de Ribeir\u00e3o recebe brasileira mais jovem no ranking profissional","author":"noticiasribeiraopreto.com.br","date":"23 de November de 2024","format":false,"excerpt":"O Campeonato Internacional de T\u00eanis de Ribeir\u00e3o Preto receber\u00e1 uma das grandes promessas do t\u00eanis feminino brasileiro, a atleta Nauhany Silva, de apenas 14 anos. O evento come\u00e7a nesta segunda (25) e segue at\u00e9 o dia 1\u00ba de dezembro, no Ip\u00ea Golf Club. Saiba quem \u00e9 Nauhany Nauhany, conhecida como\u2026","rel":"","context":"In &quot;Not\u00edcias de Ribeir\u00e3o Preto-SP e Regi\u00e3o&quot;","block_context":{"text":"Not\u00edcias de Ribeir\u00e3o Preto-SP e Regi\u00e3o","link":"https:\/\/noticiasribeiraopreto.com.br\/index.php\/category\/noticias-de-ribeirao-preto-sp-e-regiao-ismael-colosi\/"},"img":{"alt_text":"","src":"https:\/\/i0.wp.com\/noticiasribeiraopreto.com.br\/wp-content\/uploads\/2024\/11\/luiza-candioto_2024-11-23_14-27-57_jpg_2024-11-23_14-27-57.webp.webp?fit=1200%2C800&ssl=1&resize=350%2C200","width":350,"height":200,"srcset":"https:\/\/i0.wp.com\/noticiasribeiraopreto.com.br\/wp-content\/uploads\/2024\/11\/luiza-candioto_2024-11-23_14-27-57_jpg_2024-11-23_14-27-57.webp.webp?fit=1200%2C800&ssl=1&resize=350%2C200 1x, https:\/\/i0.wp.com\/noticiasribeiraopreto.com.br\/wp-content\/uploads\/2024\/11\/luiza-candioto_2024-11-23_14-27-57_jpg_2024-11-23_14-27-57.webp.webp?fit=1200%2C800&ssl=1&resize=525%2C300 1.5x, https:\/\/i0.wp.com\/noticiasribeiraopreto.com.br\/wp-content\/uploads\/2024\/11\/luiza-candioto_2024-11-23_14-27-57_jpg_2024-11-23_14-27-57.webp.webp?fit=1200%2C800&ssl=1&resize=700%2C400 2x, https:\/\/i0.wp.com\/noticiasribeiraopreto.com.br\/wp-content\/uploads\/2024\/11\/luiza-candioto_2024-11-23_14-27-57_jpg_2024-11-23_14-27-57.webp.webp?fit=1200%2C800&ssl=1&resize=1050%2C600 3x"},"classes":[]},{"id":4556,"url":"https:\/\/noticiasribeiraopreto.com.br\/index.php\/2023\/11\/21\/atletas-de-ribeirao-preto-conquistam-cinco-medalhas-no-campeonato-brasileiro-de-karate\/","url_meta":{"origin":80363,"position":5},"title":"Atletas de Ribeir\u00e3o Preto conquistam cinco medalhas no Campeonato Brasileiro de Karate","author":"noticiasribeiraopreto.com.br","date":"21 de November de 2023","format":false,"excerpt":"Os atletas da delega\u00e7\u00e3o ribeir\u00e3o-pretana de karate encerraram sua participa\u00e7\u00e3o no Campeonato Brasileiro deste ano com cinco medalhas. O evento que \u00e9 organizado pela Confedera\u00e7\u00e3o Brasileira aconteceu entre os dias 15 e 19 de novembro, em S\u00e3o Bernardo do Campo (SP) e tr\u00eas atletas da cidade foram destaque nos resultados.\u2026","rel":"","context":"In &quot;Not\u00edcias de Ribeir\u00e3o Preto-SP e Regi\u00e3o&quot;","block_context":{"text":"Not\u00edcias de Ribeir\u00e3o Preto-SP e Regi\u00e3o","link":"https:\/\/noticiasribeiraopreto.com.br\/index.php\/category\/noticias-de-ribeirao-preto-sp-e-regiao-ismael-colosi\/"},"img":{"alt_text":"","src":"https:\/\/i0.wp.com\/noticiasribeiraopreto.com.br\/wp-content\/uploads\/2023\/11\/Design-sem-nome-10.png?fit=652%2C340&ssl=1&resize=350%2C200","width":350,"height":200,"srcset":"https:\/\/i0.wp.com\/noticiasribeiraopreto.com.br\/wp-content\/uploads\/2023\/11\/Design-sem-nome-10.png?fit=652%2C340&ssl=1&resize=350%2C200 1x, https:\/\/i0.wp.com\/noticiasribeiraopreto.com.br\/wp-content\/uploads\/2023\/11\/Design-sem-nome-10.png?fit=652%2C340&ssl=1&resize=525%2C300 1.5x"},"classes":[]}],"jetpack_sharing_enabled":true,"jetpack_shortlink":"https:\/\/wp.me\/peQAOb-kUb","_links":{"self":[{"href":"https:\/\/noticiasribeiraopreto.com.br\/index.php\/wp-json\/wp\/v2\/posts\/80363","targetHints":{"allow":["GET"]}}],"collection":[{"href":"https:\/\/noticiasribeiraopreto.com.br\/index.php\/wp-json\/wp\/v2\/posts"}],"about":[{"href":"https:\/\/noticiasribeiraopreto.com.br\/index.php\/wp-json\/wp\/v2\/types\/post"}],"author":[{"embeddable":true,"href":"https:\/\/noticiasribeiraopreto.com.br\/index.php\/wp-json\/wp\/v2\/users\/1"}],"replies":[{"embeddable":true,"href":"https:\/\/noticiasribeiraopreto.com.br\/index.php\/wp-json\/wp\/v2\/comments?post=80363"}],"version-history":[{"count":0,"href":"https:\/\/noticiasribeiraopreto.com.br\/index.php\/wp-json\/wp\/v2\/posts\/80363\/revisions"}],"wp:featuredmedia":[{"embeddable":true,"href":"https:\/\/noticiasribeiraopreto.com.br\/index.php\/wp-json\/wp\/v2\/media\/80364"}],"wp:attachment":[{"href":"https:\/\/noticiasribeiraopreto.com.br\/index.php\/wp-json\/wp\/v2\/media?parent=80363"}],"wp:term":[{"taxonomy":"category","embeddable":true,"href":"https:\/\/noticiasribeiraopreto.com.br\/index.php\/wp-json\/wp\/v2\/categories?post=80363"},{"taxonomy":"post_tag","embeddable":true,"href":"https:\/\/noticiasribeiraopreto.com.br\/index.php\/wp-json\/wp\/v2\/tags?post=80363"}],"curies":[{"name":"wp","href":"https:\/\/api.w.org\/{rel}","templated":true}]}}