{"id":80365,"date":"2025-11-20T16:11:04","date_gmt":"2025-11-20T19:11:04","guid":{"rendered":"https:\/\/noticiasribeiraopreto.com.br\/index.php\/2025\/11\/20\/gcm-prende-homem-apos-roubo-a-posto-de-combustiveis-em-ribeirao-preto\/"},"modified":"2025-11-20T16:11:04","modified_gmt":"2025-11-20T19:11:04","slug":"gcm-prende-homem-apos-roubo-a-posto-de-combustiveis-em-ribeirao-preto","status":"publish","type":"post","link":"https:\/\/noticiasribeiraopreto.com.br\/index.php\/2025\/11\/20\/gcm-prende-homem-apos-roubo-a-posto-de-combustiveis-em-ribeirao-preto\/","title":{"rendered":"GCM prende homem ap\u00f3s roubo a posto de combust\u00edveis em Ribeir\u00e3o Preto"},"content":{"rendered":"<div class='code-block code-block-1' style='margin: 8px 0 8px auto; text-align: right; display: block; clear: both;'>\n<p><a href=\"https:\/\/wa.link\/vpicfd\"><img data-recalc-dims=\"1\" class=\"wp-image-4922\" style=\"aspect-ratio: 2.0253164556962027; width: 561px; height: auto;\" src=\"https:\/\/i0.wp.com\/ismaelcolosi.com.br\/wp-content\/uploads\/2023\/11\/grupo-de-empregos-whatsapp-e-facebook-ismael-colosi-vagas.jpg?ssl=1\" alt=\"\" \/><\/a><\/p>\n<!-- \/wp:image -->\n<\/div>\n<p> <br \/>\n<\/p>\n<div data-td-block-uid=\"tdi_95\">\n<div class=\"tdb-block-inner td-fix-index\">\n<p>Um homem foi preso por agentes da <strong>Guarda Civil Municipal (GCM)<\/strong> suspeito de roubar a conveni\u00eancia de um posto de combust\u00edveis no cruzamento das avenidas Nove de Julho e Portugal, na Vila Seixas, em <strong>Ribeir\u00e3o Preto<\/strong>, na tarde desta quinta-feira (20).<\/p>\n<p>De acordo com a corpora\u00e7\u00e3o, por volta das 12h15, guardas da Ronda Ostensiva Municipal (Romu) patrulhavam a regi\u00e3o quando viram o suspeito correndo enquanto funcion\u00e1rios do estabelecimento pediam socorro.<\/p>\n<p>Aos agentes, <strong>as v\u00edtimas disseram que o suspeito entrou no local afirmando estar armado<\/strong> e anunciou o assalto a uma funcion\u00e1ria do caixa. <mark style=\"background-color:#fcb900\" class=\"has-inline-color\">Segundo as informa\u00e7\u00f5es, ele roubou R$ 182 em esp\u00e9cie, tr\u00eas chicletes e tr\u00eas ma\u00e7os de cigarro de palha.<\/mark><\/p>\n<p>Ap\u00f3s relatos dos funcion\u00e1rios, os guardas iniciaram a persegui\u00e7\u00e3o e alcan\u00e7aram o suspeito poucos metros \u00e0 frente. Na abordagem, <strong>encontraram nos bolsos do homem o dinheiro<\/strong>, <strong>os chicletes <\/strong>e os<strong> ma\u00e7os de cigarro<\/strong> levados do estabelecimento, confirmando o relato das v\u00edtimas.<\/p>\n<p>O suspeito foi encaminhado \u00e0 <strong>Central de Pol\u00edcia Judici\u00e1ria (CPJ) de Ribeir\u00e3o Preto<\/strong>, onde o delegado de plant\u00e3o confirmou a pris\u00e3o em flagrante pelo crime de roubo.<\/p>\n<hr class=\"wp-block-separator has-alpha-channel-opacity\"\/>\n<p>SAIBA MAIS<\/p>\n<p>Motorista morre ap\u00f3s colis\u00e3o com outro caminh\u00e3o na Anhanguera<\/p>\n<h2 class=\"wp-block-heading\"><strong>FIQUE ON<\/strong><\/h2>\n<p>Fique ligado em tudo que acontece em Ribeir\u00e3o Preto e regi\u00e3o. Siga os perfis do<strong>\u00a0acidade on\u00a0<\/strong>no<a href=\"https:\/\/www.instagram.com\/acidadeonribeirao\" target=\"_blank\" rel=\"noreferrer noopener\">\u00a0Instagram\u00a0<\/a>e no\u00a0<a href=\"https:\/\/www.facebook.com\/acidadeonribeirao\/\" target=\"_blank\" rel=\"noreferrer noopener\">Facebook<\/a>.<\/p>\n<p>Receba not\u00edcias do<strong>\u00a0acidade on<\/strong>\u00a0no WhatsApp. Para entrar no grupo,\u00a0basta\u00a0<a href=\"https:\/\/chat.whatsapp.com\/I4nieTEMKlf50pJ28aMemC?mode=ac_t\" target=\"_blank\" rel=\"noreferrer noopener\">clicar aqui<\/a>. Ou, acesse o nosso\u00a0Canal\u00a0<a href=\"https:\/\/whatsapp.com\/channel\/0029Vb6IQl1JENyAeS57fk2p\" target=\"_blank\" rel=\"noreferrer noopener\">clicando aqui<\/a>.<\/p>\n<p>Fa\u00e7a uma den\u00fancia ou sugira uma reportagem sobre Ribeir\u00e3o Preto e regi\u00e3o pelo WhatsApp: 16 99117 7802.<\/p>\n<p>VEJA TAMB\u00c9M<\/p>\n<p>Xbox expande chega ao Amazon Fire TV e TVs Smart LG<\/p>\n<p><!-- AI CONTENT END 1 -->\n<\/div>\n<\/div>\n<p><script async src=\"\/\/www.instagram.com\/embed.js\"><\/script><br \/>\n<br \/><br \/>\n<br \/><a href=\"https:\/\/www.acidadeon.com\/ribeiraopreto\/cotidiano\/gcm-prende-homem-apos-roubo-a-posto-de-combustiveis-em-ribeirao-preto\/\">Source link <\/a><\/p>\n<!-- CONTENT END 1 -->\n","protected":false},"excerpt":{"rendered":"<p>Um homem foi preso por agentes da Guarda Civil Municipal (GCM) suspeito de roubar a conveni\u00eancia de um posto de combust\u00edveis no cruzamento das avenidas&#8230;<\/p>\n","protected":false},"author":1,"featured_media":80366,"comment_status":"open","ping_status":"open","sticky":false,"template":"","format":"standard","meta":{"advanced_seo_description":"","jetpack_seo_html_title":"","jetpack_seo_noindex":false,"jetpack_post_was_ever_published":false,"_jetpack_newsletter_access":"","_jetpack_dont_email_post_to_subs":false,"_jetpack_newsletter_tier_id":0,"_jetpack_memberships_contains_paywalled_content":false,"_jetpack_memberships_contains_paid_content":false,"footnotes":"","jetpack_publicize_message":"","jetpack_publicize_feature_enabled":true,"jetpack_social_post_already_shared":true,"jetpack_social_options":{"image_generator_settings":{"template":"highway","default_image_id":0,"font":"","enabled":false},"version":2}},"categories":[11],"tags":[],"class_list":["post-80365","post","type-post","status-publish","format-standard","has-post-thumbnail","hentry","category-noticias-de-ribeirao-preto-sp-e-regiao-ismael-colosi"],"jetpack_publicize_connections":[],"jetpack_featured_media_url":"https:\/\/i0.wp.com\/noticiasribeiraopreto.com.br\/wp-content\/uploads\/2025\/11\/Copia-de-Copia-de-Copia-de-TAMANHO-EXATO-PARA-FOTOS-NO-SISTEMA-NOVO-2025-11-20T152615.778_2025-11-20_18-27-52.webp.webp?fit=1200%2C675&ssl=1","jetpack-related-posts":[{"id":82133,"url":"https:\/\/noticiasribeiraopreto.com.br\/index.php\/2026\/02\/05\/homem-e-preso-ao-tentar-furtar-fios-de-cobre-de-escola-em-ribeirao-preto\/","url_meta":{"origin":80365,"position":0},"title":"Homem \u00e9 preso ao tentar furtar fios de cobre de escola em Ribeir\u00e3o Preto","author":"noticiasribeiraopreto.com.br","date":"5 de February de 2026","format":false,"excerpt":"A GCM (Guarda Civil Municipal) prendeu, na manh\u00e3 desta quinta-feira (5), um homem suspeito de tentar furtar fios de cobre da EMEF Vereador Jos\u00e9 Delibo, localizada no bairro Castelo Branco Novo, zona Leste de Ribeir\u00e3o Preto. De acordo com a corpora\u00e7\u00e3o, as equipes foram acionadas via Cecom (Centro de Comunica\u00e7\u00f5es)\u2026","rel":"","context":"In &quot;Not\u00edcias de Ribeir\u00e3o Preto-SP e Regi\u00e3o&quot;","block_context":{"text":"Not\u00edcias de Ribeir\u00e3o Preto-SP e Regi\u00e3o","link":"https:\/\/noticiasribeiraopreto.com.br\/index.php\/category\/noticias-de-ribeirao-preto-sp-e-regiao-ismael-colosi\/"},"img":{"alt_text":"","src":"https:\/\/i0.wp.com\/noticiasribeiraopreto.com.br\/wp-content\/uploads\/2026\/02\/domingo-70_2026-02-05_10-28-25.webp.webp?fit=1200%2C675&ssl=1&resize=350%2C200","width":350,"height":200,"srcset":"https:\/\/i0.wp.com\/noticiasribeiraopreto.com.br\/wp-content\/uploads\/2026\/02\/domingo-70_2026-02-05_10-28-25.webp.webp?fit=1200%2C675&ssl=1&resize=350%2C200 1x, https:\/\/i0.wp.com\/noticiasribeiraopreto.com.br\/wp-content\/uploads\/2026\/02\/domingo-70_2026-02-05_10-28-25.webp.webp?fit=1200%2C675&ssl=1&resize=525%2C300 1.5x, https:\/\/i0.wp.com\/noticiasribeiraopreto.com.br\/wp-content\/uploads\/2026\/02\/domingo-70_2026-02-05_10-28-25.webp.webp?fit=1200%2C675&ssl=1&resize=700%2C400 2x, https:\/\/i0.wp.com\/noticiasribeiraopreto.com.br\/wp-content\/uploads\/2026\/02\/domingo-70_2026-02-05_10-28-25.webp.webp?fit=1200%2C675&ssl=1&resize=1050%2C600 3x"},"classes":[]},{"id":59971,"url":"https:\/\/noticiasribeiraopreto.com.br\/index.php\/2024\/11\/03\/homem-e-preso-apos-furto-em-unidade-de-saude-de-ribeirao-preto\/","url_meta":{"origin":80365,"position":1},"title":"Homem \u00e9 preso ap\u00f3s furto em unidade de sa\u00fade de Ribeir\u00e3o Preto","author":"noticiasribeiraopreto.com.br","date":"3 de November de 2024","format":false,"excerpt":"Um homem foi preso por agentes da GCM (Guarda Civil Municipal) durante um furto na UBS (Unidade B\u00e1sica de Sa\u00fade) do Jardim Jo\u00e3o Rossi, na zona Sul de Ribeir\u00e3o Preto. O caso aconteceu no \u00faltimo s\u00e1bado (2). De acordo com a GCM, o criminoso havia arrombado uma das portas que\u2026","rel":"","context":"In &quot;Not\u00edcias de Ribeir\u00e3o Preto-SP e Regi\u00e3o&quot;","block_context":{"text":"Not\u00edcias de Ribeir\u00e3o Preto-SP e Regi\u00e3o","link":"https:\/\/noticiasribeiraopreto.com.br\/index.php\/category\/noticias-de-ribeirao-preto-sp-e-regiao-ismael-colosi\/"},"img":{"alt_text":"","src":"https:\/\/i0.wp.com\/noticiasribeiraopreto.com.br\/wp-content\/uploads\/2024\/11\/ubs-joao-rossi_2024-11-03_14-19-40_jpeg_2024-11-03_14-19-42-scaled.webp.webp?fit=1200%2C900&ssl=1&resize=350%2C200","width":350,"height":200,"srcset":"https:\/\/i0.wp.com\/noticiasribeiraopreto.com.br\/wp-content\/uploads\/2024\/11\/ubs-joao-rossi_2024-11-03_14-19-40_jpeg_2024-11-03_14-19-42-scaled.webp.webp?fit=1200%2C900&ssl=1&resize=350%2C200 1x, https:\/\/i0.wp.com\/noticiasribeiraopreto.com.br\/wp-content\/uploads\/2024\/11\/ubs-joao-rossi_2024-11-03_14-19-40_jpeg_2024-11-03_14-19-42-scaled.webp.webp?fit=1200%2C900&ssl=1&resize=525%2C300 1.5x, https:\/\/i0.wp.com\/noticiasribeiraopreto.com.br\/wp-content\/uploads\/2024\/11\/ubs-joao-rossi_2024-11-03_14-19-40_jpeg_2024-11-03_14-19-42-scaled.webp.webp?fit=1200%2C900&ssl=1&resize=700%2C400 2x, https:\/\/i0.wp.com\/noticiasribeiraopreto.com.br\/wp-content\/uploads\/2024\/11\/ubs-joao-rossi_2024-11-03_14-19-40_jpeg_2024-11-03_14-19-42-scaled.webp.webp?fit=1200%2C900&ssl=1&resize=1050%2C600 3x"},"classes":[]},{"id":57644,"url":"https:\/\/noticiasribeiraopreto.com.br\/index.php\/2024\/09\/06\/mais-um-homem-e-preso-por-incendio-criminoso-na-regiao-de-ribeirao-preto\/","url_meta":{"origin":80365,"position":2},"title":"Mais um homem \u00e9 preso por inc\u00eandio criminoso na regi\u00e3o de Ribeir\u00e3o Preto","author":"noticiasribeiraopreto.com.br","date":"6 de September de 2024","format":false,"excerpt":"Um homem de 34 anos foi preso nesta quinta-feira (5) suspeito de atear fogo no mato em um terreno baldio de Franca, cidade a aproximadamente 80 quil\u00f4metros de Ribeir\u00e3o Preto. Outros dois suspeitos consegiram fugir. Em todo o\u00a0estado de S\u00e3o Paulo foram efetuadas 13 pris\u00f5es de suspeitos de inc\u00eandios criminosos,\u2026","rel":"","context":"In &quot;Not\u00edcias de Ribeir\u00e3o Preto-SP e Regi\u00e3o&quot;","block_context":{"text":"Not\u00edcias de Ribeir\u00e3o Preto-SP e Regi\u00e3o","link":"https:\/\/noticiasribeiraopreto.com.br\/index.php\/category\/noticias-de-ribeirao-preto-sp-e-regiao-ismael-colosi\/"},"img":{"alt_text":"","src":"https:\/\/i0.wp.com\/noticiasribeiraopreto.com.br\/wp-content\/uploads\/2024\/09\/WhatsApp-Image-2024-09-05-at-18.55.41_2024-09-06_11-23-47_jpeg_2024-09-06_11-23-47.webp.webp?fit=1200%2C900&ssl=1&resize=350%2C200","width":350,"height":200,"srcset":"https:\/\/i0.wp.com\/noticiasribeiraopreto.com.br\/wp-content\/uploads\/2024\/09\/WhatsApp-Image-2024-09-05-at-18.55.41_2024-09-06_11-23-47_jpeg_2024-09-06_11-23-47.webp.webp?fit=1200%2C900&ssl=1&resize=350%2C200 1x, https:\/\/i0.wp.com\/noticiasribeiraopreto.com.br\/wp-content\/uploads\/2024\/09\/WhatsApp-Image-2024-09-05-at-18.55.41_2024-09-06_11-23-47_jpeg_2024-09-06_11-23-47.webp.webp?fit=1200%2C900&ssl=1&resize=525%2C300 1.5x, https:\/\/i0.wp.com\/noticiasribeiraopreto.com.br\/wp-content\/uploads\/2024\/09\/WhatsApp-Image-2024-09-05-at-18.55.41_2024-09-06_11-23-47_jpeg_2024-09-06_11-23-47.webp.webp?fit=1200%2C900&ssl=1&resize=700%2C400 2x, https:\/\/i0.wp.com\/noticiasribeiraopreto.com.br\/wp-content\/uploads\/2024\/09\/WhatsApp-Image-2024-09-05-at-18.55.41_2024-09-06_11-23-47_jpeg_2024-09-06_11-23-47.webp.webp?fit=1200%2C900&ssl=1&resize=1050%2C600 3x"},"classes":[]},{"id":84127,"url":"https:\/\/noticiasribeiraopreto.com.br\/index.php\/2026\/04\/02\/trio-e-detido-por-furto-de-agua-em-ribeirao-preto\/","url_meta":{"origin":80365,"position":3},"title":"Trio \u00e9 detido por furto de \u00e1gua em Ribeir\u00e3o Preto","author":"noticiasribeiraopreto.com.br","date":"2 de April de 2026","format":false,"excerpt":"Ler o resumo da not\u00edcia GCM deteve tr\u00eas pessoas suspeitas de furto de \u00e1gua em Ribeir\u00e3o Preto. Os suspeitos foram presos em flagrante durante opera\u00e7\u00e3o da Guarda Civil Municipal. O furto de \u00e1gua \u00e9 crime previsto no C\u00f3digo Penal brasileiro. As investiga\u00e7\u00f5es continuam para identificar outros poss\u00edveis envolvimento no esquema.\u2026","rel":"","context":"In &quot;Not\u00edcias de Ribeir\u00e3o Preto-SP e Regi\u00e3o&quot;","block_context":{"text":"Not\u00edcias de Ribeir\u00e3o Preto-SP e Regi\u00e3o","link":"https:\/\/noticiasribeiraopreto.com.br\/index.php\/category\/noticias-de-ribeirao-preto-sp-e-regiao-ismael-colosi\/"},"img":{"alt_text":"","src":"https:\/\/i0.wp.com\/noticiasribeiraopreto.com.br\/wp-content\/uploads\/2026\/04\/WhatsApp-Image-2026-04-02-at-08.54.20_2026-04-02_13-27-30.webp.webp?fit=1200%2C900&ssl=1&resize=350%2C200","width":350,"height":200,"srcset":"https:\/\/i0.wp.com\/noticiasribeiraopreto.com.br\/wp-content\/uploads\/2026\/04\/WhatsApp-Image-2026-04-02-at-08.54.20_2026-04-02_13-27-30.webp.webp?fit=1200%2C900&ssl=1&resize=350%2C200 1x, https:\/\/i0.wp.com\/noticiasribeiraopreto.com.br\/wp-content\/uploads\/2026\/04\/WhatsApp-Image-2026-04-02-at-08.54.20_2026-04-02_13-27-30.webp.webp?fit=1200%2C900&ssl=1&resize=525%2C300 1.5x, https:\/\/i0.wp.com\/noticiasribeiraopreto.com.br\/wp-content\/uploads\/2026\/04\/WhatsApp-Image-2026-04-02-at-08.54.20_2026-04-02_13-27-30.webp.webp?fit=1200%2C900&ssl=1&resize=700%2C400 2x, https:\/\/i0.wp.com\/noticiasribeiraopreto.com.br\/wp-content\/uploads\/2026\/04\/WhatsApp-Image-2026-04-02-at-08.54.20_2026-04-02_13-27-30.webp.webp?fit=1200%2C900&ssl=1&resize=1050%2C600 3x"},"classes":[]},{"id":81159,"url":"https:\/\/noticiasribeiraopreto.com.br\/index.php\/2025\/12\/26\/filho-ameaca-pai-quebra-casa-e-acaba-preso-pela-gcm-em-ribeirao-preto\/","url_meta":{"origin":80365,"position":4},"title":"Filho amea\u00e7a pai, quebra casa e acaba preso pela GCM em Ribeir\u00e3o Preto","author":"noticiasribeiraopreto.com.br","date":"26 de December de 2025","format":false,"excerpt":"Um homem de 42 anos foi preso em flagrante pela Guarda Civil Municipal (GCM) de Ribeir\u00e3o Preto ap\u00f3s amea\u00e7ar o pai em uma resid\u00eancia na Vila Tib\u00e9rio, zona Oeste do munic\u00edpio, na tarde desta quinta-feira (25). De acordo com as informa\u00e7\u00f5es, o pr\u00f3prio pai do suspeito fez a den\u00fancia. O\u2026","rel":"","context":"In &quot;Not\u00edcias de Ribeir\u00e3o Preto-SP e Regi\u00e3o&quot;","block_context":{"text":"Not\u00edcias de Ribeir\u00e3o Preto-SP e Regi\u00e3o","link":"https:\/\/noticiasribeiraopreto.com.br\/index.php\/category\/noticias-de-ribeirao-preto-sp-e-regiao-ismael-colosi\/"},"img":{"alt_text":"","src":"https:\/\/i0.wp.com\/noticiasribeiraopreto.com.br\/wp-content\/uploads\/2025\/12\/domingo-41_2025-12-25_20-51-03.webp.webp?fit=1200%2C675&ssl=1&resize=350%2C200","width":350,"height":200,"srcset":"https:\/\/i0.wp.com\/noticiasribeiraopreto.com.br\/wp-content\/uploads\/2025\/12\/domingo-41_2025-12-25_20-51-03.webp.webp?fit=1200%2C675&ssl=1&resize=350%2C200 1x, https:\/\/i0.wp.com\/noticiasribeiraopreto.com.br\/wp-content\/uploads\/2025\/12\/domingo-41_2025-12-25_20-51-03.webp.webp?fit=1200%2C675&ssl=1&resize=525%2C300 1.5x, https:\/\/i0.wp.com\/noticiasribeiraopreto.com.br\/wp-content\/uploads\/2025\/12\/domingo-41_2025-12-25_20-51-03.webp.webp?fit=1200%2C675&ssl=1&resize=700%2C400 2x, https:\/\/i0.wp.com\/noticiasribeiraopreto.com.br\/wp-content\/uploads\/2025\/12\/domingo-41_2025-12-25_20-51-03.webp.webp?fit=1200%2C675&ssl=1&resize=1050%2C600 3x"},"classes":[]},{"id":81428,"url":"https:\/\/noticiasribeiraopreto.com.br\/index.php\/2026\/01\/06\/gcm-recupera-carga-avaliada-em-r-200-mil-apos-roubo-e-sequestro-em-fazenda\/","url_meta":{"origin":80365,"position":5},"title":"GCM recupera carga avaliada em R$ 200 mil ap\u00f3s roubo e sequestro em fazenda","author":"noticiasribeiraopreto.com.br","date":"6 de January de 2026","format":false,"excerpt":"A GCM (Guarda Civil Metropolitana) recuperou uma carga de herbicidas avaliada em aproximadamente R$ 200 mil, ap\u00f3s um roubo na tarde desta segunda-feira (5), em que um t\u00e9cnico agr\u00edcola foi levado como ref\u00e9m pelos criminosos, em uma fazenda na divisa de Cruz das Posses e Ribeir\u00e3o Preto. Segundo a corpora\u00e7\u00e3o,\u2026","rel":"","context":"In &quot;Not\u00edcias de Ribeir\u00e3o Preto-SP e Regi\u00e3o&quot;","block_context":{"text":"Not\u00edcias de Ribeir\u00e3o Preto-SP e Regi\u00e3o","link":"https:\/\/noticiasribeiraopreto.com.br\/index.php\/category\/noticias-de-ribeirao-preto-sp-e-regiao-ismael-colosi\/"},"img":{"alt_text":"","src":"https:\/\/i0.wp.com\/noticiasribeiraopreto.com.br\/wp-content\/uploads\/2026\/01\/WhatsApp-Image-2026-01-05-at-19.30.25_2026-01-06_09-30-45.webp.webp?fit=1200%2C900&ssl=1&resize=350%2C200","width":350,"height":200,"srcset":"https:\/\/i0.wp.com\/noticiasribeiraopreto.com.br\/wp-content\/uploads\/2026\/01\/WhatsApp-Image-2026-01-05-at-19.30.25_2026-01-06_09-30-45.webp.webp?fit=1200%2C900&ssl=1&resize=350%2C200 1x, https:\/\/i0.wp.com\/noticiasribeiraopreto.com.br\/wp-content\/uploads\/2026\/01\/WhatsApp-Image-2026-01-05-at-19.30.25_2026-01-06_09-30-45.webp.webp?fit=1200%2C900&ssl=1&resize=525%2C300 1.5x, https:\/\/i0.wp.com\/noticiasribeiraopreto.com.br\/wp-content\/uploads\/2026\/01\/WhatsApp-Image-2026-01-05-at-19.30.25_2026-01-06_09-30-45.webp.webp?fit=1200%2C900&ssl=1&resize=700%2C400 2x, https:\/\/i0.wp.com\/noticiasribeiraopreto.com.br\/wp-content\/uploads\/2026\/01\/WhatsApp-Image-2026-01-05-at-19.30.25_2026-01-06_09-30-45.webp.webp?fit=1200%2C900&ssl=1&resize=1050%2C600 3x"},"classes":[]}],"jetpack_sharing_enabled":true,"jetpack_shortlink":"https:\/\/wp.me\/peQAOb-kUd","_links":{"self":[{"href":"https:\/\/noticiasribeiraopreto.com.br\/index.php\/wp-json\/wp\/v2\/posts\/80365","targetHints":{"allow":["GET"]}}],"collection":[{"href":"https:\/\/noticiasribeiraopreto.com.br\/index.php\/wp-json\/wp\/v2\/posts"}],"about":[{"href":"https:\/\/noticiasribeiraopreto.com.br\/index.php\/wp-json\/wp\/v2\/types\/post"}],"author":[{"embeddable":true,"href":"https:\/\/noticiasribeiraopreto.com.br\/index.php\/wp-json\/wp\/v2\/users\/1"}],"replies":[{"embeddable":true,"href":"https:\/\/noticiasribeiraopreto.com.br\/index.php\/wp-json\/wp\/v2\/comments?post=80365"}],"version-history":[{"count":0,"href":"https:\/\/noticiasribeiraopreto.com.br\/index.php\/wp-json\/wp\/v2\/posts\/80365\/revisions"}],"wp:featuredmedia":[{"embeddable":true,"href":"https:\/\/noticiasribeiraopreto.com.br\/index.php\/wp-json\/wp\/v2\/media\/80366"}],"wp:attachment":[{"href":"https:\/\/noticiasribeiraopreto.com.br\/index.php\/wp-json\/wp\/v2\/media?parent=80365"}],"wp:term":[{"taxonomy":"category","embeddable":true,"href":"https:\/\/noticiasribeiraopreto.com.br\/index.php\/wp-json\/wp\/v2\/categories?post=80365"},{"taxonomy":"post_tag","embeddable":true,"href":"https:\/\/noticiasribeiraopreto.com.br\/index.php\/wp-json\/wp\/v2\/tags?post=80365"}],"curies":[{"name":"wp","href":"https:\/\/api.w.org\/{rel}","templated":true}]}}