{"id":80367,"date":"2025-11-20T16:18:55","date_gmt":"2025-11-20T19:18:55","guid":{"rendered":"https:\/\/noticiasribeiraopreto.com.br\/index.php\/2025\/11\/20\/motorista-morre-apos-colisao-com-outro-caminhao-na-anhanguera\/"},"modified":"2025-11-20T16:18:55","modified_gmt":"2025-11-20T19:18:55","slug":"motorista-morre-apos-colisao-com-outro-caminhao-na-anhanguera","status":"publish","type":"post","link":"https:\/\/noticiasribeiraopreto.com.br\/index.php\/2025\/11\/20\/motorista-morre-apos-colisao-com-outro-caminhao-na-anhanguera\/","title":{"rendered":"Motorista morre ap\u00f3s colis\u00e3o com outro caminh\u00e3o na Anhanguera"},"content":{"rendered":"<div class='code-block code-block-1' style='margin: 8px 0 8px auto; text-align: right; display: block; clear: both;'>\n<p><a href=\"https:\/\/wa.link\/vpicfd\"><img data-recalc-dims=\"1\" class=\"wp-image-4922\" style=\"aspect-ratio: 2.0253164556962027; width: 561px; height: auto;\" src=\"https:\/\/i0.wp.com\/ismaelcolosi.com.br\/wp-content\/uploads\/2023\/11\/grupo-de-empregos-whatsapp-e-facebook-ismael-colosi-vagas.jpg?ssl=1\" alt=\"\" \/><\/a><\/p>\n<!-- \/wp:image -->\n<\/div>\n<p> <br \/>\n<\/p>\n<div data-td-block-uid=\"tdi_95\">\n<div class=\"tdb-block-inner td-fix-index\">\n<p>Um caminhoneiro morreu na manh\u00e3 desta quinta-feira (20) ap\u00f3s bater na traseira de uma carreta parada no acostamento da <strong>rodovia Anhanguera<\/strong>, em <strong>Guar\u00e1<\/strong>, no <strong>interior de S\u00e3o Paulo<\/strong>. O acidente aconteceu por volta das 9h51, na altura do quil\u00f4metro 395.<\/p>\n<p>Segundo a concession\u00e1ria Entrevias, o caminh\u00e3o Mercedes-Benz seguia pela pista quando, por motivos ainda desconhecidos, atingiu a traseira de uma carreta Scania que estava estacionada no acostamento da al\u00e7a de acesso a um posto de combust\u00edveis.<\/p>\n<figure class=\"wp-block-image size-large\"><img data-recalc-dims=\"1\" fetchpriority=\"high\" decoding=\"async\" width=\"1024\" height=\"768\" src=\"https:\/\/i0.wp.com\/cdn.media-acidadeon.com.br\/ribeiraopreto\/wp-content\/uploads\/sites\/3\/2025\/11\/acidente-anhanguera-8_2025-11-20_18-06-03-1024x768.webp?resize=1024%2C768&#038;ssl=1\" alt=\"acidente anhanguera 8 2025 11 20 18 06 03\" class=\"wp-image-136575\" title=\"Motorista morre ap\u00f3s colis\u00e3o com outro caminh\u00e3o na Anhanguera 1\" srcset=\"https:\/\/cdn.media-acidadeon.com.br\/ribeiraopreto\/wp-content\/uploads\/sites\/3\/2025\/11\/acidente-anhanguera-8_2025-11-20_18-06-03-1024x768.webp 1024w, https:\/\/cdn.media-acidadeon.com.br\/ribeiraopreto\/wp-content\/uploads\/sites\/3\/2025\/11\/acidente-anhanguera-8_2025-11-20_18-06-03-300x225.webp 300w, https:\/\/cdn.media-acidadeon.com.br\/ribeiraopreto\/wp-content\/uploads\/sites\/3\/2025\/11\/acidente-anhanguera-8_2025-11-20_18-06-03-768x576.webp 768w, https:\/\/cdn.media-acidadeon.com.br\/ribeiraopreto\/wp-content\/uploads\/sites\/3\/2025\/11\/acidente-anhanguera-8_2025-11-20_18-06-03-696x522.webp 696w, https:\/\/cdn.media-acidadeon.com.br\/ribeiraopreto\/wp-content\/uploads\/sites\/3\/2025\/11\/acidente-anhanguera-8_2025-11-20_18-06-03-1068x801.webp 1068w, https:\/\/cdn.media-acidadeon.com.br\/ribeiraopreto\/wp-content\/uploads\/sites\/3\/2025\/11\/acidente-anhanguera-8_2025-11-20_18-06-03.webp 1200w\" sizes=\"(max-width: 1024px) 100vw, 1024px\"\/><figcaption class=\"wp-element-caption\">Acidente aconteceu na altura do km 395 da rodovia Anhanguera (Foto: divulga\u00e7\u00e3o\/CCI\/Artesp)<\/figcaption><\/figure>\n<p>Com o impacto, a frente da cabine ficou completamente destru\u00edda. Equipes da concession\u00e1ria, do Corpo de Bombeiros, da Pol\u00edcia Militar Rodovi\u00e1ria e a per\u00edcia foram acionadas.<\/p>\n<p>O motorista do caminh\u00e3o ficou preso nas ferragens e foi retirado. A carreta transportava 16 toneladas de achocolatado. O outro motorista n\u00e3o ficou ferido.<\/p>\n<p>A al\u00e7a de acesso onde a batida ocorreu ficou totalmente interditada. O acostamento do sentido norte tamb\u00e9m foi bloqueado. As causas do acidente ser\u00e3o investigadas.<\/p>\n<p>SAIBA MAIS<br \/>Dia da Consci\u00eancia Negra: conhe\u00e7a a nova gera\u00e7\u00e3o do cinema ribeir\u00e3o-pretano<\/p>\n<h2 class=\"wp-block-heading\"><strong>FIQUE ON<\/strong><\/h2>\n<p>Fique ligado em tudo que acontece em Ribeir\u00e3o Preto e regi\u00e3o. Siga os perfis do<strong>\u00a0acidade on\u00a0<\/strong>no<a href=\"https:\/\/www.instagram.com\/acidadeonribeirao\" target=\"_blank\" rel=\"noreferrer noopener\">\u00a0Instagram\u00a0<\/a>e no\u00a0<a href=\"https:\/\/www.facebook.com\/acidadeonribeirao\/\" target=\"_blank\" rel=\"noreferrer noopener\">Facebook<\/a>.<\/p>\n<p>Receba not\u00edcias do<strong>\u00a0acidade on<\/strong>\u00a0no WhatsApp. Para entrar no grupo,\u00a0basta\u00a0<a href=\"https:\/\/chat.whatsapp.com\/I4nieTEMKlf50pJ28aMemC?mode=ac_t\" target=\"_blank\" rel=\"noreferrer noopener\">clicar aqui<\/a>. Ou, acesse o nosso\u00a0Canal\u00a0<a href=\"https:\/\/whatsapp.com\/channel\/0029Vb6IQl1JENyAeS57fk2p\" target=\"_blank\" rel=\"noreferrer noopener\">clicando aqui<\/a>.<\/p>\n<p>Fa\u00e7a uma den\u00fancia ou sugira uma reportagem sobre Ribeir\u00e3o Preto e regi\u00e3o pelo WhatsApp: 16 99117 7802.<\/p>\n<p>VEJA TAMB\u00c9M<br \/>Vale a pena incluir o abacate na dieta?<\/p>\n<p><!-- AI CONTENT END 1 -->\n<\/div>\n<\/div>\n<p><script async src=\"\/\/www.instagram.com\/embed.js\"><\/script><br \/>\n<br \/><br \/>\n<br \/><a href=\"https:\/\/www.acidadeon.com\/ribeiraopreto\/cotidiano\/motorista-morre-apos-colisao-com-outro-caminhao-na-anhanguera\/\">Source link <\/a><\/p>\n<!-- CONTENT END 1 -->\n","protected":false},"excerpt":{"rendered":"<p>Um caminhoneiro morreu na manh\u00e3 desta quinta-feira (20) ap\u00f3s bater na traseira de uma carreta parada no acostamento da rodovia Anhanguera, em Guar\u00e1, no interior&#8230;<\/p>\n","protected":false},"author":1,"featured_media":80368,"comment_status":"open","ping_status":"open","sticky":false,"template":"","format":"standard","meta":{"advanced_seo_description":"","jetpack_seo_html_title":"","jetpack_seo_noindex":false,"jetpack_post_was_ever_published":false,"_jetpack_newsletter_access":"","_jetpack_dont_email_post_to_subs":false,"_jetpack_newsletter_tier_id":0,"_jetpack_memberships_contains_paywalled_content":false,"_jetpack_memberships_contains_paid_content":false,"footnotes":"","jetpack_publicize_message":"","jetpack_publicize_feature_enabled":true,"jetpack_social_post_already_shared":true,"jetpack_social_options":{"image_generator_settings":{"template":"highway","default_image_id":0,"font":"","enabled":false},"version":2}},"categories":[11],"tags":[],"class_list":["post-80367","post","type-post","status-publish","format-standard","has-post-thumbnail","hentry","category-noticias-de-ribeirao-preto-sp-e-regiao-ismael-colosi"],"jetpack_publicize_connections":[],"jetpack_featured_media_url":"https:\/\/i0.wp.com\/noticiasribeiraopreto.com.br\/wp-content\/uploads\/2025\/11\/acidente-anhanguera-7_2025-11-20_18-04-27.webp.webp?fit=1200%2C900&ssl=1","jetpack-related-posts":[{"id":84367,"url":"https:\/\/noticiasribeiraopreto.com.br\/index.php\/2026\/04\/08\/motorista-tem-apagao-carreta-desce-de-marcha-a-re-e-bate-em-caminhao-na-anhanguera\/","url_meta":{"origin":80367,"position":0},"title":"Motorista tem &#8216;apag\u00e3o&#8217;, carreta desce de marcha \u00e0 r\u00e9 e bate em caminh\u00e3o na Anhanguera","author":"noticiasribeiraopreto.com.br","date":"8 de April de 2026","format":false,"excerpt":"Ler o resumo da not\u00edcia Acidente occurred on quarta-feira (8) no km 366 da rodovia Anhanguera (SP-330), em Orl\u00e2ndia, a 50 km de Ribeir\u00e3o Preto. Motorista de carreta sofreu \"apag\u00e3o\" (mal s\u00fabito), ve\u00edculo desceu de marcha \u00e0 r\u00e9 e atingiu lateral de caminh\u00e3o com perec\u00edveis. Carreta tombou ap\u00f3s bater na\u2026","rel":"","context":"In &quot;Not\u00edcias de Ribeir\u00e3o Preto-SP e Regi\u00e3o&quot;","block_context":{"text":"Not\u00edcias de Ribeir\u00e3o Preto-SP e Regi\u00e3o","link":"https:\/\/noticiasribeiraopreto.com.br\/index.php\/category\/noticias-de-ribeirao-preto-sp-e-regiao-ismael-colosi\/"},"img":{"alt_text":"","src":"https:\/\/i0.wp.com\/noticiasribeiraopreto.com.br\/wp-content\/uploads\/2026\/04\/WhatsApp-Image-2026-04-08-at-12.20.46_2026-04-08_15-21-29.webp.webp?fit=1200%2C833&ssl=1&resize=350%2C200","width":350,"height":200,"srcset":"https:\/\/i0.wp.com\/noticiasribeiraopreto.com.br\/wp-content\/uploads\/2026\/04\/WhatsApp-Image-2026-04-08-at-12.20.46_2026-04-08_15-21-29.webp.webp?fit=1200%2C833&ssl=1&resize=350%2C200 1x, https:\/\/i0.wp.com\/noticiasribeiraopreto.com.br\/wp-content\/uploads\/2026\/04\/WhatsApp-Image-2026-04-08-at-12.20.46_2026-04-08_15-21-29.webp.webp?fit=1200%2C833&ssl=1&resize=525%2C300 1.5x, https:\/\/i0.wp.com\/noticiasribeiraopreto.com.br\/wp-content\/uploads\/2026\/04\/WhatsApp-Image-2026-04-08-at-12.20.46_2026-04-08_15-21-29.webp.webp?fit=1200%2C833&ssl=1&resize=700%2C400 2x, https:\/\/i0.wp.com\/noticiasribeiraopreto.com.br\/wp-content\/uploads\/2026\/04\/WhatsApp-Image-2026-04-08-at-12.20.46_2026-04-08_15-21-29.webp.webp?fit=1200%2C833&ssl=1&resize=1050%2C600 3x"},"classes":[]},{"id":71419,"url":"https:\/\/noticiasribeiraopreto.com.br\/index.php\/2025\/06\/05\/acidente-entre-carreta-e-caminhao-interdita-rodovia-anhanguera\/","url_meta":{"origin":80367,"position":1},"title":"Acidente entre carreta e caminh\u00e3o interdita rodovia Anhanguera","author":"noticiasribeiraopreto.com.br","date":"5 de June de 2025","format":false,"excerpt":"Na final da tarde desta quarta-feira (5), um acidente entre uma carreta e um caminh\u00e3o causa interdi\u00e7\u00e3o parcial na rodovia Anhanguera (SP-330), no km 339+209, sentido norte, em Jardin\u00f3polis, na regi\u00e3o de Ribeir\u00e3o Preto. Segundo informa\u00e7\u00f5es do Centro de Controle de Informa\u00e7\u00f5es da Artesp, a carreta colidiu na traseira do\u2026","rel":"","context":"In &quot;Not\u00edcias de Ribeir\u00e3o Preto-SP e Regi\u00e3o&quot;","block_context":{"text":"Not\u00edcias de Ribeir\u00e3o Preto-SP e Regi\u00e3o","link":"https:\/\/noticiasribeiraopreto.com.br\/index.php\/category\/noticias-de-ribeirao-preto-sp-e-regiao-ismael-colosi\/"},"img":{"alt_text":"","src":"https:\/\/i0.wp.com\/noticiasribeiraopreto.com.br\/wp-content\/uploads\/2025\/06\/Copia-de-Copia-de-Copia-de-TAMANHO-EXATO-PARA-FOTOS-NO-SISTEMA-NOVO-2025-06-05T180058.568_2025-06-05_21-01-14.webp.webp?fit=1200%2C675&ssl=1&resize=350%2C200","width":350,"height":200,"srcset":"https:\/\/i0.wp.com\/noticiasribeiraopreto.com.br\/wp-content\/uploads\/2025\/06\/Copia-de-Copia-de-Copia-de-TAMANHO-EXATO-PARA-FOTOS-NO-SISTEMA-NOVO-2025-06-05T180058.568_2025-06-05_21-01-14.webp.webp?fit=1200%2C675&ssl=1&resize=350%2C200 1x, https:\/\/i0.wp.com\/noticiasribeiraopreto.com.br\/wp-content\/uploads\/2025\/06\/Copia-de-Copia-de-Copia-de-TAMANHO-EXATO-PARA-FOTOS-NO-SISTEMA-NOVO-2025-06-05T180058.568_2025-06-05_21-01-14.webp.webp?fit=1200%2C675&ssl=1&resize=525%2C300 1.5x, https:\/\/i0.wp.com\/noticiasribeiraopreto.com.br\/wp-content\/uploads\/2025\/06\/Copia-de-Copia-de-Copia-de-TAMANHO-EXATO-PARA-FOTOS-NO-SISTEMA-NOVO-2025-06-05T180058.568_2025-06-05_21-01-14.webp.webp?fit=1200%2C675&ssl=1&resize=700%2C400 2x, https:\/\/i0.wp.com\/noticiasribeiraopreto.com.br\/wp-content\/uploads\/2025\/06\/Copia-de-Copia-de-Copia-de-TAMANHO-EXATO-PARA-FOTOS-NO-SISTEMA-NOVO-2025-06-05T180058.568_2025-06-05_21-01-14.webp.webp?fit=1200%2C675&ssl=1&resize=1050%2C600 3x"},"classes":[]},{"id":75994,"url":"https:\/\/noticiasribeiraopreto.com.br\/index.php\/2025\/08\/20\/acidente-envolve-tres-caminhoes-e-deixa-um-morto-na-anhanguera\/","url_meta":{"origin":80367,"position":2},"title":"Acidente envolve tr\u00eas caminh\u00f5es e deixa um morto na Anhanguera","author":"noticiasribeiraopreto.com.br","date":"20 de August de 2025","format":false,"excerpt":"Um acidente entre tr\u00eas caminh\u00f5es deixou um motorista morto e uma outra pessoa ferida na madrugada desta quarta-feira (20), no km 331+200 da rodovia Anhanguera (SP-330), em Jardin\u00f3polis, na regi\u00e3o de Ribeir\u00e3o Preto. Segundo informa\u00e7\u00f5es da Artesp (Ag\u00eancia de Transporte do Estado de S\u00e3o Paulo), por volta da 1h, uma\u2026","rel":"","context":"In &quot;Not\u00edcias de Ribeir\u00e3o Preto-SP e Regi\u00e3o&quot;","block_context":{"text":"Not\u00edcias de Ribeir\u00e3o Preto-SP e Regi\u00e3o","link":"https:\/\/noticiasribeiraopreto.com.br\/index.php\/category\/noticias-de-ribeirao-preto-sp-e-regiao-ismael-colosi\/"},"img":{"alt_text":"","src":"https:\/\/i0.wp.com\/noticiasribeiraopreto.com.br\/wp-content\/uploads\/2025\/08\/ACIDENTE_2025-08-20_09-42-06.webp.webp?fit=1200%2C760&ssl=1&resize=350%2C200","width":350,"height":200,"srcset":"https:\/\/i0.wp.com\/noticiasribeiraopreto.com.br\/wp-content\/uploads\/2025\/08\/ACIDENTE_2025-08-20_09-42-06.webp.webp?fit=1200%2C760&ssl=1&resize=350%2C200 1x, https:\/\/i0.wp.com\/noticiasribeiraopreto.com.br\/wp-content\/uploads\/2025\/08\/ACIDENTE_2025-08-20_09-42-06.webp.webp?fit=1200%2C760&ssl=1&resize=525%2C300 1.5x, https:\/\/i0.wp.com\/noticiasribeiraopreto.com.br\/wp-content\/uploads\/2025\/08\/ACIDENTE_2025-08-20_09-42-06.webp.webp?fit=1200%2C760&ssl=1&resize=700%2C400 2x, https:\/\/i0.wp.com\/noticiasribeiraopreto.com.br\/wp-content\/uploads\/2025\/08\/ACIDENTE_2025-08-20_09-42-06.webp.webp?fit=1200%2C760&ssl=1&resize=1050%2C600 3x"},"classes":[]},{"id":82336,"url":"https:\/\/noticiasribeiraopreto.com.br\/index.php\/2026\/02\/11\/incendio-em-caminhao-provoca-bloqueio-parcial-na-anhanguera-veja-fotos\/","url_meta":{"origin":80367,"position":3},"title":"Inc\u00eandio em caminh\u00e3o provoca bloqueio parcial na Anhanguera; Veja fotos","author":"noticiasribeiraopreto.com.br","date":"11 de February de 2026","format":false,"excerpt":"Um caminh\u00e3o pegou fogo na noite desta ter\u00e7a-feira (10) na rodovia Anhanguera (SP-330), na altura do km 323, em Ribeir\u00e3o Preto. Segundo o Centro de Controle Multimodal (CCM) da Artesp, o ve\u00edculo seguia pela faixa 2 da rodovia quando, por motivos ainda a serem esclarecidos, o motorista foi para o\u2026","rel":"","context":"In &quot;Not\u00edcias de Ribeir\u00e3o Preto-SP e Regi\u00e3o&quot;","block_context":{"text":"Not\u00edcias de Ribeir\u00e3o Preto-SP e Regi\u00e3o","link":"https:\/\/noticiasribeiraopreto.com.br\/index.php\/category\/noticias-de-ribeirao-preto-sp-e-regiao-ismael-colosi\/"},"img":{"alt_text":"","src":"https:\/\/i0.wp.com\/noticiasribeiraopreto.com.br\/wp-content\/uploads\/2026\/02\/download_2026-02-11_11-20-19.webp.webp?fit=1200%2C675&ssl=1&resize=350%2C200","width":350,"height":200,"srcset":"https:\/\/i0.wp.com\/noticiasribeiraopreto.com.br\/wp-content\/uploads\/2026\/02\/download_2026-02-11_11-20-19.webp.webp?fit=1200%2C675&ssl=1&resize=350%2C200 1x, https:\/\/i0.wp.com\/noticiasribeiraopreto.com.br\/wp-content\/uploads\/2026\/02\/download_2026-02-11_11-20-19.webp.webp?fit=1200%2C675&ssl=1&resize=525%2C300 1.5x, https:\/\/i0.wp.com\/noticiasribeiraopreto.com.br\/wp-content\/uploads\/2026\/02\/download_2026-02-11_11-20-19.webp.webp?fit=1200%2C675&ssl=1&resize=700%2C400 2x, https:\/\/i0.wp.com\/noticiasribeiraopreto.com.br\/wp-content\/uploads\/2026\/02\/download_2026-02-11_11-20-19.webp.webp?fit=1200%2C675&ssl=1&resize=1050%2C600 3x"},"classes":[]},{"id":84354,"url":"https:\/\/noticiasribeiraopreto.com.br\/index.php\/2026\/04\/08\/acidente-envolve-carreta-na-anhanguera-na-regiao-de-ribeirao-preto\/","url_meta":{"origin":80367,"position":4},"title":"Acidente envolve carreta na Anhanguera na regi\u00e3o de Ribeir\u00e3o Preto","author":"noticiasribeiraopreto.com.br","date":"8 de April de 2026","format":false,"excerpt":"Ler o resumo da not\u00edcia Acidente envolvendo uma carreta ocorreu na rodovia Anhanguera (SP-330), em Orl\u00e2ndia, a 50 km de Ribeir\u00e3o Preto, nesta quarta-feira (8). A carreta com um cont\u00eainer tombou na pista sentido norte (interior), e equipes da concession\u00e1ria Entrevias atuam no local. A rodovia ficou interdida por uma\u2026","rel":"","context":"In &quot;Not\u00edcias de Ribeir\u00e3o Preto-SP e Regi\u00e3o&quot;","block_context":{"text":"Not\u00edcias de Ribeir\u00e3o Preto-SP e Regi\u00e3o","link":"https:\/\/noticiasribeiraopreto.com.br\/index.php\/category\/noticias-de-ribeirao-preto-sp-e-regiao-ismael-colosi\/"},"img":{"alt_text":"","src":"https:\/\/i0.wp.com\/noticiasribeiraopreto.com.br\/wp-content\/uploads\/2026\/04\/WhatsApp-Image-2026-04-08-at-07.52.54_2026-04-08_11-04-57.webp.webp?fit=1200%2C900&ssl=1&resize=350%2C200","width":350,"height":200,"srcset":"https:\/\/i0.wp.com\/noticiasribeiraopreto.com.br\/wp-content\/uploads\/2026\/04\/WhatsApp-Image-2026-04-08-at-07.52.54_2026-04-08_11-04-57.webp.webp?fit=1200%2C900&ssl=1&resize=350%2C200 1x, https:\/\/i0.wp.com\/noticiasribeiraopreto.com.br\/wp-content\/uploads\/2026\/04\/WhatsApp-Image-2026-04-08-at-07.52.54_2026-04-08_11-04-57.webp.webp?fit=1200%2C900&ssl=1&resize=525%2C300 1.5x, https:\/\/i0.wp.com\/noticiasribeiraopreto.com.br\/wp-content\/uploads\/2026\/04\/WhatsApp-Image-2026-04-08-at-07.52.54_2026-04-08_11-04-57.webp.webp?fit=1200%2C900&ssl=1&resize=700%2C400 2x, https:\/\/i0.wp.com\/noticiasribeiraopreto.com.br\/wp-content\/uploads\/2026\/04\/WhatsApp-Image-2026-04-08-at-07.52.54_2026-04-08_11-04-57.webp.webp?fit=1200%2C900&ssl=1&resize=1050%2C600 3x"},"classes":[]},{"id":76463,"url":"https:\/\/noticiasribeiraopreto.com.br\/index.php\/2025\/08\/29\/motorista-de-caminhao-morre-ao-colidir-com-carreta-em-posto-na-anhanguera\/","url_meta":{"origin":80367,"position":5},"title":"Motorista de caminh\u00e3o morre ao colidir com carreta em posto na Anhanguera","author":"noticiasribeiraopreto.com.br","date":"29 de August de 2025","format":false,"excerpt":"O motorista de um caminh\u00e3o morreu na manh\u00e3 desta sexta-feira (29) na rodovia Anhanguera, na altura do quil\u00f4metro 286, em Cravinhos. O acidente aconteceu dentro de um posto de combust\u00edveis, onde dois caminh\u00f5es se chocaram. De acordo com o CCI (Centro de Controle de Informa\u00e7\u00f5es) da Artesp, o ve\u00edculo conduzido\u2026","rel":"","context":"In &quot;Not\u00edcias de Ribeir\u00e3o Preto-SP e Regi\u00e3o&quot;","block_context":{"text":"Not\u00edcias de Ribeir\u00e3o Preto-SP e Regi\u00e3o","link":"https:\/\/noticiasribeiraopreto.com.br\/index.php\/category\/noticias-de-ribeirao-preto-sp-e-regiao-ismael-colosi\/"},"img":{"alt_text":"","src":"https:\/\/i0.wp.com\/noticiasribeiraopreto.com.br\/wp-content\/uploads\/2025\/08\/caminhao-anhanguera_2025-08-29_15-07-50.webp.webp?fit=972%2C741&ssl=1&resize=350%2C200","width":350,"height":200,"srcset":"https:\/\/i0.wp.com\/noticiasribeiraopreto.com.br\/wp-content\/uploads\/2025\/08\/caminhao-anhanguera_2025-08-29_15-07-50.webp.webp?fit=972%2C741&ssl=1&resize=350%2C200 1x, https:\/\/i0.wp.com\/noticiasribeiraopreto.com.br\/wp-content\/uploads\/2025\/08\/caminhao-anhanguera_2025-08-29_15-07-50.webp.webp?fit=972%2C741&ssl=1&resize=525%2C300 1.5x, https:\/\/i0.wp.com\/noticiasribeiraopreto.com.br\/wp-content\/uploads\/2025\/08\/caminhao-anhanguera_2025-08-29_15-07-50.webp.webp?fit=972%2C741&ssl=1&resize=700%2C400 2x"},"classes":[]}],"jetpack_sharing_enabled":true,"jetpack_shortlink":"https:\/\/wp.me\/peQAOb-kUf","_links":{"self":[{"href":"https:\/\/noticiasribeiraopreto.com.br\/index.php\/wp-json\/wp\/v2\/posts\/80367","targetHints":{"allow":["GET"]}}],"collection":[{"href":"https:\/\/noticiasribeiraopreto.com.br\/index.php\/wp-json\/wp\/v2\/posts"}],"about":[{"href":"https:\/\/noticiasribeiraopreto.com.br\/index.php\/wp-json\/wp\/v2\/types\/post"}],"author":[{"embeddable":true,"href":"https:\/\/noticiasribeiraopreto.com.br\/index.php\/wp-json\/wp\/v2\/users\/1"}],"replies":[{"embeddable":true,"href":"https:\/\/noticiasribeiraopreto.com.br\/index.php\/wp-json\/wp\/v2\/comments?post=80367"}],"version-history":[{"count":0,"href":"https:\/\/noticiasribeiraopreto.com.br\/index.php\/wp-json\/wp\/v2\/posts\/80367\/revisions"}],"wp:featuredmedia":[{"embeddable":true,"href":"https:\/\/noticiasribeiraopreto.com.br\/index.php\/wp-json\/wp\/v2\/media\/80368"}],"wp:attachment":[{"href":"https:\/\/noticiasribeiraopreto.com.br\/index.php\/wp-json\/wp\/v2\/media?parent=80367"}],"wp:term":[{"taxonomy":"category","embeddable":true,"href":"https:\/\/noticiasribeiraopreto.com.br\/index.php\/wp-json\/wp\/v2\/categories?post=80367"},{"taxonomy":"post_tag","embeddable":true,"href":"https:\/\/noticiasribeiraopreto.com.br\/index.php\/wp-json\/wp\/v2\/tags?post=80367"}],"curies":[{"name":"wp","href":"https:\/\/api.w.org\/{rel}","templated":true}]}}