{"id":80369,"date":"2025-11-20T16:25:20","date_gmt":"2025-11-20T19:25:20","guid":{"rendered":"https:\/\/noticiasribeiraopreto.com.br\/index.php\/2025\/11\/20\/incendio-atinge-pavilhao-da-cop-30-veja-video\/"},"modified":"2025-11-20T16:25:20","modified_gmt":"2025-11-20T19:25:20","slug":"incendio-atinge-pavilhao-da-cop-30-veja-video","status":"publish","type":"post","link":"https:\/\/noticiasribeiraopreto.com.br\/index.php\/2025\/11\/20\/incendio-atinge-pavilhao-da-cop-30-veja-video\/","title":{"rendered":"Inc\u00eandio atinge pavilh\u00e3o da COP 30; Veja v\u00eddeo"},"content":{"rendered":"<div class='code-block code-block-1' style='margin: 8px 0 8px auto; text-align: right; display: block; clear: both;'>\n<p><a href=\"https:\/\/wa.link\/vpicfd\"><img data-recalc-dims=\"1\" class=\"wp-image-4922\" style=\"aspect-ratio: 2.0253164556962027; width: 561px; height: auto;\" src=\"https:\/\/i0.wp.com\/ismaelcolosi.com.br\/wp-content\/uploads\/2023\/11\/grupo-de-empregos-whatsapp-e-facebook-ismael-colosi-vagas.jpg?ssl=1\" alt=\"\" \/><\/a><\/p>\n<!-- \/wp:image -->\n<\/div>\n<p> <br \/>\n<\/p>\n<div data-td-block-uid=\"tdi_95\">\n<div class=\"tdb-block-inner td-fix-index\">\n<p>Um <strong>inc\u00eandio de grandes propor\u00e7\u00f5es<\/strong> foi registrado na tarde desta quinta-feira (20) em um dos pavilh\u00f5es onde est\u00e1 acontecendo a <strong>COP 30 (Confer\u00eancia do Clima)<\/strong>, em Bel\u00e9m-PA.<\/p>\n<p>De acordo com as<strong> informa\u00e7\u00f5es iniciais<\/strong>, as chamas atingiram espa\u00e7os da <strong>zona azul<\/strong>, chamada de Pavilh\u00e3o dos Pa\u00edses. A \u00e1rea \u00e9 a mesma que re\u00fanem os negociadores e ministros. Pessoas que estavam no local foram retiradas por ordem da seguran\u00e7a.<\/p>\n<p>Conforme as primeiras informa\u00e7\u00f5es do ministro do Turismo, Celso Sabino, o fogo teria come\u00e7ado na \u00e1rea da China. Segundo ele, as lonas do pavilh\u00e3o s\u00e3o anti-chamas, o que impediu a propaga\u00e7\u00e3o do fogo.\u00a0<\/p>\n<p>At\u00e9 o fechamento desse texto, <mark style=\"background-color:#fcb900\" class=\"has-inline-color\">n\u00e3o havia informa\u00e7\u00f5es sobre feridos e nem detalhes sobre a origem do inc\u00eandio.<\/mark><\/p>\n<p><em>*Com informa\u00e7\u00f5es da ag\u00eancia Brasil<\/em><\/p>\n<blockquote class=\"instagram-media\" data-instgrm-permalink=\"https:\/\/www.instagram.com\/reel\/DRSXBbajl0l\/?utm_source=ig_embed&amp;utm_campaign=loading\" data-instgrm-version=\"14\" style=\" background:#FFF; border:0; border-radius:3px; box-shadow:0 0 1px 0 rgba(0,0,0,0.5),0 1px 10px 0 rgba(0,0,0,0.15); margin: 1px; max-width:540px; min-width:326px; padding:0; width:99.375%; width:-webkit-calc(100% - 2px); width:calc(100% - 2px);\"\/>\n<hr class=\"wp-block-separator has-alpha-channel-opacity\"\/>\n<p>SAIBA MAIS<\/p>\n<p>Advogado diz onde mulher envolvida em roubo milion\u00e1rio pode estar<\/p>\n<p><strong>FIQUE ON<\/strong><\/p>\n<p>Fique ligado em tudo que acontece em Ribeir\u00e3o Preto e regi\u00e3o. Siga os perfis do<strong>\u00a0acidade on\u00a0<\/strong>no<a href=\"https:\/\/www.instagram.com\/acidadeonribeirao\" target=\"_blank\" rel=\"noreferrer noopener\">\u00a0Instagram\u00a0<\/a>e no\u00a0<a href=\"https:\/\/www.facebook.com\/acidadeonribeirao\/\" target=\"_blank\" rel=\"noreferrer noopener\">Facebook<\/a>.<\/p>\n<p>Receba not\u00edcias do<strong>\u00a0acidade on<\/strong>\u00a0no WhatsApp. Para entrar no grupo,\u00a0basta\u00a0<a href=\"https:\/\/chat.whatsapp.com\/I4nieTEMKlf50pJ28aMemC?mode=ac_t\" target=\"_blank\" rel=\"noreferrer noopener\">clicar aqui<\/a>. Ou, acesse o nosso\u00a0Canal\u00a0<a href=\"https:\/\/whatsapp.com\/channel\/0029Vb6IQl1JENyAeS57fk2p\" target=\"_blank\" rel=\"noreferrer noopener\">clicando aqui<\/a>.<\/p>\n<p>Fa\u00e7a uma den\u00fancia ou sugira uma reportagem sobre Ribeir\u00e3o Preto e regi\u00e3o pelo WhatsApp: 16 99117 7802.<\/p>\n<p>VEJA TAMB\u00c9M<br \/>Vale a pena incluir o abacate na dieta?<\/p>\n<p><!-- AI CONTENT END 1 -->\n<\/div>\n<\/div>\n<p><script async src=\"\/\/www.instagram.com\/embed.js\"><\/script><br \/>\n<br \/><br \/>\n<br \/><a href=\"https:\/\/www.acidadeon.com\/ribeiraopreto\/cotidiano\/incendio-atinge-pavilhao-da-cop-30-veja-video\/\">Source link <\/a><\/p>\n<!-- CONTENT END 1 -->\n","protected":false},"excerpt":{"rendered":"<p>Um inc\u00eandio de grandes propor\u00e7\u00f5es foi registrado na tarde desta quinta-feira (20) em um dos pavilh\u00f5es onde est\u00e1 acontecendo a COP 30 (Confer\u00eancia do Clima),&#8230;<\/p>\n","protected":false},"author":1,"featured_media":80370,"comment_status":"open","ping_status":"open","sticky":false,"template":"","format":"standard","meta":{"advanced_seo_description":"","jetpack_seo_html_title":"","jetpack_seo_noindex":false,"jetpack_post_was_ever_published":false,"_jetpack_newsletter_access":"","_jetpack_dont_email_post_to_subs":false,"_jetpack_newsletter_tier_id":0,"_jetpack_memberships_contains_paywalled_content":false,"_jetpack_memberships_contains_paid_content":false,"footnotes":"","jetpack_publicize_message":"","jetpack_publicize_feature_enabled":true,"jetpack_social_post_already_shared":true,"jetpack_social_options":{"image_generator_settings":{"template":"highway","default_image_id":0,"font":"","enabled":false},"version":2}},"categories":[11],"tags":[],"class_list":["post-80369","post","type-post","status-publish","format-standard","has-post-thumbnail","hentry","category-noticias-de-ribeirao-preto-sp-e-regiao-ismael-colosi"],"jetpack_publicize_connections":[],"jetpack_featured_media_url":"https:\/\/i0.wp.com\/noticiasribeiraopreto.com.br\/wp-content\/uploads\/2025\/11\/palace-60_2025-11-20_17-37-43.webp.webp?fit=1200%2C675&ssl=1","jetpack-related-posts":[{"id":84954,"url":"https:\/\/noticiasribeiraopreto.com.br\/index.php\/2026\/04\/18\/incendio-em-area-proxima-a-reciclaveis-assusta-moradores-da-zona-norte-de-ribeirao-video\/","url_meta":{"origin":80369,"position":0},"title":"Inc\u00eandio em \u00e1rea pr\u00f3xima a recicl\u00e1veis assusta moradores da zona Norte de Ribeir\u00e3o; V\u00eddeo","author":"noticiasribeiraopreto.com.br","date":"18 de April de 2026","format":false,"excerpt":"Ler o resumo da not\u00edcia \r Inc\u00eandio de grandes propor\u00e7\u00f5es ocorreu em terreno pr\u00f3ximo a dep\u00f3sito de recicl\u00e1veis no Parque Industrial Tanquinho, zona Norte de Ribeir\u00e3o Preto, na noite de 17\/04, \u00e0s 23h.\r As chamas se espalharam em cerca de 20 minutos, atingindo a fia\u00e7\u00e3o de um poste e a\u2026","rel":"","context":"In &quot;Not\u00edcias de Ribeir\u00e3o Preto-SP e Regi\u00e3o&quot;","block_context":{"text":"Not\u00edcias de Ribeir\u00e3o Preto-SP e Regi\u00e3o","link":"https:\/\/noticiasribeiraopreto.com.br\/index.php\/category\/noticias-de-ribeirao-preto-sp-e-regiao-ismael-colosi\/"},"img":{"alt_text":"","src":"https:\/\/i0.wp.com\/noticiasribeiraopreto.com.br\/wp-content\/uploads\/2026\/04\/palace-1_2026-04-18_13-49-55.webp.webp?fit=1200%2C675&ssl=1&resize=350%2C200","width":350,"height":200,"srcset":"https:\/\/i0.wp.com\/noticiasribeiraopreto.com.br\/wp-content\/uploads\/2026\/04\/palace-1_2026-04-18_13-49-55.webp.webp?fit=1200%2C675&ssl=1&resize=350%2C200 1x, https:\/\/i0.wp.com\/noticiasribeiraopreto.com.br\/wp-content\/uploads\/2026\/04\/palace-1_2026-04-18_13-49-55.webp.webp?fit=1200%2C675&ssl=1&resize=525%2C300 1.5x, https:\/\/i0.wp.com\/noticiasribeiraopreto.com.br\/wp-content\/uploads\/2026\/04\/palace-1_2026-04-18_13-49-55.webp.webp?fit=1200%2C675&ssl=1&resize=700%2C400 2x, https:\/\/i0.wp.com\/noticiasribeiraopreto.com.br\/wp-content\/uploads\/2026\/04\/palace-1_2026-04-18_13-49-55.webp.webp?fit=1200%2C675&ssl=1&resize=1050%2C600 3x"},"classes":[]},{"id":80378,"url":"https:\/\/noticiasribeiraopreto.com.br\/index.php\/2025\/11\/20\/estudante-de-ribeirao-preto-acompanha-incendio-na-cop30-e-registra-o-ocorrido-video\/","url_meta":{"origin":80369,"position":1},"title":"Estudante de Ribeir\u00e3o Preto acompanha inc\u00eandio na COP30 e registra o ocorrido; V\u00eddeo","author":"noticiasribeiraopreto.com.br","date":"20 de November de 2025","format":false,"excerpt":"A estudante de jornalismo Mirella Archangelo, de Ribeir\u00e3o Preto, que est\u00e1 em Bel\u00e9m-PA para uma cobertura especial da COP30, acompanhou de perto o foco de inc\u00eandio que atingiu uma \u00e1rea da confer\u00eancia na tarde desta quinta-feira (20) e assustou diversos participantes. Nas redes sociais, a jovem, que ficou conhecida como\u2026","rel":"","context":"In &quot;Not\u00edcias de Ribeir\u00e3o Preto-SP e Regi\u00e3o&quot;","block_context":{"text":"Not\u00edcias de Ribeir\u00e3o Preto-SP e Regi\u00e3o","link":"https:\/\/noticiasribeiraopreto.com.br\/index.php\/category\/noticias-de-ribeirao-preto-sp-e-regiao-ismael-colosi\/"},"img":{"alt_text":"","src":"https:\/\/i0.wp.com\/noticiasribeiraopreto.com.br\/wp-content\/uploads\/2025\/11\/Copia-de-Copia-de-Copia-de-TAMANHO-EXATO-PARA-FOTOS-NO-SISTEMA-NOVO-2025-11-20T163242.055_2025-11-20_19-32-52.webp.webp?fit=1200%2C675&ssl=1&resize=350%2C200","width":350,"height":200,"srcset":"https:\/\/i0.wp.com\/noticiasribeiraopreto.com.br\/wp-content\/uploads\/2025\/11\/Copia-de-Copia-de-Copia-de-TAMANHO-EXATO-PARA-FOTOS-NO-SISTEMA-NOVO-2025-11-20T163242.055_2025-11-20_19-32-52.webp.webp?fit=1200%2C675&ssl=1&resize=350%2C200 1x, https:\/\/i0.wp.com\/noticiasribeiraopreto.com.br\/wp-content\/uploads\/2025\/11\/Copia-de-Copia-de-Copia-de-TAMANHO-EXATO-PARA-FOTOS-NO-SISTEMA-NOVO-2025-11-20T163242.055_2025-11-20_19-32-52.webp.webp?fit=1200%2C675&ssl=1&resize=525%2C300 1.5x, https:\/\/i0.wp.com\/noticiasribeiraopreto.com.br\/wp-content\/uploads\/2025\/11\/Copia-de-Copia-de-Copia-de-TAMANHO-EXATO-PARA-FOTOS-NO-SISTEMA-NOVO-2025-11-20T163242.055_2025-11-20_19-32-52.webp.webp?fit=1200%2C675&ssl=1&resize=700%2C400 2x, https:\/\/i0.wp.com\/noticiasribeiraopreto.com.br\/wp-content\/uploads\/2025\/11\/Copia-de-Copia-de-Copia-de-TAMANHO-EXATO-PARA-FOTOS-NO-SISTEMA-NOVO-2025-11-20T163242.055_2025-11-20_19-32-52.webp.webp?fit=1200%2C675&ssl=1&resize=1050%2C600 3x"},"classes":[]},{"id":76969,"url":"https:\/\/noticiasribeiraopreto.com.br\/index.php\/2025\/09\/09\/incendio-de-grandes-proporcoes-fecha-estradas-na-regiao-de-ribeirao-preto\/","url_meta":{"origin":80369,"position":2},"title":"Inc\u00eandio de grandes propor\u00e7\u00f5es fecha estradas na regi\u00e3o de Ribeir\u00e3o Preto","author":"noticiasribeiraopreto.com.br","date":"9 de September de 2025","format":false,"excerpt":"Um inc\u00eandio de grandes propor\u00e7\u00f5es nesta ter\u00e7a-feira (9) causa bloqueios em estradas de Ipu\u00e3, a 100 quil\u00f4metros de Ribeir\u00e3o Preto. Segundo informa\u00e7\u00f5es da Defesa Civil do munic\u00edpio, por causa da fuma\u00e7a do fogo que atinge a \u00e1rea rural, h\u00e1 interdi\u00e7\u00f5es no Anel Vi\u00e1rio e nas vicinais que ligam Ipu\u00e3 a\u2026","rel":"","context":"In &quot;Not\u00edcias de Ribeir\u00e3o Preto-SP e Regi\u00e3o&quot;","block_context":{"text":"Not\u00edcias de Ribeir\u00e3o Preto-SP e Regi\u00e3o","link":"https:\/\/noticiasribeiraopreto.com.br\/index.php\/category\/noticias-de-ribeirao-preto-sp-e-regiao-ismael-colosi\/"},"img":{"alt_text":"","src":"https:\/\/i0.wp.com\/noticiasribeiraopreto.com.br\/wp-content\/uploads\/2025\/09\/ESTRADAS_2025-09-09_16-10-21.webp.webp?fit=1200%2C667&ssl=1&resize=350%2C200","width":350,"height":200,"srcset":"https:\/\/i0.wp.com\/noticiasribeiraopreto.com.br\/wp-content\/uploads\/2025\/09\/ESTRADAS_2025-09-09_16-10-21.webp.webp?fit=1200%2C667&ssl=1&resize=350%2C200 1x, https:\/\/i0.wp.com\/noticiasribeiraopreto.com.br\/wp-content\/uploads\/2025\/09\/ESTRADAS_2025-09-09_16-10-21.webp.webp?fit=1200%2C667&ssl=1&resize=525%2C300 1.5x, https:\/\/i0.wp.com\/noticiasribeiraopreto.com.br\/wp-content\/uploads\/2025\/09\/ESTRADAS_2025-09-09_16-10-21.webp.webp?fit=1200%2C667&ssl=1&resize=700%2C400 2x, https:\/\/i0.wp.com\/noticiasribeiraopreto.com.br\/wp-content\/uploads\/2025\/09\/ESTRADAS_2025-09-09_16-10-21.webp.webp?fit=1200%2C667&ssl=1&resize=1050%2C600 3x"},"classes":[]},{"id":77347,"url":"https:\/\/noticiasribeiraopreto.com.br\/index.php\/2025\/09\/16\/incendio-de-grandes-proporcoes-atinge-acampamento-no-interior-de-sp-veja-video\/","url_meta":{"origin":80369,"position":3},"title":"Inc\u00eandio de grandes propor\u00e7\u00f5es atinge acampamento no interior de SP; Veja v\u00eddeo","author":"noticiasribeiraopreto.com.br","date":"16 de September de 2025","format":false,"excerpt":"Um inc\u00eandio de grandes propor\u00e7\u00f5es atingiu uma \u00e1rea de acampamento em Col\u00f4mbia, cidade localizada a 165 km de Ribeir\u00e3o Preto, na manh\u00e3 desta ter\u00e7a-feira (16). Durante o combate as chamas, um agente da Defesa Civil precisou intervir para retirar uma mulher do local, que tentou salvar uma cria\u00e7\u00e3o de galinhas\u2026","rel":"","context":"In &quot;Not\u00edcias de Ribeir\u00e3o Preto-SP e Regi\u00e3o&quot;","block_context":{"text":"Not\u00edcias de Ribeir\u00e3o Preto-SP e Regi\u00e3o","link":"https:\/\/noticiasribeiraopreto.com.br\/index.php\/category\/noticias-de-ribeirao-preto-sp-e-regiao-ismael-colosi\/"},"img":{"alt_text":"","src":"https:\/\/i0.wp.com\/noticiasribeiraopreto.com.br\/wp-content\/uploads\/2025\/09\/Copia-de-Copia-de-Copia-de-TAMANHO-EXATO-PARA-FOTOS-NO-SISTEMA-NOVO-2025-09-16T173106.468_2025-09-16_20-31-11.webp.webp?fit=1200%2C675&ssl=1&resize=350%2C200","width":350,"height":200,"srcset":"https:\/\/i0.wp.com\/noticiasribeiraopreto.com.br\/wp-content\/uploads\/2025\/09\/Copia-de-Copia-de-Copia-de-TAMANHO-EXATO-PARA-FOTOS-NO-SISTEMA-NOVO-2025-09-16T173106.468_2025-09-16_20-31-11.webp.webp?fit=1200%2C675&ssl=1&resize=350%2C200 1x, https:\/\/i0.wp.com\/noticiasribeiraopreto.com.br\/wp-content\/uploads\/2025\/09\/Copia-de-Copia-de-Copia-de-TAMANHO-EXATO-PARA-FOTOS-NO-SISTEMA-NOVO-2025-09-16T173106.468_2025-09-16_20-31-11.webp.webp?fit=1200%2C675&ssl=1&resize=525%2C300 1.5x, https:\/\/i0.wp.com\/noticiasribeiraopreto.com.br\/wp-content\/uploads\/2025\/09\/Copia-de-Copia-de-Copia-de-TAMANHO-EXATO-PARA-FOTOS-NO-SISTEMA-NOVO-2025-09-16T173106.468_2025-09-16_20-31-11.webp.webp?fit=1200%2C675&ssl=1&resize=700%2C400 2x, https:\/\/i0.wp.com\/noticiasribeiraopreto.com.br\/wp-content\/uploads\/2025\/09\/Copia-de-Copia-de-Copia-de-TAMANHO-EXATO-PARA-FOTOS-NO-SISTEMA-NOVO-2025-09-16T173106.468_2025-09-16_20-31-11.webp.webp?fit=1200%2C675&ssl=1&resize=1050%2C600 3x"},"classes":[]},{"id":81116,"url":"https:\/\/noticiasribeiraopreto.com.br\/index.php\/2025\/12\/24\/incendio-atinge-carrinho-de-milho-na-praca-xv-em-ribeirao-preto-veja-video\/","url_meta":{"origin":80369,"position":4},"title":"Inc\u00eandio atinge carrinho de milho na Pra\u00e7a XV em Ribeir\u00e3o Preto; Veja v\u00eddeo","author":"noticiasribeiraopreto.com.br","date":"24 de December de 2025","format":false,"excerpt":"Um inc\u00eandio atingiu um carrinho de milho na Pra\u00e7a XV de Novembro, no Centro de Ribeir\u00e3o Preto, na tarde desta ter\u00e7a-feira (23). Imagens que circulam nas redes sociais mostram as chamas consumindo o equipamento \u2013 veja o v\u00eddeo abaixo. O Corpo de Bombeiros foi acionado para atender a ocorr\u00eancia. Antes\u2026","rel":"","context":"In &quot;Not\u00edcias de Ribeir\u00e3o Preto-SP e Regi\u00e3o&quot;","block_context":{"text":"Not\u00edcias de Ribeir\u00e3o Preto-SP e Regi\u00e3o","link":"https:\/\/noticiasribeiraopreto.com.br\/index.php\/category\/noticias-de-ribeirao-preto-sp-e-regiao-ismael-colosi\/"},"img":{"alt_text":"","src":"https:\/\/i0.wp.com\/noticiasribeiraopreto.com.br\/wp-content\/uploads\/2025\/12\/domingo-26_2025-12-23_16-40-52.webp.webp?fit=1200%2C675&ssl=1&resize=350%2C200","width":350,"height":200,"srcset":"https:\/\/i0.wp.com\/noticiasribeiraopreto.com.br\/wp-content\/uploads\/2025\/12\/domingo-26_2025-12-23_16-40-52.webp.webp?fit=1200%2C675&ssl=1&resize=350%2C200 1x, https:\/\/i0.wp.com\/noticiasribeiraopreto.com.br\/wp-content\/uploads\/2025\/12\/domingo-26_2025-12-23_16-40-52.webp.webp?fit=1200%2C675&ssl=1&resize=525%2C300 1.5x, https:\/\/i0.wp.com\/noticiasribeiraopreto.com.br\/wp-content\/uploads\/2025\/12\/domingo-26_2025-12-23_16-40-52.webp.webp?fit=1200%2C675&ssl=1&resize=700%2C400 2x, https:\/\/i0.wp.com\/noticiasribeiraopreto.com.br\/wp-content\/uploads\/2025\/12\/domingo-26_2025-12-23_16-40-52.webp.webp?fit=1200%2C675&ssl=1&resize=1050%2C600 3x"},"classes":[]},{"id":80978,"url":"https:\/\/noticiasribeiraopreto.com.br\/index.php\/2025\/12\/19\/incendio-mobiliza-bombeiros-em-posto-do-hemocentro-de-ribeirao-preto-video\/","url_meta":{"origin":80369,"position":5},"title":"Inc\u00eandio mobiliza Bombeiros em posto do Hemocentro de Ribeir\u00e3o Preto; V\u00eddeo","author":"noticiasribeiraopreto.com.br","date":"19 de December de 2025","format":false,"excerpt":"Um inc\u00eandio mobiliza equipes do Corpo de Bombeiros nesta quinta-feira (18), no posto de coleta do Hemocentro, na rua Quintino Bocai\u00fava, regi\u00e3o central de Ribeir\u00e3o Preto. Segundo as primeiras informa\u00e7\u00f5es da assessoria de imprensa, o fogo atingiu um ar-condicionado, na sala de um m\u00e9dico, e um t\u00e9cnico que trabalhava no\u2026","rel":"","context":"In &quot;Not\u00edcias de Ribeir\u00e3o Preto-SP e Regi\u00e3o&quot;","block_context":{"text":"Not\u00edcias de Ribeir\u00e3o Preto-SP e Regi\u00e3o","link":"https:\/\/noticiasribeiraopreto.com.br\/index.php\/category\/noticias-de-ribeirao-preto-sp-e-regiao-ismael-colosi\/"},"img":{"alt_text":"","src":"https:\/\/i0.wp.com\/noticiasribeiraopreto.com.br\/wp-content\/uploads\/2025\/12\/incendio_2025-12-18_15-24-19.webp.webp?fit=1200%2C715&ssl=1&resize=350%2C200","width":350,"height":200,"srcset":"https:\/\/i0.wp.com\/noticiasribeiraopreto.com.br\/wp-content\/uploads\/2025\/12\/incendio_2025-12-18_15-24-19.webp.webp?fit=1200%2C715&ssl=1&resize=350%2C200 1x, https:\/\/i0.wp.com\/noticiasribeiraopreto.com.br\/wp-content\/uploads\/2025\/12\/incendio_2025-12-18_15-24-19.webp.webp?fit=1200%2C715&ssl=1&resize=525%2C300 1.5x, https:\/\/i0.wp.com\/noticiasribeiraopreto.com.br\/wp-content\/uploads\/2025\/12\/incendio_2025-12-18_15-24-19.webp.webp?fit=1200%2C715&ssl=1&resize=700%2C400 2x, https:\/\/i0.wp.com\/noticiasribeiraopreto.com.br\/wp-content\/uploads\/2025\/12\/incendio_2025-12-18_15-24-19.webp.webp?fit=1200%2C715&ssl=1&resize=1050%2C600 3x"},"classes":[]}],"jetpack_sharing_enabled":true,"jetpack_shortlink":"https:\/\/wp.me\/peQAOb-kUh","_links":{"self":[{"href":"https:\/\/noticiasribeiraopreto.com.br\/index.php\/wp-json\/wp\/v2\/posts\/80369","targetHints":{"allow":["GET"]}}],"collection":[{"href":"https:\/\/noticiasribeiraopreto.com.br\/index.php\/wp-json\/wp\/v2\/posts"}],"about":[{"href":"https:\/\/noticiasribeiraopreto.com.br\/index.php\/wp-json\/wp\/v2\/types\/post"}],"author":[{"embeddable":true,"href":"https:\/\/noticiasribeiraopreto.com.br\/index.php\/wp-json\/wp\/v2\/users\/1"}],"replies":[{"embeddable":true,"href":"https:\/\/noticiasribeiraopreto.com.br\/index.php\/wp-json\/wp\/v2\/comments?post=80369"}],"version-history":[{"count":0,"href":"https:\/\/noticiasribeiraopreto.com.br\/index.php\/wp-json\/wp\/v2\/posts\/80369\/revisions"}],"wp:featuredmedia":[{"embeddable":true,"href":"https:\/\/noticiasribeiraopreto.com.br\/index.php\/wp-json\/wp\/v2\/media\/80370"}],"wp:attachment":[{"href":"https:\/\/noticiasribeiraopreto.com.br\/index.php\/wp-json\/wp\/v2\/media?parent=80369"}],"wp:term":[{"taxonomy":"category","embeddable":true,"href":"https:\/\/noticiasribeiraopreto.com.br\/index.php\/wp-json\/wp\/v2\/categories?post=80369"},{"taxonomy":"post_tag","embeddable":true,"href":"https:\/\/noticiasribeiraopreto.com.br\/index.php\/wp-json\/wp\/v2\/tags?post=80369"}],"curies":[{"name":"wp","href":"https:\/\/api.w.org\/{rel}","templated":true}]}}