{"id":80371,"date":"2025-11-20T16:31:54","date_gmt":"2025-11-20T19:31:54","guid":{"rendered":"https:\/\/noticiasribeiraopreto.com.br\/index.php\/2025\/11\/20\/advogado-diz-onde-mulher-envolvida-em-roubo-milionario-pode-estar\/"},"modified":"2025-11-20T16:31:54","modified_gmt":"2025-11-20T19:31:54","slug":"advogado-diz-onde-mulher-envolvida-em-roubo-milionario-pode-estar","status":"publish","type":"post","link":"https:\/\/noticiasribeiraopreto.com.br\/index.php\/2025\/11\/20\/advogado-diz-onde-mulher-envolvida-em-roubo-milionario-pode-estar\/","title":{"rendered":"Advogado diz onde mulher envolvida em roubo milion\u00e1rio pode estar"},"content":{"rendered":"<div class='code-block code-block-1' style='margin: 8px 0 8px auto; text-align: right; display: block; clear: both;'>\n<p><a href=\"https:\/\/wa.link\/vpicfd\"><img data-recalc-dims=\"1\" class=\"wp-image-4922\" style=\"aspect-ratio: 2.0253164556962027; width: 561px; height: auto;\" src=\"https:\/\/i0.wp.com\/ismaelcolosi.com.br\/wp-content\/uploads\/2023\/11\/grupo-de-empregos-whatsapp-e-facebook-ismael-colosi-vagas.jpg?ssl=1\" alt=\"\" \/><\/a><\/p>\n<!-- \/wp:image -->\n<\/div>\n<p> <br \/>\n<\/p>\n<div>\n<p>O advogado de <strong>J\u00falia Moretti de Paula<\/strong>, apontada de ser uma das mandantes do roubo milion\u00e1rio em um pr\u00e9dio no Centro de <strong>Ribeir\u00e3o Preto<\/strong>, no \u00faltimo m\u00eas de setembro, disse que ela estaria na fronteira do Brasil com o Paraguai.<\/p>\n<p>O advogado Jos\u00e9 M\u00e1rcio Mantello afirma em entrevista \u00e0 <strong>EPTV <\/strong>que foi procurado pela fam\u00edlia de J\u00falia Moretti h\u00e1 uma semana para atuar no caso.<\/p>\n<p>\u201cEla ainda n\u00e3o informou o local em que est\u00e1. Pelo o que ela falou, ela estaria perto da fronteira. N\u00e3o sei se do Brasil com o Paraguai, mas provavelmente deve ser e, ela quis se inteirar de como est\u00e1 a situa\u00e7\u00e3o, porque ela quer se apresentar, porque ela quer dar a vers\u00e3o dela. Ela est\u00e1 tendo a chance de fugir do pa\u00eds e, no entanto, ela quer voltar para a cidade de origem dela, que \u00e9 Ara\u00e7atuba\u201d, disse.<\/p>\n<p>O advogado ainda afirma que J\u00falia teria ficado sem o dinheiro roubado e que ela disse que teria sido coagida a participar do crime. Contudo, a pol\u00edcia afirma que ela foi sim uma das mandantes do roubo.<\/p>\n<figure class=\"wp-block-image size-large\"><img data-recalc-dims=\"1\" fetchpriority=\"high\" decoding=\"async\" width=\"1024\" height=\"649\" src=\"https:\/\/i0.wp.com\/cdn.media-acidadeon.com.br\/ribeiraopreto\/wp-content\/uploads\/sites\/3\/2025\/09\/ROUBO-NO-ELEVADOR_2025-09-24_16-55-06-1024x649.webp?resize=1024%2C649&#038;ssl=1\" alt=\"Alguns criminosos utilizavam perucas durante o assalto (Foto: reprodu\u00e7\u00e3o\/EPTV)\" class=\"wp-image-130207\" title=\"Advogado diz onde mulher envolvida em roubo milion\u00e1rio pode estar 1\" srcset=\"https:\/\/cdn.media-acidadeon.com.br\/ribeiraopreto\/wp-content\/uploads\/sites\/3\/2025\/09\/ROUBO-NO-ELEVADOR_2025-09-24_16-55-06-1024x649.webp 1024w, https:\/\/cdn.media-acidadeon.com.br\/ribeiraopreto\/wp-content\/uploads\/sites\/3\/2025\/09\/ROUBO-NO-ELEVADOR_2025-09-24_16-55-06-300x190.webp 300w, https:\/\/cdn.media-acidadeon.com.br\/ribeiraopreto\/wp-content\/uploads\/sites\/3\/2025\/09\/ROUBO-NO-ELEVADOR_2025-09-24_16-55-06-768x486.webp 768w, https:\/\/cdn.media-acidadeon.com.br\/ribeiraopreto\/wp-content\/uploads\/sites\/3\/2025\/09\/ROUBO-NO-ELEVADOR_2025-09-24_16-55-06-696x441.webp 696w, https:\/\/cdn.media-acidadeon.com.br\/ribeiraopreto\/wp-content\/uploads\/sites\/3\/2025\/09\/ROUBO-NO-ELEVADOR_2025-09-24_16-55-06-1068x676.webp 1068w, https:\/\/cdn.media-acidadeon.com.br\/ribeiraopreto\/wp-content\/uploads\/sites\/3\/2025\/09\/ROUBO-NO-ELEVADOR_2025-09-24_16-55-06.webp 1200w\" sizes=\"(max-width: 1024px) 100vw, 1024px\"\/><figcaption class=\"wp-element-caption\">Alguns criminosos utilizavam perucas durante o assalto (Foto: reprodu\u00e7\u00e3o\/EPTV)<\/figcaption><\/figure>\n<h2 class=\"wp-block-heading\"><strong>O roubo<\/strong><\/h2>\n<p>J\u00falia Moretti de Paula aparece nas imagens do assalto no elevador acompanhada de um homem disfar\u00e7ado de mulher, sem esconder o rosto.<\/p>\n<p>Segundo a pol\u00edcia, ela atuava como garota de programa e conheceu um integrante da quadrilha em uma viagem ao litoral paulista e foi convidada a participar do esquema.<\/p>\n<p>A investiga\u00e7\u00e3o aponta que J\u00falia ajudou a organizar parte do plano. Ela alugou o im\u00f3vel usado pela quadrilha, apresentou documentos falsos e pagou R$ 12 mil de cau\u00e7\u00e3o na imobili\u00e1ria.<\/p>\n<p>Al\u00e9m de J\u00falia, outras duas pessoas permanecem foragidas, incluindo uma mulher que recebeu e pagou pelas joias roubadas \u00e0 quadrilha.<\/p>\n<h2 class=\"wp-block-heading\"><strong>Impacto do roubo e pris\u00f5es<\/strong><\/h2>\n<p>Cada participante recebeu cerca de R$ 15 mil com a venda das joias roubadas. O preju\u00edzo total \u00e0s v\u00edtimas pode ultrapassar R$ 4 milh\u00f5es. At\u00e9 agora, a Pol\u00edcia Civil recuperou mais de R$ 100 mil em dinheiro, joias e outros objetos. Quatorze pessoas j\u00e1 est\u00e3o presas por envolvimento no crime (com informa\u00e7\u00f5es <strong>EPTV<\/strong>).<\/p>\n<p>SAIBA MAIS<br \/>Dia da Consci\u00eancia Negra: conhe\u00e7a a nova gera\u00e7\u00e3o do cinema ribeir\u00e3o-pretano<\/p>\n<h2 class=\"wp-block-heading\"><strong>FIQUE ON<\/strong><\/h2>\n<p>Fique ligado em tudo que acontece em Ribeir\u00e3o Preto e regi\u00e3o. Siga os perfis do<strong>\u00a0acidade on\u00a0<\/strong>no<a href=\"https:\/\/www.instagram.com\/acidadeonribeirao\" target=\"_blank\" rel=\"noreferrer noopener\">\u00a0Instagram\u00a0<\/a>e no\u00a0<a href=\"https:\/\/www.facebook.com\/acidadeonribeirao\/\" target=\"_blank\" rel=\"noreferrer noopener\">Facebook<\/a>.<\/p>\n<p>Receba not\u00edcias do<strong>\u00a0acidade on<\/strong>\u00a0no WhatsApp. Para entrar no grupo,\u00a0basta\u00a0<a href=\"https:\/\/chat.whatsapp.com\/I4nieTEMKlf50pJ28aMemC?mode=ac_t\" target=\"_blank\" rel=\"noreferrer noopener\">clicar aqui<\/a>. Ou, acesse o nosso\u00a0Canal\u00a0<a href=\"https:\/\/whatsapp.com\/channel\/0029Vb6IQl1JENyAeS57fk2p\" target=\"_blank\" rel=\"noreferrer noopener\">clicando aqui<\/a>.<\/p>\n<p>Fa\u00e7a uma den\u00fancia ou sugira uma reportagem sobre Ribeir\u00e3o Preto e regi\u00e3o pelo WhatsApp: 16 99117 7802.<\/p>\n<p>VEJA TAMB\u00c9M<br \/>Vale a pena incluir o abacate na dieta?<\/p>\n<p><!-- AI CONTENT END 1 -->\n<\/div>\n<p><script async src=\"\/\/www.instagram.com\/embed.js\"><\/script><br \/>\n<br \/><br \/>\n<br \/><a href=\"https:\/\/www.acidadeon.com\/ribeiraopreto\/cotidiano\/advogado-diz-onde-mulher-envolvida-em-roubo-milionario-pode-estar\/\">Source link <\/a><\/p>\n<!-- CONTENT END 1 -->\n","protected":false},"excerpt":{"rendered":"<p>O advogado de J\u00falia Moretti de Paula, apontada de ser uma das mandantes do roubo milion\u00e1rio em um pr\u00e9dio no Centro de Ribeir\u00e3o Preto, no&#8230;<\/p>\n","protected":false},"author":1,"featured_media":77768,"comment_status":"open","ping_status":"open","sticky":false,"template":"","format":"standard","meta":{"advanced_seo_description":"","jetpack_seo_html_title":"","jetpack_seo_noindex":false,"jetpack_post_was_ever_published":false,"_jetpack_newsletter_access":"","_jetpack_dont_email_post_to_subs":false,"_jetpack_newsletter_tier_id":0,"_jetpack_memberships_contains_paywalled_content":false,"_jetpack_memberships_contains_paid_content":false,"footnotes":"","jetpack_publicize_message":"","jetpack_publicize_feature_enabled":true,"jetpack_social_post_already_shared":true,"jetpack_social_options":{"image_generator_settings":{"template":"highway","default_image_id":0,"font":"","enabled":false},"version":2}},"categories":[11],"tags":[],"class_list":["post-80371","post","type-post","status-publish","format-standard","has-post-thumbnail","hentry","category-noticias-de-ribeirao-preto-sp-e-regiao-ismael-colosi"],"jetpack_publicize_connections":[],"jetpack_featured_media_url":"https:\/\/i0.wp.com\/noticiasribeiraopreto.com.br\/wp-content\/uploads\/2025\/09\/WhatsApp-Image-2025-09-25-at-12.21.51_2025-09-25_16-11-00.webp.webp?fit=1200%2C675&ssl=1","jetpack-related-posts":[{"id":79453,"url":"https:\/\/noticiasribeiraopreto.com.br\/index.php\/2025\/11\/01\/onde-esta-julia-policia-busca-jovem-envolvida-em-roubo-milionario-em-ribeirao-preto\/","url_meta":{"origin":80371,"position":0},"title":"Onde est\u00e1 J\u00falia? Pol\u00edcia busca jovem envolvida em roubo milion\u00e1rio em Ribeir\u00e3o Preto","author":"noticiasribeiraopreto.com.br","date":"1 de November de 2025","format":false,"excerpt":"Quase 40 dias ap\u00f3s o roubo a seis apartamentos em um condom\u00ednio em Ribeir\u00e3o Preto, a Pol\u00edcia Civil investiga o desaparecimento de J\u00falia Moretti de Paula, de 21 anos. Ela aparece nas imagens do assalto no elevador acompanhada de um homem disfar\u00e7ado de mulher, sem esconder o rosto. O delegado\u2026","rel":"","context":"In &quot;Not\u00edcias de Ribeir\u00e3o Preto-SP e Regi\u00e3o&quot;","block_context":{"text":"Not\u00edcias de Ribeir\u00e3o Preto-SP e Regi\u00e3o","link":"https:\/\/noticiasribeiraopreto.com.br\/index.php\/category\/noticias-de-ribeirao-preto-sp-e-regiao-ismael-colosi\/"},"img":{"alt_text":"","src":"https:\/\/i0.wp.com\/noticiasribeiraopreto.com.br\/wp-content\/uploads\/2025\/11\/palace-5_2025-11-01_17-29-51.webp.webp?fit=1200%2C675&ssl=1&resize=350%2C200","width":350,"height":200,"srcset":"https:\/\/i0.wp.com\/noticiasribeiraopreto.com.br\/wp-content\/uploads\/2025\/11\/palace-5_2025-11-01_17-29-51.webp.webp?fit=1200%2C675&ssl=1&resize=350%2C200 1x, https:\/\/i0.wp.com\/noticiasribeiraopreto.com.br\/wp-content\/uploads\/2025\/11\/palace-5_2025-11-01_17-29-51.webp.webp?fit=1200%2C675&ssl=1&resize=525%2C300 1.5x, https:\/\/i0.wp.com\/noticiasribeiraopreto.com.br\/wp-content\/uploads\/2025\/11\/palace-5_2025-11-01_17-29-51.webp.webp?fit=1200%2C675&ssl=1&resize=700%2C400 2x, https:\/\/i0.wp.com\/noticiasribeiraopreto.com.br\/wp-content\/uploads\/2025\/11\/palace-5_2025-11-01_17-29-51.webp.webp?fit=1200%2C675&ssl=1&resize=1050%2C600 3x"},"classes":[]},{"id":73134,"url":"https:\/\/noticiasribeiraopreto.com.br\/index.php\/2025\/06\/25\/irma-de-elizabete-arrabaca-acredita-que-poderia-ser-a-proxima-vitima-dos-crimes\/","url_meta":{"origin":80371,"position":1},"title":"Irm\u00e3 de Elizabete Arraba\u00e7a acredita que &#8216;poderia ser a pr\u00f3xima v\u00edtima&#8217; dos crimes","author":"noticiasribeiraopreto.com.br","date":"25 de June de 2025","format":false,"excerpt":"Elizabete Arraba\u00e7a, mulher investigada pela morte por envenenamento da professora Larissa Rodrigues e da filha Nathalia Garnica, foi ouvida novamente pela Pol\u00edcia Civil nesta quarta-feira (25). >>>FIQUE POR DENTRO: Confira a cobertura completa sobre o caso da professora Larissa Rodrigues A aposentada foi interrogada de forma virtual, j\u00e1 que ela\u2026","rel":"","context":"In &quot;Not\u00edcias de Ribeir\u00e3o Preto-SP e Regi\u00e3o&quot;","block_context":{"text":"Not\u00edcias de Ribeir\u00e3o Preto-SP e Regi\u00e3o","link":"https:\/\/noticiasribeiraopreto.com.br\/index.php\/category\/noticias-de-ribeirao-preto-sp-e-regiao-ismael-colosi\/"},"img":{"alt_text":"","src":"https:\/\/i0.wp.com\/noticiasribeiraopreto.com.br\/wp-content\/uploads\/2025\/06\/WhatsApp-Image-2025-05-07-at-08.08.58_2025-05-07_11-09-16.webp.webp?fit=1200%2C675&ssl=1&resize=350%2C200","width":350,"height":200,"srcset":"https:\/\/i0.wp.com\/noticiasribeiraopreto.com.br\/wp-content\/uploads\/2025\/06\/WhatsApp-Image-2025-05-07-at-08.08.58_2025-05-07_11-09-16.webp.webp?fit=1200%2C675&ssl=1&resize=350%2C200 1x, https:\/\/i0.wp.com\/noticiasribeiraopreto.com.br\/wp-content\/uploads\/2025\/06\/WhatsApp-Image-2025-05-07-at-08.08.58_2025-05-07_11-09-16.webp.webp?fit=1200%2C675&ssl=1&resize=525%2C300 1.5x, https:\/\/i0.wp.com\/noticiasribeiraopreto.com.br\/wp-content\/uploads\/2025\/06\/WhatsApp-Image-2025-05-07-at-08.08.58_2025-05-07_11-09-16.webp.webp?fit=1200%2C675&ssl=1&resize=700%2C400 2x, https:\/\/i0.wp.com\/noticiasribeiraopreto.com.br\/wp-content\/uploads\/2025\/06\/WhatsApp-Image-2025-05-07-at-08.08.58_2025-05-07_11-09-16.webp.webp?fit=1200%2C675&ssl=1&resize=1050%2C600 3x"},"classes":[]},{"id":80718,"url":"https:\/\/noticiasribeiraopreto.com.br\/index.php\/2025\/12\/12\/o-que-se-sabe-sobre-sequestro-de-empresario-em-ribeirao-preto\/","url_meta":{"origin":80371,"position":2},"title":"O que se sabe sobre sequestro de empres\u00e1rio em Ribeir\u00e3o Preto","author":"noticiasribeiraopreto.com.br","date":"12 de December de 2025","format":false,"excerpt":"O empres\u00e1rio Ronan Franco Muniz, de 44 anos, se apresentou na CPJ de Ribeir\u00e3o Preto nesta quinta-feira (11), ap\u00f3s ter sido sequestrado por homens armados no Jardim Bot\u00e2nico, na zona Sul da cidade, na \u00faltima ter\u00e7a-feira (9). Segundo o delegado Fernando Bravo, as equipes localizaram nesta manh\u00e3 o cativeiro onde\u2026","rel":"","context":"In &quot;Not\u00edcias de Ribeir\u00e3o Preto-SP e Regi\u00e3o&quot;","block_context":{"text":"Not\u00edcias de Ribeir\u00e3o Preto-SP e Regi\u00e3o","link":"https:\/\/noticiasribeiraopreto.com.br\/index.php\/category\/noticias-de-ribeirao-preto-sp-e-regiao-ismael-colosi\/"},"img":{"alt_text":"","src":"https:\/\/i0.wp.com\/noticiasribeiraopreto.com.br\/wp-content\/uploads\/2025\/12\/Copia-de-Copia-de-Copia-de-TAMANHO-EXATO-PARA-FOTOS-NO-SISTEMA-NOVO-2025-12-11T172130.578_2025-12-11_20-21-47.webp.webp?fit=1200%2C675&ssl=1&resize=350%2C200","width":350,"height":200,"srcset":"https:\/\/i0.wp.com\/noticiasribeiraopreto.com.br\/wp-content\/uploads\/2025\/12\/Copia-de-Copia-de-Copia-de-TAMANHO-EXATO-PARA-FOTOS-NO-SISTEMA-NOVO-2025-12-11T172130.578_2025-12-11_20-21-47.webp.webp?fit=1200%2C675&ssl=1&resize=350%2C200 1x, https:\/\/i0.wp.com\/noticiasribeiraopreto.com.br\/wp-content\/uploads\/2025\/12\/Copia-de-Copia-de-Copia-de-TAMANHO-EXATO-PARA-FOTOS-NO-SISTEMA-NOVO-2025-12-11T172130.578_2025-12-11_20-21-47.webp.webp?fit=1200%2C675&ssl=1&resize=525%2C300 1.5x, https:\/\/i0.wp.com\/noticiasribeiraopreto.com.br\/wp-content\/uploads\/2025\/12\/Copia-de-Copia-de-Copia-de-TAMANHO-EXATO-PARA-FOTOS-NO-SISTEMA-NOVO-2025-12-11T172130.578_2025-12-11_20-21-47.webp.webp?fit=1200%2C675&ssl=1&resize=700%2C400 2x, https:\/\/i0.wp.com\/noticiasribeiraopreto.com.br\/wp-content\/uploads\/2025\/12\/Copia-de-Copia-de-Copia-de-TAMANHO-EXATO-PARA-FOTOS-NO-SISTEMA-NOVO-2025-12-11T172130.578_2025-12-11_20-21-47.webp.webp?fit=1200%2C675&ssl=1&resize=1050%2C600 3x"},"classes":[]},{"id":83691,"url":"https:\/\/noticiasribeiraopreto.com.br\/index.php\/2026\/03\/23\/moradoras-denunciam-corretora-de-imoveis-por-suspeita-de-golpe-em-ribeirao\/","url_meta":{"origin":80371,"position":3},"title":"Moradoras denunciam corretora de im\u00f3veis por suspeita de golpe em Ribeir\u00e3o","author":"noticiasribeiraopreto.com.br","date":"23 de March de 2026","format":false,"excerpt":"Uma corretora de im\u00f3veis \u00e9 suspeita de aplicar golpes em moradores de Ribeir\u00e3o Preto que sonhavam com a casa pr\u00f3pria. Segundo a Pol\u00edcia Civil, pelo menos sete boletins de ocorr\u00eancia foram registrados contra ela por estelionato. De acordo com as v\u00edtimas, Josiane Maria Barbosa Passos pedia dinheiro como garantia para\u2026","rel":"","context":"In &quot;Not\u00edcias de Ribeir\u00e3o Preto-SP e Regi\u00e3o&quot;","block_context":{"text":"Not\u00edcias de Ribeir\u00e3o Preto-SP e Regi\u00e3o","link":"https:\/\/noticiasribeiraopreto.com.br\/index.php\/category\/noticias-de-ribeirao-preto-sp-e-regiao-ismael-colosi\/"},"img":{"alt_text":"","src":"https:\/\/i0.wp.com\/noticiasribeiraopreto.com.br\/wp-content\/uploads\/2026\/03\/palace-4_2026-03-23_23-26-12.webp.webp?fit=1200%2C675&ssl=1&resize=350%2C200","width":350,"height":200,"srcset":"https:\/\/i0.wp.com\/noticiasribeiraopreto.com.br\/wp-content\/uploads\/2026\/03\/palace-4_2026-03-23_23-26-12.webp.webp?fit=1200%2C675&ssl=1&resize=350%2C200 1x, https:\/\/i0.wp.com\/noticiasribeiraopreto.com.br\/wp-content\/uploads\/2026\/03\/palace-4_2026-03-23_23-26-12.webp.webp?fit=1200%2C675&ssl=1&resize=525%2C300 1.5x, https:\/\/i0.wp.com\/noticiasribeiraopreto.com.br\/wp-content\/uploads\/2026\/03\/palace-4_2026-03-23_23-26-12.webp.webp?fit=1200%2C675&ssl=1&resize=700%2C400 2x, https:\/\/i0.wp.com\/noticiasribeiraopreto.com.br\/wp-content\/uploads\/2026\/03\/palace-4_2026-03-23_23-26-12.webp.webp?fit=1200%2C675&ssl=1&resize=1050%2C600 3x"},"classes":[]},{"id":77767,"url":"https:\/\/noticiasribeiraopreto.com.br\/index.php\/2025\/09\/25\/quem-e-a-mulher-procurada-pela-policia-apos-roubo-a-predio-em-ribeirao-preto\/","url_meta":{"origin":80371,"position":4},"title":"Quem \u00e9 a mulher procurada pela pol\u00edcia ap\u00f3s roubo a pr\u00e9dio em Ribeir\u00e3o Preto","author":"noticiasribeiraopreto.com.br","date":"25 de September de 2025","format":false,"excerpt":"A Pol\u00edcia Civil procura uma jovem de 21 anos suspeita de integrar a quadrilha que roubou moradores de um pr\u00e9dio residencial nesta quarta-feira (24), no Centro de Ribeir\u00e3o Preto. Segundo a pol\u00edcia, a mulher, identificada como Julia Moretti de Paula, teria participa\u00e7\u00e3o nos n\u00facleos log\u00edstico e operacional do grupo. Ela\u2026","rel":"","context":"In &quot;Not\u00edcias de Ribeir\u00e3o Preto-SP e Regi\u00e3o&quot;","block_context":{"text":"Not\u00edcias de Ribeir\u00e3o Preto-SP e Regi\u00e3o","link":"https:\/\/noticiasribeiraopreto.com.br\/index.php\/category\/noticias-de-ribeirao-preto-sp-e-regiao-ismael-colosi\/"},"img":{"alt_text":"","src":"https:\/\/i0.wp.com\/noticiasribeiraopreto.com.br\/wp-content\/uploads\/2025\/09\/WhatsApp-Image-2025-09-25-at-12.21.51_2025-09-25_16-11-00.webp.webp?fit=1200%2C675&ssl=1&resize=350%2C200","width":350,"height":200,"srcset":"https:\/\/i0.wp.com\/noticiasribeiraopreto.com.br\/wp-content\/uploads\/2025\/09\/WhatsApp-Image-2025-09-25-at-12.21.51_2025-09-25_16-11-00.webp.webp?fit=1200%2C675&ssl=1&resize=350%2C200 1x, https:\/\/i0.wp.com\/noticiasribeiraopreto.com.br\/wp-content\/uploads\/2025\/09\/WhatsApp-Image-2025-09-25-at-12.21.51_2025-09-25_16-11-00.webp.webp?fit=1200%2C675&ssl=1&resize=525%2C300 1.5x, https:\/\/i0.wp.com\/noticiasribeiraopreto.com.br\/wp-content\/uploads\/2025\/09\/WhatsApp-Image-2025-09-25-at-12.21.51_2025-09-25_16-11-00.webp.webp?fit=1200%2C675&ssl=1&resize=700%2C400 2x, https:\/\/i0.wp.com\/noticiasribeiraopreto.com.br\/wp-content\/uploads\/2025\/09\/WhatsApp-Image-2025-09-25-at-12.21.51_2025-09-25_16-11-00.webp.webp?fit=1200%2C675&ssl=1&resize=1050%2C600 3x"},"classes":[]},{"id":70205,"url":"https:\/\/noticiasribeiraopreto.com.br\/index.php\/2025\/05\/23\/caso-larissa-e-um-quebra-cabecas-diz-delegado-apos-exumacao-do-corpo-de-irma-de-medico\/","url_meta":{"origin":80371,"position":5},"title":"Caso Larissa: \u2018\u00c9 um quebra-cabe\u00e7as\u2019, diz delegado ap\u00f3s exuma\u00e7\u00e3o do corpo de irm\u00e3 de m\u00e9dico","author":"noticiasribeiraopreto.com.br","date":"23 de May de 2025","format":false,"excerpt":"O delegado Fernando Bravo acompanhou a exuma\u00e7\u00e3o do corpo de Nath\u00e1lia Garnica, na manh\u00e3 desta sexta-feira (23), no cemit\u00e9rio de Pontal, cidade a 40 quil\u00f4metros de Ribeir\u00e3o Preto. A pol\u00edcia quer saber se Nath\u00e1lia tamb\u00e9m foi envenenada, assim como a professora Larissa Talle Le\u00f4ncio Rodrigues. A professora foi encontrada morta\u2026","rel":"","context":"In &quot;Not\u00edcias de Ribeir\u00e3o Preto-SP e Regi\u00e3o&quot;","block_context":{"text":"Not\u00edcias de Ribeir\u00e3o Preto-SP e Regi\u00e3o","link":"https:\/\/noticiasribeiraopreto.com.br\/index.php\/category\/noticias-de-ribeirao-preto-sp-e-regiao-ismael-colosi\/"},"img":{"alt_text":"","src":"https:\/\/i0.wp.com\/noticiasribeiraopreto.com.br\/wp-content\/uploads\/2025\/05\/nathalia-garnica_2025-05-23_15-56-37.webp.webp?fit=1200%2C900&ssl=1&resize=350%2C200","width":350,"height":200,"srcset":"https:\/\/i0.wp.com\/noticiasribeiraopreto.com.br\/wp-content\/uploads\/2025\/05\/nathalia-garnica_2025-05-23_15-56-37.webp.webp?fit=1200%2C900&ssl=1&resize=350%2C200 1x, https:\/\/i0.wp.com\/noticiasribeiraopreto.com.br\/wp-content\/uploads\/2025\/05\/nathalia-garnica_2025-05-23_15-56-37.webp.webp?fit=1200%2C900&ssl=1&resize=525%2C300 1.5x, https:\/\/i0.wp.com\/noticiasribeiraopreto.com.br\/wp-content\/uploads\/2025\/05\/nathalia-garnica_2025-05-23_15-56-37.webp.webp?fit=1200%2C900&ssl=1&resize=700%2C400 2x, https:\/\/i0.wp.com\/noticiasribeiraopreto.com.br\/wp-content\/uploads\/2025\/05\/nathalia-garnica_2025-05-23_15-56-37.webp.webp?fit=1200%2C900&ssl=1&resize=1050%2C600 3x"},"classes":[]}],"jetpack_sharing_enabled":true,"jetpack_shortlink":"https:\/\/wp.me\/peQAOb-kUj","_links":{"self":[{"href":"https:\/\/noticiasribeiraopreto.com.br\/index.php\/wp-json\/wp\/v2\/posts\/80371","targetHints":{"allow":["GET"]}}],"collection":[{"href":"https:\/\/noticiasribeiraopreto.com.br\/index.php\/wp-json\/wp\/v2\/posts"}],"about":[{"href":"https:\/\/noticiasribeiraopreto.com.br\/index.php\/wp-json\/wp\/v2\/types\/post"}],"author":[{"embeddable":true,"href":"https:\/\/noticiasribeiraopreto.com.br\/index.php\/wp-json\/wp\/v2\/users\/1"}],"replies":[{"embeddable":true,"href":"https:\/\/noticiasribeiraopreto.com.br\/index.php\/wp-json\/wp\/v2\/comments?post=80371"}],"version-history":[{"count":0,"href":"https:\/\/noticiasribeiraopreto.com.br\/index.php\/wp-json\/wp\/v2\/posts\/80371\/revisions"}],"wp:featuredmedia":[{"embeddable":true,"href":"https:\/\/noticiasribeiraopreto.com.br\/index.php\/wp-json\/wp\/v2\/media\/77768"}],"wp:attachment":[{"href":"https:\/\/noticiasribeiraopreto.com.br\/index.php\/wp-json\/wp\/v2\/media?parent=80371"}],"wp:term":[{"taxonomy":"category","embeddable":true,"href":"https:\/\/noticiasribeiraopreto.com.br\/index.php\/wp-json\/wp\/v2\/categories?post=80371"},{"taxonomy":"post_tag","embeddable":true,"href":"https:\/\/noticiasribeiraopreto.com.br\/index.php\/wp-json\/wp\/v2\/tags?post=80371"}],"curies":[{"name":"wp","href":"https:\/\/api.w.org\/{rel}","templated":true}]}}