{"id":80372,"date":"2025-11-20T16:40:16","date_gmt":"2025-11-20T19:40:16","guid":{"rendered":"https:\/\/noticiasribeiraopreto.com.br\/index.php\/2025\/11\/20\/ribeirao-preto-recebe-festival-em-comemoracao-ao-dia-da-consciencia-negra-2\/"},"modified":"2025-11-20T16:40:16","modified_gmt":"2025-11-20T19:40:16","slug":"ribeirao-preto-recebe-festival-em-comemoracao-ao-dia-da-consciencia-negra-2","status":"publish","type":"post","link":"https:\/\/noticiasribeiraopreto.com.br\/index.php\/2025\/11\/20\/ribeirao-preto-recebe-festival-em-comemoracao-ao-dia-da-consciencia-negra-2\/","title":{"rendered":"Ribeir\u00e3o Preto recebe festival em comemora\u00e7\u00e3o ao Dia da Consci\u00eancia Negra"},"content":{"rendered":"<div class='code-block code-block-1' style='margin: 8px 0 8px auto; text-align: right; display: block; clear: both;'>\n<p><a href=\"https:\/\/wa.link\/vpicfd\"><img data-recalc-dims=\"1\" class=\"wp-image-4922\" style=\"aspect-ratio: 2.0253164556962027; width: 561px; height: auto;\" src=\"https:\/\/i0.wp.com\/ismaelcolosi.com.br\/wp-content\/uploads\/2023\/11\/grupo-de-empregos-whatsapp-e-facebook-ismael-colosi-vagas.jpg?ssl=1\" alt=\"\" \/><\/a><\/p>\n<!-- \/wp:image -->\n<\/div>\n<p> <br \/>\n<\/p>\n<div data-td-block-uid=\"tdi_95\">\n<div class=\"tdb-block-inner td-fix-index\">\n<p>O <strong>Centro Cultural Or\u00f9nmil\u00e1<\/strong>, em <strong>Ribeir\u00e3o Preto<\/strong>, realiza nesta quinta-feira (20), a partir das 16h, o<strong> Festival Ojo Aiku<\/strong>. O evento celebra o <strong>Dia da Consci\u00eancia Negra<\/strong> e conta com atra\u00e7\u00f5es musicais, pratos t\u00edpicos da culin\u00e1ria africana e intera\u00e7\u00e3o para as crian\u00e7as. A entrada \u00e9 gratuita.<\/p>\n<h2 class=\"wp-block-heading\"><strong>Veja a programa\u00e7\u00e3o completa<\/strong><\/h2>\n<p><strong>16h \u2013<\/strong> DJ Rog\u00e9rio Brito<\/p>\n<p><strong>16h30 \u2013 <\/strong>Slam da Cana<\/p>\n<p><strong>17h \u2013<\/strong> Roda de Capoeira<\/p>\n<p><strong>17h30 \u2013 <\/strong>DJ Rog\u00e9rio Brito<\/p>\n<p><strong>18H \u2013<\/strong> Afox\u00e9 Om\u00f3 Or\u00f9nmil\u00e1<\/p>\n<p><strong>18h30 \u2013<\/strong> Marcelo Capela<\/p>\n<p><strong>19h \u2013<\/strong> Samba Reggae<\/p>\n<p><strong>19h30 \u2013<\/strong> DJ Yzak<\/p>\n<p><strong>20h30 \u2013 <\/strong>Indynho Psicod\u00e9lico e Lheo Zotto<\/p>\n<p><strong>21h \u2013 <\/strong>Samba da Opini\u00e3o<\/p>\n<p><strong>22h \u2013 <\/strong>Encerramento<\/p>\n<figure class=\"wp-block-gallery has-nested-images columns-default is-cropped wp-block-gallery-1 is-layout-flex wp-block-gallery-is-layout-flex\">\n<figure class=\"wp-block-image size-large\"><img data-recalc-dims=\"1\" fetchpriority=\"high\" decoding=\"async\" width=\"1024\" height=\"683\" data-id=\"136553\" src=\"https:\/\/i0.wp.com\/cdn.media-acidadeon.com.br\/ribeiraopreto\/wp-content\/uploads\/sites\/3\/2025\/11\/festival-orunmila-1_2025-11-20_15-58-27-1024x683.webp?resize=1024%2C683&#038;ssl=1\" alt=\"festival orunmila 1 2025 11 20 15 58 27\" class=\"wp-image-136553\" title=\"Ribeir\u00e3o Preto recebe festival em comemora\u00e7\u00e3o ao Dia da Consci\u00eancia Negra 1\" srcset=\"https:\/\/cdn.media-acidadeon.com.br\/ribeiraopreto\/wp-content\/uploads\/sites\/3\/2025\/11\/festival-orunmila-1_2025-11-20_15-58-27-1024x683.webp 1024w, https:\/\/cdn.media-acidadeon.com.br\/ribeiraopreto\/wp-content\/uploads\/sites\/3\/2025\/11\/festival-orunmila-1_2025-11-20_15-58-27-300x200.webp 300w, https:\/\/cdn.media-acidadeon.com.br\/ribeiraopreto\/wp-content\/uploads\/sites\/3\/2025\/11\/festival-orunmila-1_2025-11-20_15-58-27-768x512.webp 768w, https:\/\/cdn.media-acidadeon.com.br\/ribeiraopreto\/wp-content\/uploads\/sites\/3\/2025\/11\/festival-orunmila-1_2025-11-20_15-58-27-696x464.webp 696w, https:\/\/cdn.media-acidadeon.com.br\/ribeiraopreto\/wp-content\/uploads\/sites\/3\/2025\/11\/festival-orunmila-1_2025-11-20_15-58-27-1068x712.webp 1068w, https:\/\/cdn.media-acidadeon.com.br\/ribeiraopreto\/wp-content\/uploads\/sites\/3\/2025\/11\/festival-orunmila-1_2025-11-20_15-58-27.webp 1080w\" sizes=\"(max-width: 1024px) 100vw, 1024px\"\/><figcaption class=\"wp-element-caption\">Foto: Thain\u00e1 Rossati\/divulga\u00e7\u00e3o<\/figcaption><\/figure>\n<figure class=\"wp-block-image size-large\"><img data-recalc-dims=\"1\" loading=\"lazy\" decoding=\"async\" width=\"1024\" height=\"683\" data-id=\"136554\" src=\"https:\/\/i0.wp.com\/cdn.media-acidadeon.com.br\/ribeiraopreto\/wp-content\/uploads\/sites\/3\/2025\/11\/festival-orunmila-2_2025-11-20_15-58-27-1024x683.webp?resize=1024%2C683&#038;ssl=1\" alt=\"festival orunmila 2 2025 11 20 15 58 27\" class=\"wp-image-136554\" title=\"Ribeir\u00e3o Preto recebe festival em comemora\u00e7\u00e3o ao Dia da Consci\u00eancia Negra 2\" srcset=\"https:\/\/cdn.media-acidadeon.com.br\/ribeiraopreto\/wp-content\/uploads\/sites\/3\/2025\/11\/festival-orunmila-2_2025-11-20_15-58-27-1024x683.webp 1024w, https:\/\/cdn.media-acidadeon.com.br\/ribeiraopreto\/wp-content\/uploads\/sites\/3\/2025\/11\/festival-orunmila-2_2025-11-20_15-58-27-300x200.webp 300w, https:\/\/cdn.media-acidadeon.com.br\/ribeiraopreto\/wp-content\/uploads\/sites\/3\/2025\/11\/festival-orunmila-2_2025-11-20_15-58-27-768x512.webp 768w, https:\/\/cdn.media-acidadeon.com.br\/ribeiraopreto\/wp-content\/uploads\/sites\/3\/2025\/11\/festival-orunmila-2_2025-11-20_15-58-27-696x464.webp 696w, https:\/\/cdn.media-acidadeon.com.br\/ribeiraopreto\/wp-content\/uploads\/sites\/3\/2025\/11\/festival-orunmila-2_2025-11-20_15-58-27-1068x712.webp 1068w, https:\/\/cdn.media-acidadeon.com.br\/ribeiraopreto\/wp-content\/uploads\/sites\/3\/2025\/11\/festival-orunmila-2_2025-11-20_15-58-27.webp 1080w\" sizes=\"auto, (max-width: 1024px) 100vw, 1024px\"\/><figcaption class=\"wp-element-caption\">Foto: Thain\u00e1 Rossati\/divulga\u00e7\u00e3o<\/figcaption><\/figure>\n<figure class=\"wp-block-image size-large\"><img data-recalc-dims=\"1\" loading=\"lazy\" decoding=\"async\" width=\"1024\" height=\"683\" data-id=\"136559\" src=\"https:\/\/i0.wp.com\/cdn.media-acidadeon.com.br\/ribeiraopreto\/wp-content\/uploads\/sites\/3\/2025\/11\/festival-orunmila-3_2025-11-20_15-58-27-1024x683.webp?resize=1024%2C683&#038;ssl=1\" alt=\"festival orunmila 3 2025 11 20 15 58 27\" class=\"wp-image-136559\" title=\"Ribeir\u00e3o Preto recebe festival em comemora\u00e7\u00e3o ao Dia da Consci\u00eancia Negra 3\" srcset=\"https:\/\/cdn.media-acidadeon.com.br\/ribeiraopreto\/wp-content\/uploads\/sites\/3\/2025\/11\/festival-orunmila-3_2025-11-20_15-58-27-1024x683.webp 1024w, https:\/\/cdn.media-acidadeon.com.br\/ribeiraopreto\/wp-content\/uploads\/sites\/3\/2025\/11\/festival-orunmila-3_2025-11-20_15-58-27-300x200.webp 300w, https:\/\/cdn.media-acidadeon.com.br\/ribeiraopreto\/wp-content\/uploads\/sites\/3\/2025\/11\/festival-orunmila-3_2025-11-20_15-58-27-768x512.webp 768w, https:\/\/cdn.media-acidadeon.com.br\/ribeiraopreto\/wp-content\/uploads\/sites\/3\/2025\/11\/festival-orunmila-3_2025-11-20_15-58-27-696x464.webp 696w, https:\/\/cdn.media-acidadeon.com.br\/ribeiraopreto\/wp-content\/uploads\/sites\/3\/2025\/11\/festival-orunmila-3_2025-11-20_15-58-27-1068x712.webp 1068w, https:\/\/cdn.media-acidadeon.com.br\/ribeiraopreto\/wp-content\/uploads\/sites\/3\/2025\/11\/festival-orunmila-3_2025-11-20_15-58-27.webp 1080w\" sizes=\"auto, (max-width: 1024px) 100vw, 1024px\"\/><figcaption class=\"wp-element-caption\">Foto: Thain\u00e1 Rossati\/divulga\u00e7\u00e3o<\/figcaption><\/figure>\n<figure class=\"wp-block-image size-large\"><img data-recalc-dims=\"1\" loading=\"lazy\" decoding=\"async\" width=\"1024\" height=\"683\" data-id=\"136555\" src=\"https:\/\/i0.wp.com\/cdn.media-acidadeon.com.br\/ribeiraopreto\/wp-content\/uploads\/sites\/3\/2025\/11\/festival-orunmila-4_2025-11-20_15-58-27-1024x683.webp?resize=1024%2C683&#038;ssl=1\" alt=\"festival orunmila 4 2025 11 20 15 58 27\" class=\"wp-image-136555\" title=\"Ribeir\u00e3o Preto recebe festival em comemora\u00e7\u00e3o ao Dia da Consci\u00eancia Negra 4\" srcset=\"https:\/\/cdn.media-acidadeon.com.br\/ribeiraopreto\/wp-content\/uploads\/sites\/3\/2025\/11\/festival-orunmila-4_2025-11-20_15-58-27-1024x683.webp 1024w, https:\/\/cdn.media-acidadeon.com.br\/ribeiraopreto\/wp-content\/uploads\/sites\/3\/2025\/11\/festival-orunmila-4_2025-11-20_15-58-27-300x200.webp 300w, https:\/\/cdn.media-acidadeon.com.br\/ribeiraopreto\/wp-content\/uploads\/sites\/3\/2025\/11\/festival-orunmila-4_2025-11-20_15-58-27-768x512.webp 768w, https:\/\/cdn.media-acidadeon.com.br\/ribeiraopreto\/wp-content\/uploads\/sites\/3\/2025\/11\/festival-orunmila-4_2025-11-20_15-58-27-696x464.webp 696w, https:\/\/cdn.media-acidadeon.com.br\/ribeiraopreto\/wp-content\/uploads\/sites\/3\/2025\/11\/festival-orunmila-4_2025-11-20_15-58-27-1068x712.webp 1068w, https:\/\/cdn.media-acidadeon.com.br\/ribeiraopreto\/wp-content\/uploads\/sites\/3\/2025\/11\/festival-orunmila-4_2025-11-20_15-58-27.webp 1080w\" sizes=\"auto, (max-width: 1024px) 100vw, 1024px\"\/><figcaption class=\"wp-element-caption\">Foto: Thain\u00e1 Rossati\/divulga\u00e7\u00e3o<\/figcaption><\/figure>\n<figure class=\"wp-block-image size-large\"><img data-recalc-dims=\"1\" loading=\"lazy\" decoding=\"async\" width=\"1024\" height=\"683\" data-id=\"136558\" src=\"https:\/\/i0.wp.com\/cdn.media-acidadeon.com.br\/ribeiraopreto\/wp-content\/uploads\/sites\/3\/2025\/11\/festival-orunmila-5_2025-11-20_15-58-27-1024x683.webp?resize=1024%2C683&#038;ssl=1\" alt=\"festival orunmila 5 2025 11 20 15 58 27\" class=\"wp-image-136558\" title=\"Ribeir\u00e3o Preto recebe festival em comemora\u00e7\u00e3o ao Dia da Consci\u00eancia Negra 5\" srcset=\"https:\/\/cdn.media-acidadeon.com.br\/ribeiraopreto\/wp-content\/uploads\/sites\/3\/2025\/11\/festival-orunmila-5_2025-11-20_15-58-27-1024x683.webp 1024w, https:\/\/cdn.media-acidadeon.com.br\/ribeiraopreto\/wp-content\/uploads\/sites\/3\/2025\/11\/festival-orunmila-5_2025-11-20_15-58-27-300x200.webp 300w, https:\/\/cdn.media-acidadeon.com.br\/ribeiraopreto\/wp-content\/uploads\/sites\/3\/2025\/11\/festival-orunmila-5_2025-11-20_15-58-27-768x512.webp 768w, https:\/\/cdn.media-acidadeon.com.br\/ribeiraopreto\/wp-content\/uploads\/sites\/3\/2025\/11\/festival-orunmila-5_2025-11-20_15-58-27-696x464.webp 696w, https:\/\/cdn.media-acidadeon.com.br\/ribeiraopreto\/wp-content\/uploads\/sites\/3\/2025\/11\/festival-orunmila-5_2025-11-20_15-58-27-1068x712.webp 1068w, https:\/\/cdn.media-acidadeon.com.br\/ribeiraopreto\/wp-content\/uploads\/sites\/3\/2025\/11\/festival-orunmila-5_2025-11-20_15-58-27.webp 1080w\" sizes=\"auto, (max-width: 1024px) 100vw, 1024px\"\/><figcaption class=\"wp-element-caption\">Foto: Thain\u00e1 Rossati\/divulga\u00e7\u00e3o<\/figcaption><\/figure>\n<figure class=\"wp-block-image size-large\"><img data-recalc-dims=\"1\" loading=\"lazy\" decoding=\"async\" width=\"1024\" height=\"683\" data-id=\"136556\" src=\"https:\/\/i0.wp.com\/cdn.media-acidadeon.com.br\/ribeiraopreto\/wp-content\/uploads\/sites\/3\/2025\/11\/festival-orunmila-6_2025-11-20_15-58-27-1024x683.webp?resize=1024%2C683&#038;ssl=1\" alt=\"festival orunmila 6 2025 11 20 15 58 27\" class=\"wp-image-136556\" title=\"Ribeir\u00e3o Preto recebe festival em comemora\u00e7\u00e3o ao Dia da Consci\u00eancia Negra 6\" srcset=\"https:\/\/cdn.media-acidadeon.com.br\/ribeiraopreto\/wp-content\/uploads\/sites\/3\/2025\/11\/festival-orunmila-6_2025-11-20_15-58-27-1024x683.webp 1024w, https:\/\/cdn.media-acidadeon.com.br\/ribeiraopreto\/wp-content\/uploads\/sites\/3\/2025\/11\/festival-orunmila-6_2025-11-20_15-58-27-300x200.webp 300w, https:\/\/cdn.media-acidadeon.com.br\/ribeiraopreto\/wp-content\/uploads\/sites\/3\/2025\/11\/festival-orunmila-6_2025-11-20_15-58-27-768x512.webp 768w, https:\/\/cdn.media-acidadeon.com.br\/ribeiraopreto\/wp-content\/uploads\/sites\/3\/2025\/11\/festival-orunmila-6_2025-11-20_15-58-27-696x464.webp 696w, https:\/\/cdn.media-acidadeon.com.br\/ribeiraopreto\/wp-content\/uploads\/sites\/3\/2025\/11\/festival-orunmila-6_2025-11-20_15-58-27-1068x712.webp 1068w, https:\/\/cdn.media-acidadeon.com.br\/ribeiraopreto\/wp-content\/uploads\/sites\/3\/2025\/11\/festival-orunmila-6_2025-11-20_15-58-27.webp 1080w\" sizes=\"auto, (max-width: 1024px) 100vw, 1024px\"\/><figcaption class=\"wp-element-caption\">Foto: Thain\u00e1 Rossati\/divulga\u00e7\u00e3o<\/figcaption><\/figure>\n<figure class=\"wp-block-image size-large\"><img data-recalc-dims=\"1\" loading=\"lazy\" decoding=\"async\" width=\"1024\" height=\"683\" data-id=\"136557\" src=\"https:\/\/i0.wp.com\/cdn.media-acidadeon.com.br\/ribeiraopreto\/wp-content\/uploads\/sites\/3\/2025\/11\/festival-orunmila-7_2025-11-20_15-58-27-1024x683.webp?resize=1024%2C683&#038;ssl=1\" alt=\"festival orunmila 7 2025 11 20 15 58 27\" class=\"wp-image-136557\" title=\"Ribeir\u00e3o Preto recebe festival em comemora\u00e7\u00e3o ao Dia da Consci\u00eancia Negra 7\" srcset=\"https:\/\/cdn.media-acidadeon.com.br\/ribeiraopreto\/wp-content\/uploads\/sites\/3\/2025\/11\/festival-orunmila-7_2025-11-20_15-58-27-1024x683.webp 1024w, https:\/\/cdn.media-acidadeon.com.br\/ribeiraopreto\/wp-content\/uploads\/sites\/3\/2025\/11\/festival-orunmila-7_2025-11-20_15-58-27-300x200.webp 300w, https:\/\/cdn.media-acidadeon.com.br\/ribeiraopreto\/wp-content\/uploads\/sites\/3\/2025\/11\/festival-orunmila-7_2025-11-20_15-58-27-768x512.webp 768w, https:\/\/cdn.media-acidadeon.com.br\/ribeiraopreto\/wp-content\/uploads\/sites\/3\/2025\/11\/festival-orunmila-7_2025-11-20_15-58-27-696x464.webp 696w, https:\/\/cdn.media-acidadeon.com.br\/ribeiraopreto\/wp-content\/uploads\/sites\/3\/2025\/11\/festival-orunmila-7_2025-11-20_15-58-27-1068x712.webp 1068w, https:\/\/cdn.media-acidadeon.com.br\/ribeiraopreto\/wp-content\/uploads\/sites\/3\/2025\/11\/festival-orunmila-7_2025-11-20_15-58-27.webp 1080w\" sizes=\"auto, (max-width: 1024px) 100vw, 1024px\"\/><figcaption class=\"wp-element-caption\">Foto: Thain\u00e1 Rossati\/divulga\u00e7\u00e3o<\/figcaption><\/figure>\n<\/figure>\n<h2 class=\"wp-block-heading\"><strong>Servi\u00e7o<\/strong><\/h2>\n<p><strong>Festival Ojo Aiku<br \/>Quando:<\/strong> quinta-feira, 20 de novembro, a partir das 16h<br \/><strong>Onde: <\/strong>Centro Cultural Or\u00f9nmil\u00e1: Rua Cinco, 100 \u2013 Tanquinho<br \/><strong>Entrada: <\/strong>Gratuita<\/p>\n<p>SAIBA MAIS<br \/>Dia da Consci\u00eancia Negra: conhe\u00e7a a nova gera\u00e7\u00e3o do cinema ribeir\u00e3o-pretano<\/p>\n<h2 class=\"wp-block-heading\"><strong>FIQUE ON<\/strong><\/h2>\n<p>Fique ligado em tudo que acontece em Ribeir\u00e3o Preto e regi\u00e3o. Siga os perfis do<strong>\u00a0acidade on\u00a0<\/strong>no<a href=\"https:\/\/www.instagram.com\/acidadeonribeirao\" target=\"_blank\" rel=\"noreferrer noopener\">\u00a0Instagram\u00a0<\/a>e no\u00a0<a href=\"https:\/\/www.facebook.com\/acidadeonribeirao\/\" target=\"_blank\" rel=\"noreferrer noopener\">Facebook<\/a>.<\/p>\n<p>Receba not\u00edcias do<strong>\u00a0acidade on<\/strong>\u00a0no WhatsApp. Para entrar no grupo,\u00a0basta\u00a0<a href=\"https:\/\/chat.whatsapp.com\/I4nieTEMKlf50pJ28aMemC?mode=ac_t\" target=\"_blank\" rel=\"noreferrer noopener\">clicar aqui<\/a>. Ou, acesse o nosso\u00a0Canal\u00a0<a href=\"https:\/\/whatsapp.com\/channel\/0029Vb6IQl1JENyAeS57fk2p\" target=\"_blank\" rel=\"noreferrer noopener\">clicando aqui<\/a>.<\/p>\n<p>Fa\u00e7a uma den\u00fancia ou sugira uma reportagem sobre Ribeir\u00e3o Preto e regi\u00e3o pelo WhatsApp: 16 99117 7802.<\/p>\n<p>VEJA TAMB\u00c9M<br \/>Vale a pena incluir o abacate na dieta?<\/p>\n<p><!-- AI CONTENT END 1 -->\n<\/div>\n<\/div>\n<p><script async src=\"\/\/www.instagram.com\/embed.js\"><\/script><br \/>\n<br \/><br \/>\n<br \/><a href=\"https:\/\/www.acidadeon.com\/ribeiraopreto\/lazer-e-cultura\/ribeirao-preto-recebe-festival-comemoracao-ao-dia-da-consciencia-negra\/\">Source link <\/a><\/p>\n<!-- CONTENT END 1 -->\n","protected":false},"excerpt":{"rendered":"<p>O Centro Cultural Or\u00f9nmil\u00e1, em Ribeir\u00e3o Preto, realiza nesta quinta-feira (20), a partir das 16h, o Festival Ojo Aiku. O evento celebra o Dia da&#8230;<\/p>\n","protected":false},"author":1,"featured_media":80353,"comment_status":"open","ping_status":"open","sticky":false,"template":"","format":"standard","meta":{"advanced_seo_description":"","jetpack_seo_html_title":"","jetpack_seo_noindex":false,"jetpack_post_was_ever_published":false,"_jetpack_newsletter_access":"","_jetpack_dont_email_post_to_subs":false,"_jetpack_newsletter_tier_id":0,"_jetpack_memberships_contains_paywalled_content":false,"_jetpack_memberships_contains_paid_content":false,"footnotes":"","jetpack_publicize_message":"","jetpack_publicize_feature_enabled":true,"jetpack_social_post_already_shared":true,"jetpack_social_options":{"image_generator_settings":{"template":"highway","default_image_id":0,"font":"","enabled":false},"version":2}},"categories":[11],"tags":[],"class_list":["post-80372","post","type-post","status-publish","format-standard","has-post-thumbnail","hentry","category-noticias-de-ribeirao-preto-sp-e-regiao-ismael-colosi"],"jetpack_publicize_connections":[],"jetpack_featured_media_url":"https:\/\/i0.wp.com\/noticiasribeiraopreto.com.br\/wp-content\/uploads\/2025\/11\/festival-orunmila-capa_2025-11-20_15-56-38.webp.webp?fit=1080%2C720&ssl=1","jetpack-related-posts":[{"id":80352,"url":"https:\/\/noticiasribeiraopreto.com.br\/index.php\/2025\/11\/20\/ribeirao-preto-recebe-festival-em-comemoracao-ao-dia-da-consciencia-negra\/","url_meta":{"origin":80372,"position":0},"title":"Ribeir\u00e3o Preto recebe festival em comemora\u00e7\u00e3o ao Dia da Consci\u00eancia Negra","author":"noticiasribeiraopreto.com.br","date":"20 de November de 2025","format":false,"excerpt":"O Centro Cultural Or\u00f9nmil\u00e1, em Ribeir\u00e3o Preto, realiza nesta quinta-feira (20), a partir das 16h, o Festival Ojo Aiku. O evento celebra o Dia da Consci\u00eancia Negra, celebrado hoje, e conta com atra\u00e7\u00f5es musicais, pratos t\u00edpicos da culin\u00e1ria africana e intera\u00e7\u00e3o para as crian\u00e7as. A entrada \u00e9 gratuita. Veja a\u2026","rel":"","context":"In &quot;Not\u00edcias de Ribeir\u00e3o Preto-SP e Regi\u00e3o&quot;","block_context":{"text":"Not\u00edcias de Ribeir\u00e3o Preto-SP e Regi\u00e3o","link":"https:\/\/noticiasribeiraopreto.com.br\/index.php\/category\/noticias-de-ribeirao-preto-sp-e-regiao-ismael-colosi\/"},"img":{"alt_text":"","src":"https:\/\/i0.wp.com\/noticiasribeiraopreto.com.br\/wp-content\/uploads\/2025\/11\/festival-orunmila-capa_2025-11-20_15-56-38.webp.webp?fit=1080%2C720&ssl=1&resize=350%2C200","width":350,"height":200,"srcset":"https:\/\/i0.wp.com\/noticiasribeiraopreto.com.br\/wp-content\/uploads\/2025\/11\/festival-orunmila-capa_2025-11-20_15-56-38.webp.webp?fit=1080%2C720&ssl=1&resize=350%2C200 1x, https:\/\/i0.wp.com\/noticiasribeiraopreto.com.br\/wp-content\/uploads\/2025\/11\/festival-orunmila-capa_2025-11-20_15-56-38.webp.webp?fit=1080%2C720&ssl=1&resize=525%2C300 1.5x, https:\/\/i0.wp.com\/noticiasribeiraopreto.com.br\/wp-content\/uploads\/2025\/11\/festival-orunmila-capa_2025-11-20_15-56-38.webp.webp?fit=1080%2C720&ssl=1&resize=700%2C400 2x, https:\/\/i0.wp.com\/noticiasribeiraopreto.com.br\/wp-content\/uploads\/2025\/11\/festival-orunmila-capa_2025-11-20_15-56-38.webp.webp?fit=1080%2C720&ssl=1&resize=1050%2C600 3x"},"classes":[]},{"id":48426,"url":"https:\/\/noticiasribeiraopreto.com.br\/index.php\/2024\/05\/02\/ribeirao-tem-festival-de-cultura-e-gastronomia-afro-com-show-da-cantora-ellen-oleria-saiba-quando\/","url_meta":{"origin":80372,"position":1},"title":"Ribeir\u00e3o tem festival de cultura e gastronomia afro com show da cantora Ellen Ol\u00e9ria; Saiba quando","author":"noticiasribeiraopreto.com.br","date":"2 de May de 2024","format":false,"excerpt":"Ribeir\u00e3o Preto vai receber o 2\u00ba Festival de Cultura e Gastronomia Afro nos dias 4 e 12 de maio, no Centro Cultural Or\u00f9nmil\u00e1, localizado na zona Norte da cidade. Com entrada gratuita, a programa\u00e7\u00e3o do evento contar\u00e1 com diferentes segmentos art\u00edsticos, interven\u00e7\u00e3o e exposi\u00e7\u00e3o fotogr\u00e1fica, al\u00e9m de oficina e degusta\u00e7\u00e3o\u2026","rel":"","context":"In &quot;Not\u00edcias de Ribeir\u00e3o Preto-SP e Regi\u00e3o&quot;","block_context":{"text":"Not\u00edcias de Ribeir\u00e3o Preto-SP e Regi\u00e3o","link":"https:\/\/noticiasribeiraopreto.com.br\/index.php\/category\/noticias-de-ribeirao-preto-sp-e-regiao-ismael-colosi\/"},"img":{"alt_text":"","src":"https:\/\/i0.wp.com\/noticiasribeiraopreto.com.br\/wp-content\/uploads\/2024\/05\/AnyConv.com__B6P1925-800x425-1_2024-05-02_21-39-15.webp.webp?fit=800%2C425&ssl=1&resize=350%2C200","width":350,"height":200,"srcset":"https:\/\/i0.wp.com\/noticiasribeiraopreto.com.br\/wp-content\/uploads\/2024\/05\/AnyConv.com__B6P1925-800x425-1_2024-05-02_21-39-15.webp.webp?fit=800%2C425&ssl=1&resize=350%2C200 1x, https:\/\/i0.wp.com\/noticiasribeiraopreto.com.br\/wp-content\/uploads\/2024\/05\/AnyConv.com__B6P1925-800x425-1_2024-05-02_21-39-15.webp.webp?fit=800%2C425&ssl=1&resize=525%2C300 1.5x, https:\/\/i0.wp.com\/noticiasribeiraopreto.com.br\/wp-content\/uploads\/2024\/05\/AnyConv.com__B6P1925-800x425-1_2024-05-02_21-39-15.webp.webp?fit=800%2C425&ssl=1&resize=700%2C400 2x"},"classes":[]},{"id":63984,"url":"https:\/\/noticiasribeiraopreto.com.br\/index.php\/2025\/02\/26\/carnaval-2025-confira-a-programacao-especial-do-sesc-ribeirao-preto\/","url_meta":{"origin":80372,"position":2},"title":"Carnaval 2025: Confira a programa\u00e7\u00e3o especial do Sesc Ribeir\u00e3o Preto","author":"noticiasribeiraopreto.com.br","date":"26 de February de 2025","format":false,"excerpt":"O Sesc de Ribeir\u00e3o Preto oferece, entre os dias 1 e 4 de mar\u00e7o, atividades gratuitas de carnaval para todas as idades e p\u00fablico. A programa\u00e7\u00e3o \u00e9 gratuita e vai de cortejos a oficinas. Confira os destaques da programa\u00e7\u00e3o: Maquiagem de carnaval com Fabiana Martins Para deixar os pequenos foli\u00f5es\u2026","rel":"","context":"In &quot;Not\u00edcias de Ribeir\u00e3o Preto-SP e Regi\u00e3o&quot;","block_context":{"text":"Not\u00edcias de Ribeir\u00e3o Preto-SP e Regi\u00e3o","link":"https:\/\/noticiasribeiraopreto.com.br\/index.php\/category\/noticias-de-ribeirao-preto-sp-e-regiao-ismael-colosi\/"},"img":{"alt_text":"","src":"https:\/\/i0.wp.com\/noticiasribeiraopreto.com.br\/wp-content\/uploads\/2025\/02\/WhatsApp-Image-2025-02-26-at-13.45.05_2025-02-26_21-39-33_jpeg_2025-02-26_21-39-33.webp.webp?fit=1200%2C800&ssl=1&resize=350%2C200","width":350,"height":200,"srcset":"https:\/\/i0.wp.com\/noticiasribeiraopreto.com.br\/wp-content\/uploads\/2025\/02\/WhatsApp-Image-2025-02-26-at-13.45.05_2025-02-26_21-39-33_jpeg_2025-02-26_21-39-33.webp.webp?fit=1200%2C800&ssl=1&resize=350%2C200 1x, https:\/\/i0.wp.com\/noticiasribeiraopreto.com.br\/wp-content\/uploads\/2025\/02\/WhatsApp-Image-2025-02-26-at-13.45.05_2025-02-26_21-39-33_jpeg_2025-02-26_21-39-33.webp.webp?fit=1200%2C800&ssl=1&resize=525%2C300 1.5x, https:\/\/i0.wp.com\/noticiasribeiraopreto.com.br\/wp-content\/uploads\/2025\/02\/WhatsApp-Image-2025-02-26-at-13.45.05_2025-02-26_21-39-33_jpeg_2025-02-26_21-39-33.webp.webp?fit=1200%2C800&ssl=1&resize=700%2C400 2x, https:\/\/i0.wp.com\/noticiasribeiraopreto.com.br\/wp-content\/uploads\/2025\/02\/WhatsApp-Image-2025-02-26-at-13.45.05_2025-02-26_21-39-33_jpeg_2025-02-26_21-39-33.webp.webp?fit=1200%2C800&ssl=1&resize=1050%2C600 3x"},"classes":[]},{"id":49310,"url":"https:\/\/noticiasribeiraopreto.com.br\/index.php\/2024\/05\/09\/ellen-oleria-se-apresenta-em-festival-de-cultura-e-gastronomia-afro-em-ribeirao-veja-quando\/","url_meta":{"origin":80372,"position":3},"title":"Ellen Ol\u00e9ria se apresenta em festival de cultura e gastronomia afro em Ribeir\u00e3o; Veja quando","author":"noticiasribeiraopreto.com.br","date":"9 de May de 2024","format":false,"excerpt":"A cantora e compositora Ellen Ol\u00e9ria, vencedora do reality show The Voice Brasil em 2012, se apresenta de forma gratuita neste s\u00e1bado (12), em Ribeir\u00e3o Preto. A apresenta\u00e7\u00e3o faz parte da programa\u00e7\u00e3o do 2\u00ba Festival de Cultura e Gastronomia Afro, que acontece a partir das 17h, no Centro Cultural Or\u00f9nmil\u00e1.\u2026","rel":"","context":"In &quot;Not\u00edcias de Ribeir\u00e3o Preto-SP e Regi\u00e3o&quot;","block_context":{"text":"Not\u00edcias de Ribeir\u00e3o Preto-SP e Regi\u00e3o","link":"https:\/\/noticiasribeiraopreto.com.br\/index.php\/category\/noticias-de-ribeirao-preto-sp-e-regiao-ismael-colosi\/"},"img":{"alt_text":"","src":"https:\/\/i0.wp.com\/noticiasribeiraopreto.com.br\/wp-content\/uploads\/2024\/05\/ellen-oleria-por-helen-salomao-_1_.png?fit=1200%2C801&ssl=1&resize=350%2C200","width":350,"height":200,"srcset":"https:\/\/i0.wp.com\/noticiasribeiraopreto.com.br\/wp-content\/uploads\/2024\/05\/ellen-oleria-por-helen-salomao-_1_.png?fit=1200%2C801&ssl=1&resize=350%2C200 1x, https:\/\/i0.wp.com\/noticiasribeiraopreto.com.br\/wp-content\/uploads\/2024\/05\/ellen-oleria-por-helen-salomao-_1_.png?fit=1200%2C801&ssl=1&resize=525%2C300 1.5x, https:\/\/i0.wp.com\/noticiasribeiraopreto.com.br\/wp-content\/uploads\/2024\/05\/ellen-oleria-por-helen-salomao-_1_.png?fit=1200%2C801&ssl=1&resize=700%2C400 2x, https:\/\/i0.wp.com\/noticiasribeiraopreto.com.br\/wp-content\/uploads\/2024\/05\/ellen-oleria-por-helen-salomao-_1_.png?fit=1200%2C801&ssl=1&resize=1050%2C600 3x"},"classes":[]},{"id":64088,"url":"https:\/\/noticiasribeiraopreto.com.br\/index.php\/2025\/03\/01\/veja-as-opcoes-para-curtir-o-sabado-de-carnaval-em-ribeirao-preto\/","url_meta":{"origin":80372,"position":4},"title":"Veja as op\u00e7\u00f5es para curtir o s\u00e1bado de Carnaval em Ribeir\u00e3o Preto","author":"noticiasribeiraopreto.com.br","date":"1 de March de 2025","format":false,"excerpt":"O m\u00eas de mar\u00e7o come\u00e7ou logo no s\u00e1bado de Carnaval, e Ribeir\u00e3o Preto conta com diversas atividades para quem n\u00e3o quer ficar parado. Confira os bloquinhos que tomam conta da cidade: Afox\u00e9 Om\u00f3 Or\u00fanmil\u00e1 Neste s\u00e1bado (1\u00ba mar\u00e7o), o tradicional Afox\u00e9 Om\u00f3 Or\u00f9nmil\u00e1 comemora 30 anos no Teatro de Arena,\u2026","rel":"","context":"In &quot;Not\u00edcias de Ribeir\u00e3o Preto-SP e Regi\u00e3o&quot;","block_context":{"text":"Not\u00edcias de Ribeir\u00e3o Preto-SP e Regi\u00e3o","link":"https:\/\/noticiasribeiraopreto.com.br\/index.php\/category\/noticias-de-ribeirao-preto-sp-e-regiao-ismael-colosi\/"},"img":{"alt_text":"","src":"https:\/\/i0.wp.com\/noticiasribeiraopreto.com.br\/wp-content\/uploads\/2025\/03\/Snapinst.app_473669436_18478971064024389_448097986808217743_n_1080-e1739987310882-664x332-1_2025-02-28_13-27-28_jpg_2025-02-28_13-27-28.webp.webp?fit=664%2C332&ssl=1&resize=350%2C200","width":350,"height":200,"srcset":"https:\/\/i0.wp.com\/noticiasribeiraopreto.com.br\/wp-content\/uploads\/2025\/03\/Snapinst.app_473669436_18478971064024389_448097986808217743_n_1080-e1739987310882-664x332-1_2025-02-28_13-27-28_jpg_2025-02-28_13-27-28.webp.webp?fit=664%2C332&ssl=1&resize=350%2C200 1x, https:\/\/i0.wp.com\/noticiasribeiraopreto.com.br\/wp-content\/uploads\/2025\/03\/Snapinst.app_473669436_18478971064024389_448097986808217743_n_1080-e1739987310882-664x332-1_2025-02-28_13-27-28_jpg_2025-02-28_13-27-28.webp.webp?fit=664%2C332&ssl=1&resize=525%2C300 1.5x"},"classes":[]},{"id":62503,"url":"https:\/\/noticiasribeiraopreto.com.br\/index.php\/2025\/01\/16\/afoxe-abre-temporada-de-ensaios-para-o-carnaval-em-ribeirao-preto\/","url_meta":{"origin":80372,"position":5},"title":"Afox\u00e9 abre temporada de ensaios para o Carnaval em Ribeir\u00e3o Preto","author":"noticiasribeiraopreto.com.br","date":"16 de January de 2025","format":false,"excerpt":"O Afox\u00e9 Omo Or\u00f9nmil\u00e1 abre sua temporada de ensaios para temporada de Carnaval neste s\u00e1bado (18), a partir das 16h, no Centro Cultural Or\u00f9nmil\u00e1, no bairro Tanquinho, na zona Norte de Ribeir\u00e3o Preto. A participa\u00e7\u00e3o \u00e9 gratuita e conta com abad\u00e1. Os ensaios no Centro Cultural Or\u00fanmil\u00e1 continuam durante os\u2026","rel":"","context":"In &quot;Not\u00edcias de Ribeir\u00e3o Preto-SP e Regi\u00e3o&quot;","block_context":{"text":"Not\u00edcias de Ribeir\u00e3o Preto-SP e Regi\u00e3o","link":"https:\/\/noticiasribeiraopreto.com.br\/index.php\/category\/noticias-de-ribeirao-preto-sp-e-regiao-ismael-colosi\/"},"img":{"alt_text":"","src":"https:\/\/i0.wp.com\/noticiasribeiraopreto.com.br\/wp-content\/uploads\/2025\/01\/orunmila_3_2025-01-16_13-20-45_jpeg_2025-01-16_13-20-45.webp.webp?fit=1200%2C800&ssl=1&resize=350%2C200","width":350,"height":200,"srcset":"https:\/\/i0.wp.com\/noticiasribeiraopreto.com.br\/wp-content\/uploads\/2025\/01\/orunmila_3_2025-01-16_13-20-45_jpeg_2025-01-16_13-20-45.webp.webp?fit=1200%2C800&ssl=1&resize=350%2C200 1x, https:\/\/i0.wp.com\/noticiasribeiraopreto.com.br\/wp-content\/uploads\/2025\/01\/orunmila_3_2025-01-16_13-20-45_jpeg_2025-01-16_13-20-45.webp.webp?fit=1200%2C800&ssl=1&resize=525%2C300 1.5x, https:\/\/i0.wp.com\/noticiasribeiraopreto.com.br\/wp-content\/uploads\/2025\/01\/orunmila_3_2025-01-16_13-20-45_jpeg_2025-01-16_13-20-45.webp.webp?fit=1200%2C800&ssl=1&resize=700%2C400 2x, https:\/\/i0.wp.com\/noticiasribeiraopreto.com.br\/wp-content\/uploads\/2025\/01\/orunmila_3_2025-01-16_13-20-45_jpeg_2025-01-16_13-20-45.webp.webp?fit=1200%2C800&ssl=1&resize=1050%2C600 3x"},"classes":[]}],"jetpack_sharing_enabled":true,"jetpack_shortlink":"https:\/\/wp.me\/peQAOb-kUk","_links":{"self":[{"href":"https:\/\/noticiasribeiraopreto.com.br\/index.php\/wp-json\/wp\/v2\/posts\/80372","targetHints":{"allow":["GET"]}}],"collection":[{"href":"https:\/\/noticiasribeiraopreto.com.br\/index.php\/wp-json\/wp\/v2\/posts"}],"about":[{"href":"https:\/\/noticiasribeiraopreto.com.br\/index.php\/wp-json\/wp\/v2\/types\/post"}],"author":[{"embeddable":true,"href":"https:\/\/noticiasribeiraopreto.com.br\/index.php\/wp-json\/wp\/v2\/users\/1"}],"replies":[{"embeddable":true,"href":"https:\/\/noticiasribeiraopreto.com.br\/index.php\/wp-json\/wp\/v2\/comments?post=80372"}],"version-history":[{"count":0,"href":"https:\/\/noticiasribeiraopreto.com.br\/index.php\/wp-json\/wp\/v2\/posts\/80372\/revisions"}],"wp:featuredmedia":[{"embeddable":true,"href":"https:\/\/noticiasribeiraopreto.com.br\/index.php\/wp-json\/wp\/v2\/media\/80353"}],"wp:attachment":[{"href":"https:\/\/noticiasribeiraopreto.com.br\/index.php\/wp-json\/wp\/v2\/media?parent=80372"}],"wp:term":[{"taxonomy":"category","embeddable":true,"href":"https:\/\/noticiasribeiraopreto.com.br\/index.php\/wp-json\/wp\/v2\/categories?post=80372"},{"taxonomy":"post_tag","embeddable":true,"href":"https:\/\/noticiasribeiraopreto.com.br\/index.php\/wp-json\/wp\/v2\/tags?post=80372"}],"curies":[{"name":"wp","href":"https:\/\/api.w.org\/{rel}","templated":true}]}}