{"id":80375,"date":"2025-11-20T19:09:42","date_gmt":"2025-11-20T22:09:42","guid":{"rendered":"https:\/\/noticiasribeiraopreto.com.br\/index.php\/2025\/11\/20\/cemiterio-da-saudade-sera-palco-de-nova-edicao-da-visita-cultural-mediada-veja-quando\/"},"modified":"2025-11-20T19:09:42","modified_gmt":"2025-11-20T22:09:42","slug":"cemiterio-da-saudade-sera-palco-de-nova-edicao-da-visita-cultural-mediada-veja-quando","status":"publish","type":"post","link":"https:\/\/noticiasribeiraopreto.com.br\/index.php\/2025\/11\/20\/cemiterio-da-saudade-sera-palco-de-nova-edicao-da-visita-cultural-mediada-veja-quando\/","title":{"rendered":"Cemit\u00e9rio da Saudade ser\u00e1 palco de nova edi\u00e7\u00e3o da visita cultural mediada; Veja quando"},"content":{"rendered":"<div class='code-block code-block-1' style='margin: 8px 0 8px auto; text-align: right; display: block; clear: both;'>\n<p><a href=\"https:\/\/wa.link\/vpicfd\"><img data-recalc-dims=\"1\" class=\"wp-image-4922\" style=\"aspect-ratio: 2.0253164556962027; width: 561px; height: auto;\" src=\"https:\/\/i0.wp.com\/ismaelcolosi.com.br\/wp-content\/uploads\/2023\/11\/grupo-de-empregos-whatsapp-e-facebook-ismael-colosi-vagas.jpg?ssl=1\" alt=\"\" \/><\/a><\/p>\n<!-- \/wp:image -->\n<\/div>\n<p> <br \/>\n<\/p>\n<div>\n<p>O <strong>Cemit\u00e9rio da Saudade<\/strong>, localizado no bairro Campos El\u00edseos, na zona Norte de <strong>Ribeir\u00e3o Preto<\/strong>, receber\u00e1 mais uma edi\u00e7\u00e3o da <strong>visita cultural mediada<\/strong> \u201cUm Ribeir\u00e3o de Saudade\u201d <strong>no dia 30 de novembro, \u00e0s 9h30<\/strong>.<\/p>\n<p>O evento tem o intuito de demonstrar que o local n\u00e3o \u00e9 apenas um lugar de luto, sepultamento e tristeza, mas sim, um local de hist\u00f3ria, cultura, arte e educa\u00e7\u00e3o. <strong><mark style=\"background-color:#fcb900\" class=\"has-inline-color\">O evento \u00e9 gratuito e aberto a todos os p\u00fablicos \u2013 veja como se inscrever logo abaixo.<\/mark><\/strong><\/p>\n<div class=\"wp-block-image\">\n<figure class=\"aligncenter size-large is-resized\"><img data-recalc-dims=\"1\" fetchpriority=\"high\" decoding=\"async\" width=\"1024\" height=\"768\" src=\"https:\/\/i0.wp.com\/cdn.media-acidadeon.com.br\/ribeiraopreto\/wp-content\/uploads\/sites\/3\/2024\/10\/whatsapp_image_2022-11-02_at_07_44_55_x1x_2024-10-29_18-45-15_jpe_2024-10-29_18-45-15-1024x768.webp?resize=1024%2C768&#038;ssl=1\" alt=\"Cemit\u00e9rio da Saudade, em Ribeir\u00e3o Preto (Foto: Andrielly Ferro\/CBN Ribeir\u00e3o)\" class=\"wp-image-98059\" style=\"width:654px\" title=\"Cemit\u00e9rio da Saudade ser\u00e1 palco de nova edi\u00e7\u00e3o da visita cultural mediada; Veja quando 1\" srcset=\"https:\/\/cdn.media-acidadeon.com.br\/ribeiraopreto\/wp-content\/uploads\/sites\/3\/2024\/10\/whatsapp_image_2022-11-02_at_07_44_55_x1x_2024-10-29_18-45-15_jpe_2024-10-29_18-45-15-1024x768.webp 1024w, https:\/\/cdn.media-acidadeon.com.br\/ribeiraopreto\/wp-content\/uploads\/sites\/3\/2024\/10\/whatsapp_image_2022-11-02_at_07_44_55_x1x_2024-10-29_18-45-15_jpe_2024-10-29_18-45-15-300x225.webp 300w, https:\/\/cdn.media-acidadeon.com.br\/ribeiraopreto\/wp-content\/uploads\/sites\/3\/2024\/10\/whatsapp_image_2022-11-02_at_07_44_55_x1x_2024-10-29_18-45-15_jpe_2024-10-29_18-45-15-768x576.webp 768w, https:\/\/cdn.media-acidadeon.com.br\/ribeiraopreto\/wp-content\/uploads\/sites\/3\/2024\/10\/whatsapp_image_2022-11-02_at_07_44_55_x1x_2024-10-29_18-45-15_jpe_2024-10-29_18-45-15-1536x1152.webp 1536w, https:\/\/cdn.media-acidadeon.com.br\/ribeiraopreto\/wp-content\/uploads\/sites\/3\/2024\/10\/whatsapp_image_2022-11-02_at_07_44_55_x1x_2024-10-29_18-45-15_jpe_2024-10-29_18-45-15-696x522.webp 696w, https:\/\/cdn.media-acidadeon.com.br\/ribeiraopreto\/wp-content\/uploads\/sites\/3\/2024\/10\/whatsapp_image_2022-11-02_at_07_44_55_x1x_2024-10-29_18-45-15_jpe_2024-10-29_18-45-15-1068x801.webp 1068w, https:\/\/cdn.media-acidadeon.com.br\/ribeiraopreto\/wp-content\/uploads\/sites\/3\/2024\/10\/whatsapp_image_2022-11-02_at_07_44_55_x1x_2024-10-29_18-45-15_jpe_2024-10-29_18-45-15.webp 1600w\" sizes=\"(max-width: 1024px) 100vw, 1024px\"\/><figcaption class=\"wp-element-caption\">Cemit\u00e9rio da Saudade, em Ribeir\u00e3o Preto (Foto: Andrielly Ferro\/CBN Ribeir\u00e3o)<\/figcaption><\/figure>\n<\/div>\n<h2 class=\"wp-block-heading\"><strong>Roteiro da visita<\/strong><\/h2>\n<p>O roteiro da visita contempla t\u00famulos de <strong>valor hist\u00f3rico<\/strong>, <strong>art\u00edstico <\/strong>e <strong>arquitet\u00f4nico <\/strong>para o munic\u00edpio, al\u00e9m de suas hist\u00f3rias e suas identidades locais.<\/p>\n<p>No local est\u00e3o sepultadas <strong>pessoas relevantes para a hist\u00f3ria de Ribeir\u00e3o Preto<\/strong> como o Menino Zezinho, o Prefeito Cost\u00e1bile Romano, o Jornalista Wilson Toni, Dom Giovanni Rabaiolli, a Menina da Piedade e as Irm\u00e3s Ursulinas.<\/p>\n<h2 class=\"wp-block-heading\"><strong>Como participar da visita?<\/strong><\/h2>\n<p>Para participar da visita cultural os interessados devem se inscrever de <strong>forma online (<a href=\"https:\/\/docs.google.com\/forms\/d\/1ObBdpWVCqJKV-LCZHct5MO4S1hn5LWlLYt_fjHfADwA\/viewform?edit_requested=true\" target=\"_blank\" data-type=\"link\" data-id=\"https:\/\/docs.google.com\/forms\/d\/1ObBdpWVCqJKV-LCZHct5MO4S1hn5LWlLYt_fjHfADwA\/viewform?edit_requested=true\" rel=\"noreferrer noopener\">clique aqui<\/a>)<\/strong> ou <strong>pelo WhatsApp (16) 99132-7020<\/strong>. <mark style=\"background-color:#fcb900\" class=\"has-inline-color\">Vale lembrar que as vagas s\u00e3o limitadas \u2013 assim que elas forem preenchidas, o formul\u00e1rio ser\u00e1 fechado.<\/mark><\/p>\n<p>Ao final da atividade \u00e9 oferecido um caf\u00e9 da manh\u00e3 para os participantes. Al\u00e9m disso, tamb\u00e9m ser\u00e3o fornecidos copos de \u00e1gua durante a expedi\u00e7\u00e3o na necr\u00f3pole.<\/p>\n<figure class=\"wp-block-gallery has-nested-images columns-default is-cropped wp-block-gallery-1 is-layout-flex wp-block-gallery-is-layout-flex\">\n<figure class=\"wp-block-image size-large\"><img data-recalc-dims=\"1\" decoding=\"async\" data-id=\"27668\" src=\"https:\/\/i0.wp.com\/cdn.media-acidadeon.com.br\/ribeiraopreto\/wp-content\/uploads\/sites\/3\/2023\/08\/inshot_20221101_084040702.jpg?ssl=1\" alt=\"Cemit\u00e9rio da Saudade, em Ribeir\u00e3o Preto (Foto: Naiana Kennedy \/ CBN Ribeir\u00e3o \/ Arquivo)\" class=\"wp-image-27668\" title=\"Cemit\u00e9rio da Saudade ser\u00e1 palco de nova edi\u00e7\u00e3o da visita cultural mediada; Veja quando 2\"\/><figcaption class=\"wp-element-caption\">Cemit\u00e9rio da Saudade, em Ribeir\u00e3o Preto (Foto: Naiana Kennedy \/ CBN Ribeir\u00e3o \/ Arquivo)<\/figcaption><\/figure>\n<figure class=\"wp-block-image size-large\"><img data-recalc-dims=\"1\" decoding=\"async\" data-id=\"26219\" src=\"https:\/\/i0.wp.com\/cdn.media-acidadeon.com.br\/ribeiraopreto\/wp-content\/uploads\/sites\/3\/2023\/08\/cemiterio_saudade_1024x576_08052021144945.jpg?ssl=1\" alt=\"Cemit\u00e9rio da Saudade, em Ribeir\u00e3o Preto (Foto de arquivo: Weber Sian \/ A Cidade)&#10;\" class=\"wp-image-26219\" title=\"Cemit\u00e9rio da Saudade ser\u00e1 palco de nova edi\u00e7\u00e3o da visita cultural mediada; Veja quando 3\"\/><figcaption class=\"wp-element-caption\">Cemit\u00e9rio da Saudade, em Ribeir\u00e3o Preto (Foto de arquivo: Weber Sian \/ A Cidade)<br \/><\/figcaption><\/figure>\n<figure class=\"wp-block-image size-large\"><img data-recalc-dims=\"1\" decoding=\"async\" data-id=\"51073\" src=\"https:\/\/i0.wp.com\/cdn.media-acidadeon.com.br\/ribeiraopreto\/wp-content\/uploads\/sites\/3\/2023\/09\/cemiterio_saudade_1024x576_31032021112927.jpg?ssl=1\" alt=\"Cemit\u00e9rio da Saudade, em Ribeir\u00e3o Preto (Foto de arquivo: Weber Sian \/ A Cidade)&#10;\" class=\"wp-image-51073\" title=\"Cemit\u00e9rio da Saudade ser\u00e1 palco de nova edi\u00e7\u00e3o da visita cultural mediada; Veja quando 4\"\/><figcaption class=\"wp-element-caption\">Cemit\u00e9rio da Saudade, em Ribeir\u00e3o Preto (Foto de arquivo: Weber Sian \/ A Cidade)<br \/><\/figcaption><\/figure>\n<\/figure>\n<h2 class=\"wp-block-heading\"><strong>O que levar para a visita?<\/strong><\/h2>\n<p>De acordo com a organiza\u00e7\u00e3o, \u00e9 importante que os visitantes n\u00e3o se esque\u00e7am de que o cemit\u00e9rio tamb\u00e9m \u00e9 um espa\u00e7o de rituais religiosos diversos e luto, portanto, \u00e9 importante que os participantes mantenham o respeito com os usu\u00e1rios do local.<\/p>\n<h3 class=\"wp-block-heading\"><strong>Servi\u00e7o<\/strong><\/h3>\n<p><em>Um Ribeir\u00e3o de Saudade: Visita Cultural Mediada no Cemit\u00e9rio da Saudade<\/em><\/p>\n<p>Quando: 30 de novembro (domingo)<\/p>\n<p>Hor\u00e1rio: \u00e0s 9h30<\/p>\n<p>Onde: Concentra\u00e7\u00e3o acontece na entrada principal do cemit\u00e9rio \u2013 avenida da Saudade, 1775 \u2013 Campos El\u00edseos<\/p>\n<p>Inscri\u00e7\u00f5es: de forma on-line (<a href=\"https:\/\/docs.google.com\/forms\/d\/1ObBdpWVCqJKV-LCZHct5MO4S1hn5LWlLYt_fjHfADwA\/viewform?edit_requested=true\" target=\"_blank\" data-type=\"link\" data-id=\"https:\/\/docs.google.com\/forms\/d\/1ObBdpWVCqJKV-LCZHct5MO4S1hn5LWlLYt_fjHfADwA\/viewform?edit_requested=true\" rel=\"noreferrer noopener\">clique aqui<\/a>)<\/p>\n<p>Evento gratuito<\/p>\n<hr class=\"wp-block-separator has-alpha-channel-opacity\"\/>\n<p>SAIBA MAIS<\/p>\n<p>Ribeir\u00e3o Preto recebe festival em comemora\u00e7\u00e3o ao Dia da Consci\u00eancia Negra<\/p>\n<h2 class=\"wp-block-heading\"><strong>FIQUE ON<\/strong><\/h2>\n<p>Fique ligado em tudo que acontece em Ribeir\u00e3o Preto e regi\u00e3o. Siga os perfis do<strong>\u00a0acidade on\u00a0<\/strong>no<a href=\"https:\/\/www.instagram.com\/acidadeonribeirao\" target=\"_blank\" rel=\"noreferrer noopener\">\u00a0Instagram\u00a0<\/a>e no\u00a0<a href=\"https:\/\/www.facebook.com\/acidadeonribeirao\/\" target=\"_blank\" rel=\"noreferrer noopener\">Facebook<\/a>.<\/p>\n<p>Receba not\u00edcias do<strong>\u00a0acidade on<\/strong>\u00a0no WhatsApp. Para entrar no grupo,\u00a0basta\u00a0<a href=\"https:\/\/chat.whatsapp.com\/I4nieTEMKlf50pJ28aMemC?mode=ac_t\" target=\"_blank\" rel=\"noreferrer noopener\">clicar aqui<\/a>. Ou, acesse o nosso\u00a0Canal\u00a0<a href=\"https:\/\/whatsapp.com\/channel\/0029Vb6IQl1JENyAeS57fk2p\" target=\"_blank\" rel=\"noreferrer noopener\">clicando aqui<\/a>.<\/p>\n<p>Fa\u00e7a uma den\u00fancia ou sugira uma reportagem sobre Ribeir\u00e3o Preto e regi\u00e3o pelo WhatsApp: 16 99117 7802.<\/p>\n<p>VEJA TAMB\u00c9M<\/p>\n<p>Xbox expande chega ao Amazon Fire TV e TVs Smart LG<\/p>\n<p><!-- AI CONTENT END 1 -->\n<\/div>\n<p><script async src=\"\/\/www.instagram.com\/embed.js\"><\/script><br \/>\n<br \/><br \/>\n<br \/><a href=\"https:\/\/www.acidadeon.com\/ribeiraopreto\/lazer-e-cultura\/cemiterio-da-saudade-sera-palco-de-nova-edicao-da-visita-cultural-mediada-veja-quando\/\">Source link <\/a><\/p>\n<!-- CONTENT END 1 -->\n","protected":false},"excerpt":{"rendered":"<p>O Cemit\u00e9rio da Saudade, localizado no bairro Campos El\u00edseos, na zona Norte de Ribeir\u00e3o Preto, receber\u00e1 mais uma edi\u00e7\u00e3o da visita cultural mediada \u201cUm Ribeir\u00e3o&#8230;<\/p>\n","protected":false},"author":1,"featured_media":72277,"comment_status":"open","ping_status":"open","sticky":false,"template":"","format":"standard","meta":{"advanced_seo_description":"","jetpack_seo_html_title":"","jetpack_seo_noindex":false,"jetpack_post_was_ever_published":false,"_jetpack_newsletter_access":"","_jetpack_dont_email_post_to_subs":false,"_jetpack_newsletter_tier_id":0,"_jetpack_memberships_contains_paywalled_content":false,"_jetpack_memberships_contains_paid_content":false,"footnotes":"","jetpack_publicize_message":"","jetpack_publicize_feature_enabled":true,"jetpack_social_post_already_shared":true,"jetpack_social_options":{"image_generator_settings":{"template":"highway","default_image_id":0,"font":"","enabled":false},"version":2}},"categories":[11],"tags":[],"class_list":["post-80375","post","type-post","status-publish","format-standard","has-post-thumbnail","hentry","category-noticias-de-ribeirao-preto-sp-e-regiao-ismael-colosi"],"jetpack_publicize_connections":[],"jetpack_featured_media_url":"https:\/\/i0.wp.com\/noticiasribeiraopreto.com.br\/wp-content\/uploads\/2025\/06\/visita_guiada_cemiterio_da_saudade_-_foto_fernando_gonzaga_19_2024-05-15_18-02-17_jpg_2024-05-15_18-02-17.webp.webp?fit=1620%2C1080&ssl=1","jetpack-related-posts":[{"id":83412,"url":"https:\/\/noticiasribeiraopreto.com.br\/index.php\/2026\/03\/17\/visita-guiada-no-cemiterio-da-saudade-tera-edicao-especial-sobre-mulheres\/","url_meta":{"origin":80375,"position":0},"title":"Visita guiada no Cemit\u00e9rio da Saudade ter\u00e1 edi\u00e7\u00e3o especial sobre mulheres","author":"noticiasribeiraopreto.com.br","date":"17 de March de 2026","format":false,"excerpt":"O cemit\u00e9rio da Saudade, em Ribeir\u00e3o Preto, recebe no dia 29 de mar\u00e7o uma edi\u00e7\u00e3o especial do projeto \u201cUm Ribeir\u00e3o de Saudade\u201d. Desta vez, o roteiro ser\u00e1 tem\u00e1tico em homenagem ao Dia das Mulheres. Com o tema \u201cMulheres e Representa\u00e7\u00f5es Femininas\u201d, a visita prop\u00f5e um percurso por sepulturas e personalidades\u2026","rel":"","context":"In &quot;Not\u00edcias de Ribeir\u00e3o Preto-SP e Regi\u00e3o&quot;","block_context":{"text":"Not\u00edcias de Ribeir\u00e3o Preto-SP e Regi\u00e3o","link":"https:\/\/noticiasribeiraopreto.com.br\/index.php\/category\/noticias-de-ribeirao-preto-sp-e-regiao-ismael-colosi\/"},"img":{"alt_text":"","src":"https:\/\/i0.wp.com\/noticiasribeiraopreto.com.br\/wp-content\/uploads\/2026\/03\/Copia-de-Copia-de-Copia-de-TAMANHO-EXATO-PARA-FOTOS-NO-SISTEMA-NOVO-2025-09-20T095944.199_2025-09-20_12-59-51.webp.webp?fit=1200%2C675&ssl=1&resize=350%2C200","width":350,"height":200,"srcset":"https:\/\/i0.wp.com\/noticiasribeiraopreto.com.br\/wp-content\/uploads\/2026\/03\/Copia-de-Copia-de-Copia-de-TAMANHO-EXATO-PARA-FOTOS-NO-SISTEMA-NOVO-2025-09-20T095944.199_2025-09-20_12-59-51.webp.webp?fit=1200%2C675&ssl=1&resize=350%2C200 1x, https:\/\/i0.wp.com\/noticiasribeiraopreto.com.br\/wp-content\/uploads\/2026\/03\/Copia-de-Copia-de-Copia-de-TAMANHO-EXATO-PARA-FOTOS-NO-SISTEMA-NOVO-2025-09-20T095944.199_2025-09-20_12-59-51.webp.webp?fit=1200%2C675&ssl=1&resize=525%2C300 1.5x, https:\/\/i0.wp.com\/noticiasribeiraopreto.com.br\/wp-content\/uploads\/2026\/03\/Copia-de-Copia-de-Copia-de-TAMANHO-EXATO-PARA-FOTOS-NO-SISTEMA-NOVO-2025-09-20T095944.199_2025-09-20_12-59-51.webp.webp?fit=1200%2C675&ssl=1&resize=700%2C400 2x, https:\/\/i0.wp.com\/noticiasribeiraopreto.com.br\/wp-content\/uploads\/2026\/03\/Copia-de-Copia-de-Copia-de-TAMANHO-EXATO-PARA-FOTOS-NO-SISTEMA-NOVO-2025-09-20T095944.199_2025-09-20_12-59-51.webp.webp?fit=1200%2C675&ssl=1&resize=1050%2C600 3x"},"classes":[]},{"id":63359,"url":"https:\/\/noticiasribeiraopreto.com.br\/index.php\/2025\/02\/11\/cemiterio-de-ribeirao-preto-recebe-nova-edicao-de-visita-cultural-veja-como-participar\/","url_meta":{"origin":80375,"position":1},"title":"Cemit\u00e9rio de Ribeir\u00e3o Preto recebe nova edi\u00e7\u00e3o de visita cultural; Veja como participar","author":"noticiasribeiraopreto.com.br","date":"11 de February de 2025","format":false,"excerpt":"O Cemit\u00e9rio da Saudade, em Ribeir\u00e3o Preto, recebe uma nova edi\u00e7\u00e3o da visita cultural mediada. As inscri\u00e7\u00f5es est\u00e3o abertas e o passeio acontece no dia 23 de fevereiro, \u00e0s 9h. Os interessados devem se inscrever atrav\u00e9s de um formul\u00e1rio pela internet (clique aqui). A visita \u00e9 gratuita e aberta ao\u2026","rel":"","context":"In &quot;Not\u00edcias de Ribeir\u00e3o Preto-SP e Regi\u00e3o&quot;","block_context":{"text":"Not\u00edcias de Ribeir\u00e3o Preto-SP e Regi\u00e3o","link":"https:\/\/noticiasribeiraopreto.com.br\/index.php\/category\/noticias-de-ribeirao-preto-sp-e-regiao-ismael-colosi\/"},"img":{"alt_text":"","src":"https:\/\/i0.wp.com\/noticiasribeiraopreto.com.br\/wp-content\/uploads\/2024\/05\/visita_guiada_cemiterio_da_saudade_-_foto_fernando_gonzaga_19_2024-05-15_18-02-17_jpg_2024-05-15_18-02-17.webp.webp?fit=1200%2C800&ssl=1&resize=350%2C200","width":350,"height":200,"srcset":"https:\/\/i0.wp.com\/noticiasribeiraopreto.com.br\/wp-content\/uploads\/2024\/05\/visita_guiada_cemiterio_da_saudade_-_foto_fernando_gonzaga_19_2024-05-15_18-02-17_jpg_2024-05-15_18-02-17.webp.webp?fit=1200%2C800&ssl=1&resize=350%2C200 1x, https:\/\/i0.wp.com\/noticiasribeiraopreto.com.br\/wp-content\/uploads\/2024\/05\/visita_guiada_cemiterio_da_saudade_-_foto_fernando_gonzaga_19_2024-05-15_18-02-17_jpg_2024-05-15_18-02-17.webp.webp?fit=1200%2C800&ssl=1&resize=525%2C300 1.5x, https:\/\/i0.wp.com\/noticiasribeiraopreto.com.br\/wp-content\/uploads\/2024\/05\/visita_guiada_cemiterio_da_saudade_-_foto_fernando_gonzaga_19_2024-05-15_18-02-17_jpg_2024-05-15_18-02-17.webp.webp?fit=1200%2C800&ssl=1&resize=700%2C400 2x, https:\/\/i0.wp.com\/noticiasribeiraopreto.com.br\/wp-content\/uploads\/2024\/05\/visita_guiada_cemiterio_da_saudade_-_foto_fernando_gonzaga_19_2024-05-15_18-02-17_jpg_2024-05-15_18-02-17.webp.webp?fit=1200%2C800&ssl=1&resize=1050%2C600 3x"},"classes":[]},{"id":80845,"url":"https:\/\/noticiasribeiraopreto.com.br\/index.php\/2025\/12\/16\/ribeirao-preto-recebe-ultima-edicao-do-ano-da-visita-cultural-um-ribeirao-da-saudade-veja-quando\/","url_meta":{"origin":80375,"position":2},"title":"Ribeir\u00e3o Preto recebe \u00faltima edi\u00e7\u00e3o do ano da visita cultural &#8216;Um Ribeir\u00e3o da Saudade&#8217;; Veja quando","author":"noticiasribeiraopreto.com.br","date":"16 de December de 2025","format":false,"excerpt":"Ribeir\u00e3o Preto recebe, no dia 21 de dezembro, a partir das 9h30, a \u00faltima edi\u00e7\u00e3o do ano da visita cultural mediada ao Cemit\u00e9rio da Saudade. As inscri\u00e7\u00f5es j\u00e1 est\u00e3o abertas e podem ser feitas de forma on-line (clique aqui). O projeto \u201cUm Ribeir\u00e3o da Saudade\u201d promove uma visita monitorada que\u2026","rel":"","context":"In &quot;Not\u00edcias de Ribeir\u00e3o Preto-SP e Regi\u00e3o&quot;","block_context":{"text":"Not\u00edcias de Ribeir\u00e3o Preto-SP e Regi\u00e3o","link":"https:\/\/noticiasribeiraopreto.com.br\/index.php\/category\/noticias-de-ribeirao-preto-sp-e-regiao-ismael-colosi\/"},"img":{"alt_text":"","src":"https:\/\/i0.wp.com\/noticiasribeiraopreto.com.br\/wp-content\/uploads\/2025\/06\/visita_guiada_cemiterio_da_saudade_-_foto_fernando_gonzaga_19_2024-05-15_18-02-17_jpg_2024-05-15_18-02-17.webp.webp?fit=1200%2C800&ssl=1&resize=350%2C200","width":350,"height":200,"srcset":"https:\/\/i0.wp.com\/noticiasribeiraopreto.com.br\/wp-content\/uploads\/2025\/06\/visita_guiada_cemiterio_da_saudade_-_foto_fernando_gonzaga_19_2024-05-15_18-02-17_jpg_2024-05-15_18-02-17.webp.webp?fit=1200%2C800&ssl=1&resize=350%2C200 1x, https:\/\/i0.wp.com\/noticiasribeiraopreto.com.br\/wp-content\/uploads\/2025\/06\/visita_guiada_cemiterio_da_saudade_-_foto_fernando_gonzaga_19_2024-05-15_18-02-17_jpg_2024-05-15_18-02-17.webp.webp?fit=1200%2C800&ssl=1&resize=525%2C300 1.5x, https:\/\/i0.wp.com\/noticiasribeiraopreto.com.br\/wp-content\/uploads\/2025\/06\/visita_guiada_cemiterio_da_saudade_-_foto_fernando_gonzaga_19_2024-05-15_18-02-17_jpg_2024-05-15_18-02-17.webp.webp?fit=1200%2C800&ssl=1&resize=700%2C400 2x, https:\/\/i0.wp.com\/noticiasribeiraopreto.com.br\/wp-content\/uploads\/2025\/06\/visita_guiada_cemiterio_da_saudade_-_foto_fernando_gonzaga_19_2024-05-15_18-02-17_jpg_2024-05-15_18-02-17.webp.webp?fit=1200%2C800&ssl=1&resize=1050%2C600 3x"},"classes":[]},{"id":77532,"url":"https:\/\/noticiasribeiraopreto.com.br\/index.php\/2025\/09\/20\/passeio-cultural-transforma-cemiterio-da-saudade-em-museu-a-ceu-aberto-veja-como-participar\/","url_meta":{"origin":80375,"position":3},"title":"Passeio cultural transforma cemit\u00e9rio da Saudade em museu a c\u00e9u aberto; Veja como participar","author":"noticiasribeiraopreto.com.br","date":"20 de September de 2025","format":false,"excerpt":"O cemit\u00e9rio da Saudade, localizado no bairro Campos El\u00edseos, zona Norte de Ribeir\u00e3o Preto, recebe mais uma edi\u00e7\u00e3o da visita cultural mediada, no dia 28 de setembro, a partir das 8h45. A visita tem o intuito de demonstrar que o local n\u00e3o \u00e9 apenas um lugar de luto, sepultamento e\u2026","rel":"","context":"In &quot;Not\u00edcias de Ribeir\u00e3o Preto-SP e Regi\u00e3o&quot;","block_context":{"text":"Not\u00edcias de Ribeir\u00e3o Preto-SP e Regi\u00e3o","link":"https:\/\/noticiasribeiraopreto.com.br\/index.php\/category\/noticias-de-ribeirao-preto-sp-e-regiao-ismael-colosi\/"},"img":{"alt_text":"","src":"https:\/\/i0.wp.com\/noticiasribeiraopreto.com.br\/wp-content\/uploads\/2025\/09\/WhatsApp-Image-2024-11-01-at-08.05.16_2024-11-01_15-21-34_jpeg_2024-11-01_15-21-34.webp.webp?fit=1200%2C900&ssl=1&resize=350%2C200","width":350,"height":200,"srcset":"https:\/\/i0.wp.com\/noticiasribeiraopreto.com.br\/wp-content\/uploads\/2025\/09\/WhatsApp-Image-2024-11-01-at-08.05.16_2024-11-01_15-21-34_jpeg_2024-11-01_15-21-34.webp.webp?fit=1200%2C900&ssl=1&resize=350%2C200 1x, https:\/\/i0.wp.com\/noticiasribeiraopreto.com.br\/wp-content\/uploads\/2025\/09\/WhatsApp-Image-2024-11-01-at-08.05.16_2024-11-01_15-21-34_jpeg_2024-11-01_15-21-34.webp.webp?fit=1200%2C900&ssl=1&resize=525%2C300 1.5x, https:\/\/i0.wp.com\/noticiasribeiraopreto.com.br\/wp-content\/uploads\/2025\/09\/WhatsApp-Image-2024-11-01-at-08.05.16_2024-11-01_15-21-34_jpeg_2024-11-01_15-21-34.webp.webp?fit=1200%2C900&ssl=1&resize=700%2C400 2x, https:\/\/i0.wp.com\/noticiasribeiraopreto.com.br\/wp-content\/uploads\/2025\/09\/WhatsApp-Image-2024-11-01-at-08.05.16_2024-11-01_15-21-34_jpeg_2024-11-01_15-21-34.webp.webp?fit=1200%2C900&ssl=1&resize=1050%2C600 3x"},"classes":[]},{"id":59093,"url":"https:\/\/noticiasribeiraopreto.com.br\/index.php\/2024\/10\/14\/cemiterio-de-ribeirao-preto-recebe-nova-edicao-de-visita-cultural-veja-quando\/","url_meta":{"origin":80375,"position":4},"title":"Cemit\u00e9rio de Ribeir\u00e3o Preto recebe nova edi\u00e7\u00e3o de visita cultural; Veja quando","author":"noticiasribeiraopreto.com.br","date":"14 de October de 2024","format":false,"excerpt":"Est\u00e3o abertas as inscri\u00e7\u00f5es para a 10\u00aa edi\u00e7\u00e3o da visita cultural ao cemit\u00e9rio da Saudade, em Ribeir\u00e3o Preto. O evento acontece no dia 27 de outubro, \u00e0s 9h. Os interessados devem se inscrever atrav\u00e9s de um formul\u00e1rio on-line (clique aqui). A visita \u00e9 gratuita e aberta para todos os p\u00fablicos,\u2026","rel":"","context":"In &quot;Not\u00edcias de Ribeir\u00e3o Preto-SP e Regi\u00e3o&quot;","block_context":{"text":"Not\u00edcias de Ribeir\u00e3o Preto-SP e Regi\u00e3o","link":"https:\/\/noticiasribeiraopreto.com.br\/index.php\/category\/noticias-de-ribeirao-preto-sp-e-regiao-ismael-colosi\/"},"img":{"alt_text":"","src":"https:\/\/i0.wp.com\/noticiasribeiraopreto.com.br\/wp-content\/uploads\/2024\/10\/inshot_20221101_084040702.jpg?fit=1200%2C868&ssl=1&resize=350%2C200","width":350,"height":200,"srcset":"https:\/\/i0.wp.com\/noticiasribeiraopreto.com.br\/wp-content\/uploads\/2024\/10\/inshot_20221101_084040702.jpg?fit=1200%2C868&ssl=1&resize=350%2C200 1x, https:\/\/i0.wp.com\/noticiasribeiraopreto.com.br\/wp-content\/uploads\/2024\/10\/inshot_20221101_084040702.jpg?fit=1200%2C868&ssl=1&resize=525%2C300 1.5x, https:\/\/i0.wp.com\/noticiasribeiraopreto.com.br\/wp-content\/uploads\/2024\/10\/inshot_20221101_084040702.jpg?fit=1200%2C868&ssl=1&resize=700%2C400 2x, https:\/\/i0.wp.com\/noticiasribeiraopreto.com.br\/wp-content\/uploads\/2024\/10\/inshot_20221101_084040702.jpg?fit=1200%2C868&ssl=1&resize=1050%2C600 3x"},"classes":[]},{"id":56996,"url":"https:\/\/noticiasribeiraopreto.com.br\/index.php\/2024\/08\/20\/ribeirao-preto-recebe-mais-uma-visita-cultural-no-cemiterio-da-saudade-veja-como-participar\/","url_meta":{"origin":80375,"position":5},"title":"Ribeir\u00e3o Preto recebe mais uma visita cultural no cemit\u00e9rio da Saudade; Veja como participar","author":"noticiasribeiraopreto.com.br","date":"20 de August de 2024","format":false,"excerpt":"Est\u00e3o abertas as inscri\u00e7\u00f5es para mais uma edi\u00e7\u00e3o da visita cultural ao cemit\u00e9rio da Saudade. A visita acontece no domingo (1\u00ba de setembro), a partir das 9h. O evento \u00e9 gratuito e aberto a todos os p\u00fablicos. As inscri\u00e7\u00f5es devem ser realizadas pela internet (clique aqui). \u201cO intuito da visita\u2026","rel":"","context":"In &quot;Not\u00edcias de Ribeir\u00e3o Preto-SP e Regi\u00e3o&quot;","block_context":{"text":"Not\u00edcias de Ribeir\u00e3o Preto-SP e Regi\u00e3o","link":"https:\/\/noticiasribeiraopreto.com.br\/index.php\/category\/noticias-de-ribeirao-preto-sp-e-regiao-ismael-colosi\/"},"img":{"alt_text":"","src":"https:\/\/i0.wp.com\/noticiasribeiraopreto.com.br\/wp-content\/uploads\/2024\/08\/WhatsApp-Image-2023-11-01-at-14.09.34.jpeg?fit=1200%2C900&ssl=1&resize=350%2C200","width":350,"height":200,"srcset":"https:\/\/i0.wp.com\/noticiasribeiraopreto.com.br\/wp-content\/uploads\/2024\/08\/WhatsApp-Image-2023-11-01-at-14.09.34.jpeg?fit=1200%2C900&ssl=1&resize=350%2C200 1x, https:\/\/i0.wp.com\/noticiasribeiraopreto.com.br\/wp-content\/uploads\/2024\/08\/WhatsApp-Image-2023-11-01-at-14.09.34.jpeg?fit=1200%2C900&ssl=1&resize=525%2C300 1.5x, https:\/\/i0.wp.com\/noticiasribeiraopreto.com.br\/wp-content\/uploads\/2024\/08\/WhatsApp-Image-2023-11-01-at-14.09.34.jpeg?fit=1200%2C900&ssl=1&resize=700%2C400 2x, https:\/\/i0.wp.com\/noticiasribeiraopreto.com.br\/wp-content\/uploads\/2024\/08\/WhatsApp-Image-2023-11-01-at-14.09.34.jpeg?fit=1200%2C900&ssl=1&resize=1050%2C600 3x"},"classes":[]}],"jetpack_sharing_enabled":true,"jetpack_shortlink":"https:\/\/wp.me\/peQAOb-kUn","_links":{"self":[{"href":"https:\/\/noticiasribeiraopreto.com.br\/index.php\/wp-json\/wp\/v2\/posts\/80375","targetHints":{"allow":["GET"]}}],"collection":[{"href":"https:\/\/noticiasribeiraopreto.com.br\/index.php\/wp-json\/wp\/v2\/posts"}],"about":[{"href":"https:\/\/noticiasribeiraopreto.com.br\/index.php\/wp-json\/wp\/v2\/types\/post"}],"author":[{"embeddable":true,"href":"https:\/\/noticiasribeiraopreto.com.br\/index.php\/wp-json\/wp\/v2\/users\/1"}],"replies":[{"embeddable":true,"href":"https:\/\/noticiasribeiraopreto.com.br\/index.php\/wp-json\/wp\/v2\/comments?post=80375"}],"version-history":[{"count":0,"href":"https:\/\/noticiasribeiraopreto.com.br\/index.php\/wp-json\/wp\/v2\/posts\/80375\/revisions"}],"wp:featuredmedia":[{"embeddable":true,"href":"https:\/\/noticiasribeiraopreto.com.br\/index.php\/wp-json\/wp\/v2\/media\/72277"}],"wp:attachment":[{"href":"https:\/\/noticiasribeiraopreto.com.br\/index.php\/wp-json\/wp\/v2\/media?parent=80375"}],"wp:term":[{"taxonomy":"category","embeddable":true,"href":"https:\/\/noticiasribeiraopreto.com.br\/index.php\/wp-json\/wp\/v2\/categories?post=80375"},{"taxonomy":"post_tag","embeddable":true,"href":"https:\/\/noticiasribeiraopreto.com.br\/index.php\/wp-json\/wp\/v2\/tags?post=80375"}],"curies":[{"name":"wp","href":"https:\/\/api.w.org\/{rel}","templated":true}]}}