{"id":80376,"date":"2025-11-20T19:16:51","date_gmt":"2025-11-20T22:16:51","guid":{"rendered":"https:\/\/noticiasribeiraopreto.com.br\/index.php\/2025\/11\/20\/o-que-se-sabe-sobre-influenciador-morto-a-tiros-no-interior-de-sp\/"},"modified":"2025-11-20T19:16:51","modified_gmt":"2025-11-20T22:16:51","slug":"o-que-se-sabe-sobre-influenciador-morto-a-tiros-no-interior-de-sp","status":"publish","type":"post","link":"https:\/\/noticiasribeiraopreto.com.br\/index.php\/2025\/11\/20\/o-que-se-sabe-sobre-influenciador-morto-a-tiros-no-interior-de-sp\/","title":{"rendered":"O que se sabe sobre influenciador morto a tiros no interior de SP"},"content":{"rendered":"<div class='code-block code-block-1' style='margin: 8px 0 8px auto; text-align: right; display: block; clear: both;'>\n<p><a href=\"https:\/\/wa.link\/vpicfd\"><img data-recalc-dims=\"1\" class=\"wp-image-4922\" style=\"aspect-ratio: 2.0253164556962027; width: 561px; height: auto;\" src=\"https:\/\/i0.wp.com\/ismaelcolosi.com.br\/wp-content\/uploads\/2023\/11\/grupo-de-empregos-whatsapp-e-facebook-ismael-colosi-vagas.jpg?ssl=1\" alt=\"\" \/><\/a><\/p>\n<!-- \/wp:image -->\n<\/div>\n<p> <br \/>\n<\/p>\n<div>\n<p>O influenciador <strong>Renan Romero<\/strong>, conhecido nas redes sociais como \u201c<strong>Gigante do Grau<\/strong>\u201d, foi morto a tiros na tarde de quarta-feira (19) no bairro Parque Ribeir\u00e3o, zona Oeste de <strong>Ribeir\u00e3o Preto<\/strong>.<\/p>\n<p>A v\u00edtima tinha 32 anos e compartilhava em suas redes sociais <strong>v\u00eddeos fazendo manobras de moto<\/strong> para mais de 145 mil seguidores. Renan foi morto na rua Renato Barillari e a a\u00e7\u00e3o foi registrada por moradores \u2013 veja v\u00eddeo abaixo (imagens fortes).<\/p>\n<p>Nas imagens \u00e9 poss\u00edvel ver que o influenciador <strong>foi atingido por pelo menos dez tiros<\/strong>. Os suspeitos fugiram do local ap\u00f3s o ocorrido. Abaixo, veja o que se sabe sobre o crime.<\/p>\n<figure class=\"wp-block-video\"><video controls=\"\" src=\"https:\/\/www.acidadeon.com\/ribeiraopreto\/wp-content\/uploads\/sites\/3\/2025\/11\/WhatsApp-Video-2025-11-20-at-18.24.43.mp4\"\/><figcaption class=\"wp-element-caption\"><em>Renan Romero foi morto a tiros no Parque Ribeir\u00e3o \u2013 V\u00eddeo: reprodu\u00e7\u00e3o\/ redes sociais.<\/em><\/figcaption><\/figure>\n<h2 class=\"wp-block-heading\"><strong>Como foi a a\u00e7\u00e3o dos criminosos?<\/strong><\/h2>\n<p>Conforme as informa\u00e7\u00f5es da <strong>Pol\u00edcia Militar,<\/strong> com base no relato do pai de Renan, <mark style=\"background-color:#fcb900\" class=\"has-inline-color\">ele estava no local para deixar duas motos para pintura<\/mark>.<\/p>\n<p>Segundo o tenente Lucas Aguiar, assim que a v\u00edtima chegou \u00e0 resid\u00eancia onde deixaria as motos, foi abordada por dois homens que estavam em um ve\u00edculo e desceram atirando contra o influenciador, que morreu na hora.<\/p>\n<p>Ainda de acordo com a PM, <strong>a forma como Renan foi abordado indica que o caso pode se tratar de uma execu\u00e7\u00e3o<\/strong>.<\/p>\n<figure class=\"wp-block-pullquote\">\n<blockquote>\n<p>A din\u00e2mica dos fatos, o modo como a v\u00edtima foi abordada, tudo leva a crer que se trata de uma execu\u00e7\u00e3o. A v\u00edtima chegou nesse local juntamente com um amigo para entregar umas pe\u00e7as de moto para que elas fossem pintadas. Nesse momento, encostou um outro ve\u00edculo onde desembarcaram duas pessoas e passaram a efetuar disparos contra a v\u00edtima<\/p>\n<p><cite>tenente Lucas Aguiar<\/cite><\/p><\/blockquote>\n<\/figure>\n<h2 class=\"wp-block-heading\"><strong>Quem s\u00e3o os suspeitos?<\/strong><\/h2>\n<p>At\u00e9 o fechamento deste texto, <strong>os suspeitos ainda n\u00e3o haviam sido identificados<\/strong>. A <strong>PM<\/strong>, por\u00e9m, j\u00e1 possui caracter\u00edsticas do ve\u00edculo usado no crime. Apesar de um morador ter registrado parte da ocorr\u00eancia, c\u00e2meras de seguran\u00e7a da rua n\u00e3o captaram o momento da a\u00e7\u00e3o.<\/p>\n<div class=\"wp-block-image\">\n<figure class=\"aligncenter size-large is-resized\"><img data-recalc-dims=\"1\" fetchpriority=\"high\" decoding=\"async\" width=\"1024\" height=\"576\" src=\"https:\/\/i0.wp.com\/cdn.media-acidadeon.com.br\/ribeiraopreto\/wp-content\/uploads\/sites\/3\/2025\/11\/Copia-de-Copia-de-Copia-de-TAMANHO-EXATO-PARA-FOTOS-NO-SISTEMA-NOVO-2025-11-19T193139.837_2025-11-19_22-31-46-1024x576.webp?resize=1024%2C576&#038;ssl=1\" alt=\"Renan Romero, conhecido como 'Gigante do Grau' - Foto: Reprodu\u00e7\u00e3o \/ Instagram\" class=\"wp-image-136489\" style=\"width:654px\" title=\"O que se sabe sobre influenciador morto a tiros no interior de SP 1\" srcset=\"https:\/\/cdn.media-acidadeon.com.br\/ribeiraopreto\/wp-content\/uploads\/sites\/3\/2025\/11\/Copia-de-Copia-de-Copia-de-TAMANHO-EXATO-PARA-FOTOS-NO-SISTEMA-NOVO-2025-11-19T193139.837_2025-11-19_22-31-46-1024x576.webp 1024w, https:\/\/cdn.media-acidadeon.com.br\/ribeiraopreto\/wp-content\/uploads\/sites\/3\/2025\/11\/Copia-de-Copia-de-Copia-de-TAMANHO-EXATO-PARA-FOTOS-NO-SISTEMA-NOVO-2025-11-19T193139.837_2025-11-19_22-31-46-300x169.webp 300w, https:\/\/cdn.media-acidadeon.com.br\/ribeiraopreto\/wp-content\/uploads\/sites\/3\/2025\/11\/Copia-de-Copia-de-Copia-de-TAMANHO-EXATO-PARA-FOTOS-NO-SISTEMA-NOVO-2025-11-19T193139.837_2025-11-19_22-31-46-768x432.webp 768w, https:\/\/cdn.media-acidadeon.com.br\/ribeiraopreto\/wp-content\/uploads\/sites\/3\/2025\/11\/Copia-de-Copia-de-Copia-de-TAMANHO-EXATO-PARA-FOTOS-NO-SISTEMA-NOVO-2025-11-19T193139.837_2025-11-19_22-31-46-696x392.webp 696w, https:\/\/cdn.media-acidadeon.com.br\/ribeiraopreto\/wp-content\/uploads\/sites\/3\/2025\/11\/Copia-de-Copia-de-Copia-de-TAMANHO-EXATO-PARA-FOTOS-NO-SISTEMA-NOVO-2025-11-19T193139.837_2025-11-19_22-31-46-1068x601.webp 1068w, https:\/\/cdn.media-acidadeon.com.br\/ribeiraopreto\/wp-content\/uploads\/sites\/3\/2025\/11\/Copia-de-Copia-de-Copia-de-TAMANHO-EXATO-PARA-FOTOS-NO-SISTEMA-NOVO-2025-11-19T193139.837_2025-11-19_22-31-46.webp 1200w\" sizes=\"(max-width: 1024px) 100vw, 1024px\"\/><figcaption class=\"wp-element-caption\">Renan Romero, conhecido como \u2018Gigante do Grau\u2019 \u2013 Foto: Reprodu\u00e7\u00e3o \/ Instagram<\/figcaption><\/figure>\n<\/div>\n<h2 class=\"wp-block-heading\"><strong>Quem era o influenciador?<\/strong><\/h2>\n<p>Renan era conhecido por publicar v\u00eddeos de <mark style=\"background-color:#fcb900\" class=\"has-inline-color\">manobras arriscadas de moto, os populares graus<\/mark>, o que lhe rendeu grande visibilidade nas redes.<\/p>\n<p>A <strong>PM <\/strong>tamb\u00e9m informou que, segundo relato do pr\u00f3prio pai, ele tamb\u00e9m realizava rifas online e organizava eventos e passeios de moto para seus seguidores.<\/p>\n<p>O pai ainda relatou que <strong>Renan <\/strong>havia sido preso por <strong>tr\u00e1fico de drogas aos 18 anos<\/strong>, permanecendo detido por cerca de seis meses. \u201cSe tem rela\u00e7\u00e3o com o fato de ele ser influencer, com a atividade que ele exercia, ainda n\u00e3o temos como informar, depende de investiga\u00e7\u00e3o\u201d, afirmou o tenente.<\/p>\n<p><em>*Com informa\u00e7\u00f5es da EPTV\/g1 Ribeir\u00e3o Preto<\/em><\/p>\n<div class=\"wp-block-image\">\n<figure class=\"aligncenter size-large is-resized\"><img data-recalc-dims=\"1\" loading=\"lazy\" decoding=\"async\" width=\"501\" height=\"1024\" src=\"https:\/\/i0.wp.com\/cdn.media-acidadeon.com.br\/ribeiraopreto\/wp-content\/uploads\/sites\/3\/2025\/11\/Imagem-do-WhatsApp-de-2025-11-19-as-19.20.53_cf08568b_2025-11-19_22-21-28-501x1024.webp?resize=501%2C1024&#038;ssl=1\" alt=\"Influenciador tinha mais de 145 mil seguidores em uma rede social - Foto: reprodu\u00e7\u00e3o\/ Instagram,.\" class=\"wp-image-136487\" style=\"width:654px\" title=\"O que se sabe sobre influenciador morto a tiros no interior de SP 2\" srcset=\"https:\/\/cdn.media-acidadeon.com.br\/ribeiraopreto\/wp-content\/uploads\/sites\/3\/2025\/11\/Imagem-do-WhatsApp-de-2025-11-19-as-19.20.53_cf08568b_2025-11-19_22-21-28-501x1024.webp 501w, https:\/\/cdn.media-acidadeon.com.br\/ribeiraopreto\/wp-content\/uploads\/sites\/3\/2025\/11\/Imagem-do-WhatsApp-de-2025-11-19-as-19.20.53_cf08568b_2025-11-19_22-21-28-147x300.webp 147w, https:\/\/cdn.media-acidadeon.com.br\/ribeiraopreto\/wp-content\/uploads\/sites\/3\/2025\/11\/Imagem-do-WhatsApp-de-2025-11-19-as-19.20.53_cf08568b_2025-11-19_22-21-28.webp 626w\" sizes=\"auto, (max-width: 501px) 100vw, 501px\"\/><figcaption class=\"wp-element-caption\">Influenciador tinha mais de 145 mil seguidores em uma rede social \u2013 Foto: reprodu\u00e7\u00e3o\/ Instagram,.<\/figcaption><\/figure>\n<\/div>\n<hr class=\"wp-block-separator has-alpha-channel-opacity\"\/>\n<p>SAIBA MAIS<\/p>\n<p>Estudante de Ribeir\u00e3o Preto acompanha inc\u00eandio na COP30 e registra o ocorrido; V\u00eddeo<\/p>\n<h2 class=\"wp-block-heading\"><strong>FIQUE ON<\/strong><\/h2>\n<p>Fique ligado em tudo que acontece em Ribeir\u00e3o Preto e regi\u00e3o. Siga os perfis do<strong>\u00a0acidade on\u00a0<\/strong>no<a href=\"https:\/\/www.instagram.com\/acidadeonribeirao\" target=\"_blank\" rel=\"noreferrer noopener\">\u00a0Instagram\u00a0<\/a>e no\u00a0<a href=\"https:\/\/www.facebook.com\/acidadeonribeirao\/\" target=\"_blank\" rel=\"noreferrer noopener\">Facebook<\/a>.<\/p>\n<p>Receba not\u00edcias do<strong>\u00a0acidade on<\/strong>\u00a0no WhatsApp. Para entrar no grupo,\u00a0basta\u00a0<a href=\"https:\/\/chat.whatsapp.com\/I4nieTEMKlf50pJ28aMemC?mode=ac_t\" target=\"_blank\" rel=\"noreferrer noopener\">clicar aqui<\/a>. Ou, acesse o nosso\u00a0Canal\u00a0<a href=\"https:\/\/whatsapp.com\/channel\/0029Vb6IQl1JENyAeS57fk2p\" target=\"_blank\" rel=\"noreferrer noopener\">clicando aqui<\/a>.<\/p>\n<p>Fa\u00e7a uma den\u00fancia ou sugira uma reportagem sobre Ribeir\u00e3o Preto e regi\u00e3o pelo WhatsApp: 16 99117 7802.<\/p>\n<p>VEJA TAMB\u00c9M<\/p>\n<p>Qual ser\u00e1 a r\u00e1dio de Roberto Carlos?<\/p>\n<p><!-- AI CONTENT END 1 -->\n<\/div>\n<p><script async src=\"\/\/www.instagram.com\/embed.js\"><\/script><br \/>\n<br \/><br \/>\n<br \/><a href=\"https:\/\/www.acidadeon.com\/ribeiraopreto\/cotidiano\/o-que-se-sabe-sobre-influenciador-morto-a-tiros-no-interior-de-sp\/\">Source link <\/a><\/p>\n<!-- CONTENT END 1 -->\n","protected":false},"excerpt":{"rendered":"<p>O influenciador Renan Romero, conhecido nas redes sociais como \u201cGigante do Grau\u201d, foi morto a tiros na tarde de quarta-feira (19) no bairro Parque Ribeir\u00e3o,&#8230;<\/p>\n","protected":false},"author":1,"featured_media":80377,"comment_status":"open","ping_status":"open","sticky":false,"template":"","format":"standard","meta":{"advanced_seo_description":"","jetpack_seo_html_title":"","jetpack_seo_noindex":false,"jetpack_post_was_ever_published":false,"_jetpack_newsletter_access":"","_jetpack_dont_email_post_to_subs":false,"_jetpack_newsletter_tier_id":0,"_jetpack_memberships_contains_paywalled_content":false,"_jetpack_memberships_contains_paid_content":false,"footnotes":"","jetpack_publicize_message":"","jetpack_publicize_feature_enabled":true,"jetpack_social_post_already_shared":true,"jetpack_social_options":{"image_generator_settings":{"template":"highway","default_image_id":0,"font":"","enabled":false},"version":2}},"categories":[11],"tags":[],"class_list":["post-80376","post","type-post","status-publish","format-standard","has-post-thumbnail","hentry","category-noticias-de-ribeirao-preto-sp-e-regiao-ismael-colosi"],"jetpack_publicize_connections":[],"jetpack_featured_media_url":"https:\/\/i0.wp.com\/noticiasribeiraopreto.com.br\/wp-content\/uploads\/2025\/11\/Copia-de-Copia-de-Copia-de-TAMANHO-EXATO-PARA-FOTOS-NO-SISTEMA-NOVO-2025-11-20T181513.733_2025-11-20_21-18-20.webp.webp?fit=1200%2C675&ssl=1","jetpack-related-posts":[{"id":80336,"url":"https:\/\/noticiasribeiraopreto.com.br\/index.php\/2025\/11\/19\/influenciador-digital-e-morto-a-tiros-em-ribeirao-preto\/","url_meta":{"origin":80376,"position":0},"title":"Influenciador digital \u00e9 morto a tiros em Ribeir\u00e3o Preto","author":"noticiasribeiraopreto.com.br","date":"19 de November de 2025","format":false,"excerpt":"Renan Romero, influenciador digital conhecido como \u201cGigante do Grau\u201d, morreu a tiros na noite desta quarta-feira (19), na rua Renato Barillari, no Parque Ribeir\u00e3o, em Ribeir\u00e3o Preto. Segundo informa\u00e7\u00f5es da Pol\u00edcia Militar, dois homens em um carro vermelho se aproximaram de Renan e atiraram v\u00e1rias vezes. Os disparos atingiram o\u2026","rel":"","context":"In &quot;Not\u00edcias de Ribeir\u00e3o Preto-SP e Regi\u00e3o&quot;","block_context":{"text":"Not\u00edcias de Ribeir\u00e3o Preto-SP e Regi\u00e3o","link":"https:\/\/noticiasribeiraopreto.com.br\/index.php\/category\/noticias-de-ribeirao-preto-sp-e-regiao-ismael-colosi\/"},"img":{"alt_text":"","src":"https:\/\/i0.wp.com\/noticiasribeiraopreto.com.br\/wp-content\/uploads\/2025\/11\/Copia-de-Copia-de-Copia-de-TAMANHO-EXATO-PARA-FOTOS-NO-SISTEMA-NOVO-2025-11-19T193139.837_2025-11-19_22-31-46.webp.webp?fit=1200%2C675&ssl=1&resize=350%2C200","width":350,"height":200,"srcset":"https:\/\/i0.wp.com\/noticiasribeiraopreto.com.br\/wp-content\/uploads\/2025\/11\/Copia-de-Copia-de-Copia-de-TAMANHO-EXATO-PARA-FOTOS-NO-SISTEMA-NOVO-2025-11-19T193139.837_2025-11-19_22-31-46.webp.webp?fit=1200%2C675&ssl=1&resize=350%2C200 1x, https:\/\/i0.wp.com\/noticiasribeiraopreto.com.br\/wp-content\/uploads\/2025\/11\/Copia-de-Copia-de-Copia-de-TAMANHO-EXATO-PARA-FOTOS-NO-SISTEMA-NOVO-2025-11-19T193139.837_2025-11-19_22-31-46.webp.webp?fit=1200%2C675&ssl=1&resize=525%2C300 1.5x, https:\/\/i0.wp.com\/noticiasribeiraopreto.com.br\/wp-content\/uploads\/2025\/11\/Copia-de-Copia-de-Copia-de-TAMANHO-EXATO-PARA-FOTOS-NO-SISTEMA-NOVO-2025-11-19T193139.837_2025-11-19_22-31-46.webp.webp?fit=1200%2C675&ssl=1&resize=700%2C400 2x, https:\/\/i0.wp.com\/noticiasribeiraopreto.com.br\/wp-content\/uploads\/2025\/11\/Copia-de-Copia-de-Copia-de-TAMANHO-EXATO-PARA-FOTOS-NO-SISTEMA-NOVO-2025-11-19T193139.837_2025-11-19_22-31-46.webp.webp?fit=1200%2C675&ssl=1&resize=1050%2C600 3x"},"classes":[]},{"id":53725,"url":"https:\/\/noticiasribeiraopreto.com.br\/index.php\/2024\/06\/23\/homem-e-morto-a-tiros-durante-partida-de-futebol-amador-em-cidade-na-regiao-de-ribeirao\/","url_meta":{"origin":80376,"position":1},"title":"Homem \u00e9 morto a tiros durante partida de futebol amador em cidade na regi\u00e3o de Ribeir\u00e3o","author":"noticiasribeiraopreto.com.br","date":"23 de June de 2024","format":false,"excerpt":"Um homem foi morto a tiros na tarde deste domingo (23), durante a final de um campeonato de futebol amador em Bebedouro, cidade na regi\u00e3o de Ribeir\u00e3o Preto. De acordo com as primeiras informa\u00e7\u00f5es, apuradas por uma equipe da EPTV, a partida estava sendo realizada no campo anexo ao Samb\u00f3dromo\u2026","rel":"","context":"In &quot;Not\u00edcias de Ribeir\u00e3o Preto-SP e Regi\u00e3o&quot;","block_context":{"text":"Not\u00edcias de Ribeir\u00e3o Preto-SP e Regi\u00e3o","link":"https:\/\/noticiasribeiraopreto.com.br\/index.php\/category\/noticias-de-ribeirao-preto-sp-e-regiao-ismael-colosi\/"},"img":{"alt_text":"","src":"https:\/\/i0.wp.com\/noticiasribeiraopreto.com.br\/wp-content\/uploads\/2024\/06\/Copia-de-Copia-de-TAMANHO-EXATO-PARA-FOTOS-NO-SISTEMA-NOVO-94_2024-06-23_20-40-59_png_2024-06-23_20-40-59.webp.webp?fit=1200%2C675&ssl=1&resize=350%2C200","width":350,"height":200,"srcset":"https:\/\/i0.wp.com\/noticiasribeiraopreto.com.br\/wp-content\/uploads\/2024\/06\/Copia-de-Copia-de-TAMANHO-EXATO-PARA-FOTOS-NO-SISTEMA-NOVO-94_2024-06-23_20-40-59_png_2024-06-23_20-40-59.webp.webp?fit=1200%2C675&ssl=1&resize=350%2C200 1x, https:\/\/i0.wp.com\/noticiasribeiraopreto.com.br\/wp-content\/uploads\/2024\/06\/Copia-de-Copia-de-TAMANHO-EXATO-PARA-FOTOS-NO-SISTEMA-NOVO-94_2024-06-23_20-40-59_png_2024-06-23_20-40-59.webp.webp?fit=1200%2C675&ssl=1&resize=525%2C300 1.5x, https:\/\/i0.wp.com\/noticiasribeiraopreto.com.br\/wp-content\/uploads\/2024\/06\/Copia-de-Copia-de-TAMANHO-EXATO-PARA-FOTOS-NO-SISTEMA-NOVO-94_2024-06-23_20-40-59_png_2024-06-23_20-40-59.webp.webp?fit=1200%2C675&ssl=1&resize=700%2C400 2x, https:\/\/i0.wp.com\/noticiasribeiraopreto.com.br\/wp-content\/uploads\/2024\/06\/Copia-de-Copia-de-TAMANHO-EXATO-PARA-FOTOS-NO-SISTEMA-NOVO-94_2024-06-23_20-40-59_png_2024-06-23_20-40-59.webp.webp?fit=1200%2C675&ssl=1&resize=1050%2C600 3x"},"classes":[]},{"id":84632,"url":"https:\/\/noticiasribeiraopreto.com.br\/index.php\/2026\/04\/13\/homem-de-30-anos-e-morto-a-tiros-em-rua-na-zona-oeste-de-ribeirao-preto\/","url_meta":{"origin":80376,"position":2},"title":"Homem de 30 anos \u00e9 morto a tiros em rua na zona Oeste de Ribeir\u00e3o Preto","author":"noticiasribeiraopreto.com.br","date":"13 de April de 2026","format":false,"excerpt":"Ler o resumo da not\u00edcia Homem de 30 anos foi morto a tiros na noite de domingo (12) no Parque Ribeir\u00e3o, zona Oeste de Ribeir\u00e3o Preto. A v\u00edtima foi atingida por disparos de arma de fogo na rua J\u00falio Ribeiro. O caso foi registrado como homic\u00eddio na Central de Pol\u00edcia\u2026","rel":"","context":"In &quot;Not\u00edcias de Ribeir\u00e3o Preto-SP e Regi\u00e3o&quot;","block_context":{"text":"Not\u00edcias de Ribeir\u00e3o Preto-SP e Regi\u00e3o","link":"https:\/\/noticiasribeiraopreto.com.br\/index.php\/category\/noticias-de-ribeirao-preto-sp-e-regiao-ismael-colosi\/"},"img":{"alt_text":"","src":"https:\/\/i0.wp.com\/noticiasribeiraopreto.com.br\/wp-content\/uploads\/2025\/04\/policia-militar-nova-2_2025-04-24_13-01-57.webp.webp?fit=1200%2C799&ssl=1&resize=350%2C200","width":350,"height":200,"srcset":"https:\/\/i0.wp.com\/noticiasribeiraopreto.com.br\/wp-content\/uploads\/2025\/04\/policia-militar-nova-2_2025-04-24_13-01-57.webp.webp?fit=1200%2C799&ssl=1&resize=350%2C200 1x, https:\/\/i0.wp.com\/noticiasribeiraopreto.com.br\/wp-content\/uploads\/2025\/04\/policia-militar-nova-2_2025-04-24_13-01-57.webp.webp?fit=1200%2C799&ssl=1&resize=525%2C300 1.5x, https:\/\/i0.wp.com\/noticiasribeiraopreto.com.br\/wp-content\/uploads\/2025\/04\/policia-militar-nova-2_2025-04-24_13-01-57.webp.webp?fit=1200%2C799&ssl=1&resize=700%2C400 2x, https:\/\/i0.wp.com\/noticiasribeiraopreto.com.br\/wp-content\/uploads\/2025\/04\/policia-militar-nova-2_2025-04-24_13-01-57.webp.webp?fit=1200%2C799&ssl=1&resize=1050%2C600 3x"},"classes":[]},{"id":57835,"url":"https:\/\/noticiasribeiraopreto.com.br\/index.php\/2024\/09\/11\/o-que-se-sabe-sobre-troca-de-tiros-e-perseguicao-policial-na-regiao-de-ribeirao\/","url_meta":{"origin":80376,"position":3},"title":"O que se sabe sobre troca de tiros e persegui\u00e7\u00e3o policial na regi\u00e3o de Ribeir\u00e3o","author":"noticiasribeiraopreto.com.br","date":"11 de September de 2024","format":false,"excerpt":"Uma troca de tiros deixou pelo menos um policial morto e outro ferido na tarde desta quarta-feira (11), na rodovia Joaquim Ferreira (SP-338), pr\u00f3ximo ao trevo que liga Cajuru e Altin\u00f3polis, cidades na regi\u00e3o de Ribeir\u00e3o Preto. De acordo com as primeiras informa\u00e7\u00f5es da pol\u00edcia, equipes do Batalh\u00e3o de A\u00e7\u00f5es\u2026","rel":"","context":"In &quot;Not\u00edcias de Ribeir\u00e3o Preto-SP e Regi\u00e3o&quot;","block_context":{"text":"Not\u00edcias de Ribeir\u00e3o Preto-SP e Regi\u00e3o","link":"https:\/\/noticiasribeiraopreto.com.br\/index.php\/category\/noticias-de-ribeirao-preto-sp-e-regiao-ismael-colosi\/"},"img":{"alt_text":"","src":"https:\/\/i0.wp.com\/noticiasribeiraopreto.com.br\/wp-content\/uploads\/2024\/09\/WhatsApp-Image-2024-09-11-at-16.34.25_2024-09-11_20-39-55_jpeg_2024-09-11_20-39-55.webp.webp?fit=1200%2C900&ssl=1&resize=350%2C200","width":350,"height":200,"srcset":"https:\/\/i0.wp.com\/noticiasribeiraopreto.com.br\/wp-content\/uploads\/2024\/09\/WhatsApp-Image-2024-09-11-at-16.34.25_2024-09-11_20-39-55_jpeg_2024-09-11_20-39-55.webp.webp?fit=1200%2C900&ssl=1&resize=350%2C200 1x, https:\/\/i0.wp.com\/noticiasribeiraopreto.com.br\/wp-content\/uploads\/2024\/09\/WhatsApp-Image-2024-09-11-at-16.34.25_2024-09-11_20-39-55_jpeg_2024-09-11_20-39-55.webp.webp?fit=1200%2C900&ssl=1&resize=525%2C300 1.5x, https:\/\/i0.wp.com\/noticiasribeiraopreto.com.br\/wp-content\/uploads\/2024\/09\/WhatsApp-Image-2024-09-11-at-16.34.25_2024-09-11_20-39-55_jpeg_2024-09-11_20-39-55.webp.webp?fit=1200%2C900&ssl=1&resize=700%2C400 2x, https:\/\/i0.wp.com\/noticiasribeiraopreto.com.br\/wp-content\/uploads\/2024\/09\/WhatsApp-Image-2024-09-11-at-16.34.25_2024-09-11_20-39-55_jpeg_2024-09-11_20-39-55.webp.webp?fit=1200%2C900&ssl=1&resize=1050%2C600 3x"},"classes":[]},{"id":82193,"url":"https:\/\/noticiasribeiraopreto.com.br\/index.php\/2026\/02\/06\/influenciador-henrique-maderite-de-50-anos-e-encontrado-morto\/","url_meta":{"origin":80376,"position":4},"title":"Influenciador Henrique Maderite, de 50 anos, \u00e9 encontrado morto","author":"noticiasribeiraopreto.com.br","date":"6 de February de 2026","format":false,"excerpt":"\r \r \r 6 de fevereiro de 2026 20:04 \r Compartilhar0 O influenciador digital Henrique Maderite, de 50 anos, foi encontrado morto na tarde desta sexta-feira (6), em seu haras no distrito de Amarantina, em Ouro Preto, na regi\u00e3o Central de Minas Gerais. A ocorr\u00eancia foi registrada por volta do\u2026","rel":"","context":"In &quot;Not\u00edcias de Ribeir\u00e3o Preto-SP e Regi\u00e3o&quot;","block_context":{"text":"Not\u00edcias de Ribeir\u00e3o Preto-SP e Regi\u00e3o","link":"https:\/\/noticiasribeiraopreto.com.br\/index.php\/category\/noticias-de-ribeirao-preto-sp-e-regiao-ismael-colosi\/"},"img":{"alt_text":"","src":"https:\/\/i0.wp.com\/noticiasribeiraopreto.com.br\/wp-content\/uploads\/2026\/02\/henrique-maderite.jpg?fit=1200%2C700&ssl=1&resize=350%2C200","width":350,"height":200,"srcset":"https:\/\/i0.wp.com\/noticiasribeiraopreto.com.br\/wp-content\/uploads\/2026\/02\/henrique-maderite.jpg?fit=1200%2C700&ssl=1&resize=350%2C200 1x, https:\/\/i0.wp.com\/noticiasribeiraopreto.com.br\/wp-content\/uploads\/2026\/02\/henrique-maderite.jpg?fit=1200%2C700&ssl=1&resize=525%2C300 1.5x, https:\/\/i0.wp.com\/noticiasribeiraopreto.com.br\/wp-content\/uploads\/2026\/02\/henrique-maderite.jpg?fit=1200%2C700&ssl=1&resize=700%2C400 2x, https:\/\/i0.wp.com\/noticiasribeiraopreto.com.br\/wp-content\/uploads\/2026\/02\/henrique-maderite.jpg?fit=1200%2C700&ssl=1&resize=1050%2C600 3x"},"classes":[]},{"id":65768,"url":"https:\/\/noticiasribeiraopreto.com.br\/index.php\/2025\/03\/24\/homem-e-morto-a-tiros-na-frente-de-adega-da-familia-em-ribeirao-preto\/","url_meta":{"origin":80376,"position":5},"title":"Homem \u00e9 morto a tiros na frente de adega da fam\u00edlia em Ribeir\u00e3o Preto","author":"noticiasribeiraopreto.com.br","date":"24 de March de 2025","format":false,"excerpt":"Um homem de 29 anos foi morto a tiros na noite da \u00faltima sexta-feira (21), no Jardim Helena, zona Leste de Ribeir\u00e3o Preto. Segundo o boletim de ocorr\u00eancia (BO), Wesley Martins Nunes foi baleado nas costas e na orelha direita. A v\u00edtima faleceu na cal\u00e7ada de uma adega da fam\u00edlia,\u2026","rel":"","context":"In &quot;Not\u00edcias de Ribeir\u00e3o Preto-SP e Regi\u00e3o&quot;","block_context":{"text":"Not\u00edcias de Ribeir\u00e3o Preto-SP e Regi\u00e3o","link":"https:\/\/noticiasribeiraopreto.com.br\/index.php\/category\/noticias-de-ribeirao-preto-sp-e-regiao-ismael-colosi\/"},"img":{"alt_text":"","src":"https:\/\/i0.wp.com\/noticiasribeiraopreto.com.br\/wp-content\/uploads\/2025\/03\/1742822674_sirene_pm_1024x576_04022021085205.jpg?fit=1024%2C576&ssl=1&resize=350%2C200","width":350,"height":200,"srcset":"https:\/\/i0.wp.com\/noticiasribeiraopreto.com.br\/wp-content\/uploads\/2025\/03\/1742822674_sirene_pm_1024x576_04022021085205.jpg?fit=1024%2C576&ssl=1&resize=350%2C200 1x, https:\/\/i0.wp.com\/noticiasribeiraopreto.com.br\/wp-content\/uploads\/2025\/03\/1742822674_sirene_pm_1024x576_04022021085205.jpg?fit=1024%2C576&ssl=1&resize=525%2C300 1.5x, https:\/\/i0.wp.com\/noticiasribeiraopreto.com.br\/wp-content\/uploads\/2025\/03\/1742822674_sirene_pm_1024x576_04022021085205.jpg?fit=1024%2C576&ssl=1&resize=700%2C400 2x"},"classes":[]}],"jetpack_sharing_enabled":true,"jetpack_shortlink":"https:\/\/wp.me\/peQAOb-kUo","_links":{"self":[{"href":"https:\/\/noticiasribeiraopreto.com.br\/index.php\/wp-json\/wp\/v2\/posts\/80376","targetHints":{"allow":["GET"]}}],"collection":[{"href":"https:\/\/noticiasribeiraopreto.com.br\/index.php\/wp-json\/wp\/v2\/posts"}],"about":[{"href":"https:\/\/noticiasribeiraopreto.com.br\/index.php\/wp-json\/wp\/v2\/types\/post"}],"author":[{"embeddable":true,"href":"https:\/\/noticiasribeiraopreto.com.br\/index.php\/wp-json\/wp\/v2\/users\/1"}],"replies":[{"embeddable":true,"href":"https:\/\/noticiasribeiraopreto.com.br\/index.php\/wp-json\/wp\/v2\/comments?post=80376"}],"version-history":[{"count":0,"href":"https:\/\/noticiasribeiraopreto.com.br\/index.php\/wp-json\/wp\/v2\/posts\/80376\/revisions"}],"wp:featuredmedia":[{"embeddable":true,"href":"https:\/\/noticiasribeiraopreto.com.br\/index.php\/wp-json\/wp\/v2\/media\/80377"}],"wp:attachment":[{"href":"https:\/\/noticiasribeiraopreto.com.br\/index.php\/wp-json\/wp\/v2\/media?parent=80376"}],"wp:term":[{"taxonomy":"category","embeddable":true,"href":"https:\/\/noticiasribeiraopreto.com.br\/index.php\/wp-json\/wp\/v2\/categories?post=80376"},{"taxonomy":"post_tag","embeddable":true,"href":"https:\/\/noticiasribeiraopreto.com.br\/index.php\/wp-json\/wp\/v2\/tags?post=80376"}],"curies":[{"name":"wp","href":"https:\/\/api.w.org\/{rel}","templated":true}]}}