{"id":80378,"date":"2025-11-20T19:24:50","date_gmt":"2025-11-20T22:24:50","guid":{"rendered":"https:\/\/noticiasribeiraopreto.com.br\/index.php\/2025\/11\/20\/estudante-de-ribeirao-preto-acompanha-incendio-na-cop30-e-registra-o-ocorrido-video\/"},"modified":"2025-11-20T19:24:50","modified_gmt":"2025-11-20T22:24:50","slug":"estudante-de-ribeirao-preto-acompanha-incendio-na-cop30-e-registra-o-ocorrido-video","status":"publish","type":"post","link":"https:\/\/noticiasribeiraopreto.com.br\/index.php\/2025\/11\/20\/estudante-de-ribeirao-preto-acompanha-incendio-na-cop30-e-registra-o-ocorrido-video\/","title":{"rendered":"Estudante de Ribeir\u00e3o Preto acompanha inc\u00eandio na COP30 e registra o ocorrido; V\u00eddeo"},"content":{"rendered":"<div class='code-block code-block-1' style='margin: 8px 0 8px auto; text-align: right; display: block; clear: both;'>\n<p><a href=\"https:\/\/wa.link\/vpicfd\"><img data-recalc-dims=\"1\" class=\"wp-image-4922\" style=\"aspect-ratio: 2.0253164556962027; width: 561px; height: auto;\" src=\"https:\/\/i0.wp.com\/ismaelcolosi.com.br\/wp-content\/uploads\/2023\/11\/grupo-de-empregos-whatsapp-e-facebook-ismael-colosi-vagas.jpg?ssl=1\" alt=\"\" \/><\/a><\/p>\n<!-- \/wp:image -->\n<\/div>\n<p> <br \/>\n<\/p>\n<div>\n<p>A estudante de jornalismo <strong>Mirella Archangelo<\/strong>, de <strong>Ribeir\u00e3o Preto<\/strong>, que est\u00e1 em <strong>Bel\u00e9m-PA<\/strong> para uma cobertura especial da <strong>COP30<\/strong>, acompanhou de perto o foco de inc\u00eandio que atingiu uma \u00e1rea da confer\u00eancia na tarde desta quinta-feira (20) e assustou diversos participantes.<\/p>\n<p>Nas redes sociais, a jovem, que ficou conhecida como \u201c<strong>mini Gl\u00f3ria Maria<\/strong>\u201d, compartilhou um v\u00eddeo onde umas das participantes que presenciou o inc\u00eandio relata o ocorrido \u2013 veja abaixo.<\/p>\n<p>De acordo com o relato, v\u00e1rias pessoas estavam aguardando o in\u00edcio de uma palestra quando as chamas come\u00e7aram em uma das tendas da <strong>Zona Azul<\/strong>, \u00e1rea destinada \u00e0s negocia\u00e7\u00f5es da confer\u00eancia do clima.<\/p>\n<p>A jovem tamb\u00e9m destacou a grande quantidade de fuma\u00e7a que rapidamente tomou conta do espa\u00e7o. Segundo as informa\u00e7\u00f5es, algumas pessoas que estavam mais pr\u00f3ximas do inc\u00eandio precisaram ser retiradas do local aparentando ter inalado fuma\u00e7a.<\/p>\n<blockquote class=\"instagram-media\" data-instgrm-permalink=\"https:\/\/www.instagram.com\/reel\/DRSkUZQDuru\/?utm_source=ig_embed&amp;utm_campaign=loading\" data-instgrm-version=\"14\" style=\" background:#FFF; border:0; border-radius:3px; box-shadow:0 0 1px 0 rgba(0,0,0,0.5),0 1px 10px 0 rgba(0,0,0,0.15); margin: 1px; max-width:540px; min-width:326px; padding:0; width:99.375%; width:-webkit-calc(100% - 2px); width:calc(100% - 2px);\"\/>\n<p><mark style=\"background-color:#fcb900\" class=\"has-inline-color\"><strong>Por conta do ocorrido, as atividades do evento, que est\u00e1 na fase final de negocia\u00e7\u00e3o, foram temporariamente suspensas.<\/strong><\/mark> N\u00e3o h\u00e1 registros de <strong>v\u00edtimas graves<\/strong>.<\/p>\n<p>O ministro do Turismo, <strong>Celso Sabino<\/strong>, afirmou que o inc\u00eandio que atingiu o pavilh\u00e3o dos pa\u00edses da <strong>COP30 <\/strong>foi contido em <strong>cerca de 15 minutos.<\/strong> <mark style=\"background-color:#fcb900\" class=\"has-inline-color\">Sabino afirmou ainda que o material usado para forrar os galp\u00f5es \u00e9 <strong>antichamas <\/strong>e que o ocorrido n\u00e3o \u201cmancha\u201d a imagem da COP30, em sua vis\u00e3o.<\/mark> Questionado se os carpetes do local tamb\u00e9m t\u00eam tratamento anti-inc\u00eandio, ele disse n\u00e3o saber.<\/p>\n<div class=\"wp-block-image\">\n<figure class=\"aligncenter size-large is-resized\"><img data-recalc-dims=\"1\" fetchpriority=\"high\" decoding=\"async\" width=\"1024\" height=\"613\" src=\"https:\/\/i0.wp.com\/cdn.media-acidadeon.com.br\/ribeiraopreto\/wp-content\/uploads\/sites\/3\/2025\/11\/captura_de_tela_2025-11-20_as_14.42.00-1024x613.webp?resize=1024%2C613&#038;ssl=1\" alt=\"Inc\u00eandio atingiu Zona Azul da COP30 - Foto: reprodu\u00e7\u00e3o\/ redes sociais.\" class=\"wp-image-136584\" style=\"width:654px\" title=\"Estudante de Ribeir\u00e3o Preto acompanha inc\u00eandio na COP30 e registra o ocorrido; V\u00eddeo 1\" srcset=\"https:\/\/cdn.media-acidadeon.com.br\/ribeiraopreto\/wp-content\/uploads\/sites\/3\/2025\/11\/captura_de_tela_2025-11-20_as_14.42.00-1024x613.webp 1024w, https:\/\/cdn.media-acidadeon.com.br\/ribeiraopreto\/wp-content\/uploads\/sites\/3\/2025\/11\/captura_de_tela_2025-11-20_as_14.42.00-300x179.webp 300w, https:\/\/cdn.media-acidadeon.com.br\/ribeiraopreto\/wp-content\/uploads\/sites\/3\/2025\/11\/captura_de_tela_2025-11-20_as_14.42.00-768x459.webp 768w, https:\/\/cdn.media-acidadeon.com.br\/ribeiraopreto\/wp-content\/uploads\/sites\/3\/2025\/11\/captura_de_tela_2025-11-20_as_14.42.00-696x416.webp 696w, https:\/\/cdn.media-acidadeon.com.br\/ribeiraopreto\/wp-content\/uploads\/sites\/3\/2025\/11\/captura_de_tela_2025-11-20_as_14.42.00-1068x639.webp 1068w, https:\/\/cdn.media-acidadeon.com.br\/ribeiraopreto\/wp-content\/uploads\/sites\/3\/2025\/11\/captura_de_tela_2025-11-20_as_14.42.00.webp 1170w\" sizes=\"(max-width: 1024px) 100vw, 1024px\"\/><figcaption class=\"wp-element-caption\">Inc\u00eandio atingiu Zona Azul da COP30 \u2013 Foto: reprodu\u00e7\u00e3o\/ redes sociais.<\/figcaption><\/figure>\n<\/div>\n<h2 class=\"wp-block-heading\"><strong>Estudantes de Ribeir\u00e3o Preto na COP30<\/strong><\/h2>\n<p><strong>Mirella Archangelo<\/strong> e<strong> Lucas de Jesus Pereira<\/strong>, estudantes da Universidade de Ribeir\u00e3o Preto (Unaerp), est\u00e3o em <strong>Bel\u00e9m-PA<\/strong> para participar da <strong>30\u00aa Confer\u00eancia das Na\u00e7\u00f5es Unidas sobre Mudan\u00e7as Clim\u00e1ticas<\/strong>.<\/p>\n<p>O evento \u00e9 reconhecido como um dos <strong>maiores eventos globais sobre clima e sustentabilidade <\/strong>e re\u00fane l\u00edderes mundiais, pesquisadores e organiza\u00e7\u00f5es para discutir os desafios e solu\u00e7\u00f5es frente \u00e0 crise clim\u00e1tica.<\/p>\n<p><strong>Mirella <\/strong>participa da cobertura educomunicativa da programa\u00e7\u00e3o, ao lado de jovens da Vira\u00e7\u00e3o e Ag\u00eancia Jovem de Not\u00edcias.<\/p>\n<p>J\u00e1 <strong>Lucas <\/strong>integra a delega\u00e7\u00e3o brasileira da sociedade civil, representando o Instituto Teod\u00f3sio Lopes do Nascimento, que atua na promo\u00e7\u00e3o da igualdade \u00e9tnico-racial, protagonismo juvenil e forma\u00e7\u00e3o cidad\u00e3.<\/p>\n<p><em>*Com informa\u00e7\u00f5es de Mateus Fagundes e Talita Nascimento, da Ag\u00eancia Estado e Ag\u00eancia Brasil<\/em><\/p>\n<hr class=\"wp-block-separator has-alpha-channel-opacity\"\/>\n<p>SAIBA MAIS<\/p>\n<p>GCM prende homem ap\u00f3s roubo a posto de combust\u00edveis em Ribeir\u00e3o Preto<\/p>\n<h2 class=\"wp-block-heading\"><strong>FIQUE ON<\/strong><\/h2>\n<p>Fique ligado em tudo que acontece em Ribeir\u00e3o Preto e regi\u00e3o. Siga os perfis do<strong>\u00a0acidade on\u00a0<\/strong>no<a href=\"https:\/\/www.instagram.com\/acidadeonribeirao\" target=\"_blank\" rel=\"noreferrer noopener\">\u00a0Instagram\u00a0<\/a>e no\u00a0<a href=\"https:\/\/www.facebook.com\/acidadeonribeirao\/\" target=\"_blank\" rel=\"noreferrer noopener\">Facebook<\/a>.<\/p>\n<p>Receba not\u00edcias do<strong>\u00a0acidade on<\/strong>\u00a0no WhatsApp. Para entrar no grupo,\u00a0basta\u00a0<a href=\"https:\/\/chat.whatsapp.com\/I4nieTEMKlf50pJ28aMemC?mode=ac_t\" target=\"_blank\" rel=\"noreferrer noopener\">clicar aqui<\/a>. Ou, acesse o nosso\u00a0Canal\u00a0<a href=\"https:\/\/whatsapp.com\/channel\/0029Vb6IQl1JENyAeS57fk2p\" target=\"_blank\" rel=\"noreferrer noopener\">clicando aqui<\/a>.<\/p>\n<p>Fa\u00e7a uma den\u00fancia ou sugira uma reportagem sobre Ribeir\u00e3o Preto e regi\u00e3o pelo WhatsApp: 16 99117 7802.<\/p>\n<p>VEJA TAMB\u00c9M<\/p>\n<p>Ainda tem ingresso para os shows do Oasis no Brasil?<\/p>\n<p><!-- AI CONTENT END 1 -->\n<\/div>\n<p><script async src=\"\/\/www.instagram.com\/embed.js\"><\/script><br \/>\n<br \/><br \/>\n<br \/><a href=\"https:\/\/www.acidadeon.com\/ribeiraopreto\/cotidiano\/estudante-de-ribeirao-preto-acompanha-incendio-na-cop30-e-registra-o-ocorrido-video\/\">Source link <\/a><\/p>\n<!-- CONTENT END 1 -->\n","protected":false},"excerpt":{"rendered":"<p>A estudante de jornalismo Mirella Archangelo, de Ribeir\u00e3o Preto, que est\u00e1 em Bel\u00e9m-PA para uma cobertura especial da COP30, acompanhou de perto o foco de&#8230;<\/p>\n","protected":false},"author":1,"featured_media":80379,"comment_status":"open","ping_status":"open","sticky":false,"template":"","format":"standard","meta":{"advanced_seo_description":"","jetpack_seo_html_title":"","jetpack_seo_noindex":false,"jetpack_post_was_ever_published":false,"_jetpack_newsletter_access":"","_jetpack_dont_email_post_to_subs":false,"_jetpack_newsletter_tier_id":0,"_jetpack_memberships_contains_paywalled_content":false,"_jetpack_memberships_contains_paid_content":false,"footnotes":"","jetpack_publicize_message":"","jetpack_publicize_feature_enabled":true,"jetpack_social_post_already_shared":true,"jetpack_social_options":{"image_generator_settings":{"template":"highway","default_image_id":0,"font":"","enabled":false},"version":2}},"categories":[11],"tags":[],"class_list":["post-80378","post","type-post","status-publish","format-standard","has-post-thumbnail","hentry","category-noticias-de-ribeirao-preto-sp-e-regiao-ismael-colosi"],"jetpack_publicize_connections":[],"jetpack_featured_media_url":"https:\/\/i0.wp.com\/noticiasribeiraopreto.com.br\/wp-content\/uploads\/2025\/11\/Copia-de-Copia-de-Copia-de-TAMANHO-EXATO-PARA-FOTOS-NO-SISTEMA-NOVO-2025-11-20T163242.055_2025-11-20_19-32-52.webp.webp?fit=1200%2C675&ssl=1","jetpack-related-posts":[{"id":84900,"url":"https:\/\/noticiasribeiraopreto.com.br\/index.php\/2026\/04\/17\/incendio-atinge-area-atras-de-escola-em-ribeirao-preto-video\/","url_meta":{"origin":80378,"position":0},"title":"Inc\u00eandio atinge \u00e1rea atr\u00e1s de escola em Ribeir\u00e3o Preto; V\u00eddeo","author":"noticiasribeiraopreto.com.br","date":"17 de April de 2026","format":false,"excerpt":"Ler o resumo da not\u00edcia Inc\u00eandio ocorreu na \u00e1rea posterior da Escola Estadual Professor Jos\u00e9 Lima Pedreira de Freitas, na Vila Virg\u00ednia, zona Oeste de Ribeir\u00e3o Preto, nesta sexta\u2011feira (17). Devido \u00e0 fuma\u00e7a, pais relataram que muitos alunos foram evacuados para o p\u00e1tio da escola. O Corpo de Bombeiros foi\u2026","rel":"","context":"In &quot;Not\u00edcias de Ribeir\u00e3o Preto-SP e Regi\u00e3o&quot;","block_context":{"text":"Not\u00edcias de Ribeir\u00e3o Preto-SP e Regi\u00e3o","link":"https:\/\/noticiasribeiraopreto.com.br\/index.php\/category\/noticias-de-ribeirao-preto-sp-e-regiao-ismael-colosi\/"},"img":{"alt_text":"","src":"https:\/\/i0.wp.com\/noticiasribeiraopreto.com.br\/wp-content\/uploads\/2026\/04\/incendio_2026-04-17_16-22-29.webp.webp?fit=1200%2C685&ssl=1&resize=350%2C200","width":350,"height":200,"srcset":"https:\/\/i0.wp.com\/noticiasribeiraopreto.com.br\/wp-content\/uploads\/2026\/04\/incendio_2026-04-17_16-22-29.webp.webp?fit=1200%2C685&ssl=1&resize=350%2C200 1x, https:\/\/i0.wp.com\/noticiasribeiraopreto.com.br\/wp-content\/uploads\/2026\/04\/incendio_2026-04-17_16-22-29.webp.webp?fit=1200%2C685&ssl=1&resize=525%2C300 1.5x, https:\/\/i0.wp.com\/noticiasribeiraopreto.com.br\/wp-content\/uploads\/2026\/04\/incendio_2026-04-17_16-22-29.webp.webp?fit=1200%2C685&ssl=1&resize=700%2C400 2x, https:\/\/i0.wp.com\/noticiasribeiraopreto.com.br\/wp-content\/uploads\/2026\/04\/incendio_2026-04-17_16-22-29.webp.webp?fit=1200%2C685&ssl=1&resize=1050%2C600 3x"},"classes":[]},{"id":79801,"url":"https:\/\/noticiasribeiraopreto.com.br\/index.php\/2025\/11\/07\/incendio-atinge-tres-lojas-no-interior-de-sp-veja-video\/","url_meta":{"origin":80378,"position":1},"title":"Inc\u00eandio atinge tr\u00eas lojas no interior de SP; veja v\u00eddeo","author":"noticiasribeiraopreto.com.br","date":"7 de November de 2025","format":false,"excerpt":"Um inc\u00eandio atingiu tr\u00eas lojas na manh\u00e3 desta sexta-feira (7), no Centro de Tai\u00fava, cidade a cerca de 85 quil\u00f4metros de Ribeir\u00e3o Preto. As chamas come\u00e7aram por volta das 11h40. Equipes do Corpo de Bombeiros e da Defesa Civil atuaram para controlar o fogo e impedir que se espalhasse para\u2026","rel":"","context":"In &quot;Not\u00edcias de Ribeir\u00e3o Preto-SP e Regi\u00e3o&quot;","block_context":{"text":"Not\u00edcias de Ribeir\u00e3o Preto-SP e Regi\u00e3o","link":"https:\/\/noticiasribeiraopreto.com.br\/index.php\/category\/noticias-de-ribeirao-preto-sp-e-regiao-ismael-colosi\/"},"img":{"alt_text":"","src":"https:\/\/i0.wp.com\/noticiasribeiraopreto.com.br\/wp-content\/uploads\/2025\/11\/Copia-de-Copia-de-Copia-de-TAMANHO-EXATO-PARA-FOTOS-NO-SISTEMA-NOVO-2025-11-07T133611.626_2025-11-07_16-37-02.webp.webp?fit=1200%2C675&ssl=1&resize=350%2C200","width":350,"height":200,"srcset":"https:\/\/i0.wp.com\/noticiasribeiraopreto.com.br\/wp-content\/uploads\/2025\/11\/Copia-de-Copia-de-Copia-de-TAMANHO-EXATO-PARA-FOTOS-NO-SISTEMA-NOVO-2025-11-07T133611.626_2025-11-07_16-37-02.webp.webp?fit=1200%2C675&ssl=1&resize=350%2C200 1x, https:\/\/i0.wp.com\/noticiasribeiraopreto.com.br\/wp-content\/uploads\/2025\/11\/Copia-de-Copia-de-Copia-de-TAMANHO-EXATO-PARA-FOTOS-NO-SISTEMA-NOVO-2025-11-07T133611.626_2025-11-07_16-37-02.webp.webp?fit=1200%2C675&ssl=1&resize=525%2C300 1.5x, https:\/\/i0.wp.com\/noticiasribeiraopreto.com.br\/wp-content\/uploads\/2025\/11\/Copia-de-Copia-de-Copia-de-TAMANHO-EXATO-PARA-FOTOS-NO-SISTEMA-NOVO-2025-11-07T133611.626_2025-11-07_16-37-02.webp.webp?fit=1200%2C675&ssl=1&resize=700%2C400 2x, https:\/\/i0.wp.com\/noticiasribeiraopreto.com.br\/wp-content\/uploads\/2025\/11\/Copia-de-Copia-de-Copia-de-TAMANHO-EXATO-PARA-FOTOS-NO-SISTEMA-NOVO-2025-11-07T133611.626_2025-11-07_16-37-02.webp.webp?fit=1200%2C675&ssl=1&resize=1050%2C600 3x"},"classes":[]},{"id":7289,"url":"https:\/\/noticiasribeiraopreto.com.br\/index.php\/2023\/11\/27\/incendio-em-residencia-mobiliza-corpo-de-bombeiros-na-zona-norte-de-ribeirao\/","url_meta":{"origin":80378,"position":2},"title":"Inc\u00eandio em resid\u00eancia mobiliza Corpo de Bombeiros na zona Norte de Ribeir\u00e3o","author":"noticiasribeiraopreto.com.br","date":"27 de November de 2023","format":false,"excerpt":"Um inc\u00eandio na avenida Jo\u00e3o Batista Duarte, no bairro Valentina Figueiredo, zona Norte de Ribeir\u00e3o Preto, deixou parte de uma resid\u00eancia destru\u00edda, na noite desta segunda-feira (27). De acordo com a apura\u00e7\u00e3o da EPTV, que esteve no local, o fogo atingiu o teto da resid\u00eancia e desabou. A casa estava\u2026","rel":"","context":"In &quot;Not\u00edcias de Ribeir\u00e3o Preto-SP e Regi\u00e3o&quot;","block_context":{"text":"Not\u00edcias de Ribeir\u00e3o Preto-SP e Regi\u00e3o","link":"https:\/\/noticiasribeiraopreto.com.br\/index.php\/category\/noticias-de-ribeirao-preto-sp-e-regiao-ismael-colosi\/"},"img":{"alt_text":"","src":"https:\/\/i0.wp.com\/noticiasribeiraopreto.com.br\/wp-content\/uploads\/2023\/11\/WhatsApp-Image-2023-11-27-at-21.09.34.jpeg?fit=1200%2C900&ssl=1&resize=350%2C200","width":350,"height":200,"srcset":"https:\/\/i0.wp.com\/noticiasribeiraopreto.com.br\/wp-content\/uploads\/2023\/11\/WhatsApp-Image-2023-11-27-at-21.09.34.jpeg?fit=1200%2C900&ssl=1&resize=350%2C200 1x, https:\/\/i0.wp.com\/noticiasribeiraopreto.com.br\/wp-content\/uploads\/2023\/11\/WhatsApp-Image-2023-11-27-at-21.09.34.jpeg?fit=1200%2C900&ssl=1&resize=525%2C300 1.5x, https:\/\/i0.wp.com\/noticiasribeiraopreto.com.br\/wp-content\/uploads\/2023\/11\/WhatsApp-Image-2023-11-27-at-21.09.34.jpeg?fit=1200%2C900&ssl=1&resize=700%2C400 2x, https:\/\/i0.wp.com\/noticiasribeiraopreto.com.br\/wp-content\/uploads\/2023\/11\/WhatsApp-Image-2023-11-27-at-21.09.34.jpeg?fit=1200%2C900&ssl=1&resize=1050%2C600 3x"},"classes":[]},{"id":80369,"url":"https:\/\/noticiasribeiraopreto.com.br\/index.php\/2025\/11\/20\/incendio-atinge-pavilhao-da-cop-30-veja-video\/","url_meta":{"origin":80378,"position":3},"title":"Inc\u00eandio atinge pavilh\u00e3o da COP 30; Veja v\u00eddeo","author":"noticiasribeiraopreto.com.br","date":"20 de November de 2025","format":false,"excerpt":"Um inc\u00eandio de grandes propor\u00e7\u00f5es foi registrado na tarde desta quinta-feira (20) em um dos pavilh\u00f5es onde est\u00e1 acontecendo a COP 30 (Confer\u00eancia do Clima), em Bel\u00e9m-PA. De acordo com as informa\u00e7\u00f5es iniciais, as chamas atingiram espa\u00e7os da zona azul, chamada de Pavilh\u00e3o dos Pa\u00edses. A \u00e1rea \u00e9 a mesma\u2026","rel":"","context":"In &quot;Not\u00edcias de Ribeir\u00e3o Preto-SP e Regi\u00e3o&quot;","block_context":{"text":"Not\u00edcias de Ribeir\u00e3o Preto-SP e Regi\u00e3o","link":"https:\/\/noticiasribeiraopreto.com.br\/index.php\/category\/noticias-de-ribeirao-preto-sp-e-regiao-ismael-colosi\/"},"img":{"alt_text":"","src":"https:\/\/i0.wp.com\/noticiasribeiraopreto.com.br\/wp-content\/uploads\/2025\/11\/palace-60_2025-11-20_17-37-43.webp.webp?fit=1200%2C675&ssl=1&resize=350%2C200","width":350,"height":200,"srcset":"https:\/\/i0.wp.com\/noticiasribeiraopreto.com.br\/wp-content\/uploads\/2025\/11\/palace-60_2025-11-20_17-37-43.webp.webp?fit=1200%2C675&ssl=1&resize=350%2C200 1x, https:\/\/i0.wp.com\/noticiasribeiraopreto.com.br\/wp-content\/uploads\/2025\/11\/palace-60_2025-11-20_17-37-43.webp.webp?fit=1200%2C675&ssl=1&resize=525%2C300 1.5x, https:\/\/i0.wp.com\/noticiasribeiraopreto.com.br\/wp-content\/uploads\/2025\/11\/palace-60_2025-11-20_17-37-43.webp.webp?fit=1200%2C675&ssl=1&resize=700%2C400 2x, https:\/\/i0.wp.com\/noticiasribeiraopreto.com.br\/wp-content\/uploads\/2025\/11\/palace-60_2025-11-20_17-37-43.webp.webp?fit=1200%2C675&ssl=1&resize=1050%2C600 3x"},"classes":[]},{"id":57315,"url":"https:\/\/noticiasribeiraopreto.com.br\/index.php\/2024\/08\/28\/incendio-atinge-canavial-e-mata-da-regiao-de-ribeirao-veja-video\/","url_meta":{"origin":80378,"position":4},"title":"Inc\u00eandio atinge canavial e mata da regi\u00e3o de Ribeir\u00e3o; veja v\u00eddeo","author":"noticiasribeiraopreto.com.br","date":"28 de August de 2024","format":false,"excerpt":"Na tarde desta quarta-feira (28) foi registrado mais um inc\u00eandio na regi\u00e3o de Ribeir\u00e3o. Dessa vez, o fogo acontece em Morro Agudo. Segundo coordenador da Defesa Civil de\u00a0Morro\u00a0Agudo, Jess\u00e9 Carrascosa, o fogo est\u00e1 fora de controle. \u201cVento forte no munic\u00edpio de Morro Agudo, inc\u00eandio em canavial e tamb\u00e9m em \u00e1rea\u2026","rel":"","context":"In &quot;Not\u00edcias de Ribeir\u00e3o Preto-SP e Regi\u00e3o&quot;","block_context":{"text":"Not\u00edcias de Ribeir\u00e3o Preto-SP e Regi\u00e3o","link":"https:\/\/noticiasribeiraopreto.com.br\/index.php\/category\/noticias-de-ribeirao-preto-sp-e-regiao-ismael-colosi\/"},"img":{"alt_text":"","src":"https:\/\/i0.wp.com\/noticiasribeiraopreto.com.br\/wp-content\/uploads\/2024\/08\/Imagem-do-WhatsApp-de-2024-08-28-as-16.44.34_d30027ad_2024-08-28_20-02-06_jpg_2024-08-28_20-02-06.webp.webp?fit=1200%2C675&ssl=1&resize=350%2C200","width":350,"height":200,"srcset":"https:\/\/i0.wp.com\/noticiasribeiraopreto.com.br\/wp-content\/uploads\/2024\/08\/Imagem-do-WhatsApp-de-2024-08-28-as-16.44.34_d30027ad_2024-08-28_20-02-06_jpg_2024-08-28_20-02-06.webp.webp?fit=1200%2C675&ssl=1&resize=350%2C200 1x, https:\/\/i0.wp.com\/noticiasribeiraopreto.com.br\/wp-content\/uploads\/2024\/08\/Imagem-do-WhatsApp-de-2024-08-28-as-16.44.34_d30027ad_2024-08-28_20-02-06_jpg_2024-08-28_20-02-06.webp.webp?fit=1200%2C675&ssl=1&resize=525%2C300 1.5x, https:\/\/i0.wp.com\/noticiasribeiraopreto.com.br\/wp-content\/uploads\/2024\/08\/Imagem-do-WhatsApp-de-2024-08-28-as-16.44.34_d30027ad_2024-08-28_20-02-06_jpg_2024-08-28_20-02-06.webp.webp?fit=1200%2C675&ssl=1&resize=700%2C400 2x, https:\/\/i0.wp.com\/noticiasribeiraopreto.com.br\/wp-content\/uploads\/2024\/08\/Imagem-do-WhatsApp-de-2024-08-28-as-16.44.34_d30027ad_2024-08-28_20-02-06_jpg_2024-08-28_20-02-06.webp.webp?fit=1200%2C675&ssl=1&resize=1050%2C600 3x"},"classes":[]},{"id":77504,"url":"https:\/\/noticiasribeiraopreto.com.br\/index.php\/2025\/09\/19\/incendio-de-grandes-proporcoes-atinge-area-de-vegetacao-em-cidade-na-regiao-de-ribeirao-veja-video\/","url_meta":{"origin":80378,"position":5},"title":"Inc\u00eandio de grandes propor\u00e7\u00f5es atinge \u00e1rea de vegeta\u00e7\u00e3o em cidade na regi\u00e3o de Ribeir\u00e3o; Veja v\u00eddeo","author":"noticiasribeiraopreto.com.br","date":"19 de September de 2025","format":false,"excerpt":"Um inc\u00eandio de grandes propor\u00e7\u00f5es atinge uma \u00e1rea de vegeta\u00e7\u00e3o em Morro Agudo, cidade na regi\u00e3o de Ribeir\u00e3o Preto, na tarde desta sexta-feira (19). De acordo com as informa\u00e7\u00f5es da Defesa Civil da cidade, brigadas de inc\u00eandio de usinas e produtores rurais est\u00e3o no local auxiliando no combate \u00e0s chamas.\u2026","rel":"","context":"In &quot;Not\u00edcias de Ribeir\u00e3o Preto-SP e Regi\u00e3o&quot;","block_context":{"text":"Not\u00edcias de Ribeir\u00e3o Preto-SP e Regi\u00e3o","link":"https:\/\/noticiasribeiraopreto.com.br\/index.php\/category\/noticias-de-ribeirao-preto-sp-e-regiao-ismael-colosi\/"},"img":{"alt_text":"","src":"https:\/\/i0.wp.com\/noticiasribeiraopreto.com.br\/wp-content\/uploads\/2025\/09\/WhatsApp-Image-2025-09-19-at-16.36.30_2025-09-19_19-52-43.webp.webp?fit=1200%2C900&ssl=1&resize=350%2C200","width":350,"height":200,"srcset":"https:\/\/i0.wp.com\/noticiasribeiraopreto.com.br\/wp-content\/uploads\/2025\/09\/WhatsApp-Image-2025-09-19-at-16.36.30_2025-09-19_19-52-43.webp.webp?fit=1200%2C900&ssl=1&resize=350%2C200 1x, https:\/\/i0.wp.com\/noticiasribeiraopreto.com.br\/wp-content\/uploads\/2025\/09\/WhatsApp-Image-2025-09-19-at-16.36.30_2025-09-19_19-52-43.webp.webp?fit=1200%2C900&ssl=1&resize=525%2C300 1.5x, https:\/\/i0.wp.com\/noticiasribeiraopreto.com.br\/wp-content\/uploads\/2025\/09\/WhatsApp-Image-2025-09-19-at-16.36.30_2025-09-19_19-52-43.webp.webp?fit=1200%2C900&ssl=1&resize=700%2C400 2x, https:\/\/i0.wp.com\/noticiasribeiraopreto.com.br\/wp-content\/uploads\/2025\/09\/WhatsApp-Image-2025-09-19-at-16.36.30_2025-09-19_19-52-43.webp.webp?fit=1200%2C900&ssl=1&resize=1050%2C600 3x"},"classes":[]}],"jetpack_sharing_enabled":true,"jetpack_shortlink":"https:\/\/wp.me\/peQAOb-kUq","_links":{"self":[{"href":"https:\/\/noticiasribeiraopreto.com.br\/index.php\/wp-json\/wp\/v2\/posts\/80378","targetHints":{"allow":["GET"]}}],"collection":[{"href":"https:\/\/noticiasribeiraopreto.com.br\/index.php\/wp-json\/wp\/v2\/posts"}],"about":[{"href":"https:\/\/noticiasribeiraopreto.com.br\/index.php\/wp-json\/wp\/v2\/types\/post"}],"author":[{"embeddable":true,"href":"https:\/\/noticiasribeiraopreto.com.br\/index.php\/wp-json\/wp\/v2\/users\/1"}],"replies":[{"embeddable":true,"href":"https:\/\/noticiasribeiraopreto.com.br\/index.php\/wp-json\/wp\/v2\/comments?post=80378"}],"version-history":[{"count":0,"href":"https:\/\/noticiasribeiraopreto.com.br\/index.php\/wp-json\/wp\/v2\/posts\/80378\/revisions"}],"wp:featuredmedia":[{"embeddable":true,"href":"https:\/\/noticiasribeiraopreto.com.br\/index.php\/wp-json\/wp\/v2\/media\/80379"}],"wp:attachment":[{"href":"https:\/\/noticiasribeiraopreto.com.br\/index.php\/wp-json\/wp\/v2\/media?parent=80378"}],"wp:term":[{"taxonomy":"category","embeddable":true,"href":"https:\/\/noticiasribeiraopreto.com.br\/index.php\/wp-json\/wp\/v2\/categories?post=80378"},{"taxonomy":"post_tag","embeddable":true,"href":"https:\/\/noticiasribeiraopreto.com.br\/index.php\/wp-json\/wp\/v2\/tags?post=80378"}],"curies":[{"name":"wp","href":"https:\/\/api.w.org\/{rel}","templated":true}]}}