{"id":8038,"date":"2023-11-29T11:00:33","date_gmt":"2023-11-29T14:00:33","guid":{"rendered":"https:\/\/noticiasribeiraopreto.com.br\/index.php\/2023\/11\/29\/ana-hickmann-tem-pedido-negado-pela-justica-apos-pedir-divorcio-pela-maria-da-penha-contra-marido\/"},"modified":"2023-11-29T11:00:33","modified_gmt":"2023-11-29T14:00:33","slug":"ana-hickmann-tem-pedido-negado-pela-justica-apos-pedir-divorcio-pela-maria-da-penha-contra-marido","status":"publish","type":"post","link":"https:\/\/noticiasribeiraopreto.com.br\/index.php\/2023\/11\/29\/ana-hickmann-tem-pedido-negado-pela-justica-apos-pedir-divorcio-pela-maria-da-penha-contra-marido\/","title":{"rendered":"Ana Hickmann tem pedido negado pela justi\u00e7a ap\u00f3s pedir div\u00f3rcio pela Maria da Penha contra marido"},"content":{"rendered":"<div class='code-block code-block-1' style='margin: 8px 0 8px auto; text-align: right; display: block; clear: both;'>\n<p><a href=\"https:\/\/wa.link\/vpicfd\"><img data-recalc-dims=\"1\" class=\"wp-image-4922\" style=\"aspect-ratio: 2.0253164556962027; width: 561px; height: auto;\" src=\"https:\/\/i0.wp.com\/ismaelcolosi.com.br\/wp-content\/uploads\/2023\/11\/grupo-de-empregos-whatsapp-e-facebook-ismael-colosi-vagas.jpg?ssl=1\" alt=\"\" \/><\/a><\/p>\n<!-- \/wp:image -->\n<\/div>\n<p> <br \/>\n<\/p>\n<div itemprop=\"text\">\n<p>A apresentadora Ana Hickmann tem vivido dias dif\u00edceis nas \u00faltimas semanas. Isso porque a famosa, que tem 42 anos, foi agredida pelo marido, o empres\u00e1rio Alexandre Corr\u00eaa, com quem \u00e9 casada h\u00e1 15 anos.<\/p>\n<p>No total, Ana e Alexandre j\u00e1 estavam juntos h\u00e1 25 anos. Os dois s\u00e3o pais do pequeno Ale, de 9 anos, \u00fanico fruto do casamento. A briga entre os dois aconteceu no \u00faltimo dia 11 e gerou bastante repercuss\u00e3o na m\u00eddia.<\/p>\n<p>Em entrevista recente dada ao programa Domingo Especular, da Record, Ana Hickmann detalhou a agress\u00e3o de Alexandre. Ela disse, inclusive, que o empres\u00e1rio fechou a porta contra seu bra\u00e7o lhe causando uma les\u00e3o.<\/p>\n<p>Diante da situa\u00e7\u00e3o, Ana Hickmann pediu div\u00f3rcio atrav\u00e9s da lei Maria da Penha. Contudo, a apresentadora teve o pedido negado pelo juiz da 1\u00aa Vara Criminal e de Viol\u00eancia Dom\u00e9stica e Familiar de S\u00e3o Paulo.<\/p>\n<p>Segundo o que foi informado pelo advogado de Alexandre Correa, marido de Ana Hickmann, a partir da decis\u00e3o judicial, o processo de div\u00f3rcio litigioso vai tramitar pela Vara de Fam\u00edlia e n\u00e3o pela Vara de Viol\u00eancia Dom\u00e9stica, como era esperado pela apresentadora.<\/p>\n<p>Ana e Alexandre n\u00e3o se falam desde a briga, que aconteceu dentro da casa do casal, situada no munic\u00edpio de Itu, no interior de S\u00e3o Paulo. Alguns funcion\u00e1rios estavam no local quando o epis\u00f3dio ocorreu. Uma cozinheira prestou depoimento \u00e0 pol\u00edcia e informou que as discuss\u00f5es eram comuns na casa.<\/p>\n<\/div>\n<p><br \/>\n<br \/><a href=\"https:\/\/fnmais.com\/ana-hickmann-tem-pedido-negado-pela-justica-apos-pedir-divorcio-pela-maria-penha-contra-marido\/\">Source link <\/a><\/p>\n<!-- CONTENT END 1 -->\n","protected":false},"excerpt":{"rendered":"<p>A apresentadora Ana Hickmann tem vivido dias dif\u00edceis nas \u00faltimas semanas. Isso porque a famosa, que tem 42 anos, foi agredida pelo marido, o empres\u00e1rio&#8230;<\/p>\n","protected":false},"author":1,"featured_media":8039,"comment_status":"open","ping_status":"open","sticky":false,"template":"","format":"standard","meta":{"advanced_seo_description":"","jetpack_seo_html_title":"","jetpack_seo_noindex":false,"jetpack_post_was_ever_published":false,"_jetpack_newsletter_access":"","_jetpack_dont_email_post_to_subs":false,"_jetpack_newsletter_tier_id":0,"_jetpack_memberships_contains_paywalled_content":false,"_jetpack_memberships_contains_paid_content":false,"footnotes":"","jetpack_publicize_message":"","jetpack_publicize_feature_enabled":true,"jetpack_social_post_already_shared":true,"jetpack_social_options":{"image_generator_settings":{"template":"highway","default_image_id":0,"font":"","enabled":false},"version":2}},"categories":[1],"tags":[],"class_list":["post-8038","post","type-post","status-publish","format-standard","has-post-thumbnail","hentry","category-blog"],"jetpack_publicize_connections":[],"jetpack_featured_media_url":"https:\/\/i0.wp.com\/noticiasribeiraopreto.com.br\/wp-content\/uploads\/2023\/11\/postimg-6567392438ac57662.jpg?fit=1200%2C628&ssl=1","jetpack-related-posts":[{"id":2383,"url":"https:\/\/noticiasribeiraopreto.com.br\/index.php\/2023\/11\/15\/marido-de-ana-hickmann-baixa-a-guarda-e-se-declara-em-entrevista\/","url_meta":{"origin":8038,"position":0},"title":"marido de Ana Hickmann baixa a guarda e se declara em entrevista","author":"noticiasribeiraopreto.com.br","date":"15 de November de 2023","format":false,"excerpt":"A briga da apresentadora Ana Hickmann com o marido, Alexandre Corr\u00eaa, continua entre os assuntos mais comentados das redes sociais. O casal teve um desentendimento s\u00e9rio no \u00faltimo final de semana e a pol\u00edcia foi chamada para atender \u00e0 ocorr\u00eancia na casa do casal, situada em Itu, no interior de\u2026","rel":"","context":"In &quot;Blog&quot;","block_context":{"text":"Blog","link":"https:\/\/noticiasribeiraopreto.com.br\/index.php\/category\/blog\/"},"img":{"alt_text":"","src":"https:\/\/i0.wp.com\/noticiasribeiraopreto.com.br\/wp-content\/uploads\/2023\/11\/postimg-6553f116699d12049.jpg?fit=1200%2C628&ssl=1&resize=350%2C200","width":350,"height":200,"srcset":"https:\/\/i0.wp.com\/noticiasribeiraopreto.com.br\/wp-content\/uploads\/2023\/11\/postimg-6553f116699d12049.jpg?fit=1200%2C628&ssl=1&resize=350%2C200 1x, https:\/\/i0.wp.com\/noticiasribeiraopreto.com.br\/wp-content\/uploads\/2023\/11\/postimg-6553f116699d12049.jpg?fit=1200%2C628&ssl=1&resize=525%2C300 1.5x, https:\/\/i0.wp.com\/noticiasribeiraopreto.com.br\/wp-content\/uploads\/2023\/11\/postimg-6553f116699d12049.jpg?fit=1200%2C628&ssl=1&resize=700%2C400 2x, https:\/\/i0.wp.com\/noticiasribeiraopreto.com.br\/wp-content\/uploads\/2023\/11\/postimg-6553f116699d12049.jpg?fit=1200%2C628&ssl=1&resize=1050%2C600 3x"},"classes":[]},{"id":5916,"url":"https:\/\/noticiasribeiraopreto.com.br\/index.php\/2023\/11\/24\/segundo-advogado-marido-de-ana-hickmann-entra-com-pedido-de-divorcio\/","url_meta":{"origin":8038,"position":1},"title":"Segundo advogado, Marido de Ana Hickmann entra com pedido de div\u00f3rcio","author":"noticiasribeiraopreto.com.br","date":"24 de November de 2023","format":false,"excerpt":"Ap\u00f3s o site \u201cNot\u00edcias da TV\u201d divulgaram que a apresentadora Ana Hickmann j\u00e1 estaria se referindo a Alexandre Correa como ex marido, parece que ele tomou provid\u00eancias com rela\u00e7\u00e3o a isso.Segundo o advogado Enio Martins Murad em entrevista ao G1, Alexandre teria entrado com pedido de div\u00f3rcio nesta sexta feira,\u2026","rel":"","context":"In &quot;Blog&quot;","block_context":{"text":"Blog","link":"https:\/\/noticiasribeiraopreto.com.br\/index.php\/category\/blog\/"},"img":{"alt_text":"","src":"https:\/\/i0.wp.com\/noticiasribeiraopreto.com.br\/wp-content\/uploads\/2023\/11\/postimg-656103f437cd03875.jpg?fit=1200%2C628&ssl=1&resize=350%2C200","width":350,"height":200,"srcset":"https:\/\/i0.wp.com\/noticiasribeiraopreto.com.br\/wp-content\/uploads\/2023\/11\/postimg-656103f437cd03875.jpg?fit=1200%2C628&ssl=1&resize=350%2C200 1x, https:\/\/i0.wp.com\/noticiasribeiraopreto.com.br\/wp-content\/uploads\/2023\/11\/postimg-656103f437cd03875.jpg?fit=1200%2C628&ssl=1&resize=525%2C300 1.5x, https:\/\/i0.wp.com\/noticiasribeiraopreto.com.br\/wp-content\/uploads\/2023\/11\/postimg-656103f437cd03875.jpg?fit=1200%2C628&ssl=1&resize=700%2C400 2x, https:\/\/i0.wp.com\/noticiasribeiraopreto.com.br\/wp-content\/uploads\/2023\/11\/postimg-656103f437cd03875.jpg?fit=1200%2C628&ssl=1&resize=1050%2C600 3x"},"classes":[]},{"id":6794,"url":"https:\/\/noticiasribeiraopreto.com.br\/index.php\/2023\/11\/26\/jurei-que-nenhum-homem-me-faria-isso\/","url_meta":{"origin":8038,"position":2},"title":"&#8216;Jurei que nenhum homem me faria isso&#8217;","author":"noticiasribeiraopreto.com.br","date":"26 de November de 2023","format":false,"excerpt":"Enfrentando um processo de div\u00f3rcio conturbado, ap\u00f3s ter denunciado o marido por viol\u00eancia dom\u00e9stica, Ana Hickmann quebrou o sil\u00eancio pela primeira vez. Em entrevista, a apresentadora falou abertamente sobre o caso.Ana foi casada por mais de 20 anos com Alexandre Correa, que desempenhava tamb\u00e9m papel de seu empres\u00e1rio. O t\u00e9rmino\u2026","rel":"","context":"In &quot;Blog&quot;","block_context":{"text":"Blog","link":"https:\/\/noticiasribeiraopreto.com.br\/index.php\/category\/blog\/"},"img":{"alt_text":"","src":"https:\/\/i0.wp.com\/noticiasribeiraopreto.com.br\/wp-content\/uploads\/2023\/11\/postimg-6563ed8c550445587.jpg?fit=1200%2C628&ssl=1&resize=350%2C200","width":350,"height":200,"srcset":"https:\/\/i0.wp.com\/noticiasribeiraopreto.com.br\/wp-content\/uploads\/2023\/11\/postimg-6563ed8c550445587.jpg?fit=1200%2C628&ssl=1&resize=350%2C200 1x, https:\/\/i0.wp.com\/noticiasribeiraopreto.com.br\/wp-content\/uploads\/2023\/11\/postimg-6563ed8c550445587.jpg?fit=1200%2C628&ssl=1&resize=525%2C300 1.5x, https:\/\/i0.wp.com\/noticiasribeiraopreto.com.br\/wp-content\/uploads\/2023\/11\/postimg-6563ed8c550445587.jpg?fit=1200%2C628&ssl=1&resize=700%2C400 2x, https:\/\/i0.wp.com\/noticiasribeiraopreto.com.br\/wp-content\/uploads\/2023\/11\/postimg-6563ed8c550445587.jpg?fit=1200%2C628&ssl=1&resize=1050%2C600 3x"},"classes":[]},{"id":9967,"url":"https:\/\/noticiasribeiraopreto.com.br\/index.php\/2023\/12\/03\/alexandre-correa-desiste-de-acao-de-divorcio-contra-ana-hickmann-apos-receber-noticia-que-o-emocionou\/","url_meta":{"origin":8038,"position":3},"title":"Alexandre Correa desiste de a\u00e7\u00e3o de div\u00f3rcio contra Ana Hickmann ap\u00f3s receber not\u00edcia que o emocionou","author":"noticiasribeiraopreto.com.br","date":"3 de December de 2023","format":false,"excerpt":"Alexandre Correa decidiu retirar a a\u00e7\u00e3o de div\u00f3rcio que havia movido contra Ana Hickmann. Segundo informa\u00e7\u00f5es, o processo de separa\u00e7\u00e3o do casal prossegue, mas agora sob uma a\u00e7\u00e3o iniciada pela funcion\u00e1ria da Record.O advogado Enio Martins, representante de Alexandre Correa, em entrevista ao Estad\u00e3o, explicou que a desist\u00eancia ocorreu ap\u00f3s\u2026","rel":"","context":"In &quot;Blog&quot;","block_context":{"text":"Blog","link":"https:\/\/noticiasribeiraopreto.com.br\/index.php\/category\/blog\/"},"img":{"alt_text":"","src":"https:\/\/i0.wp.com\/noticiasribeiraopreto.com.br\/wp-content\/uploads\/2023\/12\/postimg-656c8d9fa0fe08046.jpg?fit=1200%2C628&ssl=1&resize=350%2C200","width":350,"height":200,"srcset":"https:\/\/i0.wp.com\/noticiasribeiraopreto.com.br\/wp-content\/uploads\/2023\/12\/postimg-656c8d9fa0fe08046.jpg?fit=1200%2C628&ssl=1&resize=350%2C200 1x, https:\/\/i0.wp.com\/noticiasribeiraopreto.com.br\/wp-content\/uploads\/2023\/12\/postimg-656c8d9fa0fe08046.jpg?fit=1200%2C628&ssl=1&resize=525%2C300 1.5x, https:\/\/i0.wp.com\/noticiasribeiraopreto.com.br\/wp-content\/uploads\/2023\/12\/postimg-656c8d9fa0fe08046.jpg?fit=1200%2C628&ssl=1&resize=700%2C400 2x, https:\/\/i0.wp.com\/noticiasribeiraopreto.com.br\/wp-content\/uploads\/2023\/12\/postimg-656c8d9fa0fe08046.jpg?fit=1200%2C628&ssl=1&resize=1050%2C600 3x"},"classes":[]},{"id":14652,"url":"https:\/\/noticiasribeiraopreto.com.br\/index.php\/2023\/12\/12\/caso-ana-hickmann-advogados-finalmente-revelam-motivo-da-violencia-do-marido-impunidade-de-delitos\/","url_meta":{"origin":8038,"position":4},"title":"Caso Ana Hickmann: Advogados finalmente revelam motivo da viol\u00eancia do marido: &#8216;impunidade de delitos&#8217;","author":"noticiasribeiraopreto.com.br","date":"12 de December de 2023","format":false,"excerpt":"Nesta segunda-feira (11\/12), a apresentadora Ana Hickmann se pronunciou por meio de seus advogados para dar novas declara\u00e7\u00f5es sobre Alexandre Correa. Os dois, vale lembrar, est\u00e3o em processo de separa\u00e7\u00e3o e a loira j\u00e1 entrou com pedido de div\u00f3rcio.Ana foi agredida pelo agora ex-companheiro e a viol\u00eancia dom\u00e9stica foi denunciada\u2026","rel":"","context":"In &quot;Blog&quot;","block_context":{"text":"Blog","link":"https:\/\/noticiasribeiraopreto.com.br\/index.php\/category\/blog\/"},"img":{"alt_text":"","src":"https:\/\/i0.wp.com\/noticiasribeiraopreto.com.br\/wp-content\/uploads\/2023\/12\/postimg-657853a0bf7e72411.jpg?fit=1200%2C628&ssl=1&resize=350%2C200","width":350,"height":200,"srcset":"https:\/\/i0.wp.com\/noticiasribeiraopreto.com.br\/wp-content\/uploads\/2023\/12\/postimg-657853a0bf7e72411.jpg?fit=1200%2C628&ssl=1&resize=350%2C200 1x, https:\/\/i0.wp.com\/noticiasribeiraopreto.com.br\/wp-content\/uploads\/2023\/12\/postimg-657853a0bf7e72411.jpg?fit=1200%2C628&ssl=1&resize=525%2C300 1.5x, https:\/\/i0.wp.com\/noticiasribeiraopreto.com.br\/wp-content\/uploads\/2023\/12\/postimg-657853a0bf7e72411.jpg?fit=1200%2C628&ssl=1&resize=700%2C400 2x, https:\/\/i0.wp.com\/noticiasribeiraopreto.com.br\/wp-content\/uploads\/2023\/12\/postimg-657853a0bf7e72411.jpg?fit=1200%2C628&ssl=1&resize=1050%2C600 3x"},"classes":[]},{"id":7273,"url":"https:\/\/noticiasribeiraopreto.com.br\/index.php\/2023\/11\/27\/alexandre-alega-estar-sendo-vitima-e-acusa-ana-hickmann-de-perseguicao-obsessiva\/","url_meta":{"origin":8038,"position":5},"title":"Alexandre alega estar sendo v\u00edtima e acusa Ana Hickmann de &#8216;persegui\u00e7\u00e3o obsessiva&#8217;","author":"noticiasribeiraopreto.com.br","date":"27 de November de 2023","format":false,"excerpt":"No \u00faltimo domingo (26\/11), uma reportagem especial sobre o caso Ana Hickmann deu o que falar. Em entrevista, a apresentadora fez fortes revela\u00e7\u00f5es e acusa\u00e7\u00f5es contra o empres\u00e1rio Alexandre Correa.Os dois viveram um relacionamento por cerca de 25 anos, mas o t\u00e9rmino da rela\u00e7\u00e3o tem sido conturbado. Os dois est\u00e3o\u2026","rel":"","context":"In &quot;Blog&quot;","block_context":{"text":"Blog","link":"https:\/\/noticiasribeiraopreto.com.br\/index.php\/category\/blog\/"},"img":{"alt_text":"","src":"https:\/\/i0.wp.com\/noticiasribeiraopreto.com.br\/wp-content\/uploads\/2023\/11\/postimg-65652f87a3a619659.jpg?fit=1200%2C628&ssl=1&resize=350%2C200","width":350,"height":200,"srcset":"https:\/\/i0.wp.com\/noticiasribeiraopreto.com.br\/wp-content\/uploads\/2023\/11\/postimg-65652f87a3a619659.jpg?fit=1200%2C628&ssl=1&resize=350%2C200 1x, https:\/\/i0.wp.com\/noticiasribeiraopreto.com.br\/wp-content\/uploads\/2023\/11\/postimg-65652f87a3a619659.jpg?fit=1200%2C628&ssl=1&resize=525%2C300 1.5x, https:\/\/i0.wp.com\/noticiasribeiraopreto.com.br\/wp-content\/uploads\/2023\/11\/postimg-65652f87a3a619659.jpg?fit=1200%2C628&ssl=1&resize=700%2C400 2x, https:\/\/i0.wp.com\/noticiasribeiraopreto.com.br\/wp-content\/uploads\/2023\/11\/postimg-65652f87a3a619659.jpg?fit=1200%2C628&ssl=1&resize=1050%2C600 3x"},"classes":[]}],"jetpack_sharing_enabled":true,"jetpack_shortlink":"https:\/\/wp.me\/peQAOb-25E","_links":{"self":[{"href":"https:\/\/noticiasribeiraopreto.com.br\/index.php\/wp-json\/wp\/v2\/posts\/8038","targetHints":{"allow":["GET"]}}],"collection":[{"href":"https:\/\/noticiasribeiraopreto.com.br\/index.php\/wp-json\/wp\/v2\/posts"}],"about":[{"href":"https:\/\/noticiasribeiraopreto.com.br\/index.php\/wp-json\/wp\/v2\/types\/post"}],"author":[{"embeddable":true,"href":"https:\/\/noticiasribeiraopreto.com.br\/index.php\/wp-json\/wp\/v2\/users\/1"}],"replies":[{"embeddable":true,"href":"https:\/\/noticiasribeiraopreto.com.br\/index.php\/wp-json\/wp\/v2\/comments?post=8038"}],"version-history":[{"count":0,"href":"https:\/\/noticiasribeiraopreto.com.br\/index.php\/wp-json\/wp\/v2\/posts\/8038\/revisions"}],"wp:featuredmedia":[{"embeddable":true,"href":"https:\/\/noticiasribeiraopreto.com.br\/index.php\/wp-json\/wp\/v2\/media\/8039"}],"wp:attachment":[{"href":"https:\/\/noticiasribeiraopreto.com.br\/index.php\/wp-json\/wp\/v2\/media?parent=8038"}],"wp:term":[{"taxonomy":"category","embeddable":true,"href":"https:\/\/noticiasribeiraopreto.com.br\/index.php\/wp-json\/wp\/v2\/categories?post=8038"},{"taxonomy":"post_tag","embeddable":true,"href":"https:\/\/noticiasribeiraopreto.com.br\/index.php\/wp-json\/wp\/v2\/tags?post=8038"}],"curies":[{"name":"wp","href":"https:\/\/api.w.org\/{rel}","templated":true}]}}