{"id":80380,"date":"2025-11-20T22:13:59","date_gmt":"2025-11-21T01:13:59","guid":{"rendered":"https:\/\/noticiasribeiraopreto.com.br\/index.php\/2025\/11\/20\/trump-retira-tarifa-de-40-sobre-produtos-brasileiros\/"},"modified":"2025-11-20T22:13:59","modified_gmt":"2025-11-21T01:13:59","slug":"trump-retira-tarifa-de-40-sobre-produtos-brasileiros","status":"publish","type":"post","link":"https:\/\/noticiasribeiraopreto.com.br\/index.php\/2025\/11\/20\/trump-retira-tarifa-de-40-sobre-produtos-brasileiros\/","title":{"rendered":"Trump retira tarifa de 40% sobre produtos brasileiros"},"content":{"rendered":"<div class='code-block code-block-1' style='margin: 8px 0 8px auto; text-align: right; display: block; clear: both;'>\n<p><a href=\"https:\/\/wa.link\/vpicfd\"><img data-recalc-dims=\"1\" class=\"wp-image-4922\" style=\"aspect-ratio: 2.0253164556962027; width: 561px; height: auto;\" src=\"https:\/\/i0.wp.com\/ismaelcolosi.com.br\/wp-content\/uploads\/2023\/11\/grupo-de-empregos-whatsapp-e-facebook-ismael-colosi-vagas.jpg?ssl=1\" alt=\"\" \/><\/a><\/p>\n<!-- \/wp:image -->\n<\/div>\n<p> <br \/>\n<\/p>\n<div data-td-block-uid=\"tdi_95\">\n<div class=\"tdb-block-inner td-fix-index\">\n<p>O presidente dos <strong>Estados Unidos<\/strong>, <strong>Donald Trump<\/strong>, decidiu retirar a <strong>tarifa adicional de 40%<\/strong> aplicada a determinados produtos brasileiros. <a href=\"https:\/\/www.whitehouse.gov\/presidential-actions\/2025\/11\/modifying-the-scope-of-tariffs-on-the-government-of-brazil\/\" data-type=\"link\" data-id=\"https:\/\/www.whitehouse.gov\/presidential-actions\/2025\/11\/modifying-the-scope-of-tariffs-on-the-government-of-brazil\/\" target=\"_blank\" rel=\"noopener\">A informa\u00e7\u00e3o foi publicada pela <strong>Casa Branca<\/strong><\/a>.<\/p>\n<p>A medida \u00e9 <strong>retroativa<\/strong> e passa a valer para produtos que entraram no pa\u00eds a partir do dia <strong>13 de novembro de 2025<\/strong>, segundo nova ordem executiva assinada nesta quinta-feira (20). <mark style=\"background-color:#fcb900\" class=\"has-inline-color\">O<strong> \u201cTarifa\u00e7o de Trump<\/strong>\u201d, como ficou conhecido, <\/mark><mark style=\"background-color:#fcb900;color:#0e679b\" class=\"has-inline-color\">come\u00e7ou a valer em julho de 2025<\/mark><mark style=\"background-color:#fcb900\" class=\"has-inline-color\">.<\/mark><\/p>\n<p>Na semana passada, o pa\u00eds norte-americano havia reduzido as tarifas de importa\u00e7\u00e3o de cerca de <strong>200 produtos aliment\u00edcios<\/strong> em uma escala <strong>global<\/strong>.<\/p>\n<p>Agora, <strong>a nova decis\u00e3o tem foco exclusivo no Brasil<\/strong>, portanto, as tarifas foram zeradas para itens como <strong>caf\u00e9<\/strong>,<strong> carne bovina<\/strong>, <strong>laranja<\/strong>, <strong>a\u00e7a\u00ed<\/strong>, entre outros \u2013 <a href=\"https:\/\/www.whitehouse.gov\/wp-content\/uploads\/2025\/11\/2025NovemberBrazilTariff.ANNEXES.pdf\" data-type=\"link\" data-id=\"https:\/\/www.whitehouse.gov\/wp-content\/uploads\/2025\/11\/2025NovemberBrazilTariff.ANNEXES.pdf\" target=\"_blank\" rel=\"noreferrer noopener\">clique aqui e veja a lista<\/a>.<\/p>\n<p>No comunicado, <strong>Trump <\/strong>atribui as medidas ao avan\u00e7o das negocia\u00e7\u00f5es com o pa\u00eds. \u201cEm 6 de outubro de 2025, participei de uma conversa telef\u00f4nica com o presidente brasileiro Luiz In\u00e1cio Lula da Silva, durante a qual concordamos em iniciar negocia\u00e7\u00f5es\u201d.<\/p>\n<figure class=\"wp-block-pullquote\">\n<blockquote>\n<p>Ap\u00f3s considerar as informa\u00e7\u00f5es e recomenda\u00e7\u00f5es de diversos funcion\u00e1rios que me foram fornecidas e o andamento das negocia\u00e7\u00f5es com o Governo do Brasil, entre outros fatores, determinei que \u00e9 necess\u00e1rio e apropriado modificar o escopo dos produtos sujeitos \u00e0 al\u00edquota adicional de imposto<\/p>\n<p><cite>comunicado de Trump, publicado pela Casa Branca<\/cite><\/p><\/blockquote>\n<\/figure>\n<p><em>*Com informa\u00e7\u00f5es de Andr\u00e9 Marinho e Mateus Fagundes, da Ag\u00eancia Estado<\/em><\/p>\n<hr class=\"wp-block-separator has-alpha-channel-opacity\"\/>\n<p>SAIBA MAIS<\/p>\n<p>Black Friday: veja como a IA pode te ajudar a economizar nas compras<\/p>\n<p><strong>FIQUE ON<\/strong><\/p>\n<p>Fique ligado em tudo que acontece em Ribeir\u00e3o Preto e regi\u00e3o. Siga os perfis do\u00a0<strong>acidade on\u00a0<\/strong>no\u00a0<a href=\"https:\/\/www.instagram.com\/acidadeonribeirao\" target=\"_blank\" rel=\"noreferrer noopener\">Instagram\u00a0<\/a>e no<a href=\"https:\/\/www.facebook.com\/acidadeonribeirao\/\" target=\"_blank\" rel=\"noreferrer noopener\">\u00a0Facebook<\/a>.<\/p>\n<p>Receba not\u00edcias do\u00a0<strong>acidade on<\/strong>\u00a0no WhatsApp. Para entrar no grupo,\u00a0basta<a href=\"https:\/\/chat.whatsapp.com\/I4nieTEMKlf50pJ28aMemC?mode=ac_t\" target=\"_blank\" rel=\"noreferrer noopener\">\u00a0clicar aqui<\/a>. Ou, acesse o nosso\u00a0Canal\u00a0<a href=\"https:\/\/whatsapp.com\/channel\/0029Vb6IQl1JENyAeS57fk2p\" target=\"_blank\" rel=\"noreferrer noopener\">clicando aqui<\/a>.<\/p>\n<p>Fa\u00e7a uma den\u00fancia ou sugira uma reportagem sobre Ribeir\u00e3o Preto e regi\u00e3o pelo WhatsApp: 16 99117 7802.<\/p>\n<p>VEJA TAMB\u00c9M<\/p>\n<p><!-- AI CONTENT END 1 -->\n<\/div>\n<\/div>\n<p><script async src=\"\/\/www.instagram.com\/embed.js\"><\/script><br \/>\n<br \/><br \/>\n<br \/><a href=\"https:\/\/www.acidadeon.com\/ribeiraopreto\/economia\/trump-retira-tarifa-de-40-sobre-produtos-brasileiros\/\">Source link <\/a><\/p>\n<!-- CONTENT END 1 -->\n","protected":false},"excerpt":{"rendered":"<p>O presidente dos Estados Unidos, Donald Trump, decidiu retirar a tarifa adicional de 40% aplicada a determinados produtos brasileiros. A informa\u00e7\u00e3o foi publicada pela Casa&#8230;<\/p>\n","protected":false},"author":1,"featured_media":74283,"comment_status":"open","ping_status":"open","sticky":false,"template":"","format":"standard","meta":{"advanced_seo_description":"","jetpack_seo_html_title":"","jetpack_seo_noindex":false,"jetpack_post_was_ever_published":false,"_jetpack_newsletter_access":"","_jetpack_dont_email_post_to_subs":false,"_jetpack_newsletter_tier_id":0,"_jetpack_memberships_contains_paywalled_content":false,"_jetpack_memberships_contains_paid_content":false,"footnotes":"","jetpack_publicize_message":"","jetpack_publicize_feature_enabled":true,"jetpack_social_post_already_shared":true,"jetpack_social_options":{"image_generator_settings":{"template":"highway","default_image_id":0,"font":"","enabled":false},"version":2}},"categories":[11],"tags":[],"class_list":["post-80380","post","type-post","status-publish","format-standard","has-post-thumbnail","hentry","category-noticias-de-ribeirao-preto-sp-e-regiao-ismael-colosi"],"jetpack_publicize_connections":[],"jetpack_featured_media_url":"https:\/\/i0.wp.com\/noticiasribeiraopreto.com.br\/wp-content\/uploads\/2025\/07\/Copia-de-Copia-de-Copia-de-TAMANHO-EXATO-PARA-FOTOS-NO-SISTEMA-NOVO-2025-07-18T194849.427_2025-07-18_22-48-58.webp.webp?fit=1200%2C675&ssl=1","jetpack-related-posts":[{"id":73793,"url":"https:\/\/noticiasribeiraopreto.com.br\/index.php\/2025\/07\/09\/em-carta-a-lula-trump-anuncia-tarifa-de-50-a-produtos-brasileiros\/","url_meta":{"origin":80380,"position":0},"title":"Em carta a Lula, Trump anuncia tarifa de 50% a produtos brasileiros","author":"noticiasribeiraopreto.com.br","date":"9 de July de 2025","format":false,"excerpt":"O presidente dos Estados Unidos, Donald Trump, enviou uma carta ao presidente Luiz In\u00e1cio Lula da Silva, nesta quarta-feira (9), em que anuncia a imposi\u00e7\u00e3o de uma tarifa de 50% sobre todas as exporta\u00e7\u00f5es brasileiras ao pa\u00eds norte-americano. Segundo Trump, as tarifas passam a valer a partir do dia 1\u00ba\u2026","rel":"","context":"In &quot;Not\u00edcias de Ribeir\u00e3o Preto-SP e Regi\u00e3o&quot;","block_context":{"text":"Not\u00edcias de Ribeir\u00e3o Preto-SP e Regi\u00e3o","link":"https:\/\/noticiasribeiraopreto.com.br\/index.php\/category\/noticias-de-ribeirao-preto-sp-e-regiao-ismael-colosi\/"},"img":{"alt_text":"","src":"https:\/\/i0.wp.com\/noticiasribeiraopreto.com.br\/wp-content\/uploads\/2025\/07\/Tarifa-Sam-Wolfe-Reuters-scaled.jpg?fit=800%2C479&ssl=1&resize=350%2C200","width":350,"height":200,"srcset":"https:\/\/i0.wp.com\/noticiasribeiraopreto.com.br\/wp-content\/uploads\/2025\/07\/Tarifa-Sam-Wolfe-Reuters-scaled.jpg?fit=800%2C479&ssl=1&resize=350%2C200 1x, https:\/\/i0.wp.com\/noticiasribeiraopreto.com.br\/wp-content\/uploads\/2025\/07\/Tarifa-Sam-Wolfe-Reuters-scaled.jpg?fit=800%2C479&ssl=1&resize=525%2C300 1.5x, https:\/\/i0.wp.com\/noticiasribeiraopreto.com.br\/wp-content\/uploads\/2025\/07\/Tarifa-Sam-Wolfe-Reuters-scaled.jpg?fit=800%2C479&ssl=1&resize=700%2C400 2x"},"classes":[]},{"id":64896,"url":"https:\/\/noticiasribeiraopreto.com.br\/index.php\/2025\/03\/13\/brasil-pode-recorrer-a-omc-contra-tarifas-dos-eua-sob-governo-trump\/","url_meta":{"origin":80380,"position":1},"title":"Brasil pode recorrer \u00e0 OMC contra tarifas dos EUA sob governo Trump","author":"noticiasribeiraopreto.com.br","date":"13 de March de 2025","format":false,"excerpt":"O governo brasileiro est\u00e1 considerando acionar a Organiza\u00e7\u00e3o Mundial do Com\u00e9rcio (OMC) para questionar as tarifas impostas pelo ex-presidente dos Estados Unidos, Donald Trump, sobre produtos brasileiros. As principais queixas envolvem barreiras tarif\u00e1rias em setores estrat\u00e9gicos como o a\u00e7o e o alum\u00ednio, impactando diretamente a economia brasileira. A medida busca\u2026","rel":"","context":"In &quot;Not\u00edcias de Ribeir\u00e3o Preto-SP e Regi\u00e3o&quot;","block_context":{"text":"Not\u00edcias de Ribeir\u00e3o Preto-SP e Regi\u00e3o","link":"https:\/\/noticiasribeiraopreto.com.br\/index.php\/category\/noticias-de-ribeirao-preto-sp-e-regiao-ismael-colosi\/"},"img":{"alt_text":"","src":"https:\/\/i0.wp.com\/noticiasribeiraopreto.com.br\/wp-content\/uploads\/2025\/03\/usina_siderurgica_mascara_de_protecao_industria.webp.webp?fit=1170%2C700&ssl=1&resize=350%2C200","width":350,"height":200,"srcset":"https:\/\/i0.wp.com\/noticiasribeiraopreto.com.br\/wp-content\/uploads\/2025\/03\/usina_siderurgica_mascara_de_protecao_industria.webp.webp?fit=1170%2C700&ssl=1&resize=350%2C200 1x, https:\/\/i0.wp.com\/noticiasribeiraopreto.com.br\/wp-content\/uploads\/2025\/03\/usina_siderurgica_mascara_de_protecao_industria.webp.webp?fit=1170%2C700&ssl=1&resize=525%2C300 1.5x, https:\/\/i0.wp.com\/noticiasribeiraopreto.com.br\/wp-content\/uploads\/2025\/03\/usina_siderurgica_mascara_de_protecao_industria.webp.webp?fit=1170%2C700&ssl=1&resize=700%2C400 2x, https:\/\/i0.wp.com\/noticiasribeiraopreto.com.br\/wp-content\/uploads\/2025\/03\/usina_siderurgica_mascara_de_protecao_industria.webp.webp?fit=1170%2C700&ssl=1&resize=1050%2C600 3x"},"classes":[]},{"id":74886,"url":"https:\/\/noticiasribeiraopreto.com.br\/index.php\/2025\/07\/30\/trump-assina-decreto-que-implementa-tarifas-de-50-contra-brasil\/","url_meta":{"origin":80380,"position":2},"title":"Trump assina decreto que implementa tarifas de 50% contra Brasil","author":"noticiasribeiraopreto.com.br","date":"30 de July de 2025","format":false,"excerpt":"30 de julho de 2025 15:420 Compartilhar0 O presidente dos Estados Unidos, Donald Trump, assinou nesta quarta-feira, 30, um decreto que implementa tarifas de 50% sobre produtos brasileiros. A taxa\u00e7\u00e3o ocorre antes do prazo definido para outros pa\u00edses, estabelecido para 1\u00ba de agosto, e depois do governo dos EUA sancionar\u2026","rel":"","context":"In &quot;Not\u00edcias de Ribeir\u00e3o Preto-SP e Regi\u00e3o&quot;","block_context":{"text":"Not\u00edcias de Ribeir\u00e3o Preto-SP e Regi\u00e3o","link":"https:\/\/noticiasribeiraopreto.com.br\/index.php\/category\/noticias-de-ribeirao-preto-sp-e-regiao-ismael-colosi\/"},"img":{"alt_text":"","src":"https:\/\/i0.wp.com\/noticiasribeiraopreto.com.br\/wp-content\/uploads\/2025\/07\/reproducao.jpg?fit=1024%2C591&ssl=1&resize=350%2C200","width":350,"height":200,"srcset":"https:\/\/i0.wp.com\/noticiasribeiraopreto.com.br\/wp-content\/uploads\/2025\/07\/reproducao.jpg?fit=1024%2C591&ssl=1&resize=350%2C200 1x, https:\/\/i0.wp.com\/noticiasribeiraopreto.com.br\/wp-content\/uploads\/2025\/07\/reproducao.jpg?fit=1024%2C591&ssl=1&resize=525%2C300 1.5x, https:\/\/i0.wp.com\/noticiasribeiraopreto.com.br\/wp-content\/uploads\/2025\/07\/reproducao.jpg?fit=1024%2C591&ssl=1&resize=700%2C400 2x"},"classes":[]},{"id":65853,"url":"https:\/\/noticiasribeiraopreto.com.br\/index.php\/2025\/03\/25\/mercado-financeiro-oscila-com-novas-tarifas-de-trump-e-declaracoes-de-haddad\/","url_meta":{"origin":80380,"position":3},"title":"Mercado Financeiro Oscila com Novas Tarifas de Trump e Declara\u00e7\u00f5es de Haddad","author":"noticiasribeiraopreto.com.br","date":"25 de March de 2025","format":false,"excerpt":"O mercado financeiro brasileiro enfrentou volatilidade nesta segunda-feira (24), influenciado por an\u00fancios de pol\u00edticas comerciais dos Estados Unidos e declara\u00e7\u00f5es do ministro da Fazenda, Fernando Haddad. D\u00f3lar Comercial A moeda norte-americana encerrou o dia cotada a R$ 5,752, apresentando alta de 0,61%. Durante a sess\u00e3o, o d\u00f3lar atingiu a m\u00e1xima\u2026","rel":"","context":"In &quot;Not\u00edcias de Ribeir\u00e3o Preto-SP e Regi\u00e3o&quot;","block_context":{"text":"Not\u00edcias de Ribeir\u00e3o Preto-SP e Regi\u00e3o","link":"https:\/\/noticiasribeiraopreto.com.br\/index.php\/category\/noticias-de-ribeirao-preto-sp-e-regiao-ismael-colosi\/"},"img":{"alt_text":"","src":"https:\/\/i0.wp.com\/noticiasribeiraopreto.com.br\/wp-content\/uploads\/2025\/03\/dolar_1.webp.webp?fit=1170%2C700&ssl=1&resize=350%2C200","width":350,"height":200,"srcset":"https:\/\/i0.wp.com\/noticiasribeiraopreto.com.br\/wp-content\/uploads\/2025\/03\/dolar_1.webp.webp?fit=1170%2C700&ssl=1&resize=350%2C200 1x, https:\/\/i0.wp.com\/noticiasribeiraopreto.com.br\/wp-content\/uploads\/2025\/03\/dolar_1.webp.webp?fit=1170%2C700&ssl=1&resize=525%2C300 1.5x, https:\/\/i0.wp.com\/noticiasribeiraopreto.com.br\/wp-content\/uploads\/2025\/03\/dolar_1.webp.webp?fit=1170%2C700&ssl=1&resize=700%2C400 2x, https:\/\/i0.wp.com\/noticiasribeiraopreto.com.br\/wp-content\/uploads\/2025\/03\/dolar_1.webp.webp?fit=1170%2C700&ssl=1&resize=1050%2C600 3x"},"classes":[]},{"id":75333,"url":"https:\/\/noticiasribeiraopreto.com.br\/index.php\/2025\/08\/07\/brasil-vai-a-omc-contra-tarifaco\/","url_meta":{"origin":80380,"position":4},"title":"Brasil vai a OMC contra tarifa\u00e7o","author":"noticiasribeiraopreto.com.br","date":"7 de August de 2025","format":false,"excerpt":"O governo federal brasileiro deu entrada na Organiza\u00e7\u00e3o Mundial do Com\u00e9rcio (OMC) com um \u201cpedido de consulta\u201d contra os Estados Unidos, em rea\u00e7\u00e3o ao tarifa\u00e7o imposto pelo presidente norte-americano, Donald Trump, \u00e0s exporta\u00e7\u00f5es brasileiras, medida que entraram em vigor nesta quarta-feira, 6 de agosto. A informa\u00e7\u00e3o \u00e9 do Minist\u00e9rio das\u2026","rel":"","context":"In &quot;Not\u00edcias de Ribeir\u00e3o Preto-SP e Regi\u00e3o&quot;","block_context":{"text":"Not\u00edcias de Ribeir\u00e3o Preto-SP e Regi\u00e3o","link":"https:\/\/noticiasribeiraopreto.com.br\/index.php\/category\/noticias-de-ribeirao-preto-sp-e-regiao-ismael-colosi\/"},"img":{"alt_text":"","src":"https:\/\/i0.wp.com\/noticiasribeiraopreto.com.br\/wp-content\/uploads\/2025\/08\/Tarifas-Denis-Balibouse-Reuters-scaled.jpg?fit=1144%2C780&ssl=1&resize=350%2C200","width":350,"height":200,"srcset":"https:\/\/i0.wp.com\/noticiasribeiraopreto.com.br\/wp-content\/uploads\/2025\/08\/Tarifas-Denis-Balibouse-Reuters-scaled.jpg?fit=1144%2C780&ssl=1&resize=350%2C200 1x, https:\/\/i0.wp.com\/noticiasribeiraopreto.com.br\/wp-content\/uploads\/2025\/08\/Tarifas-Denis-Balibouse-Reuters-scaled.jpg?fit=1144%2C780&ssl=1&resize=525%2C300 1.5x, https:\/\/i0.wp.com\/noticiasribeiraopreto.com.br\/wp-content\/uploads\/2025\/08\/Tarifas-Denis-Balibouse-Reuters-scaled.jpg?fit=1144%2C780&ssl=1&resize=700%2C400 2x, https:\/\/i0.wp.com\/noticiasribeiraopreto.com.br\/wp-content\/uploads\/2025\/08\/Tarifas-Denis-Balibouse-Reuters-scaled.jpg?fit=1144%2C780&ssl=1&resize=1050%2C600 3x"},"classes":[]},{"id":74888,"url":"https:\/\/noticiasribeiraopreto.com.br\/index.php\/2025\/07\/30\/veja-a-lista-com-os-principais-produtos-excluidos-do-tarifaco-de-trump\/","url_meta":{"origin":80380,"position":5},"title":"Veja a lista com os principais produtos exclu\u00eddos do Tarifa\u00e7o de Trump","author":"noticiasribeiraopreto.com.br","date":"30 de July de 2025","format":false,"excerpt":"O presidente dos Estados Unidos, Donald Trump, assinou nesta quarta-feira (30), o decreto que oficializa tarifas de 50% aos produtos exportados pelo Brasil. Contudo, o governo norte-americano publicou uma extensa lista de produtos isentos \u00e0 taxa\u00e7\u00e3o \u2013 veja abaixo. Ficaram de fora dessa al\u00edquota alguns dos produtos mais importantes na\u2026","rel":"","context":"In &quot;Not\u00edcias de Ribeir\u00e3o Preto-SP e Regi\u00e3o&quot;","block_context":{"text":"Not\u00edcias de Ribeir\u00e3o Preto-SP e Regi\u00e3o","link":"https:\/\/noticiasribeiraopreto.com.br\/index.php\/category\/noticias-de-ribeirao-preto-sp-e-regiao-ismael-colosi\/"},"img":{"alt_text":"","src":"https:\/\/i0.wp.com\/noticiasribeiraopreto.com.br\/wp-content\/uploads\/2025\/07\/Copia-de-Copia-de-Copia-de-TAMANHO-EXATO-PARA-FOTOS-NO-SISTEMA-NOVO-2025-07-18T194849.427_2025-07-18_22-48-58.webp.webp?fit=1200%2C675&ssl=1&resize=350%2C200","width":350,"height":200,"srcset":"https:\/\/i0.wp.com\/noticiasribeiraopreto.com.br\/wp-content\/uploads\/2025\/07\/Copia-de-Copia-de-Copia-de-TAMANHO-EXATO-PARA-FOTOS-NO-SISTEMA-NOVO-2025-07-18T194849.427_2025-07-18_22-48-58.webp.webp?fit=1200%2C675&ssl=1&resize=350%2C200 1x, https:\/\/i0.wp.com\/noticiasribeiraopreto.com.br\/wp-content\/uploads\/2025\/07\/Copia-de-Copia-de-Copia-de-TAMANHO-EXATO-PARA-FOTOS-NO-SISTEMA-NOVO-2025-07-18T194849.427_2025-07-18_22-48-58.webp.webp?fit=1200%2C675&ssl=1&resize=525%2C300 1.5x, https:\/\/i0.wp.com\/noticiasribeiraopreto.com.br\/wp-content\/uploads\/2025\/07\/Copia-de-Copia-de-Copia-de-TAMANHO-EXATO-PARA-FOTOS-NO-SISTEMA-NOVO-2025-07-18T194849.427_2025-07-18_22-48-58.webp.webp?fit=1200%2C675&ssl=1&resize=700%2C400 2x, https:\/\/i0.wp.com\/noticiasribeiraopreto.com.br\/wp-content\/uploads\/2025\/07\/Copia-de-Copia-de-Copia-de-TAMANHO-EXATO-PARA-FOTOS-NO-SISTEMA-NOVO-2025-07-18T194849.427_2025-07-18_22-48-58.webp.webp?fit=1200%2C675&ssl=1&resize=1050%2C600 3x"},"classes":[]}],"jetpack_sharing_enabled":true,"jetpack_shortlink":"https:\/\/wp.me\/peQAOb-kUs","_links":{"self":[{"href":"https:\/\/noticiasribeiraopreto.com.br\/index.php\/wp-json\/wp\/v2\/posts\/80380","targetHints":{"allow":["GET"]}}],"collection":[{"href":"https:\/\/noticiasribeiraopreto.com.br\/index.php\/wp-json\/wp\/v2\/posts"}],"about":[{"href":"https:\/\/noticiasribeiraopreto.com.br\/index.php\/wp-json\/wp\/v2\/types\/post"}],"author":[{"embeddable":true,"href":"https:\/\/noticiasribeiraopreto.com.br\/index.php\/wp-json\/wp\/v2\/users\/1"}],"replies":[{"embeddable":true,"href":"https:\/\/noticiasribeiraopreto.com.br\/index.php\/wp-json\/wp\/v2\/comments?post=80380"}],"version-history":[{"count":0,"href":"https:\/\/noticiasribeiraopreto.com.br\/index.php\/wp-json\/wp\/v2\/posts\/80380\/revisions"}],"wp:featuredmedia":[{"embeddable":true,"href":"https:\/\/noticiasribeiraopreto.com.br\/index.php\/wp-json\/wp\/v2\/media\/74283"}],"wp:attachment":[{"href":"https:\/\/noticiasribeiraopreto.com.br\/index.php\/wp-json\/wp\/v2\/media?parent=80380"}],"wp:term":[{"taxonomy":"category","embeddable":true,"href":"https:\/\/noticiasribeiraopreto.com.br\/index.php\/wp-json\/wp\/v2\/categories?post=80380"},{"taxonomy":"post_tag","embeddable":true,"href":"https:\/\/noticiasribeiraopreto.com.br\/index.php\/wp-json\/wp\/v2\/tags?post=80380"}],"curies":[{"name":"wp","href":"https:\/\/api.w.org\/{rel}","templated":true}]}}