{"id":80381,"date":"2025-11-20T22:28:14","date_gmt":"2025-11-21T01:28:14","guid":{"rendered":"https:\/\/noticiasribeiraopreto.com.br\/index.php\/2025\/11\/20\/corinthians-quase-se-atrapalha-mas-memphis-e-yuri-liquidam-sao-paulo\/"},"modified":"2025-11-20T22:28:14","modified_gmt":"2025-11-21T01:28:14","slug":"corinthians-quase-se-atrapalha-mas-memphis-e-yuri-liquidam-sao-paulo","status":"publish","type":"post","link":"https:\/\/noticiasribeiraopreto.com.br\/index.php\/2025\/11\/20\/corinthians-quase-se-atrapalha-mas-memphis-e-yuri-liquidam-sao-paulo\/","title":{"rendered":"Corinthians quase se atrapalha, mas Memphis e Yuri liquidam S\u00e3o Paulo"},"content":{"rendered":"<div class='code-block code-block-1' style='margin: 8px 0 8px auto; text-align: right; display: block; clear: both;'>\n<p><a href=\"https:\/\/wa.link\/vpicfd\"><img data-recalc-dims=\"1\" class=\"wp-image-4922\" style=\"aspect-ratio: 2.0253164556962027; width: 561px; height: auto;\" src=\"https:\/\/i0.wp.com\/ismaelcolosi.com.br\/wp-content\/uploads\/2023\/11\/grupo-de-empregos-whatsapp-e-facebook-ismael-colosi-vagas.jpg?ssl=1\" alt=\"\" \/><\/a><\/p>\n<!-- \/wp:image -->\n<\/div>\n<p> <br \/>\n<\/p>\n<div>\n<h6 class=\"Assina\">Por Bruno Accorsi (AE)<\/h6>\n<p>Tr\u00eas dias depois de ajudar a classificar a Holanda para a Copa do Mundo, Memphis Depay saiu do banco de reservas na Neo Qu\u00edmica Arena para marcar um gola\u00e7o e trazer al\u00edvio ao Corinthians em vit\u00f3ria por 3 a 1 sobre o S\u00e3o Paulo, nesta quinta-feira. O holand\u00eas marcou quando o jogo, v\u00e1lido pela 34\u00aa rodada do Brasileir\u00e3o, estava empatado por 1 a 1. Depois dele, Yuri Alberto, autor do primeiro gol, voltou a balan\u00e7ar a rede para fechar o placar. Tapia fez o gol tricolor.<\/p>\n<p>Agora, o time do Parque S\u00e3o Jorge tem 45 pontos, assim como o S\u00e3o Paulo, mas fica em d\u00e9cimo lugar, uma posi\u00e7\u00e3o abaixo do rival do Morumbi, porque tem mais cart\u00f5es vermelhos. Em todos os outros crit\u00e9rios de desempate, os dois times est\u00e3o empatados.<\/p>\n<p>Os rivais entraram em campo com sistemas espelhados: linha de tr\u00eas na defesa e atacantes m\u00f3veis na frente. A dupla Yuri Alberto e Gui Neg\u00e3o, contudo, dava alternativas melhores aos corintianos do que Luciano e Ferreirinha davam aos s\u00e3o-paulinos, at\u00e9 por possu\u00edrem mais qualidade para jogar de costas para o gol quando necess\u00e1rio.<\/p>\n<p>O primeiro tempo foi de dom\u00ednio do Corinthians, que controlava o meio de campo, muito em raz\u00e3o de Breno Bidon, muito confort\u00e1vel como principal armador do time na aus\u00eancia de Rodrigo Garro suspenso. A movimenta\u00e7\u00e3o dos laterais Bidu e Matheuzinho para dentro, em busca da finaliza\u00e7\u00e3o, tamb\u00e9m era trabalhosa aos tricolores. Apesar da superioridade com a bola em movimento, o gol s\u00f3 veio em cobran\u00e7a de p\u00eanalti de Yuri Alberto, ap\u00f3s falta de Ferreirinha em Breno Bidon na \u00e1rea alvinegra.<\/p>\n<p>A alta intensidade mostrada pelos donos da casa contrastava com um S\u00e3o Paulo previs\u00edvel e perdido em campo. Nem mesmo os 13 jogadores no departamento m\u00e9dico, entre eles os astros Lucas e Oscar, justificavam a postura completamente acanhada do time de Hern\u00e1n Crespo.<\/p>\n<p>S\u00e3o Paulo avan\u00e7ou as linhas no segundo tempo, aplicou outro ritmo e deu nova din\u00e2mica \u00e0 partida. Tal postura sobrecarregou Carrillo, o primeiro na linha de distribui\u00e7\u00e3o de jogo do Corinthians, e fez os s\u00e3o-paulinos ganharem mais disputas no meio. Em cobran\u00e7a de escanteio, empatou o jogo com cabeceio de Tapia.<\/p>\n<p>Vitinho e o astro Memphis Depay, que come\u00e7ou no banco porque defendeu a Holanda na Data Fifa, foram colocados por Dorival nos lugares de Carrillo e Gui Neg\u00e3o. O holand\u00eas apareceu no lugar e na hora certa para dar uma caneta em Sabino, dentro da \u00e1rea, e chutar colocado para vencer Rafael. 2 a 1 para o Corinthians. Ainda houve tempo para Yuri Alberto pegar rebote, ap\u00f3s bola na trave de Vitinho, para fechar o placar.<\/p>\n<p>FICHA T\u00c9CNICA<\/p>\n<p>CORINTHIANS 3 X 1 S\u00c3O PAULO<\/p>\n<p>CORINTHIANS \u2013 Felipe Longo; Jo\u00e3o Pedro, Gustavo Henrique e Angileri; Matheuzinho, Jos\u00e9 Mart\u00ednez (Andr\u00e9), Breno Bidon (Charles) , Carrillo (Vitinho) e Matheus Bidu; Yuri Alberto e Gui Neg\u00e3o (Memphis Depay). T\u00e9cnico: Dorival J\u00fanior.<\/p>\n<p>S\u00c3O PAULO \u2013 Rafael; Alan Franco, Rafael Tol\u00f3i (Ferraresi), Sabino e C\u00e9dric Soares; Alisson (Bobadilla), Luiz Gustavo, Pablo Maia e Patryck (Tapia); Luciano e Ferreirinha. T\u00e9cnico: Hern\u00e1n Crespo.<\/p>\n<p>GOLS \u2013 Yuri Alberto, aos 30 minutos do primeiro tempo; Tapia, aos oito, Memphis Depay, aos 38, e Yuri Alberto aos 42 minutos do segundo tempo.<\/p>\n<p>\u00c1RBITRO \u2013 Anderson Daronco (RS)<\/p>\n<p>CART\u00d5ES AMARELOS \u2013 Carrillo e Breno Bidon (Corinthians) C\u00e9dric Soares, Alisson e Bobadilla (S\u00e3o Paulo).<\/p>\n<p>RENDA \u2013 R$: 3.539.617,20.<\/p>\n<p>P\u00daBLICO \u2013 45.739 pagantes (46.154 total).<\/p>\n<p>LOCAL \u2013 Neo Qu\u00edmica Arena, em S\u00e3o Paulo (SP).<\/p>\n<\/div>\n<p><br \/>\n<br \/><a href=\"https:\/\/www.tribunaribeirao.com.br\/corinthians-quase-se-atrapalha-mas-memphis-e-yuri-liquidam-sao-paulo\/\">Source link <\/a><\/p>\n<!-- CONTENT END 1 -->\n","protected":false},"excerpt":{"rendered":"<p>Por Bruno Accorsi (AE) Tr\u00eas dias depois de ajudar a classificar a Holanda para a Copa do Mundo, Memphis Depay saiu do banco de reservas&#8230;<\/p>\n","protected":false},"author":1,"featured_media":80382,"comment_status":"open","ping_status":"open","sticky":false,"template":"","format":"standard","meta":{"advanced_seo_description":"","jetpack_seo_html_title":"","jetpack_seo_noindex":false,"jetpack_post_was_ever_published":false,"_jetpack_newsletter_access":"","_jetpack_dont_email_post_to_subs":false,"_jetpack_newsletter_tier_id":0,"_jetpack_memberships_contains_paywalled_content":false,"_jetpack_memberships_contains_paid_content":false,"footnotes":"","jetpack_publicize_message":"","jetpack_publicize_feature_enabled":true,"jetpack_social_post_already_shared":true,"jetpack_social_options":{"image_generator_settings":{"template":"highway","default_image_id":0,"font":"","enabled":false},"version":2}},"categories":[11],"tags":[],"class_list":["post-80381","post","type-post","status-publish","format-standard","has-post-thumbnail","hentry","category-noticias-de-ribeirao-preto-sp-e-regiao-ismael-colosi"],"jetpack_publicize_connections":[],"jetpack_featured_media_url":"https:\/\/i0.wp.com\/noticiasribeiraopreto.com.br\/wp-content\/uploads\/2025\/11\/1.73.2.2025-11-20.5.ENQ20251120078.jpg?fit=358%2C238&ssl=1","jetpack-related-posts":[{"id":80916,"url":"https:\/\/noticiasribeiraopreto.com.br\/index.php\/2025\/12\/18\/corinthians-e-inoperante-e-empata-sem-gols-com-vasco\/","url_meta":{"origin":80381,"position":0},"title":"Corinthians \u00e9 inoperante e empata sem gols com Vasco","author":"noticiasribeiraopreto.com.br","date":"18 de December de 2025","format":false,"excerpt":"\r \r \r 18 de dezembro de 2025 07:00 \r Compartilhar0 No duelo de alvinegros o placar ficou no 0 a 0 e tudo ser\u00e1 decidido no Maracan\u00e3 domingo Igor Ramos Corinthians e Vasco n\u00e3o sa\u00edram do 0 a 0 no primeiro jogo da final da Copa do Brasil, disputado\u2026","rel":"","context":"In &quot;Not\u00edcias de Ribeir\u00e3o Preto-SP e Regi\u00e3o&quot;","block_context":{"text":"Not\u00edcias de Ribeir\u00e3o Preto-SP e Regi\u00e3o","link":"https:\/\/noticiasribeiraopreto.com.br\/index.php\/category\/noticias-de-ribeirao-preto-sp-e-regiao-ismael-colosi\/"},"img":{"alt_text":"","src":"https:\/\/i0.wp.com\/noticiasribeiraopreto.com.br\/wp-content\/uploads\/2025\/12\/IMG-20251217-WA0104-scaled.jpg?fit=1158%2C780&ssl=1&resize=350%2C200","width":350,"height":200,"srcset":"https:\/\/i0.wp.com\/noticiasribeiraopreto.com.br\/wp-content\/uploads\/2025\/12\/IMG-20251217-WA0104-scaled.jpg?fit=1158%2C780&ssl=1&resize=350%2C200 1x, https:\/\/i0.wp.com\/noticiasribeiraopreto.com.br\/wp-content\/uploads\/2025\/12\/IMG-20251217-WA0104-scaled.jpg?fit=1158%2C780&ssl=1&resize=525%2C300 1.5x, https:\/\/i0.wp.com\/noticiasribeiraopreto.com.br\/wp-content\/uploads\/2025\/12\/IMG-20251217-WA0104-scaled.jpg?fit=1158%2C780&ssl=1&resize=700%2C400 2x, https:\/\/i0.wp.com\/noticiasribeiraopreto.com.br\/wp-content\/uploads\/2025\/12\/IMG-20251217-WA0104-scaled.jpg?fit=1158%2C780&ssl=1&resize=1050%2C600 3x"},"classes":[]},{"id":81032,"url":"https:\/\/noticiasribeiraopreto.com.br\/index.php\/2025\/12\/22\/corinthians-vence-o-vasco-e-e-campeao-da-copa-do-brasil\/","url_meta":{"origin":80381,"position":1},"title":"Corinthians vence o Vasco e \u00e9 campe\u00e3o da Copa do Brasil","author":"noticiasribeiraopreto.com.br","date":"22 de December de 2025","format":false,"excerpt":"O Corinthians venceu o Vasco por 2 a 1 na noite deste domingo (21) e se tornou tetracampe\u00e3o da Copa do Brasil. A partida decisiva foi realizada no est\u00e1dio do Maracan\u00e3, no Rio de Janeiro, ap\u00f3s empate por 0 a 0, em S\u00e3o Paulo. Os gols Os gols da equipe\u2026","rel":"","context":"In &quot;Not\u00edcias de Ribeir\u00e3o Preto-SP e Regi\u00e3o&quot;","block_context":{"text":"Not\u00edcias de Ribeir\u00e3o Preto-SP e Regi\u00e3o","link":"https:\/\/noticiasribeiraopreto.com.br\/index.php\/category\/noticias-de-ribeirao-preto-sp-e-regiao-ismael-colosi\/"},"img":{"alt_text":"","src":"https:\/\/i0.wp.com\/noticiasribeiraopreto.com.br\/wp-content\/uploads\/2025\/12\/CORINTHIANS_2025-12-21_22-50-40.webp.webp?fit=1200%2C891&ssl=1&resize=350%2C200","width":350,"height":200,"srcset":"https:\/\/i0.wp.com\/noticiasribeiraopreto.com.br\/wp-content\/uploads\/2025\/12\/CORINTHIANS_2025-12-21_22-50-40.webp.webp?fit=1200%2C891&ssl=1&resize=350%2C200 1x, https:\/\/i0.wp.com\/noticiasribeiraopreto.com.br\/wp-content\/uploads\/2025\/12\/CORINTHIANS_2025-12-21_22-50-40.webp.webp?fit=1200%2C891&ssl=1&resize=525%2C300 1.5x, https:\/\/i0.wp.com\/noticiasribeiraopreto.com.br\/wp-content\/uploads\/2025\/12\/CORINTHIANS_2025-12-21_22-50-40.webp.webp?fit=1200%2C891&ssl=1&resize=700%2C400 2x, https:\/\/i0.wp.com\/noticiasribeiraopreto.com.br\/wp-content\/uploads\/2025\/12\/CORINTHIANS_2025-12-21_22-50-40.webp.webp?fit=1200%2C891&ssl=1&resize=1050%2C600 3x"},"classes":[]},{"id":82024,"url":"https:\/\/noticiasribeiraopreto.com.br\/index.php\/2026\/02\/01\/corinthians-conquista-a-supercopa-rei\/","url_meta":{"origin":80381,"position":2},"title":"Corinthians conquista a Supercopa Rei","author":"noticiasribeiraopreto.com.br","date":"1 de February de 2026","format":false,"excerpt":"O Corinthians desbancou o favoritismo do Flamengo e ganhou o t\u00edtulo da Supercopa Rei. Neste domingo, o Tim\u00e3o venceu o rubro-negro por 2 a 0 no Man\u00e9 Garrincha, em Bras\u00edlia, na decis\u00e3o entre os atuais campe\u00f5es do Brasileir\u00e3o e Copa do Brasil. O primeiro gol do t\u00edtulo foi marcado pelo\u2026","rel":"","context":"In &quot;Not\u00edcias de Ribeir\u00e3o Preto-SP e Regi\u00e3o&quot;","block_context":{"text":"Not\u00edcias de Ribeir\u00e3o Preto-SP e Regi\u00e3o","link":"https:\/\/noticiasribeiraopreto.com.br\/index.php\/category\/noticias-de-ribeirao-preto-sp-e-regiao-ismael-colosi\/"},"img":{"alt_text":"","src":"https:\/\/i0.wp.com\/noticiasribeiraopreto.com.br\/wp-content\/uploads\/2026\/02\/55071988002_dcb30da362_c.jpg?fit=799%2C533&ssl=1&resize=350%2C200","width":350,"height":200,"srcset":"https:\/\/i0.wp.com\/noticiasribeiraopreto.com.br\/wp-content\/uploads\/2026\/02\/55071988002_dcb30da362_c.jpg?fit=799%2C533&ssl=1&resize=350%2C200 1x, https:\/\/i0.wp.com\/noticiasribeiraopreto.com.br\/wp-content\/uploads\/2026\/02\/55071988002_dcb30da362_c.jpg?fit=799%2C533&ssl=1&resize=525%2C300 1.5x, https:\/\/i0.wp.com\/noticiasribeiraopreto.com.br\/wp-content\/uploads\/2026\/02\/55071988002_dcb30da362_c.jpg?fit=799%2C533&ssl=1&resize=700%2C400 2x"},"classes":[]},{"id":75286,"url":"https:\/\/noticiasribeiraopreto.com.br\/index.php\/2025\/08\/06\/palmeiras-recebe-corinthians-pela-copa-do-brasil\/","url_meta":{"origin":80381,"position":3},"title":"Palmeiras recebe Corinthians pela Copa do Brasil","author":"noticiasribeiraopreto.com.br","date":"6 de August de 2025","format":false,"excerpt":"6 de agosto de 2025 15:306 de agosto de 2025 12:597 Compartilhar0 Por Hugo Luque O Palmeiras recebe o Corinthians nesta quarta-feira (6), \u00e0s 21h30, no Allianz Parque, pela partida de volta das oitavas de final da Copa do Brasil. Em desvantagem, o Verd\u00e3o busca a virada no placar agregado\u2026","rel":"","context":"In &quot;Not\u00edcias de Ribeir\u00e3o Preto-SP e Regi\u00e3o&quot;","block_context":{"text":"Not\u00edcias de Ribeir\u00e3o Preto-SP e Regi\u00e3o","link":"https:\/\/noticiasribeiraopreto.com.br\/index.php\/category\/noticias-de-ribeirao-preto-sp-e-regiao-ismael-colosi\/"},"img":{"alt_text":"","src":"https:\/\/i0.wp.com\/noticiasribeiraopreto.com.br\/wp-content\/uploads\/2025\/08\/1-Corinthians-x-Palmeiras-Copa-do-Brasil-Cesar-Greco_Palmeiras.jpg?fit=800%2C450&ssl=1&resize=350%2C200","width":350,"height":200,"srcset":"https:\/\/i0.wp.com\/noticiasribeiraopreto.com.br\/wp-content\/uploads\/2025\/08\/1-Corinthians-x-Palmeiras-Copa-do-Brasil-Cesar-Greco_Palmeiras.jpg?fit=800%2C450&ssl=1&resize=350%2C200 1x, https:\/\/i0.wp.com\/noticiasribeiraopreto.com.br\/wp-content\/uploads\/2025\/08\/1-Corinthians-x-Palmeiras-Copa-do-Brasil-Cesar-Greco_Palmeiras.jpg?fit=800%2C450&ssl=1&resize=525%2C300 1.5x, https:\/\/i0.wp.com\/noticiasribeiraopreto.com.br\/wp-content\/uploads\/2025\/08\/1-Corinthians-x-Palmeiras-Copa-do-Brasil-Cesar-Greco_Palmeiras.jpg?fit=800%2C450&ssl=1&resize=700%2C400 2x"},"classes":[]},{"id":80825,"url":"https:\/\/noticiasribeiraopreto.com.br\/index.php\/2025\/12\/14\/hugo-brilha-e-timao-esta-na-final-da-copa-do-brasil\/","url_meta":{"origin":80381,"position":4},"title":"Hugo brilha e Tim\u00e3o est\u00e1 na final da Copa do Brasil","author":"noticiasribeiraopreto.com.br","date":"14 de December de 2025","format":false,"excerpt":"Por Bruno Accorsi Ap\u00f3s o dom\u00ednio e a vit\u00f3ria corintiana por 1 a 0 no Mineir\u00e3o, no jogo de ida da semifinal da Copa do Brasil, a rodada de volta terminou com vit\u00f3ria por 5 a 4 para o Corinthians nos p\u00eanaltis, for\u00e7ados por vit\u00f3ria por 2 a 1 do\u2026","rel":"","context":"In &quot;Not\u00edcias de Ribeir\u00e3o Preto-SP e Regi\u00e3o&quot;","block_context":{"text":"Not\u00edcias de Ribeir\u00e3o Preto-SP e Regi\u00e3o","link":"https:\/\/noticiasribeiraopreto.com.br\/index.php\/category\/noticias-de-ribeirao-preto-sp-e-regiao-ismael-colosi\/"},"img":{"alt_text":"","src":"https:\/\/i0.wp.com\/noticiasribeiraopreto.com.br\/wp-content\/uploads\/2025\/12\/Hugo-Souza.jpg?fit=941%2C627&ssl=1&resize=350%2C200","width":350,"height":200,"srcset":"https:\/\/i0.wp.com\/noticiasribeiraopreto.com.br\/wp-content\/uploads\/2025\/12\/Hugo-Souza.jpg?fit=941%2C627&ssl=1&resize=350%2C200 1x, https:\/\/i0.wp.com\/noticiasribeiraopreto.com.br\/wp-content\/uploads\/2025\/12\/Hugo-Souza.jpg?fit=941%2C627&ssl=1&resize=525%2C300 1.5x, https:\/\/i0.wp.com\/noticiasribeiraopreto.com.br\/wp-content\/uploads\/2025\/12\/Hugo-Souza.jpg?fit=941%2C627&ssl=1&resize=700%2C400 2x"},"classes":[]},{"id":77068,"url":"https:\/\/noticiasribeiraopreto.com.br\/index.php\/2025\/09\/11\/gui-negao-brilha-corinthians-elimina-o-athletico-pr-e-avanca-as-semifinais\/","url_meta":{"origin":80381,"position":5},"title":"Gui Neg\u00e3o brilha, Corinthians elimina o Athletico-PR e avan\u00e7a \u00e0s semifinais","author":"noticiasribeiraopreto.com.br","date":"11 de September de 2025","format":false,"excerpt":"Rodrigo Sampaio O Corinthians confirmou o favoritismo, voltou a derrotar o Athletico Paranaense e garantiu vaga nas semifinais da Copa do Brasil. O time alvinegro venceu por 2 a 0 nesta quarta-feira, na Neo Qu\u00edmica Arena, com o brilho do atacante Gui Neg\u00e3o. O jogador de 18 anos, que fez\u2026","rel":"","context":"In &quot;Not\u00edcias de Ribeir\u00e3o Preto-SP e Regi\u00e3o&quot;","block_context":{"text":"Not\u00edcias de Ribeir\u00e3o Preto-SP e Regi\u00e3o","link":"https:\/\/noticiasribeiraopreto.com.br\/index.php\/category\/noticias-de-ribeirao-preto-sp-e-regiao-ismael-colosi\/"},"img":{"alt_text":"","src":"https:\/\/i0.wp.com\/noticiasribeiraopreto.com.br\/wp-content\/uploads\/2025\/09\/gui-negao-.jpg?fit=425%2C238&ssl=1&resize=350%2C200","width":350,"height":200},"classes":[]}],"jetpack_sharing_enabled":true,"jetpack_shortlink":"https:\/\/wp.me\/peQAOb-kUt","_links":{"self":[{"href":"https:\/\/noticiasribeiraopreto.com.br\/index.php\/wp-json\/wp\/v2\/posts\/80381","targetHints":{"allow":["GET"]}}],"collection":[{"href":"https:\/\/noticiasribeiraopreto.com.br\/index.php\/wp-json\/wp\/v2\/posts"}],"about":[{"href":"https:\/\/noticiasribeiraopreto.com.br\/index.php\/wp-json\/wp\/v2\/types\/post"}],"author":[{"embeddable":true,"href":"https:\/\/noticiasribeiraopreto.com.br\/index.php\/wp-json\/wp\/v2\/users\/1"}],"replies":[{"embeddable":true,"href":"https:\/\/noticiasribeiraopreto.com.br\/index.php\/wp-json\/wp\/v2\/comments?post=80381"}],"version-history":[{"count":0,"href":"https:\/\/noticiasribeiraopreto.com.br\/index.php\/wp-json\/wp\/v2\/posts\/80381\/revisions"}],"wp:featuredmedia":[{"embeddable":true,"href":"https:\/\/noticiasribeiraopreto.com.br\/index.php\/wp-json\/wp\/v2\/media\/80382"}],"wp:attachment":[{"href":"https:\/\/noticiasribeiraopreto.com.br\/index.php\/wp-json\/wp\/v2\/media?parent=80381"}],"wp:term":[{"taxonomy":"category","embeddable":true,"href":"https:\/\/noticiasribeiraopreto.com.br\/index.php\/wp-json\/wp\/v2\/categories?post=80381"},{"taxonomy":"post_tag","embeddable":true,"href":"https:\/\/noticiasribeiraopreto.com.br\/index.php\/wp-json\/wp\/v2\/tags?post=80381"}],"curies":[{"name":"wp","href":"https:\/\/api.w.org\/{rel}","templated":true}]}}