{"id":80383,"date":"2025-12-03T09:14:05","date_gmt":"2025-12-03T12:14:05","guid":{"rendered":"https:\/\/noticiasribeiraopreto.com.br\/index.php\/2025\/12\/03\/base-governista-leva-principais-comissoes\/"},"modified":"2025-12-03T09:14:05","modified_gmt":"2025-12-03T12:14:05","slug":"base-governista-leva-principais-comissoes","status":"publish","type":"post","link":"https:\/\/noticiasribeiraopreto.com.br\/index.php\/2025\/12\/03\/base-governista-leva-principais-comissoes\/","title":{"rendered":"Base governista leva principais comiss\u00f5es"},"content":{"rendered":"<div class='code-block code-block-1' style='margin: 8px 0 8px auto; text-align: right; display: block; clear: both;'>\n<p><a href=\"https:\/\/wa.link\/vpicfd\"><img data-recalc-dims=\"1\" class=\"wp-image-4922\" style=\"aspect-ratio: 2.0253164556962027; width: 561px; height: auto;\" src=\"https:\/\/i0.wp.com\/ismaelcolosi.com.br\/wp-content\/uploads\/2023\/11\/grupo-de-empregos-whatsapp-e-facebook-ismael-colosi-vagas.jpg?ssl=1\" alt=\"\" \/><\/a><\/p>\n<!-- \/wp:image -->\n<\/div>\n<p> <br \/>\n<\/p>\n<div>\n<p><em>Segundo a defini\u00e7\u00e3o, quatro das 17 comiss\u00f5es ser\u00e3o comandadas por vereadoras que representam a esquerda na cidade\u2028\u2028<\/em><\/p>\n<p>A C\u00e2mara de Ribeir\u00e3o Preto definiu na sess\u00e3o ordin\u00e1ria de segunda-feira, 1\u00ba de dezembro, a composi\u00e7\u00e3o das 17 comiss\u00f5es permanentes e do Conselho e \u00c9tica e Decoro Parlamentar. Os vereadores da base de sustenta\u00e7\u00e3o da gest\u00e3o Ricardo Silva (PSD), que formam a grande maioria no Legislativo \u2013 ocupam 19 das 22 cadeiras \u2013, v\u00e3o comandar os dois principais colegiados.\u2028\u2028Uma das novidades da vota\u00e7\u00e3o foi a presen\u00e7a de Robson Vieira (MDB), que assumiu temporariamente a cadeira de Roger Ronan da Silva (MDB), o Bigodini, de 33 anos.<\/p>\n<p>No dia 10 de novembro, a C\u00e2mara de Ribeir\u00e3o Preto aprovou, por unanimidade, projeto de resolu\u00e7\u00e3o do Conselho de \u00c9tica e Decoro Parlamentar e suspendeu o titular por seis meses \u2013 180 dias \u2013, sem a remunera\u00e7\u00e3o de R$ 20.597,25.\u2028\u2028Bigodini se envolveu em acidente de tr\u00e2nsito na madrugada de 28 de setembro, na avenida do Caf\u00e9, na Zona Oeste.<\/p>\n<p>A ju\u00edza Carolina Moreira Gama, da 1\u00aa Vara Criminal de Ribeir\u00e3o Preto, acatou a den\u00fancia do Minist\u00e9rio P\u00fablico de S\u00e3o Paulo (MPSP) e pronunciou o vereador pelos crimes de embriaguez ao volante, falsidade ideol\u00f3gica e fraude processual. \u2028\u2028Robson Vieira tomou posse na segunda-feira e j\u00e1 participou da vota\u00e7\u00e3o para que definiu a composi\u00e7\u00e3o das comiss\u00f5es permanentes.<\/p>\n<p>Quando o titular retornar, ocupar\u00e1 as vagas do novato nos colegiados.\u2028\u2028A principal comiss\u00e3o da C\u00e2mara, a de Constitui\u00e7\u00e3o, Justi\u00e7a e Reda\u00e7\u00e3o (CCJ), permanece com a mesma forma\u00e7\u00e3o: ser\u00e1 presidida novamente pelo vereador Franco Ferro (PP) e ter\u00e1 como integrantes Maur\u00edcio Vila Abranches (PSDB, vice), Brando Veiga (Republicanos), Daniel Gobbi (PP) e Matheus Moreno (MDB) \u2028\u2028A Comiss\u00e3o de Constitui\u00e7\u00e3o, Justi\u00e7a e Reda\u00e7\u00e3o \u00e9 a principal do Legislativo.<\/p>\n<p>Por suas m\u00e3os ir\u00e3o passar todos os projetos de lei dos vereadores e do prefeito Ricardo Silva (PSD). Tem poder terminativo e decide qual proposta poder\u00e1 ser levada ao plen\u00e1rio e qual receber\u00e1 parecer, sendo juridicamente sepultada.<\/p>\n<p>Julga a constitucionalidade das propostas.\u2028\u2028A segunda comiss\u00e3o no ranking de import\u00e2ncia, a de Finan\u00e7as, Or\u00e7amento, Fiscaliza\u00e7\u00e3o e Controle Tribut\u00e1rio, ser\u00e1 presidida novamente por Matheus Moreno (MDB), com a participa\u00e7\u00e3o de Daniel Gobbi (PP, vice), Robson Vieira (MDWB, substitui Roger Ronan da Silva, o Bigodini), Mauricio Vila Abranches (PSDB) e Paulo Modas (PSD). \u2028\u2028Segundo a defini\u00e7\u00e3o, quatro comiss\u00f5es ser\u00e3o comandadas por vereadoras que representam a esquerda na cidade \u2013 as petistas Duda Hidalgo (Direitos Humanos e Igualdade Racial e Defesa dos Direitos das Pessoas com Defici\u00eancia), Perla M\u00fcller (Administra\u00e7\u00e3o, Planejamento, Habita\u00e7\u00e3o, Obras e Servi\u00e7os P\u00fablicos) e Judeti Zilli, do Coletivo Popular (Direitos da Mulher). \u2028\u2028A Comiss\u00e3o de Direitos Humanos foi desmembrada este ano para criar a Defesa dos Direitos das Pessoas com Defici\u00eancia. A de Direitos da Mulher, da Crian\u00e7a, do Adolescente e do Idoso tamb\u00e9m foi desmembrada.<\/p>\n<p>A segunda ser\u00e1 presidida por Andr\u00e9 Rodini (Novo).\u2028\u2028Na de Meio Ambiente, Sustentabilidade e Mobilidade Urbana, Franco Ferro (PP) ser\u00e1 o presidente, Andr\u00e9 Rodini o vice e Jean Corauci (PSD) membro. \u2028J\u00e1 a Comiss\u00e3o de Educa\u00e7\u00e3o ter\u00e1 como Brando Veiga (presidente), Andr\u00e9 Rodini (vice), Di\u00e1cono Ramos (Uni\u00e3o Brasil), Judeti Zilli (PT) e Paulo Modas (PSD).<\/p>\n<p>O comando do Conselho de \u00c9tica e Decoro Parlamentar passar\u00e1 para Jean Corauci. Ter\u00e1 como vice-presidente Franco Ferro, al\u00e9m de Di\u00e1cono Ramos, Maur\u00edcio Vila Abranches, Danlo Scochi e Brando Veiga. \u2028\u2028Apenas o presidente da C\u00e2mara, Isaac Antunes (PL), e o segundo-secret\u00e1rio, Lincoln Fernandes (PL), n\u00e3o far\u00e3o parte de nenhum colegiado porque o Regimento Interno pro\u00edbe a participa\u00e7\u00e3o de parlamentares que ocupem estes cargos. No final de 2020, os vereadores reduziram o total de comiss\u00f5es de 22 para 15 com o objetivo de agrupar alguns temas correlatos em um mesmo colegiado.<\/p>\n<p>Agora, com a cria\u00e7\u00e3o da Comiss\u00e3o de Direitos das Pessoas com Defici\u00eancia e da Crian\u00e7a, do Adolescente e do Idoso, subiu para 17. Outro fator que contribuiu para a redu\u00e7\u00e3o em 2020 foi a diminui\u00e7\u00e3o do n\u00famero de vereadores, de 27 para 22 parlamentares na legislatura passada (a 18\u00ba, entre 2021 e 2024). Sem a redu\u00e7\u00e3o do n\u00famero de comiss\u00f5es haveria sobrecarga de atividades extraplen\u00e1rio.<\/p>\n<p>Por isso, a C\u00e2mara de Ribeir\u00e3o Preto tamb\u00e9m baixou de cinco para tr\u00eas o total obrigat\u00f3rio de integrantes de quase todas as comiss\u00f5es. Neste ano, apenas quatro \u2013 CCJ, a de Finan\u00e7as, de Esportes e a de Educa\u00e7\u00e3o \u2013 e o Conselho de \u00c9tica t\u00eam cinco ou seis integrantes. \u2028\u2028Thaisa Coroado\/C\u00e2mara\u2028A composi\u00e7\u00e3o das comiss\u00f5es foi definida na noite de segunda -feira: Franco Ferro vai presidir a principal da C\u00e2mara, a de Constitui\u00e7\u00e3o, Justi\u00e7a e Reda\u00e7\u00e3o<\/p>\n<p>Raio-X da C\u00e2mara\u2028e suas comiss\u00f5es<\/p>\n<p>Mesa Diretora para 2025<\/p>\n<p>Presidente \u2028Isaac Antunes (PL)<\/p>\n<p>Primeiro vice-presidente\u2028 Igor Oliveira (MDB)<\/p>\n<p>Segundo vice-presidente \u2028Maur\u00edcio Gasparini (Uni\u00e3o Brasil)<\/p>\n<p>Primeiro-secret\u00e1rio \u2028Danilo Scochi (MDB)<\/p>\n<p>Segundo-secret\u00e1rio \u2028Lincoln Fernandes (PL)<\/p>\n<p>As 17 comiss\u00f5es e \u2028o Conselho de \u00c9tica\u2028\u2013 Conselho de \u00c9tica e \u2028Decoro Parlamentar<\/p>\n<p>Presidente: Jean Corauci (PSD)<\/p>\n<p>Vice: Franco Ferro (PP)<\/p>\n<p>Membros: Maur\u00edcio Vila \u2028Abranches (PSDB) \u2028Di\u00e1cono Ramos (Uni\u00e3o)\u2028 Brando Veiga (Republicanos)\u2028 Danilo Scochi (MDB)\u2028\u2013<\/p>\n<p>Constitui\u00e7\u00e3o, \u2028Justi\u00e7a e Reda\u00e7\u00e3o\u2028\u00a0 \u2013\u00a0 Presidente: Franco \u2028Ferro (PP)\u2028 Vice: Maur\u00edcio Vila \u2028Abranches (PSDB)<\/p>\n<p>Membros: Daniel Gobbi (PP) \u2028Matheus Moreno (MDB)\u2028 Brando Veiga (Republicanos)\u2028\u2013<\/p>\n<p>Finan\u00e7as, Or\u00e7amento, \u2028Fiscaliza\u00e7\u00e3o, \u2028Controle e Tribut\u00e1ria<\/p>\n<p>Presidente: Matheus \u2028Moreno (MDB)\u2028 Vice: Daniel Gobbi (PP)<\/p>\n<p>Membros: Paulo Modas (PSD) \u2028Robson Vieira (MDB)\u2028 Maur\u00edcio Vila Abranches (PSDB)<\/p>\n<p>Educa\u00e7\u00e3o<\/p>\n<p>Presidente: Brando Veiga \u2028(Republicanos)<\/p>\n<p>Vice: Andr\u00e9 Rodini (Novo)<\/p>\n<p>Membros: Di\u00e1cono Ramos (Uni\u00e3o)\u2028 Judeti Zilli (PT) \u2028Paulo Modas (PSD)<\/p>\n<p>\u2013 Administra\u00e7\u00e3o, \u2028Planejamento, \u2028Habita\u00e7\u00e3o, Obras \u2028e Servi\u00e7os P\u00fablicos<\/p>\n<p>Presidente: Perla\u2028M\u00fcller (PT) \u2028Vice: Brando Veiga (Republicanos)<\/p>\n<p>Membro: Rangel Scandiuzzi (PSD)<\/p>\n<p>\u2013 Esporte, Cultura, Lazer, \u2028Turismo e Recrea\u00e7\u00e3o<\/p>\n<p>Presidente: Matheus Moreno (MDB)<\/p>\n<p>Vice: Junin D\u00ead\u00ea (PL)<\/p>\n<p>Membros: Duda Hidalgo (PT)<\/p>\n<p>Robson Vieira (MDB)\u2028 Daniel do Bus\u00e3o (PL)\u2028\u2013<\/p>\n<p>Seguridade Social, \u2028Sa\u00fade, Previd\u00eancia e \u2028Assist\u00eancia Social<\/p>\n<p>Presidente: Rangel \u2028Scandiuzzi (PSD)<\/p>\n<p>Vice: Perla\u2028M\u00fcller (PT)<\/p>\n<p>Membro: Robson Vieira (MDB)<\/p>\n<p>\u2013 Meio Ambiente, \u2028Sustentabilidade \u2028e Mobilidade Urbana<\/p>\n<p>* \u2028Presidente: Franco \u2028Ferro (PP) \u2028Vice: Andr\u00e9 Rodini (lovo)<\/p>\n<p>Membro: Jean Corauci (PSD)\u2028\u2013<\/p>\n<p>Direitos Humanos e \u2028 Igualdade Racial e das \u2028Pessoas com Defici\u00eancia<\/p>\n<p>Presidente: Duda \u2028Hidalgo (PT) \u2028Vice: Judeti Zilli (PT)<\/p>\n<p>Membro: Robson Viera (MDB )\u2028-<\/p>\n<p>Defesa dos Direitos \u2028da Pessoa com Defici\u00eancia<\/p>\n<p>Presidente: Paulo Modas (PSD)\u2028 Vice : Duda Hidalgo (PT)<\/p>\n<p>Membro: Daniel do Bus\u00e3o (PL)<\/p>\n<p>\u2013 Direitos da Mulher<\/p>\n<p>Presidente: Judeti Zilli (PT)<\/p>\n<p>Vice: Duda Hidalgo (PT)<\/p>\n<p>Membro: Perla M\u00fcller (PT)<\/p>\n<p>\u2013 Direitos da Crian\u00e7a, \u2028do Adolescente e do Idoso<\/p>\n<p>Presidente: Andr\u00e9 Rodini (Novo)<\/p>\n<p>Vice: Judeti Zilli (PT)<\/p>\n<p>Membro: Mateus Moreno (MDB)<\/p>\n<p>\u2013 Defesa e Direito \u2028dos Animais<\/p>\n<p>Presidente: Rangel \u2028Scandiuzzi (PSD)<\/p>\n<p>Vice: Brando Veiga (Republicanos)<\/p>\n<p>Membro: Paulo Modas (PSD)<\/p>\n<p>\u2013 Seguran\u00e7a P\u00fablica<\/p>\n<p>Presidente: Di\u00e1cono \u2028Ramos (Uni\u00e3o)\u2028\u00a0\u00a0 \u2013 Vice: Delegado Martinez (MDB)<\/p>\n<p>Membro: Junin D\u00ead\u00ea (PL)<\/p>\n<p>\u2013 Transpar\u00eancia e \u2028Legisla\u00e7\u00e3o Participativa<\/p>\n<p>Presidente: Jean Corauci (PSD)\u2028 Vice: Franco Ferro (PP)<\/p>\n<p>Membro: Daniel do Bus\u00e3o (PL)<\/p>\n<p>\u2013 Assuntos Metropolitanos<\/p>\n<p>Presidente: Daniel Gobbi (PP)\u2028 Vice: Junin D\u00ead\u00ea (PL)<\/p>\n<p>Membro: Di\u00e1cono Ramos (Uni\u00e3o)<\/p>\n<p>\u2013 Ci\u00eancia e Tecnologia, \u2028Desenvolvimento \u2028Econ\u00f4mico, Rela\u00e7\u00f5es \u2028Internacionais e \u2028de Consumo<\/p>\n<p>Presidente: Andr\u00e9 \u2028Rodini (Novo)\u2028 Vice: Daniel Gobbi (PP)<\/p>\n<p>Membro: Brando Veiga (Republicanos)<\/p>\n<p>\u2013 Comunica\u00e7\u00e3o, \u2028T\u00edtulos e Honrarias<\/p>\n<p>Presidente: Jean Corauci (PSD)\u2028Vice: Di\u00e1cono Ramos (Uni\u00e3o Brasil)<\/p>\n<p>Membro: Daniel Gobbi (PP)<\/p>\n<\/div>\n<p><br \/>\n<br \/><a href=\"https:\/\/www.tribunaribeirao.com.br\/base-governista-leva-principais-comissoes\/\">Source link <\/a><\/p>\n<!-- CONTENT END 1 -->\n","protected":false},"excerpt":{"rendered":"<p>Segundo a defini\u00e7\u00e3o, quatro das 17 comiss\u00f5es ser\u00e3o comandadas por vereadoras que representam a esquerda na cidade\u2028\u2028 A C\u00e2mara de Ribeir\u00e3o Preto definiu na sess\u00e3o&#8230;<\/p>\n","protected":false},"author":1,"featured_media":80384,"comment_status":"open","ping_status":"open","sticky":false,"template":"","format":"standard","meta":{"advanced_seo_description":"","jetpack_seo_html_title":"","jetpack_seo_noindex":false,"jetpack_post_was_ever_published":false,"_jetpack_newsletter_access":"","_jetpack_dont_email_post_to_subs":false,"_jetpack_newsletter_tier_id":0,"_jetpack_memberships_contains_paywalled_content":false,"_jetpack_memberships_contains_paid_content":false,"footnotes":"","jetpack_publicize_message":"","jetpack_publicize_feature_enabled":true,"jetpack_social_post_already_shared":true,"jetpack_social_options":{"image_generator_settings":{"template":"highway","default_image_id":0,"font":"","enabled":false},"version":2}},"categories":[11],"tags":[],"class_list":["post-80383","post","type-post","status-publish","format-standard","has-post-thumbnail","hentry","category-noticias-de-ribeirao-preto-sp-e-regiao-ismael-colosi"],"jetpack_publicize_connections":[],"jetpack_featured_media_url":"https:\/\/i0.wp.com\/noticiasribeiraopreto.com.br\/wp-content\/uploads\/2025\/12\/Comissoes-Thaisa-Coroado-Camara-scaled.jpg?fit=1170%2C780&ssl=1","jetpack-related-posts":[{"id":11525,"url":"https:\/\/noticiasribeiraopreto.com.br\/index.php\/2023\/12\/06\/renato-zucoloto-permanece-na-ccj\/","url_meta":{"origin":80383,"position":0},"title":"Renato Zucoloto\u00a0permanece na CCJ &#8211; Jornal Tribuna Ribeir\u00e3o","author":"noticiasribeiraopreto.com.br","date":"6 de December de 2023","format":false,"excerpt":"A C\u00e2mara de Ribeir\u00e3o Preto definiu, na noite desta ter\u00e7a-feira, 5 de dezembro, a composi\u00e7\u00e3o das 15 comiss\u00f5es permanentes e do Conselho e \u00c9tica e Decoro Parlamentar para 2024. Com a altera\u00e7\u00e3o no Regimento Interno do Legislativo, desde 2022 a elei\u00e7\u00e3o passou a ocorrer na primeira sess\u00e3o do \u00faltimo m\u00eas\u2026","rel":"","context":"In &quot;Not\u00edcias de Ribeir\u00e3o Preto-SP e Regi\u00e3o&quot;","block_context":{"text":"Not\u00edcias de Ribeir\u00e3o Preto-SP e Regi\u00e3o","link":"https:\/\/noticiasribeiraopreto.com.br\/index.php\/category\/noticias-de-ribeirao-preto-sp-e-regiao-ismael-colosi\/"},"img":{"alt_text":"","src":"https:\/\/i0.wp.com\/noticiasribeiraopreto.com.br\/wp-content\/uploads\/2023\/12\/zucoloto-scaled.jpg?fit=967%2C645&ssl=1&resize=350%2C200","width":350,"height":200,"srcset":"https:\/\/i0.wp.com\/noticiasribeiraopreto.com.br\/wp-content\/uploads\/2023\/12\/zucoloto-scaled.jpg?fit=967%2C645&ssl=1&resize=350%2C200 1x, https:\/\/i0.wp.com\/noticiasribeiraopreto.com.br\/wp-content\/uploads\/2023\/12\/zucoloto-scaled.jpg?fit=967%2C645&ssl=1&resize=525%2C300 1.5x, https:\/\/i0.wp.com\/noticiasribeiraopreto.com.br\/wp-content\/uploads\/2023\/12\/zucoloto-scaled.jpg?fit=967%2C645&ssl=1&resize=700%2C400 2x"},"classes":[]},{"id":79369,"url":"https:\/\/noticiasribeiraopreto.com.br\/index.php\/2025\/10\/30\/sem-mencionar-acidente-bigodini-reaparece-na-camara-de-ribeirao-preto\/","url_meta":{"origin":80383,"position":1},"title":"Sem mencionar acidente, Bigodini reaparece na C\u00e2mara de Ribeir\u00e3o Preto","author":"noticiasribeiraopreto.com.br","date":"30 de October de 2025","format":false,"excerpt":"O vereador Roger Ronan da Silva, o Bigodini (MDB), reapareceu na C\u00e2mara de Ribeir\u00e3o Preto nesta quinta-feira (30) ap\u00f3s o acidente em que se envolveu na avenida do Caf\u00e9, no final de setembro. Na semana passada, o vereador foi indiciado pela Pol\u00edcia Civil por embriaguez ao volante, falsidade ideol\u00f3gica e\u2026","rel":"","context":"In &quot;Not\u00edcias de Ribeir\u00e3o Preto-SP e Regi\u00e3o&quot;","block_context":{"text":"Not\u00edcias de Ribeir\u00e3o Preto-SP e Regi\u00e3o","link":"https:\/\/noticiasribeiraopreto.com.br\/index.php\/category\/noticias-de-ribeirao-preto-sp-e-regiao-ismael-colosi\/"},"img":{"alt_text":"","src":"https:\/\/i0.wp.com\/noticiasribeiraopreto.com.br\/wp-content\/uploads\/2025\/10\/bigodini_2025-10-30_16-07-55.webp.webp?fit=1200%2C654&ssl=1&resize=350%2C200","width":350,"height":200,"srcset":"https:\/\/i0.wp.com\/noticiasribeiraopreto.com.br\/wp-content\/uploads\/2025\/10\/bigodini_2025-10-30_16-07-55.webp.webp?fit=1200%2C654&ssl=1&resize=350%2C200 1x, https:\/\/i0.wp.com\/noticiasribeiraopreto.com.br\/wp-content\/uploads\/2025\/10\/bigodini_2025-10-30_16-07-55.webp.webp?fit=1200%2C654&ssl=1&resize=525%2C300 1.5x, https:\/\/i0.wp.com\/noticiasribeiraopreto.com.br\/wp-content\/uploads\/2025\/10\/bigodini_2025-10-30_16-07-55.webp.webp?fit=1200%2C654&ssl=1&resize=700%2C400 2x, https:\/\/i0.wp.com\/noticiasribeiraopreto.com.br\/wp-content\/uploads\/2025\/10\/bigodini_2025-10-30_16-07-55.webp.webp?fit=1200%2C654&ssl=1&resize=1050%2C600 3x"},"classes":[]},{"id":11319,"url":"https:\/\/noticiasribeiraopreto.com.br\/index.php\/2023\/12\/05\/camara-de-ribeirao-define-presidentes-das-comissoes-permanentes-veja-como-ficou\/","url_meta":{"origin":80383,"position":2},"title":"C\u00e2mara de Ribeir\u00e3o define presidentes das comiss\u00f5es permanentes; Veja como ficou","author":"noticiasribeiraopreto.com.br","date":"5 de December de 2023","format":false,"excerpt":"A C\u00e2mara de Ribeir\u00e3o Preto definiu nesta ter\u00e7a-feira (5) a presid\u00eancia das comiss\u00f5es permanentes para 2024. Pelo segundo ano consecutivo, o vereador Renato Zucoloto (PP) vai ficar a frente da CCJ (Comiss\u00e3o de Constitui\u00e7\u00e3o e Justi\u00e7a), considerada a principal do Legislativo, j\u00e1 que pode barrar os projetos de lei antes\u2026","rel":"","context":"In &quot;Not\u00edcias de Ribeir\u00e3o Preto-SP e Regi\u00e3o&quot;","block_context":{"text":"Not\u00edcias de Ribeir\u00e3o Preto-SP e Regi\u00e3o","link":"https:\/\/noticiasribeiraopreto.com.br\/index.php\/category\/noticias-de-ribeirao-preto-sp-e-regiao-ismael-colosi\/"},"img":{"alt_text":"","src":"https:\/\/i0.wp.com\/noticiasribeiraopreto.com.br\/wp-content\/uploads\/2023\/12\/Renato-Zucoloto.jpg?fit=1200%2C800&ssl=1&resize=350%2C200","width":350,"height":200,"srcset":"https:\/\/i0.wp.com\/noticiasribeiraopreto.com.br\/wp-content\/uploads\/2023\/12\/Renato-Zucoloto.jpg?fit=1200%2C800&ssl=1&resize=350%2C200 1x, https:\/\/i0.wp.com\/noticiasribeiraopreto.com.br\/wp-content\/uploads\/2023\/12\/Renato-Zucoloto.jpg?fit=1200%2C800&ssl=1&resize=525%2C300 1.5x, https:\/\/i0.wp.com\/noticiasribeiraopreto.com.br\/wp-content\/uploads\/2023\/12\/Renato-Zucoloto.jpg?fit=1200%2C800&ssl=1&resize=700%2C400 2x, https:\/\/i0.wp.com\/noticiasribeiraopreto.com.br\/wp-content\/uploads\/2023\/12\/Renato-Zucoloto.jpg?fit=1200%2C800&ssl=1&resize=1050%2C600 3x"},"classes":[]},{"id":80921,"url":"https:\/\/noticiasribeiraopreto.com.br\/index.php\/2025\/12\/18\/racha-altera-o-conselho-de-etica\/","url_meta":{"origin":80383,"position":3},"title":"\u2018Racha\u2019 altera o\u2028 Conselho de \u00c9tica","author":"noticiasribeiraopreto.com.br","date":"18 de December de 2025","format":false,"excerpt":"\r \r \r 18 de dezembro de 2025 09:35 \r Compartilhar0 Mudan\u00e7a no colegiado ocorreu ap\u00f3s Maur\u00edcio Vila Abranches (PSDB) reivindicar a presid\u00eancia do colegiado \u2028\u2028 A C\u00e2mara de Ribeir\u00e3o Preto alterou a composi\u00e7\u00e3o do Conselho de \u00c9tica e Decoro Parlamentar. A rela\u00e7\u00e3o com os integrantes do colegiado e das\u2026","rel":"","context":"In &quot;Not\u00edcias de Ribeir\u00e3o Preto-SP e Regi\u00e3o&quot;","block_context":{"text":"Not\u00edcias de Ribeir\u00e3o Preto-SP e Regi\u00e3o","link":"https:\/\/noticiasribeiraopreto.com.br\/index.php\/category\/noticias-de-ribeirao-preto-sp-e-regiao-ismael-colosi\/"},"img":{"alt_text":"","src":"https:\/\/i0.wp.com\/noticiasribeiraopreto.com.br\/wp-content\/uploads\/2025\/12\/Conselho-Thaisa-Coroado-Camara-scaled.jpg?fit=1200%2C735&ssl=1&resize=350%2C200","width":350,"height":200,"srcset":"https:\/\/i0.wp.com\/noticiasribeiraopreto.com.br\/wp-content\/uploads\/2025\/12\/Conselho-Thaisa-Coroado-Camara-scaled.jpg?fit=1200%2C735&ssl=1&resize=350%2C200 1x, https:\/\/i0.wp.com\/noticiasribeiraopreto.com.br\/wp-content\/uploads\/2025\/12\/Conselho-Thaisa-Coroado-Camara-scaled.jpg?fit=1200%2C735&ssl=1&resize=525%2C300 1.5x, https:\/\/i0.wp.com\/noticiasribeiraopreto.com.br\/wp-content\/uploads\/2025\/12\/Conselho-Thaisa-Coroado-Camara-scaled.jpg?fit=1200%2C735&ssl=1&resize=700%2C400 2x, https:\/\/i0.wp.com\/noticiasribeiraopreto.com.br\/wp-content\/uploads\/2025\/12\/Conselho-Thaisa-Coroado-Camara-scaled.jpg?fit=1200%2C735&ssl=1&resize=1050%2C600 3x"},"classes":[]},{"id":79016,"url":"https:\/\/noticiasribeiraopreto.com.br\/index.php\/2025\/10\/22\/saiba-o-que-a-defesa-de-bigodini-alegou-ao-conselho-de-etica-em-processo-de-cassacao\/","url_meta":{"origin":80383,"position":4},"title":"Saiba o que a defesa de Bigodini alegou ao Conselho de \u00c9tica em processo de cassa\u00e7\u00e3o","author":"noticiasribeiraopreto.com.br","date":"22 de October de 2025","format":false,"excerpt":"O Conselho de \u00c9tica da C\u00e2mara Municipal de Ribeir\u00e3o Preto oficializou nesta quarta-feira (22) o recebimento da defesa do vereador Roger Ronan da Silva, o Bigodini (MDB), no processo de cassa\u00e7\u00e3o enfrentado pelo parlamentar. Bigodini \u00e9 investigado por quebra de decoro parlamentar ap\u00f3s ter se envolvido em um acidente de\u2026","rel":"","context":"In &quot;Not\u00edcias de Ribeir\u00e3o Preto-SP e Regi\u00e3o&quot;","block_context":{"text":"Not\u00edcias de Ribeir\u00e3o Preto-SP e Regi\u00e3o","link":"https:\/\/noticiasribeiraopreto.com.br\/index.php\/category\/noticias-de-ribeirao-preto-sp-e-regiao-ismael-colosi\/"},"img":{"alt_text":"","src":"https:\/\/i0.wp.com\/noticiasribeiraopreto.com.br\/wp-content\/uploads\/2025\/10\/Imagem-do-WhatsApp-de-2025-10-22-as-16.14.20_4d71a886_2025-10-22_19-19-07.webp.webp?fit=1200%2C800&ssl=1&resize=350%2C200","width":350,"height":200,"srcset":"https:\/\/i0.wp.com\/noticiasribeiraopreto.com.br\/wp-content\/uploads\/2025\/10\/Imagem-do-WhatsApp-de-2025-10-22-as-16.14.20_4d71a886_2025-10-22_19-19-07.webp.webp?fit=1200%2C800&ssl=1&resize=350%2C200 1x, https:\/\/i0.wp.com\/noticiasribeiraopreto.com.br\/wp-content\/uploads\/2025\/10\/Imagem-do-WhatsApp-de-2025-10-22-as-16.14.20_4d71a886_2025-10-22_19-19-07.webp.webp?fit=1200%2C800&ssl=1&resize=525%2C300 1.5x, https:\/\/i0.wp.com\/noticiasribeiraopreto.com.br\/wp-content\/uploads\/2025\/10\/Imagem-do-WhatsApp-de-2025-10-22-as-16.14.20_4d71a886_2025-10-22_19-19-07.webp.webp?fit=1200%2C800&ssl=1&resize=700%2C400 2x, https:\/\/i0.wp.com\/noticiasribeiraopreto.com.br\/wp-content\/uploads\/2025\/10\/Imagem-do-WhatsApp-de-2025-10-22-as-16.14.20_4d71a886_2025-10-22_19-19-07.webp.webp?fit=1200%2C800&ssl=1&resize=1050%2C600 3x"},"classes":[]},{"id":78236,"url":"https:\/\/noticiasribeiraopreto.com.br\/index.php\/2025\/10\/07\/bigodini-apresenta-novo-atestado-de-saude-com-dez-dias-de-duracao\/","url_meta":{"origin":80383,"position":5},"title":"Bigodini apresenta novo atestado de sa\u00fade com dez dias de dura\u00e7\u00e3o","author":"noticiasribeiraopreto.com.br","date":"7 de October de 2025","format":false,"excerpt":"Desde que se envolveu em um acidente de tr\u00e2nsito no dia 28 de setembro, supostamente embriagado, o vereador de Ribeir\u00e3o Preto se afastou de suas atividades legislativas por estresse; novo atestado foi apresentado nesta segunda-feira O vereador de Ribeir\u00e3o Preto, Roger Ronan da Silva, o Bigodini (MDB), apresentou nesta segunda-feira,\u2026","rel":"","context":"In &quot;Not\u00edcias de Ribeir\u00e3o Preto-SP e Regi\u00e3o&quot;","block_context":{"text":"Not\u00edcias de Ribeir\u00e3o Preto-SP e Regi\u00e3o","link":"https:\/\/noticiasribeiraopreto.com.br\/index.php\/category\/noticias-de-ribeirao-preto-sp-e-regiao-ismael-colosi\/"},"img":{"alt_text":"","src":"https:\/\/i0.wp.com\/noticiasribeiraopreto.com.br\/wp-content\/uploads\/2025\/10\/verador-Bigodini-02-scaled.jpeg?fit=1170%2C780&ssl=1&resize=350%2C200","width":350,"height":200,"srcset":"https:\/\/i0.wp.com\/noticiasribeiraopreto.com.br\/wp-content\/uploads\/2025\/10\/verador-Bigodini-02-scaled.jpeg?fit=1170%2C780&ssl=1&resize=350%2C200 1x, https:\/\/i0.wp.com\/noticiasribeiraopreto.com.br\/wp-content\/uploads\/2025\/10\/verador-Bigodini-02-scaled.jpeg?fit=1170%2C780&ssl=1&resize=525%2C300 1.5x, https:\/\/i0.wp.com\/noticiasribeiraopreto.com.br\/wp-content\/uploads\/2025\/10\/verador-Bigodini-02-scaled.jpeg?fit=1170%2C780&ssl=1&resize=700%2C400 2x, https:\/\/i0.wp.com\/noticiasribeiraopreto.com.br\/wp-content\/uploads\/2025\/10\/verador-Bigodini-02-scaled.jpeg?fit=1170%2C780&ssl=1&resize=1050%2C600 3x"},"classes":[]}],"jetpack_sharing_enabled":true,"jetpack_shortlink":"https:\/\/wp.me\/peQAOb-kUv","_links":{"self":[{"href":"https:\/\/noticiasribeiraopreto.com.br\/index.php\/wp-json\/wp\/v2\/posts\/80383","targetHints":{"allow":["GET"]}}],"collection":[{"href":"https:\/\/noticiasribeiraopreto.com.br\/index.php\/wp-json\/wp\/v2\/posts"}],"about":[{"href":"https:\/\/noticiasribeiraopreto.com.br\/index.php\/wp-json\/wp\/v2\/types\/post"}],"author":[{"embeddable":true,"href":"https:\/\/noticiasribeiraopreto.com.br\/index.php\/wp-json\/wp\/v2\/users\/1"}],"replies":[{"embeddable":true,"href":"https:\/\/noticiasribeiraopreto.com.br\/index.php\/wp-json\/wp\/v2\/comments?post=80383"}],"version-history":[{"count":0,"href":"https:\/\/noticiasribeiraopreto.com.br\/index.php\/wp-json\/wp\/v2\/posts\/80383\/revisions"}],"wp:featuredmedia":[{"embeddable":true,"href":"https:\/\/noticiasribeiraopreto.com.br\/index.php\/wp-json\/wp\/v2\/media\/80384"}],"wp:attachment":[{"href":"https:\/\/noticiasribeiraopreto.com.br\/index.php\/wp-json\/wp\/v2\/media?parent=80383"}],"wp:term":[{"taxonomy":"category","embeddable":true,"href":"https:\/\/noticiasribeiraopreto.com.br\/index.php\/wp-json\/wp\/v2\/categories?post=80383"},{"taxonomy":"post_tag","embeddable":true,"href":"https:\/\/noticiasribeiraopreto.com.br\/index.php\/wp-json\/wp\/v2\/tags?post=80383"}],"curies":[{"name":"wp","href":"https:\/\/api.w.org\/{rel}","templated":true}]}}