{"id":80385,"date":"2025-12-03T09:22:41","date_gmt":"2025-12-03T12:22:41","guid":{"rendered":"https:\/\/noticiasribeiraopreto.com.br\/index.php\/2025\/12\/03\/carro-bate-em-poste-e-causa-interdicao-na-via-norte-em-ribeirao-preto-video\/"},"modified":"2025-12-03T09:22:41","modified_gmt":"2025-12-03T12:22:41","slug":"carro-bate-em-poste-e-causa-interdicao-na-via-norte-em-ribeirao-preto-video","status":"publish","type":"post","link":"https:\/\/noticiasribeiraopreto.com.br\/index.php\/2025\/12\/03\/carro-bate-em-poste-e-causa-interdicao-na-via-norte-em-ribeirao-preto-video\/","title":{"rendered":"Carro bate em poste e causa interdi\u00e7\u00e3o na Via Norte em Ribeir\u00e3o Preto; V\u00eddeo"},"content":{"rendered":"<div class='code-block code-block-1' style='margin: 8px 0 8px auto; text-align: right; display: block; clear: both;'>\n<p><a href=\"https:\/\/wa.link\/vpicfd\"><img data-recalc-dims=\"1\" class=\"wp-image-4922\" style=\"aspect-ratio: 2.0253164556962027; width: 561px; height: auto;\" src=\"https:\/\/i0.wp.com\/ismaelcolosi.com.br\/wp-content\/uploads\/2023\/11\/grupo-de-empregos-whatsapp-e-facebook-ismael-colosi-vagas.jpg?ssl=1\" alt=\"\" \/><\/a><\/p>\n<!-- \/wp:image -->\n<\/div>\n<p> <br \/>\n<\/p>\n<div data-td-block-uid=\"tdi_95\">\n<div class=\"tdb-block-inner td-fix-index\">\n<p><strong>Um carro bateu em um poste no cruzamento da Via Norte com a rua Aliados, em Ribeir\u00e3o Preto.<\/strong> <strong>Assista <\/strong>ao <strong>v\u00eddeo <\/strong>abaixo.<\/p>\n<p>Segundo informa\u00e7\u00f5es, <mark style=\"background-color:#fcb900\" class=\"has-inline-color has-black-color\">o ve\u00edculo foi encontrado no local, na manh\u00e3 desta quarta (3), sem o motorista.<\/mark> N\u00e3o h\u00e1 queixa de furto ou roubo sobre o carro.<\/p>\n<p>A RP Mobi interditou um trecho da faixa da direita da pista Centro-bairro da Via Norte e h\u00e1 lentid\u00e3o no tr\u00e2nsito.<\/p>\n<p>A PM (Pol\u00edcia Militar) tamb\u00e9m foi mobilizada na ocorr\u00eancia.<\/p>\n<p>Uma embalagem vazia, que seria de aguardente, outra que indica ser de \u00f3leo de motor, um martelo, uma chave de fenda e um \u00f3culos foram localizados no interior do ve\u00edculo. N\u00e3o d\u00e1 para afirmar, contudo, se j\u00e1 estavam no carro antes da colis\u00e3o, pois, os vidros foram encontrados abertos.<\/p>\n<p>As causas ainda dever\u00e3o ser apuradas.<\/p>\n<blockquote class=\"instagram-media\" data-instgrm-permalink=\"https:\/\/www.instagram.com\/reel\/DRzLVOujoII\/?utm_source=ig_embed&amp;utm_campaign=loading\" data-instgrm-version=\"14\" style=\" background:#FFF; border:0; border-radius:3px; box-shadow:0 0 1px 0 rgba(0,0,0,0.5),0 1px 10px 0 rgba(0,0,0,0.15); margin: 1px; max-width:540px; min-width:326px; padding:0; width:99.375%; width:-webkit-calc(100% - 2px); width:calc(100% - 2px);\"\/>\n<p>SAIBA MAIS<\/p>\n<p>Estado de SP continua em alerta para tempestades nesta quarta-feira<\/p>\n<h2 class=\"wp-block-heading\"><strong>FIQUE ON<\/strong><\/h2>\n<p>Fique ligado em tudo que acontece em Ribeir\u00e3o Preto e regi\u00e3o. Siga os perfis do\u00a0<strong>acidade on<\/strong>\u00a0no\u00a0<a href=\"https:\/\/www.instagram.com\/acidadeonribeirao\" target=\"_blank\" rel=\"noreferrer noopener\">Instagram<\/a>\u00a0e no\u00a0<a href=\"https:\/\/www.facebook.com\/acidadeonribeirao\/\" target=\"_blank\" rel=\"noreferrer noopener\">Facebook<\/a>.<\/p>\n<p>Receba not\u00edcias do\u00a0<strong>acidade on\u00a0<\/strong>no WhatsApp. Para entrar no grupo,\u00a0basta<a href=\"https:\/\/chat.whatsapp.com\/I4nieTEMKlf50pJ28aMemC?mode=ac_t\" target=\"_blank\" rel=\"noreferrer noopener\">\u00a0clicar aqui<\/a>. Ou, acesse o nosso\u00a0Canal\u00a0<a href=\"https:\/\/whatsapp.com\/channel\/0029Vb6IQl1JENyAeS57fk2p\" target=\"_blank\" rel=\"noreferrer noopener\">clicando aqui<\/a>.<\/p>\n<p>Fa\u00e7a uma den\u00fancia ou sugira uma reportagem sobre Ribeir\u00e3o Preto e regi\u00e3o pelo WhatsApp: 16 99117 7802.<\/p>\n<p>VEJA TAMB\u00c9M<\/p>\n<p>Qual era a idade do menino que morreu na jaula de leoa?<\/p>\n<p><!-- AI CONTENT END 1 -->\n<\/div>\n<\/div>\n<p><script async src=\"\/\/www.instagram.com\/embed.js\"><\/script><br \/>\n<br \/><br \/>\n<br \/><a href=\"https:\/\/www.acidadeon.com\/ribeiraopreto\/cotidiano\/carro-bate-em-poste-e-causa-interdicao-na-via-norte-em-ribeirao-preto-video\/\">Source link <\/a><\/p>\n<!-- CONTENT END 1 -->\n","protected":false},"excerpt":{"rendered":"<p>Um carro bateu em um poste no cruzamento da Via Norte com a rua Aliados, em Ribeir\u00e3o Preto. Assista ao v\u00eddeo abaixo. Segundo informa\u00e7\u00f5es, o&#8230;<\/p>\n","protected":false},"author":1,"featured_media":80386,"comment_status":"open","ping_status":"open","sticky":false,"template":"","format":"standard","meta":{"advanced_seo_description":"","jetpack_seo_html_title":"","jetpack_seo_noindex":false,"jetpack_post_was_ever_published":false,"_jetpack_newsletter_access":"","_jetpack_dont_email_post_to_subs":false,"_jetpack_newsletter_tier_id":0,"_jetpack_memberships_contains_paywalled_content":false,"_jetpack_memberships_contains_paid_content":false,"footnotes":"","jetpack_publicize_message":"","jetpack_publicize_feature_enabled":true,"jetpack_social_post_already_shared":true,"jetpack_social_options":{"image_generator_settings":{"template":"highway","default_image_id":0,"font":"","enabled":false},"version":2}},"categories":[11],"tags":[],"class_list":["post-80385","post","type-post","status-publish","format-standard","has-post-thumbnail","hentry","category-noticias-de-ribeirao-preto-sp-e-regiao-ismael-colosi"],"jetpack_publicize_connections":[],"jetpack_featured_media_url":"https:\/\/i0.wp.com\/noticiasribeiraopreto.com.br\/wp-content\/uploads\/2025\/12\/CARRO_2025-12-03_11-25-57.webp.webp?fit=1200%2C695&ssl=1","jetpack-related-posts":[{"id":69937,"url":"https:\/\/noticiasribeiraopreto.com.br\/index.php\/2025\/05\/21\/motociclista-morto-em-acidente-na-zona-norte-de-ribeirao-preto-e-identificado\/","url_meta":{"origin":80385,"position":0},"title":"Motociclista morto em acidente na zona Norte de Ribeir\u00e3o Preto \u00e9 identificado","author":"noticiasribeiraopreto.com.br","date":"21 de May de 2025","format":false,"excerpt":"A Pol\u00edcia Civil identificou o motociclista que morreu no in\u00edcio da noite desta ter\u00e7a-feira (20), ap\u00f3s bater em um poste no Jardim Heitor Rigon, zona Norte de Ribeir\u00e3o Preto. Segundo o boletim de ocorr\u00eancia (BO), Evanildo Batista da Cunha foi socorrido e encaminhado para a UPA Norte, mas n\u00e3o resistiu.\u2026","rel":"","context":"In &quot;Not\u00edcias de Ribeir\u00e3o Preto-SP e Regi\u00e3o&quot;","block_context":{"text":"Not\u00edcias de Ribeir\u00e3o Preto-SP e Regi\u00e3o","link":"https:\/\/noticiasribeiraopreto.com.br\/index.php\/category\/noticias-de-ribeirao-preto-sp-e-regiao-ismael-colosi\/"},"img":{"alt_text":"","src":"https:\/\/i0.wp.com\/noticiasribeiraopreto.com.br\/wp-content\/uploads\/2025\/05\/re_2025-05-20_22-04-22.webp.webp?fit=1192%2C476&ssl=1&resize=350%2C200","width":350,"height":200,"srcset":"https:\/\/i0.wp.com\/noticiasribeiraopreto.com.br\/wp-content\/uploads\/2025\/05\/re_2025-05-20_22-04-22.webp.webp?fit=1192%2C476&ssl=1&resize=350%2C200 1x, https:\/\/i0.wp.com\/noticiasribeiraopreto.com.br\/wp-content\/uploads\/2025\/05\/re_2025-05-20_22-04-22.webp.webp?fit=1192%2C476&ssl=1&resize=525%2C300 1.5x, https:\/\/i0.wp.com\/noticiasribeiraopreto.com.br\/wp-content\/uploads\/2025\/05\/re_2025-05-20_22-04-22.webp.webp?fit=1192%2C476&ssl=1&resize=700%2C400 2x, https:\/\/i0.wp.com\/noticiasribeiraopreto.com.br\/wp-content\/uploads\/2025\/05\/re_2025-05-20_22-04-22.webp.webp?fit=1192%2C476&ssl=1&resize=1050%2C600 3x"},"classes":[]},{"id":65438,"url":"https:\/\/noticiasribeiraopreto.com.br\/index.php\/2025\/03\/20\/mulher-e-achada-morta-e-seminua-em-porta-malas-de-carro-na-via-norte-em-ribeirao-preto\/","url_meta":{"origin":80385,"position":1},"title":"Mulher \u00e9 achada morta e seminua em porta-malas de carro na Via Norte em Ribeir\u00e3o Preto","author":"noticiasribeiraopreto.com.br","date":"20 de March de 2025","format":false,"excerpt":"Uma mulher de 45 anos foi encontra morta na madrugada desta quinta-feira (20), com o corpo seminu enrolado em um len\u00e7ol, no porta-malas de um carro, na Via\u00a0Norte, na altura do Parque Industrial Tanquinho, zona\u00a0Norte\u00a0de Ribeir\u00e3o Preto. Segundo o boletim de ocorr\u00eancia (BO), a mulher, identificada como Amanda de Paiva\u2026","rel":"","context":"In &quot;Not\u00edcias de Ribeir\u00e3o Preto-SP e Regi\u00e3o&quot;","block_context":{"text":"Not\u00edcias de Ribeir\u00e3o Preto-SP e Regi\u00e3o","link":"https:\/\/noticiasribeiraopreto.com.br\/index.php\/category\/noticias-de-ribeirao-preto-sp-e-regiao-ismael-colosi\/"},"img":{"alt_text":"","src":"https:\/\/noticiasribeiraopreto.com.br\/wp-content\/uploads\/2024\/02\/whatsapp_image_2022-08-14_at_12_10_03.jpe","width":350,"height":200,"srcset":"https:\/\/noticiasribeiraopreto.com.br\/wp-content\/uploads\/2024\/02\/whatsapp_image_2022-08-14_at_12_10_03.jpe 1x, https:\/\/noticiasribeiraopreto.com.br\/wp-content\/uploads\/2024\/02\/whatsapp_image_2022-08-14_at_12_10_03.jpe 1.5x, https:\/\/noticiasribeiraopreto.com.br\/wp-content\/uploads\/2024\/02\/whatsapp_image_2022-08-14_at_12_10_03.jpe 2x, https:\/\/noticiasribeiraopreto.com.br\/wp-content\/uploads\/2024\/02\/whatsapp_image_2022-08-14_at_12_10_03.jpe 3x"},"classes":[]},{"id":84958,"url":"https:\/\/noticiasribeiraopreto.com.br\/index.php\/2026\/04\/18\/colisao-entre-veiculos-provoca-capotamento-na-zona-norte-de-ribeirao-preto\/","url_meta":{"origin":80385,"position":2},"title":"Colis\u00e3o entre ve\u00edculos provoca capotamento na zona Norte de Ribeir\u00e3o Preto","author":"noticiasribeiraopreto.com.br","date":"18 de April de 2026","format":false,"excerpt":"Ler o resumo da not\u00edcia No s\u00e1bado (18), um ve\u00edculo que saiu de um posto de combust\u00edvel entrou na contram\u00e3o e colidiu com outro carro na Rua Capit\u00e3o Salom\u00e3o, n\u00ba\u202f1.023, zona Norte de Ribeir\u00e3o Preto, provocando capotamento. As v\u00edtimas foram socorridas; a RP\u202fMobi foi acionada para apoiar o tr\u00e2nsito, mas\u2026","rel":"","context":"In &quot;Not\u00edcias de Ribeir\u00e3o Preto-SP e Regi\u00e3o&quot;","block_context":{"text":"Not\u00edcias de Ribeir\u00e3o Preto-SP e Regi\u00e3o","link":"https:\/\/noticiasribeiraopreto.com.br\/index.php\/category\/noticias-de-ribeirao-preto-sp-e-regiao-ismael-colosi\/"},"img":{"alt_text":"","src":"https:\/\/i0.wp.com\/noticiasribeiraopreto.com.br\/wp-content\/uploads\/2026\/04\/palace-4_2026-04-18_19-24-48.webp.webp?fit=1200%2C675&ssl=1&resize=350%2C200","width":350,"height":200,"srcset":"https:\/\/i0.wp.com\/noticiasribeiraopreto.com.br\/wp-content\/uploads\/2026\/04\/palace-4_2026-04-18_19-24-48.webp.webp?fit=1200%2C675&ssl=1&resize=350%2C200 1x, https:\/\/i0.wp.com\/noticiasribeiraopreto.com.br\/wp-content\/uploads\/2026\/04\/palace-4_2026-04-18_19-24-48.webp.webp?fit=1200%2C675&ssl=1&resize=525%2C300 1.5x, https:\/\/i0.wp.com\/noticiasribeiraopreto.com.br\/wp-content\/uploads\/2026\/04\/palace-4_2026-04-18_19-24-48.webp.webp?fit=1200%2C675&ssl=1&resize=700%2C400 2x, https:\/\/i0.wp.com\/noticiasribeiraopreto.com.br\/wp-content\/uploads\/2026\/04\/palace-4_2026-04-18_19-24-48.webp.webp?fit=1200%2C675&ssl=1&resize=1050%2C600 3x"},"classes":[]},{"id":46030,"url":"https:\/\/noticiasribeiraopreto.com.br\/index.php\/2024\/04\/09\/camera-flagra-batida-de-carro-e-caminhao-na-zona-norte-de-ribeirao-veja-video\/","url_meta":{"origin":80385,"position":3},"title":"C\u00e2mera flagra batida de carro e caminh\u00e3o na zona Norte de Ribeir\u00e3o; Veja v\u00eddeo","author":"noticiasribeiraopreto.com.br","date":"9 de April de 2024","format":false,"excerpt":"Uma batida entre um carro e um caminh\u00e3o deixou uma v\u00edtima na manh\u00e3 desta segunda-feira (8), no cruzamento das ruas Petr\u00f3polis e Jardin\u00f3polis, na Vila Brasil, zona Norte de Ribeir\u00e3o Preto. Segundo o boletim de ocorr\u00eancia (BO), o motorista do carro, de 33 anos, teria ficado preso nas ferragens e\u2026","rel":"","context":"In &quot;Not\u00edcias de Ribeir\u00e3o Preto-SP e Regi\u00e3o&quot;","block_context":{"text":"Not\u00edcias de Ribeir\u00e3o Preto-SP e Regi\u00e3o","link":"https:\/\/noticiasribeiraopreto.com.br\/index.php\/category\/noticias-de-ribeirao-preto-sp-e-regiao-ismael-colosi\/"},"img":{"alt_text":"","src":"https:\/\/i0.wp.com\/noticiasribeiraopreto.com.br\/wp-content\/uploads\/2024\/04\/ACDIDENTE.jpg?fit=1200%2C794&ssl=1&resize=350%2C200","width":350,"height":200,"srcset":"https:\/\/i0.wp.com\/noticiasribeiraopreto.com.br\/wp-content\/uploads\/2024\/04\/ACDIDENTE.jpg?fit=1200%2C794&ssl=1&resize=350%2C200 1x, https:\/\/i0.wp.com\/noticiasribeiraopreto.com.br\/wp-content\/uploads\/2024\/04\/ACDIDENTE.jpg?fit=1200%2C794&ssl=1&resize=525%2C300 1.5x, https:\/\/i0.wp.com\/noticiasribeiraopreto.com.br\/wp-content\/uploads\/2024\/04\/ACDIDENTE.jpg?fit=1200%2C794&ssl=1&resize=700%2C400 2x, https:\/\/i0.wp.com\/noticiasribeiraopreto.com.br\/wp-content\/uploads\/2024\/04\/ACDIDENTE.jpg?fit=1200%2C794&ssl=1&resize=1050%2C600 3x"},"classes":[]},{"id":71302,"url":"https:\/\/noticiasribeiraopreto.com.br\/index.php\/2025\/06\/04\/carro-pega-fogo-na-zona-norte-de-ribeirao-preto-veja-video\/","url_meta":{"origin":80385,"position":4},"title":"Carro pega fogo na zona Norte de Ribeir\u00e3o Preto; veja v\u00eddeo","author":"noticiasribeiraopreto.com.br","date":"4 de June de 2025","format":false,"excerpt":"Um carro pegou fogo na tarde desta quarta-feira (4) na rua Fl\u00e1vio Uchoa, no bairro Campos El\u00edseos, em Ribeir\u00e3o Preto. O ve\u00edculo estava estacionado pr\u00f3ximo a escola Dom Alberto Jos\u00e9 Gon\u00e7alves. O Corpo de Bombeiros foi acionado e controlou as chamas no local. A \u00e1rea foi isolada durante a atua\u00e7\u00e3o\u2026","rel":"","context":"In &quot;Not\u00edcias de Ribeir\u00e3o Preto-SP e Regi\u00e3o&quot;","block_context":{"text":"Not\u00edcias de Ribeir\u00e3o Preto-SP e Regi\u00e3o","link":"https:\/\/noticiasribeiraopreto.com.br\/index.php\/category\/noticias-de-ribeirao-preto-sp-e-regiao-ismael-colosi\/"},"img":{"alt_text":"","src":"https:\/\/i0.wp.com\/noticiasribeiraopreto.com.br\/wp-content\/uploads\/2025\/06\/Copia-de-Copia-de-Copia-de-TAMANHO-EXATO-PARA-FOTOS-NO-SISTEMA-NOVO-2025-06-04T182402.595_2025-06-04_21-24-13.webp.webp?fit=1200%2C675&ssl=1&resize=350%2C200","width":350,"height":200,"srcset":"https:\/\/i0.wp.com\/noticiasribeiraopreto.com.br\/wp-content\/uploads\/2025\/06\/Copia-de-Copia-de-Copia-de-TAMANHO-EXATO-PARA-FOTOS-NO-SISTEMA-NOVO-2025-06-04T182402.595_2025-06-04_21-24-13.webp.webp?fit=1200%2C675&ssl=1&resize=350%2C200 1x, https:\/\/i0.wp.com\/noticiasribeiraopreto.com.br\/wp-content\/uploads\/2025\/06\/Copia-de-Copia-de-Copia-de-TAMANHO-EXATO-PARA-FOTOS-NO-SISTEMA-NOVO-2025-06-04T182402.595_2025-06-04_21-24-13.webp.webp?fit=1200%2C675&ssl=1&resize=525%2C300 1.5x, https:\/\/i0.wp.com\/noticiasribeiraopreto.com.br\/wp-content\/uploads\/2025\/06\/Copia-de-Copia-de-Copia-de-TAMANHO-EXATO-PARA-FOTOS-NO-SISTEMA-NOVO-2025-06-04T182402.595_2025-06-04_21-24-13.webp.webp?fit=1200%2C675&ssl=1&resize=700%2C400 2x, https:\/\/i0.wp.com\/noticiasribeiraopreto.com.br\/wp-content\/uploads\/2025\/06\/Copia-de-Copia-de-Copia-de-TAMANHO-EXATO-PARA-FOTOS-NO-SISTEMA-NOVO-2025-06-04T182402.595_2025-06-04_21-24-13.webp.webp?fit=1200%2C675&ssl=1&resize=1050%2C600 3x"},"classes":[]},{"id":75261,"url":"https:\/\/noticiasribeiraopreto.com.br\/index.php\/2025\/08\/06\/carro-roubado-e-encontrado-em-chamas-em-canavial-de-ribeirao-preto-video\/","url_meta":{"origin":80385,"position":5},"title":"Carro roubado \u00e9 encontrado em chamas em canavial de Ribeir\u00e3o Preto; V\u00eddeo","author":"noticiasribeiraopreto.com.br","date":"6 de August de 2025","format":false,"excerpt":"Um carro foi encontrado em chamas na manh\u00e3 desta quarta-feira (6), em meio a um canavial nas proximidades do Portal dos Ip\u00eas, zona Leste de Ribeir\u00e3o Preto. Assista ao v\u00eddeo abaixo. Segundo a GCM (Guarda Civil Metropolitana), o ve\u00edculo, que seria um Hyundai Elantra prata, tem queixa de roubo e\u2026","rel":"","context":"In &quot;Not\u00edcias de Ribeir\u00e3o Preto-SP e Regi\u00e3o&quot;","block_context":{"text":"Not\u00edcias de Ribeir\u00e3o Preto-SP e Regi\u00e3o","link":"https:\/\/noticiasribeiraopreto.com.br\/index.php\/category\/noticias-de-ribeirao-preto-sp-e-regiao-ismael-colosi\/"},"img":{"alt_text":"","src":"https:\/\/i0.wp.com\/noticiasribeiraopreto.com.br\/wp-content\/uploads\/2025\/08\/CARRO_2025-08-06_12-05-20.webp.webp?fit=1200%2C912&ssl=1&resize=350%2C200","width":350,"height":200,"srcset":"https:\/\/i0.wp.com\/noticiasribeiraopreto.com.br\/wp-content\/uploads\/2025\/08\/CARRO_2025-08-06_12-05-20.webp.webp?fit=1200%2C912&ssl=1&resize=350%2C200 1x, https:\/\/i0.wp.com\/noticiasribeiraopreto.com.br\/wp-content\/uploads\/2025\/08\/CARRO_2025-08-06_12-05-20.webp.webp?fit=1200%2C912&ssl=1&resize=525%2C300 1.5x, https:\/\/i0.wp.com\/noticiasribeiraopreto.com.br\/wp-content\/uploads\/2025\/08\/CARRO_2025-08-06_12-05-20.webp.webp?fit=1200%2C912&ssl=1&resize=700%2C400 2x, https:\/\/i0.wp.com\/noticiasribeiraopreto.com.br\/wp-content\/uploads\/2025\/08\/CARRO_2025-08-06_12-05-20.webp.webp?fit=1200%2C912&ssl=1&resize=1050%2C600 3x"},"classes":[]}],"jetpack_sharing_enabled":true,"jetpack_shortlink":"https:\/\/wp.me\/peQAOb-kUx","_links":{"self":[{"href":"https:\/\/noticiasribeiraopreto.com.br\/index.php\/wp-json\/wp\/v2\/posts\/80385","targetHints":{"allow":["GET"]}}],"collection":[{"href":"https:\/\/noticiasribeiraopreto.com.br\/index.php\/wp-json\/wp\/v2\/posts"}],"about":[{"href":"https:\/\/noticiasribeiraopreto.com.br\/index.php\/wp-json\/wp\/v2\/types\/post"}],"author":[{"embeddable":true,"href":"https:\/\/noticiasribeiraopreto.com.br\/index.php\/wp-json\/wp\/v2\/users\/1"}],"replies":[{"embeddable":true,"href":"https:\/\/noticiasribeiraopreto.com.br\/index.php\/wp-json\/wp\/v2\/comments?post=80385"}],"version-history":[{"count":0,"href":"https:\/\/noticiasribeiraopreto.com.br\/index.php\/wp-json\/wp\/v2\/posts\/80385\/revisions"}],"wp:featuredmedia":[{"embeddable":true,"href":"https:\/\/noticiasribeiraopreto.com.br\/index.php\/wp-json\/wp\/v2\/media\/80386"}],"wp:attachment":[{"href":"https:\/\/noticiasribeiraopreto.com.br\/index.php\/wp-json\/wp\/v2\/media?parent=80385"}],"wp:term":[{"taxonomy":"category","embeddable":true,"href":"https:\/\/noticiasribeiraopreto.com.br\/index.php\/wp-json\/wp\/v2\/categories?post=80385"},{"taxonomy":"post_tag","embeddable":true,"href":"https:\/\/noticiasribeiraopreto.com.br\/index.php\/wp-json\/wp\/v2\/tags?post=80385"}],"curies":[{"name":"wp","href":"https:\/\/api.w.org\/{rel}","templated":true}]}}