{"id":80387,"date":"2025-12-03T09:29:53","date_gmt":"2025-12-03T12:29:53","guid":{"rendered":"https:\/\/noticiasribeiraopreto.com.br\/index.php\/2025\/12\/03\/video-acusados-de-roubos-sao-detidos-na-regiao\/"},"modified":"2025-12-03T09:29:53","modified_gmt":"2025-12-03T12:29:53","slug":"video-acusados-de-roubos-sao-detidos-na-regiao","status":"publish","type":"post","link":"https:\/\/noticiasribeiraopreto.com.br\/index.php\/2025\/12\/03\/video-acusados-de-roubos-sao-detidos-na-regiao\/","title":{"rendered":"V\u00cdDEO &#8211; Acusados de roubos s\u00e3o detidos na regi\u00e3o"},"content":{"rendered":"<div class='code-block code-block-1' style='margin: 8px 0 8px auto; text-align: right; display: block; clear: both;'>\n<p><a href=\"https:\/\/wa.link\/vpicfd\"><img data-recalc-dims=\"1\" class=\"wp-image-4922\" style=\"aspect-ratio: 2.0253164556962027; width: 561px; height: auto;\" src=\"https:\/\/i0.wp.com\/ismaelcolosi.com.br\/wp-content\/uploads\/2023\/11\/grupo-de-empregos-whatsapp-e-facebook-ismael-colosi-vagas.jpg?ssl=1\" alt=\"\" \/><\/a><\/p>\n<!-- \/wp:image -->\n<\/div>\n<p> <br \/>\n<\/p>\n<div id=\"post-447885\">&#13;<br \/>\n&#13;<\/p>\n<header class=\"entry-header penci-entry-header penci-title-center\">&#13;<\/p>\n<h2 class=\"penci-post-subtitle\">Grupo teria assaltado loja de celulares e furtado moto, divulgando o \u201cfeito\u201d em redes sociais<\/h2>\n<p>&#13;<\/p>\n<p>&#13;<br \/>\n\t\t\t\t\t\t\t\t\t<span class=\"entry-meta-item penci-posted-on\"><i class=\"fa fa-clock-o\"\/><time class=\"entry-date published\" datetime=\"2025-12-02T13:14:53-03:00\">2 de dezembro de 2025 13:14<\/time><time class=\"updated\" datetime=\"2025-12-02T13:34:34-03:00\">2 de dezembro de 2025 13:34<\/time><\/span><span class=\"entry-meta-item penci-post-countview\"\/>\t\t\t\t\t\t\t\t<\/p>\n<p><!-- .entry-meta -->&#13;<br \/>\n\t\t\t\t\t\t\t\t<span class=\"penci-social-buttons penci-social-share-footer\"><span class=\"penci-social-share-text\">Compartilhar<\/span><a href=\"#\" class=\"penci-post-like penci_post-meta_item  single-like-button penci-social-item like\" data-post_id=\"447885\" title=\"Like\" data-like=\"Like\" data-unlike=\"Unlike\"><i class=\"fa fa-thumbs-o-up\"\/><span class=\"penci-share-number\">2<\/span><\/a><i class=\"fa fa-facebook\"\/><a class=\"penci-social-item twitter\" target=\"_blank\" rel=\"noopener\" title=\"\" href=\"https:\/\/twitter.com\/intent\/tweet?text=V\u00cdDEO%20-%20Acusados%20de%20roubos%20s\u00e3o%20detidos%20na%20regi\u00e3o%20-%20https:\/\/www.tribunaribeirao.com.br\/video-acusados-de-roubos-sao-detidos-na-regiao\/\"><i class=\"fa fa-twitter\"\/><\/a><i class=\"fa fa-linkedin\"\/><i class=\"fa fa-whatsapp\"\/><i class=\"fa fa-telegram\"\/><i class=\"fa fa-envelope\"\/><\/span>\t\t\t\t\t\t\t<\/header>\n<p><!-- .entry-header -->&#13;<\/p>\n<div class=\"entry-media penci-entry-media\">\n<p><iframe loading=\"lazy\" title=\"Roubo Serrana\" width=\"500\" height=\"281\" src=\"https:\/\/www.youtube.com\/embed\/Y3wO4v-Yuow?feature=oembed\" frameborder=\"0\" allow=\"accelerometer; autoplay; clipboard-write; encrypted-media; gyroscope; picture-in-picture; web-share\" referrerpolicy=\"strict-origin-when-cross-origin\" allowfullscreen><\/iframe><\/p>\n<\/p><\/div>\n<div class=\"penci-entry-content entry-content\">\n<p>Por: Adalberto Luque<\/p>\n<p>Dois homens foram presos e dois adolescentes apreendidos, na manh\u00e3 desta ter\u00e7a-feira (2), por furtos e roubos. Eles foram localizados pela Pol\u00edcia Militar em Serrana, cidade da regi\u00e3o metropolitana de Ribeir\u00e3o Preto.<\/p>\n<p>O grupo teria furtado uma motocicleta e roubado uma loja de equipamentos eletr\u00f4nicos e celulares na cidade. Eles foram encontrados pela PM em uma \u00e1rea de mata na cidade. Estavam com a moto, que chegaram a divulgar v\u00eddeos em redes sociais ostentando o crime e desafiando o dono a procur\u00e1-los para tentar recuperar o ve\u00edculo.<\/p>\n<figure id=\"attachment_447887\" aria-describedby=\"caption-attachment-447887\" style=\"width: 744px\" class=\"wp-caption alignnone\"><img data-recalc-dims=\"1\" loading=\"lazy\" decoding=\"async\" class=\"wp-image-447887 lazyload\" src=\"https:\/\/i0.wp.com\/www.tribunaribeirao.com.br\/wp-content\/uploads\/2025\/12\/02-dez-2025-assaltantesserrana2.jpg?resize=744%2C1302&#038;ssl=1\" alt=\"\" width=\"744\" height=\"1302\" srcset=\"https:\/\/www.tribunaribeirao.com.br\/wp-content\/uploads\/2025\/12\/02-dez-2025-assaltantesserrana2.jpg 446w, https:\/\/www.tribunaribeirao.com.br\/wp-content\/uploads\/2025\/12\/02-dez-2025-assaltantesserrana2-171x300.jpg 171w, https:\/\/www.tribunaribeirao.com.br\/wp-content\/uploads\/2025\/12\/02-dez-2025-assaltantesserrana2-229x400.jpg 229w\" data-sizes=\"(max-width: 744px) 100vw, 744px\" style=\"--smush-placeholder-width: 744px; --smush-placeholder-aspect-ratio: 744\/1302;\"\/><figcaption id=\"caption-attachment-447887\" class=\"wp-caption-text\">Ladr\u00f5es eram exibicionistas e publicaram furto em redes sociais (Foto: Divulga\u00e7\u00e3o)<\/figcaption><\/figure>\n<p>Na noite de domingo, dois dos detidos roubou uma loja de eletr\u00f4nicos e celulares em Serrana. Imagens de c\u00e2meras de seguran\u00e7a registraram a a\u00e7\u00e3o criminosa. Dois deles entraram com capuzes e armados.<\/p>\n<p>Durante todo o tempo, amea\u00e7aram clientes e funcion\u00e1rios da loja. Levaram diversos aparelhos celulares, inclusive o de um cliente. Durante a pris\u00e3o, celulares foram apreendidos.<\/p>\n<p>Os PMs tamb\u00e9m encontraram por\u00e7\u00f5es de drogas. Os quatro foram levados para a Delegacia de Serrana, ficando \u00e0 disposi\u00e7\u00e3o da Justi\u00e7a.<\/p>\n<\/div>\n<p><!-- .entry-content -->&#13;<br \/>\n&#13;<\/p>\n<footer class=\"penci-entry-footer\">&#13;<br \/>\n\t\t\t\t\t\t\t\t<span class=\"penci-social-buttons penci-social-share-footer\"><span class=\"penci-social-share-text\">Compartilhar<\/span><a href=\"#\" class=\"penci-post-like penci_post-meta_item  single-like-button penci-social-item like\" data-post_id=\"447885\" title=\"Like\" data-like=\"Like\" data-unlike=\"Unlike\"><i class=\"fa fa-thumbs-o-up\"\/><span class=\"penci-share-number\">2<\/span><\/a><i class=\"fa fa-facebook\"\/><a class=\"penci-social-item twitter\" target=\"_blank\" rel=\"noopener\" title=\"\" href=\"https:\/\/twitter.com\/intent\/tweet?text=V\u00cdDEO%20-%20Acusados%20de%20roubos%20s\u00e3o%20detidos%20na%20regi\u00e3o%20-%20https:\/\/www.tribunaribeirao.com.br\/video-acusados-de-roubos-sao-detidos-na-regiao\/\"><i class=\"fa fa-twitter\"\/><\/a><i class=\"fa fa-linkedin\"\/><i class=\"fa fa-whatsapp\"\/><i class=\"fa fa-telegram\"\/><i class=\"fa fa-envelope\"\/><\/span>\t\t\t\t\t\t\t<\/footer>\n<p><!-- .entry-footer -->&#13;\n\t\t\t\t\t\t<\/div>\n<p><script async src=\"\/\/platform.twitter.com\/widgets.js\" charset=\"utf-8\"><\/script><br \/>\n<br \/><br \/>\n<br \/><a href=\"https:\/\/www.tribunaribeirao.com.br\/video-acusados-de-roubos-sao-detidos-na-regiao\/\">Source link <\/a><\/p>\n<!-- CONTENT END 1 -->\n","protected":false},"excerpt":{"rendered":"<p>&#13; &#13; &#13; Grupo teria assaltado loja de celulares e furtado moto, divulgando o \u201cfeito\u201d em redes sociais &#13; &#13; 2 de dezembro de 2025&#8230;<\/p>\n","protected":false},"author":1,"featured_media":80389,"comment_status":"open","ping_status":"open","sticky":false,"template":"","format":"standard","meta":{"advanced_seo_description":"","jetpack_seo_html_title":"","jetpack_seo_noindex":false,"jetpack_post_was_ever_published":false,"_jetpack_newsletter_access":"","_jetpack_dont_email_post_to_subs":false,"_jetpack_newsletter_tier_id":0,"_jetpack_memberships_contains_paywalled_content":false,"_jetpack_memberships_contains_paid_content":false,"footnotes":"","jetpack_publicize_message":"","jetpack_publicize_feature_enabled":true,"jetpack_social_post_already_shared":true,"jetpack_social_options":{"image_generator_settings":{"template":"highway","default_image_id":0,"font":"","enabled":false},"version":2}},"categories":[11],"tags":[],"class_list":["post-80387","post","type-post","status-publish","format-standard","has-post-thumbnail","hentry","category-noticias-de-ribeirao-preto-sp-e-regiao-ismael-colosi"],"jetpack_publicize_connections":[],"jetpack_featured_media_url":"https:\/\/i0.wp.com\/noticiasribeiraopreto.com.br\/wp-content\/uploads\/2025\/12\/02-dez-2025-assaltantesserrana1-scaled.jpg?fit=1200%2C675&ssl=1","jetpack-related-posts":[{"id":60832,"url":"https:\/\/noticiasribeiraopreto.com.br\/index.php\/2024\/11\/26\/confira-o-trajeto-da-caravana-de-natal-da-coca-cola-em-ribeirao-preto\/","url_meta":{"origin":80387,"position":0},"title":"Confira o trajeto da Caravana de Natal da Coca-Cola em Ribeir\u00e3o Preto","author":"noticiasribeiraopreto.com.br","date":"26 de November de 2024","format":false,"excerpt":"A Caravana de Natal da Coca-Cola vai passar em Ribeir\u00e3o Preto entre os dias 1, 13 e 22 de dezembro. Os caminh\u00f5es decorados, iluminados e com o Papai Noel sair\u00e3o de pontos espec\u00edficos da cidade e percorreram diversos bairros. Com o tema \u201cDesperte o Papai Noel que h\u00e1 em Voc\u00ea\u201d,\u2026","rel":"","context":"In &quot;Not\u00edcias de Ribeir\u00e3o Preto-SP e Regi\u00e3o&quot;","block_context":{"text":"Not\u00edcias de Ribeir\u00e3o Preto-SP e Regi\u00e3o","link":"https:\/\/noticiasribeiraopreto.com.br\/index.php\/category\/noticias-de-ribeirao-preto-sp-e-regiao-ismael-colosi\/"},"img":{"alt_text":"","src":"https:\/\/i0.wp.com\/noticiasribeiraopreto.com.br\/wp-content\/uploads\/2024\/11\/carreata_natal_1024x576_20122019154323.jpg?fit=1024%2C576&ssl=1&resize=350%2C200","width":350,"height":200,"srcset":"https:\/\/i0.wp.com\/noticiasribeiraopreto.com.br\/wp-content\/uploads\/2024\/11\/carreata_natal_1024x576_20122019154323.jpg?fit=1024%2C576&ssl=1&resize=350%2C200 1x, https:\/\/i0.wp.com\/noticiasribeiraopreto.com.br\/wp-content\/uploads\/2024\/11\/carreata_natal_1024x576_20122019154323.jpg?fit=1024%2C576&ssl=1&resize=525%2C300 1.5x, https:\/\/i0.wp.com\/noticiasribeiraopreto.com.br\/wp-content\/uploads\/2024\/11\/carreata_natal_1024x576_20122019154323.jpg?fit=1024%2C576&ssl=1&resize=700%2C400 2x"},"classes":[]},{"id":60968,"url":"https:\/\/noticiasribeiraopreto.com.br\/index.php\/2024\/11\/30\/veja-como-foi-a-chegada-do-papai-noel-ao-centro-de-ribeirao-preto-video\/","url_meta":{"origin":80387,"position":1},"title":"Veja como foi a chegada do Papai Noel ao Centro de Ribeir\u00e3o Preto; V\u00eddeo","author":"noticiasribeiraopreto.com.br","date":"30 de November de 2024","format":false,"excerpt":"O Papai Noel chegou ao Centro de Ribeir\u00e3o Preto na manh\u00e3 deste s\u00e1bado (30) com a inaugura\u00e7\u00e3o da decora\u00e7\u00e3o natalina \u2013 veja o v\u00eddeo abaixo. O Bom Velhinho poder\u00e1 ser visitado no Centro Cultural Palace, de segunda a sexta-feira, das 15h \u00e0s 21h (com entrada at\u00e9 20h), e aos s\u00e1bados\u2026","rel":"","context":"In &quot;Not\u00edcias de Ribeir\u00e3o Preto-SP e Regi\u00e3o&quot;","block_context":{"text":"Not\u00edcias de Ribeir\u00e3o Preto-SP e Regi\u00e3o","link":"https:\/\/noticiasribeiraopreto.com.br\/index.php\/category\/noticias-de-ribeirao-preto-sp-e-regiao-ismael-colosi\/"},"img":{"alt_text":"","src":"https:\/\/i0.wp.com\/noticiasribeiraopreto.com.br\/wp-content\/uploads\/2024\/11\/papai-noel_2024-11-30_14-26-03_jpg_2024-11-30_14-26-03.webp.webp?fit=1195%2C858&ssl=1&resize=350%2C200","width":350,"height":200,"srcset":"https:\/\/i0.wp.com\/noticiasribeiraopreto.com.br\/wp-content\/uploads\/2024\/11\/papai-noel_2024-11-30_14-26-03_jpg_2024-11-30_14-26-03.webp.webp?fit=1195%2C858&ssl=1&resize=350%2C200 1x, https:\/\/i0.wp.com\/noticiasribeiraopreto.com.br\/wp-content\/uploads\/2024\/11\/papai-noel_2024-11-30_14-26-03_jpg_2024-11-30_14-26-03.webp.webp?fit=1195%2C858&ssl=1&resize=525%2C300 1.5x, https:\/\/i0.wp.com\/noticiasribeiraopreto.com.br\/wp-content\/uploads\/2024\/11\/papai-noel_2024-11-30_14-26-03_jpg_2024-11-30_14-26-03.webp.webp?fit=1195%2C858&ssl=1&resize=700%2C400 2x, https:\/\/i0.wp.com\/noticiasribeiraopreto.com.br\/wp-content\/uploads\/2024\/11\/papai-noel_2024-11-30_14-26-03_jpg_2024-11-30_14-26-03.webp.webp?fit=1195%2C858&ssl=1&resize=1050%2C600 3x"},"classes":[]},{"id":60676,"url":"https:\/\/noticiasribeiraopreto.com.br\/index.php\/2024\/11\/21\/confira-os-bairros-que-o-papai-noel-vai-visitar-em-ribeirao-preto\/","url_meta":{"origin":80387,"position":2},"title":"Confira os bairros que o Papai Noel vai visitar em Ribeir\u00e3o Preto","author":"noticiasribeiraopreto.com.br","date":"21 de November de 2024","format":false,"excerpt":"O final de novembro marca o in\u00edcio do Natal em Ribeir\u00e3o Preto, com a chegada do Papai Noel ao Centro do munic\u00edpio e inaugura\u00e7\u00e3o da ilumina\u00e7\u00e3o especial de final de ano. Al\u00e9m de fazer a alegria dos pequenos e no Centro Cultural Palace, localizado no cruzamento das ruas \u00c1lvares de\u2026","rel":"","context":"In &quot;Not\u00edcias de Ribeir\u00e3o Preto-SP e Regi\u00e3o&quot;","block_context":{"text":"Not\u00edcias de Ribeir\u00e3o Preto-SP e Regi\u00e3o","link":"https:\/\/noticiasribeiraopreto.com.br\/index.php\/category\/noticias-de-ribeirao-preto-sp-e-regiao-ismael-colosi\/"},"img":{"alt_text":"","src":"https:\/\/i0.wp.com\/noticiasribeiraopreto.com.br\/wp-content\/uploads\/2024\/11\/5I6A6795-scaled-1.jpg?fit=1200%2C800&ssl=1&resize=350%2C200","width":350,"height":200,"srcset":"https:\/\/i0.wp.com\/noticiasribeiraopreto.com.br\/wp-content\/uploads\/2024\/11\/5I6A6795-scaled-1.jpg?fit=1200%2C800&ssl=1&resize=350%2C200 1x, https:\/\/i0.wp.com\/noticiasribeiraopreto.com.br\/wp-content\/uploads\/2024\/11\/5I6A6795-scaled-1.jpg?fit=1200%2C800&ssl=1&resize=525%2C300 1.5x, https:\/\/i0.wp.com\/noticiasribeiraopreto.com.br\/wp-content\/uploads\/2024\/11\/5I6A6795-scaled-1.jpg?fit=1200%2C800&ssl=1&resize=700%2C400 2x, https:\/\/i0.wp.com\/noticiasribeiraopreto.com.br\/wp-content\/uploads\/2024\/11\/5I6A6795-scaled-1.jpg?fit=1200%2C800&ssl=1&resize=1050%2C600 3x"},"classes":[]},{"id":61477,"url":"https:\/\/noticiasribeiraopreto.com.br\/index.php\/2024\/12\/13\/caravana-da-coca-cola-passa-por-ribeirao-nesta-sexta-feira-veja-o-trajeto\/","url_meta":{"origin":80387,"position":3},"title":"Caravana da Coca-Cola passa por Ribeir\u00e3o nesta sexta-feira; Veja o trajeto","author":"noticiasribeiraopreto.com.br","date":"13 de December de 2024","format":false,"excerpt":"A Caravana da Coca-Cola retorna para Ribeir\u00e3o Preto nesta sexta-feira (13). Os caminh\u00f5es decorados, iluminados e com o Papai Noel sair\u00e3o de pontos espec\u00edficos da cidade e percorreram diversos bairros \u2013 veja o trajeto abaixo. Com o tema \u201cDesperte o Papai Noel que h\u00e1 em Voc\u00ea\u201d, o desfile acontece todos\u2026","rel":"","context":"In &quot;Not\u00edcias de Ribeir\u00e3o Preto-SP e Regi\u00e3o&quot;","block_context":{"text":"Not\u00edcias de Ribeir\u00e3o Preto-SP e Regi\u00e3o","link":"https:\/\/noticiasribeiraopreto.com.br\/index.php\/category\/noticias-de-ribeirao-preto-sp-e-regiao-ismael-colosi\/"},"img":{"alt_text":"","src":"https:\/\/i0.wp.com\/noticiasribeiraopreto.com.br\/wp-content\/uploads\/2024\/12\/carreata-coca-cola.jpg?fit=1200%2C675&ssl=1&resize=350%2C200","width":350,"height":200,"srcset":"https:\/\/i0.wp.com\/noticiasribeiraopreto.com.br\/wp-content\/uploads\/2024\/12\/carreata-coca-cola.jpg?fit=1200%2C675&ssl=1&resize=350%2C200 1x, https:\/\/i0.wp.com\/noticiasribeiraopreto.com.br\/wp-content\/uploads\/2024\/12\/carreata-coca-cola.jpg?fit=1200%2C675&ssl=1&resize=525%2C300 1.5x, https:\/\/i0.wp.com\/noticiasribeiraopreto.com.br\/wp-content\/uploads\/2024\/12\/carreata-coca-cola.jpg?fit=1200%2C675&ssl=1&resize=700%2C400 2x, https:\/\/i0.wp.com\/noticiasribeiraopreto.com.br\/wp-content\/uploads\/2024\/12\/carreata-coca-cola.jpg?fit=1200%2C675&ssl=1&resize=1050%2C600 3x"},"classes":[]},{"id":60918,"url":"https:\/\/noticiasribeiraopreto.com.br\/index.php\/2024\/11\/28\/tudo-sobre-a-caravana-de-natal-que-passa-por-ribeirao-no-final-de-semana\/","url_meta":{"origin":80387,"position":4},"title":"Tudo sobre a caravana de Natal que passa por Ribeir\u00e3o no final de semana","author":"noticiasribeiraopreto.com.br","date":"28 de November de 2024","format":false,"excerpt":"A Caravana de Natal da Coca-Cola estar\u00e1 em Ribeir\u00e3o Preto em tr\u00eas datas especiais: 1\u00ba, 13 e 22 de dezembro. Os tradicionais caminh\u00f5es iluminados, decorados e acompanhados pelo Papai Noel ir\u00e3o percorrer diferentes bairros da cidade, levando a magia do Natal para todos. Com o tema \u201cDesperte o Papai Noel\u2026","rel":"","context":"In &quot;Not\u00edcias de Ribeir\u00e3o Preto-SP e Regi\u00e3o&quot;","block_context":{"text":"Not\u00edcias de Ribeir\u00e3o Preto-SP e Regi\u00e3o","link":"https:\/\/noticiasribeiraopreto.com.br\/index.php\/category\/noticias-de-ribeirao-preto-sp-e-regiao-ismael-colosi\/"},"img":{"alt_text":"","src":"https:\/\/i0.wp.com\/noticiasribeiraopreto.com.br\/wp-content\/uploads\/2024\/11\/WhatsApp-Image-2023-12-12-at-13.31.51-1.jpeg?fit=1080%2C722&ssl=1&resize=350%2C200","width":350,"height":200,"srcset":"https:\/\/i0.wp.com\/noticiasribeiraopreto.com.br\/wp-content\/uploads\/2024\/11\/WhatsApp-Image-2023-12-12-at-13.31.51-1.jpeg?fit=1080%2C722&ssl=1&resize=350%2C200 1x, https:\/\/i0.wp.com\/noticiasribeiraopreto.com.br\/wp-content\/uploads\/2024\/11\/WhatsApp-Image-2023-12-12-at-13.31.51-1.jpeg?fit=1080%2C722&ssl=1&resize=525%2C300 1.5x, https:\/\/i0.wp.com\/noticiasribeiraopreto.com.br\/wp-content\/uploads\/2024\/11\/WhatsApp-Image-2023-12-12-at-13.31.51-1.jpeg?fit=1080%2C722&ssl=1&resize=700%2C400 2x, https:\/\/i0.wp.com\/noticiasribeiraopreto.com.br\/wp-content\/uploads\/2024\/11\/WhatsApp-Image-2023-12-12-at-13.31.51-1.jpeg?fit=1080%2C722&ssl=1&resize=1050%2C600 3x"},"classes":[]},{"id":61488,"url":"https:\/\/noticiasribeiraopreto.com.br\/index.php\/2024\/12\/13\/natal-luz-confira-a-programacao-deste-fim-de-semana-em-ribeirao-preto\/","url_meta":{"origin":80387,"position":5},"title":"Natal Luz: Confira a programa\u00e7\u00e3o deste fim de semana em Ribeir\u00e3o Preto","author":"noticiasribeiraopreto.com.br","date":"13 de December de 2024","format":false,"excerpt":"O\u00a0Natal Luz,\u00a0promove diversas atividades gratuitas, em\u00a0Ribeir\u00e3o Preto,\u00a0durante todo o m\u00eas de dezembro.\u00a0A programa\u00e7\u00e3o vai at\u00e9 o dia 23 de dezembro e oferece op\u00e7\u00f5es para todos os gostos e idades, com destaque para apresenta\u00e7\u00f5es musicais e a tradicional visita\u00e7\u00e3o ao Papai Noel. Confira os principais eventos deste fim de semana: Caravana\u2026","rel":"","context":"In &quot;Not\u00edcias de Ribeir\u00e3o Preto-SP e Regi\u00e3o&quot;","block_context":{"text":"Not\u00edcias de Ribeir\u00e3o Preto-SP e Regi\u00e3o","link":"https:\/\/noticiasribeiraopreto.com.br\/index.php\/category\/noticias-de-ribeirao-preto-sp-e-regiao-ismael-colosi\/"},"img":{"alt_text":"","src":"https:\/\/i0.wp.com\/noticiasribeiraopreto.com.br\/wp-content\/uploads\/2024\/11\/papai-noel_2024-11-30_14-26-03_jpg_2024-11-30_14-26-03.webp.webp?fit=1195%2C858&ssl=1&resize=350%2C200","width":350,"height":200,"srcset":"https:\/\/i0.wp.com\/noticiasribeiraopreto.com.br\/wp-content\/uploads\/2024\/11\/papai-noel_2024-11-30_14-26-03_jpg_2024-11-30_14-26-03.webp.webp?fit=1195%2C858&ssl=1&resize=350%2C200 1x, https:\/\/i0.wp.com\/noticiasribeiraopreto.com.br\/wp-content\/uploads\/2024\/11\/papai-noel_2024-11-30_14-26-03_jpg_2024-11-30_14-26-03.webp.webp?fit=1195%2C858&ssl=1&resize=525%2C300 1.5x, https:\/\/i0.wp.com\/noticiasribeiraopreto.com.br\/wp-content\/uploads\/2024\/11\/papai-noel_2024-11-30_14-26-03_jpg_2024-11-30_14-26-03.webp.webp?fit=1195%2C858&ssl=1&resize=700%2C400 2x, https:\/\/i0.wp.com\/noticiasribeiraopreto.com.br\/wp-content\/uploads\/2024\/11\/papai-noel_2024-11-30_14-26-03_jpg_2024-11-30_14-26-03.webp.webp?fit=1195%2C858&ssl=1&resize=1050%2C600 3x"},"classes":[]}],"jetpack_sharing_enabled":true,"jetpack_shortlink":"https:\/\/wp.me\/peQAOb-kUz","_links":{"self":[{"href":"https:\/\/noticiasribeiraopreto.com.br\/index.php\/wp-json\/wp\/v2\/posts\/80387","targetHints":{"allow":["GET"]}}],"collection":[{"href":"https:\/\/noticiasribeiraopreto.com.br\/index.php\/wp-json\/wp\/v2\/posts"}],"about":[{"href":"https:\/\/noticiasribeiraopreto.com.br\/index.php\/wp-json\/wp\/v2\/types\/post"}],"author":[{"embeddable":true,"href":"https:\/\/noticiasribeiraopreto.com.br\/index.php\/wp-json\/wp\/v2\/users\/1"}],"replies":[{"embeddable":true,"href":"https:\/\/noticiasribeiraopreto.com.br\/index.php\/wp-json\/wp\/v2\/comments?post=80387"}],"version-history":[{"count":0,"href":"https:\/\/noticiasribeiraopreto.com.br\/index.php\/wp-json\/wp\/v2\/posts\/80387\/revisions"}],"wp:featuredmedia":[{"embeddable":true,"href":"https:\/\/noticiasribeiraopreto.com.br\/index.php\/wp-json\/wp\/v2\/media\/80389"}],"wp:attachment":[{"href":"https:\/\/noticiasribeiraopreto.com.br\/index.php\/wp-json\/wp\/v2\/media?parent=80387"}],"wp:term":[{"taxonomy":"category","embeddable":true,"href":"https:\/\/noticiasribeiraopreto.com.br\/index.php\/wp-json\/wp\/v2\/categories?post=80387"},{"taxonomy":"post_tag","embeddable":true,"href":"https:\/\/noticiasribeiraopreto.com.br\/index.php\/wp-json\/wp\/v2\/tags?post=80387"}],"curies":[{"name":"wp","href":"https:\/\/api.w.org\/{rel}","templated":true}]}}