{"id":80390,"date":"2025-12-03T09:33:19","date_gmt":"2025-12-03T12:33:19","guid":{"rendered":"https:\/\/noticiasribeiraopreto.com.br\/index.php\/2025\/12\/03\/estado-de-sp-continua-em-alerta-para-tempestades-nesta-quarta-feira\/"},"modified":"2025-12-03T09:33:19","modified_gmt":"2025-12-03T12:33:19","slug":"estado-de-sp-continua-em-alerta-para-tempestades-nesta-quarta-feira","status":"publish","type":"post","link":"https:\/\/noticiasribeiraopreto.com.br\/index.php\/2025\/12\/03\/estado-de-sp-continua-em-alerta-para-tempestades-nesta-quarta-feira\/","title":{"rendered":"Estado de SP continua em alerta para tempestades nesta quarta-feira"},"content":{"rendered":"<div class='code-block code-block-1' style='margin: 8px 0 8px auto; text-align: right; display: block; clear: both;'>\n<p><a href=\"https:\/\/wa.link\/vpicfd\"><img data-recalc-dims=\"1\" class=\"wp-image-4922\" style=\"aspect-ratio: 2.0253164556962027; width: 561px; height: auto;\" src=\"https:\/\/i0.wp.com\/ismaelcolosi.com.br\/wp-content\/uploads\/2023\/11\/grupo-de-empregos-whatsapp-e-facebook-ismael-colosi-vagas.jpg?ssl=1\" alt=\"\" \/><\/a><\/p>\n<!-- \/wp:image -->\n<\/div>\n<p> <br \/>\n<\/p>\n<p><strong>Uma frente fria mant\u00e9m o tempo inst\u00e1vel em todo o estado de S\u00e3o Paulo nesta quarta-feira (3).<\/strong><\/p>\n<p>Segundo a <a href=\"https:\/\/www.climatempo.com.br\/\" data-type=\"link\" data-id=\"https:\/\/www.climatempo.com.br\/\" target=\"_blank\" rel=\"noopener\">Climatempo<\/a>, <mark style=\"background-color:#fcb900\" class=\"has-inline-color has-black-color\">pancadas de chuva est\u00e3o previstas desde a manh\u00e3 no norte, nordeste, leste e litoral, e podem se espalhar para outras \u00e1reas ao longo do dia. No per\u00edodo da tarde, a chuva ganha for\u00e7a e pode ser moderada a forte.<\/mark><\/p>\n<p>A\u00a0Defesa Civil\u00a0emitiu um\u00a0alerta para fortes chuvas no estado de S\u00e3o Paulo. Tamb\u00e9m h\u00e1 alerta laranja emitido pelo <a href=\"https:\/\/portal.inmet.gov.br\/\" data-type=\"link\" data-id=\"https:\/\/portal.inmet.gov.br\/\" target=\"_blank\" rel=\"noopener\">Inmet (Instituto Nacional de Meteorologia)<\/a>, que indica perigo de tempestade. <\/p>\n<p>Est\u00e3o entre as recomenda\u00e7\u00f5es da Defesa Civil evitar \u00e1reas alagadas, n\u00e3o atravessar enxurradas e n\u00e3o se abrigar sob \u00e1rvores durante tempestades.<\/p>\n<h2 class=\"wp-block-heading\"><strong>Veja a previs\u00e3o do tempo em Ribeir\u00e3o Preto:<\/strong><\/h2>\n<ul class=\"wp-block-list\">\n<li><strong>Quarta-feira (3)<\/strong><\/li>\n<\/ul>\n<p>21\u00b0C \/ 28\u00b0C<br \/>Chuva: 7,5 mm \/ 86%<br \/>Umidade do ar: 67% \/ 93%<\/p>\n<ul class=\"wp-block-list\">\n<li><strong>Quinta-feira (4)<\/strong><\/li>\n<\/ul>\n<p>20\u00b0C \/ 29\u00b0C<br \/>Chuva: 2,1 mm \/ 82%<br \/>Umidade do ar: 55% \/ 99%<\/p>\n<ul class=\"wp-block-list\">\n<li><strong>Sexta-feira (5)<\/strong><\/li>\n<\/ul>\n<p>18\u00b0C \/ 31\u00b0C<br \/>Chuva: 0 mm \/ 0%<br \/>Umidade do ar: 43% \/ 88%<\/p>\n<p>Fonte: Climatempo<\/p>\n<p>SAIBA MAIS<\/p>\n<p>Frente fria provoca chuvas fortes e alerta de tempestade em SP; Veja previs\u00e3o<\/p>\n<h3 class=\"wp-block-heading\"><strong>FIQUE ON<\/strong><\/h3>\n<p>Fique ligado em tudo que acontece em Ribeir\u00e3o Preto e regi\u00e3o. Siga os perfis do&nbsp;<strong>acidade on<\/strong>&nbsp;no&nbsp;<a href=\"https:\/\/www.instagram.com\/acidadeonribeirao\" target=\"_blank\" rel=\"noreferrer noopener\">Instagram<\/a>&nbsp;e no&nbsp;<a href=\"https:\/\/www.facebook.com\/acidadeonribeirao\/\" target=\"_blank\" rel=\"noreferrer noopener\">Facebook<\/a>.<\/p>\n<p>Receba not\u00edcias do&nbsp;<strong>acidade on&nbsp;<\/strong>no WhatsApp. Para entrar no grupo,&nbsp;basta<a href=\"https:\/\/chat.whatsapp.com\/I4nieTEMKlf50pJ28aMemC?mode=ac_t\" target=\"_blank\" rel=\"noreferrer noopener\">&nbsp;clicar aqui<\/a>. Ou, acesse o nosso&nbsp;Canal&nbsp;<a href=\"https:\/\/whatsapp.com\/channel\/0029Vb6IQl1JENyAeS57fk2p\" target=\"_blank\" rel=\"noreferrer noopener\">clicando aqui<\/a>.<\/p>\n<p>Fa\u00e7a uma den\u00fancia ou sugira uma reportagem sobre Ribeir\u00e3o Preto e regi\u00e3o pelo WhatsApp: 16 99117 7802.<\/p>\n<p>VEJA TAMB\u00c9M<\/p>\n<p>Qual era a idade do menino que morreu na jaula de leoa?<\/p>\n<p><a href=\"https:\/\/www.cartacapital.com.br\/clima\/sao-paulo-continua-em-alerta-para-fortes-tempestades-no-sabado\/\" target=\"_blank\" rel=\"noopener\"><\/a><\/p>\n<p><a href=\"https:\/\/www.cartacapital.com.br\/clima\/sao-paulo-continua-em-alerta-para-fortes-tempestades-no-sabado\/\" target=\"_blank\" rel=\"noopener\"><\/a><\/p>\n<p><a href=\"https:\/\/www.cartacapital.com.br\/clima\/sao-paulo-continua-em-alerta-para-fortes-tempestades-no-sabado\/\" target=\"_blank\" rel=\"noopener\"><\/a><\/p>\n<p><a href=\"https:\/\/www.cartacapital.com.br\/clima\/sao-paulo-continua-em-alerta-para-fortes-tempestades-no-sabado\/\" target=\"_blank\" rel=\"noopener\"><\/a><\/p>\n<p>O post Estado de SP continua em alerta para tempestades nesta quarta-feira apareceu primeiro em ACidade ON Ribeir\u00e3o Preto.<\/p>\n<p><script async src=\"\/\/www.instagram.com\/embed.js\"><\/script><br \/>\n<br \/><br \/>\n<br \/><a href=\"https:\/\/www.acidadeon.com\/ribeiraopreto\/cotidiano\/estado-de-sp-continua-em-alerta-para-tempestades-nesta-quarta-feira\/\">Source link <\/a><\/p>\n<!-- CONTENT END 1 -->\n","protected":false},"excerpt":{"rendered":"<p>Uma frente fria mant\u00e9m o tempo inst\u00e1vel em todo o estado de S\u00e3o Paulo nesta quarta-feira (3). Segundo a Climatempo, pancadas de chuva est\u00e3o previstas&#8230;<\/p>\n","protected":false},"author":1,"featured_media":74706,"comment_status":"open","ping_status":"open","sticky":false,"template":"","format":"standard","meta":{"advanced_seo_description":"","jetpack_seo_html_title":"","jetpack_seo_noindex":false,"jetpack_post_was_ever_published":false,"_jetpack_newsletter_access":"","_jetpack_dont_email_post_to_subs":false,"_jetpack_newsletter_tier_id":0,"_jetpack_memberships_contains_paywalled_content":false,"_jetpack_memberships_contains_paid_content":false,"footnotes":"","jetpack_publicize_message":"","jetpack_publicize_feature_enabled":true,"jetpack_social_post_already_shared":true,"jetpack_social_options":{"image_generator_settings":{"template":"highway","default_image_id":0,"font":"","enabled":false},"version":2}},"categories":[11],"tags":[],"class_list":["post-80390","post","type-post","status-publish","format-standard","has-post-thumbnail","hentry","category-noticias-de-ribeirao-preto-sp-e-regiao-ismael-colosi"],"jetpack_publicize_connections":[],"jetpack_featured_media_url":"https:\/\/i0.wp.com\/noticiasribeiraopreto.com.br\/wp-content\/uploads\/2025\/07\/WhatsApp-Image-2024-10-15-at-08.25.28_2024-10-15_11-26-55_jpeg_2024-10-15_11-26-55.webp.webp?fit=1600%2C720&ssl=1","jetpack-related-posts":[{"id":65930,"url":"https:\/\/noticiasribeiraopreto.com.br\/index.php\/2025\/03\/26\/defesa-civil-emite-alerta-para-tempestades-em-sao-paulo-regioes-leste-e-campinas-sob-maior-risco\/","url_meta":{"origin":80390,"position":0},"title":"Defesa Civil emite alerta para tempestades em S\u00e3o Paulo: regi\u00f5es leste e Campinas sob maior risco","author":"noticiasribeiraopreto.com.br","date":"26 de March de 2025","format":false,"excerpt":"A Defesa Civil do Estado de S\u00e3o Paulo emitiu um alerta nesta quarta-feira (19) sobre a previs\u00e3o de fortes tempestades que devem atingir o territ\u00f3rio paulista entre hoje e amanh\u00e3 (quinta-feira, 20). A atua\u00e7\u00e3o de uma frente fria na Regi\u00e3o Sudeste est\u00e1 criando condi\u00e7\u00f5es prop\u00edcias para chuvas intensas e rajadas\u2026","rel":"","context":"In &quot;Not\u00edcias de Ribeir\u00e3o Preto-SP e Regi\u00e3o&quot;","block_context":{"text":"Not\u00edcias de Ribeir\u00e3o Preto-SP e Regi\u00e3o","link":"https:\/\/noticiasribeiraopreto.com.br\/index.php\/category\/noticias-de-ribeirao-preto-sp-e-regiao-ismael-colosi\/"},"img":{"alt_text":"","src":"https:\/\/i0.wp.com\/noticiasribeiraopreto.com.br\/wp-content\/uploads\/2025\/03\/chuva_mudanca_tempo_01.webp.webp?fit=1170%2C700&ssl=1&resize=350%2C200","width":350,"height":200,"srcset":"https:\/\/i0.wp.com\/noticiasribeiraopreto.com.br\/wp-content\/uploads\/2025\/03\/chuva_mudanca_tempo_01.webp.webp?fit=1170%2C700&ssl=1&resize=350%2C200 1x, https:\/\/i0.wp.com\/noticiasribeiraopreto.com.br\/wp-content\/uploads\/2025\/03\/chuva_mudanca_tempo_01.webp.webp?fit=1170%2C700&ssl=1&resize=525%2C300 1.5x, https:\/\/i0.wp.com\/noticiasribeiraopreto.com.br\/wp-content\/uploads\/2025\/03\/chuva_mudanca_tempo_01.webp.webp?fit=1170%2C700&ssl=1&resize=700%2C400 2x, https:\/\/i0.wp.com\/noticiasribeiraopreto.com.br\/wp-content\/uploads\/2025\/03\/chuva_mudanca_tempo_01.webp.webp?fit=1170%2C700&ssl=1&resize=1050%2C600 3x"},"classes":[]},{"id":81931,"url":"https:\/\/noticiasribeiraopreto.com.br\/index.php\/2026\/01\/30\/novo-ciclone-se-forma-e-coloca-interior-de-sp-em-alerta-para-tempestades-veja-regioes-afetadas\/","url_meta":{"origin":80390,"position":1},"title":"Novo ciclone se forma e coloca interior de SP em alerta para tempestades; Veja regi\u00f5es afetadas","author":"noticiasribeiraopreto.com.br","date":"30 de January de 2026","format":false,"excerpt":"O interior do estado de S\u00e3o Paulo est\u00e1 em alerta para o risco de tempestade nesta quinta-feira (29) \u2013 veja as regi\u00f5es logo abaixo. De acordo com os meteorologistas, um novo ciclone extratropical come\u00e7ou se formar e vai contribuir para a forma\u00e7\u00e3o de \u00e1reas de instabilidade. O Estado de S\u00e3o\u2026","rel":"","context":"In &quot;Not\u00edcias de Ribeir\u00e3o Preto-SP e Regi\u00e3o&quot;","block_context":{"text":"Not\u00edcias de Ribeir\u00e3o Preto-SP e Regi\u00e3o","link":"https:\/\/noticiasribeiraopreto.com.br\/index.php\/category\/noticias-de-ribeirao-preto-sp-e-regiao-ismael-colosi\/"},"img":{"alt_text":"","src":"https:\/\/i0.wp.com\/noticiasribeiraopreto.com.br\/wp-content\/uploads\/2025\/12\/chuva_mudanca_tempo_05_2025-04-08_20-53-35_jpg_2025-04-08_20-53-35-1024x769.webp.webp?fit=1024%2C769&ssl=1&resize=350%2C200","width":350,"height":200,"srcset":"https:\/\/i0.wp.com\/noticiasribeiraopreto.com.br\/wp-content\/uploads\/2025\/12\/chuva_mudanca_tempo_05_2025-04-08_20-53-35_jpg_2025-04-08_20-53-35-1024x769.webp.webp?fit=1024%2C769&ssl=1&resize=350%2C200 1x, https:\/\/i0.wp.com\/noticiasribeiraopreto.com.br\/wp-content\/uploads\/2025\/12\/chuva_mudanca_tempo_05_2025-04-08_20-53-35_jpg_2025-04-08_20-53-35-1024x769.webp.webp?fit=1024%2C769&ssl=1&resize=525%2C300 1.5x, https:\/\/i0.wp.com\/noticiasribeiraopreto.com.br\/wp-content\/uploads\/2025\/12\/chuva_mudanca_tempo_05_2025-04-08_20-53-35_jpg_2025-04-08_20-53-35-1024x769.webp.webp?fit=1024%2C769&ssl=1&resize=700%2C400 2x"},"classes":[]},{"id":65389,"url":"https:\/\/noticiasribeiraopreto.com.br\/index.php\/2025\/03\/19\/interior-de-sp-esta-em-alerta-para-tempestades-ventos-fortes-e-queda-de-raios\/","url_meta":{"origin":80390,"position":2},"title":"Interior de SP est\u00e1 em alerta para tempestades, ventos fortes e queda de raios","author":"noticiasribeiraopreto.com.br","date":"19 de March de 2025","format":false,"excerpt":"A Defesa Civil do Estado de S\u00e3o Paulo emitiu um boletim especial nesta quarta-feira (19), alertando cidades do interior de S\u00e3o Paulo para a possibilidade de fortes chuvas acompanhadas de rajadas de vento de at\u00e9 100 km\/h. Al\u00e9m disso, h\u00e1 risco de queda de raios. A aproxima\u00e7\u00e3o de uma frente\u2026","rel":"","context":"In &quot;Not\u00edcias de Ribeir\u00e3o Preto-SP e Regi\u00e3o&quot;","block_context":{"text":"Not\u00edcias de Ribeir\u00e3o Preto-SP e Regi\u00e3o","link":"https:\/\/noticiasribeiraopreto.com.br\/index.php\/category\/noticias-de-ribeirao-preto-sp-e-regiao-ismael-colosi\/"},"img":{"alt_text":"","src":"https:\/\/i0.wp.com\/noticiasribeiraopreto.com.br\/wp-content\/uploads\/2025\/02\/chuva-ribeirao-preto-2_2025-02-02_20-25-14_jpeg_2025-02-02_20-25-14.webp.webp?fit=1166%2C874&ssl=1&resize=350%2C200","width":350,"height":200,"srcset":"https:\/\/i0.wp.com\/noticiasribeiraopreto.com.br\/wp-content\/uploads\/2025\/02\/chuva-ribeirao-preto-2_2025-02-02_20-25-14_jpeg_2025-02-02_20-25-14.webp.webp?fit=1166%2C874&ssl=1&resize=350%2C200 1x, https:\/\/i0.wp.com\/noticiasribeiraopreto.com.br\/wp-content\/uploads\/2025\/02\/chuva-ribeirao-preto-2_2025-02-02_20-25-14_jpeg_2025-02-02_20-25-14.webp.webp?fit=1166%2C874&ssl=1&resize=525%2C300 1.5x, https:\/\/i0.wp.com\/noticiasribeiraopreto.com.br\/wp-content\/uploads\/2025\/02\/chuva-ribeirao-preto-2_2025-02-02_20-25-14_jpeg_2025-02-02_20-25-14.webp.webp?fit=1166%2C874&ssl=1&resize=700%2C400 2x, https:\/\/i0.wp.com\/noticiasribeiraopreto.com.br\/wp-content\/uploads\/2025\/02\/chuva-ribeirao-preto-2_2025-02-02_20-25-14_jpeg_2025-02-02_20-25-14.webp.webp?fit=1166%2C874&ssl=1&resize=1050%2C600 3x"},"classes":[]},{"id":2522,"url":"https:\/\/noticiasribeiraopreto.com.br\/index.php\/2023\/11\/15\/defesa-civil-do-estado-de-sp-emite-alerta-para-ventos-e-tempestades\/","url_meta":{"origin":80390,"position":3},"title":"Defesa Civil do Estado de SP emite alerta para ventos e tempestades","author":"noticiasribeiraopreto.com.br","date":"15 de November de 2023","format":false,"excerpt":"A Defesa Civil do Estado de S\u00e3o Paulo emitiu, na tarde desta quinta-feira (15), um alerta para a chegada de uma frente fria que deve provocar tempestades volumosas e ventos fortes. O alerta \u00e9 para o per\u00edodo entre a sexta-feira (17) e domingo (19) e prev\u00ea chuva intensa, que pode\u2026","rel":"","context":"In &quot;Not\u00edcias de Ribeir\u00e3o Preto-SP e Regi\u00e3o&quot;","block_context":{"text":"Not\u00edcias de Ribeir\u00e3o Preto-SP e Regi\u00e3o","link":"https:\/\/noticiasribeiraopreto.com.br\/index.php\/category\/noticias-de-ribeirao-preto-sp-e-regiao-ismael-colosi\/"},"img":{"alt_text":"","src":"https:\/\/i0.wp.com\/noticiasribeiraopreto.com.br\/wp-content\/uploads\/2023\/11\/WhatsApp-Image-2023-11-15-at-18.38.17.jpeg?fit=1200%2C709&ssl=1&resize=350%2C200","width":350,"height":200,"srcset":"https:\/\/i0.wp.com\/noticiasribeiraopreto.com.br\/wp-content\/uploads\/2023\/11\/WhatsApp-Image-2023-11-15-at-18.38.17.jpeg?fit=1200%2C709&ssl=1&resize=350%2C200 1x, https:\/\/i0.wp.com\/noticiasribeiraopreto.com.br\/wp-content\/uploads\/2023\/11\/WhatsApp-Image-2023-11-15-at-18.38.17.jpeg?fit=1200%2C709&ssl=1&resize=525%2C300 1.5x, https:\/\/i0.wp.com\/noticiasribeiraopreto.com.br\/wp-content\/uploads\/2023\/11\/WhatsApp-Image-2023-11-15-at-18.38.17.jpeg?fit=1200%2C709&ssl=1&resize=700%2C400 2x, https:\/\/i0.wp.com\/noticiasribeiraopreto.com.br\/wp-content\/uploads\/2023\/11\/WhatsApp-Image-2023-11-15-at-18.38.17.jpeg?fit=1200%2C709&ssl=1&resize=1050%2C600 3x"},"classes":[]},{"id":79807,"url":"https:\/\/noticiasribeiraopreto.com.br\/index.php\/2025\/11\/07\/ciclone-avanca-sobre-sp-e-alerta-para-tempestade-e-emitido-confira-as-areas-afetadas\/","url_meta":{"origin":80390,"position":4},"title":"Ciclone avan\u00e7a sobre SP e alerta para tempestade \u00e9 emitido; confira as \u00e1reas afetadas","author":"noticiasribeiraopreto.com.br","date":"7 de November de 2025","format":false,"excerpt":"O Instituto Nacional de Meteorologia (Inmet) emitiu um novo alerta de perigo para tempestades no interior de S\u00e3o Paulo. A forma\u00e7\u00e3o de um ciclone extratropical deve provocar temporais neste fim de semana, com previs\u00e3o de chuva de at\u00e9 100 mil\u00edmetros por dia e risco de granizo. O fen\u00f4meno \u00e9 resultado\u2026","rel":"","context":"In &quot;Not\u00edcias de Ribeir\u00e3o Preto-SP e Regi\u00e3o&quot;","block_context":{"text":"Not\u00edcias de Ribeir\u00e3o Preto-SP e Regi\u00e3o","link":"https:\/\/noticiasribeiraopreto.com.br\/index.php\/category\/noticias-de-ribeirao-preto-sp-e-regiao-ismael-colosi\/"},"img":{"alt_text":"","src":"https:\/\/i0.wp.com\/noticiasribeiraopreto.com.br\/wp-content\/uploads\/2025\/11\/chuva_tempestade_1200x675_28012022180501_2025-11-07_19-55-54.webp.webp?fit=1200%2C675&ssl=1&resize=350%2C200","width":350,"height":200,"srcset":"https:\/\/i0.wp.com\/noticiasribeiraopreto.com.br\/wp-content\/uploads\/2025\/11\/chuva_tempestade_1200x675_28012022180501_2025-11-07_19-55-54.webp.webp?fit=1200%2C675&ssl=1&resize=350%2C200 1x, https:\/\/i0.wp.com\/noticiasribeiraopreto.com.br\/wp-content\/uploads\/2025\/11\/chuva_tempestade_1200x675_28012022180501_2025-11-07_19-55-54.webp.webp?fit=1200%2C675&ssl=1&resize=525%2C300 1.5x, https:\/\/i0.wp.com\/noticiasribeiraopreto.com.br\/wp-content\/uploads\/2025\/11\/chuva_tempestade_1200x675_28012022180501_2025-11-07_19-55-54.webp.webp?fit=1200%2C675&ssl=1&resize=700%2C400 2x, https:\/\/i0.wp.com\/noticiasribeiraopreto.com.br\/wp-content\/uploads\/2025\/11\/chuva_tempestade_1200x675_28012022180501_2025-11-07_19-55-54.webp.webp?fit=1200%2C675&ssl=1&resize=1050%2C600 3x"},"classes":[]},{"id":77465,"url":"https:\/\/noticiasribeiraopreto.com.br\/index.php\/2025\/09\/19\/defesa-civil-publica-alerta-para-o-estado-de-sp-veja-regioes-afetadas\/","url_meta":{"origin":80390,"position":5},"title":"Defesa Civil publica alerta para o estado de SP; Veja regi\u00f5es afetadas","author":"noticiasribeiraopreto.com.br","date":"19 de September de 2025","format":false,"excerpt":"A Defesa Civil emitiu alerta para calor, baixa umidade do ar, queimadas e chuvas fortes no estado de S\u00e3o Paulo a partir desta sexta-feira (19). No domingo (21) est\u00e1 prevista a aproxima\u00e7\u00e3o de uma frente fria. Segundo o \u00f3rg\u00e3o, entre esta sexta e domingo a previs\u00e3o \u00e9 de predom\u00ednio de\u2026","rel":"","context":"In &quot;Not\u00edcias de Ribeir\u00e3o Preto-SP e Regi\u00e3o&quot;","block_context":{"text":"Not\u00edcias de Ribeir\u00e3o Preto-SP e Regi\u00e3o","link":"https:\/\/noticiasribeiraopreto.com.br\/index.php\/category\/noticias-de-ribeirao-preto-sp-e-regiao-ismael-colosi\/"},"img":{"alt_text":"","src":"https:\/\/i0.wp.com\/noticiasribeiraopreto.com.br\/wp-content\/uploads\/2025\/07\/WhatsApp-Image-2024-07-13-at-19.42.17_2024-07-13_22-42-51_jpeg_2024-07-13_22-42-51.webp.webp?fit=1200%2C553&ssl=1&resize=350%2C200","width":350,"height":200,"srcset":"https:\/\/i0.wp.com\/noticiasribeiraopreto.com.br\/wp-content\/uploads\/2025\/07\/WhatsApp-Image-2024-07-13-at-19.42.17_2024-07-13_22-42-51_jpeg_2024-07-13_22-42-51.webp.webp?fit=1200%2C553&ssl=1&resize=350%2C200 1x, https:\/\/i0.wp.com\/noticiasribeiraopreto.com.br\/wp-content\/uploads\/2025\/07\/WhatsApp-Image-2024-07-13-at-19.42.17_2024-07-13_22-42-51_jpeg_2024-07-13_22-42-51.webp.webp?fit=1200%2C553&ssl=1&resize=525%2C300 1.5x, https:\/\/i0.wp.com\/noticiasribeiraopreto.com.br\/wp-content\/uploads\/2025\/07\/WhatsApp-Image-2024-07-13-at-19.42.17_2024-07-13_22-42-51_jpeg_2024-07-13_22-42-51.webp.webp?fit=1200%2C553&ssl=1&resize=700%2C400 2x, https:\/\/i0.wp.com\/noticiasribeiraopreto.com.br\/wp-content\/uploads\/2025\/07\/WhatsApp-Image-2024-07-13-at-19.42.17_2024-07-13_22-42-51_jpeg_2024-07-13_22-42-51.webp.webp?fit=1200%2C553&ssl=1&resize=1050%2C600 3x"},"classes":[]}],"jetpack_sharing_enabled":true,"jetpack_shortlink":"https:\/\/wp.me\/peQAOb-kUC","_links":{"self":[{"href":"https:\/\/noticiasribeiraopreto.com.br\/index.php\/wp-json\/wp\/v2\/posts\/80390","targetHints":{"allow":["GET"]}}],"collection":[{"href":"https:\/\/noticiasribeiraopreto.com.br\/index.php\/wp-json\/wp\/v2\/posts"}],"about":[{"href":"https:\/\/noticiasribeiraopreto.com.br\/index.php\/wp-json\/wp\/v2\/types\/post"}],"author":[{"embeddable":true,"href":"https:\/\/noticiasribeiraopreto.com.br\/index.php\/wp-json\/wp\/v2\/users\/1"}],"replies":[{"embeddable":true,"href":"https:\/\/noticiasribeiraopreto.com.br\/index.php\/wp-json\/wp\/v2\/comments?post=80390"}],"version-history":[{"count":0,"href":"https:\/\/noticiasribeiraopreto.com.br\/index.php\/wp-json\/wp\/v2\/posts\/80390\/revisions"}],"wp:featuredmedia":[{"embeddable":true,"href":"https:\/\/noticiasribeiraopreto.com.br\/index.php\/wp-json\/wp\/v2\/media\/74706"}],"wp:attachment":[{"href":"https:\/\/noticiasribeiraopreto.com.br\/index.php\/wp-json\/wp\/v2\/media?parent=80390"}],"wp:term":[{"taxonomy":"category","embeddable":true,"href":"https:\/\/noticiasribeiraopreto.com.br\/index.php\/wp-json\/wp\/v2\/categories?post=80390"},{"taxonomy":"post_tag","embeddable":true,"href":"https:\/\/noticiasribeiraopreto.com.br\/index.php\/wp-json\/wp\/v2\/tags?post=80390"}],"curies":[{"name":"wp","href":"https:\/\/api.w.org\/{rel}","templated":true}]}}