{"id":80391,"date":"2025-12-03T09:41:16","date_gmt":"2025-12-03T12:41:16","guid":{"rendered":"https:\/\/noticiasribeiraopreto.com.br\/index.php\/2025\/12\/03\/pm-que-matou-jovem-em-avenida-de-rp-vai-a-juri-popular\/"},"modified":"2025-12-03T09:41:16","modified_gmt":"2025-12-03T12:41:16","slug":"pm-que-matou-jovem-em-avenida-de-rp-vai-a-juri-popular","status":"publish","type":"post","link":"https:\/\/noticiasribeiraopreto.com.br\/index.php\/2025\/12\/03\/pm-que-matou-jovem-em-avenida-de-rp-vai-a-juri-popular\/","title":{"rendered":"PM que matou jovem em avenida de RP vai a j\u00fari popular"},"content":{"rendered":"<div class='code-block code-block-1' style='margin: 8px 0 8px auto; text-align: right; display: block; clear: both;'>\n<p><a href=\"https:\/\/wa.link\/vpicfd\"><img data-recalc-dims=\"1\" class=\"wp-image-4922\" style=\"aspect-ratio: 2.0253164556962027; width: 561px; height: auto;\" src=\"https:\/\/i0.wp.com\/ismaelcolosi.com.br\/wp-content\/uploads\/2023\/11\/grupo-de-empregos-whatsapp-e-facebook-ismael-colosi-vagas.jpg?ssl=1\" alt=\"\" \/><\/a><\/p>\n<!-- \/wp:image -->\n<\/div>\n<p> <br \/>\n<\/p>\n<div>\n<p>Por: Adalberto Luque<\/p>\n<p>O policial militar Maicon de Oliveira Santos, de 36 anos, ser\u00e1 submetido a j\u00fari popular em 16 de mar\u00e7o de 2026. Ele \u00e9 acusado da morte da gerente de loja J\u00falia Ferraz Signoreto, ent\u00e3o com 27 anos. O crime ocorreu em 14 de agosto de 2023.<\/p>\n<p>A mulher estava atravessando a avenida Independ\u00eancia, no Alto da Boa Vista, zona Sul de Ribeir\u00e3o Preto, quando foi atingida por um tiro de pistola 9 mm. A bala atingiu o cora\u00e7\u00e3o e um dos pulm\u00f5es da mulher, que morreu antes que pudesse ser atendida.<\/p>\n<p>O tiro foi disparado pelo PM. Na ocasi\u00e3o, ele alegou que teria sido v\u00edtima de uma tentativa de assalto. Estaria em sua moto quando outra moto, com dois homens, emparelhou. A Pol\u00edcia Civil, todavia, concluiu no inqu\u00e9rito que houve, na verdade, uma discuss\u00e3o de tr\u00e2nsito e indiciou o PM.<\/p>\n<p>Ele chegou a ser preso, mas acabou solto e foi denunciado pelo promotor do Minist\u00e9rio P\u00fablico de S\u00e3o Paulo (MPSP), Marcus T\u00falio Nicolino. O juiz Jos\u00e9 Roberto Bernardi Liberal, da 2\u00aa Vara Criminal de Ribeir\u00e3o Preto, acatou a den\u00fancia e tornou o PM r\u00e9u.<\/p>\n<figure id=\"attachment_447882\" aria-describedby=\"caption-attachment-447882\" style=\"width: 1200px\" class=\"wp-caption alignnone\"><img data-recalc-dims=\"1\" loading=\"lazy\" decoding=\"async\" class=\"size-full wp-image-447882 lazyload\" src=\"https:\/\/i0.wp.com\/www.tribunaribeirao.com.br\/wp-content\/uploads\/2025\/12\/00-14-ago-2023-bala-perdida-foto-redes-sociais-scaled.jpg?resize=1200%2C756&#038;ssl=1\" alt=\"\" width=\"1200\" height=\"756\" srcset=\"https:\/\/www.tribunaribeirao.com.br\/wp-content\/uploads\/2025\/12\/00-14-ago-2023-bala-perdida-foto-redes-sociais-scaled.jpg 1200w, https:\/\/www.tribunaribeirao.com.br\/wp-content\/uploads\/2025\/12\/00-14-ago-2023-bala-perdida-foto-redes-sociais-300x189.jpg 300w, https:\/\/www.tribunaribeirao.com.br\/wp-content\/uploads\/2025\/12\/00-14-ago-2023-bala-perdida-foto-redes-sociais-1024x645.jpg 1024w, https:\/\/www.tribunaribeirao.com.br\/wp-content\/uploads\/2025\/12\/00-14-ago-2023-bala-perdida-foto-redes-sociais-768x484.jpg 768w, https:\/\/www.tribunaribeirao.com.br\/wp-content\/uploads\/2025\/12\/00-14-ago-2023-bala-perdida-foto-redes-sociais-1536x967.jpg 1536w, https:\/\/www.tribunaribeirao.com.br\/wp-content\/uploads\/2025\/12\/00-14-ago-2023-bala-perdida-foto-redes-sociais-1920x1209.jpg 1920w, https:\/\/www.tribunaribeirao.com.br\/wp-content\/uploads\/2025\/12\/00-14-ago-2023-bala-perdida-foto-redes-sociais-960x605.jpg 960w, https:\/\/www.tribunaribeirao.com.br\/wp-content\/uploads\/2025\/12\/00-14-ago-2023-bala-perdida-foto-redes-sociais-635x400.jpg 635w, https:\/\/www.tribunaribeirao.com.br\/wp-content\/uploads\/2025\/12\/00-14-ago-2023-bala-perdida-foto-redes-sociais-585x368.jpg 585w\" data-sizes=\"(max-width: 1200px) 100vw, 1200px\" style=\"--smush-placeholder-width: 1200px; --smush-placeholder-aspect-ratio: 1200\/756;\"\/><figcaption id=\"caption-attachment-447882\" class=\"wp-caption-text\">A gerente de loja era casada e m\u00e3e de duas meninas (Foto: Redes Sociais)<\/figcaption><\/figure>\n<p>O policial foi reincorporado e, atualmente, presta servi\u00e7os administrativos. O j\u00fari popular vai analisar as den\u00fancias de homic\u00eddio doloso qualificado e duas tentativas de homic\u00eddio doloso qualificado, contra os homens que estavam na motocicleta.<\/p>\n<p>Os disparos tamb\u00e9m atingiram as pernas de Gustavo Alexandre Scandiuzzi Filho, de 27 anos, e Arthur de Lucca dos Santos Freitas Lopes, de 19 anos, mas a gerente de loja Julia Ferraz Signoreto, que atravessava o canteiro da avenida Independ\u00eancia, Alto da Boa Vista, Zona Sul, morreu no local. J\u00falia era casada e tinha duas filhas. A reportagem n\u00e3o conseguiu contato com a defesa de Maicon de Oliveira Santos.<\/p>\n<p><strong>Relembre o caso<\/strong><\/p>\n<p>J\u00falia Ferraz Signoreto foi morta quando saia de um bar, em 14 agosto de 2023. Estava em um bar pr\u00f3ximo ao local onde foi baleada. Saiu de l\u00e1 na companhia de um amigo e caminhavam pelo canteiro central da avenida rumo a um fast food de cachorro quente pr\u00f3ximo \u00e0 rotat\u00f3ria entre as Avenidas Independ\u00eancia e Professor Jo\u00e3o Fi\u00faza.<\/p>\n<p>Duas motos surgiram na pista sentido Centro-bairro e o ocupante de uma das motos teria sacado um rev\u00f3lver, atirando contra os ocupantes da outra moto, que fugiram ap\u00f3s breve discuss\u00e3o. Eles estavam distantes cerca de 50 metros de onde J\u00falia e o amigo estavam, mas durante a fuga, passaram por ela.<\/p>\n<figure id=\"attachment_447883\" aria-describedby=\"caption-attachment-447883\" style=\"width: 1200px\" class=\"wp-caption alignnone\"><img data-recalc-dims=\"1\" loading=\"lazy\" decoding=\"async\" class=\"size-full wp-image-447883 lazyload\" src=\"https:\/\/i0.wp.com\/www.tribunaribeirao.com.br\/wp-content\/uploads\/2025\/12\/02-dez-2025-tiromatoujulia-scaled.jpg?resize=1200%2C595&#038;ssl=1\" alt=\"\" width=\"1200\" height=\"595\" srcset=\"https:\/\/www.tribunaribeirao.com.br\/wp-content\/uploads\/2025\/12\/02-dez-2025-tiromatoujulia-scaled.jpg 1200w, https:\/\/www.tribunaribeirao.com.br\/wp-content\/uploads\/2025\/12\/02-dez-2025-tiromatoujulia-300x149.jpg 300w, https:\/\/www.tribunaribeirao.com.br\/wp-content\/uploads\/2025\/12\/02-dez-2025-tiromatoujulia-1024x507.jpg 1024w, https:\/\/www.tribunaribeirao.com.br\/wp-content\/uploads\/2025\/12\/02-dez-2025-tiromatoujulia-768x381.jpg 768w, https:\/\/www.tribunaribeirao.com.br\/wp-content\/uploads\/2025\/12\/02-dez-2025-tiromatoujulia-1536x761.jpg 1536w, https:\/\/www.tribunaribeirao.com.br\/wp-content\/uploads\/2025\/12\/02-dez-2025-tiromatoujulia-960x476.jpg 960w, https:\/\/www.tribunaribeirao.com.br\/wp-content\/uploads\/2025\/12\/02-dez-2025-tiromatoujulia-807x400.jpg 807w, https:\/\/www.tribunaribeirao.com.br\/wp-content\/uploads\/2025\/12\/02-dez-2025-tiromatoujulia-585x290.jpg 585w\" data-sizes=\"(max-width: 1200px) 100vw, 1200px\" style=\"--smush-placeholder-width: 1200px; --smush-placeholder-aspect-ratio: 1200\/595;\"\/><figcaption id=\"caption-attachment-447883\" class=\"wp-caption-text\">Imagens registraram o momento em que o PM sacou a arma e os homens na outra moto fugiram na dire\u00e7\u00e3o onde J\u00falia atravessava a avenida (Foto: Reprodu\u00e7\u00e3o)<\/figcaption><\/figure>\n<p>C\u00e2meras de seguran\u00e7a registraram o momento em que a mulher se abaixa e depois cai. Havia sido atingida pelo tiro, que foi fatal. Ela morreu antes mesmo da chegada do socorro m\u00e9dico.<\/p>\n<p>O policial estava de folga e \u00e0 paisana. Em seu depoimento na delegacia, disse que os dois na outra moto perguntaram se ele tinha seguro do ve\u00edculo e anunciaram o assalto.<\/p>\n<p>O PM, ent\u00e3o, sacou arma e atirado contra os dois, que tamb\u00e9m estariam armados. Ele conseguiu ferir os dois ocupantes da moto. Por\u00e9m, imagens de c\u00e2meras de seguran\u00e7a mostram que a dupla n\u00e3o sacou arma e nem fez gestos que indicassem essa a\u00e7\u00e3o. Os advogados dos jovens atingidos pelos disparos deles negam a tentativa de assalto.<\/p>\n<p>Ele informou que um dos clientes \u00e9 r\u00e9u prim\u00e1rio, nunca teve qualquer problema com a pol\u00edcia. O outro rapaz, de 26 anos, disse que houve uma discuss\u00e3o de tr\u00e2nsito e que os dois quiseram intimidar o homem sozinho na moto quando tudo ocorreu. A per\u00edcia foi acionada e os envolvidos passaram por exames residuogr\u00e1ficos.<\/p>\n<\/div>\n<p><br \/>\n<br \/><a href=\"https:\/\/www.tribunaribeirao.com.br\/pm-que-matou-jovem-em-avenida-de-rp-vai-a-juri-popular\/\">Source link <\/a><\/p>\n<!-- CONTENT END 1 -->\n","protected":false},"excerpt":{"rendered":"<p>Por: Adalberto Luque O policial militar Maicon de Oliveira Santos, de 36 anos, ser\u00e1 submetido a j\u00fari popular em 16 de mar\u00e7o de 2026. Ele&#8230;<\/p>\n","protected":false},"author":1,"featured_media":80392,"comment_status":"open","ping_status":"open","sticky":false,"template":"","format":"standard","meta":{"advanced_seo_description":"","jetpack_seo_html_title":"","jetpack_seo_noindex":false,"jetpack_post_was_ever_published":false,"_jetpack_newsletter_access":"","_jetpack_dont_email_post_to_subs":false,"_jetpack_newsletter_tier_id":0,"_jetpack_memberships_contains_paywalled_content":false,"_jetpack_memberships_contains_paid_content":false,"footnotes":"","jetpack_publicize_message":"","jetpack_publicize_feature_enabled":true,"jetpack_social_post_already_shared":true,"jetpack_social_options":{"image_generator_settings":{"template":"highway","default_image_id":0,"font":"","enabled":false},"version":2}},"categories":[11],"tags":[],"class_list":["post-80391","post","type-post","status-publish","format-standard","has-post-thumbnail","hentry","category-noticias-de-ribeirao-preto-sp-e-regiao-ismael-colosi"],"jetpack_publicize_connections":[],"jetpack_featured_media_url":"https:\/\/i0.wp.com\/noticiasribeiraopreto.com.br\/wp-content\/uploads\/2025\/12\/00-14-ago-2023-bala-perdida-01-foto-x-tudo.jpg?fit=1170%2C600&ssl=1","jetpack-related-posts":[{"id":55333,"url":"https:\/\/noticiasribeiraopreto.com.br\/index.php\/2024\/07\/31\/policial-militar-que-matou-mulher-na-zona-sul-de-ribeirao-preto-vai-a-juri-popular\/","url_meta":{"origin":80391,"position":0},"title":"Policial Militar que matou mulher na zona Sul de Ribeir\u00e3o Preto vai a j\u00fari popular","author":"noticiasribeiraopreto.com.br","date":"31 de July de 2024","format":false,"excerpt":"O policial militar, Maicon de Oliveira dos Santos, que atirou contra dois homens em uma moto e um dos disparos atingiu e matou J\u00falia Ferraz Signoretto, de 27 anos, vai a j\u00fari popular. O crime aconteceu em agosto de 2023, quando a v\u00edtima atravessava a avenida Independ\u00eancia, ap\u00f3s sair de\u2026","rel":"","context":"In &quot;Not\u00edcias de Ribeir\u00e3o Preto-SP e Regi\u00e3o&quot;","block_context":{"text":"Not\u00edcias de Ribeir\u00e3o Preto-SP e Regi\u00e3o","link":"https:\/\/noticiasribeiraopreto.com.br\/index.php\/category\/noticias-de-ribeirao-preto-sp-e-regiao-ismael-colosi\/"},"img":{"alt_text":"","src":"https:\/\/i0.wp.com\/noticiasribeiraopreto.com.br\/wp-content\/uploads\/2024\/07\/JULIA-1.jpg?fit=1200%2C765&ssl=1&resize=350%2C200","width":350,"height":200,"srcset":"https:\/\/i0.wp.com\/noticiasribeiraopreto.com.br\/wp-content\/uploads\/2024\/07\/JULIA-1.jpg?fit=1200%2C765&ssl=1&resize=350%2C200 1x, https:\/\/i0.wp.com\/noticiasribeiraopreto.com.br\/wp-content\/uploads\/2024\/07\/JULIA-1.jpg?fit=1200%2C765&ssl=1&resize=525%2C300 1.5x, https:\/\/i0.wp.com\/noticiasribeiraopreto.com.br\/wp-content\/uploads\/2024\/07\/JULIA-1.jpg?fit=1200%2C765&ssl=1&resize=700%2C400 2x, https:\/\/i0.wp.com\/noticiasribeiraopreto.com.br\/wp-content\/uploads\/2024\/07\/JULIA-1.jpg?fit=1200%2C765&ssl=1&resize=1050%2C600 3x"},"classes":[]},{"id":53222,"url":"https:\/\/noticiasribeiraopreto.com.br\/index.php\/2024\/06\/17\/acusado-de-matar-auditor-fiscal-vai-a-juri-popular-na-regiao-de-ribeirao-preto\/","url_meta":{"origin":80391,"position":1},"title":"Acusado de matar auditor fiscal vai a j\u00fari popular na regi\u00e3o de Ribeir\u00e3o Preto","author":"noticiasribeiraopreto.com.br","date":"17 de June de 2024","format":false,"excerpt":"O dentista Samir Moussa, acusado de atirar e matar o auditor fiscal, Adriano Willian de Oliveira, de 52 anos, vai a j\u00fari popular no dia 18 de julho, no F\u00f3rum de Franca, munic\u00edpio na regi\u00e3o de Ribeir\u00e3o Preto. O crime aconteceu em mar\u00e7o de 2022 enquanto a v\u00edtima estava entrando\u2026","rel":"","context":"In &quot;Not\u00edcias de Ribeir\u00e3o Preto-SP e Regi\u00e3o&quot;","block_context":{"text":"Not\u00edcias de Ribeir\u00e3o Preto-SP e Regi\u00e3o","link":"https:\/\/noticiasribeiraopreto.com.br\/index.php\/category\/noticias-de-ribeirao-preto-sp-e-regiao-ismael-colosi\/"},"img":{"alt_text":"","src":"https:\/\/i0.wp.com\/noticiasribeiraopreto.com.br\/wp-content\/uploads\/2024\/06\/dentista_1200x675_15032022155939.jpg?fit=1200%2C675&ssl=1&resize=350%2C200","width":350,"height":200,"srcset":"https:\/\/i0.wp.com\/noticiasribeiraopreto.com.br\/wp-content\/uploads\/2024\/06\/dentista_1200x675_15032022155939.jpg?fit=1200%2C675&ssl=1&resize=350%2C200 1x, https:\/\/i0.wp.com\/noticiasribeiraopreto.com.br\/wp-content\/uploads\/2024\/06\/dentista_1200x675_15032022155939.jpg?fit=1200%2C675&ssl=1&resize=525%2C300 1.5x, https:\/\/i0.wp.com\/noticiasribeiraopreto.com.br\/wp-content\/uploads\/2024\/06\/dentista_1200x675_15032022155939.jpg?fit=1200%2C675&ssl=1&resize=700%2C400 2x, https:\/\/i0.wp.com\/noticiasribeiraopreto.com.br\/wp-content\/uploads\/2024\/06\/dentista_1200x675_15032022155939.jpg?fit=1200%2C675&ssl=1&resize=1050%2C600 3x"},"classes":[]},{"id":66692,"url":"https:\/\/noticiasribeiraopreto.com.br\/index.php\/2025\/04\/04\/roubo-de-moto-tem-perseguicao-pela-anhanguera-e-tiros-em-ribeirao-preto\/","url_meta":{"origin":80391,"position":2},"title":"Roubo de moto tem persegui\u00e7\u00e3o pela Anhanguera e tiros em Ribeir\u00e3o Preto","author":"noticiasribeiraopreto.com.br","date":"4 de April de 2025","format":false,"excerpt":"O roubo de uma moto na noite desta quinta-feira (3), em Jardin\u00f3polis, teve persegui\u00e7\u00e3o pela rodovia Anhanguera (S-330) e terminou em tiros, em Ribeir\u00e3o Preto. Segundo o boletim de ocorr\u00eancia (BO), a v\u00edtima, uma mulher de 26 anos, chegava a sua casa de moto, na regi\u00e3o central de Jardin\u00f3polis, quando\u2026","rel":"","context":"In &quot;Not\u00edcias de Ribeir\u00e3o Preto-SP e Regi\u00e3o&quot;","block_context":{"text":"Not\u00edcias de Ribeir\u00e3o Preto-SP e Regi\u00e3o","link":"https:\/\/noticiasribeiraopreto.com.br\/index.php\/category\/noticias-de-ribeirao-preto-sp-e-regiao-ismael-colosi\/"},"img":{"alt_text":"","src":"https:\/\/noticiasribeiraopreto.com.br\/wp-content\/uploads\/2025\/01\/whatsapp_image_2023-02-19_at_12_33_32.jpe","width":350,"height":200,"srcset":"https:\/\/noticiasribeiraopreto.com.br\/wp-content\/uploads\/2025\/01\/whatsapp_image_2023-02-19_at_12_33_32.jpe 1x, https:\/\/noticiasribeiraopreto.com.br\/wp-content\/uploads\/2025\/01\/whatsapp_image_2023-02-19_at_12_33_32.jpe 1.5x, https:\/\/noticiasribeiraopreto.com.br\/wp-content\/uploads\/2025\/01\/whatsapp_image_2023-02-19_at_12_33_32.jpe 2x, https:\/\/noticiasribeiraopreto.com.br\/wp-content\/uploads\/2025\/01\/whatsapp_image_2023-02-19_at_12_33_32.jpe 3x"},"classes":[]},{"id":8677,"url":"https:\/\/noticiasribeiraopreto.com.br\/index.php\/2023\/11\/30\/condenado-de-matar-pm-brama-em-ribeirao-e-encontrado-morto-na-prisao\/","url_meta":{"origin":80391,"position":3},"title":"Condenado por matar PM Brama em Ribeir\u00e3o \u00e9 encontrado morto na pris\u00e3o","author":"noticiasribeiraopreto.com.br","date":"30 de November de 2023","format":false,"excerpt":"O homem condenado pela morte do policial militar Roberto Pereira Abramovicius, conhecido como Brama, foi encontrado morto, na ter\u00e7a-feira (28), por servidores da Penitenci\u00e1ria \u201cDr. Paulo Luciano de Campos\u201d, em Avar\u00e9, cidade no interior de S\u00e3o Paulo. O crime que tirou a vida de Brama aconteceu em 2017, em um\u2026","rel":"","context":"In &quot;Not\u00edcias de Ribeir\u00e3o Preto-SP e Regi\u00e3o&quot;","block_context":{"text":"Not\u00edcias de Ribeir\u00e3o Preto-SP e Regi\u00e3o","link":"https:\/\/noticiasribeiraopreto.com.br\/index.php\/category\/noticias-de-ribeirao-preto-sp-e-regiao-ismael-colosi\/"},"img":{"alt_text":"","src":"https:\/\/i0.wp.com\/noticiasribeiraopreto.com.br\/wp-content\/uploads\/2023\/11\/Alef-Vieira.png?fit=1115%2C759&ssl=1&resize=350%2C200","width":350,"height":200,"srcset":"https:\/\/i0.wp.com\/noticiasribeiraopreto.com.br\/wp-content\/uploads\/2023\/11\/Alef-Vieira.png?fit=1115%2C759&ssl=1&resize=350%2C200 1x, https:\/\/i0.wp.com\/noticiasribeiraopreto.com.br\/wp-content\/uploads\/2023\/11\/Alef-Vieira.png?fit=1115%2C759&ssl=1&resize=525%2C300 1.5x, https:\/\/i0.wp.com\/noticiasribeiraopreto.com.br\/wp-content\/uploads\/2023\/11\/Alef-Vieira.png?fit=1115%2C759&ssl=1&resize=700%2C400 2x, https:\/\/i0.wp.com\/noticiasribeiraopreto.com.br\/wp-content\/uploads\/2023\/11\/Alef-Vieira.png?fit=1115%2C759&ssl=1&resize=1050%2C600 3x"},"classes":[]},{"id":84829,"url":"https:\/\/noticiasribeiraopreto.com.br\/index.php\/2026\/04\/16\/video-noite-de-furia-mulher-e-presa-apos-bater-em-viatura-da-pm-e-moto\/","url_meta":{"origin":80391,"position":4},"title":"V\u00cdDEO &#8211; Noite de f\u00faria: mulher \u00e9 presa ap\u00f3s bater em viatura da PM e moto","author":"noticiasribeiraopreto.com.br","date":"16 de April de 2026","format":false,"excerpt":"\r Detida havia acionado a PM alegando ter uma moto furtada, mas na verdade era uma negocia\u00e7\u00e3o de compra e venda\r \r 16 de abril de 2026 12:2916 de abril de 2026 12:30 \r Compartilhar0 | Por: Adalberto Luque | Uma mulher de 45 anos foi presa, na noite desta\u2026","rel":"","context":"In &quot;Not\u00edcias de Ribeir\u00e3o Preto-SP e Regi\u00e3o&quot;","block_context":{"text":"Not\u00edcias de Ribeir\u00e3o Preto-SP e Regi\u00e3o","link":"https:\/\/noticiasribeiraopreto.com.br\/index.php\/category\/noticias-de-ribeirao-preto-sp-e-regiao-ismael-colosi\/"},"img":{"alt_text":"","src":"https:\/\/i0.wp.com\/noticiasribeiraopreto.com.br\/wp-content\/uploads\/2026\/04\/16-abr-2026-noitedefuria1-scaled.jpg?fit=1062%2C780&ssl=1&resize=350%2C200","width":350,"height":200,"srcset":"https:\/\/i0.wp.com\/noticiasribeiraopreto.com.br\/wp-content\/uploads\/2026\/04\/16-abr-2026-noitedefuria1-scaled.jpg?fit=1062%2C780&ssl=1&resize=350%2C200 1x, https:\/\/i0.wp.com\/noticiasribeiraopreto.com.br\/wp-content\/uploads\/2026\/04\/16-abr-2026-noitedefuria1-scaled.jpg?fit=1062%2C780&ssl=1&resize=525%2C300 1.5x, https:\/\/i0.wp.com\/noticiasribeiraopreto.com.br\/wp-content\/uploads\/2026\/04\/16-abr-2026-noitedefuria1-scaled.jpg?fit=1062%2C780&ssl=1&resize=700%2C400 2x, https:\/\/i0.wp.com\/noticiasribeiraopreto.com.br\/wp-content\/uploads\/2026\/04\/16-abr-2026-noitedefuria1-scaled.jpg?fit=1062%2C780&ssl=1&resize=1050%2C600 3x"},"classes":[]},{"id":65768,"url":"https:\/\/noticiasribeiraopreto.com.br\/index.php\/2025\/03\/24\/homem-e-morto-a-tiros-na-frente-de-adega-da-familia-em-ribeirao-preto\/","url_meta":{"origin":80391,"position":5},"title":"Homem \u00e9 morto a tiros na frente de adega da fam\u00edlia em Ribeir\u00e3o Preto","author":"noticiasribeiraopreto.com.br","date":"24 de March de 2025","format":false,"excerpt":"Um homem de 29 anos foi morto a tiros na noite da \u00faltima sexta-feira (21), no Jardim Helena, zona Leste de Ribeir\u00e3o Preto. Segundo o boletim de ocorr\u00eancia (BO), Wesley Martins Nunes foi baleado nas costas e na orelha direita. A v\u00edtima faleceu na cal\u00e7ada de uma adega da fam\u00edlia,\u2026","rel":"","context":"In &quot;Not\u00edcias de Ribeir\u00e3o Preto-SP e Regi\u00e3o&quot;","block_context":{"text":"Not\u00edcias de Ribeir\u00e3o Preto-SP e Regi\u00e3o","link":"https:\/\/noticiasribeiraopreto.com.br\/index.php\/category\/noticias-de-ribeirao-preto-sp-e-regiao-ismael-colosi\/"},"img":{"alt_text":"","src":"https:\/\/i0.wp.com\/noticiasribeiraopreto.com.br\/wp-content\/uploads\/2025\/03\/1742822674_sirene_pm_1024x576_04022021085205.jpg?fit=1024%2C576&ssl=1&resize=350%2C200","width":350,"height":200,"srcset":"https:\/\/i0.wp.com\/noticiasribeiraopreto.com.br\/wp-content\/uploads\/2025\/03\/1742822674_sirene_pm_1024x576_04022021085205.jpg?fit=1024%2C576&ssl=1&resize=350%2C200 1x, https:\/\/i0.wp.com\/noticiasribeiraopreto.com.br\/wp-content\/uploads\/2025\/03\/1742822674_sirene_pm_1024x576_04022021085205.jpg?fit=1024%2C576&ssl=1&resize=525%2C300 1.5x, https:\/\/i0.wp.com\/noticiasribeiraopreto.com.br\/wp-content\/uploads\/2025\/03\/1742822674_sirene_pm_1024x576_04022021085205.jpg?fit=1024%2C576&ssl=1&resize=700%2C400 2x"},"classes":[]}],"jetpack_sharing_enabled":true,"jetpack_shortlink":"https:\/\/wp.me\/peQAOb-kUD","_links":{"self":[{"href":"https:\/\/noticiasribeiraopreto.com.br\/index.php\/wp-json\/wp\/v2\/posts\/80391","targetHints":{"allow":["GET"]}}],"collection":[{"href":"https:\/\/noticiasribeiraopreto.com.br\/index.php\/wp-json\/wp\/v2\/posts"}],"about":[{"href":"https:\/\/noticiasribeiraopreto.com.br\/index.php\/wp-json\/wp\/v2\/types\/post"}],"author":[{"embeddable":true,"href":"https:\/\/noticiasribeiraopreto.com.br\/index.php\/wp-json\/wp\/v2\/users\/1"}],"replies":[{"embeddable":true,"href":"https:\/\/noticiasribeiraopreto.com.br\/index.php\/wp-json\/wp\/v2\/comments?post=80391"}],"version-history":[{"count":0,"href":"https:\/\/noticiasribeiraopreto.com.br\/index.php\/wp-json\/wp\/v2\/posts\/80391\/revisions"}],"wp:featuredmedia":[{"embeddable":true,"href":"https:\/\/noticiasribeiraopreto.com.br\/index.php\/wp-json\/wp\/v2\/media\/80392"}],"wp:attachment":[{"href":"https:\/\/noticiasribeiraopreto.com.br\/index.php\/wp-json\/wp\/v2\/media?parent=80391"}],"wp:term":[{"taxonomy":"category","embeddable":true,"href":"https:\/\/noticiasribeiraopreto.com.br\/index.php\/wp-json\/wp\/v2\/categories?post=80391"},{"taxonomy":"post_tag","embeddable":true,"href":"https:\/\/noticiasribeiraopreto.com.br\/index.php\/wp-json\/wp\/v2\/tags?post=80391"}],"curies":[{"name":"wp","href":"https:\/\/api.w.org\/{rel}","templated":true}]}}