{"id":80393,"date":"2025-12-03T09:46:27","date_gmt":"2025-12-03T12:46:27","guid":{"rendered":"https:\/\/noticiasribeiraopreto.com.br\/index.php\/2025\/12\/03\/justica-concede-liberdade-provisoria-a-estudante-acusado-de-venda-clandestina-de-sangue-gato-no-interior-de-sp\/"},"modified":"2025-12-03T09:46:27","modified_gmt":"2025-12-03T12:46:27","slug":"justica-concede-liberdade-provisoria-a-estudante-acusado-de-venda-clandestina-de-sangue-gato-no-interior-de-sp","status":"publish","type":"post","link":"https:\/\/noticiasribeiraopreto.com.br\/index.php\/2025\/12\/03\/justica-concede-liberdade-provisoria-a-estudante-acusado-de-venda-clandestina-de-sangue-gato-no-interior-de-sp\/","title":{"rendered":"Justi\u00e7a concede liberdade provis\u00f3ria a estudante acusado de venda clandestina de sangue gato no interior de SP"},"content":{"rendered":"<div class='code-block code-block-1' style='margin: 8px 0 8px auto; text-align: right; display: block; clear: both;'>\n<p><a href=\"https:\/\/wa.link\/vpicfd\"><img data-recalc-dims=\"1\" class=\"wp-image-4922\" style=\"aspect-ratio: 2.0253164556962027; width: 561px; height: auto;\" src=\"https:\/\/i0.wp.com\/ismaelcolosi.com.br\/wp-content\/uploads\/2023\/11\/grupo-de-empregos-whatsapp-e-facebook-ismael-colosi-vagas.jpg?ssl=1\" alt=\"\" \/><\/a><\/p>\n<!-- \/wp:image -->\n<\/div>\n<p> <br \/>\n<\/p>\n<div>\n<p>O <strong>Tribunal de Justi\u00e7a de S\u00e3o Paulo (TJ-SP) <\/strong>concedeu <strong>liberdade provis\u00f3ria<\/strong> ao homem acusado de participar de um esquema de coleta e venda irregular de sangue de gatos em <strong>Monte Alto<\/strong>, na <strong>regi\u00e3o de Ribeir\u00e3o Preto<\/strong>.<\/p>\n<p><strong>Cleiton Fernando Torres<\/strong> \u00e9 investigado por <strong>maus-tratos a animais<\/strong> e <strong>por integrar um grupo suspeito de operar o procedimento de forma clandestina<\/strong> \u2013 saiba mais abaixo. <mark style=\"background-color:#fcb900\" class=\"has-inline-color\">Com a decis\u00e3o, o estudante poder\u00e1 responder em liberdade<\/mark>.<\/p>\n<p>O pedido de <strong>habeas corpus<\/strong> havia sido negado anteriormente, contudo, voltou a ser analisado pela <strong>2\u00aa C\u00e2mara de Direito Criminal<\/strong>, que decidiu pela libera\u00e7\u00e3o do estudante, mediante cumprimento das seguintes medidas cautelares:<\/p>\n<ul class=\"wp-block-list\">\n<li>comparecimento mensal a ju\u00edzo para informar e justificar suas atividades;<\/li>\n<li>proibi\u00e7\u00e3o de manter contato com as testemunhas;<\/li>\n<li>proibi\u00e7\u00e3o de ausentar-se da Comarca;<\/li>\n<li>recolhimento domiciliar no per\u00edodo noturno e dias de folga;<\/li>\n<li>monitora\u00e7\u00e3o eletr\u00f4nica.<\/li>\n<\/ul>\n<p>Conforme o documento, a pris\u00e3o preventiva do estudante foi considerada excessiva pelo relator, o desembargador <strong>Laerte Marrone<\/strong>. Tamb\u00e9m participaram do julgamento <strong>Alex Zilenovski<\/strong>, <strong>Tetsuzo Nambo<\/strong> e <strong>Francisco Orlando<\/strong>.<\/p>\n<p>Segundo o documento do <strong>TJ<\/strong>, apesar de existirem ind\u00edcios dos crimes apontados na investiga\u00e7\u00e3o, <mark style=\"background-color:#fcb900\" class=\"has-inline-color\">Cleiton \u00e9 r\u00e9u prim\u00e1rio, possui bons antecedentes e os fatos n\u00e3o envolveram viol\u00eancia contra pessoas<\/mark>. A corte tamb\u00e9m avaliou que, se ele for condenado, provavelmente n\u00e3o come\u00e7aria a cumprir a pena em regime fechado.<\/p>\n<p>Em nota, o advogado <strong>Jonatas Alves Moraes<\/strong>, que defende o estudante, afirmou que \u201cdesde o in\u00edcio, a defesa sempre confiou na Justi\u00e7a e na correta an\u00e1lise dos fatos, ressaltando que Cleiton \u00e9 prim\u00e1rio, possui bons antecedentes e sempre se colocou \u00e0 disposi\u00e7\u00e3o para colaborar com o processo\u201d.<\/p>\n<figure class=\"wp-block-pullquote\">\n<blockquote>\n<p>A concess\u00e3o da ordem reafirma a import\u00e2ncia do respeito \u00e0s garantias constitucionais e ao princ\u00edpio da proporcionalidade. Seguimos confiantes de que todos os esclarecimentos ser\u00e3o prestados no curso da a\u00e7\u00e3o penal<\/p>\n<\/blockquote>\n<\/figure>\n<h2 class=\"wp-block-heading\"><strong>O caso<\/strong><\/h2>\n<p>A<strong>\u00a0Guarda Civil de Monte Alto<\/strong>, cidade a 80 quil\u00f4metros de\u00a0<strong>Ribeir\u00e3o Preto<\/strong>, deteve tr\u00eas pessoas por maus-tratos com os animais no dia 4 de outubro.<\/p>\n<p>De acordo com o\u00a0<strong>BO (boletim de ocorr\u00eancia)<\/strong>, os suspeitos foram encontrados retirando o sangue de gatos de forma irregular e insalubre. Os agentes chegaram at\u00e9 o local ap\u00f3s uma den\u00fancia de que um homem estaria oferecendo R$ 50 em troca da retirada de sangue dos animais.<\/p>\n<p>A pessoa que denunciou, entrou em contato e foi informada que uma mulher estaria realizando a negocia\u00e7\u00e3o. Essa mulher foi encontrada pelos agentes em uma casa na<strong>\u00a0rua Marciano de Vasconcelos Nogueira<\/strong>.<\/p>\n<p>A pol\u00edcia apreendeu 108 tubos identificados por nome de animal com material que aparente ser sangue de gato, al\u00e9m de seringas, agulhas e tubos anticoagulantes.<\/p>\n<hr class=\"wp-block-separator has-alpha-channel-opacity\"\/>\n<p>SAIBA MAIS<\/p>\n<p>CETRAS recebe filhotes de macaco-prego resgatados durante tentativa de tr\u00e1fico de animais<\/p>\n<h2 class=\"wp-block-heading\"><strong>FIQUE ON<\/strong><\/h2>\n<p>Fique ligado em tudo que acontece em Ribeir\u00e3o Preto e regi\u00e3o. Siga os perfis do\u00a0<strong>acidade on\u00a0<\/strong>no\u00a0<a href=\"https:\/\/www.instagram.com\/acidadeonribeirao\" target=\"_blank\" rel=\"noreferrer noopener\">Instagram\u00a0<\/a>e no\u00a0<a href=\"https:\/\/www.facebook.com\/acidadeonribeirao\/\" target=\"_blank\" rel=\"noreferrer noopener\">Facebook<\/a>.<\/p>\n<p>Receba not\u00edcias do\u00a0<strong>acidade on<\/strong>\u00a0no WhatsApp. Para entrar no grupo,\u00a0basta\u00a0<a href=\"https:\/\/chat.whatsapp.com\/I4nieTEMKlf50pJ28aMemC?mode=ac_t\" target=\"_blank\" rel=\"noreferrer noopener\">clicar aqui<\/a>. Ou, acesse o nosso\u00a0Canal<a href=\"https:\/\/whatsapp.com\/channel\/0029Vb6IQl1JENyAeS57fk2p\" target=\"_blank\" rel=\"noreferrer noopener\">\u00a0clicando aqui<\/a>.<\/p>\n<p>Fa\u00e7a uma den\u00fancia ou sugira uma reportagem sobre Ribeir\u00e3o Preto e regi\u00e3o pelo WhatsApp: 16 99117 7802.<\/p>\n<p>VEJA TAMB\u00c9M<\/p>\n<p>\u2018Habeas Corpus\u2019: qual ser\u00e1 a personagem de Marjorie Estiano na s\u00e9rie?\u00a0<\/p>\n<p><!-- AI CONTENT END 1 -->\n<\/div>\n<p><script async src=\"\/\/www.instagram.com\/embed.js\"><\/script><br \/>\n<br \/><br \/>\n<br \/><a href=\"https:\/\/www.acidadeon.com\/ribeiraopreto\/cotidiano\/justica-concede-liberdade-provisoria-a-estudante-acusado-de-venda-clandestina-de-sangue-gato-no-interior-de-sp\/\">Source link <\/a><\/p>\n<!-- CONTENT END 1 -->\n","protected":false},"excerpt":{"rendered":"<p>O Tribunal de Justi\u00e7a de S\u00e3o Paulo (TJ-SP) concedeu liberdade provis\u00f3ria ao homem acusado de participar de um esquema de coleta e venda irregular de&#8230;<\/p>\n","protected":false},"author":1,"featured_media":78569,"comment_status":"open","ping_status":"open","sticky":false,"template":"","format":"standard","meta":{"advanced_seo_description":"","jetpack_seo_html_title":"","jetpack_seo_noindex":false,"jetpack_post_was_ever_published":false,"_jetpack_newsletter_access":"","_jetpack_dont_email_post_to_subs":false,"_jetpack_newsletter_tier_id":0,"_jetpack_memberships_contains_paywalled_content":false,"_jetpack_memberships_contains_paid_content":false,"footnotes":"","jetpack_publicize_message":"","jetpack_publicize_feature_enabled":true,"jetpack_social_post_already_shared":true,"jetpack_social_options":{"image_generator_settings":{"template":"highway","default_image_id":0,"font":"","enabled":false},"version":2}},"categories":[11],"tags":[],"class_list":["post-80393","post","type-post","status-publish","format-standard","has-post-thumbnail","hentry","category-noticias-de-ribeirao-preto-sp-e-regiao-ismael-colosi"],"jetpack_publicize_connections":[],"jetpack_featured_media_url":"https:\/\/i0.wp.com\/noticiasribeiraopreto.com.br\/wp-content\/uploads\/2025\/10\/WhatsApp-Image-2025-10-13-at-20.12.45_2025-10-13_23-13-07.webp.webp?fit=842%2C516&ssl=1","jetpack-related-posts":[{"id":78568,"url":"https:\/\/noticiasribeiraopreto.com.br\/index.php\/2025\/10\/13\/justica-mantem-estudante-preso-por-suspeita-de-venda-de-sangue-de-gatos-na-regiao-de-ribeirao\/","url_meta":{"origin":80393,"position":0},"title":"Justi\u00e7a mant\u00e9m estudante preso por suspeita de venda de sangue de gatos na regi\u00e3o de Ribeir\u00e3o","author":"noticiasribeiraopreto.com.br","date":"13 de October de 2025","format":false,"excerpt":"A Justi\u00e7a negou o pedido de liberdade do estudante Cleiton Fernando Torres, preso por suspeita de envolvimento em um esquema de venda de sangue de gatos, em Monte Alto, cidade na regi\u00e3o de Ribeir\u00e3o Preto. A defesa do acusado havia pedido uma liminar para que ele respondesse em liberdade. O\u2026","rel":"","context":"In &quot;Not\u00edcias de Ribeir\u00e3o Preto-SP e Regi\u00e3o&quot;","block_context":{"text":"Not\u00edcias de Ribeir\u00e3o Preto-SP e Regi\u00e3o","link":"https:\/\/noticiasribeiraopreto.com.br\/index.php\/category\/noticias-de-ribeirao-preto-sp-e-regiao-ismael-colosi\/"},"img":{"alt_text":"","src":"https:\/\/i0.wp.com\/noticiasribeiraopreto.com.br\/wp-content\/uploads\/2025\/10\/WhatsApp-Image-2025-10-13-at-20.12.45_2025-10-13_23-13-07.webp.webp?fit=842%2C516&ssl=1&resize=350%2C200","width":350,"height":200,"srcset":"https:\/\/i0.wp.com\/noticiasribeiraopreto.com.br\/wp-content\/uploads\/2025\/10\/WhatsApp-Image-2025-10-13-at-20.12.45_2025-10-13_23-13-07.webp.webp?fit=842%2C516&ssl=1&resize=350%2C200 1x, https:\/\/i0.wp.com\/noticiasribeiraopreto.com.br\/wp-content\/uploads\/2025\/10\/WhatsApp-Image-2025-10-13-at-20.12.45_2025-10-13_23-13-07.webp.webp?fit=842%2C516&ssl=1&resize=525%2C300 1.5x, https:\/\/i0.wp.com\/noticiasribeiraopreto.com.br\/wp-content\/uploads\/2025\/10\/WhatsApp-Image-2025-10-13-at-20.12.45_2025-10-13_23-13-07.webp.webp?fit=842%2C516&ssl=1&resize=700%2C400 2x"},"classes":[]},{"id":78251,"url":"https:\/\/noticiasribeiraopreto.com.br\/index.php\/2025\/10\/07\/gcm-flagra-esquema-clandestino-de-coleta-de-sangue-de-gatos-na-regiao\/","url_meta":{"origin":80393,"position":1},"title":"GCM flagra esquema clandestino de coleta de sangue de gatos na regi\u00e3o","author":"noticiasribeiraopreto.com.br","date":"7 de October de 2025","format":false,"excerpt":"Cinco gatos estavam anestesiados para retirada de plasma felino e um deles precisou ser socorrido com urg\u00eancia 6 de outubro de 2025 11:306 de outubro de 2025 11:55101 Compartilhar3 Por: Adalberto Luque Uma investiga\u00e7\u00e3o levou a Guarda Civil Municipal e a Secretaria de Meio Ambiente, ambos de Monte Alto, at\u00e9\u2026","rel":"","context":"In &quot;Not\u00edcias de Ribeir\u00e3o Preto-SP e Regi\u00e3o&quot;","block_context":{"text":"Not\u00edcias de Ribeir\u00e3o Preto-SP e Regi\u00e3o","link":"https:\/\/noticiasribeiraopreto.com.br\/index.php\/category\/noticias-de-ribeirao-preto-sp-e-regiao-ismael-colosi\/"},"img":{"alt_text":"","src":"https:\/\/i0.wp.com\/noticiasribeiraopreto.com.br\/wp-content\/uploads\/2025\/10\/06-out-2025-sanguedegato.jpg?fit=960%2C691&ssl=1&resize=350%2C200","width":350,"height":200,"srcset":"https:\/\/i0.wp.com\/noticiasribeiraopreto.com.br\/wp-content\/uploads\/2025\/10\/06-out-2025-sanguedegato.jpg?fit=960%2C691&ssl=1&resize=350%2C200 1x, https:\/\/i0.wp.com\/noticiasribeiraopreto.com.br\/wp-content\/uploads\/2025\/10\/06-out-2025-sanguedegato.jpg?fit=960%2C691&ssl=1&resize=525%2C300 1.5x, https:\/\/i0.wp.com\/noticiasribeiraopreto.com.br\/wp-content\/uploads\/2025\/10\/06-out-2025-sanguedegato.jpg?fit=960%2C691&ssl=1&resize=700%2C400 2x"},"classes":[]},{"id":63459,"url":"https:\/\/noticiasribeiraopreto.com.br\/index.php\/2025\/02\/13\/medico-acusado-de-atropelamento-perseguicao-e-desacato-e-solto-pela-justica-em-ribeirao-preto\/","url_meta":{"origin":80393,"position":2},"title":"M\u00e9dico acusado de atropelamento, persegui\u00e7\u00e3o e desacato \u00e9 solto pela Justi\u00e7a em Ribeir\u00e3o Preto","author":"noticiasribeiraopreto.com.br","date":"13 de February de 2025","format":false,"excerpt":"O m\u00e9dico Natanael \u00c2ngelo Stuque Matos Vaz, que foi preso no dia 5 de fevereiro ap\u00f3s atropelar uma motociclista, perseguir uma testemunha e desacatar policiais militares em Ribeir\u00e3o Preto, teve a liberdade provis\u00f3ria concedida pela Justi\u00e7a. A decis\u00e3o foi tomada pelo juiz Sylvio Ribeiro de Souza Neto, que destacou alguns\u2026","rel":"","context":"In &quot;Not\u00edcias de Ribeir\u00e3o Preto-SP e Regi\u00e3o&quot;","block_context":{"text":"Not\u00edcias de Ribeir\u00e3o Preto-SP e Regi\u00e3o","link":"https:\/\/noticiasribeiraopreto.com.br\/index.php\/category\/noticias-de-ribeirao-preto-sp-e-regiao-ismael-colosi\/"},"img":{"alt_text":"","src":"https:\/\/i0.wp.com\/noticiasribeiraopreto.com.br\/wp-content\/uploads\/2025\/02\/Copia-de-Copia-de-Copia-de-TAMANHO-EXATO-PARA-FOTOS-NO-SISTEMA-NOVO-2025-02-06T203922.115_2025-02-06_23-39-54_png_2025-02-06_23-39-54.webp.webp?fit=1200%2C675&ssl=1&resize=350%2C200","width":350,"height":200,"srcset":"https:\/\/i0.wp.com\/noticiasribeiraopreto.com.br\/wp-content\/uploads\/2025\/02\/Copia-de-Copia-de-Copia-de-TAMANHO-EXATO-PARA-FOTOS-NO-SISTEMA-NOVO-2025-02-06T203922.115_2025-02-06_23-39-54_png_2025-02-06_23-39-54.webp.webp?fit=1200%2C675&ssl=1&resize=350%2C200 1x, https:\/\/i0.wp.com\/noticiasribeiraopreto.com.br\/wp-content\/uploads\/2025\/02\/Copia-de-Copia-de-Copia-de-TAMANHO-EXATO-PARA-FOTOS-NO-SISTEMA-NOVO-2025-02-06T203922.115_2025-02-06_23-39-54_png_2025-02-06_23-39-54.webp.webp?fit=1200%2C675&ssl=1&resize=525%2C300 1.5x, https:\/\/i0.wp.com\/noticiasribeiraopreto.com.br\/wp-content\/uploads\/2025\/02\/Copia-de-Copia-de-Copia-de-TAMANHO-EXATO-PARA-FOTOS-NO-SISTEMA-NOVO-2025-02-06T203922.115_2025-02-06_23-39-54_png_2025-02-06_23-39-54.webp.webp?fit=1200%2C675&ssl=1&resize=700%2C400 2x, https:\/\/i0.wp.com\/noticiasribeiraopreto.com.br\/wp-content\/uploads\/2025\/02\/Copia-de-Copia-de-Copia-de-TAMANHO-EXATO-PARA-FOTOS-NO-SISTEMA-NOVO-2025-02-06T203922.115_2025-02-06_23-39-54_png_2025-02-06_23-39-54.webp.webp?fit=1200%2C675&ssl=1&resize=1050%2C600 3x"},"classes":[]},{"id":78576,"url":"https:\/\/noticiasribeiraopreto.com.br\/index.php\/2025\/10\/14\/homem-acusado-de-violencia-domestica-e-morto-em-acao-da-pm-em-ribeirao-preto\/","url_meta":{"origin":80393,"position":3},"title":"Homem acusado de viol\u00eancia dom\u00e9stica \u00e9 morto em a\u00e7\u00e3o da PM em Ribeir\u00e3o Preto","author":"noticiasribeiraopreto.com.br","date":"14 de October de 2025","format":false,"excerpt":"Um homem foi morto em uma a\u00e7\u00e3o da PM (Pol\u00edcia Militar) na noite de segunda-feira (13), na Vila Tib\u00e9rio, zona Oeste de Ribeir\u00e3o Preto. Segundo a pol\u00edcia, a equipe foi chamada para atender uma ocorr\u00eancia de viol\u00eancia dom\u00e9stica, em que o homem amea\u00e7ava sua companheira em casa, na rua Constitui\u00e7\u00e3o.\u2026","rel":"","context":"In &quot;Not\u00edcias de Ribeir\u00e3o Preto-SP e Regi\u00e3o&quot;","block_context":{"text":"Not\u00edcias de Ribeir\u00e3o Preto-SP e Regi\u00e3o","link":"https:\/\/noticiasribeiraopreto.com.br\/index.php\/category\/noticias-de-ribeirao-preto-sp-e-regiao-ismael-colosi\/"},"img":{"alt_text":"","src":"https:\/\/i0.wp.com\/noticiasribeiraopreto.com.br\/wp-content\/uploads\/2025\/10\/WhatsApp-Image-2025-10-13-at-22.47.21_2025-10-14_09-24-42.webp.webp?fit=984%2C549&ssl=1&resize=350%2C200","width":350,"height":200,"srcset":"https:\/\/i0.wp.com\/noticiasribeiraopreto.com.br\/wp-content\/uploads\/2025\/10\/WhatsApp-Image-2025-10-13-at-22.47.21_2025-10-14_09-24-42.webp.webp?fit=984%2C549&ssl=1&resize=350%2C200 1x, https:\/\/i0.wp.com\/noticiasribeiraopreto.com.br\/wp-content\/uploads\/2025\/10\/WhatsApp-Image-2025-10-13-at-22.47.21_2025-10-14_09-24-42.webp.webp?fit=984%2C549&ssl=1&resize=525%2C300 1.5x, https:\/\/i0.wp.com\/noticiasribeiraopreto.com.br\/wp-content\/uploads\/2025\/10\/WhatsApp-Image-2025-10-13-at-22.47.21_2025-10-14_09-24-42.webp.webp?fit=984%2C549&ssl=1&resize=700%2C400 2x"},"classes":[]},{"id":77349,"url":"https:\/\/noticiasribeiraopreto.com.br\/index.php\/2025\/09\/16\/justica-concede-liberdade-provisoria-a-familia-suspeita-de-desviar-produtos-de-distribuidora\/","url_meta":{"origin":80393,"position":4},"title":"Justi\u00e7a concede liberdade provis\u00f3ria a fam\u00edlia suspeita de desviar produtos de distribuidora","author":"noticiasribeiraopreto.com.br","date":"16 de September de 2025","format":false,"excerpt":"O TJ-SP (Tribunal de Justi\u00e7a de S\u00e3o Paulo) concedeu, nesta ter\u00e7a-feira (16), liberdade provis\u00f3ria ao pai, a m\u00e3e e o filho suspeitos de participarem de um esquema de furto e recepta\u00e7\u00e3o de mercadorias de uma distribuidora. H\u00e9lio Alves Rico, Ivone De Paula Moreira Rico e Wilyesley Moreira Rico foram presos\u2026","rel":"","context":"In &quot;Not\u00edcias de Ribeir\u00e3o Preto-SP e Regi\u00e3o&quot;","block_context":{"text":"Not\u00edcias de Ribeir\u00e3o Preto-SP e Regi\u00e3o","link":"https:\/\/noticiasribeiraopreto.com.br\/index.php\/category\/noticias-de-ribeirao-preto-sp-e-regiao-ismael-colosi\/"},"img":{"alt_text":"","src":"https:\/\/i0.wp.com\/noticiasribeiraopreto.com.br\/wp-content\/uploads\/2025\/09\/Copia-de-Copia-de-Copia-de-TAMANHO-EXATO-PARA-FOTOS-NO-SISTEMA-NOVO-2025-09-16T165928.735_2025-09-16_19-59-34.webp.webp?fit=1200%2C675&ssl=1&resize=350%2C200","width":350,"height":200,"srcset":"https:\/\/i0.wp.com\/noticiasribeiraopreto.com.br\/wp-content\/uploads\/2025\/09\/Copia-de-Copia-de-Copia-de-TAMANHO-EXATO-PARA-FOTOS-NO-SISTEMA-NOVO-2025-09-16T165928.735_2025-09-16_19-59-34.webp.webp?fit=1200%2C675&ssl=1&resize=350%2C200 1x, https:\/\/i0.wp.com\/noticiasribeiraopreto.com.br\/wp-content\/uploads\/2025\/09\/Copia-de-Copia-de-Copia-de-TAMANHO-EXATO-PARA-FOTOS-NO-SISTEMA-NOVO-2025-09-16T165928.735_2025-09-16_19-59-34.webp.webp?fit=1200%2C675&ssl=1&resize=525%2C300 1.5x, https:\/\/i0.wp.com\/noticiasribeiraopreto.com.br\/wp-content\/uploads\/2025\/09\/Copia-de-Copia-de-Copia-de-TAMANHO-EXATO-PARA-FOTOS-NO-SISTEMA-NOVO-2025-09-16T165928.735_2025-09-16_19-59-34.webp.webp?fit=1200%2C675&ssl=1&resize=700%2C400 2x, https:\/\/i0.wp.com\/noticiasribeiraopreto.com.br\/wp-content\/uploads\/2025\/09\/Copia-de-Copia-de-Copia-de-TAMANHO-EXATO-PARA-FOTOS-NO-SISTEMA-NOVO-2025-09-16T165928.735_2025-09-16_19-59-34.webp.webp?fit=1200%2C675&ssl=1&resize=1050%2C600 3x"},"classes":[]},{"id":44328,"url":"https:\/\/noticiasribeiraopreto.com.br\/index.php\/2024\/03\/27\/justica-concede-liberdade-para-mulher-presa-apos-confusao-em-posto-de-ribeirao\/","url_meta":{"origin":80393,"position":5},"title":"Justi\u00e7a concede liberdade para mulher presa ap\u00f3s confus\u00e3o em posto de Ribeir\u00e3o","author":"noticiasribeiraopreto.com.br","date":"27 de March de 2024","format":false,"excerpt":"A Justi\u00e7a de Ribeir\u00e3o Preto concedeu a liberdade provis\u00f3ria para Ana Paula Junqueira, que foi presa ap\u00f3s uma confus\u00e3o na loja de conveni\u00eancia de um posto de combust\u00edveis do Jardim Paulista, no \u00faltimo dia 16 de mar\u00e7o. De acordo com a decis\u00e3o da ju\u00edza Ilona Marcia Bittencourt Cruz, da 5\u00aa\u2026","rel":"","context":"In &quot;Not\u00edcias de Ribeir\u00e3o Preto-SP e Regi\u00e3o&quot;","block_context":{"text":"Not\u00edcias de Ribeir\u00e3o Preto-SP e Regi\u00e3o","link":"https:\/\/noticiasribeiraopreto.com.br\/index.php\/category\/noticias-de-ribeirao-preto-sp-e-regiao-ismael-colosi\/"},"img":{"alt_text":"","src":"https:\/\/i0.wp.com\/noticiasribeiraopreto.com.br\/wp-content\/uploads\/2024\/03\/AnyConv.com__ana-paula-junqueira.webp.webp?fit=1200%2C674&ssl=1&resize=350%2C200","width":350,"height":200,"srcset":"https:\/\/i0.wp.com\/noticiasribeiraopreto.com.br\/wp-content\/uploads\/2024\/03\/AnyConv.com__ana-paula-junqueira.webp.webp?fit=1200%2C674&ssl=1&resize=350%2C200 1x, https:\/\/i0.wp.com\/noticiasribeiraopreto.com.br\/wp-content\/uploads\/2024\/03\/AnyConv.com__ana-paula-junqueira.webp.webp?fit=1200%2C674&ssl=1&resize=525%2C300 1.5x, https:\/\/i0.wp.com\/noticiasribeiraopreto.com.br\/wp-content\/uploads\/2024\/03\/AnyConv.com__ana-paula-junqueira.webp.webp?fit=1200%2C674&ssl=1&resize=700%2C400 2x, https:\/\/i0.wp.com\/noticiasribeiraopreto.com.br\/wp-content\/uploads\/2024\/03\/AnyConv.com__ana-paula-junqueira.webp.webp?fit=1200%2C674&ssl=1&resize=1050%2C600 3x"},"classes":[]}],"jetpack_sharing_enabled":true,"jetpack_shortlink":"https:\/\/wp.me\/peQAOb-kUF","_links":{"self":[{"href":"https:\/\/noticiasribeiraopreto.com.br\/index.php\/wp-json\/wp\/v2\/posts\/80393","targetHints":{"allow":["GET"]}}],"collection":[{"href":"https:\/\/noticiasribeiraopreto.com.br\/index.php\/wp-json\/wp\/v2\/posts"}],"about":[{"href":"https:\/\/noticiasribeiraopreto.com.br\/index.php\/wp-json\/wp\/v2\/types\/post"}],"author":[{"embeddable":true,"href":"https:\/\/noticiasribeiraopreto.com.br\/index.php\/wp-json\/wp\/v2\/users\/1"}],"replies":[{"embeddable":true,"href":"https:\/\/noticiasribeiraopreto.com.br\/index.php\/wp-json\/wp\/v2\/comments?post=80393"}],"version-history":[{"count":0,"href":"https:\/\/noticiasribeiraopreto.com.br\/index.php\/wp-json\/wp\/v2\/posts\/80393\/revisions"}],"wp:featuredmedia":[{"embeddable":true,"href":"https:\/\/noticiasribeiraopreto.com.br\/index.php\/wp-json\/wp\/v2\/media\/78569"}],"wp:attachment":[{"href":"https:\/\/noticiasribeiraopreto.com.br\/index.php\/wp-json\/wp\/v2\/media?parent=80393"}],"wp:term":[{"taxonomy":"category","embeddable":true,"href":"https:\/\/noticiasribeiraopreto.com.br\/index.php\/wp-json\/wp\/v2\/categories?post=80393"},{"taxonomy":"post_tag","embeddable":true,"href":"https:\/\/noticiasribeiraopreto.com.br\/index.php\/wp-json\/wp\/v2\/tags?post=80393"}],"curies":[{"name":"wp","href":"https:\/\/api.w.org\/{rel}","templated":true}]}}