{"id":80394,"date":"2025-12-03T09:57:04","date_gmt":"2025-12-03T12:57:04","guid":{"rendered":"https:\/\/noticiasribeiraopreto.com.br\/index.php\/2025\/12\/03\/protocolo-antiescorpiao-prioriza-criancas-tribuna-ribeirao\/"},"modified":"2025-12-03T09:57:04","modified_gmt":"2025-12-03T12:57:04","slug":"protocolo-antiescorpiao-prioriza-criancas-tribuna-ribeirao","status":"publish","type":"post","link":"https:\/\/noticiasribeiraopreto.com.br\/index.php\/2025\/12\/03\/protocolo-antiescorpiao-prioriza-criancas-tribuna-ribeirao\/","title":{"rendered":"Protocolo antiescorpi\u00e3o \u2028prioriza crian\u00e7as &#8211; Tribuna Ribeir\u00e3o"},"content":{"rendered":"<div class='code-block code-block-1' style='margin: 8px 0 8px auto; text-align: right; display: block; clear: both;'>\n<p><a href=\"https:\/\/wa.link\/vpicfd\"><img data-recalc-dims=\"1\" class=\"wp-image-4922\" style=\"aspect-ratio: 2.0253164556962027; width: 561px; height: auto;\" src=\"https:\/\/i0.wp.com\/ismaelcolosi.com.br\/wp-content\/uploads\/2023\/11\/grupo-de-empregos-whatsapp-e-facebook-ismael-colosi-vagas.jpg?ssl=1\" alt=\"\" \/><\/a><\/p>\n<!-- \/wp:image -->\n<\/div>\n<p> <br \/>\n<\/p>\n<div>\n<p><em>Mudan\u00e7a busca agilizar atendimentos pedi\u00e1tricos e organizar fluxos de casos moderados a graves; crian\u00e7as t~em livre acesso ao Hospital das Cl\u00ednicas\u2028\u2028<\/em><\/p>\n<p>A prefeitura de Ribeir\u00e3o Preto, por meio da Secretaria Municipal da Sa\u00fade atualizou o protocolo para atendimento a v\u00edtimas de acidentes com escorpi\u00f5es. A partir de agora, crian\u00e7as de zero a 10 anos t\u00eam acesso direto ao Hospital das Cl\u00ednicas \u2013 Unidade de Emerg\u00eancia (HC-UE) para avalia\u00e7\u00e3o imediata e poss\u00edvel administra\u00e7\u00e3o de soro antiescorpi\u00f4nico.<\/p>\n<p>De acordo com Luzia M\u00e1rcia Romanholi Passos, subsecret\u00e1ria de Vigil\u00e2ncia em Sa\u00fade, a atualiza\u00e7\u00e3o busca agilizar o atendimento de casos potencialmente graves e reduzir o tempo entre a picada e a assist\u00eancia m\u00e9dica, considerado determinante para o desfecho cl\u00ednico em crian\u00e7as pequenas.<\/p>\n<p>Para pacientes acima de 11 anos, a orienta\u00e7\u00e3o permanece a de procurar a Unidade de Pronto Atendimento (UPA) mais pr\u00f3xima para avalia\u00e7\u00e3o inicial. Somente casos classificados como moderados ou graves, ap\u00f3s avalia\u00e7\u00e3o m\u00e9dica nas unidades, ser\u00e3o encaminhados ao HC-UE caso haja necessidade de tratamento especializado ou uso de soro.<\/p>\n<p>A revis\u00e3o do protocolo ocorre em meio ao aumento de notifica\u00e7\u00f5es de escorpi\u00f5es em \u00e1reas urbanas, fen\u00f4meno associado ao calor, ao per\u00edodo de chuvas e \u00e0 expans\u00e3o de habitats favor\u00e1veis ao animal. Ribeir\u00e3o Preto soma 1.531 ataques de escorpi\u00e3o em dez meses deste ano, de janeiro a outubro, m\u00e9dia de um caso a cada cinco horas. \u2028\u2028O n\u00famero j\u00e1 \u00e9 1,93% superior as 1.502 ocorr\u00eancias de 2024 inteiro, 29 a mais.<\/p>\n<p>Aumentou na passagem de setembro para outubro, de 174 para 183. S\u00e3o nove a mais e alta de 5,17%. Na compara\u00e7\u00e3o interanual, entre os meses de outubro, s\u00e3o 15 a mais em 2025, alta de 8,93%, passando de 168 em 2024 para 183.<\/p>\n<p>Entre 1\u00ba de janeiro e 31 de dezembro do ano passado, a Divis\u00e3o de Vigil\u00e2ncia Epidemiol\u00f3gica do Departamento de Vigil\u00e2ncia em Sa\u00fade (Devisa) registrou 1.502 ataques de escorpi\u00e3o em Ribeir\u00e3o Preto (quatro por dia), contra 2.037 de 2023. S\u00e3o 535 a menos e queda de 26,26%. \u2028\u2028Ribeir\u00e3o Preto encerrou 2023 com recorde absoluto de ocorr\u00eancias envolvendo ataques de escorpi\u00e3o.<\/p>\n<p>Pela primeira vez, o total superou a barreira de dois mil casos. A m\u00e9dia ficou em cinco por dia. Desde 2012, s\u00e3o 13.622 ocorr\u00eancias, duas por dia. Por\u00e9m, at\u00e9 2019, quando foram constatados 1.534 casos, n\u00e3o havia ultrapassado a barreira dos tr\u00eas d\u00edgitos.<\/p>\n<p><strong>Mortes<\/strong> \u2013 Ribeir\u00e3o Preto fechou 2023 com duas mortes por ataque de escorpi\u00e3o. Um menino de seis anos morreu em 19 de agosto, ap\u00f3s ter sido picado por um escorpi\u00e3o dentro de seu quarto, na cama, na Vila Carvalho, Zona Norte da cidade. \u2028\u2028Um m\u00eas antes, em 19 de julho, uma menina de quatro anos morreu ap\u00f3s ataque no Jardim Jandaia, na mesma regi\u00e3o. Em treze anos, foram constatados, em Ribeir\u00e3o Preto, seis \u00f3bitos em decorr\u00eancia de picadas de escorpi\u00e3o: um em 2018, outro em 2020, dois em 2021 e dois em 2023.<\/p>\n<p>\u201c\u00c9 importante buscar atendimento imediato diante de qualquer suspeita de picada. Sintomas como dor intensa, v\u00f4mitos, sudorese e altera\u00e7\u00e3o no ritmo card\u00edaco exigem avalia\u00e7\u00e3o urgente, especialmente em crian\u00e7as pequenas, consideradas mais vulner\u00e1veis aos efeitos do veneno\u201d, afirmou Luzia.<\/p>\n<p>O HC-UE fica na rua Bernardino de Campos n\u00ba 1.000, no Centro. A principal forma de evitar acidentes \u00e9 manter os ambientes limpos e eliminar locais que possam servir de abrigo ou alimento para escorpi\u00f5es. Entre as medidas recomendadas est\u00e3o manter quintais, jardins e terrenos pr\u00f3ximos sempre limpos.\u2028\u2028Evitar ac\u00famulo de entulhos, lixo, folhas secas e materiais de constru\u00e7\u00e3o; aparar a grama; sacudir roupas e sapatos antes do uso; usar luvas e cal\u00e7ados ao manusear entulhos; vedar portas, janelas, frestas, ralos e v\u00e3os; manter camas afastadas das paredes e roupas de cama longe do ch\u00e3o; e acondicionar corretamente o lixo para evitar baratas.<\/p>\n<\/div>\n<p><br \/>\n<br \/><a href=\"https:\/\/www.tribunaribeirao.com.br\/protocolo-antiescorpiao-prioriza-criancas\/\">Source link <\/a><\/p>\n<!-- CONTENT END 1 -->\n","protected":false},"excerpt":{"rendered":"<p>Mudan\u00e7a busca agilizar atendimentos pedi\u00e1tricos e organizar fluxos de casos moderados a graves; crian\u00e7as t~em livre acesso ao Hospital das Cl\u00ednicas\u2028\u2028 A prefeitura de Ribeir\u00e3o&#8230;<\/p>\n","protected":false},"author":1,"featured_media":80395,"comment_status":"open","ping_status":"open","sticky":false,"template":"","format":"standard","meta":{"advanced_seo_description":"","jetpack_seo_html_title":"","jetpack_seo_noindex":false,"jetpack_post_was_ever_published":false,"_jetpack_newsletter_access":"","_jetpack_dont_email_post_to_subs":false,"_jetpack_newsletter_tier_id":0,"_jetpack_memberships_contains_paywalled_content":false,"_jetpack_memberships_contains_paid_content":false,"footnotes":"","jetpack_publicize_message":"","jetpack_publicize_feature_enabled":true,"jetpack_social_post_already_shared":true,"jetpack_social_options":{"image_generator_settings":{"template":"highway","default_image_id":0,"font":"","enabled":false},"version":2}},"categories":[11],"tags":[],"class_list":["post-80394","post","type-post","status-publish","format-standard","has-post-thumbnail","hentry","category-noticias-de-ribeirao-preto-sp-e-regiao-ismael-colosi"],"jetpack_publicize_connections":[],"jetpack_featured_media_url":"https:\/\/i0.wp.com\/noticiasribeiraopreto.com.br\/wp-content\/uploads\/2025\/12\/Escorpiao-Reproducao.jpg?fit=1200%2C675&ssl=1","jetpack-related-posts":[{"id":80420,"url":"https:\/\/noticiasribeiraopreto.com.br\/index.php\/2025\/12\/03\/saiba-o-que-fazer-se-seu-filho-for-picado-por-escorpiao-em-ribeirao-preto\/","url_meta":{"origin":80394,"position":0},"title":"Saiba o que fazer se seu filho for picado por escorpi\u00e3o em Ribeir\u00e3o Preto","author":"noticiasribeiraopreto.com.br","date":"3 de December de 2025","format":false,"excerpt":"A Secretaria Municipal da Sa\u00fade de Ribeir\u00e3o Preto atualizou o protocolo de atendimento a v\u00edtimas de acidentes com escorpi\u00e3o. A partir de agora, crian\u00e7as de 0 a 10 anos t\u00eam acesso direto ao HC-UE (Hospital das Cl\u00ednicas Unidade de Emerg\u00eancia) para avalia\u00e7\u00e3o imediata e poss\u00edvel administra\u00e7\u00e3o de soro antiescorpi\u00f4nico. De\u2026","rel":"","context":"In &quot;Not\u00edcias de Ribeir\u00e3o Preto-SP e Regi\u00e3o&quot;","block_context":{"text":"Not\u00edcias de Ribeir\u00e3o Preto-SP e Regi\u00e3o","link":"https:\/\/noticiasribeiraopreto.com.br\/index.php\/category\/noticias-de-ribeirao-preto-sp-e-regiao-ismael-colosi\/"},"img":{"alt_text":"","src":"https:\/\/i0.wp.com\/noticiasribeiraopreto.com.br\/wp-content\/uploads\/2025\/08\/Copia-de-Copia-de-Copia-de-TAMANHO-EXATO-PARA-FOTOS-NO-SISTEMA-NOVO-2025-08-05T161300.519_2025-08-05_19-14-16.webp.webp?fit=1200%2C675&ssl=1&resize=350%2C200","width":350,"height":200,"srcset":"https:\/\/i0.wp.com\/noticiasribeiraopreto.com.br\/wp-content\/uploads\/2025\/08\/Copia-de-Copia-de-Copia-de-TAMANHO-EXATO-PARA-FOTOS-NO-SISTEMA-NOVO-2025-08-05T161300.519_2025-08-05_19-14-16.webp.webp?fit=1200%2C675&ssl=1&resize=350%2C200 1x, https:\/\/i0.wp.com\/noticiasribeiraopreto.com.br\/wp-content\/uploads\/2025\/08\/Copia-de-Copia-de-Copia-de-TAMANHO-EXATO-PARA-FOTOS-NO-SISTEMA-NOVO-2025-08-05T161300.519_2025-08-05_19-14-16.webp.webp?fit=1200%2C675&ssl=1&resize=525%2C300 1.5x, https:\/\/i0.wp.com\/noticiasribeiraopreto.com.br\/wp-content\/uploads\/2025\/08\/Copia-de-Copia-de-Copia-de-TAMANHO-EXATO-PARA-FOTOS-NO-SISTEMA-NOVO-2025-08-05T161300.519_2025-08-05_19-14-16.webp.webp?fit=1200%2C675&ssl=1&resize=700%2C400 2x, https:\/\/i0.wp.com\/noticiasribeiraopreto.com.br\/wp-content\/uploads\/2025\/08\/Copia-de-Copia-de-Copia-de-TAMANHO-EXATO-PARA-FOTOS-NO-SISTEMA-NOVO-2025-08-05T161300.519_2025-08-05_19-14-16.webp.webp?fit=1200%2C675&ssl=1&resize=1050%2C600 3x"},"classes":[]},{"id":72170,"url":"https:\/\/noticiasribeiraopreto.com.br\/index.php\/2025\/06\/13\/ribeirao-preto-adota-novo-protocolo-para-diagnostico-precoce-do-autismo\/","url_meta":{"origin":80394,"position":1},"title":"Ribeir\u00e3o Preto adota novo protocolo para diagn\u00f3stico precoce do autismo","author":"noticiasribeiraopreto.com.br","date":"13 de June de 2025","format":false,"excerpt":"Ribeir\u00e3o Preto inicia nesta segunda-feira (16), um protocolo padronizado para a identifica\u00e7\u00e3o precoce de sinais sugestivos do TEA (Transtorno do Espectro Autista) nas UBSs (Unidades B\u00e1sicas de Sa\u00fade) do munic\u00edpio. >>>FIQUE POR DENTRO: Ribeir\u00e3o Preto tem 1,3% da popula\u00e7\u00e3o diagnosticada com autismo O novo protocolo estabelece diretrizes para o acolhimento,\u2026","rel":"","context":"In &quot;Not\u00edcias de Ribeir\u00e3o Preto-SP e Regi\u00e3o&quot;","block_context":{"text":"Not\u00edcias de Ribeir\u00e3o Preto-SP e Regi\u00e3o","link":"https:\/\/noticiasribeiraopreto.com.br\/index.php\/category\/noticias-de-ribeirao-preto-sp-e-regiao-ismael-colosi\/"},"img":{"alt_text":"","src":"https:\/\/i0.wp.com\/noticiasribeiraopreto.com.br\/wp-content\/uploads\/2025\/06\/21049_e25c27d8-3d58-9f9a-bca4-7f1518bdb597_2025-06-13_22-13-02.webp.webp?fit=1200%2C800&ssl=1&resize=350%2C200","width":350,"height":200,"srcset":"https:\/\/i0.wp.com\/noticiasribeiraopreto.com.br\/wp-content\/uploads\/2025\/06\/21049_e25c27d8-3d58-9f9a-bca4-7f1518bdb597_2025-06-13_22-13-02.webp.webp?fit=1200%2C800&ssl=1&resize=350%2C200 1x, https:\/\/i0.wp.com\/noticiasribeiraopreto.com.br\/wp-content\/uploads\/2025\/06\/21049_e25c27d8-3d58-9f9a-bca4-7f1518bdb597_2025-06-13_22-13-02.webp.webp?fit=1200%2C800&ssl=1&resize=525%2C300 1.5x, https:\/\/i0.wp.com\/noticiasribeiraopreto.com.br\/wp-content\/uploads\/2025\/06\/21049_e25c27d8-3d58-9f9a-bca4-7f1518bdb597_2025-06-13_22-13-02.webp.webp?fit=1200%2C800&ssl=1&resize=700%2C400 2x, https:\/\/i0.wp.com\/noticiasribeiraopreto.com.br\/wp-content\/uploads\/2025\/06\/21049_e25c27d8-3d58-9f9a-bca4-7f1518bdb597_2025-06-13_22-13-02.webp.webp?fit=1200%2C800&ssl=1&resize=1050%2C600 3x"},"classes":[]},{"id":83451,"url":"https:\/\/noticiasribeiraopreto.com.br\/index.php\/2026\/03\/18\/ribeirao-preto-endurece-regras-para-atestados-medicos-em-upas-entenda\/","url_meta":{"origin":80394,"position":2},"title":"Ribeir\u00e3o Preto endurece regras para atestados m\u00e9dicos em UPAs; entenda","author":"noticiasribeiraopreto.com.br","date":"18 de March de 2026","format":false,"excerpt":"A Secretaria Municipal da Sa\u00fade de Ribeir\u00e3o Preto instituiu um protocolo orientador para a emiss\u00e3o de atestados m\u00e9dicos nas UPAs (Unidades de Pronto Atendimento). De acordo com a pasta, o Programa Atestado Seguro estabelece crit\u00e9rios para a concess\u00e3o do documento e busca organizar o fluxo de pacientes nas unidades de\u2026","rel":"","context":"In &quot;Not\u00edcias de Ribeir\u00e3o Preto-SP e Regi\u00e3o&quot;","block_context":{"text":"Not\u00edcias de Ribeir\u00e3o Preto-SP e Regi\u00e3o","link":"https:\/\/noticiasribeiraopreto.com.br\/index.php\/category\/noticias-de-ribeirao-preto-sp-e-regiao-ismael-colosi\/"},"img":{"alt_text":"","src":"https:\/\/i0.wp.com\/noticiasribeiraopreto.com.br\/wp-content\/uploads\/2026\/03\/upa-norte_2026-03-18_19-50-06.webp.webp?fit=1200%2C800&ssl=1&resize=350%2C200","width":350,"height":200,"srcset":"https:\/\/i0.wp.com\/noticiasribeiraopreto.com.br\/wp-content\/uploads\/2026\/03\/upa-norte_2026-03-18_19-50-06.webp.webp?fit=1200%2C800&ssl=1&resize=350%2C200 1x, https:\/\/i0.wp.com\/noticiasribeiraopreto.com.br\/wp-content\/uploads\/2026\/03\/upa-norte_2026-03-18_19-50-06.webp.webp?fit=1200%2C800&ssl=1&resize=525%2C300 1.5x, https:\/\/i0.wp.com\/noticiasribeiraopreto.com.br\/wp-content\/uploads\/2026\/03\/upa-norte_2026-03-18_19-50-06.webp.webp?fit=1200%2C800&ssl=1&resize=700%2C400 2x, https:\/\/i0.wp.com\/noticiasribeiraopreto.com.br\/wp-content\/uploads\/2026\/03\/upa-norte_2026-03-18_19-50-06.webp.webp?fit=1200%2C800&ssl=1&resize=1050%2C600 3x"},"classes":[]},{"id":83415,"url":"https:\/\/noticiasribeiraopreto.com.br\/index.php\/2026\/03\/18\/upas-emitem-58-158-atestados-em-ribeirao\/","url_meta":{"origin":80394,"position":3},"title":"UPAs emitem 58.158 atestados em Ribeir\u00e3o","author":"noticiasribeiraopreto.com.br","date":"18 de March de 2026","format":false,"excerpt":"\r \r \r 18 de mar\u00e7o de 2026 06:3618 de mar\u00e7o de 2026 01:45 \r Compartilhar0 Segunda-feira concentra o maior n\u00famero de emiss\u00f5es, com 10.628 atestados, seguida pela quinta, com 10.235 Dados da Secretaria Municipal da Sa\u00fade indicam que, apenas em janeiro e fevereiro deste ano, foram emitidos 58.158 atestados\u2026","rel":"","context":"In &quot;Not\u00edcias de Ribeir\u00e3o Preto-SP e Regi\u00e3o&quot;","block_context":{"text":"Not\u00edcias de Ribeir\u00e3o Preto-SP e Regi\u00e3o","link":"https:\/\/noticiasribeiraopreto.com.br\/index.php\/category\/noticias-de-ribeirao-preto-sp-e-regiao-ismael-colosi\/"},"img":{"alt_text":"","src":"https:\/\/i0.wp.com\/noticiasribeiraopreto.com.br\/wp-content\/uploads\/2026\/03\/Atestados-Fernado-Gonzaga-scaled.jpg?fit=1170%2C780&ssl=1&resize=350%2C200","width":350,"height":200,"srcset":"https:\/\/i0.wp.com\/noticiasribeiraopreto.com.br\/wp-content\/uploads\/2026\/03\/Atestados-Fernado-Gonzaga-scaled.jpg?fit=1170%2C780&ssl=1&resize=350%2C200 1x, https:\/\/i0.wp.com\/noticiasribeiraopreto.com.br\/wp-content\/uploads\/2026\/03\/Atestados-Fernado-Gonzaga-scaled.jpg?fit=1170%2C780&ssl=1&resize=525%2C300 1.5x, https:\/\/i0.wp.com\/noticiasribeiraopreto.com.br\/wp-content\/uploads\/2026\/03\/Atestados-Fernado-Gonzaga-scaled.jpg?fit=1170%2C780&ssl=1&resize=700%2C400 2x, https:\/\/i0.wp.com\/noticiasribeiraopreto.com.br\/wp-content\/uploads\/2026\/03\/Atestados-Fernado-Gonzaga-scaled.jpg?fit=1170%2C780&ssl=1&resize=1050%2C600 3x"},"classes":[]},{"id":81241,"url":"https:\/\/noticiasribeiraopreto.com.br\/index.php\/2025\/12\/29\/crianca-cai-de-10o-andar-de-predio-em-ribeirao-e-sobrevive\/","url_meta":{"origin":80394,"position":4},"title":"Crian\u00e7a cai de 10\u00ba andar de pr\u00e9dio em Ribeir\u00e3o e sobrevive","author":"noticiasribeiraopreto.com.br","date":"29 de December de 2025","format":false,"excerpt":"\r \r \r \r \r 29 de dezembro de 2025 07:57 \r Compartilhar0 \r A Pol\u00edcia Civil investiga a queda de um menino de quatro anos do 10\u00ba andar de\u00a0um pr\u00e9dio em Ribeir\u00e3o Preto, no interior de S\u00e3o Paulo, neste s\u00e1bado (27). A\u00a0crian\u00e7a sobreviveu. Segundo informa\u00e7\u00f5es da Secretaria de Seguran\u00e7a\u2026","rel":"","context":"In &quot;Not\u00edcias de Ribeir\u00e3o Preto-SP e Regi\u00e3o&quot;","block_context":{"text":"Not\u00edcias de Ribeir\u00e3o Preto-SP e Regi\u00e3o","link":"https:\/\/noticiasribeiraopreto.com.br\/index.php\/category\/noticias-de-ribeirao-preto-sp-e-regiao-ismael-colosi\/"},"img":{"alt_text":"","src":"https:\/\/i0.wp.com\/noticiasribeiraopreto.com.br\/wp-content\/uploads\/2025\/12\/crianca-.webp.webp?fit=1170%2C700&ssl=1&resize=350%2C200","width":350,"height":200,"srcset":"https:\/\/i0.wp.com\/noticiasribeiraopreto.com.br\/wp-content\/uploads\/2025\/12\/crianca-.webp.webp?fit=1170%2C700&ssl=1&resize=350%2C200 1x, https:\/\/i0.wp.com\/noticiasribeiraopreto.com.br\/wp-content\/uploads\/2025\/12\/crianca-.webp.webp?fit=1170%2C700&ssl=1&resize=525%2C300 1.5x, https:\/\/i0.wp.com\/noticiasribeiraopreto.com.br\/wp-content\/uploads\/2025\/12\/crianca-.webp.webp?fit=1170%2C700&ssl=1&resize=700%2C400 2x, https:\/\/i0.wp.com\/noticiasribeiraopreto.com.br\/wp-content\/uploads\/2025\/12\/crianca-.webp.webp?fit=1170%2C700&ssl=1&resize=1050%2C600 3x"},"classes":[]},{"id":82542,"url":"https:\/\/noticiasribeiraopreto.com.br\/index.php\/2026\/02\/18\/ribeirao-preto-registra-199-ataques-de-escorpiao-em-janeiro-de-2026\/","url_meta":{"origin":80394,"position":5},"title":"Ribeir\u00e3o Preto registra 199 ataques de escorpi\u00e3o em janeiro de 2026","author":"noticiasribeiraopreto.com.br","date":"18 de February de 2026","format":false,"excerpt":"Ribeir\u00e3o Preto encerrou 2025 com 1.998 ataques de escorpi\u00e3o, segundo dados do painel da Secretaria Municipal da Sa\u00fade. O n\u00famero representa aumento de 33,02% em rela\u00e7\u00e3o a 2024, quando a cidade contabilizou 1.502 ocorr\u00eancias. Ao todo, o munic\u00edpio registrou 496 casos a mais em um ano \u2014 m\u00e9dia de um\u2026","rel":"","context":"In &quot;Not\u00edcias de Ribeir\u00e3o Preto-SP e Regi\u00e3o&quot;","block_context":{"text":"Not\u00edcias de Ribeir\u00e3o Preto-SP e Regi\u00e3o","link":"https:\/\/noticiasribeiraopreto.com.br\/index.php\/category\/noticias-de-ribeirao-preto-sp-e-regiao-ismael-colosi\/"},"img":{"alt_text":"","src":"https:\/\/i0.wp.com\/noticiasribeiraopreto.com.br\/wp-content\/uploads\/2026\/02\/escorpiao-amarelo.jpg?fit=800%2C450&ssl=1&resize=350%2C200","width":350,"height":200,"srcset":"https:\/\/i0.wp.com\/noticiasribeiraopreto.com.br\/wp-content\/uploads\/2026\/02\/escorpiao-amarelo.jpg?fit=800%2C450&ssl=1&resize=350%2C200 1x, https:\/\/i0.wp.com\/noticiasribeiraopreto.com.br\/wp-content\/uploads\/2026\/02\/escorpiao-amarelo.jpg?fit=800%2C450&ssl=1&resize=525%2C300 1.5x, https:\/\/i0.wp.com\/noticiasribeiraopreto.com.br\/wp-content\/uploads\/2026\/02\/escorpiao-amarelo.jpg?fit=800%2C450&ssl=1&resize=700%2C400 2x"},"classes":[]}],"jetpack_sharing_enabled":true,"jetpack_shortlink":"https:\/\/wp.me\/peQAOb-kUG","_links":{"self":[{"href":"https:\/\/noticiasribeiraopreto.com.br\/index.php\/wp-json\/wp\/v2\/posts\/80394","targetHints":{"allow":["GET"]}}],"collection":[{"href":"https:\/\/noticiasribeiraopreto.com.br\/index.php\/wp-json\/wp\/v2\/posts"}],"about":[{"href":"https:\/\/noticiasribeiraopreto.com.br\/index.php\/wp-json\/wp\/v2\/types\/post"}],"author":[{"embeddable":true,"href":"https:\/\/noticiasribeiraopreto.com.br\/index.php\/wp-json\/wp\/v2\/users\/1"}],"replies":[{"embeddable":true,"href":"https:\/\/noticiasribeiraopreto.com.br\/index.php\/wp-json\/wp\/v2\/comments?post=80394"}],"version-history":[{"count":0,"href":"https:\/\/noticiasribeiraopreto.com.br\/index.php\/wp-json\/wp\/v2\/posts\/80394\/revisions"}],"wp:featuredmedia":[{"embeddable":true,"href":"https:\/\/noticiasribeiraopreto.com.br\/index.php\/wp-json\/wp\/v2\/media\/80395"}],"wp:attachment":[{"href":"https:\/\/noticiasribeiraopreto.com.br\/index.php\/wp-json\/wp\/v2\/media?parent=80394"}],"wp:term":[{"taxonomy":"category","embeddable":true,"href":"https:\/\/noticiasribeiraopreto.com.br\/index.php\/wp-json\/wp\/v2\/categories?post=80394"},{"taxonomy":"post_tag","embeddable":true,"href":"https:\/\/noticiasribeiraopreto.com.br\/index.php\/wp-json\/wp\/v2\/tags?post=80394"}],"curies":[{"name":"wp","href":"https:\/\/api.w.org\/{rel}","templated":true}]}}