{"id":80396,"date":"2025-12-03T10:00:20","date_gmt":"2025-12-03T13:00:20","guid":{"rendered":"https:\/\/noticiasribeiraopreto.com.br\/index.php\/2025\/12\/03\/cetras-recebe-filhotes-de-macaco-prego-resgatados-durante-tentativa-de-trafico-de-animais\/"},"modified":"2025-12-03T10:00:20","modified_gmt":"2025-12-03T13:00:20","slug":"cetras-recebe-filhotes-de-macaco-prego-resgatados-durante-tentativa-de-trafico-de-animais","status":"publish","type":"post","link":"https:\/\/noticiasribeiraopreto.com.br\/index.php\/2025\/12\/03\/cetras-recebe-filhotes-de-macaco-prego-resgatados-durante-tentativa-de-trafico-de-animais\/","title":{"rendered":"CETRAS recebe filhotes de macaco-prego resgatados durante tentativa de tr\u00e1fico de animais"},"content":{"rendered":"<div class='code-block code-block-1' style='margin: 8px 0 8px auto; text-align: right; display: block; clear: both;'>\n<p><a href=\"https:\/\/wa.link\/vpicfd\"><img data-recalc-dims=\"1\" class=\"wp-image-4922\" style=\"aspect-ratio: 2.0253164556962027; width: 561px; height: auto;\" src=\"https:\/\/i0.wp.com\/ismaelcolosi.com.br\/wp-content\/uploads\/2023\/11\/grupo-de-empregos-whatsapp-e-facebook-ismael-colosi-vagas.jpg?ssl=1\" alt=\"\" \/><\/a><\/p>\n<!-- \/wp:image -->\n<\/div>\n<p> <br \/>\n<\/p>\n<div data-td-block-uid=\"tdi_95\">\n<div class=\"tdb-block-inner td-fix-index\">\n<p>O <strong>Centro de Triagem e Reabilita\u00e7\u00e3o de Animais Silvestres (CETRAS) Morro do S\u00e3o Bento<\/strong>, em <strong>Ribeir\u00e3o Preto<\/strong>, recebeu no \u00faltimo s\u00e1bado (29), <strong>quatro filhotes de macaco-prego <\/strong>resgatados durante uma <strong>tentativa de tr\u00e1fico de animais<\/strong>.<\/p>\n<p>De acordo com a <strong>Prefeitura de Ribeir\u00e3o Preto<\/strong>, os filhotes foram apreendidos pela <strong>Pol\u00edcia Militar Rodovi\u00e1ria (PMRv)<\/strong> na rodovia Washington Lu\u00eds (SP-310), em <strong>Ibitinga<\/strong>.<\/p>\n<p>Segundo a Pol\u00edcia Ambiental,<mark style=\"background-color:#fcb900\" class=\"has-inline-color\"> h\u00e1 suspeita de que os animais tenham sido retirados diretamente da natureza<\/mark>, e n\u00e3o nascido em cativeiro.<\/p>\n<figure class=\"wp-block-pullquote\">\n<blockquote>\n<p>Os macacos chegaram extremamente debilitados, desnutridos e desidratados. Por serem filhotes, esse tipo de crime afeta ainda mais a sa\u00fade deles, e o risco de \u00f3bito \u00e9 muito maior do que em animais adultos<\/p>\n<p><cite>explicou o respons\u00e1vel t\u00e9cnico pelo CETRAS, Alexandre Gouvea<\/cite><\/p><\/blockquote>\n<\/figure>\n<p>O especialista ainda afirmou que apesar dos cuidados intensivos, <strong>apenas um dos filhotes est\u00e1 est\u00e1vel<\/strong>.<\/p>\n<p>Vale dizer que o tr\u00e1fico de animais silvestres \u00e9<strong> crime ambiental<\/strong>, sujeito a deten\u00e7\u00e3o e multa. Den\u00fancias podem ser realizadas atrav\u00e9s da Pol\u00edcia Militar, pelo telefone 190; \u00e0 Pol\u00edcia Ambiental de Ribeir\u00e3o Preto, pelo (16) 3931-1070; e \u00e0 Guarda Civil Metropolitana, pelo 153.<\/p>\n<hr class=\"wp-block-separator has-alpha-channel-opacity\"\/>\n<p>SAIBA MAIS<\/p>\n<p>Come\u00e7a a obra de restaura\u00e7\u00e3o da Catedral de Ribeir\u00e3o Preto<\/p>\n<h2 class=\"wp-block-heading\"><strong>FIQUE ON<\/strong><\/h2>\n<p>Fique ligado em tudo que acontece em Ribeir\u00e3o Preto e regi\u00e3o. Siga os perfis do\u00a0<strong>acidade on\u00a0<\/strong>no\u00a0<a href=\"https:\/\/www.instagram.com\/acidadeonribeirao\" target=\"_blank\" rel=\"noreferrer noopener\">Instagram\u00a0<\/a>e no\u00a0<a href=\"https:\/\/www.facebook.com\/acidadeonribeirao\/\" target=\"_blank\" rel=\"noreferrer noopener\">Facebook<\/a>.<\/p>\n<p>Receba not\u00edcias do\u00a0<strong>acidade on<\/strong>\u00a0no WhatsApp. Para entrar no grupo,\u00a0basta\u00a0<a href=\"https:\/\/chat.whatsapp.com\/I4nieTEMKlf50pJ28aMemC?mode=ac_t\" target=\"_blank\" rel=\"noreferrer noopener\">clicar aqui<\/a>. Ou, acesse o nosso\u00a0Canal<a href=\"https:\/\/whatsapp.com\/channel\/0029Vb6IQl1JENyAeS57fk2p\" target=\"_blank\" rel=\"noreferrer noopener\">\u00a0clicando aqui<\/a>.<\/p>\n<p>Fa\u00e7a uma den\u00fancia ou sugira uma reportagem sobre Ribeir\u00e3o Preto e regi\u00e3o pelo WhatsApp: 16 99117 7802.<\/p>\n<p>VEJA TAMB\u00c9M<\/p>\n<p>\u2018Habeas Corpus\u2019: qual ser\u00e1 a personagem de Marjorie Estiano na s\u00e9rie?\u00a0<\/p>\n<p><!-- AI CONTENT END 1 -->\n<\/div>\n<\/div>\n<p><script async src=\"\/\/www.instagram.com\/embed.js\"><\/script><br \/>\n<br \/><br \/>\n<br \/><a href=\"https:\/\/www.acidadeon.com\/ribeiraopreto\/cotidiano\/cetras-recebe-filhotes-de-macaco-prego-resgatados-durante-tentativa-de-trafico-de-animais\/\">Source link <\/a><\/p>\n<!-- CONTENT END 1 -->\n","protected":false},"excerpt":{"rendered":"<p>O Centro de Triagem e Reabilita\u00e7\u00e3o de Animais Silvestres (CETRAS) Morro do S\u00e3o Bento, em Ribeir\u00e3o Preto, recebeu no \u00faltimo s\u00e1bado (29), quatro filhotes de&#8230;<\/p>\n","protected":false},"author":1,"featured_media":80397,"comment_status":"open","ping_status":"open","sticky":false,"template":"","format":"standard","meta":{"advanced_seo_description":"","jetpack_seo_html_title":"","jetpack_seo_noindex":false,"jetpack_post_was_ever_published":false,"_jetpack_newsletter_access":"","_jetpack_dont_email_post_to_subs":false,"_jetpack_newsletter_tier_id":0,"_jetpack_memberships_contains_paywalled_content":false,"_jetpack_memberships_contains_paid_content":false,"footnotes":"","jetpack_publicize_message":"","jetpack_publicize_feature_enabled":true,"jetpack_social_post_already_shared":true,"jetpack_social_options":{"image_generator_settings":{"template":"highway","default_image_id":0,"font":"","enabled":false},"version":2}},"categories":[11],"tags":[],"class_list":["post-80396","post","type-post","status-publish","format-standard","has-post-thumbnail","hentry","category-noticias-de-ribeirao-preto-sp-e-regiao-ismael-colosi"],"jetpack_publicize_connections":[],"jetpack_featured_media_url":"https:\/\/i0.wp.com\/noticiasribeiraopreto.com.br\/wp-content\/uploads\/2025\/12\/macacostrafico001_2025-12-02_21-31-17.webp.webp?fit=1200%2C800&ssl=1","jetpack-related-posts":[{"id":80565,"url":"https:\/\/noticiasribeiraopreto.com.br\/index.php\/2025\/12\/06\/dois-macacos-prego-morrem-apos-resgate-de-trafico-no-interior-de-sp\/","url_meta":{"origin":80396,"position":0},"title":"Dois macacos-prego morrem ap\u00f3s resgate de tr\u00e1fico no interior de SP","author":"noticiasribeiraopreto.com.br","date":"6 de December de 2025","format":false,"excerpt":"Dois macacos-prego resgatados no fim de novembro morreram ap\u00f3s chegarem ao Cetras Morro do S\u00e3o Bento em estado cr\u00edtico. A Pol\u00edcia Militar Rodovi\u00e1ria interceptou quatro animais que estavam sendo traficados em Ibitinga, no interior de S\u00e3o Paulo. As equipes do Cetras relataram que os primatas apresentavam desnutri\u00e7\u00e3o severa, desidrata\u00e7\u00e3o e\u2026","rel":"","context":"In &quot;Not\u00edcias de Ribeir\u00e3o Preto-SP e Regi\u00e3o&quot;","block_context":{"text":"Not\u00edcias de Ribeir\u00e3o Preto-SP e Regi\u00e3o","link":"https:\/\/noticiasribeiraopreto.com.br\/index.php\/category\/noticias-de-ribeirao-preto-sp-e-regiao-ismael-colosi\/"},"img":{"alt_text":"","src":"https:\/\/i0.wp.com\/noticiasribeiraopreto.com.br\/wp-content\/uploads\/2025\/12\/Imagem-do-WhatsApp-de-2025-12-05-as-17.20.13_bedeaa0b_2025-12-05_20-37-57.webp.webp?fit=1200%2C900&ssl=1&resize=350%2C200","width":350,"height":200,"srcset":"https:\/\/i0.wp.com\/noticiasribeiraopreto.com.br\/wp-content\/uploads\/2025\/12\/Imagem-do-WhatsApp-de-2025-12-05-as-17.20.13_bedeaa0b_2025-12-05_20-37-57.webp.webp?fit=1200%2C900&ssl=1&resize=350%2C200 1x, https:\/\/i0.wp.com\/noticiasribeiraopreto.com.br\/wp-content\/uploads\/2025\/12\/Imagem-do-WhatsApp-de-2025-12-05-as-17.20.13_bedeaa0b_2025-12-05_20-37-57.webp.webp?fit=1200%2C900&ssl=1&resize=525%2C300 1.5x, https:\/\/i0.wp.com\/noticiasribeiraopreto.com.br\/wp-content\/uploads\/2025\/12\/Imagem-do-WhatsApp-de-2025-12-05-as-17.20.13_bedeaa0b_2025-12-05_20-37-57.webp.webp?fit=1200%2C900&ssl=1&resize=700%2C400 2x, https:\/\/i0.wp.com\/noticiasribeiraopreto.com.br\/wp-content\/uploads\/2025\/12\/Imagem-do-WhatsApp-de-2025-12-05-as-17.20.13_bedeaa0b_2025-12-05_20-37-57.webp.webp?fit=1200%2C900&ssl=1&resize=1050%2C600 3x"},"classes":[]},{"id":59028,"url":"https:\/\/noticiasribeiraopreto.com.br\/index.php\/2024\/10\/11\/macaco-prego-vitima-das-queimadas-na-regiao-de-ribeirao-e-devolvido-a-natureza\/","url_meta":{"origin":80396,"position":1},"title":"Macaco-prego v\u00edtima das queimadas na regi\u00e3o de Ribeir\u00e3o \u00e9 devolvido \u00e0 natureza","author":"noticiasribeiraopreto.com.br","date":"11 de October de 2024","format":false,"excerpt":"Nesta sexta-feira (11), o macaco-prego que foi v\u00edtima das queimadas que atingiram a regi\u00e3o de Ribeir\u00e3o Preto, foi devolvido \u00e0 natureza. Ele foi resgatado na \u00e1rea rual de Cajuru e levado para o Centro de Triagem de Animais Silvestres (Cetras). O animal recebeu cuidados intensivos como tratamento veterin\u00e1rio e nutricional\u2026","rel":"","context":"In &quot;Not\u00edcias de Ribeir\u00e3o Preto-SP e Regi\u00e3o&quot;","block_context":{"text":"Not\u00edcias de Ribeir\u00e3o Preto-SP e Regi\u00e3o","link":"https:\/\/noticiasribeiraopreto.com.br\/index.php\/category\/noticias-de-ribeirao-preto-sp-e-regiao-ismael-colosi\/"},"img":{"alt_text":"","src":"https:\/\/i0.wp.com\/noticiasribeiraopreto.com.br\/wp-content\/uploads\/2024\/10\/Sem-titulo_2024-10-11_22-47-19_png_2024-10-11_22-47-19.webp.webp?fit=1200%2C675&ssl=1&resize=350%2C200","width":350,"height":200,"srcset":"https:\/\/i0.wp.com\/noticiasribeiraopreto.com.br\/wp-content\/uploads\/2024\/10\/Sem-titulo_2024-10-11_22-47-19_png_2024-10-11_22-47-19.webp.webp?fit=1200%2C675&ssl=1&resize=350%2C200 1x, https:\/\/i0.wp.com\/noticiasribeiraopreto.com.br\/wp-content\/uploads\/2024\/10\/Sem-titulo_2024-10-11_22-47-19_png_2024-10-11_22-47-19.webp.webp?fit=1200%2C675&ssl=1&resize=525%2C300 1.5x, https:\/\/i0.wp.com\/noticiasribeiraopreto.com.br\/wp-content\/uploads\/2024\/10\/Sem-titulo_2024-10-11_22-47-19_png_2024-10-11_22-47-19.webp.webp?fit=1200%2C675&ssl=1&resize=700%2C400 2x, https:\/\/i0.wp.com\/noticiasribeiraopreto.com.br\/wp-content\/uploads\/2024\/10\/Sem-titulo_2024-10-11_22-47-19_png_2024-10-11_22-47-19.webp.webp?fit=1200%2C675&ssl=1&resize=1050%2C600 3x"},"classes":[]},{"id":69656,"url":"https:\/\/noticiasribeiraopreto.com.br\/index.php\/2025\/05\/07\/zoologico-de-ribeirao-preto-recebe-filhotes-de-jacare-ameacados-de-extincao\/","url_meta":{"origin":80396,"position":2},"title":"Zool\u00f3gico de Ribeir\u00e3o Preto recebe filhotes de jacar\u00e9 amea\u00e7ados de extin\u00e7\u00e3o","author":"noticiasribeiraopreto.com.br","date":"7 de May de 2025","format":false,"excerpt":"O Zool\u00f3gico de Ribeir\u00e3o Preto, por meio do Centro de Triagem e Reabilita\u00e7\u00e3o de Animais Silvestres (Cetras) do Morro do S\u00e3o Bento, recebeu nesta quarta-feira (7), sete filhotes de jacar\u00e9-de-papo-amarelo, uma esp\u00e9cie considerada amea\u00e7ada de extin\u00e7\u00e3o no Brasil. Os animais foram resgatados pela Pol\u00edcia Ambiental de Ibitinga e encaminhados para\u2026","rel":"","context":"In &quot;Not\u00edcias de Ribeir\u00e3o Preto-SP e Regi\u00e3o&quot;","block_context":{"text":"Not\u00edcias de Ribeir\u00e3o Preto-SP e Regi\u00e3o","link":"https:\/\/noticiasribeiraopreto.com.br\/index.php\/category\/noticias-de-ribeirao-preto-sp-e-regiao-ismael-colosi\/"},"img":{"alt_text":"","src":"https:\/\/i0.wp.com\/noticiasribeiraopreto.com.br\/wp-content\/uploads\/2025\/05\/Copia-de-Copia-de-Copia-de-TAMANHO-EXATO-PARA-FOTOS-NO-SISTEMA-NOVO-51_2025-05-08_00-39-33.webp.webp?fit=1200%2C675&ssl=1&resize=350%2C200","width":350,"height":200,"srcset":"https:\/\/i0.wp.com\/noticiasribeiraopreto.com.br\/wp-content\/uploads\/2025\/05\/Copia-de-Copia-de-Copia-de-TAMANHO-EXATO-PARA-FOTOS-NO-SISTEMA-NOVO-51_2025-05-08_00-39-33.webp.webp?fit=1200%2C675&ssl=1&resize=350%2C200 1x, https:\/\/i0.wp.com\/noticiasribeiraopreto.com.br\/wp-content\/uploads\/2025\/05\/Copia-de-Copia-de-Copia-de-TAMANHO-EXATO-PARA-FOTOS-NO-SISTEMA-NOVO-51_2025-05-08_00-39-33.webp.webp?fit=1200%2C675&ssl=1&resize=525%2C300 1.5x, https:\/\/i0.wp.com\/noticiasribeiraopreto.com.br\/wp-content\/uploads\/2025\/05\/Copia-de-Copia-de-Copia-de-TAMANHO-EXATO-PARA-FOTOS-NO-SISTEMA-NOVO-51_2025-05-08_00-39-33.webp.webp?fit=1200%2C675&ssl=1&resize=700%2C400 2x, https:\/\/i0.wp.com\/noticiasribeiraopreto.com.br\/wp-content\/uploads\/2025\/05\/Copia-de-Copia-de-Copia-de-TAMANHO-EXATO-PARA-FOTOS-NO-SISTEMA-NOVO-51_2025-05-08_00-39-33.webp.webp?fit=1200%2C675&ssl=1&resize=1050%2C600 3x"},"classes":[]},{"id":71038,"url":"https:\/\/noticiasribeiraopreto.com.br\/index.php\/2025\/06\/02\/apos-reabilitacao-em-ribeirao-preto-sete-filhotes-de-jacare-serao-devolvidos-a-natureza\/","url_meta":{"origin":80396,"position":3},"title":"Ap\u00f3s reabilita\u00e7\u00e3o em Ribeir\u00e3o Preto, sete filhotes de jacar\u00e9 ser\u00e3o devolvidos \u00e0 natureza","author":"noticiasribeiraopreto.com.br","date":"2 de June de 2025","format":false,"excerpt":"Os sete filhotes de jacar\u00e9-de-papo-amarelo que passaram por cuidados durante quase um m\u00eas no Centro de Triagem e Reabilita\u00e7\u00e3o (CETRAS) Morro do S\u00e3o Bento, em Ribeir\u00e3o Preto, ser\u00e3o devolvidos \u00e0 natureza nesta segunda-feira (2). A a\u00e7\u00e3o ser\u00e1 realizada \u00e0s 9h pela equipe do CETRAS com apoio da Pol\u00edcia Ambiental. Os\u2026","rel":"","context":"In &quot;Not\u00edcias de Ribeir\u00e3o Preto-SP e Regi\u00e3o&quot;","block_context":{"text":"Not\u00edcias de Ribeir\u00e3o Preto-SP e Regi\u00e3o","link":"https:\/\/noticiasribeiraopreto.com.br\/index.php\/category\/noticias-de-ribeirao-preto-sp-e-regiao-ismael-colosi\/"},"img":{"alt_text":"","src":"https:\/\/i0.wp.com\/noticiasribeiraopreto.com.br\/wp-content\/uploads\/2025\/06\/JACARES_2025-06-01_20-25-52.webp.webp?fit=1000%2C666&ssl=1&resize=350%2C200","width":350,"height":200,"srcset":"https:\/\/i0.wp.com\/noticiasribeiraopreto.com.br\/wp-content\/uploads\/2025\/06\/JACARES_2025-06-01_20-25-52.webp.webp?fit=1000%2C666&ssl=1&resize=350%2C200 1x, https:\/\/i0.wp.com\/noticiasribeiraopreto.com.br\/wp-content\/uploads\/2025\/06\/JACARES_2025-06-01_20-25-52.webp.webp?fit=1000%2C666&ssl=1&resize=525%2C300 1.5x, https:\/\/i0.wp.com\/noticiasribeiraopreto.com.br\/wp-content\/uploads\/2025\/06\/JACARES_2025-06-01_20-25-52.webp.webp?fit=1000%2C666&ssl=1&resize=700%2C400 2x"},"classes":[]},{"id":77863,"url":"https:\/\/noticiasribeiraopreto.com.br\/index.php\/2025\/09\/26\/cetras-de-ribeirao-preto-recebe-seis-filhotes-de-animais-silvestres-para-reabilitacao\/","url_meta":{"origin":80396,"position":4},"title":"Cetras de Ribeir\u00e3o Preto recebe seis filhotes de animais silvestres para reabilita\u00e7\u00e3o","author":"noticiasribeiraopreto.com.br","date":"26 de September de 2025","format":false,"excerpt":"O Cetras (Centro de Reabilita\u00e7\u00e3o e Tratamento) Morro do S\u00e3o Bento, em Ribeir\u00e3o Preto, recebeu neste m\u00eas, seis filhotes de esp\u00e9cies nativas, sendo cinco de cachorro-do-mato e um de cervo-catingueiro. De acordo com a Prefeitura de Ribeir\u00e3o Preto, embora nenhum dos animais apresentasse les\u00f5es, parte deles estava abaixo do peso,\u2026","rel":"","context":"In &quot;Not\u00edcias de Ribeir\u00e3o Preto-SP e Regi\u00e3o&quot;","block_context":{"text":"Not\u00edcias de Ribeir\u00e3o Preto-SP e Regi\u00e3o","link":"https:\/\/noticiasribeiraopreto.com.br\/index.php\/category\/noticias-de-ribeirao-preto-sp-e-regiao-ismael-colosi\/"},"img":{"alt_text":"","src":"https:\/\/i0.wp.com\/noticiasribeiraopreto.com.br\/wp-content\/uploads\/2025\/09\/animaiscetras_01_2025-09-26_22-01-59.webp.webp?fit=1200%2C800&ssl=1&resize=350%2C200","width":350,"height":200,"srcset":"https:\/\/i0.wp.com\/noticiasribeiraopreto.com.br\/wp-content\/uploads\/2025\/09\/animaiscetras_01_2025-09-26_22-01-59.webp.webp?fit=1200%2C800&ssl=1&resize=350%2C200 1x, https:\/\/i0.wp.com\/noticiasribeiraopreto.com.br\/wp-content\/uploads\/2025\/09\/animaiscetras_01_2025-09-26_22-01-59.webp.webp?fit=1200%2C800&ssl=1&resize=525%2C300 1.5x, https:\/\/i0.wp.com\/noticiasribeiraopreto.com.br\/wp-content\/uploads\/2025\/09\/animaiscetras_01_2025-09-26_22-01-59.webp.webp?fit=1200%2C800&ssl=1&resize=700%2C400 2x, https:\/\/i0.wp.com\/noticiasribeiraopreto.com.br\/wp-content\/uploads\/2025\/09\/animaiscetras_01_2025-09-26_22-01-59.webp.webp?fit=1200%2C800&ssl=1&resize=1050%2C600 3x"},"classes":[]},{"id":59120,"url":"https:\/\/noticiasribeiraopreto.com.br\/index.php\/2024\/10\/15\/bosque-de-ribeirao-recebe-filhotes-de-tamandua-e-de-raposa-vitimas-de-incendios\/","url_meta":{"origin":80396,"position":5},"title":"Bosque de Ribeir\u00e3o recebe filhotes de tamandu\u00e1 e de raposa v\u00edtimas de inc\u00eandios","author":"noticiasribeiraopreto.com.br","date":"15 de October de 2024","format":false,"excerpt":"O Cetras (Centro de Triagem e Reabilita\u00e7\u00e3o de Animais Silvestres), do Bosque F\u00e1bio Barreto, em\u00a0Ribeir\u00e3o Preto, recebeu um filhote de raposa do campo e um de tamandu\u00e1-mirim que foram resgatados dos inc\u00eandios em S\u00e3o Joaquim da Barra. O tamandu\u00e1-mirim chegou ao centro em estado cr\u00edtico, na \u00faltima quinta-feira (10), resgatado\u2026","rel":"","context":"In &quot;Not\u00edcias de Ribeir\u00e3o Preto-SP e Regi\u00e3o&quot;","block_context":{"text":"Not\u00edcias de Ribeir\u00e3o Preto-SP e Regi\u00e3o","link":"https:\/\/noticiasribeiraopreto.com.br\/index.php\/category\/noticias-de-ribeirao-preto-sp-e-regiao-ismael-colosi\/"},"img":{"alt_text":"","src":"https:\/\/i0.wp.com\/noticiasribeiraopreto.com.br\/wp-content\/uploads\/2024\/10\/Copia-de-Copia-de-Copia-de-TAMANHO-EXATO-PARA-FOTOS-NO-SISTEMA-NOVO-19_2024-10-15_14-00-04_jpg_2024-10-15_14-00-05.webp.webp?fit=1200%2C675&ssl=1&resize=350%2C200","width":350,"height":200,"srcset":"https:\/\/i0.wp.com\/noticiasribeiraopreto.com.br\/wp-content\/uploads\/2024\/10\/Copia-de-Copia-de-Copia-de-TAMANHO-EXATO-PARA-FOTOS-NO-SISTEMA-NOVO-19_2024-10-15_14-00-04_jpg_2024-10-15_14-00-05.webp.webp?fit=1200%2C675&ssl=1&resize=350%2C200 1x, https:\/\/i0.wp.com\/noticiasribeiraopreto.com.br\/wp-content\/uploads\/2024\/10\/Copia-de-Copia-de-Copia-de-TAMANHO-EXATO-PARA-FOTOS-NO-SISTEMA-NOVO-19_2024-10-15_14-00-04_jpg_2024-10-15_14-00-05.webp.webp?fit=1200%2C675&ssl=1&resize=525%2C300 1.5x, https:\/\/i0.wp.com\/noticiasribeiraopreto.com.br\/wp-content\/uploads\/2024\/10\/Copia-de-Copia-de-Copia-de-TAMANHO-EXATO-PARA-FOTOS-NO-SISTEMA-NOVO-19_2024-10-15_14-00-04_jpg_2024-10-15_14-00-05.webp.webp?fit=1200%2C675&ssl=1&resize=700%2C400 2x, https:\/\/i0.wp.com\/noticiasribeiraopreto.com.br\/wp-content\/uploads\/2024\/10\/Copia-de-Copia-de-Copia-de-TAMANHO-EXATO-PARA-FOTOS-NO-SISTEMA-NOVO-19_2024-10-15_14-00-04_jpg_2024-10-15_14-00-05.webp.webp?fit=1200%2C675&ssl=1&resize=1050%2C600 3x"},"classes":[]}],"jetpack_sharing_enabled":true,"jetpack_shortlink":"https:\/\/wp.me\/peQAOb-kUI","_links":{"self":[{"href":"https:\/\/noticiasribeiraopreto.com.br\/index.php\/wp-json\/wp\/v2\/posts\/80396","targetHints":{"allow":["GET"]}}],"collection":[{"href":"https:\/\/noticiasribeiraopreto.com.br\/index.php\/wp-json\/wp\/v2\/posts"}],"about":[{"href":"https:\/\/noticiasribeiraopreto.com.br\/index.php\/wp-json\/wp\/v2\/types\/post"}],"author":[{"embeddable":true,"href":"https:\/\/noticiasribeiraopreto.com.br\/index.php\/wp-json\/wp\/v2\/users\/1"}],"replies":[{"embeddable":true,"href":"https:\/\/noticiasribeiraopreto.com.br\/index.php\/wp-json\/wp\/v2\/comments?post=80396"}],"version-history":[{"count":0,"href":"https:\/\/noticiasribeiraopreto.com.br\/index.php\/wp-json\/wp\/v2\/posts\/80396\/revisions"}],"wp:featuredmedia":[{"embeddable":true,"href":"https:\/\/noticiasribeiraopreto.com.br\/index.php\/wp-json\/wp\/v2\/media\/80397"}],"wp:attachment":[{"href":"https:\/\/noticiasribeiraopreto.com.br\/index.php\/wp-json\/wp\/v2\/media?parent=80396"}],"wp:term":[{"taxonomy":"category","embeddable":true,"href":"https:\/\/noticiasribeiraopreto.com.br\/index.php\/wp-json\/wp\/v2\/categories?post=80396"},{"taxonomy":"post_tag","embeddable":true,"href":"https:\/\/noticiasribeiraopreto.com.br\/index.php\/wp-json\/wp\/v2\/tags?post=80396"}],"curies":[{"name":"wp","href":"https:\/\/api.w.org\/{rel}","templated":true}]}}