{"id":80398,"date":"2025-12-03T10:07:33","date_gmt":"2025-12-03T13:07:33","guid":{"rendered":"https:\/\/noticiasribeiraopreto.com.br\/index.php\/2025\/12\/03\/glaucia-berenice-sera-indenizada-por-danos-morais\/"},"modified":"2025-12-03T10:07:33","modified_gmt":"2025-12-03T13:07:33","slug":"glaucia-berenice-sera-indenizada-por-danos-morais","status":"publish","type":"post","link":"https:\/\/noticiasribeiraopreto.com.br\/index.php\/2025\/12\/03\/glaucia-berenice-sera-indenizada-por-danos-morais\/","title":{"rendered":"Glaucia Berenice ser\u00e1 indenizada por danos morais"},"content":{"rendered":"<div class='code-block code-block-1' style='margin: 8px 0 8px auto; text-align: right; display: block; clear: both;'>\n<p><a href=\"https:\/\/wa.link\/vpicfd\"><img data-recalc-dims=\"1\" class=\"wp-image-4922\" style=\"aspect-ratio: 2.0253164556962027; width: 561px; height: auto;\" src=\"https:\/\/i0.wp.com\/ismaelcolosi.com.br\/wp-content\/uploads\/2023\/11\/grupo-de-empregos-whatsapp-e-facebook-ismael-colosi-vagas.jpg?ssl=1\" alt=\"\" \/><\/a><\/p>\n<!-- \/wp:image -->\n<\/div>\n<p> <br \/>\n<\/p>\n<div id=\"\">&#13;<br \/>\n\t\t\t\t\t\t\t\t&#13;<\/p>\n<p>&#13;<br \/>\n\t\t\t\t\t\t\t\t\t<span class=\"entry-meta-item penci-posted-on\"><i class=\"fa fa-clock-o\"\/><time class=\"entry-date published updated\" datetime=\"2025-12-02T11:41:22-03:00\">2 de dezembro de 2025 11:41<\/time><\/span><span class=\"entry-meta-item penci-post-countview\"\/>\t\t\t\t\t\t\t\t<\/p>\n<p><!-- .entry-meta -->&#13;<br \/>\n\t\t\t\t\t\t\t\t<span class=\"penci-social-buttons penci-social-share-footer\"><span class=\"penci-social-share-text\">Compartilhar<\/span><a href=\"#\" class=\"penci-post-like penci_post-meta_item  single-like-button penci-social-item like\" data-post_id=\"447872\" title=\"Like\" data-like=\"Like\" data-unlike=\"Unlike\"><i class=\"fa fa-thumbs-o-up\"\/><span class=\"penci-share-number\">0<\/span><\/a><i class=\"fa fa-facebook\"\/><a class=\"penci-social-item twitter\" target=\"_blank\" rel=\"noopener\" title=\"\" href=\"https:\/\/twitter.com\/intent\/tweet?text=Glaucia%20Berenice%20ser\u00e1%20indenizada%20por%20danos%20morais%20-%20https:\/\/www.tribunaribeirao.com.br\/glaucia-berenice-sera-indenizada-por-danos-morais\/\"><i class=\"fa fa-twitter\"\/><\/a><i class=\"fa fa-linkedin\"\/><i class=\"fa fa-whatsapp\"\/><i class=\"fa fa-telegram\"\/><i class=\"fa fa-envelope\"\/><\/span>\t\t\t\t\t\t\t<\/div>\n<div>\n<p><em>Decis\u00e3o da Justi\u00e7a foi dada em a\u00e7\u00e3o contra o presidente da ONG Mudando Vidas, que a acusou de neglig\u00eancia criminosa quando era secret\u00e1ria municipal de Assist\u00eancia Social; ainda cabe recurso.<\/em><\/p>\n<p>A 12\u00aa Vara C\u00edvel de Ribeir\u00e3o Preto condenou o presidente da Organiza\u00e7\u00e3o N\u00e3o Governamental \u201cMudando Vidas\u201d, Ricardo Tostes, a pagar uma indeniza\u00e7\u00e3o de R$ 10 mil \u00e0 ex-vereadora e ex-secret\u00e1ria municipal de Assist\u00eancia Social de Ribeir\u00e3o Preto, Glaucia Berenice. A decis\u00e3o foi publicada no dia 28 de novembro, pelo juiz Benedito S\u00e9rgio de Oliveira, que julgou procedente o pedido.<\/p>\n<p>Tostes foi processado por Glaucia por dano moral em fun\u00e7\u00e3o de postagens feitas nas redes sociais, nas quais ele acusava os gestores da secretaria no governo do ex-prefeito Duarte Nogueira de \u201cneglig\u00eancia criminosa\u201d no acolhimento dos ind\u00edgenas venezuelanos Warao em Ribeir\u00e3o Preto.<\/p>\n<p>A Justi\u00e7a tamb\u00e9m determinou que o r\u00e9u fa\u00e7a retrata\u00e7\u00e3o p\u00fablica nas mesmas plataformas em que foram veiculadas as ofensas (YouTube, Facebook e WhatsApp), no prazo de 15 dias contados do tr\u00e2nsito em julgado, mediante publica\u00e7\u00e3o de texto a ser previamente submetido \u00e0 aprova\u00e7\u00e3o do Ju\u00edzo, sob pena de multa di\u00e1ria de R$ 1 mil, limitada ao teto de R$ 20 mil. A retirada das publica\u00e7\u00f5es j\u00e1 havia sido determinada liminarmente.<\/p>\n<p>Segundo as den\u00fancias de Tostes, crian\u00e7as dormiam sobre baratas, ind\u00edgenas bebiam \u00e1gua da torneira, passavam fome e tinham que utilizar banheiros imundos. Dois acolhidos teriam morrido sem assist\u00eancia. Al\u00e9m disso, um dos denunciados teria abafado fiscaliza\u00e7\u00f5es. Glaucia foi secret\u00e1ria de Assist\u00eancia Social por mais de um ano no governo Nogueira, per\u00edodo em que, segundo as den\u00fancias, os fatos teriam ocorrido.<\/p>\n<p>Procurada, a defesa de Ricardo Tostes informou que a decis\u00e3o civil \u00e9 de primeira inst\u00e2ncia e que, portanto, ainda cabe recurso ao Tribunal de Justi\u00e7a do Estado de S\u00e3o Paulo (TJ\/SP). Disse ainda que existe interesse em fazer uma composi\u00e7\u00e3o com a ex-vereadora, mas que, se isso n\u00e3o ocorrer dentro do prazo recursal, haver\u00e1 recurso ao TJ, onde os desembargadores julgar\u00e3o o m\u00e9rito do processo.<\/p>\n<\/div>\n<p><script async src=\"\/\/platform.twitter.com\/widgets.js\" charset=\"utf-8\"><\/script><br \/>\n<br \/><br \/>\n<br \/><a href=\"https:\/\/www.tribunaribeirao.com.br\/glaucia-berenice-sera-indenizada-por-danos-morais\/\">Source link <\/a><\/p>\n<!-- CONTENT END 1 -->\n","protected":false},"excerpt":{"rendered":"<p>&#13; &#13; &#13; 2 de dezembro de 2025 11:41 &#13; Compartilhar0 Decis\u00e3o da Justi\u00e7a foi dada em a\u00e7\u00e3o contra o presidente da ONG Mudando Vidas,&#8230;<\/p>\n","protected":false},"author":1,"featured_media":80399,"comment_status":"open","ping_status":"open","sticky":false,"template":"","format":"standard","meta":{"advanced_seo_description":"","jetpack_seo_html_title":"","jetpack_seo_noindex":false,"jetpack_post_was_ever_published":false,"_jetpack_newsletter_access":"","_jetpack_dont_email_post_to_subs":false,"_jetpack_newsletter_tier_id":0,"_jetpack_memberships_contains_paywalled_content":false,"_jetpack_memberships_contains_paid_content":false,"footnotes":"","jetpack_publicize_message":"","jetpack_publicize_feature_enabled":true,"jetpack_social_post_already_shared":true,"jetpack_social_options":{"image_generator_settings":{"template":"highway","default_image_id":0,"font":"","enabled":false},"version":2}},"categories":[11],"tags":[],"class_list":["post-80398","post","type-post","status-publish","format-standard","has-post-thumbnail","hentry","category-noticias-de-ribeirao-preto-sp-e-regiao-ismael-colosi"],"jetpack_publicize_connections":[],"jetpack_featured_media_url":"https:\/\/i0.wp.com\/noticiasribeiraopreto.com.br\/wp-content\/uploads\/2025\/12\/Image1-258.jpg?fit=700%2C450&ssl=1","jetpack-related-posts":[{"id":80452,"url":"https:\/\/noticiasribeiraopreto.com.br\/index.php\/2025\/12\/03\/ex-vereadora-de-ribeirao-preto-sera-indenizada-decide-justica-veja-o-motivo\/","url_meta":{"origin":80398,"position":0},"title":"Ex-vereadora de Ribeir\u00e3o Preto ser\u00e1 indenizada, decide Justi\u00e7a; Veja o motivo","author":"noticiasribeiraopreto.com.br","date":"3 de December de 2025","format":false,"excerpt":"O juiz Benedito Sergio de Oliveira, da 12\u00aa Vara C\u00edvel de Ribeir\u00e3o Preto, acatou um pedido de indeniza\u00e7\u00e3o proposto pela ex-vereadora Gl\u00e1ucia Berenice para que ela seja indenizada em R$ 10 mil por danos morais. Gl\u00e1ucia ingressou a a\u00e7\u00e3o contra o presidente de OSC (Organiza\u00e7\u00e3o da Sociedade Civil) Projeto Mudando\u2026","rel":"","context":"In &quot;Not\u00edcias de Ribeir\u00e3o Preto-SP e Regi\u00e3o&quot;","block_context":{"text":"Not\u00edcias de Ribeir\u00e3o Preto-SP e Regi\u00e3o","link":"https:\/\/noticiasribeiraopreto.com.br\/index.php\/category\/noticias-de-ribeirao-preto-sp-e-regiao-ismael-colosi\/"},"img":{"alt_text":"","src":"https:\/\/i0.wp.com\/noticiasribeiraopreto.com.br\/wp-content\/uploads\/2025\/12\/glaucia_berenice_2025-03-06_22-45-09_jpg_2025-03-06_22-45-09-1024x683.webp.webp?fit=1024%2C683&ssl=1&resize=350%2C200","width":350,"height":200,"srcset":"https:\/\/i0.wp.com\/noticiasribeiraopreto.com.br\/wp-content\/uploads\/2025\/12\/glaucia_berenice_2025-03-06_22-45-09_jpg_2025-03-06_22-45-09-1024x683.webp.webp?fit=1024%2C683&ssl=1&resize=350%2C200 1x, https:\/\/i0.wp.com\/noticiasribeiraopreto.com.br\/wp-content\/uploads\/2025\/12\/glaucia_berenice_2025-03-06_22-45-09_jpg_2025-03-06_22-45-09-1024x683.webp.webp?fit=1024%2C683&ssl=1&resize=525%2C300 1.5x, https:\/\/i0.wp.com\/noticiasribeiraopreto.com.br\/wp-content\/uploads\/2025\/12\/glaucia_berenice_2025-03-06_22-45-09_jpg_2025-03-06_22-45-09-1024x683.webp.webp?fit=1024%2C683&ssl=1&resize=700%2C400 2x"},"classes":[]},{"id":64324,"url":"https:\/\/noticiasribeiraopreto.com.br\/index.php\/2025\/03\/06\/ex-vereadora-de-ribeirao-preto-e-nomeada-vice-presidente-da-fundacao-dom-pedro-ii\/","url_meta":{"origin":80398,"position":1},"title":"Ex-vereadora de Ribeir\u00e3o Preto \u00e9 nomeada vice-presidente da Funda\u00e7\u00e3o Dom Pedro II","author":"noticiasribeiraopreto.com.br","date":"6 de March de 2025","format":false,"excerpt":"A ex-vereadora de Ribeir\u00e3o Preto, Gl\u00e1ucia Berenice (Republicanos), foi nomeada vice-presidente da Funda\u00e7\u00e3o Dom Pedro II. A nomea\u00e7\u00e3o, com efeito retroativo a 24 de fevereiro, foi publicada no Di\u00e1rio Oficial nesta quinta-feira (6). Nas elei\u00e7\u00f5es de 2024, a ex-parlamentar obteve 2.838 votos, mas n\u00e3o conseguiu a reelei\u00e7\u00e3o. Em nota enviada\u2026","rel":"","context":"In &quot;Not\u00edcias de Ribeir\u00e3o Preto-SP e Regi\u00e3o&quot;","block_context":{"text":"Not\u00edcias de Ribeir\u00e3o Preto-SP e Regi\u00e3o","link":"https:\/\/noticiasribeiraopreto.com.br\/index.php\/category\/noticias-de-ribeirao-preto-sp-e-regiao-ismael-colosi\/"},"img":{"alt_text":"","src":"https:\/\/i0.wp.com\/noticiasribeiraopreto.com.br\/wp-content\/uploads\/2025\/03\/glaucia_berenice_2025-03-06_22-45-09_jpg_2025-03-06_22-45-09.webp.webp?fit=1200%2C800&ssl=1&resize=350%2C200","width":350,"height":200,"srcset":"https:\/\/i0.wp.com\/noticiasribeiraopreto.com.br\/wp-content\/uploads\/2025\/03\/glaucia_berenice_2025-03-06_22-45-09_jpg_2025-03-06_22-45-09.webp.webp?fit=1200%2C800&ssl=1&resize=350%2C200 1x, https:\/\/i0.wp.com\/noticiasribeiraopreto.com.br\/wp-content\/uploads\/2025\/03\/glaucia_berenice_2025-03-06_22-45-09_jpg_2025-03-06_22-45-09.webp.webp?fit=1200%2C800&ssl=1&resize=525%2C300 1.5x, https:\/\/i0.wp.com\/noticiasribeiraopreto.com.br\/wp-content\/uploads\/2025\/03\/glaucia_berenice_2025-03-06_22-45-09_jpg_2025-03-06_22-45-09.webp.webp?fit=1200%2C800&ssl=1&resize=700%2C400 2x, https:\/\/i0.wp.com\/noticiasribeiraopreto.com.br\/wp-content\/uploads\/2025\/03\/glaucia_berenice_2025-03-06_22-45-09_jpg_2025-03-06_22-45-09.webp.webp?fit=1200%2C800&ssl=1&resize=1050%2C600 3x"},"classes":[]},{"id":66476,"url":"https:\/\/noticiasribeiraopreto.com.br\/index.php\/2025\/04\/01\/ex-vereadora-e-exonerada-do-theatro-pedro-ii-apos-denuncias-sobre-indigenas-venezuelanos\/","url_meta":{"origin":80398,"position":2},"title":"Ex-vereadora \u00e9 exonerada do Theatro Pedro II ap\u00f3s den\u00fancias sobre ind\u00edgenas venezuelanos","author":"noticiasribeiraopreto.com.br","date":"1 de April de 2025","format":false,"excerpt":"A ex-vereadora Gl\u00e1ucia Berenice foi exonerada da vice-presid\u00eancia da Funda\u00e7\u00e3o Theatro Dom Pedro II, em Ribeir\u00e3o Preto. A sa\u00edda de Gl\u00e1ucia do cargo acontece ap\u00f3s a organiza\u00e7\u00e3o respons\u00e1vel pelo atendimento dos ind\u00edgenas venezuelanos, da tribo Warao, denunciar ac\u00famulo de lixo e problemas na estrutura do im\u00f3vel que abriga os refugiados.\u2026","rel":"","context":"In &quot;Not\u00edcias de Ribeir\u00e3o Preto-SP e Regi\u00e3o&quot;","block_context":{"text":"Not\u00edcias de Ribeir\u00e3o Preto-SP e Regi\u00e3o","link":"https:\/\/noticiasribeiraopreto.com.br\/index.php\/category\/noticias-de-ribeirao-preto-sp-e-regiao-ismael-colosi\/"},"img":{"alt_text":"","src":"https:\/\/i0.wp.com\/noticiasribeiraopreto.com.br\/wp-content\/uploads\/2025\/03\/glaucia_berenice_2025-03-06_22-45-09_jpg_2025-03-06_22-45-09.webp.webp?fit=1200%2C800&ssl=1&resize=350%2C200","width":350,"height":200,"srcset":"https:\/\/i0.wp.com\/noticiasribeiraopreto.com.br\/wp-content\/uploads\/2025\/03\/glaucia_berenice_2025-03-06_22-45-09_jpg_2025-03-06_22-45-09.webp.webp?fit=1200%2C800&ssl=1&resize=350%2C200 1x, https:\/\/i0.wp.com\/noticiasribeiraopreto.com.br\/wp-content\/uploads\/2025\/03\/glaucia_berenice_2025-03-06_22-45-09_jpg_2025-03-06_22-45-09.webp.webp?fit=1200%2C800&ssl=1&resize=525%2C300 1.5x, https:\/\/i0.wp.com\/noticiasribeiraopreto.com.br\/wp-content\/uploads\/2025\/03\/glaucia_berenice_2025-03-06_22-45-09_jpg_2025-03-06_22-45-09.webp.webp?fit=1200%2C800&ssl=1&resize=700%2C400 2x, https:\/\/i0.wp.com\/noticiasribeiraopreto.com.br\/wp-content\/uploads\/2025\/03\/glaucia_berenice_2025-03-06_22-45-09_jpg_2025-03-06_22-45-09.webp.webp?fit=1200%2C800&ssl=1&resize=1050%2C600 3x"},"classes":[]},{"id":73915,"url":"https:\/\/noticiasribeiraopreto.com.br\/index.php\/2025\/07\/12\/morte-de-aluno-gera-condenacao\/","url_meta":{"origin":80398,"position":3},"title":"Morte de aluno gera condena\u00e7\u00e3o","author":"noticiasribeiraopreto.com.br","date":"12 de July de 2025","format":false,"excerpt":"O Grupo de Atua\u00e7\u00e3o Especial da Educa\u00e7\u00e3o (Geduc) obteve, em 3 de julho, a condena\u00e7\u00e3o da prefeitura de Ribeir\u00e3o Preto ao pagamento de indeniza\u00e7\u00e3o por danos morais difusos no valor de R$ 400 mil em decorr\u00eancia da morte de um aluno nas depend\u00eancias de uma escola municipal. A senten\u00e7a \u00e9\u2026","rel":"","context":"In &quot;Not\u00edcias de Ribeir\u00e3o Preto-SP e Regi\u00e3o&quot;","block_context":{"text":"Not\u00edcias de Ribeir\u00e3o Preto-SP e Regi\u00e3o","link":"https:\/\/noticiasribeiraopreto.com.br\/index.php\/category\/noticias-de-ribeirao-preto-sp-e-regiao-ismael-colosi\/"},"img":{"alt_text":"","src":"https:\/\/i0.wp.com\/noticiasribeiraopreto.com.br\/wp-content\/uploads\/2025\/07\/MorteCPI-Detalhe-Reproducao-scaled.jpg?fit=800%2C446&ssl=1&resize=350%2C200","width":350,"height":200,"srcset":"https:\/\/i0.wp.com\/noticiasribeiraopreto.com.br\/wp-content\/uploads\/2025\/07\/MorteCPI-Detalhe-Reproducao-scaled.jpg?fit=800%2C446&ssl=1&resize=350%2C200 1x, https:\/\/i0.wp.com\/noticiasribeiraopreto.com.br\/wp-content\/uploads\/2025\/07\/MorteCPI-Detalhe-Reproducao-scaled.jpg?fit=800%2C446&ssl=1&resize=525%2C300 1.5x, https:\/\/i0.wp.com\/noticiasribeiraopreto.com.br\/wp-content\/uploads\/2025\/07\/MorteCPI-Detalhe-Reproducao-scaled.jpg?fit=800%2C446&ssl=1&resize=700%2C400 2x"},"classes":[]},{"id":58842,"url":"https:\/\/noticiasribeiraopreto.com.br\/index.php\/2024\/10\/07\/pt-elege-as-tres-mulheres-da-camara-de-ribeirao-preto-a-partir-de-2025\/","url_meta":{"origin":80398,"position":4},"title":"PT elege as tr\u00eas mulheres da C\u00e2mara de Ribeir\u00e3o Preto a partir de 2025","author":"noticiasribeiraopreto.com.br","date":"7 de October de 2024","format":false,"excerpt":"As mulheres continuar\u00e3o com apenas tr\u00eas representantes na C\u00e2mara Municipal de Ribeir\u00e3o Preto a partir de 1\u00ba de janeiro de 2025. Duda Hidalgo, Perla M\u00fcller e Judeti Zilli, do Coletivo Popular, ambas do PT, foram eleitas no primeiro turno das elei\u00e7\u00f5es municipais, realizado no \u00faltimo domingo (6). Todas as parlamentares,\u2026","rel":"","context":"In &quot;Not\u00edcias de Ribeir\u00e3o Preto-SP e Regi\u00e3o&quot;","block_context":{"text":"Not\u00edcias de Ribeir\u00e3o Preto-SP e Regi\u00e3o","link":"https:\/\/noticiasribeiraopreto.com.br\/index.php\/category\/noticias-de-ribeirao-preto-sp-e-regiao-ismael-colosi\/"},"img":{"alt_text":"","src":"https:\/\/i0.wp.com\/noticiasribeiraopreto.com.br\/wp-content\/uploads\/2024\/10\/mulheres-camara_2024-10-07_16-04-38_jpeg_2024-10-07_16-04-38.webp.webp?fit=1200%2C674&ssl=1&resize=350%2C200","width":350,"height":200,"srcset":"https:\/\/i0.wp.com\/noticiasribeiraopreto.com.br\/wp-content\/uploads\/2024\/10\/mulheres-camara_2024-10-07_16-04-38_jpeg_2024-10-07_16-04-38.webp.webp?fit=1200%2C674&ssl=1&resize=350%2C200 1x, https:\/\/i0.wp.com\/noticiasribeiraopreto.com.br\/wp-content\/uploads\/2024\/10\/mulheres-camara_2024-10-07_16-04-38_jpeg_2024-10-07_16-04-38.webp.webp?fit=1200%2C674&ssl=1&resize=525%2C300 1.5x, https:\/\/i0.wp.com\/noticiasribeiraopreto.com.br\/wp-content\/uploads\/2024\/10\/mulheres-camara_2024-10-07_16-04-38_jpeg_2024-10-07_16-04-38.webp.webp?fit=1200%2C674&ssl=1&resize=700%2C400 2x, https:\/\/i0.wp.com\/noticiasribeiraopreto.com.br\/wp-content\/uploads\/2024\/10\/mulheres-camara_2024-10-07_16-04-38_jpeg_2024-10-07_16-04-38.webp.webp?fit=1200%2C674&ssl=1&resize=1050%2C600 3x"},"classes":[]},{"id":67065,"url":"https:\/\/noticiasribeiraopreto.com.br\/index.php\/2025\/04\/09\/justica-manda-retirar-da-internet-acusacoes-contra-ex-vereadora-de-ribeirao\/","url_meta":{"origin":80398,"position":5},"title":"Justi\u00e7a manda retirar da internet acusa\u00e7\u00f5es contra ex-vereadora de Ribeir\u00e3o","author":"noticiasribeiraopreto.com.br","date":"9 de April de 2025","format":false,"excerpt":"O juiz Benedito Sergio de Oliveira, da 12\u00aa Vara C\u00edvel de Ribeir\u00e3o Preto, determinou que o presidente da OSC (Organiza\u00e7\u00e3o da Sociedade Civil) Projeto Mudando Vidas, Ricardo Tostes, retire da internet as acusa\u00e7\u00f5es contra ex-vereadora Gl\u00e1ucia Berenice sobre a situa\u00e7\u00e3o dos ind\u00edgenas venezuelanos em Ribeir\u00e3o Preto. No entendimento do magistrado,\u2026","rel":"","context":"In &quot;Not\u00edcias de Ribeir\u00e3o Preto-SP e Regi\u00e3o&quot;","block_context":{"text":"Not\u00edcias de Ribeir\u00e3o Preto-SP e Regi\u00e3o","link":"https:\/\/noticiasribeiraopreto.com.br\/index.php\/category\/noticias-de-ribeirao-preto-sp-e-regiao-ismael-colosi\/"},"img":{"alt_text":"","src":"https:\/\/i0.wp.com\/noticiasribeiraopreto.com.br\/wp-content\/uploads\/2025\/03\/glaucia_berenice_2025-03-06_22-45-09_jpg_2025-03-06_22-45-09.webp.webp?fit=1200%2C800&ssl=1&resize=350%2C200","width":350,"height":200,"srcset":"https:\/\/i0.wp.com\/noticiasribeiraopreto.com.br\/wp-content\/uploads\/2025\/03\/glaucia_berenice_2025-03-06_22-45-09_jpg_2025-03-06_22-45-09.webp.webp?fit=1200%2C800&ssl=1&resize=350%2C200 1x, https:\/\/i0.wp.com\/noticiasribeiraopreto.com.br\/wp-content\/uploads\/2025\/03\/glaucia_berenice_2025-03-06_22-45-09_jpg_2025-03-06_22-45-09.webp.webp?fit=1200%2C800&ssl=1&resize=525%2C300 1.5x, https:\/\/i0.wp.com\/noticiasribeiraopreto.com.br\/wp-content\/uploads\/2025\/03\/glaucia_berenice_2025-03-06_22-45-09_jpg_2025-03-06_22-45-09.webp.webp?fit=1200%2C800&ssl=1&resize=700%2C400 2x, https:\/\/i0.wp.com\/noticiasribeiraopreto.com.br\/wp-content\/uploads\/2025\/03\/glaucia_berenice_2025-03-06_22-45-09_jpg_2025-03-06_22-45-09.webp.webp?fit=1200%2C800&ssl=1&resize=1050%2C600 3x"},"classes":[]}],"jetpack_sharing_enabled":true,"jetpack_shortlink":"https:\/\/wp.me\/peQAOb-kUK","_links":{"self":[{"href":"https:\/\/noticiasribeiraopreto.com.br\/index.php\/wp-json\/wp\/v2\/posts\/80398","targetHints":{"allow":["GET"]}}],"collection":[{"href":"https:\/\/noticiasribeiraopreto.com.br\/index.php\/wp-json\/wp\/v2\/posts"}],"about":[{"href":"https:\/\/noticiasribeiraopreto.com.br\/index.php\/wp-json\/wp\/v2\/types\/post"}],"author":[{"embeddable":true,"href":"https:\/\/noticiasribeiraopreto.com.br\/index.php\/wp-json\/wp\/v2\/users\/1"}],"replies":[{"embeddable":true,"href":"https:\/\/noticiasribeiraopreto.com.br\/index.php\/wp-json\/wp\/v2\/comments?post=80398"}],"version-history":[{"count":0,"href":"https:\/\/noticiasribeiraopreto.com.br\/index.php\/wp-json\/wp\/v2\/posts\/80398\/revisions"}],"wp:featuredmedia":[{"embeddable":true,"href":"https:\/\/noticiasribeiraopreto.com.br\/index.php\/wp-json\/wp\/v2\/media\/80399"}],"wp:attachment":[{"href":"https:\/\/noticiasribeiraopreto.com.br\/index.php\/wp-json\/wp\/v2\/media?parent=80398"}],"wp:term":[{"taxonomy":"category","embeddable":true,"href":"https:\/\/noticiasribeiraopreto.com.br\/index.php\/wp-json\/wp\/v2\/categories?post=80398"},{"taxonomy":"post_tag","embeddable":true,"href":"https:\/\/noticiasribeiraopreto.com.br\/index.php\/wp-json\/wp\/v2\/tags?post=80398"}],"curies":[{"name":"wp","href":"https:\/\/api.w.org\/{rel}","templated":true}]}}