{"id":80400,"date":"2025-12-03T10:11:41","date_gmt":"2025-12-03T13:11:41","guid":{"rendered":"https:\/\/noticiasribeiraopreto.com.br\/index.php\/2025\/12\/03\/catedral-de-ribeirao-preto-recebe-concerto-especial-de-natal-no-final-de-semana\/"},"modified":"2025-12-03T10:11:41","modified_gmt":"2025-12-03T13:11:41","slug":"catedral-de-ribeirao-preto-recebe-concerto-especial-de-natal-no-final-de-semana","status":"publish","type":"post","link":"https:\/\/noticiasribeiraopreto.com.br\/index.php\/2025\/12\/03\/catedral-de-ribeirao-preto-recebe-concerto-especial-de-natal-no-final-de-semana\/","title":{"rendered":"Catedral de Ribeir\u00e3o Preto recebe concerto especial de Natal no final de semana"},"content":{"rendered":"<div class='code-block code-block-1' style='margin: 8px 0 8px auto; text-align: right; display: block; clear: both;'>\n<p><a href=\"https:\/\/wa.link\/vpicfd\"><img data-recalc-dims=\"1\" class=\"wp-image-4922\" style=\"aspect-ratio: 2.0253164556962027; width: 561px; height: auto;\" src=\"https:\/\/i0.wp.com\/ismaelcolosi.com.br\/wp-content\/uploads\/2023\/11\/grupo-de-empregos-whatsapp-e-facebook-ismael-colosi-vagas.jpg?ssl=1\" alt=\"\" \/><\/a><\/p>\n<!-- \/wp:image -->\n<\/div>\n<p> <br \/>\n<\/p>\n<div>\n<p>A <strong>Catedral Metropolitana de Ribeir\u00e3o Preto<\/strong> recebe no domingo (7), uma apresenta\u00e7\u00e3o especial do <strong>Coral da Unaerp (Universidade de Ribeir\u00e3o Preto)<\/strong>, \u00e0s 20h. O concerto \u00e9 <strong>gratuito <\/strong>e aberto ao p\u00fablico.<\/p>\n<p>A apresenta\u00e7\u00e3o faz parte da <strong>programa\u00e7\u00e3o natalina<\/strong> organizada pela Comiss\u00e3o de Preserva\u00e7\u00e3o e Restaura\u00e7\u00e3o da Catedral em prol da campanha \u201c<strong>Salve a Catedral<\/strong>\u201d.<\/p>\n<p>De acordo com a regente Cristina Mod\u00e9, o repert\u00f3rio vai reunir <strong>obras tradicionais conhecidas pelo p\u00fablico <\/strong>que ser\u00e3o interpretadas com arranjos contempor\u00e2neos, incluindo \u201cBoas Festas\u201d, \u201cNoite Feliz\u201d, \u201cCantate Dominum\u201d (de H\u00e4ndel) e \u201cAleluia\u201d em ritmo tropical caribenho.<\/p>\n<p>A sele\u00e7\u00e3o tamb\u00e9m inclui \u201cImagine\u201d, de John Lennon, escolhida pela rela\u00e7\u00e3o com o esp\u00edrito de humanidade e irmandade que a m\u00fasica expressa. \u00a0Essa ser\u00e1 a primeira apresenta\u00e7\u00e3o do coral na Catedral.<\/p>\n<figure class=\"wp-block-pullquote\">\n<blockquote>\n<p>Cantar em um espa\u00e7o como a Catedral representa um momento especial na trajet\u00f3ria do coro<\/p>\n<p><cite>regente do Coral da Unaerp, Cristina Mod\u00e9<\/cite><\/p><\/blockquote>\n<\/figure>\n<p><mark style=\"background-color:#fcb900\" class=\"has-inline-color\">Cerca de 40 coralistas comp\u00f5em a forma\u00e7\u00e3o atual do tradicional Coral da Unaerp. <\/mark>Segundo o p\u00e1roco da Catedral, padre Francisco Jaber Zanardo Moussa (padre Chico), receber o Coral da Unaerp pela primeira vez tem <strong>significado especial<\/strong> neste momento de <strong>mobiliza\u00e7\u00e3o pelo restauro<\/strong>.<\/p>\n<h2 class=\"wp-block-heading\"><strong>In\u00edcio das obras<\/strong><\/h2>\n<p>Na segunda-feira (1\u00ba), <strong>tiveram in\u00edcio as obras de restauro da Catedral de Ribeir\u00e3o Pret<\/strong>o. As primeiras m\u00e1quinas e equipamentos, que dar\u00e3o suporte \u00e0 Fase 1 da interven\u00e7\u00e3o, voltada ao refor\u00e7o das funda\u00e7\u00f5es e \u00e0s a\u00e7\u00f5es t\u00e9cnicas de conserva\u00e7\u00e3o, come\u00e7aram a ser instalados no local.<\/p>\n<blockquote class=\"instagram-media\" data-instgrm-permalink=\"https:\/\/www.instagram.com\/reel\/DRvVos_Dv-q\/?utm_source=ig_embed&amp;utm_campaign=loading\" data-instgrm-version=\"14\" style=\" background:#FFF; border:0; border-radius:3px; box-shadow:0 0 1px 0 rgba(0,0,0,0.5),0 1px 10px 0 rgba(0,0,0,0.15); margin: 1px; max-width:540px; min-width:326px; padding:0; width:99.375%; width:-webkit-calc(100% - 2px); width:calc(100% - 2px);\"\/>\n<h2 class=\"wp-block-heading\"><strong>Servi\u00e7o<\/strong><\/h2>\n<p><em>Apresenta\u00e7\u00e3o do Coral Unaerp na Catedral Metropolitana de Ribeir\u00e3o Preto<\/em><\/p>\n<p>Quando: 7 de dezembro, domingo<\/p>\n<p>Hor\u00e1rio: \u00e0s 20h<\/p>\n<p>Local: Catedral Metropolitana de Ribeir\u00e3o Preto \u2013 Rua Flor\u00eancio de Abreu, s\/n, Centro<\/p>\n<p>Entrada: gratuita e aberta ao p\u00fablico<\/p>\n<hr class=\"wp-block-separator has-alpha-channel-opacity\"\/>\n<p>SAIBA MAIS<\/p>\n<p>Trem iluminado de Natal traz Papai Noel para Ribeir\u00e3o Preto; veja data e local<\/p>\n<h2 class=\"wp-block-heading\"><strong>FIQUE ON<\/strong><\/h2>\n<p>Fique ligado em tudo que acontece em Ribeir\u00e3o Preto e regi\u00e3o. Siga os perfis do\u00a0<strong>acidade on<\/strong>\u00a0no\u00a0<a href=\"https:\/\/www.instagram.com\/acidadeonribeirao\" target=\"_blank\" rel=\"noreferrer noopener\">Instagram<\/a>\u00a0e no\u00a0<a href=\"https:\/\/www.facebook.com\/acidadeonribeirao\/\" target=\"_blank\" rel=\"noreferrer noopener\">Facebook<\/a>.<\/p>\n<p>Receba not\u00edcias do\u00a0<strong>acidade on\u00a0<\/strong>no WhatsApp. Para entrar no grupo,\u00a0basta<a href=\"https:\/\/chat.whatsapp.com\/I4nieTEMKlf50pJ28aMemC?mode=ac_t\" target=\"_blank\" rel=\"noreferrer noopener\">\u00a0clicar aqui<\/a>. Ou, acesse o nosso\u00a0Canal\u00a0<a href=\"https:\/\/whatsapp.com\/channel\/0029Vb6IQl1JENyAeS57fk2p\" target=\"_blank\" rel=\"noreferrer noopener\">clicando aqui<\/a>.Fa\u00e7a uma den\u00fancia ou sugira uma reportagem sobre Ribeir\u00e3o Preto e regi\u00e3o pelo WhatsApp: 16 99117 7802.<\/p>\n<p>VEJA TAMB\u00c9M<\/p>\n<p>Qual era a idade do menino que morreu na jaula de leoa?<\/p>\n<p><!-- AI CONTENT END 1 -->\n<\/div>\n<p><script async src=\"\/\/www.instagram.com\/embed.js\"><\/script><br \/>\n<br \/><br \/>\n<br \/><a href=\"https:\/\/www.acidadeon.com\/ribeiraopreto\/lazer-e-cultura\/catedral-de-ribeirao-preto-recebe-concerto-especial-de-natal-no-final-de-semana\/\">Source link <\/a><\/p>\n<!-- CONTENT END 1 -->\n","protected":false},"excerpt":{"rendered":"<p>A Catedral Metropolitana de Ribeir\u00e3o Preto recebe no domingo (7), uma apresenta\u00e7\u00e3o especial do Coral da Unaerp (Universidade de Ribeir\u00e3o Preto), \u00e0s 20h. O concerto&#8230;<\/p>\n","protected":false},"author":1,"featured_media":80401,"comment_status":"open","ping_status":"open","sticky":false,"template":"","format":"standard","meta":{"advanced_seo_description":"","jetpack_seo_html_title":"","jetpack_seo_noindex":false,"jetpack_post_was_ever_published":false,"_jetpack_newsletter_access":"","_jetpack_dont_email_post_to_subs":false,"_jetpack_newsletter_tier_id":0,"_jetpack_memberships_contains_paywalled_content":false,"_jetpack_memberships_contains_paid_content":false,"footnotes":"","jetpack_publicize_message":"","jetpack_publicize_feature_enabled":true,"jetpack_social_post_already_shared":true,"jetpack_social_options":{"image_generator_settings":{"template":"highway","default_image_id":0,"font":"","enabled":false},"version":2}},"categories":[11],"tags":[],"class_list":["post-80400","post","type-post","status-publish","format-standard","has-post-thumbnail","hentry","category-noticias-de-ribeirao-preto-sp-e-regiao-ismael-colosi"],"jetpack_publicize_connections":[],"jetpack_featured_media_url":"https:\/\/i0.wp.com\/noticiasribeiraopreto.com.br\/wp-content\/uploads\/2025\/12\/Tratadas_Solenidade-100-Anos-Unaerp-50_2025-12-02_23-26-19.webp.webp?fit=1200%2C800&ssl=1","jetpack-related-posts":[{"id":74963,"url":"https:\/\/noticiasribeiraopreto.com.br\/index.php\/2025\/07\/31\/catedral-de-ribeirao-preto-recebe-concerto-da-usp-entrada-e-gratuita\/","url_meta":{"origin":80400,"position":0},"title":"Catedral de Ribeir\u00e3o Preto recebe Concerto da USP; entrada \u00e9 gratuita","author":"noticiasribeiraopreto.com.br","date":"31 de July de 2025","format":false,"excerpt":"No pr\u00f3ximo domingo (3), \u00e0s 20h, a Catedral Metropolitana de Ribeir\u00e3o Preto ser\u00e1 palco de mais uma edi\u00e7\u00e3o do Concerto USP na Catedral. O evento que integra a campanha solid\u00e1ria \u201cSalve a Catedral\u201d, voltada \u00e0 valoriza\u00e7\u00e3o e preserva\u00e7\u00e3o do patrim\u00f4nio hist\u00f3rico e arquitet\u00f4nico de Ribeir\u00e3o Preto. A apresenta\u00e7\u00e3o aberta ter\u00e1\u2026","rel":"","context":"In &quot;Not\u00edcias de Ribeir\u00e3o Preto-SP e Regi\u00e3o&quot;","block_context":{"text":"Not\u00edcias de Ribeir\u00e3o Preto-SP e Regi\u00e3o","link":"https:\/\/noticiasribeiraopreto.com.br\/index.php\/category\/noticias-de-ribeirao-preto-sp-e-regiao-ismael-colosi\/"},"img":{"alt_text":"","src":"https:\/\/i0.wp.com\/noticiasribeiraopreto.com.br\/wp-content\/uploads\/2025\/07\/concerto-usp-2_2025-07-31_20-04-54.webp.webp?fit=900%2C643&ssl=1&resize=350%2C200","width":350,"height":200,"srcset":"https:\/\/i0.wp.com\/noticiasribeiraopreto.com.br\/wp-content\/uploads\/2025\/07\/concerto-usp-2_2025-07-31_20-04-54.webp.webp?fit=900%2C643&ssl=1&resize=350%2C200 1x, https:\/\/i0.wp.com\/noticiasribeiraopreto.com.br\/wp-content\/uploads\/2025\/07\/concerto-usp-2_2025-07-31_20-04-54.webp.webp?fit=900%2C643&ssl=1&resize=525%2C300 1.5x, https:\/\/i0.wp.com\/noticiasribeiraopreto.com.br\/wp-content\/uploads\/2025\/07\/concerto-usp-2_2025-07-31_20-04-54.webp.webp?fit=900%2C643&ssl=1&resize=700%2C400 2x"},"classes":[]},{"id":70679,"url":"https:\/\/noticiasribeiraopreto.com.br\/index.php\/2025\/05\/28\/concerto-gratuito-na-catedral-de-ribeirao-preto-leva-obras-sacras-ao-publico-veja-quando\/","url_meta":{"origin":80400,"position":1},"title":"Concerto gratuito na Catedral de Ribeir\u00e3o Preto leva obras sacras ao p\u00fablico; Veja quando","author":"noticiasribeiraopreto.com.br","date":"28 de May de 2025","format":false,"excerpt":"A Catedral Metropolitana de Ribeir\u00e3o Preto, no Centro do munic\u00edpio, recebe neste domingo (1\u00ba), \u00e0s 20h, mais uma edi\u00e7\u00e3o do Concerto USP na Catedral, programa\u00e7\u00e3o cultural que integra a campanha \u201cSalve a Catedral\u201d. A entrada \u00e9 gratuita e aberta \u00e0 popula\u00e7\u00e3o. Com o programa \u201cExsultate Deo: A M\u00fasica e o\u2026","rel":"","context":"In &quot;Not\u00edcias de Ribeir\u00e3o Preto-SP e Regi\u00e3o&quot;","block_context":{"text":"Not\u00edcias de Ribeir\u00e3o Preto-SP e Regi\u00e3o","link":"https:\/\/noticiasribeiraopreto.com.br\/index.php\/category\/noticias-de-ribeirao-preto-sp-e-regiao-ismael-colosi\/"},"img":{"alt_text":"","src":"https:\/\/i0.wp.com\/noticiasribeiraopreto.com.br\/wp-content\/uploads\/2025\/05\/20220618_024226476_catedral_sao_1200x675_17062022004910-1.jpg?fit=1200%2C675&ssl=1&resize=350%2C200","width":350,"height":200,"srcset":"https:\/\/i0.wp.com\/noticiasribeiraopreto.com.br\/wp-content\/uploads\/2025\/05\/20220618_024226476_catedral_sao_1200x675_17062022004910-1.jpg?fit=1200%2C675&ssl=1&resize=350%2C200 1x, https:\/\/i0.wp.com\/noticiasribeiraopreto.com.br\/wp-content\/uploads\/2025\/05\/20220618_024226476_catedral_sao_1200x675_17062022004910-1.jpg?fit=1200%2C675&ssl=1&resize=525%2C300 1.5x, https:\/\/i0.wp.com\/noticiasribeiraopreto.com.br\/wp-content\/uploads\/2025\/05\/20220618_024226476_catedral_sao_1200x675_17062022004910-1.jpg?fit=1200%2C675&ssl=1&resize=700%2C400 2x, https:\/\/i0.wp.com\/noticiasribeiraopreto.com.br\/wp-content\/uploads\/2025\/05\/20220618_024226476_catedral_sao_1200x675_17062022004910-1.jpg?fit=1200%2C675&ssl=1&resize=1050%2C600 3x"},"classes":[]},{"id":76757,"url":"https:\/\/noticiasribeiraopreto.com.br\/index.php\/2025\/09\/04\/catedral-de-ribeirao-preto-recebe-concerto-gratuito-veja-quando\/","url_meta":{"origin":80400,"position":2},"title":"Catedral de Ribeir\u00e3o Preto recebe concerto gratuito; veja quando","author":"noticiasribeiraopreto.com.br","date":"4 de September de 2025","format":false,"excerpt":"A Catedral Metropolitana de Ribeir\u00e3o Preto recebe neste domingo (7), \u00e0s 20h, mais uma edi\u00e7\u00e3o da s\u00e9rie Concertos USP na Catedral. A apresenta\u00e7\u00e3o tem entrada gratuita e re\u00fane jovens m\u00fasicos do Departamento de M\u00fasica da USP. O programa conta com a participa\u00e7\u00e3o de: Jo\u00e3o Henrique Moreira Duarte (viol\u00e3o) Lucas Menezes\u2026","rel":"","context":"In &quot;Not\u00edcias de Ribeir\u00e3o Preto-SP e Regi\u00e3o&quot;","block_context":{"text":"Not\u00edcias de Ribeir\u00e3o Preto-SP e Regi\u00e3o","link":"https:\/\/noticiasribeiraopreto.com.br\/index.php\/category\/noticias-de-ribeirao-preto-sp-e-regiao-ismael-colosi\/"},"img":{"alt_text":"","src":"https:\/\/i0.wp.com\/noticiasribeiraopreto.com.br\/wp-content\/uploads\/2025\/09\/catedral-ribeirao-preto_2025-05-24_16-57-04.webp.webp?fit=1200%2C800&ssl=1&resize=350%2C200","width":350,"height":200,"srcset":"https:\/\/i0.wp.com\/noticiasribeiraopreto.com.br\/wp-content\/uploads\/2025\/09\/catedral-ribeirao-preto_2025-05-24_16-57-04.webp.webp?fit=1200%2C800&ssl=1&resize=350%2C200 1x, https:\/\/i0.wp.com\/noticiasribeiraopreto.com.br\/wp-content\/uploads\/2025\/09\/catedral-ribeirao-preto_2025-05-24_16-57-04.webp.webp?fit=1200%2C800&ssl=1&resize=525%2C300 1.5x, https:\/\/i0.wp.com\/noticiasribeiraopreto.com.br\/wp-content\/uploads\/2025\/09\/catedral-ribeirao-preto_2025-05-24_16-57-04.webp.webp?fit=1200%2C800&ssl=1&resize=700%2C400 2x, https:\/\/i0.wp.com\/noticiasribeiraopreto.com.br\/wp-content\/uploads\/2025\/09\/catedral-ribeirao-preto_2025-05-24_16-57-04.webp.webp?fit=1200%2C800&ssl=1&resize=1050%2C600 3x"},"classes":[]},{"id":80007,"url":"https:\/\/noticiasribeiraopreto.com.br\/index.php\/2025\/11\/12\/catedral-de-ribeirao-preto-recebe-concerto-de-natal-da-orquestra-sinfonica\/","url_meta":{"origin":80400,"position":3},"title":"Catedral de Ribeir\u00e3o Preto recebe Concerto de Natal da Orquestra Sinf\u00f4nica","author":"noticiasribeiraopreto.com.br","date":"12 de November de 2025","format":false,"excerpt":"A Orquestra Sinf\u00f4nica de Ribeir\u00e3o Preto apresenta na noite deste domingo (16) o \u201cConcerto de Natal\u201d na Catedral Metropolitana, no Centro de Ribeir\u00e3o Preto. A apresenta\u00e7\u00e3o \u00e9 gratuita e acontece \u00e0s 20h. Sob a reg\u00eancia do maestro Reginaldo Nascimento, o concerto re\u00fane o Coro da Orquestra Sinf\u00f4nica de Ribeir\u00e3o Preto\u2026","rel":"","context":"In &quot;Not\u00edcias de Ribeir\u00e3o Preto-SP e Regi\u00e3o&quot;","block_context":{"text":"Not\u00edcias de Ribeir\u00e3o Preto-SP e Regi\u00e3o","link":"https:\/\/noticiasribeiraopreto.com.br\/index.php\/category\/noticias-de-ribeirao-preto-sp-e-regiao-ismael-colosi\/"},"img":{"alt_text":"","src":"https:\/\/i0.wp.com\/noticiasribeiraopreto.com.br\/wp-content\/uploads\/2025\/11\/orquestra-de-ribeirao-preto_2025-11-12_14-21-51.webp.webp?fit=1200%2C630&ssl=1&resize=350%2C200","width":350,"height":200,"srcset":"https:\/\/i0.wp.com\/noticiasribeiraopreto.com.br\/wp-content\/uploads\/2025\/11\/orquestra-de-ribeirao-preto_2025-11-12_14-21-51.webp.webp?fit=1200%2C630&ssl=1&resize=350%2C200 1x, https:\/\/i0.wp.com\/noticiasribeiraopreto.com.br\/wp-content\/uploads\/2025\/11\/orquestra-de-ribeirao-preto_2025-11-12_14-21-51.webp.webp?fit=1200%2C630&ssl=1&resize=525%2C300 1.5x, https:\/\/i0.wp.com\/noticiasribeiraopreto.com.br\/wp-content\/uploads\/2025\/11\/orquestra-de-ribeirao-preto_2025-11-12_14-21-51.webp.webp?fit=1200%2C630&ssl=1&resize=700%2C400 2x, https:\/\/i0.wp.com\/noticiasribeiraopreto.com.br\/wp-content\/uploads\/2025\/11\/orquestra-de-ribeirao-preto_2025-11-12_14-21-51.webp.webp?fit=1200%2C630&ssl=1&resize=1050%2C600 3x"},"classes":[]},{"id":82869,"url":"https:\/\/noticiasribeiraopreto.com.br\/index.php\/2026\/03\/01\/serie-concertos-usp-na-catedral-abre-temporada-2026\/","url_meta":{"origin":80400,"position":4},"title":"S\u00e9rie Concertos USP na Catedral abre temporada 2026","author":"noticiasribeiraopreto.com.br","date":"1 de March de 2026","format":false,"excerpt":"A S\u00e9rie Concertos USP na Catedral inicia sua temporada de 2026 neste domingo, 1\u00ba de mar\u00e7o, na Catedral Metropolitana de Ribeir\u00e3o Preto, \u00e0s 20h. A apresenta\u00e7\u00e3o re\u00fane canto e piano em programa dedicado a obras do s\u00e9culo XX, reafirmando a parceria entre o Departamento de M\u00fasica da Faculdade de Filosofia,\u2026","rel":"","context":"In &quot;Not\u00edcias de Ribeir\u00e3o Preto-SP e Regi\u00e3o&quot;","block_context":{"text":"Not\u00edcias de Ribeir\u00e3o Preto-SP e Regi\u00e3o","link":"https:\/\/noticiasribeiraopreto.com.br\/index.php\/category\/noticias-de-ribeirao-preto-sp-e-regiao-ismael-colosi\/"},"img":{"alt_text":"","src":"https:\/\/i0.wp.com\/noticiasribeiraopreto.com.br\/wp-content\/uploads\/2026\/03\/concerto-usp.jpg?fit=780%2C780&ssl=1&resize=350%2C200","width":350,"height":200,"srcset":"https:\/\/i0.wp.com\/noticiasribeiraopreto.com.br\/wp-content\/uploads\/2026\/03\/concerto-usp.jpg?fit=780%2C780&ssl=1&resize=350%2C200 1x, https:\/\/i0.wp.com\/noticiasribeiraopreto.com.br\/wp-content\/uploads\/2026\/03\/concerto-usp.jpg?fit=780%2C780&ssl=1&resize=525%2C300 1.5x, https:\/\/i0.wp.com\/noticiasribeiraopreto.com.br\/wp-content\/uploads\/2026\/03\/concerto-usp.jpg?fit=780%2C780&ssl=1&resize=700%2C400 2x"},"classes":[]},{"id":77735,"url":"https:\/\/noticiasribeiraopreto.com.br\/index.php\/2025\/09\/24\/catedral-de-ribeirao-recebe-apresentacao-da-banda-sinfonica-do-exercito\/","url_meta":{"origin":80400,"position":5},"title":"Catedral de Ribeir\u00e3o recebe apresenta\u00e7\u00e3o da Banda Sinf\u00f4nica do Ex\u00e9rcito","author":"noticiasribeiraopreto.com.br","date":"24 de September de 2025","format":false,"excerpt":"A Banda Sinf\u00f4nica do Ex\u00e9rcito realiza uma apresenta\u00e7\u00e3o na Catedral Metropolitana de Ribeir\u00e3o Preto, no pr\u00f3ximo dia 7 de outubro, a partir das 19h30. A entrada \u00e9 gratuita e aberta ao p\u00fablico. O repert\u00f3rio escolhido pela banda traz nomes como James Barnes, James Swearingen, Eric Whitacre, Heitor Villa-Lobos, Jackson Lucio\u2026","rel":"","context":"In &quot;Not\u00edcias de Ribeir\u00e3o Preto-SP e Regi\u00e3o&quot;","block_context":{"text":"Not\u00edcias de Ribeir\u00e3o Preto-SP e Regi\u00e3o","link":"https:\/\/noticiasribeiraopreto.com.br\/index.php\/category\/noticias-de-ribeirao-preto-sp-e-regiao-ismael-colosi\/"},"img":{"alt_text":"","src":"https:\/\/i0.wp.com\/noticiasribeiraopreto.com.br\/wp-content\/uploads\/2025\/09\/Banda-exercito.jpg_2025-09-24_14-04-45.webp.webp?fit=640%2C427&ssl=1&resize=350%2C200","width":350,"height":200,"srcset":"https:\/\/i0.wp.com\/noticiasribeiraopreto.com.br\/wp-content\/uploads\/2025\/09\/Banda-exercito.jpg_2025-09-24_14-04-45.webp.webp?fit=640%2C427&ssl=1&resize=350%2C200 1x, https:\/\/i0.wp.com\/noticiasribeiraopreto.com.br\/wp-content\/uploads\/2025\/09\/Banda-exercito.jpg_2025-09-24_14-04-45.webp.webp?fit=640%2C427&ssl=1&resize=525%2C300 1.5x"},"classes":[]}],"jetpack_sharing_enabled":true,"jetpack_shortlink":"https:\/\/wp.me\/peQAOb-kUM","_links":{"self":[{"href":"https:\/\/noticiasribeiraopreto.com.br\/index.php\/wp-json\/wp\/v2\/posts\/80400","targetHints":{"allow":["GET"]}}],"collection":[{"href":"https:\/\/noticiasribeiraopreto.com.br\/index.php\/wp-json\/wp\/v2\/posts"}],"about":[{"href":"https:\/\/noticiasribeiraopreto.com.br\/index.php\/wp-json\/wp\/v2\/types\/post"}],"author":[{"embeddable":true,"href":"https:\/\/noticiasribeiraopreto.com.br\/index.php\/wp-json\/wp\/v2\/users\/1"}],"replies":[{"embeddable":true,"href":"https:\/\/noticiasribeiraopreto.com.br\/index.php\/wp-json\/wp\/v2\/comments?post=80400"}],"version-history":[{"count":0,"href":"https:\/\/noticiasribeiraopreto.com.br\/index.php\/wp-json\/wp\/v2\/posts\/80400\/revisions"}],"wp:featuredmedia":[{"embeddable":true,"href":"https:\/\/noticiasribeiraopreto.com.br\/index.php\/wp-json\/wp\/v2\/media\/80401"}],"wp:attachment":[{"href":"https:\/\/noticiasribeiraopreto.com.br\/index.php\/wp-json\/wp\/v2\/media?parent=80400"}],"wp:term":[{"taxonomy":"category","embeddable":true,"href":"https:\/\/noticiasribeiraopreto.com.br\/index.php\/wp-json\/wp\/v2\/categories?post=80400"},{"taxonomy":"post_tag","embeddable":true,"href":"https:\/\/noticiasribeiraopreto.com.br\/index.php\/wp-json\/wp\/v2\/tags?post=80400"}],"curies":[{"name":"wp","href":"https:\/\/api.w.org\/{rel}","templated":true}]}}