{"id":80402,"date":"2025-12-03T10:20:13","date_gmt":"2025-12-03T13:20:13","guid":{"rendered":"https:\/\/noticiasribeiraopreto.com.br\/index.php\/2025\/12\/03\/video-incendio-atinge-secretaria-municipal-na-regiao\/"},"modified":"2025-12-03T10:20:13","modified_gmt":"2025-12-03T13:20:13","slug":"video-incendio-atinge-secretaria-municipal-na-regiao","status":"publish","type":"post","link":"https:\/\/noticiasribeiraopreto.com.br\/index.php\/2025\/12\/03\/video-incendio-atinge-secretaria-municipal-na-regiao\/","title":{"rendered":"V\u00cdDEO &#8211; Inc\u00eandio atinge Secretaria Municipal na regi\u00e3o"},"content":{"rendered":"<div class='code-block code-block-1' style='margin: 8px 0 8px auto; text-align: right; display: block; clear: both;'>\n<p><a href=\"https:\/\/wa.link\/vpicfd\"><img data-recalc-dims=\"1\" class=\"wp-image-4922\" style=\"aspect-ratio: 2.0253164556962027; width: 561px; height: auto;\" src=\"https:\/\/i0.wp.com\/ismaelcolosi.com.br\/wp-content\/uploads\/2023\/11\/grupo-de-empregos-whatsapp-e-facebook-ismael-colosi-vagas.jpg?ssl=1\" alt=\"\" \/><\/a><\/p>\n<!-- \/wp:image -->\n<\/div>\n<p> <br \/>\n<\/p>\n<div id=\"\">&#13;<\/p>\n<h2 class=\"penci-post-subtitle\">Fogo come\u00e7ou no fim da tarde e mobilizou bombeiros, Defesa Civil, brigadistas de ind\u00fastrias e popula\u00e7\u00e3o da cidade<\/h2>\n<p>&#13;<\/p>\n<p>&#13;<br \/>\n\t\t\t\t\t\t\t\t\t<span class=\"entry-meta-item penci-posted-on\"><i class=\"fa fa-clock-o\"\/><time class=\"entry-date published\" datetime=\"2025-12-03T10:07:39-03:00\">3 de dezembro de 2025 10:07<\/time><time class=\"updated\" datetime=\"2025-12-03T10:07:58-03:00\">3 de dezembro de 2025 10:07<\/time><\/span><span class=\"entry-meta-item penci-post-countview\"\/>\t\t\t\t\t\t\t\t<\/p>\n<p><!-- .entry-meta -->&#13;<br \/>\n\t\t\t\t\t\t\t\t<span class=\"penci-social-buttons penci-social-share-footer\"><span class=\"penci-social-share-text\">Compartilhar<\/span><a href=\"#\" class=\"penci-post-like penci_post-meta_item  single-like-button penci-social-item like\" data-post_id=\"447954\" title=\"Like\" data-like=\"Like\" data-unlike=\"Unlike\"><i class=\"fa fa-thumbs-o-up\"\/><span class=\"penci-share-number\">2<\/span><\/a><i class=\"fa fa-facebook\"\/><a class=\"penci-social-item twitter\" target=\"_blank\" rel=\"noopener\" title=\"\" href=\"https:\/\/twitter.com\/intent\/tweet?text=V\u00cdDEO%20-%20Inc\u00eandio%20atinge%20Secretaria%20Municipal%20na%20regi\u00e3o%20-%20https:\/\/www.tribunaribeirao.com.br\/video-incendio-atinge-secretaria-municipal-na-regiao\/\"><i class=\"fa fa-twitter\"\/><\/a><i class=\"fa fa-linkedin\"\/><i class=\"fa fa-whatsapp\"\/><i class=\"fa fa-telegram\"\/><i class=\"fa fa-envelope\"\/><\/span>\t\t\t\t\t\t\t<\/div>\n<div>\n<p>Por: Adalberto Luque<\/p>\n<p>O pr\u00e9dio da Secretaria Municipal de Sa\u00fade de Mat\u00e3o foi parcialmente destru\u00eddo, no final da tarde desta ter\u00e7a-feira (2), ap\u00f3s um inc\u00eandio de grandes propor\u00e7\u00f5es atingir o local. As chamas come\u00e7aram no andar superior do pr\u00e9dio, onde ficavam computadores que armazenavam consultas e documentos referente a medicamentos.<\/p>\n<p>O im\u00f3vel pertence \u00e0 Casa da Cultura, que abriga a Secretaria. Por conta da estrutura antiga do local, com muito madeiramento, al\u00e9m de materiais inflam\u00e1veis, como gal\u00f5es de \u00e1lcool que eram armazenados, as chamas se alastraram rapidamente.<\/p>\n<p>Um caminh\u00e3o de rescaldo do Corpo de Bombeiros teve dificuldade para chegar ao pr\u00e9dio onde as chamas atingiram cerca de 5 metros de altura, pois um ve\u00edculo quebrou \u00e0 frente dos brigadistas. Assim que chegou, o tanque n\u00e3o foi suficiente para controlar as chamas.<\/p>\n<figure id=\"attachment_447956\" aria-describedby=\"caption-attachment-447956\" style=\"width: 800px\" class=\"wp-caption alignnone\"><img data-recalc-dims=\"1\" loading=\"lazy\" decoding=\"async\" class=\"size-full wp-image-447956 lazyload\" src=\"https:\/\/i0.wp.com\/www.tribunaribeirao.com.br\/wp-content\/uploads\/2025\/12\/03-dez-2025-incendiomatao2.jpg?resize=800%2C600&#038;ssl=1\" alt=\"\" width=\"800\" height=\"600\" srcset=\"https:\/\/www.tribunaribeirao.com.br\/wp-content\/uploads\/2025\/12\/03-dez-2025-incendiomatao2.jpg 800w, https:\/\/www.tribunaribeirao.com.br\/wp-content\/uploads\/2025\/12\/03-dez-2025-incendiomatao2-300x225.jpg 300w, https:\/\/www.tribunaribeirao.com.br\/wp-content\/uploads\/2025\/12\/03-dez-2025-incendiomatao2-768x576.jpg 768w, https:\/\/www.tribunaribeirao.com.br\/wp-content\/uploads\/2025\/12\/03-dez-2025-incendiomatao2-760x570.jpg 760w, https:\/\/www.tribunaribeirao.com.br\/wp-content\/uploads\/2025\/12\/03-dez-2025-incendiomatao2-533x400.jpg 533w, https:\/\/www.tribunaribeirao.com.br\/wp-content\/uploads\/2025\/12\/03-dez-2025-incendiomatao2-585x439.jpg 585w\" data-sizes=\"(max-width: 800px) 100vw, 800px\" style=\"--smush-placeholder-width: 800px; --smush-placeholder-aspect-ratio: 800\/600;\"\/><figcaption id=\"caption-attachment-447956\" class=\"wp-caption-text\">Chamas destru\u00edram parcialmente pr\u00e9dio ocupado pela Secretaria de Sa\u00fade de Mat\u00e3o (Foto: Maury J\u00fanior\/Mat\u00e3o Urgente)<\/figcaption><\/figure>\n<p>Outras viaturas do Corpo de Bombeiros foram acionadas, al\u00e9m de caminh\u00f5es de brigada de ind\u00fastrias da cidade, que fica distante 100 km de Ribeir\u00e3o Preto, na regi\u00e3o de Araraquara. Brigadistas de usinas da regi\u00e3o e de Araraquara tamb\u00e9m ajudaram no combate ao inc\u00eandio. Ap\u00f3s duas horas de combate, as chamas foram extintas e n\u00e3o atingiram a Casa da Cultura.<\/p>\n<p>Para combate \u00e0s chamas, participaram equipes da Pol\u00edcia Militar, Pol\u00edcia Civil e agentes de tr\u00e2nsito, que ajudaram a orientar o fluxo de ve\u00edculos no local, al\u00e9m de manter curiosos e imprensa \u00e0 dist\u00e2ncia. Tamb\u00e9m foi preciso retirar ambul\u00e2ncias e outros ve\u00edculos estacionados pr\u00f3ximos ao pr\u00e9dio, pois as labaredas lan\u00e7aram fa\u00edscas \u00e0 dist\u00e2ncia.<\/p>\n<figure id=\"attachment_447957\" aria-describedby=\"caption-attachment-447957\" style=\"width: 800px\" class=\"wp-caption alignnone\"><img data-recalc-dims=\"1\" loading=\"lazy\" decoding=\"async\" class=\"size-full wp-image-447957 lazyload\" src=\"https:\/\/i0.wp.com\/www.tribunaribeirao.com.br\/wp-content\/uploads\/2025\/12\/03-dez-2025-incendiomatao3.jpg?resize=800%2C600&#038;ssl=1\" alt=\"\" width=\"800\" height=\"600\" srcset=\"https:\/\/www.tribunaribeirao.com.br\/wp-content\/uploads\/2025\/12\/03-dez-2025-incendiomatao3.jpg 800w, https:\/\/www.tribunaribeirao.com.br\/wp-content\/uploads\/2025\/12\/03-dez-2025-incendiomatao3-300x225.jpg 300w, https:\/\/www.tribunaribeirao.com.br\/wp-content\/uploads\/2025\/12\/03-dez-2025-incendiomatao3-768x576.jpg 768w, https:\/\/www.tribunaribeirao.com.br\/wp-content\/uploads\/2025\/12\/03-dez-2025-incendiomatao3-760x570.jpg 760w, https:\/\/www.tribunaribeirao.com.br\/wp-content\/uploads\/2025\/12\/03-dez-2025-incendiomatao3-533x400.jpg 533w, https:\/\/www.tribunaribeirao.com.br\/wp-content\/uploads\/2025\/12\/03-dez-2025-incendiomatao3-585x439.jpg 585w\" data-sizes=\"(max-width: 800px) 100vw, 800px\" style=\"--smush-placeholder-width: 800px; --smush-placeholder-aspect-ratio: 800\/600;\"\/><figcaption id=\"caption-attachment-447957\" class=\"wp-caption-text\">Al\u00e9m do Corpo de Bombeiros, caminh\u00f5es pipa e brigadistas de ind\u00fastrias e usinas de Mat\u00e3o, Araraquara e regi\u00e3o, ajudaram no combate ao inc\u00eandio (Foto: Maury J\u00fanior\/Mat\u00e3o Urgente)<\/figcaption><\/figure>\n<p>Viaturas do Servi\u00e7o de Atendimento M\u00f3vel de Urg\u00eancia (SAMU) ficaram \u00e0 disposi\u00e7\u00e3o, mas n\u00e3o houve v\u00edtimas. O pr\u00e9dio foi interditado e deve ser avaliado pela Defesa Civil para saber se ser\u00e1 parcialmente liberado ou n\u00e3o. As causas do inc\u00eandio ser\u00e3o apuradas.<\/p>\n<p>Em nota, a Prefeitura de Mat\u00e3o confirmou que n\u00e3o houve v\u00edtimas. Agradeceu \u00e0 colabora\u00e7\u00e3o de todos os que se dedicaram a controlar as chamas e garantiu que j\u00e1 tomou medidas necess\u00e1rias para reorganiza\u00e7\u00e3o dos servi\u00e7os, que ser\u00e3o restabelecidos com seguran\u00e7a o mais breve poss\u00edvel. \u201cEm breve, ser\u00e3o divulgadas orienta\u00e7\u00f5es sobre novos locais de atendimento, caso necess\u00e1rio\u201d, informou a nota.<\/p>\n<\/div>\n<p><script async src=\"\/\/platform.twitter.com\/widgets.js\" charset=\"utf-8\"><\/script><br \/>\n<br \/><br \/>\n<br \/><a href=\"https:\/\/www.tribunaribeirao.com.br\/video-incendio-atinge-secretaria-municipal-na-regiao\/\">Source link <\/a><\/p>\n<!-- CONTENT END 1 -->\n","protected":false},"excerpt":{"rendered":"<p>&#13; Fogo come\u00e7ou no fim da tarde e mobilizou bombeiros, Defesa Civil, brigadistas de ind\u00fastrias e popula\u00e7\u00e3o da cidade &#13; &#13; 3 de dezembro de&#8230;<\/p>\n","protected":false},"author":1,"featured_media":80403,"comment_status":"open","ping_status":"open","sticky":false,"template":"","format":"standard","meta":{"advanced_seo_description":"","jetpack_seo_html_title":"","jetpack_seo_noindex":false,"jetpack_post_was_ever_published":false,"_jetpack_newsletter_access":"","_jetpack_dont_email_post_to_subs":false,"_jetpack_newsletter_tier_id":0,"_jetpack_memberships_contains_paywalled_content":false,"_jetpack_memberships_contains_paid_content":false,"footnotes":"","jetpack_publicize_message":"","jetpack_publicize_feature_enabled":true,"jetpack_social_post_already_shared":true,"jetpack_social_options":{"image_generator_settings":{"template":"highway","default_image_id":0,"font":"","enabled":false},"version":2}},"categories":[11],"tags":[],"class_list":["post-80402","post","type-post","status-publish","format-standard","has-post-thumbnail","hentry","category-noticias-de-ribeirao-preto-sp-e-regiao-ismael-colosi"],"jetpack_publicize_connections":[],"jetpack_featured_media_url":"https:\/\/i0.wp.com\/noticiasribeiraopreto.com.br\/wp-content\/uploads\/2025\/12\/03-dez-2025-incendiomatao1.jpg?fit=829%2C780&ssl=1","jetpack-related-posts":[{"id":81114,"url":"https:\/\/noticiasribeiraopreto.com.br\/index.php\/2025\/12\/24\/saiba-os-horarios-de-funcionamento-do-comercio-e-dos-shoppings-de-ribeirao-na-vespera-e-no-natal\/","url_meta":{"origin":80402,"position":0},"title":"Saiba os hor\u00e1rios de funcionamento do com\u00e9rcio e dos shoppings de Ribeir\u00e3o na v\u00e9spera e no Natal","author":"noticiasribeiraopreto.com.br","date":"24 de December de 2025","format":false,"excerpt":"O com\u00e9rcio de Ribeir\u00e3o Preto e os shoppings contam com hor\u00e1rios diferenciados para a v\u00e9spera de Natal, comemorada nesta quarta-feira (24). J\u00e1 no Natal, comemorado na quinta-feira (25), as lojas e empreendimentos ficar\u00e3o fechadas (pra\u00e7as de alimenta\u00e7\u00e3o t\u00eam abertura facultativa). Confira: Hor\u00e1rio de funcionamento Com\u00e9rcio tradicional V\u00e9spera de Natal (24\u2026","rel":"","context":"In &quot;Not\u00edcias de Ribeir\u00e3o Preto-SP e Regi\u00e3o&quot;","block_context":{"text":"Not\u00edcias de Ribeir\u00e3o Preto-SP e Regi\u00e3o","link":"https:\/\/noticiasribeiraopreto.com.br\/index.php\/category\/noticias-de-ribeirao-preto-sp-e-regiao-ismael-colosi\/"},"img":{"alt_text":"","src":"https:\/\/i0.wp.com\/noticiasribeiraopreto.com.br\/wp-content\/uploads\/2025\/12\/shopping-ribeirao-preto_2025-12-23_17-05-19.webp.webp?fit=1200%2C800&ssl=1&resize=350%2C200","width":350,"height":200,"srcset":"https:\/\/i0.wp.com\/noticiasribeiraopreto.com.br\/wp-content\/uploads\/2025\/12\/shopping-ribeirao-preto_2025-12-23_17-05-19.webp.webp?fit=1200%2C800&ssl=1&resize=350%2C200 1x, https:\/\/i0.wp.com\/noticiasribeiraopreto.com.br\/wp-content\/uploads\/2025\/12\/shopping-ribeirao-preto_2025-12-23_17-05-19.webp.webp?fit=1200%2C800&ssl=1&resize=525%2C300 1.5x, https:\/\/i0.wp.com\/noticiasribeiraopreto.com.br\/wp-content\/uploads\/2025\/12\/shopping-ribeirao-preto_2025-12-23_17-05-19.webp.webp?fit=1200%2C800&ssl=1&resize=700%2C400 2x, https:\/\/i0.wp.com\/noticiasribeiraopreto.com.br\/wp-content\/uploads\/2025\/12\/shopping-ribeirao-preto_2025-12-23_17-05-19.webp.webp?fit=1200%2C800&ssl=1&resize=1050%2C600 3x"},"classes":[]},{"id":40632,"url":"https:\/\/noticiasribeiraopreto.com.br\/index.php\/2024\/03\/05\/ribeirao-diesel-s-a-veiculos-balanco-patrimonial-em-31-de-dezembro-de-2023-e-2022\/","url_meta":{"origin":80402,"position":1},"title":"RIBEIR\u00c3O DIESEL S\/A &#8211; VE\u00cdCULOS &#8211; Balan\u00e7o Patrimonial em 31 de Dezembro de 2023 e 2022","author":"noticiasribeiraopreto.com.br","date":"5 de March de 2024","format":false,"excerpt":"Ribeir\u00e3o Preto \u00e9 o centro de uma regi\u00e3o com mais de 3 milh\u00f5es de habitantes. O agroneg\u00f3cio, o com\u00e9rcio e a presta\u00e7\u00e3o de servi\u00e7os s\u00e3o os pontos fortes da economia. O jornal Tribuna circula em Ribeir\u00e3o Preto e em outras 10 cidades da regi\u00e3o. Sua linha editorial \u00e9 informativa e\u2026","rel":"","context":"In &quot;Not\u00edcias de Ribeir\u00e3o Preto-SP e Regi\u00e3o&quot;","block_context":{"text":"Not\u00edcias de Ribeir\u00e3o Preto-SP e Regi\u00e3o","link":"https:\/\/noticiasribeiraopreto.com.br\/index.php\/category\/noticias-de-ribeirao-preto-sp-e-regiao-ismael-colosi\/"},"img":{"alt_text":"","src":"https:\/\/i0.wp.com\/noticiasribeiraopreto.com.br\/wp-content\/uploads\/2024\/03\/1709631583_publicidade-legal.png?fit=700%2C450&ssl=1&resize=350%2C200","width":350,"height":200,"srcset":"https:\/\/i0.wp.com\/noticiasribeiraopreto.com.br\/wp-content\/uploads\/2024\/03\/1709631583_publicidade-legal.png?fit=700%2C450&ssl=1&resize=350%2C200 1x, https:\/\/i0.wp.com\/noticiasribeiraopreto.com.br\/wp-content\/uploads\/2024\/03\/1709631583_publicidade-legal.png?fit=700%2C450&ssl=1&resize=525%2C300 1.5x, https:\/\/i0.wp.com\/noticiasribeiraopreto.com.br\/wp-content\/uploads\/2024\/03\/1709631583_publicidade-legal.png?fit=700%2C450&ssl=1&resize=700%2C400 2x"},"classes":[]},{"id":23774,"url":"https:\/\/noticiasribeiraopreto.com.br\/index.php\/2024\/01\/03\/instituto-oncologico-de-ribeirao-preto-ata-de-age-realizada-em-08-de-dezembro-de-2023\/","url_meta":{"origin":80402,"position":2},"title":"INSTITUTO ONCOL\u00d3GICO DE RIBEIR\u00c3O PRETO &#8211; ATA DE AGE REALIZADA EM 08 DE DEZEMBRO DE 2023","author":"noticiasribeiraopreto.com.br","date":"3 de January de 2024","format":false,"excerpt":"Ribeir\u00e3o Preto \u00e9 o centro de uma regi\u00e3o com mais de 3 milh\u00f5es de habitantes. O agroneg\u00f3cio, o com\u00e9rcio e a presta\u00e7\u00e3o de servi\u00e7os s\u00e3o os pontos fortes da economia. O jornal Tribuna circula em Ribeir\u00e3o Preto e em outras 10 cidades da regi\u00e3o. Sua linha editorial \u00e9 informativa e\u2026","rel":"","context":"In &quot;Not\u00edcias de Ribeir\u00e3o Preto-SP e Regi\u00e3o&quot;","block_context":{"text":"Not\u00edcias de Ribeir\u00e3o Preto-SP e Regi\u00e3o","link":"https:\/\/noticiasribeiraopreto.com.br\/index.php\/category\/noticias-de-ribeirao-preto-sp-e-regiao-ismael-colosi\/"},"img":{"alt_text":"","src":"https:\/\/i0.wp.com\/noticiasribeiraopreto.com.br\/wp-content\/uploads\/2024\/01\/publicidade-legal.png?fit=700%2C450&ssl=1&resize=350%2C200","width":350,"height":200,"srcset":"https:\/\/i0.wp.com\/noticiasribeiraopreto.com.br\/wp-content\/uploads\/2024\/01\/publicidade-legal.png?fit=700%2C450&ssl=1&resize=350%2C200 1x, https:\/\/i0.wp.com\/noticiasribeiraopreto.com.br\/wp-content\/uploads\/2024\/01\/publicidade-legal.png?fit=700%2C450&ssl=1&resize=525%2C300 1.5x, https:\/\/i0.wp.com\/noticiasribeiraopreto.com.br\/wp-content\/uploads\/2024\/01\/publicidade-legal.png?fit=700%2C450&ssl=1&resize=700%2C400 2x"},"classes":[]},{"id":42533,"url":"https:\/\/noticiasribeiraopreto.com.br\/index.php\/2024\/03\/15\/agropecuaria-rio-das-antas-s-a-demonstracoes-financeiras-em-31-de-dezembro-de-2023-e-2022\/","url_meta":{"origin":80402,"position":3},"title":"AGROPECU\u00c1RIA RIO DAS ANTAS S.A \u2013 DEMONSTRA\u00c7\u00d5ES FINANCEIRAS EM 31 DE DEZEMBRO DE 2023 E 2022","author":"noticiasribeiraopreto.com.br","date":"15 de March de 2024","format":false,"excerpt":"O post AGROPECU\u00c1RIA RIO DAS ANTAS S.A \u2013 DEMONSTRA\u00c7\u00d5ES FINANCEIRAS EM 31 DE DEZEMBRO DE 2023 E 2022 apareceu primeiro em Jornal Tribuna Ribeir\u00e3o. Source link","rel":"","context":"In &quot;Not\u00edcias de Ribeir\u00e3o Preto-SP e Regi\u00e3o&quot;","block_context":{"text":"Not\u00edcias de Ribeir\u00e3o Preto-SP e Regi\u00e3o","link":"https:\/\/noticiasribeiraopreto.com.br\/index.php\/category\/noticias-de-ribeirao-preto-sp-e-regiao-ismael-colosi\/"},"img":{"alt_text":"","src":"https:\/\/i0.wp.com\/noticiasribeiraopreto.com.br\/wp-content\/uploads\/2024\/03\/1710500113_publicidade-legal.png?fit=700%2C450&ssl=1&resize=350%2C200","width":350,"height":200,"srcset":"https:\/\/i0.wp.com\/noticiasribeiraopreto.com.br\/wp-content\/uploads\/2024\/03\/1710500113_publicidade-legal.png?fit=700%2C450&ssl=1&resize=350%2C200 1x, https:\/\/i0.wp.com\/noticiasribeiraopreto.com.br\/wp-content\/uploads\/2024\/03\/1710500113_publicidade-legal.png?fit=700%2C450&ssl=1&resize=525%2C300 1.5x, https:\/\/i0.wp.com\/noticiasribeiraopreto.com.br\/wp-content\/uploads\/2024\/03\/1710500113_publicidade-legal.png?fit=700%2C450&ssl=1&resize=700%2C400 2x"},"classes":[]},{"id":60978,"url":"https:\/\/noticiasribeiraopreto.com.br\/index.php\/2024\/11\/30\/veja-quando-chega-ao-estado-de-sp-a-primeira-frente-fria-de-dezembro\/","url_meta":{"origin":80402,"position":4},"title":"Veja quando chega ao estado de SP a primeira frente fria de dezembro","author":"noticiasribeiraopreto.com.br","date":"30 de November de 2024","format":false,"excerpt":"A primeira frente fria de dezembro deve chegar ao Estado de S\u00e3o Paulo at\u00e9 o final da pr\u00f3xima semana, que come\u00e7a neste domingo (1\u00b0). Segundo a Climatempo, a expectativa \u00e9 de que dezembro tenha 4 ou 5 frentes frias. \u201cA primeira frente fria de dezembro de 2024 surge a partir\u2026","rel":"","context":"In &quot;Not\u00edcias de Ribeir\u00e3o Preto-SP e Regi\u00e3o&quot;","block_context":{"text":"Not\u00edcias de Ribeir\u00e3o Preto-SP e Regi\u00e3o","link":"https:\/\/noticiasribeiraopreto.com.br\/index.php\/category\/noticias-de-ribeirao-preto-sp-e-regiao-ismael-colosi\/"},"img":{"alt_text":"","src":"https:\/\/i0.wp.com\/noticiasribeiraopreto.com.br\/wp-content\/uploads\/2024\/11\/Tempo-ribeirao-preto-4_2024-11-30_18-54-05_jpeg_2024-11-30_18-54-05.webp.webp?fit=1200%2C900&ssl=1&resize=350%2C200","width":350,"height":200,"srcset":"https:\/\/i0.wp.com\/noticiasribeiraopreto.com.br\/wp-content\/uploads\/2024\/11\/Tempo-ribeirao-preto-4_2024-11-30_18-54-05_jpeg_2024-11-30_18-54-05.webp.webp?fit=1200%2C900&ssl=1&resize=350%2C200 1x, https:\/\/i0.wp.com\/noticiasribeiraopreto.com.br\/wp-content\/uploads\/2024\/11\/Tempo-ribeirao-preto-4_2024-11-30_18-54-05_jpeg_2024-11-30_18-54-05.webp.webp?fit=1200%2C900&ssl=1&resize=525%2C300 1.5x, https:\/\/i0.wp.com\/noticiasribeiraopreto.com.br\/wp-content\/uploads\/2024\/11\/Tempo-ribeirao-preto-4_2024-11-30_18-54-05_jpeg_2024-11-30_18-54-05.webp.webp?fit=1200%2C900&ssl=1&resize=700%2C400 2x, https:\/\/i0.wp.com\/noticiasribeiraopreto.com.br\/wp-content\/uploads\/2024\/11\/Tempo-ribeirao-preto-4_2024-11-30_18-54-05_jpeg_2024-11-30_18-54-05.webp.webp?fit=1200%2C900&ssl=1&resize=1050%2C600 3x"},"classes":[]},{"id":65798,"url":"https:\/\/noticiasribeiraopreto.com.br\/index.php\/2025\/03\/24\/principal-vestibular-de-acesso-a-usp-veja-quando-comecam-as-inscricoes-da-fuvest-2026\/","url_meta":{"origin":80402,"position":5},"title":"Principal vestibular de acesso \u00e0 USP: Veja quando come\u00e7am as inscri\u00e7\u00f5es da Fuvest 2026","author":"noticiasribeiraopreto.com.br","date":"24 de March de 2025","format":false,"excerpt":"A Fuvest (Funda\u00e7\u00e3o Universit\u00e1ria para o Vestibular) divulga o cronograma do Vestibular 2026, uma das principais portas de entrada \u00e0 USP (Universidade de S\u00e3o Paulo). A primeira fase ser\u00e1 realizada em 23 de novembro e a segunda, nos dias 14 e 15 de dezembro de 2025. Os locais de aplica\u00e7\u00e3o\u2026","rel":"","context":"In &quot;Not\u00edcias de Ribeir\u00e3o Preto-SP e Regi\u00e3o&quot;","block_context":{"text":"Not\u00edcias de Ribeir\u00e3o Preto-SP e Regi\u00e3o","link":"https:\/\/noticiasribeiraopreto.com.br\/index.php\/category\/noticias-de-ribeirao-preto-sp-e-regiao-ismael-colosi\/"},"img":{"alt_text":"","src":"https:\/\/i0.wp.com\/noticiasribeiraopreto.com.br\/wp-content\/uploads\/2025\/01\/21_2025-01-02_15-54-47_jpg_2025-01-02_15-54-47.webp.webp?fit=1200%2C767&ssl=1&resize=350%2C200","width":350,"height":200,"srcset":"https:\/\/i0.wp.com\/noticiasribeiraopreto.com.br\/wp-content\/uploads\/2025\/01\/21_2025-01-02_15-54-47_jpg_2025-01-02_15-54-47.webp.webp?fit=1200%2C767&ssl=1&resize=350%2C200 1x, https:\/\/i0.wp.com\/noticiasribeiraopreto.com.br\/wp-content\/uploads\/2025\/01\/21_2025-01-02_15-54-47_jpg_2025-01-02_15-54-47.webp.webp?fit=1200%2C767&ssl=1&resize=525%2C300 1.5x, https:\/\/i0.wp.com\/noticiasribeiraopreto.com.br\/wp-content\/uploads\/2025\/01\/21_2025-01-02_15-54-47_jpg_2025-01-02_15-54-47.webp.webp?fit=1200%2C767&ssl=1&resize=700%2C400 2x, https:\/\/i0.wp.com\/noticiasribeiraopreto.com.br\/wp-content\/uploads\/2025\/01\/21_2025-01-02_15-54-47_jpg_2025-01-02_15-54-47.webp.webp?fit=1200%2C767&ssl=1&resize=1050%2C600 3x"},"classes":[]}],"jetpack_sharing_enabled":true,"jetpack_shortlink":"https:\/\/wp.me\/peQAOb-kUO","_links":{"self":[{"href":"https:\/\/noticiasribeiraopreto.com.br\/index.php\/wp-json\/wp\/v2\/posts\/80402","targetHints":{"allow":["GET"]}}],"collection":[{"href":"https:\/\/noticiasribeiraopreto.com.br\/index.php\/wp-json\/wp\/v2\/posts"}],"about":[{"href":"https:\/\/noticiasribeiraopreto.com.br\/index.php\/wp-json\/wp\/v2\/types\/post"}],"author":[{"embeddable":true,"href":"https:\/\/noticiasribeiraopreto.com.br\/index.php\/wp-json\/wp\/v2\/users\/1"}],"replies":[{"embeddable":true,"href":"https:\/\/noticiasribeiraopreto.com.br\/index.php\/wp-json\/wp\/v2\/comments?post=80402"}],"version-history":[{"count":0,"href":"https:\/\/noticiasribeiraopreto.com.br\/index.php\/wp-json\/wp\/v2\/posts\/80402\/revisions"}],"wp:featuredmedia":[{"embeddable":true,"href":"https:\/\/noticiasribeiraopreto.com.br\/index.php\/wp-json\/wp\/v2\/media\/80403"}],"wp:attachment":[{"href":"https:\/\/noticiasribeiraopreto.com.br\/index.php\/wp-json\/wp\/v2\/media?parent=80402"}],"wp:term":[{"taxonomy":"category","embeddable":true,"href":"https:\/\/noticiasribeiraopreto.com.br\/index.php\/wp-json\/wp\/v2\/categories?post=80402"},{"taxonomy":"post_tag","embeddable":true,"href":"https:\/\/noticiasribeiraopreto.com.br\/index.php\/wp-json\/wp\/v2\/tags?post=80402"}],"curies":[{"name":"wp","href":"https:\/\/api.w.org\/{rel}","templated":true}]}}