{"id":80404,"date":"2025-12-03T10:25:10","date_gmt":"2025-12-03T13:25:10","guid":{"rendered":"https:\/\/noticiasribeiraopreto.com.br\/index.php\/2025\/12\/03\/ribeirao-reforca-seguranca-no-comercio-com-operacao-especial-de-fim-de-ano\/"},"modified":"2025-12-03T10:25:10","modified_gmt":"2025-12-03T13:25:10","slug":"ribeirao-reforca-seguranca-no-comercio-com-operacao-especial-de-fim-de-ano","status":"publish","type":"post","link":"https:\/\/noticiasribeiraopreto.com.br\/index.php\/2025\/12\/03\/ribeirao-reforca-seguranca-no-comercio-com-operacao-especial-de-fim-de-ano\/","title":{"rendered":"Ribeir\u00e3o refor\u00e7a seguran\u00e7a no com\u00e9rcio com opera\u00e7\u00e3o especial de fim de ano"},"content":{"rendered":"<div class='code-block code-block-1' style='margin: 8px 0 8px auto; text-align: right; display: block; clear: both;'>\n<p><a href=\"https:\/\/wa.link\/vpicfd\"><img data-recalc-dims=\"1\" class=\"wp-image-4922\" style=\"aspect-ratio: 2.0253164556962027; width: 561px; height: auto;\" src=\"https:\/\/i0.wp.com\/ismaelcolosi.com.br\/wp-content\/uploads\/2023\/11\/grupo-de-empregos-whatsapp-e-facebook-ismael-colosi-vagas.jpg?ssl=1\" alt=\"\" \/><\/a><\/p>\n<!-- \/wp:image -->\n<\/div>\n<p> <br \/>\n<\/p>\n<div>\n<p>O <strong>com\u00e9rcio de Ribeir\u00e3o Preto<\/strong> iniciou nesta segunda-feira (1\u00ba) o <strong>hor\u00e1rio especial de fim de ano<\/strong>. E, segundo a <strong>Prefeitura<\/strong>, uma a\u00e7\u00e3o integrada foi montada para garantir mais <strong>seguran\u00e7a <\/strong>e <strong>organiza\u00e7\u00e3o <\/strong>durante todo o per\u00edodo de compras.<\/p>\n<p>A <strong>Opera\u00e7\u00e3o Natal Seguro<\/strong>, lan\u00e7ada pela Administra\u00e7\u00e3o Municipal, refor\u00e7a a prote\u00e7\u00e3o a comerciantes e consumidores ao longo de dezembro.<\/p>\n<p>Em parceria com a <strong>Guarda Civil Metropolitana (GCM) <\/strong>e a<strong> Pol\u00edcia Militar<\/strong>, o esquema cobre o quadril\u00e1tero central e os principais corredores comerciais, entre eles as avenidas Nove de Julho, Dom Pedro I, Saudade e Vladmir Meireles, com patrulhamento motorizado e a p\u00e9.<\/p>\n<p>Ao todo, <strong>40 agentes extras atuam em dois turnos<\/strong>, das 8h \u00e0s 23h, \u201crefor\u00e7ando a presen\u00e7a das equipes nos pontos de maior movimento\u201d.<\/p>\n<figure class=\"wp-block-image aligncenter size-large is-resized\"><img data-recalc-dims=\"1\" fetchpriority=\"high\" decoding=\"async\" width=\"1024\" height=\"683\" src=\"https:\/\/i0.wp.com\/cdn.media-acidadeon.com.br\/ribeiraopreto\/wp-content\/uploads\/sites\/3\/2025\/12\/operacao_natal_-_foto_fernando_gonzaga_2_2025-12-02_20-46-22-1024x683.webp?resize=1024%2C683&#038;ssl=1\" alt=\"Opera\u00e7\u00e3o Natal Seguro refor\u00e7a patrulhamento em Ribeir\u00e3o Preto - Foto: Fernando Gonzaga.&#10;\" class=\"wp-image-138020\" style=\"width:654px\" title=\"Ribeir\u00e3o refor\u00e7a seguran\u00e7a no com\u00e9rcio com opera\u00e7\u00e3o especial de fim de ano 1\" srcset=\"https:\/\/cdn.media-acidadeon.com.br\/ribeiraopreto\/wp-content\/uploads\/sites\/3\/2025\/12\/operacao_natal_-_foto_fernando_gonzaga_2_2025-12-02_20-46-22-1024x683.webp 1024w, https:\/\/cdn.media-acidadeon.com.br\/ribeiraopreto\/wp-content\/uploads\/sites\/3\/2025\/12\/operacao_natal_-_foto_fernando_gonzaga_2_2025-12-02_20-46-22-300x200.webp 300w, https:\/\/cdn.media-acidadeon.com.br\/ribeiraopreto\/wp-content\/uploads\/sites\/3\/2025\/12\/operacao_natal_-_foto_fernando_gonzaga_2_2025-12-02_20-46-22-768x512.webp 768w, https:\/\/cdn.media-acidadeon.com.br\/ribeiraopreto\/wp-content\/uploads\/sites\/3\/2025\/12\/operacao_natal_-_foto_fernando_gonzaga_2_2025-12-02_20-46-22-696x464.webp 696w, https:\/\/cdn.media-acidadeon.com.br\/ribeiraopreto\/wp-content\/uploads\/sites\/3\/2025\/12\/operacao_natal_-_foto_fernando_gonzaga_2_2025-12-02_20-46-22-1068x712.webp 1068w, https:\/\/cdn.media-acidadeon.com.br\/ribeiraopreto\/wp-content\/uploads\/sites\/3\/2025\/12\/operacao_natal_-_foto_fernando_gonzaga_2_2025-12-02_20-46-22.webp 1200w\" sizes=\"(max-width: 1024px) 100vw, 1024px\"\/><figcaption class=\"wp-element-caption\">Opera\u00e7\u00e3o Natal Seguro refor\u00e7a patrulhamento em Ribeir\u00e3o Preto \u2013 Foto: Fernando Gonzaga.<br \/>\n<\/figcaption><\/figure>\n<h2 class=\"wp-block-heading\"><strong>Limpeza p\u00fablica<\/strong><\/h2>\n<p>Para acompanhar o aumento do fluxo nas ruas, a Prefeitura tamb\u00e9m intensificou os servi\u00e7os de limpeza p\u00fablica, atrav\u00e9s da Secretaria de Infraestrutura e Zeladoria.<\/p>\n<p>Conforme comunicado, as equipes atuaram diariamente na prepara\u00e7\u00e3o de ruas, cal\u00e7adas e \u201c\u00e1reas de grande circula\u00e7\u00e3o, garantindo um ambiente limpo e adequado para receber o p\u00fablico\u201d.<\/p>\n<h2 class=\"wp-block-heading\"><strong>Descentraliza\u00e7\u00e3o de atividades<\/strong><\/h2>\n<p>Ainda de acordo com a Prefeitura, a programa\u00e7\u00e3o cultural de Natal em Ribeir\u00e3o Preto \u00e9 outro eixo da opera\u00e7\u00e3o.<\/p>\n<figure class=\"wp-block-pullquote\">\n<blockquote>\n<p>A agenda deste ano foi descentralizada, alcan\u00e7ando v\u00e1rias regi\u00f5es da cidade e fortalecendo tanto o com\u00e9rcio central quanto o dos bairros<\/p>\n<p><cite>Prefeitura de Ribeir\u00e3o Preto<\/cite><\/p><\/blockquote>\n<\/figure>\n<p>Entre os destaques da programa\u00e7\u00e3o deste ano est\u00e1 o Noel M\u00f3vel, que percorrer\u00e1 24 bairros com personagens natalinos e apresenta\u00e7\u00f5es musicais.<\/p>\n<p>A programa\u00e7\u00e3o \u00e9 realizada em parceria com a ACIRP (Associa\u00e7\u00e3o Comercial e Industrial de Ribeir\u00e3o Preto), Sincovarp (Sindicato do Com\u00e9rcio Varejista de Ribeir\u00e3o Preto) e Sincorm\u00e9rcio de Ribeir\u00e3o Preto.<\/p>\n<hr class=\"wp-block-separator has-alpha-channel-opacity\"\/>\n<p>SAIBA MAIS<\/p>\n<p>Musical \u2018O Quebra-Nozes\u2019 chega a Ribeir\u00e3o Preto com o The Moscow Ballet; veja quando<\/p>\n<h2 class=\"wp-block-heading\"><strong>FIQUE ON<\/strong><\/h2>\n<p>Fique ligado em tudo que acontece em Ribeir\u00e3o Preto e regi\u00e3o. Siga os perfis do\u00a0<strong>acidade on<\/strong>\u00a0no\u00a0<a href=\"https:\/\/www.instagram.com\/acidadeonribeirao\" target=\"_blank\" rel=\"noreferrer noopener\">Instagram<\/a>\u00a0e no\u00a0<a href=\"https:\/\/www.facebook.com\/acidadeonribeirao\/\" target=\"_blank\" rel=\"noreferrer noopener\">Facebook<\/a>.<\/p>\n<p>Receba not\u00edcias do\u00a0<strong>acidade on\u00a0<\/strong>no WhatsApp. Para entrar no grupo,\u00a0basta<a href=\"https:\/\/chat.whatsapp.com\/I4nieTEMKlf50pJ28aMemC?mode=ac_t\" target=\"_blank\" rel=\"noreferrer noopener\">\u00a0clicar aqui<\/a>. Ou, acesse o nosso\u00a0Canal\u00a0<a href=\"https:\/\/whatsapp.com\/channel\/0029Vb6IQl1JENyAeS57fk2p\" target=\"_blank\" rel=\"noreferrer noopener\">clicando aqui<\/a>.<\/p>\n<p>Fa\u00e7a uma den\u00fancia ou sugira uma reportagem sobre Ribeir\u00e3o Preto e regi\u00e3o pelo WhatsApp: 16 99117 7802.<\/p>\n<p>VEJA TAMB\u00c9M<br \/>Qual era a idade do menino que morreu na jaula de leoa?<\/p>\n<p><!-- AI CONTENT END 1 -->\n<\/div>\n<p><script async src=\"\/\/www.instagram.com\/embed.js\"><\/script><br \/>\n<br \/><br \/>\n<br \/><a href=\"https:\/\/www.acidadeon.com\/ribeiraopreto\/cotidiano\/ribeirao-reforca-seguranca-no-comercio-com-operacao-especial-de-fim-de-ano\/\">Source link <\/a><\/p>\n<!-- CONTENT END 1 -->\n","protected":false},"excerpt":{"rendered":"<p>O com\u00e9rcio de Ribeir\u00e3o Preto iniciou nesta segunda-feira (1\u00ba) o hor\u00e1rio especial de fim de ano. E, segundo a Prefeitura, uma a\u00e7\u00e3o integrada foi montada&#8230;<\/p>\n","protected":false},"author":1,"featured_media":80405,"comment_status":"open","ping_status":"open","sticky":false,"template":"","format":"standard","meta":{"advanced_seo_description":"","jetpack_seo_html_title":"","jetpack_seo_noindex":false,"jetpack_post_was_ever_published":false,"_jetpack_newsletter_access":"","_jetpack_dont_email_post_to_subs":false,"_jetpack_newsletter_tier_id":0,"_jetpack_memberships_contains_paywalled_content":false,"_jetpack_memberships_contains_paid_content":false,"footnotes":"","jetpack_publicize_message":"","jetpack_publicize_feature_enabled":true,"jetpack_social_post_already_shared":true,"jetpack_social_options":{"image_generator_settings":{"template":"highway","default_image_id":0,"font":"","enabled":false},"version":2}},"categories":[11],"tags":[],"class_list":["post-80404","post","type-post","status-publish","format-standard","has-post-thumbnail","hentry","category-noticias-de-ribeirao-preto-sp-e-regiao-ismael-colosi"],"jetpack_publicize_connections":[],"jetpack_featured_media_url":"https:\/\/i0.wp.com\/noticiasribeiraopreto.com.br\/wp-content\/uploads\/2025\/12\/operacao_natal_-_foto_fernando_gonzaga_14_2025-12-02_20-53-16.webp.webp?fit=1200%2C800&ssl=1","jetpack-related-posts":[{"id":63919,"url":"https:\/\/noticiasribeiraopreto.com.br\/index.php\/2025\/02\/25\/operacao-contra-fraude-de-energia-identifica-15-comercios-irregulares-em-ribeirao-preto\/","url_meta":{"origin":80404,"position":0},"title":"Opera\u00e7\u00e3o contra fraude de energia identifica 15 com\u00e9rcios irregulares em Ribeir\u00e3o Preto","author":"noticiasribeiraopreto.com.br","date":"25 de February de 2025","format":false,"excerpt":"Nos dias 20 e 21 de fevereiro, a Companhia Paulista de For\u00e7a e Luz (CPFL) realizou uma opera\u00e7\u00e3o noturna de combate ao furto de energia em Ribeir\u00e3o Preto. Durante a opera\u00e7\u00e3o, foram identificados 15 estabelecimentos comerciais com irregularidades em suas instala\u00e7\u00f5es el\u00e9tricas. Ao todo, 31 com\u00e9rcios, incluindo restaurantes, bares, supermercados\u2026","rel":"","context":"In &quot;Not\u00edcias de Ribeir\u00e3o Preto-SP e Regi\u00e3o&quot;","block_context":{"text":"Not\u00edcias de Ribeir\u00e3o Preto-SP e Regi\u00e3o","link":"https:\/\/noticiasribeiraopreto.com.br\/index.php\/category\/noticias-de-ribeirao-preto-sp-e-regiao-ismael-colosi\/"},"img":{"alt_text":"","src":"https:\/\/i0.wp.com\/noticiasribeiraopreto.com.br\/wp-content\/uploads\/2025\/02\/Copia-de-Copia-de-Copia-de-TAMANHO-EXATO-PARA-FOTOS-NO-SISTEMA-NOVO-2025-02-25T152550.106_2025-02-25_18-26-03_png_2025-02-25_18-26-03.webp.webp?fit=1200%2C675&ssl=1&resize=350%2C200","width":350,"height":200,"srcset":"https:\/\/i0.wp.com\/noticiasribeiraopreto.com.br\/wp-content\/uploads\/2025\/02\/Copia-de-Copia-de-Copia-de-TAMANHO-EXATO-PARA-FOTOS-NO-SISTEMA-NOVO-2025-02-25T152550.106_2025-02-25_18-26-03_png_2025-02-25_18-26-03.webp.webp?fit=1200%2C675&ssl=1&resize=350%2C200 1x, https:\/\/i0.wp.com\/noticiasribeiraopreto.com.br\/wp-content\/uploads\/2025\/02\/Copia-de-Copia-de-Copia-de-TAMANHO-EXATO-PARA-FOTOS-NO-SISTEMA-NOVO-2025-02-25T152550.106_2025-02-25_18-26-03_png_2025-02-25_18-26-03.webp.webp?fit=1200%2C675&ssl=1&resize=525%2C300 1.5x, https:\/\/i0.wp.com\/noticiasribeiraopreto.com.br\/wp-content\/uploads\/2025\/02\/Copia-de-Copia-de-Copia-de-TAMANHO-EXATO-PARA-FOTOS-NO-SISTEMA-NOVO-2025-02-25T152550.106_2025-02-25_18-26-03_png_2025-02-25_18-26-03.webp.webp?fit=1200%2C675&ssl=1&resize=700%2C400 2x, https:\/\/i0.wp.com\/noticiasribeiraopreto.com.br\/wp-content\/uploads\/2025\/02\/Copia-de-Copia-de-Copia-de-TAMANHO-EXATO-PARA-FOTOS-NO-SISTEMA-NOVO-2025-02-25T152550.106_2025-02-25_18-26-03_png_2025-02-25_18-26-03.webp.webp?fit=1200%2C675&ssl=1&resize=1050%2C600 3x"},"classes":[]},{"id":61064,"url":"https:\/\/noticiasribeiraopreto.com.br\/index.php\/2024\/12\/03\/comercio-de-ribeirao-preto-tera-horario-especial-a-partir-de-1o-de-dezembro\/","url_meta":{"origin":80404,"position":1},"title":"Com\u00e9rcio de Ribeir\u00e3o Preto Ter\u00e1 Hor\u00e1rio Especial a Partir de 1\u00ba de Dezembro","author":"noticiasribeiraopreto.com.br","date":"3 de December de 2024","format":false,"excerpt":"O com\u00e9rcio de Ribeir\u00e3o Preto inicia, a partir de 1\u00ba de dezembro, o tradicional hor\u00e1rio estendido para atender ao aumento da demanda durante as festividades de fim de ano. A medida busca atrair consumidores e impulsionar as vendas no per\u00edodo mais movimentado do ano para o varejo. Hor\u00e1rios diferenciados De\u2026","rel":"","context":"In &quot;Not\u00edcias de Ribeir\u00e3o Preto-SP e Regi\u00e3o&quot;","block_context":{"text":"Not\u00edcias de Ribeir\u00e3o Preto-SP e Regi\u00e3o","link":"https:\/\/noticiasribeiraopreto.com.br\/index.php\/category\/noticias-de-ribeirao-preto-sp-e-regiao-ismael-colosi\/"},"img":{"alt_text":"","src":"https:\/\/i0.wp.com\/noticiasribeiraopreto.com.br\/wp-content\/uploads\/2024\/12\/curiosidades-ribeirao-preto.webp.webp?fit=1170%2C700&ssl=1&resize=350%2C200","width":350,"height":200,"srcset":"https:\/\/i0.wp.com\/noticiasribeiraopreto.com.br\/wp-content\/uploads\/2024\/12\/curiosidades-ribeirao-preto.webp.webp?fit=1170%2C700&ssl=1&resize=350%2C200 1x, https:\/\/i0.wp.com\/noticiasribeiraopreto.com.br\/wp-content\/uploads\/2024\/12\/curiosidades-ribeirao-preto.webp.webp?fit=1170%2C700&ssl=1&resize=525%2C300 1.5x, https:\/\/i0.wp.com\/noticiasribeiraopreto.com.br\/wp-content\/uploads\/2024\/12\/curiosidades-ribeirao-preto.webp.webp?fit=1170%2C700&ssl=1&resize=700%2C400 2x, https:\/\/i0.wp.com\/noticiasribeiraopreto.com.br\/wp-content\/uploads\/2024\/12\/curiosidades-ribeirao-preto.webp.webp?fit=1170%2C700&ssl=1&resize=1050%2C600 3x"},"classes":[]},{"id":80443,"url":"https:\/\/noticiasribeiraopreto.com.br\/index.php\/2025\/12\/03\/temporal-provoca-alagamento-em-avenida-de-ribeirao-preto-veja-o-video\/","url_meta":{"origin":80404,"position":2},"title":"Temporal provoca alagamento em avenida de Ribeir\u00e3o Preto; Veja o v\u00eddeo","author":"noticiasribeiraopreto.com.br","date":"3 de December de 2025","format":false,"excerpt":"A chuva que atingiu Ribeir\u00e3o Preto na tarde desta quarta-feira (3) provocou um alagamento na avenida Ant\u00f4nio e Helena Zerrener. Por conta do acumulo de \u00e1gua, os motoristas ficaram com dificuldades para trafegar pr\u00f3ximo do cruzamento com a rua Monte Alegre. Al\u00e9m disso, a RP Mobi registrou ocorr\u00eancias em outros\u2026","rel":"","context":"In &quot;Not\u00edcias de Ribeir\u00e3o Preto-SP e Regi\u00e3o&quot;","block_context":{"text":"Not\u00edcias de Ribeir\u00e3o Preto-SP e Regi\u00e3o","link":"https:\/\/noticiasribeiraopreto.com.br\/index.php\/category\/noticias-de-ribeirao-preto-sp-e-regiao-ismael-colosi\/"},"img":{"alt_text":"","src":"https:\/\/i0.wp.com\/noticiasribeiraopreto.com.br\/wp-content\/uploads\/2025\/12\/zerrener_2025-12-03_20-31-00.webp.webp?fit=1200%2C618&ssl=1&resize=350%2C200","width":350,"height":200,"srcset":"https:\/\/i0.wp.com\/noticiasribeiraopreto.com.br\/wp-content\/uploads\/2025\/12\/zerrener_2025-12-03_20-31-00.webp.webp?fit=1200%2C618&ssl=1&resize=350%2C200 1x, https:\/\/i0.wp.com\/noticiasribeiraopreto.com.br\/wp-content\/uploads\/2025\/12\/zerrener_2025-12-03_20-31-00.webp.webp?fit=1200%2C618&ssl=1&resize=525%2C300 1.5x, https:\/\/i0.wp.com\/noticiasribeiraopreto.com.br\/wp-content\/uploads\/2025\/12\/zerrener_2025-12-03_20-31-00.webp.webp?fit=1200%2C618&ssl=1&resize=700%2C400 2x, https:\/\/i0.wp.com\/noticiasribeiraopreto.com.br\/wp-content\/uploads\/2025\/12\/zerrener_2025-12-03_20-31-00.webp.webp?fit=1200%2C618&ssl=1&resize=1050%2C600 3x"},"classes":[]},{"id":80451,"url":"https:\/\/noticiasribeiraopreto.com.br\/index.php\/2025\/12\/03\/acidade-on-recebe-homenagem-da-camara-de-ribeirao-preto-pelos-120-anos-de-historia\/","url_meta":{"origin":80404,"position":3},"title":"acidade on recebe homenagem da C\u00e2mara de Ribeir\u00e3o Preto pelos 120 anos de hist\u00f3ria","author":"noticiasribeiraopreto.com.br","date":"3 de December de 2025","format":false,"excerpt":"O acidade on recebeu uma homenagem especial da C\u00e2mara Municipal de Ribeir\u00e3o Preto pelos seus 120 anos de hist\u00f3ria. A mo\u00e7\u00e3o de congratula\u00e7\u00f5es, homenagens e aplausos foi aprovada pelos vereadores no m\u00eas de outubro e entregue nesta semana. Um dos jornais mais tradicionais do interior paulista O jornal A Cidade\u2026","rel":"","context":"In &quot;Not\u00edcias de Ribeir\u00e3o Preto-SP e Regi\u00e3o&quot;","block_context":{"text":"Not\u00edcias de Ribeir\u00e3o Preto-SP e Regi\u00e3o","link":"https:\/\/noticiasribeiraopreto.com.br\/index.php\/category\/noticias-de-ribeirao-preto-sp-e-regiao-ismael-colosi\/"},"img":{"alt_text":"","src":"https:\/\/i0.wp.com\/noticiasribeiraopreto.com.br\/wp-content\/uploads\/2025\/10\/camara-de-ribeirao-preto_2025-10-27_20-36-22.webp.webp?fit=1024%2C576&ssl=1&resize=350%2C200","width":350,"height":200,"srcset":"https:\/\/i0.wp.com\/noticiasribeiraopreto.com.br\/wp-content\/uploads\/2025\/10\/camara-de-ribeirao-preto_2025-10-27_20-36-22.webp.webp?fit=1024%2C576&ssl=1&resize=350%2C200 1x, https:\/\/i0.wp.com\/noticiasribeiraopreto.com.br\/wp-content\/uploads\/2025\/10\/camara-de-ribeirao-preto_2025-10-27_20-36-22.webp.webp?fit=1024%2C576&ssl=1&resize=525%2C300 1.5x, https:\/\/i0.wp.com\/noticiasribeiraopreto.com.br\/wp-content\/uploads\/2025\/10\/camara-de-ribeirao-preto_2025-10-27_20-36-22.webp.webp?fit=1024%2C576&ssl=1&resize=700%2C400 2x"},"classes":[]},{"id":80454,"url":"https:\/\/noticiasribeiraopreto.com.br\/index.php\/2025\/12\/03\/mulher-e-morta-e-ex-marido-e-preso-na-regiao-de-ribeirao-preto\/","url_meta":{"origin":80404,"position":4},"title":"Mulher \u00e9 morta e ex-marido \u00e9 preso na regi\u00e3o de Ribeir\u00e3o Preto","author":"noticiasribeiraopreto.com.br","date":"3 de December de 2025","format":false,"excerpt":"Uma mulher de 29 anos foi mora pelo ex-marido nesta quarta-feira (3) em Pontal, cidade a 40 quil\u00f4metros de Ribeir\u00e3o Preto. Segundo as primeiras informa\u00e7\u00f5es, o suspeito utilizou uma arma branca contra a ex-mulher. O caso aconteceu na rua Ida Ventureli Mengual, Jardim Bela Vista. O suspeito fugiu do local,\u2026","rel":"","context":"In &quot;Not\u00edcias de Ribeir\u00e3o Preto-SP e Regi\u00e3o&quot;","block_context":{"text":"Not\u00edcias de Ribeir\u00e3o Preto-SP e Regi\u00e3o","link":"https:\/\/noticiasribeiraopreto.com.br\/index.php\/category\/noticias-de-ribeirao-preto-sp-e-regiao-ismael-colosi\/"},"img":{"alt_text":"","src":"https:\/\/i0.wp.com\/noticiasribeiraopreto.com.br\/wp-content\/uploads\/2025\/12\/pontal_2025-12-03_18-22-37.webp.webp?fit=1200%2C900&ssl=1&resize=350%2C200","width":350,"height":200,"srcset":"https:\/\/i0.wp.com\/noticiasribeiraopreto.com.br\/wp-content\/uploads\/2025\/12\/pontal_2025-12-03_18-22-37.webp.webp?fit=1200%2C900&ssl=1&resize=350%2C200 1x, https:\/\/i0.wp.com\/noticiasribeiraopreto.com.br\/wp-content\/uploads\/2025\/12\/pontal_2025-12-03_18-22-37.webp.webp?fit=1200%2C900&ssl=1&resize=525%2C300 1.5x, https:\/\/i0.wp.com\/noticiasribeiraopreto.com.br\/wp-content\/uploads\/2025\/12\/pontal_2025-12-03_18-22-37.webp.webp?fit=1200%2C900&ssl=1&resize=700%2C400 2x, https:\/\/i0.wp.com\/noticiasribeiraopreto.com.br\/wp-content\/uploads\/2025\/12\/pontal_2025-12-03_18-22-37.webp.webp?fit=1200%2C900&ssl=1&resize=1050%2C600 3x"},"classes":[]},{"id":80437,"url":"https:\/\/noticiasribeiraopreto.com.br\/index.php\/2025\/12\/03\/detran-sp-fara-concurso-publico-com-145-vagas-para-agentes-de-transito\/","url_meta":{"origin":80404,"position":5},"title":"Detran-SP far\u00e1 concurso p\u00fablico com 145 vagas para agentes de tr\u00e2nsito","author":"noticiasribeiraopreto.com.br","date":"3 de December de 2025","format":false,"excerpt":"O Detran-SP (Departamento Estadual de Tr\u00e2nsito de S\u00e3o Paulo) recebeu autoriza\u00e7\u00e3o do governo estadual para a realiza\u00e7\u00e3o de concurso p\u00fablico. Ser\u00e3o oferecidas 145 vagas de agente de tr\u00e2nsito, cargo que exige forma\u00e7\u00e3o de n\u00edvel superior e CNH (Carteira Nacional de Habilita\u00e7\u00e3o) na categoria B. As provas ocorrer\u00e3o em 2026. O\u2026","rel":"","context":"In &quot;Not\u00edcias de Ribeir\u00e3o Preto-SP e Regi\u00e3o&quot;","block_context":{"text":"Not\u00edcias de Ribeir\u00e3o Preto-SP e Regi\u00e3o","link":"https:\/\/noticiasribeiraopreto.com.br\/index.php\/category\/noticias-de-ribeirao-preto-sp-e-regiao-ismael-colosi\/"},"img":{"alt_text":"","src":"https:\/\/i0.wp.com\/noticiasribeiraopreto.com.br\/wp-content\/uploads\/2025\/12\/CONCURSO-DETRAN_2025-12-03_15-37-00.webp.webp?fit=1200%2C800&ssl=1&resize=350%2C200","width":350,"height":200,"srcset":"https:\/\/i0.wp.com\/noticiasribeiraopreto.com.br\/wp-content\/uploads\/2025\/12\/CONCURSO-DETRAN_2025-12-03_15-37-00.webp.webp?fit=1200%2C800&ssl=1&resize=350%2C200 1x, https:\/\/i0.wp.com\/noticiasribeiraopreto.com.br\/wp-content\/uploads\/2025\/12\/CONCURSO-DETRAN_2025-12-03_15-37-00.webp.webp?fit=1200%2C800&ssl=1&resize=525%2C300 1.5x, https:\/\/i0.wp.com\/noticiasribeiraopreto.com.br\/wp-content\/uploads\/2025\/12\/CONCURSO-DETRAN_2025-12-03_15-37-00.webp.webp?fit=1200%2C800&ssl=1&resize=700%2C400 2x, https:\/\/i0.wp.com\/noticiasribeiraopreto.com.br\/wp-content\/uploads\/2025\/12\/CONCURSO-DETRAN_2025-12-03_15-37-00.webp.webp?fit=1200%2C800&ssl=1&resize=1050%2C600 3x"},"classes":[]}],"jetpack_sharing_enabled":true,"jetpack_shortlink":"https:\/\/wp.me\/peQAOb-kUQ","_links":{"self":[{"href":"https:\/\/noticiasribeiraopreto.com.br\/index.php\/wp-json\/wp\/v2\/posts\/80404","targetHints":{"allow":["GET"]}}],"collection":[{"href":"https:\/\/noticiasribeiraopreto.com.br\/index.php\/wp-json\/wp\/v2\/posts"}],"about":[{"href":"https:\/\/noticiasribeiraopreto.com.br\/index.php\/wp-json\/wp\/v2\/types\/post"}],"author":[{"embeddable":true,"href":"https:\/\/noticiasribeiraopreto.com.br\/index.php\/wp-json\/wp\/v2\/users\/1"}],"replies":[{"embeddable":true,"href":"https:\/\/noticiasribeiraopreto.com.br\/index.php\/wp-json\/wp\/v2\/comments?post=80404"}],"version-history":[{"count":0,"href":"https:\/\/noticiasribeiraopreto.com.br\/index.php\/wp-json\/wp\/v2\/posts\/80404\/revisions"}],"wp:featuredmedia":[{"embeddable":true,"href":"https:\/\/noticiasribeiraopreto.com.br\/index.php\/wp-json\/wp\/v2\/media\/80405"}],"wp:attachment":[{"href":"https:\/\/noticiasribeiraopreto.com.br\/index.php\/wp-json\/wp\/v2\/media?parent=80404"}],"wp:term":[{"taxonomy":"category","embeddable":true,"href":"https:\/\/noticiasribeiraopreto.com.br\/index.php\/wp-json\/wp\/v2\/categories?post=80404"},{"taxonomy":"post_tag","embeddable":true,"href":"https:\/\/noticiasribeiraopreto.com.br\/index.php\/wp-json\/wp\/v2\/tags?post=80404"}],"curies":[{"name":"wp","href":"https:\/\/api.w.org\/{rel}","templated":true}]}}