{"id":80408,"date":"2025-12-03T10:38:05","date_gmt":"2025-12-03T13:38:05","guid":{"rendered":"https:\/\/noticiasribeiraopreto.com.br\/index.php\/2025\/12\/03\/frente-fria-provoca-chuvas-fortes-e-alerta-de-tempestade-em-sp-veja-previsao\/"},"modified":"2025-12-03T10:38:05","modified_gmt":"2025-12-03T13:38:05","slug":"frente-fria-provoca-chuvas-fortes-e-alerta-de-tempestade-em-sp-veja-previsao","status":"publish","type":"post","link":"https:\/\/noticiasribeiraopreto.com.br\/index.php\/2025\/12\/03\/frente-fria-provoca-chuvas-fortes-e-alerta-de-tempestade-em-sp-veja-previsao\/","title":{"rendered":"Frente fria provoca chuvas fortes e alerta de tempestade em SP; Veja previs\u00e3o"},"content":{"rendered":"<div class='code-block code-block-1' style='margin: 8px 0 8px auto; text-align: right; display: block; clear: both;'>\n<p><a href=\"https:\/\/wa.link\/vpicfd\"><img data-recalc-dims=\"1\" class=\"wp-image-4922\" style=\"aspect-ratio: 2.0253164556962027; width: 561px; height: auto;\" src=\"https:\/\/i0.wp.com\/ismaelcolosi.com.br\/wp-content\/uploads\/2023\/11\/grupo-de-empregos-whatsapp-e-facebook-ismael-colosi-vagas.jpg?ssl=1\" alt=\"\" \/><\/a><\/p>\n<!-- \/wp:image -->\n<\/div>\n<p> <br \/>\n<\/p>\n<div>\n<p>Uma <strong>nova frente fria<\/strong>, associada a uma <strong>\u00e1rea de baixa press\u00e3o pr\u00f3xima \u00e0 costa<\/strong>, deve aumentar as instabilidades no Sudeste, incluindo o <strong>estado de S\u00e3o Paulo<\/strong>, segundo a <a href=\"https:\/\/www.climatempo.com.br\/noticia\/primavera\/previsao-brasil-03-12-frente-fria-avanca-pelo-sudeste-e-provoca-temporais-em-varias-regioes-do-brasil\" data-type=\"link\" data-id=\"https:\/\/www.climatempo.com.br\/noticia\/primavera\/previsao-brasil-03-12-frente-fria-avanca-pelo-sudeste-e-provoca-temporais-em-varias-regioes-do-brasil\" target=\"_blank\" rel=\"noreferrer noopener\">Climatempo<\/a>.<\/p>\n<p>Conforme explica\u00e7\u00e3o dos meteorologistas, <mark style=\"background-color:#fcb900\" class=\"has-inline-color\">esse sistema manter\u00e1 o <strong>tempo inst\u00e1vel <\/strong>em v\u00e1rias regi\u00f5es paulistas nesta quarta-feira (3)<\/mark>, com previs\u00e3o de <strong>pancadas de chuva<\/strong> pela manh\u00e3 no norte, nordeste, leste e litoral, que devem se espalhar para outras \u00e1reas ao longo do dia.<\/p>\n<figure class=\"wp-block-pullquote\">\n<blockquote>\n<p>\u00c0 tarde, as precipita\u00e7\u00f5es ganham for\u00e7a e podem ser moderadas a fortes<\/p>\n<p><cite>Climatempo<\/cite><\/p><\/blockquote>\n<\/figure>\n<p>Al\u00e9m da chuva, <strong>as temperaturas devem cair<\/strong> em \u00e1reas do leste, litoral e sul de S\u00e3o Paulo, deixando clima mais agrad\u00e1vel.<\/p>\n<div class=\"wp-block-image\">\n<figure class=\"aligncenter size-large is-resized\"><img data-recalc-dims=\"1\" fetchpriority=\"high\" decoding=\"async\" width=\"1024\" height=\"576\" src=\"https:\/\/i0.wp.com\/cdn.media-acidadeon.com.br\/ribeiraopreto\/wp-content\/uploads\/sites\/3\/2025\/10\/palace-3_2025-10-31_19-55-22-1024x576.webp?resize=1024%2C576&#038;ssl=1\" alt=\"Chuva atinge estado de SP nessa semana - Foto: V\u00edtor Neves\/ acidade on.\" class=\"wp-image-134343\" style=\"width:654px\" title=\"Frente fria provoca chuvas fortes e alerta de tempestade em SP; Veja previs\u00e3o 1\" srcset=\"https:\/\/cdn.media-acidadeon.com.br\/ribeiraopreto\/wp-content\/uploads\/sites\/3\/2025\/10\/palace-3_2025-10-31_19-55-22-1024x576.webp 1024w, https:\/\/cdn.media-acidadeon.com.br\/ribeiraopreto\/wp-content\/uploads\/sites\/3\/2025\/10\/palace-3_2025-10-31_19-55-22-300x169.webp 300w, https:\/\/cdn.media-acidadeon.com.br\/ribeiraopreto\/wp-content\/uploads\/sites\/3\/2025\/10\/palace-3_2025-10-31_19-55-22-768x432.webp 768w, https:\/\/cdn.media-acidadeon.com.br\/ribeiraopreto\/wp-content\/uploads\/sites\/3\/2025\/10\/palace-3_2025-10-31_19-55-22-696x392.webp 696w, https:\/\/cdn.media-acidadeon.com.br\/ribeiraopreto\/wp-content\/uploads\/sites\/3\/2025\/10\/palace-3_2025-10-31_19-55-22-1068x601.webp 1068w, https:\/\/cdn.media-acidadeon.com.br\/ribeiraopreto\/wp-content\/uploads\/sites\/3\/2025\/10\/palace-3_2025-10-31_19-55-22.webp 1200w\" sizes=\"(max-width: 1024px) 100vw, 1024px\"\/><figcaption class=\"wp-element-caption\">Chuva atinge estado de SP nessa semana \u2013 Foto: V\u00edtor Neves\/ acidade on.<\/figcaption><\/figure>\n<\/div>\n<h2 class=\"wp-block-heading\"><strong>Alerta de tempestade<\/strong><\/h2>\n<p>Vale lembrar que a <strong>Defesa Civil<\/strong> emitiu um alerta para tempestade v\u00e1lido at\u00e9 amanh\u00e3. Segundo o \u00f3rg\u00e3o, os modelos indicam condi\u00e7\u00f5es para <strong>tempestades <\/strong>severas na maior parte do Estado.<\/p>\n<p>O cen\u00e1rio tamb\u00e9m aumenta o <strong>risco de alagamentos<\/strong>, <strong>enxurradas<\/strong>, <strong>deslizamentos<\/strong>, <strong>quedas de \u00e1rvores<\/strong>, <strong>destelhamentos <\/strong>e <strong>interrup\u00e7\u00f5es tempor\u00e1rias de energia<\/strong>, al\u00e9m de ocorr\u00eancias relacionadas a <strong>descargas el\u00e9tricas <\/strong>e <strong>vento forte<\/strong>. No litoral, h\u00e1 possibilidade de agita\u00e7\u00e3o mar\u00edtima e ressaca.<\/p>\n<h2 class=\"wp-block-heading\"><strong>Como fica o tempo em Ribeir\u00e3o Preto?<\/strong><\/h2>\n<p>De acordo com a previs\u00e3o estendida da <strong>Climatempo<\/strong>, os pr\u00f3ximos dias devem ser de sol com muitas nuvens e per\u00edodos de chuva em Ribeir\u00e3o Preto. As temperaturas devem variar entre 19\u00baC e 33\u00baC. Confira:<\/p>\n<figure class=\"wp-block-gallery has-nested-images columns-default is-cropped wp-block-gallery-1 is-layout-flex wp-block-gallery-is-layout-flex\">\n<figure class=\"wp-block-image size-large\"><img data-recalc-dims=\"1\" loading=\"lazy\" decoding=\"async\" width=\"1024\" height=\"576\" data-id=\"138030\" src=\"https:\/\/i0.wp.com\/cdn.media-acidadeon.com.br\/ribeiraopreto\/wp-content\/uploads\/sites\/3\/2025\/12\/Copia-de-Copia-de-Copia-de-TAMANHO-EXATO-PARA-FOTOS-NO-SISTEMA-NOVO-2025-12-02T200602.514_2025-12-02_23-06-58-1024x576.webp?resize=1024%2C576&#038;ssl=1\" alt=\"Frente fria traz chuva para Ribeir\u00e3o Preto - Foto: reprodu\u00e7\u00e3o\/ Climatempo\" class=\"wp-image-138030\" title=\"Frente fria provoca chuvas fortes e alerta de tempestade em SP; Veja previs\u00e3o 2\" srcset=\"https:\/\/cdn.media-acidadeon.com.br\/ribeiraopreto\/wp-content\/uploads\/sites\/3\/2025\/12\/Copia-de-Copia-de-Copia-de-TAMANHO-EXATO-PARA-FOTOS-NO-SISTEMA-NOVO-2025-12-02T200602.514_2025-12-02_23-06-58-1024x576.webp 1024w, https:\/\/cdn.media-acidadeon.com.br\/ribeiraopreto\/wp-content\/uploads\/sites\/3\/2025\/12\/Copia-de-Copia-de-Copia-de-TAMANHO-EXATO-PARA-FOTOS-NO-SISTEMA-NOVO-2025-12-02T200602.514_2025-12-02_23-06-58-300x169.webp 300w, https:\/\/cdn.media-acidadeon.com.br\/ribeiraopreto\/wp-content\/uploads\/sites\/3\/2025\/12\/Copia-de-Copia-de-Copia-de-TAMANHO-EXATO-PARA-FOTOS-NO-SISTEMA-NOVO-2025-12-02T200602.514_2025-12-02_23-06-58-768x432.webp 768w, https:\/\/cdn.media-acidadeon.com.br\/ribeiraopreto\/wp-content\/uploads\/sites\/3\/2025\/12\/Copia-de-Copia-de-Copia-de-TAMANHO-EXATO-PARA-FOTOS-NO-SISTEMA-NOVO-2025-12-02T200602.514_2025-12-02_23-06-58-696x392.webp 696w, https:\/\/cdn.media-acidadeon.com.br\/ribeiraopreto\/wp-content\/uploads\/sites\/3\/2025\/12\/Copia-de-Copia-de-Copia-de-TAMANHO-EXATO-PARA-FOTOS-NO-SISTEMA-NOVO-2025-12-02T200602.514_2025-12-02_23-06-58-1068x601.webp 1068w, https:\/\/cdn.media-acidadeon.com.br\/ribeiraopreto\/wp-content\/uploads\/sites\/3\/2025\/12\/Copia-de-Copia-de-Copia-de-TAMANHO-EXATO-PARA-FOTOS-NO-SISTEMA-NOVO-2025-12-02T200602.514_2025-12-02_23-06-58.webp 1200w\" sizes=\"auto, (max-width: 1024px) 100vw, 1024px\"\/><figcaption class=\"wp-element-caption\">Frente fria traz chuva para Ribeir\u00e3o Preto \u2013 Foto: reprodu\u00e7\u00e3o\/ Climatempo<\/figcaption><\/figure>\n<figure class=\"wp-block-image size-large\"><img data-recalc-dims=\"1\" loading=\"lazy\" decoding=\"async\" width=\"1024\" height=\"576\" data-id=\"138029\" src=\"https:\/\/i0.wp.com\/cdn.media-acidadeon.com.br\/ribeiraopreto\/wp-content\/uploads\/sites\/3\/2025\/12\/Copia-de-Copia-de-Copia-de-TAMANHO-EXATO-PARA-FOTOS-NO-SISTEMA-NOVO-2025-12-02T200631.637_2025-12-02_23-06-56-1024x576.webp?resize=1024%2C576&#038;ssl=1\" alt=\"Frente fria traz chuva para Ribeir\u00e3o Preto - Foto: reprodu\u00e7\u00e3o\/ Climatempo\" class=\"wp-image-138029\" title=\"Frente fria provoca chuvas fortes e alerta de tempestade em SP; Veja previs\u00e3o 3\" srcset=\"https:\/\/cdn.media-acidadeon.com.br\/ribeiraopreto\/wp-content\/uploads\/sites\/3\/2025\/12\/Copia-de-Copia-de-Copia-de-TAMANHO-EXATO-PARA-FOTOS-NO-SISTEMA-NOVO-2025-12-02T200631.637_2025-12-02_23-06-56-1024x576.webp 1024w, https:\/\/cdn.media-acidadeon.com.br\/ribeiraopreto\/wp-content\/uploads\/sites\/3\/2025\/12\/Copia-de-Copia-de-Copia-de-TAMANHO-EXATO-PARA-FOTOS-NO-SISTEMA-NOVO-2025-12-02T200631.637_2025-12-02_23-06-56-300x169.webp 300w, https:\/\/cdn.media-acidadeon.com.br\/ribeiraopreto\/wp-content\/uploads\/sites\/3\/2025\/12\/Copia-de-Copia-de-Copia-de-TAMANHO-EXATO-PARA-FOTOS-NO-SISTEMA-NOVO-2025-12-02T200631.637_2025-12-02_23-06-56-768x432.webp 768w, https:\/\/cdn.media-acidadeon.com.br\/ribeiraopreto\/wp-content\/uploads\/sites\/3\/2025\/12\/Copia-de-Copia-de-Copia-de-TAMANHO-EXATO-PARA-FOTOS-NO-SISTEMA-NOVO-2025-12-02T200631.637_2025-12-02_23-06-56-696x392.webp 696w, https:\/\/cdn.media-acidadeon.com.br\/ribeiraopreto\/wp-content\/uploads\/sites\/3\/2025\/12\/Copia-de-Copia-de-Copia-de-TAMANHO-EXATO-PARA-FOTOS-NO-SISTEMA-NOVO-2025-12-02T200631.637_2025-12-02_23-06-56-1068x601.webp 1068w, https:\/\/cdn.media-acidadeon.com.br\/ribeiraopreto\/wp-content\/uploads\/sites\/3\/2025\/12\/Copia-de-Copia-de-Copia-de-TAMANHO-EXATO-PARA-FOTOS-NO-SISTEMA-NOVO-2025-12-02T200631.637_2025-12-02_23-06-56.webp 1200w\" sizes=\"auto, (max-width: 1024px) 100vw, 1024px\"\/><figcaption class=\"wp-element-caption\">Frente fria traz chuva para Ribeir\u00e3o Preto \u2013 Foto: reprodu\u00e7\u00e3o\/ Climatempo<\/figcaption><\/figure>\n<\/figure>\n<hr class=\"wp-block-separator has-alpha-channel-opacity\"\/>\n<p>SAIBA MAIS<\/p>\n<p>Ribeir\u00e3o refor\u00e7a seguran\u00e7a no com\u00e9rcio com opera\u00e7\u00e3o especial de fim de ano<\/p>\n<h2 class=\"wp-block-heading\"><strong>FIQUE ON<\/strong><\/h2>\n<p>Fique ligado em tudo que acontece em Ribeir\u00e3o Preto e regi\u00e3o. Siga os perfis do\u00a0<strong>acidade on<\/strong>\u00a0no\u00a0<a href=\"https:\/\/www.instagram.com\/acidadeonribeirao\" target=\"_blank\" rel=\"noreferrer noopener\">Instagram<\/a>\u00a0e no\u00a0<a href=\"https:\/\/www.facebook.com\/acidadeonribeirao\/\" target=\"_blank\" rel=\"noreferrer noopener\">Facebook<\/a>.<\/p>\n<p>Receba not\u00edcias do\u00a0<strong>acidade on\u00a0<\/strong>no WhatsApp. Para entrar no grupo,\u00a0basta<a href=\"https:\/\/chat.whatsapp.com\/I4nieTEMKlf50pJ28aMemC?mode=ac_t\" target=\"_blank\" rel=\"noreferrer noopener\">\u00a0clicar aqui<\/a>. Ou, acesse o nosso\u00a0Canal\u00a0<a href=\"https:\/\/whatsapp.com\/channel\/0029Vb6IQl1JENyAeS57fk2p\" target=\"_blank\" rel=\"noreferrer noopener\">clicando aqui<\/a>.<\/p>\n<p>Fa\u00e7a uma den\u00fancia ou sugira uma reportagem sobre Ribeir\u00e3o Preto e regi\u00e3o pelo WhatsApp: 16 99117 7802.<\/p>\n<p>VEJA TAMB\u00c9M<\/p>\n<p>Qual era a idade do menino que morreu na jaula de leoa?<\/p>\n<p><!-- AI CONTENT END 1 -->\n<\/div>\n<p><script async src=\"\/\/www.instagram.com\/embed.js\"><\/script><br \/>\n<br \/><br \/>\n<br \/><a href=\"https:\/\/www.acidadeon.com\/ribeiraopreto\/cotidiano\/frente-fria-provoca-chuvas-fortes-e-alerta-de-tempestade-em-sp-veja-previsao\/\">Source link <\/a><\/p>\n<!-- CONTENT END 1 -->\n","protected":false},"excerpt":{"rendered":"<p>Uma nova frente fria, associada a uma \u00e1rea de baixa press\u00e3o pr\u00f3xima \u00e0 costa, deve aumentar as instabilidades no Sudeste, incluindo o estado de S\u00e3o&#8230;<\/p>\n","protected":false},"author":1,"featured_media":80409,"comment_status":"open","ping_status":"open","sticky":false,"template":"","format":"standard","meta":{"advanced_seo_description":"","jetpack_seo_html_title":"","jetpack_seo_noindex":false,"jetpack_post_was_ever_published":false,"_jetpack_newsletter_access":"","_jetpack_dont_email_post_to_subs":false,"_jetpack_newsletter_tier_id":0,"_jetpack_memberships_contains_paywalled_content":false,"_jetpack_memberships_contains_paid_content":false,"footnotes":"","jetpack_publicize_message":"","jetpack_publicize_feature_enabled":true,"jetpack_social_post_already_shared":true,"jetpack_social_options":{"image_generator_settings":{"template":"highway","default_image_id":0,"font":"","enabled":false},"version":2}},"categories":[11],"tags":[],"class_list":["post-80408","post","type-post","status-publish","format-standard","has-post-thumbnail","hentry","category-noticias-de-ribeirao-preto-sp-e-regiao-ismael-colosi"],"jetpack_publicize_connections":[],"jetpack_featured_media_url":"https:\/\/i0.wp.com\/noticiasribeiraopreto.com.br\/wp-content\/uploads\/2025\/12\/chuva_mudanca_tempo_05_2025-04-08_20-53-35_jpg_2025-04-08_20-53-35-1024x769.webp.webp?fit=1024%2C769&ssl=1","jetpack-related-posts":[{"id":62692,"url":"https:\/\/noticiasribeiraopreto.com.br\/index.php\/2025\/01\/22\/frente-fria-potencializa-condicao-de-chuva-no-interior-de-sp-veja-previsao\/","url_meta":{"origin":80408,"position":0},"title":"Frente fria potencializa condi\u00e7\u00e3o de chuva\u00a0no interior de SP; Veja previs\u00e3o","author":"noticiasribeiraopreto.com.br","date":"22 de January de 2025","format":false,"excerpt":"O avan\u00e7o de uma frente fria sobre o oceano aumenta a condi\u00e7\u00e3o para chuva nesta quarta-feira (22), no interior de S\u00e3o Paulo. Segundo a Climatempo, mesmo que distante, este sistema deve manter o direcionamento do fluxo de umidade para a regi\u00e3o. A regi\u00e3o de Ribeir\u00e3o Preto tem previs\u00e3o de chuva\u2026","rel":"","context":"In &quot;Not\u00edcias de Ribeir\u00e3o Preto-SP e Regi\u00e3o&quot;","block_context":{"text":"Not\u00edcias de Ribeir\u00e3o Preto-SP e Regi\u00e3o","link":"https:\/\/noticiasribeiraopreto.com.br\/index.php\/category\/noticias-de-ribeirao-preto-sp-e-regiao-ismael-colosi\/"},"img":{"alt_text":"","src":"https:\/\/i0.wp.com\/noticiasribeiraopreto.com.br\/wp-content\/uploads\/2025\/01\/1737540265_ribeirao_preto_1200x675_07122021064330.jpg?fit=1200%2C675&ssl=1&resize=350%2C200","width":350,"height":200,"srcset":"https:\/\/i0.wp.com\/noticiasribeiraopreto.com.br\/wp-content\/uploads\/2025\/01\/1737540265_ribeirao_preto_1200x675_07122021064330.jpg?fit=1200%2C675&ssl=1&resize=350%2C200 1x, https:\/\/i0.wp.com\/noticiasribeiraopreto.com.br\/wp-content\/uploads\/2025\/01\/1737540265_ribeirao_preto_1200x675_07122021064330.jpg?fit=1200%2C675&ssl=1&resize=525%2C300 1.5x, https:\/\/i0.wp.com\/noticiasribeiraopreto.com.br\/wp-content\/uploads\/2025\/01\/1737540265_ribeirao_preto_1200x675_07122021064330.jpg?fit=1200%2C675&ssl=1&resize=700%2C400 2x, https:\/\/i0.wp.com\/noticiasribeiraopreto.com.br\/wp-content\/uploads\/2025\/01\/1737540265_ribeirao_preto_1200x675_07122021064330.jpg?fit=1200%2C675&ssl=1&resize=1050%2C600 3x"},"classes":[]},{"id":52002,"url":"https:\/\/noticiasribeiraopreto.com.br\/index.php\/2024\/06\/03\/nova-frente-fria-traz-chuva-ao-estado-de-sp-nesta-semana-confira-a-previsao\/","url_meta":{"origin":80408,"position":1},"title":"Nova frente fria traz chuva ao estado de SP nesta semana; Confira a previs\u00e3o","author":"noticiasribeiraopreto.com.br","date":"3 de June de 2024","format":false,"excerpt":"O deslocamento de uma frente fria para o Sudeste deve ajudar na entrada de umidade\u00a0no estado de S\u00e3o Paulo. Segundo a Climatempo, h\u00e1 condi\u00e7\u00e3o de chuva entre esta segunda-feira (3) e quarta-feira (5) em \u00e1reas do litoral paulista.\u00a0Na ter\u00e7a-feira (4) a chuva pode chegar at\u00e9 a\u00a0cidade de S\u00e3o Paulo. Como\u2026","rel":"","context":"In &quot;Not\u00edcias de Ribeir\u00e3o Preto-SP e Regi\u00e3o&quot;","block_context":{"text":"Not\u00edcias de Ribeir\u00e3o Preto-SP e Regi\u00e3o","link":"https:\/\/noticiasribeiraopreto.com.br\/index.php\/category\/noticias-de-ribeirao-preto-sp-e-regiao-ismael-colosi\/"},"img":{"alt_text":"","src":"https:\/\/i0.wp.com\/noticiasribeiraopreto.com.br\/wp-content\/uploads\/2024\/06\/guardachuva_500x320_22012017104050.jpg?fit=500%2C322&ssl=1&resize=350%2C200","width":350,"height":200},"classes":[]},{"id":27423,"url":"https:\/\/noticiasribeiraopreto.com.br\/index.php\/2024\/01\/12\/frente-fria-aumenta-risco-de-chuva-forte-no-interior-de-sp-veja-a-previsao\/","url_meta":{"origin":80408,"position":2},"title":"Frente fria aumenta risco de chuva forte no interior de SP; Veja a previs\u00e3o","author":"noticiasribeiraopreto.com.br","date":"12 de January de 2024","format":false,"excerpt":"A passagem de uma frente fria entre esta sexta-feira (12) e no s\u00e1bado (13) aumenta o risco de chuva forte no interior de S\u00e3o Paulo, segundo a Climatempo. Al\u00e9m disso, o predom\u00ednio de ar quente e \u00famido sobre o Brasil forma nuvens carregadas. \u201cEstas nuvens provocaram temporais em muitos estados\u2026","rel":"","context":"In &quot;Not\u00edcias de Ribeir\u00e3o Preto-SP e Regi\u00e3o&quot;","block_context":{"text":"Not\u00edcias de Ribeir\u00e3o Preto-SP e Regi\u00e3o","link":"https:\/\/noticiasribeiraopreto.com.br\/index.php\/category\/noticias-de-ribeirao-preto-sp-e-regiao-ismael-colosi\/"},"img":{"alt_text":"","src":"https:\/\/i0.wp.com\/noticiasribeiraopreto.com.br\/wp-content\/uploads\/2024\/01\/1705058466_chuva-forte.jpg?fit=1200%2C765&ssl=1&resize=350%2C200","width":350,"height":200,"srcset":"https:\/\/i0.wp.com\/noticiasribeiraopreto.com.br\/wp-content\/uploads\/2024\/01\/1705058466_chuva-forte.jpg?fit=1200%2C765&ssl=1&resize=350%2C200 1x, https:\/\/i0.wp.com\/noticiasribeiraopreto.com.br\/wp-content\/uploads\/2024\/01\/1705058466_chuva-forte.jpg?fit=1200%2C765&ssl=1&resize=525%2C300 1.5x, https:\/\/i0.wp.com\/noticiasribeiraopreto.com.br\/wp-content\/uploads\/2024\/01\/1705058466_chuva-forte.jpg?fit=1200%2C765&ssl=1&resize=700%2C400 2x, https:\/\/i0.wp.com\/noticiasribeiraopreto.com.br\/wp-content\/uploads\/2024\/01\/1705058466_chuva-forte.jpg?fit=1200%2C765&ssl=1&resize=1050%2C600 3x"},"classes":[]},{"id":79249,"url":"https:\/\/noticiasribeiraopreto.com.br\/index.php\/2025\/10\/28\/frente-fria-muda-o-tempo-e-chuva-ganha-forca-no-interior-de-sp-veja-previsao\/","url_meta":{"origin":80408,"position":3},"title":"Frente fria muda o tempo e chuva ganha for\u00e7a no interior de SP; Veja previs\u00e3o","author":"noticiasribeiraopreto.com.br","date":"28 de October de 2025","format":false,"excerpt":"Uma frente fria favorece a ocorr\u00eancia de pancadas de chuva pelo interior de S\u00e3o Paulo nesta ter\u00e7a-feira (28). Ribeir\u00e3o Preto j\u00e1 registra chuva desde a madrugada. Segundo a Climatempo, essa chuva se espalha ao longo do dia, com risco de temporais isolados. Tamb\u00e9m est\u00e3o previstos per\u00edodos de sol entre nuvens\u2026","rel":"","context":"In &quot;Not\u00edcias de Ribeir\u00e3o Preto-SP e Regi\u00e3o&quot;","block_context":{"text":"Not\u00edcias de Ribeir\u00e3o Preto-SP e Regi\u00e3o","link":"https:\/\/noticiasribeiraopreto.com.br\/index.php\/category\/noticias-de-ribeirao-preto-sp-e-regiao-ismael-colosi\/"},"img":{"alt_text":"","src":"https:\/\/i0.wp.com\/noticiasribeiraopreto.com.br\/wp-content\/uploads\/2025\/10\/WhatsApp-Image-2025-03-11-at-08.31.43_2025-03-11_11-32-18_jpeg_2025-03-11_11-32-18.webp.webp?fit=1200%2C900&ssl=1&resize=350%2C200","width":350,"height":200,"srcset":"https:\/\/i0.wp.com\/noticiasribeiraopreto.com.br\/wp-content\/uploads\/2025\/10\/WhatsApp-Image-2025-03-11-at-08.31.43_2025-03-11_11-32-18_jpeg_2025-03-11_11-32-18.webp.webp?fit=1200%2C900&ssl=1&resize=350%2C200 1x, https:\/\/i0.wp.com\/noticiasribeiraopreto.com.br\/wp-content\/uploads\/2025\/10\/WhatsApp-Image-2025-03-11-at-08.31.43_2025-03-11_11-32-18_jpeg_2025-03-11_11-32-18.webp.webp?fit=1200%2C900&ssl=1&resize=525%2C300 1.5x, https:\/\/i0.wp.com\/noticiasribeiraopreto.com.br\/wp-content\/uploads\/2025\/10\/WhatsApp-Image-2025-03-11-at-08.31.43_2025-03-11_11-32-18_jpeg_2025-03-11_11-32-18.webp.webp?fit=1200%2C900&ssl=1&resize=700%2C400 2x, https:\/\/i0.wp.com\/noticiasribeiraopreto.com.br\/wp-content\/uploads\/2025\/10\/WhatsApp-Image-2025-03-11-at-08.31.43_2025-03-11_11-32-18_jpeg_2025-03-11_11-32-18.webp.webp?fit=1200%2C900&ssl=1&resize=1050%2C600 3x"},"classes":[]},{"id":68019,"url":"https:\/\/noticiasribeiraopreto.com.br\/index.php\/2025\/04\/21\/frente-fria-traz-chuva-rajadas-de-vento-e-queda-de-granizo-a-sp-veja-previsao\/","url_meta":{"origin":80408,"position":4},"title":"Frente fria traz chuva, rajadas de vento e queda de granizo a SP; veja previs\u00e3o","author":"noticiasribeiraopreto.com.br","date":"21 de April de 2025","format":false,"excerpt":"A Defesa Civil divulgou um novo aviso sobre as condi\u00e7\u00f5es do tempo no Estado de S\u00e3o Paulo. Entre os dias 24 e 25 de abril, a chegada de uma nova frente fria, somada \u00e0 atua\u00e7\u00e3o de um cavado meteorol\u00f3gico, aumenta o risco de temporais em todo o estado. A previs\u00e3o\u2026","rel":"","context":"In &quot;Not\u00edcias de Ribeir\u00e3o Preto-SP e Regi\u00e3o&quot;","block_context":{"text":"Not\u00edcias de Ribeir\u00e3o Preto-SP e Regi\u00e3o","link":"https:\/\/noticiasribeiraopreto.com.br\/index.php\/category\/noticias-de-ribeirao-preto-sp-e-regiao-ismael-colosi\/"},"img":{"alt_text":"","src":"https:\/\/i0.wp.com\/noticiasribeiraopreto.com.br\/wp-content\/uploads\/2025\/04\/mg_3314_0_2025-01-22_20-02-00_jpg_2025-01-22_20-02-02-scaled.webp.webp?fit=1200%2C800&ssl=1&resize=350%2C200","width":350,"height":200,"srcset":"https:\/\/i0.wp.com\/noticiasribeiraopreto.com.br\/wp-content\/uploads\/2025\/04\/mg_3314_0_2025-01-22_20-02-00_jpg_2025-01-22_20-02-02-scaled.webp.webp?fit=1200%2C800&ssl=1&resize=350%2C200 1x, https:\/\/i0.wp.com\/noticiasribeiraopreto.com.br\/wp-content\/uploads\/2025\/04\/mg_3314_0_2025-01-22_20-02-00_jpg_2025-01-22_20-02-02-scaled.webp.webp?fit=1200%2C800&ssl=1&resize=525%2C300 1.5x, https:\/\/i0.wp.com\/noticiasribeiraopreto.com.br\/wp-content\/uploads\/2025\/04\/mg_3314_0_2025-01-22_20-02-00_jpg_2025-01-22_20-02-02-scaled.webp.webp?fit=1200%2C800&ssl=1&resize=700%2C400 2x, https:\/\/i0.wp.com\/noticiasribeiraopreto.com.br\/wp-content\/uploads\/2025\/04\/mg_3314_0_2025-01-22_20-02-00_jpg_2025-01-22_20-02-02-scaled.webp.webp?fit=1200%2C800&ssl=1&resize=1050%2C600 3x"},"classes":[]},{"id":67376,"url":"https:\/\/noticiasribeiraopreto.com.br\/index.php\/2025\/04\/13\/vem-chuva-frente-fria-avanca-em-direcao-ao-estado-de-sp-confira-previsao\/","url_meta":{"origin":80408,"position":5},"title":"Vem chuva? Frente fria avan\u00e7a em dire\u00e7\u00e3o ao estado de\u00a0SP; Confira previs\u00e3o","author":"noticiasribeiraopreto.com.br","date":"13 de April de 2025","format":false,"excerpt":"O domingo (13) come\u00e7ou com muitas nuvens sobre Ribeir\u00e3o Preto.A\u00a0Climatempo\u00a0diz que podem ocorrer pancadas isoladas de chuva, eventualmente acompanhadas de raios at\u00e9 o per\u00edodo da noite. A meteorologia explica que essa chuva est\u00e1 relacionada ao calor, umidade elevada e a atua\u00e7\u00e3o de um cavado meteorol\u00f3gico \u2013 nome t\u00e9cnico dado a\u2026","rel":"","context":"In &quot;Not\u00edcias de Ribeir\u00e3o Preto-SP e Regi\u00e3o&quot;","block_context":{"text":"Not\u00edcias de Ribeir\u00e3o Preto-SP e Regi\u00e3o","link":"https:\/\/noticiasribeiraopreto.com.br\/index.php\/category\/noticias-de-ribeirao-preto-sp-e-regiao-ismael-colosi\/"},"img":{"alt_text":"","src":"https:\/\/i0.wp.com\/noticiasribeiraopreto.com.br\/wp-content\/uploads\/2025\/04\/WhatsApp-Image-2025-04-13-at-09.07.18_2025-04-13_12-42-46_jpeg_2025-04-13_12-42-46.webp.webp?fit=1200%2C900&ssl=1&resize=350%2C200","width":350,"height":200,"srcset":"https:\/\/i0.wp.com\/noticiasribeiraopreto.com.br\/wp-content\/uploads\/2025\/04\/WhatsApp-Image-2025-04-13-at-09.07.18_2025-04-13_12-42-46_jpeg_2025-04-13_12-42-46.webp.webp?fit=1200%2C900&ssl=1&resize=350%2C200 1x, https:\/\/i0.wp.com\/noticiasribeiraopreto.com.br\/wp-content\/uploads\/2025\/04\/WhatsApp-Image-2025-04-13-at-09.07.18_2025-04-13_12-42-46_jpeg_2025-04-13_12-42-46.webp.webp?fit=1200%2C900&ssl=1&resize=525%2C300 1.5x, https:\/\/i0.wp.com\/noticiasribeiraopreto.com.br\/wp-content\/uploads\/2025\/04\/WhatsApp-Image-2025-04-13-at-09.07.18_2025-04-13_12-42-46_jpeg_2025-04-13_12-42-46.webp.webp?fit=1200%2C900&ssl=1&resize=700%2C400 2x, https:\/\/i0.wp.com\/noticiasribeiraopreto.com.br\/wp-content\/uploads\/2025\/04\/WhatsApp-Image-2025-04-13-at-09.07.18_2025-04-13_12-42-46_jpeg_2025-04-13_12-42-46.webp.webp?fit=1200%2C900&ssl=1&resize=1050%2C600 3x"},"classes":[]}],"jetpack_sharing_enabled":true,"jetpack_shortlink":"https:\/\/wp.me\/peQAOb-kUU","_links":{"self":[{"href":"https:\/\/noticiasribeiraopreto.com.br\/index.php\/wp-json\/wp\/v2\/posts\/80408","targetHints":{"allow":["GET"]}}],"collection":[{"href":"https:\/\/noticiasribeiraopreto.com.br\/index.php\/wp-json\/wp\/v2\/posts"}],"about":[{"href":"https:\/\/noticiasribeiraopreto.com.br\/index.php\/wp-json\/wp\/v2\/types\/post"}],"author":[{"embeddable":true,"href":"https:\/\/noticiasribeiraopreto.com.br\/index.php\/wp-json\/wp\/v2\/users\/1"}],"replies":[{"embeddable":true,"href":"https:\/\/noticiasribeiraopreto.com.br\/index.php\/wp-json\/wp\/v2\/comments?post=80408"}],"version-history":[{"count":0,"href":"https:\/\/noticiasribeiraopreto.com.br\/index.php\/wp-json\/wp\/v2\/posts\/80408\/revisions"}],"wp:featuredmedia":[{"embeddable":true,"href":"https:\/\/noticiasribeiraopreto.com.br\/index.php\/wp-json\/wp\/v2\/media\/80409"}],"wp:attachment":[{"href":"https:\/\/noticiasribeiraopreto.com.br\/index.php\/wp-json\/wp\/v2\/media?parent=80408"}],"wp:term":[{"taxonomy":"category","embeddable":true,"href":"https:\/\/noticiasribeiraopreto.com.br\/index.php\/wp-json\/wp\/v2\/categories?post=80408"},{"taxonomy":"post_tag","embeddable":true,"href":"https:\/\/noticiasribeiraopreto.com.br\/index.php\/wp-json\/wp\/v2\/tags?post=80408"}],"curies":[{"name":"wp","href":"https:\/\/api.w.org\/{rel}","templated":true}]}}