{"id":80412,"date":"2025-12-03T10:48:42","date_gmt":"2025-12-03T13:48:42","guid":{"rendered":"https:\/\/noticiasribeiraopreto.com.br\/index.php\/2025\/12\/03\/musical-o-quebra-nozes-chega-a-ribeirao-preto-com-o-the-moscow-ballet-veja-quando\/"},"modified":"2025-12-03T10:48:42","modified_gmt":"2025-12-03T13:48:42","slug":"musical-o-quebra-nozes-chega-a-ribeirao-preto-com-o-the-moscow-ballet-veja-quando","status":"publish","type":"post","link":"https:\/\/noticiasribeiraopreto.com.br\/index.php\/2025\/12\/03\/musical-o-quebra-nozes-chega-a-ribeirao-preto-com-o-the-moscow-ballet-veja-quando\/","title":{"rendered":"Musical \u2018O Quebra-Nozes\u2019 chega a Ribeir\u00e3o Preto com o The Moscow Ballet; veja quando"},"content":{"rendered":"<div class='code-block code-block-1' style='margin: 8px 0 8px auto; text-align: right; display: block; clear: both;'>\n<p><a href=\"https:\/\/wa.link\/vpicfd\"><img data-recalc-dims=\"1\" class=\"wp-image-4922\" style=\"aspect-ratio: 2.0253164556962027; width: 561px; height: auto;\" src=\"https:\/\/i0.wp.com\/ismaelcolosi.com.br\/wp-content\/uploads\/2023\/11\/grupo-de-empregos-whatsapp-e-facebook-ismael-colosi-vagas.jpg?ssl=1\" alt=\"\" \/><\/a><\/p>\n<!-- \/wp:image -->\n<\/div>\n<p> <br \/>\n<\/p>\n<div data-td-block-uid=\"tdi_95\">\n<div class=\"tdb-block-inner td-fix-index\">\n<p>O cl\u00e1ssico natalino <em>O Quebra-Nozes<\/em> retorna aos palcos de <strong>Ribeir\u00e3o Preto nesta ter\u00e7a (2)<\/strong> e <strong>quarta-feira (3)<\/strong> de dezembro. O p\u00fablico poder\u00e1 assistir a duas montagens diferentes: a vers\u00e3o internacional apresentada pela <strong>The Moscow Ballet<\/strong>, no Theatro Pedro II. <\/p>\n<h3 class=\"wp-block-heading\"><strong>O musical<\/strong><\/h3>\n<p>A montagem traz ao palco bailarinos internacionais \u2014 com destaque para os solistas Oksana Bondareva e Leonardo de Checchi \u2014 reconhecidos mundialmente por seu talento e t\u00e9cnica refinada.<a href=\"https:\/\/www.tribunaribeirao.com.br\/pedro-ii-apresenta-o-quebra-nozes\/?utm_source=chatgpt.com\" target=\"_blank\" rel=\"noreferrer noopener\"> <\/a>A dire\u00e7\u00e3o aposta em coreografias cl\u00e1ssicas e visuais exuberantes para transportar o p\u00fablico ao universo m\u00e1gico do conto natalino, embalado pela m\u00fasica imortal de Pyotr Ilyich Tchaikovsky.<\/p>\n<h3 class=\"wp-block-heading\"><strong>Como comprar ingressos?<\/strong><\/h3>\n<p>Os ingressos j\u00e1 est\u00e3o \u00e0 venda na bilheteria oficial do teatro \u2014 com compra online dispon\u00edvel (<a href=\"https:\/\/www.theatropedro2.com.br\/espetaculo.php?id=1679&amp;o-quebra-nozes-the-moscow-ballet\" data-type=\"link\" data-id=\"https:\/\/www.theatropedro2.com.br\/espetaculo.php?id=1679&amp;o-quebra-nozes-the-moscow-ballet\" target=\"_blank\" rel=\"noopener\">clique aqui<\/a>). Os valores variam de acordo com o setor escolhido. <strong>Confira<\/strong>:<\/p>\n<p>Plateia\u00a0VIP\u00a0<strong>(t\u00e9rreo em frente ao palco)<\/strong>:<br \/>R$ 400 inteira | R$ 220 solid\u00e1rio | R$ 200 meia-entrada<\/p>\n<p>Plateia\u00a0Alta\u00a0<strong>(t\u00e9rreo em frente ao palco)<\/strong>:<br \/>R$ 380 inteira | R$ 210 solid\u00e1rio | R$ 190 meia-entrada<\/p>\n<p>Frisa:\u00a0<strong>(t\u00e9rreo em frente ao palco)<\/strong>:<br \/>R$\u00a0360\u00a0inteira | R$\u00a0260\u00a0solid\u00e1rio | R$\u00a0180\u00a0meia-entrada<\/p>\n<p>Balc\u00e3o Nobre\u00a0<strong>(1\u00ba andar)<\/strong>:<br \/>R$\u00a0320\u00a0inteira | R$\u00a0180\u00a0solid\u00e1rio | R$\u00a0160\u00a0meia-entrada<\/p>\n<p>Balc\u00e3o Simples\u00a0<strong>(2\u00ba andar)<\/strong>:<br \/>R$\u00a0280\u00a0inteira | R$\u00a0160\u00a0solid\u00e1rio | R$\u00a0140\u00a0meia-entrada<\/p>\n<hr class=\"wp-block-separator has-alpha-channel-opacity\"\/>\n<p>SAIBA MAIS<br \/>Chuva e tempestade: Defesa Civil alerta para mudan\u00e7a no tempo em SP<\/p>\n<h2 class=\"wp-block-heading\"><strong>FIQUE ON<\/strong><\/h2>\n<p>Fique ligado em tudo que acontece em Ribeir\u00e3o Preto e regi\u00e3o. Siga os perfis do\u00a0<strong>acidade on<\/strong>\u00a0no\u00a0<a href=\"https:\/\/www.instagram.com\/acidadeonribeirao\" target=\"_blank\" rel=\"noreferrer noopener\">Instagram<\/a>\u00a0e no\u00a0<a href=\"https:\/\/www.facebook.com\/acidadeonribeirao\/\" target=\"_blank\" rel=\"noreferrer noopener\">Facebook<\/a>.<\/p>\n<p>Receba not\u00edcias do\u00a0<strong>acidade on\u00a0<\/strong>no WhatsApp. Para entrar no grupo,\u00a0basta<a href=\"https:\/\/chat.whatsapp.com\/I4nieTEMKlf50pJ28aMemC?mode=ac_t\" target=\"_blank\" rel=\"noreferrer noopener\">\u00a0clicar aqui<\/a>. Ou, acesse o nosso\u00a0Canal\u00a0<a href=\"https:\/\/whatsapp.com\/channel\/0029Vb6IQl1JENyAeS57fk2p\" target=\"_blank\" rel=\"noreferrer noopener\">clicando aqui<\/a>.<\/p>\n<p>Fa\u00e7a uma den\u00fancia ou sugira uma reportagem sobre Ribeir\u00e3o Preto e regi\u00e3o pelo WhatsApp: 16 99117 7802.<\/p>\n<p>VEJA TAMB\u00c9M<br \/>Salada X Molho: Qual a diferen\u00e7a dos dois tipos de tomate?<\/p>\n<p><!-- AI CONTENT END 1 -->\n<\/div>\n<\/div>\n<p><script async src=\"\/\/www.instagram.com\/embed.js\"><\/script><br \/>\n<br \/><br \/>\n<br \/><a href=\"https:\/\/www.acidadeon.com\/ribeiraopreto\/lazer-e-cultura\/musical-o-quebra-nozes-chega-a-ribeirao-preto-com-o-the-moscow-ballet-veja-quando\/\">Source link <\/a><\/p>\n<!-- CONTENT END 1 -->\n","protected":false},"excerpt":{"rendered":"<p>O cl\u00e1ssico natalino O Quebra-Nozes retorna aos palcos de Ribeir\u00e3o Preto nesta ter\u00e7a (2) e quarta-feira (3) de dezembro. O p\u00fablico poder\u00e1 assistir a duas&#8230;<\/p>\n","protected":false},"author":1,"featured_media":80413,"comment_status":"open","ping_status":"open","sticky":false,"template":"","format":"standard","meta":{"advanced_seo_description":"","jetpack_seo_html_title":"","jetpack_seo_noindex":false,"jetpack_post_was_ever_published":false,"_jetpack_newsletter_access":"","_jetpack_dont_email_post_to_subs":false,"_jetpack_newsletter_tier_id":0,"_jetpack_memberships_contains_paywalled_content":false,"_jetpack_memberships_contains_paid_content":false,"footnotes":"","jetpack_publicize_message":"","jetpack_publicize_feature_enabled":true,"jetpack_social_post_already_shared":true,"jetpack_social_options":{"image_generator_settings":{"template":"highway","default_image_id":0,"font":"","enabled":false},"version":2}},"categories":[11],"tags":[],"class_list":["post-80412","post","type-post","status-publish","format-standard","has-post-thumbnail","hentry","category-noticias-de-ribeirao-preto-sp-e-regiao-ismael-colosi"],"jetpack_publicize_connections":[],"jetpack_featured_media_url":"https:\/\/i0.wp.com\/noticiasribeiraopreto.com.br\/wp-content\/uploads\/2025\/12\/Copia-de-Copia-de-Copia-de-TAMANHO-EXATO-PARA-FOTOS-NO-SISTEMA-NOVO-2025-11-28T202412.103_2025-11-28_23-24-18.webp.webp?fit=1200%2C675&ssl=1","jetpack-related-posts":[{"id":79278,"url":"https:\/\/noticiasribeiraopreto.com.br\/index.php\/2025\/10\/28\/ribeirao-preto-recebe-espetaculo-internacional-de-o-quebra-nozes-no-theatro-pedro-ii\/","url_meta":{"origin":80412,"position":0},"title":"Ribeir\u00e3o Preto recebe espet\u00e1culo internacional de \u2018O Quebra-Nozes\u2019 no Theatro Pedro II","author":"noticiasribeiraopreto.com.br","date":"28 de October de 2025","format":false,"excerpt":"Ribeir\u00e3o Preto recebe nos dias 2 e 3 de dezembro, \u00e0s 20h, no Theatro Pedro II, uma montagem do bal\u00e9 cl\u00e1ssico O Quebra-Nozes. O espet\u00e1culo contar\u00e1 com a participa\u00e7\u00e3o de Oksana Bondareva, solista do Teatro Mariinsky, e do italiano Leonardo de Checchi, ambos premiados recentemente no Capri Danza International 2025.\u2026","rel":"","context":"In &quot;Not\u00edcias de Ribeir\u00e3o Preto-SP e Regi\u00e3o&quot;","block_context":{"text":"Not\u00edcias de Ribeir\u00e3o Preto-SP e Regi\u00e3o","link":"https:\/\/noticiasribeiraopreto.com.br\/index.php\/category\/noticias-de-ribeirao-preto-sp-e-regiao-ismael-colosi\/"},"img":{"alt_text":"","src":"https:\/\/i0.wp.com\/noticiasribeiraopreto.com.br\/wp-content\/uploads\/2025\/10\/voguing-3_2025-10-28_21-12-44.webp.webp?fit=1200%2C675&ssl=1&resize=350%2C200","width":350,"height":200,"srcset":"https:\/\/i0.wp.com\/noticiasribeiraopreto.com.br\/wp-content\/uploads\/2025\/10\/voguing-3_2025-10-28_21-12-44.webp.webp?fit=1200%2C675&ssl=1&resize=350%2C200 1x, https:\/\/i0.wp.com\/noticiasribeiraopreto.com.br\/wp-content\/uploads\/2025\/10\/voguing-3_2025-10-28_21-12-44.webp.webp?fit=1200%2C675&ssl=1&resize=525%2C300 1.5x, https:\/\/i0.wp.com\/noticiasribeiraopreto.com.br\/wp-content\/uploads\/2025\/10\/voguing-3_2025-10-28_21-12-44.webp.webp?fit=1200%2C675&ssl=1&resize=700%2C400 2x, https:\/\/i0.wp.com\/noticiasribeiraopreto.com.br\/wp-content\/uploads\/2025\/10\/voguing-3_2025-10-28_21-12-44.webp.webp?fit=1200%2C675&ssl=1&resize=1050%2C600 3x"},"classes":[]},{"id":80404,"url":"https:\/\/noticiasribeiraopreto.com.br\/index.php\/2025\/12\/03\/ribeirao-reforca-seguranca-no-comercio-com-operacao-especial-de-fim-de-ano\/","url_meta":{"origin":80412,"position":1},"title":"Ribeir\u00e3o refor\u00e7a seguran\u00e7a no com\u00e9rcio com opera\u00e7\u00e3o especial de fim de ano","author":"noticiasribeiraopreto.com.br","date":"3 de December de 2025","format":false,"excerpt":"O com\u00e9rcio de Ribeir\u00e3o Preto iniciou nesta segunda-feira (1\u00ba) o hor\u00e1rio especial de fim de ano. E, segundo a Prefeitura, uma a\u00e7\u00e3o integrada foi montada para garantir mais seguran\u00e7a e organiza\u00e7\u00e3o durante todo o per\u00edodo de compras. A Opera\u00e7\u00e3o Natal Seguro, lan\u00e7ada pela Administra\u00e7\u00e3o Municipal, refor\u00e7a a prote\u00e7\u00e3o a comerciantes\u2026","rel":"","context":"In &quot;Not\u00edcias de Ribeir\u00e3o Preto-SP e Regi\u00e3o&quot;","block_context":{"text":"Not\u00edcias de Ribeir\u00e3o Preto-SP e Regi\u00e3o","link":"https:\/\/noticiasribeiraopreto.com.br\/index.php\/category\/noticias-de-ribeirao-preto-sp-e-regiao-ismael-colosi\/"},"img":{"alt_text":"","src":"https:\/\/i0.wp.com\/noticiasribeiraopreto.com.br\/wp-content\/uploads\/2025\/12\/operacao_natal_-_foto_fernando_gonzaga_14_2025-12-02_20-53-16.webp.webp?fit=1200%2C800&ssl=1&resize=350%2C200","width":350,"height":200,"srcset":"https:\/\/i0.wp.com\/noticiasribeiraopreto.com.br\/wp-content\/uploads\/2025\/12\/operacao_natal_-_foto_fernando_gonzaga_14_2025-12-02_20-53-16.webp.webp?fit=1200%2C800&ssl=1&resize=350%2C200 1x, https:\/\/i0.wp.com\/noticiasribeiraopreto.com.br\/wp-content\/uploads\/2025\/12\/operacao_natal_-_foto_fernando_gonzaga_14_2025-12-02_20-53-16.webp.webp?fit=1200%2C800&ssl=1&resize=525%2C300 1.5x, https:\/\/i0.wp.com\/noticiasribeiraopreto.com.br\/wp-content\/uploads\/2025\/12\/operacao_natal_-_foto_fernando_gonzaga_14_2025-12-02_20-53-16.webp.webp?fit=1200%2C800&ssl=1&resize=700%2C400 2x, https:\/\/i0.wp.com\/noticiasribeiraopreto.com.br\/wp-content\/uploads\/2025\/12\/operacao_natal_-_foto_fernando_gonzaga_14_2025-12-02_20-53-16.webp.webp?fit=1200%2C800&ssl=1&resize=1050%2C600 3x"},"classes":[]},{"id":61289,"url":"https:\/\/noticiasribeiraopreto.com.br\/index.php\/2024\/12\/08\/theatro-pedro-ii-recebe-especial-de-natal-com-orquestra-sinfonica-de-ribeirao-preto\/","url_meta":{"origin":80412,"position":2},"title":"Theatro Pedro II recebe especial de Natal com Orquestra Sinf\u00f4nica de Ribeir\u00e3o Preto","author":"noticiasribeiraopreto.com.br","date":"8 de December de 2024","format":false,"excerpt":"A Orquestra Sinf\u00f4nica de Ribeir\u00e3o Preto leva para o palco do Theatro Pedro II, localizado no Centro do munic\u00edpio, o espet\u00e1culo \u201cQuebrando Nozes e Castanhas\u201d, nos dias 21 e 22 de dezembro, \u00e0s 17h. A apresenta\u00e7\u00e3o celebra o Natal e faz parte da s\u00e9rie Concertos Internacionais. Os ingressos j\u00e1 est\u00e3o\u2026","rel":"","context":"In &quot;Not\u00edcias de Ribeir\u00e3o Preto-SP e Regi\u00e3o&quot;","block_context":{"text":"Not\u00edcias de Ribeir\u00e3o Preto-SP e Regi\u00e3o","link":"https:\/\/noticiasribeiraopreto.com.br\/index.php\/category\/noticias-de-ribeirao-preto-sp-e-regiao-ismael-colosi\/"},"img":{"alt_text":"","src":"https:\/\/i0.wp.com\/noticiasribeiraopreto.com.br\/wp-content\/uploads\/2024\/12\/sinfxnica.jpg?fit=1200%2C706&ssl=1&resize=350%2C200","width":350,"height":200,"srcset":"https:\/\/i0.wp.com\/noticiasribeiraopreto.com.br\/wp-content\/uploads\/2024\/12\/sinfxnica.jpg?fit=1200%2C706&ssl=1&resize=350%2C200 1x, https:\/\/i0.wp.com\/noticiasribeiraopreto.com.br\/wp-content\/uploads\/2024\/12\/sinfxnica.jpg?fit=1200%2C706&ssl=1&resize=525%2C300 1.5x, https:\/\/i0.wp.com\/noticiasribeiraopreto.com.br\/wp-content\/uploads\/2024\/12\/sinfxnica.jpg?fit=1200%2C706&ssl=1&resize=700%2C400 2x, https:\/\/i0.wp.com\/noticiasribeiraopreto.com.br\/wp-content\/uploads\/2024\/12\/sinfxnica.jpg?fit=1200%2C706&ssl=1&resize=1050%2C600 3x"},"classes":[]},{"id":61602,"url":"https:\/\/noticiasribeiraopreto.com.br\/index.php\/2024\/12\/17\/concerto-de-natal-da-orquestra-de-ribeirao-acontece-neste-final-de-semana\/","url_meta":{"origin":80412,"position":3},"title":"Concerto de Natal da Orquestra de Ribeir\u00e3o acontece neste final de semana","author":"noticiasribeiraopreto.com.br","date":"17 de December de 2024","format":false,"excerpt":"Ainda est\u00e3o dispon\u00edveis os ingressos para o espet\u00e1culo de Natal \u201cQuebrando Nozes e Castanhas\u201d da Orquestra Sinf\u00f4nica de Ribeir\u00e3o Preto. A apresenta\u00e7\u00e3o acontece no Theatro Pedro II no s\u00e1bado (21), \u00e0s 20h, e no domingo (22), \u00e0s 17h. O evento \u00e9 considerado um dos maiores da regi\u00e3o e re\u00fane cerca\u2026","rel":"","context":"In &quot;Not\u00edcias de Ribeir\u00e3o Preto-SP e Regi\u00e3o&quot;","block_context":{"text":"Not\u00edcias de Ribeir\u00e3o Preto-SP e Regi\u00e3o","link":"https:\/\/noticiasribeiraopreto.com.br\/index.php\/category\/noticias-de-ribeirao-preto-sp-e-regiao-ismael-colosi\/"},"img":{"alt_text":"","src":"https:\/\/i0.wp.com\/noticiasribeiraopreto.com.br\/wp-content\/uploads\/2024\/12\/Copia-de-Copia-de-TAMANHO-EXATO-PARA-FOTOS-NO-SISTEMA-NOVO-69.jpg?fit=1200%2C675&ssl=1&resize=350%2C200","width":350,"height":200,"srcset":"https:\/\/i0.wp.com\/noticiasribeiraopreto.com.br\/wp-content\/uploads\/2024\/12\/Copia-de-Copia-de-TAMANHO-EXATO-PARA-FOTOS-NO-SISTEMA-NOVO-69.jpg?fit=1200%2C675&ssl=1&resize=350%2C200 1x, https:\/\/i0.wp.com\/noticiasribeiraopreto.com.br\/wp-content\/uploads\/2024\/12\/Copia-de-Copia-de-TAMANHO-EXATO-PARA-FOTOS-NO-SISTEMA-NOVO-69.jpg?fit=1200%2C675&ssl=1&resize=525%2C300 1.5x, https:\/\/i0.wp.com\/noticiasribeiraopreto.com.br\/wp-content\/uploads\/2024\/12\/Copia-de-Copia-de-TAMANHO-EXATO-PARA-FOTOS-NO-SISTEMA-NOVO-69.jpg?fit=1200%2C675&ssl=1&resize=700%2C400 2x, https:\/\/i0.wp.com\/noticiasribeiraopreto.com.br\/wp-content\/uploads\/2024\/12\/Copia-de-Copia-de-TAMANHO-EXATO-PARA-FOTOS-NO-SISTEMA-NOVO-69.jpg?fit=1200%2C675&ssl=1&resize=1050%2C600 3x"},"classes":[]},{"id":83872,"url":"https:\/\/noticiasribeiraopreto.com.br\/index.php\/2026\/03\/27\/serestao-do-ze-estreia-no-ribeirao-rodeo-music-e-leva-arrocha-ao-palco-da-festa\/","url_meta":{"origin":80412,"position":4},"title":"Serest\u00e3o do Z\u00e9 estreia no Ribeir\u00e3o Rodeo Music e leva arrocha ao palco da festa","author":"noticiasribeiraopreto.com.br","date":"27 de March de 2026","format":false,"excerpt":"O projeto Serest\u00e3o do Z\u00e9 faz sua estreia no Ribeir\u00e3o Rodeo Music 2026, levando a festa um repert\u00f3rio baseado no arrocha e em releituras de m\u00fasicas populares. A apresenta\u00e7\u00e3o acontece no dia 9 de maio, no Parque Permanente de Exposi\u00e7\u00f5es, em Ribeir\u00e3o Preto.\u00a0 \u00c0 frente do projeto est\u00e1 o cantor\u2026","rel":"","context":"In &quot;Not\u00edcias de Ribeir\u00e3o Preto-SP e Regi\u00e3o&quot;","block_context":{"text":"Not\u00edcias de Ribeir\u00e3o Preto-SP e Regi\u00e3o","link":"https:\/\/noticiasribeiraopreto.com.br\/index.php\/category\/noticias-de-ribeirao-preto-sp-e-regiao-ismael-colosi\/"},"img":{"alt_text":"","src":"https:\/\/i0.wp.com\/noticiasribeiraopreto.com.br\/wp-content\/uploads\/2026\/03\/serestao-do-ze_2026-03-27_17-02-55.webp.webp?fit=1200%2C675&ssl=1&resize=350%2C200","width":350,"height":200,"srcset":"https:\/\/i0.wp.com\/noticiasribeiraopreto.com.br\/wp-content\/uploads\/2026\/03\/serestao-do-ze_2026-03-27_17-02-55.webp.webp?fit=1200%2C675&ssl=1&resize=350%2C200 1x, https:\/\/i0.wp.com\/noticiasribeiraopreto.com.br\/wp-content\/uploads\/2026\/03\/serestao-do-ze_2026-03-27_17-02-55.webp.webp?fit=1200%2C675&ssl=1&resize=525%2C300 1.5x, https:\/\/i0.wp.com\/noticiasribeiraopreto.com.br\/wp-content\/uploads\/2026\/03\/serestao-do-ze_2026-03-27_17-02-55.webp.webp?fit=1200%2C675&ssl=1&resize=700%2C400 2x, https:\/\/i0.wp.com\/noticiasribeiraopreto.com.br\/wp-content\/uploads\/2026\/03\/serestao-do-ze_2026-03-27_17-02-55.webp.webp?fit=1200%2C675&ssl=1&resize=1050%2C600 3x"},"classes":[]},{"id":80548,"url":"https:\/\/noticiasribeiraopreto.com.br\/index.php\/2025\/12\/05\/guia-natalino-veja-o-que-fazer-em-ribeirao-preto-nos-proximos-dias\/","url_meta":{"origin":80412,"position":5},"title":"Guia natalino: Veja o que fazer em Ribeir\u00e3o Preto nos pr\u00f3ximos dias","author":"noticiasribeiraopreto.com.br","date":"5 de December de 2025","format":false,"excerpt":"Ribeir\u00e3o Preto j\u00e1 conta com uma programa\u00e7\u00e3o natalina para todos os gostos, com concertos, apresenta\u00e7\u00f5es culturais, oficina e visitas ao Papai Noel. As atra\u00e7\u00f5es acontecem em diferentes pontos da cidade. Confira abaixo o guia natalino: Coral da Unaerp na Catedral 7 de dezembro, domingo | \u00e0s 20h A Catedral recebe\u2026","rel":"","context":"In &quot;Not\u00edcias de Ribeir\u00e3o Preto-SP e Regi\u00e3o&quot;","block_context":{"text":"Not\u00edcias de Ribeir\u00e3o Preto-SP e Regi\u00e3o","link":"https:\/\/noticiasribeiraopreto.com.br\/index.php\/category\/noticias-de-ribeirao-preto-sp-e-regiao-ismael-colosi\/"},"img":{"alt_text":"","src":"https:\/\/i0.wp.com\/noticiasribeiraopreto.com.br\/wp-content\/uploads\/2025\/12\/1.png?fit=820%2C524&ssl=1&resize=350%2C200","width":350,"height":200,"srcset":"https:\/\/i0.wp.com\/noticiasribeiraopreto.com.br\/wp-content\/uploads\/2025\/12\/1.png?fit=820%2C524&ssl=1&resize=350%2C200 1x, https:\/\/i0.wp.com\/noticiasribeiraopreto.com.br\/wp-content\/uploads\/2025\/12\/1.png?fit=820%2C524&ssl=1&resize=525%2C300 1.5x, https:\/\/i0.wp.com\/noticiasribeiraopreto.com.br\/wp-content\/uploads\/2025\/12\/1.png?fit=820%2C524&ssl=1&resize=700%2C400 2x"},"classes":[]}],"jetpack_sharing_enabled":true,"jetpack_shortlink":"https:\/\/wp.me\/peQAOb-kUY","_links":{"self":[{"href":"https:\/\/noticiasribeiraopreto.com.br\/index.php\/wp-json\/wp\/v2\/posts\/80412","targetHints":{"allow":["GET"]}}],"collection":[{"href":"https:\/\/noticiasribeiraopreto.com.br\/index.php\/wp-json\/wp\/v2\/posts"}],"about":[{"href":"https:\/\/noticiasribeiraopreto.com.br\/index.php\/wp-json\/wp\/v2\/types\/post"}],"author":[{"embeddable":true,"href":"https:\/\/noticiasribeiraopreto.com.br\/index.php\/wp-json\/wp\/v2\/users\/1"}],"replies":[{"embeddable":true,"href":"https:\/\/noticiasribeiraopreto.com.br\/index.php\/wp-json\/wp\/v2\/comments?post=80412"}],"version-history":[{"count":0,"href":"https:\/\/noticiasribeiraopreto.com.br\/index.php\/wp-json\/wp\/v2\/posts\/80412\/revisions"}],"wp:featuredmedia":[{"embeddable":true,"href":"https:\/\/noticiasribeiraopreto.com.br\/index.php\/wp-json\/wp\/v2\/media\/80413"}],"wp:attachment":[{"href":"https:\/\/noticiasribeiraopreto.com.br\/index.php\/wp-json\/wp\/v2\/media?parent=80412"}],"wp:term":[{"taxonomy":"category","embeddable":true,"href":"https:\/\/noticiasribeiraopreto.com.br\/index.php\/wp-json\/wp\/v2\/categories?post=80412"},{"taxonomy":"post_tag","embeddable":true,"href":"https:\/\/noticiasribeiraopreto.com.br\/index.php\/wp-json\/wp\/v2\/tags?post=80412"}],"curies":[{"name":"wp","href":"https:\/\/api.w.org\/{rel}","templated":true}]}}