{"id":80414,"date":"2025-12-03T10:57:19","date_gmt":"2025-12-03T13:57:19","guid":{"rendered":"https:\/\/noticiasribeiraopreto.com.br\/index.php\/2025\/12\/03\/administracao-retira-projeto-de-permuta\/"},"modified":"2025-12-03T10:57:19","modified_gmt":"2025-12-03T13:57:19","slug":"administracao-retira-projeto-de-permuta","status":"publish","type":"post","link":"https:\/\/noticiasribeiraopreto.com.br\/index.php\/2025\/12\/03\/administracao-retira-projeto-de-permuta\/","title":{"rendered":"Administra\u00e7\u00e3o retira\u2028 projeto de permuta"},"content":{"rendered":"<div class='code-block code-block-1' style='margin: 8px 0 8px auto; text-align: right; display: block; clear: both;'>\n<p><a href=\"https:\/\/wa.link\/vpicfd\"><img data-recalc-dims=\"1\" class=\"wp-image-4922\" style=\"aspect-ratio: 2.0253164556962027; width: 561px; height: auto;\" src=\"https:\/\/i0.wp.com\/ismaelcolosi.com.br\/wp-content\/uploads\/2023\/11\/grupo-de-empregos-whatsapp-e-facebook-ismael-colosi-vagas.jpg?ssl=1\" alt=\"\" \/><\/a><\/p>\n<!-- \/wp:image -->\n<\/div>\n<p> <br \/>\n<\/p>\n<div>\n<p><em>Decis\u00e3o \u00e9 tempor\u00e1ria; projeto de lei trata de permuta de \u00e0rea p\u00fablica com pr\u00e9dio pertencente ao Col\u00e9gio Marista<\/em><\/p>\n<p><em>\u2028\u2028<\/em>A prefeitura de Ribeir\u00e3o Preto solicitou \u00e0 C\u00e2mara de Vereadores, na tarde desta segunda-feira, 1\u00ba de dezembro, a retirada tempor\u00e1ria da pauta de vota\u00e7\u00f5es do projeto de lei complementar n\u00ba 47\/2025, que trata da permuta de bens im\u00f3veis, desafeta\u00e7\u00e3o de \u00e1rea p\u00fablica institucional e defini\u00e7\u00e3o de encargos.<\/p>\n<p>Diz que a decis\u00e3o foi tomada em respeito \u00e0 transpar\u00eancia do processo e \u00e0 necessidade de assegurar que todas as informa\u00e7\u00f5es t\u00e9cnicas estejam completas antes da aprecia\u00e7\u00e3o legislativa. As avalia\u00e7\u00f5es complementares solicitadas ao Conselho Regional de Corretores de Im\u00f3veis de S\u00e3o Paulo (CreciSP), \u00f3rg\u00e3o respons\u00e1vel pela an\u00e1lise especializada, ainda est\u00e3o em fase de conclus\u00e3o.<\/p>\n<p>\u201cConsiderando o encerramento do prazo legislativo e a possibilidade de o projeto seguir para vota\u00e7\u00e3o sem a incorpora\u00e7\u00e3o dessas avalia\u00e7\u00f5es essenciais, a administra\u00e7\u00e3o optou pela retirada tempor\u00e1ria at\u00e9 que todos os elementos t\u00e9cnicos estejam integralmente dispon\u00edveis\u201d, diz o Executivo, em nota.<\/p>\n<p>\u201cAssim que o CreciSP SP finalizar as avalia\u00e7\u00f5es pendentes, o projeto ser\u00e1 reapresentado com total clareza, embasamento t\u00e9cnico e seguran\u00e7a jur\u00eddica, refor\u00e7ando o compromisso da prefeitura com a responsabilidade administrativa, a transpar\u00eancia e o di\u00e1logo institucional\u201d, emenda.<\/p>\n<p>O projeto de lei prop\u00f5e a permuta de terreno da municipalidade, localizado na Zona Sul \u2013 em \u00e1rea de aproximadamente 41 mil metros quadrados na avenida Braz Olaia Acosta \u2013, e o pr\u00e9dio que abriga o Col\u00e9gio Marista, na rua Bernardino de Campos n\u00ba 550, no Centro.<\/p>\n<p>A proposta tem recebido cr\u00edticas de vereadores, entidades da sociedade civil organizada e moradores, que apontam poss\u00edvel subavalia\u00e7\u00e3o do terreno p\u00fablico envolvido na troca. Se tudo der certo, a nova sede da prefeitura de Ribeir\u00e3o Preto atender\u00e1 no pr\u00e9dio pertencente ao Col\u00e9gio Marista a partir de julho de 2027.<\/p>\n<p>Em audi\u00eancia convocada pela Comiss\u00e3o de Administra\u00e7\u00e3o, Planejamento, Habita\u00e7\u00e3o, Obras e Servi\u00e7os P\u00fablicos da C\u00e2mara, na semana passada, o vereador Daniel Gobbi (PP) defendeu a retirada do projeto, cobrou transpar\u00eancia e afirmou que o governo n\u00e3o apresentou plano para a transfer\u00eancia das secretarias municipais impactadas pela negocia\u00e7\u00e3o.<\/p>\n<p>O prefeito Ricardo Silva (PSD) assinou acordo de coopera\u00e7\u00e3o t\u00e9cnica com o CreciSP em novembro, na capital, ao lado do vice-prefeito e secret\u00e1rio da Casa Civil, Alessandro Maraca, e do presidente estadual do CreciSP. Jos\u00e9 Augusto Viana Neto. \u2028\u2028Permitir\u00e1 o acesso consultivo e seguro de corretores credenciados ao cadastro imobili\u00e1rio municipal. A iniciativa tem como objetivo aprimorar a integridade das informa\u00e7\u00f5es cadastrais, fortalecer a transpar\u00eancia e apoiar a gest\u00e3o tribut\u00e1ria e urbana do munic\u00edpio.<\/p>\n<p>O termo firmado com o CreciSP estabelece diretrizes rigorosas de seguran\u00e7a da informa\u00e7\u00e3o e prote\u00e7\u00e3o de dados pessoais, em conformidade com a Lei Geral de Prote\u00e7\u00e3o de Dados (LGPD) e com o sigilo fiscal previsto no C\u00f3digo Tribut\u00e1rio Nacional. \u2028\u2028O acesso ser\u00e1 restrito a dados cadastrais estritamente necess\u00e1rios \u2013 nome do propriet\u00e1rio, n\u00famero da matr\u00edcula e endere\u00e7o do im\u00f3vel \u2013, sem qualquer consulta a dados sens\u00edveis, financeiros ou tribut\u00e1rios.<\/p>\n<p>A coopera\u00e7\u00e3o n\u00e3o onerosa e ter\u00e1 vig\u00eancia inicial de cinco anos, podendo ser prorrogada. O sistema de acesso contar\u00e1 com autentica\u00e7\u00e3o multifator (MFA), trilhas de auditoria e revis\u00f5es peri\u00f3dicas de seguran\u00e7a, assegurando rastreabilidade e responsabilidade no uso das informa\u00e7\u00f5es.\u2028\u2028De acordo com o projeto de lei, a \u00e1rea p\u00fablica institucional localizada na avenida Braz Olaia Acosta, com quase 41 mil m\u00b2, foi avaliada pela Comiss\u00e3o de Avalia\u00e7\u00e3o T\u00e9cnica de Im\u00f3veis (Cati) em aproximadamente R$ 39,6 milh\u00f5es.<\/p>\n<p>O setor \u00e9 vinculado \u00e0 Secretaria Municipal de Desenvolvimento Urbano e Habita\u00e7\u00e3o.\u2028\u2028J\u00e1 o pr\u00e9dio do Col\u00e9gio Marista, avaliado em pouco mais de R$ 57,2 milh\u00f5es, tamb\u00e9m passar\u00e1 por an\u00e1lise do CreciSP. Segundo a prefeitura, a permuta \u201cpermitir\u00e1 a instala\u00e7\u00e3o centralizada da sede administrativa do governo municipal sem qualquer custo para os cofres p\u00fablicos, assegurando ainda um ganho patrimonial l\u00edquido superior a R$ 17,5 milh\u00f5es\u201d, diz.<\/p>\n<\/div>\n<p><br \/>\n<br \/><a href=\"https:\/\/www.tribunaribeirao.com.br\/administracao-retira-projeto-de-permuta\/\">Source link <\/a><\/p>\n<!-- CONTENT END 1 -->\n","protected":false},"excerpt":{"rendered":"<p>Decis\u00e3o \u00e9 tempor\u00e1ria; projeto de lei trata de permuta de \u00e0rea p\u00fablica com pr\u00e9dio pertencente ao Col\u00e9gio Marista \u2028\u2028A prefeitura de Ribeir\u00e3o Preto solicitou \u00e0&#8230;<\/p>\n","protected":false},"author":1,"featured_media":80415,"comment_status":"open","ping_status":"open","sticky":false,"template":"","format":"standard","meta":{"advanced_seo_description":"","jetpack_seo_html_title":"","jetpack_seo_noindex":false,"jetpack_post_was_ever_published":false,"_jetpack_newsletter_access":"","_jetpack_dont_email_post_to_subs":false,"_jetpack_newsletter_tier_id":0,"_jetpack_memberships_contains_paywalled_content":false,"_jetpack_memberships_contains_paid_content":false,"footnotes":"","jetpack_publicize_message":"","jetpack_publicize_feature_enabled":true,"jetpack_social_post_already_shared":true,"jetpack_social_options":{"image_generator_settings":{"template":"highway","default_image_id":0,"font":"","enabled":false},"version":2}},"categories":[11],"tags":[],"class_list":["post-80414","post","type-post","status-publish","format-standard","has-post-thumbnail","hentry","category-noticias-de-ribeirao-preto-sp-e-regiao-ismael-colosi"],"jetpack_publicize_connections":[],"jetpack_featured_media_url":"https:\/\/i0.wp.com\/noticiasribeiraopreto.com.br\/wp-content\/uploads\/2025\/12\/CentroRP-Google-Street-View.jpg?fit=1047%2C675&ssl=1","jetpack-related-posts":[{"id":85174,"url":"https:\/\/noticiasribeiraopreto.com.br\/index.php\/2026\/04\/23\/permuta-com-marista-area-do-municipio-vale-r-29-mi-a-mais\/","url_meta":{"origin":80414,"position":0},"title":"Permuta com Marista &#8211; \u00c1rea do munic\u00edpio vale R$ 29 mi a mais","author":"noticiasribeiraopreto.com.br","date":"23 de April de 2026","format":false,"excerpt":"\r \r \r 23 de abril de 2026 08:0823 de abril de 2026 14:57 \r Compartilhar0 Segundo apura\u00e7\u00e3o do Tribuna, a avalia\u00e7\u00e3o do Cresci-SP constatou que a \u00e1rea p\u00fablica municipal vale R$ 29 milh\u00f5es a mais do que o pr\u00e9dio do Col\u00e9gio Marista O Tribuna apurou que a avalia\u00e7\u00e3o de\u2026","rel":"","context":"In &quot;Not\u00edcias de Ribeir\u00e3o Preto-SP e Regi\u00e3o&quot;","block_context":{"text":"Not\u00edcias de Ribeir\u00e3o Preto-SP e Regi\u00e3o","link":"https:\/\/noticiasribeiraopreto.com.br\/index.php\/category\/noticias-de-ribeirao-preto-sp-e-regiao-ismael-colosi\/"},"img":{"alt_text":"","src":"https:\/\/i0.wp.com\/noticiasribeiraopreto.com.br\/wp-content\/uploads\/2026\/04\/1776972562_CentroRP-Ola-Alfredo-Risk-Arquivo-scaled.jpg?fit=1200%2C675&ssl=1&resize=350%2C200","width":350,"height":200,"srcset":"https:\/\/i0.wp.com\/noticiasribeiraopreto.com.br\/wp-content\/uploads\/2026\/04\/1776972562_CentroRP-Ola-Alfredo-Risk-Arquivo-scaled.jpg?fit=1200%2C675&ssl=1&resize=350%2C200 1x, https:\/\/i0.wp.com\/noticiasribeiraopreto.com.br\/wp-content\/uploads\/2026\/04\/1776972562_CentroRP-Ola-Alfredo-Risk-Arquivo-scaled.jpg?fit=1200%2C675&ssl=1&resize=525%2C300 1.5x, https:\/\/i0.wp.com\/noticiasribeiraopreto.com.br\/wp-content\/uploads\/2026\/04\/1776972562_CentroRP-Ola-Alfredo-Risk-Arquivo-scaled.jpg?fit=1200%2C675&ssl=1&resize=700%2C400 2x, https:\/\/i0.wp.com\/noticiasribeiraopreto.com.br\/wp-content\/uploads\/2026\/04\/1776972562_CentroRP-Ola-Alfredo-Risk-Arquivo-scaled.jpg?fit=1200%2C675&ssl=1&resize=1050%2C600 3x"},"classes":[]},{"id":81653,"url":"https:\/\/noticiasribeiraopreto.com.br\/index.php\/2026\/01\/13\/agenda-adia-divulgacao-de-avaliacao-de-terrenos\/","url_meta":{"origin":80414,"position":1},"title":"Agenda adia divulga\u00e7\u00e3o\u2028 de avalia\u00e7\u00e3o de terrenos","author":"noticiasribeiraopreto.com.br","date":"13 de January de 2026","format":false,"excerpt":"Avalia\u00e7\u00e3o feita pelo CreciSP est\u00e1 pronta desde dezembro, mas ainda n\u00e3o foi entregue \u00e0 prefeitura por incompatibilidade de agendas T\u00e9cnicos do Conselho Regional de Corretores de Im\u00f3veis de S\u00e3o Paulo (CreciSP)\u00a0 j\u00e1 conclu\u00edram a avalia\u00e7\u00e3o de um terreno na Zona Sul e uma edifica\u00e7\u00e3o no Centro envolvidos na permuta que\u2026","rel":"","context":"In &quot;Not\u00edcias de Ribeir\u00e3o Preto-SP e Regi\u00e3o&quot;","block_context":{"text":"Not\u00edcias de Ribeir\u00e3o Preto-SP e Regi\u00e3o","link":"https:\/\/noticiasribeiraopreto.com.br\/index.php\/category\/noticias-de-ribeirao-preto-sp-e-regiao-ismael-colosi\/"},"img":{"alt_text":"","src":"https:\/\/i0.wp.com\/noticiasribeiraopreto.com.br\/wp-content\/uploads\/2026\/01\/CentroRP-Bra-Alfredo-Risk-scaled.jpg?fit=1200%2C662&ssl=1&resize=350%2C200","width":350,"height":200,"srcset":"https:\/\/i0.wp.com\/noticiasribeiraopreto.com.br\/wp-content\/uploads\/2026\/01\/CentroRP-Bra-Alfredo-Risk-scaled.jpg?fit=1200%2C662&ssl=1&resize=350%2C200 1x, https:\/\/i0.wp.com\/noticiasribeiraopreto.com.br\/wp-content\/uploads\/2026\/01\/CentroRP-Bra-Alfredo-Risk-scaled.jpg?fit=1200%2C662&ssl=1&resize=525%2C300 1.5x, https:\/\/i0.wp.com\/noticiasribeiraopreto.com.br\/wp-content\/uploads\/2026\/01\/CentroRP-Bra-Alfredo-Risk-scaled.jpg?fit=1200%2C662&ssl=1&resize=700%2C400 2x, https:\/\/i0.wp.com\/noticiasribeiraopreto.com.br\/wp-content\/uploads\/2026\/01\/CentroRP-Bra-Alfredo-Risk-scaled.jpg?fit=1200%2C662&ssl=1&resize=1050%2C600 3x"},"classes":[]},{"id":80106,"url":"https:\/\/noticiasribeiraopreto.com.br\/index.php\/2025\/11\/14\/proposta-de-permuta-da-prefeitura-de-ribeirao-preto-sera-debatida-na-camara\/","url_meta":{"origin":80414,"position":2},"title":"Proposta de permuta da Prefeitura de Ribeir\u00e3o Preto ser\u00e1 debatida na C\u00e2mara","author":"noticiasribeiraopreto.com.br","date":"14 de November de 2025","format":false,"excerpt":"A C\u00e2mara Municipal de Ribeir\u00e3o Preto vai debater, em audi\u00eancia p\u00fablica, o projeto de lei complementar 47\/2025, no qual a Prefeitura de Ribeir\u00e3o Preto prop\u00f5e a permuta para troca de uma \u00e1rea na zona Sul com o pr\u00e9dio do Col\u00e9gio Marista, no Centro. O encontro \u00e9 promovido pela comiss\u00e3o de\u2026","rel":"","context":"In &quot;Not\u00edcias de Ribeir\u00e3o Preto-SP e Regi\u00e3o&quot;","block_context":{"text":"Not\u00edcias de Ribeir\u00e3o Preto-SP e Regi\u00e3o","link":"https:\/\/noticiasribeiraopreto.com.br\/index.php\/category\/noticias-de-ribeirao-preto-sp-e-regiao-ismael-colosi\/"},"img":{"alt_text":"","src":"https:\/\/i0.wp.com\/noticiasribeiraopreto.com.br\/wp-content\/uploads\/2025\/10\/TERRENO-MARISTA_2025-10-16_18-42-07.webp.webp?fit=1200%2C904&ssl=1&resize=350%2C200","width":350,"height":200,"srcset":"https:\/\/i0.wp.com\/noticiasribeiraopreto.com.br\/wp-content\/uploads\/2025\/10\/TERRENO-MARISTA_2025-10-16_18-42-07.webp.webp?fit=1200%2C904&ssl=1&resize=350%2C200 1x, https:\/\/i0.wp.com\/noticiasribeiraopreto.com.br\/wp-content\/uploads\/2025\/10\/TERRENO-MARISTA_2025-10-16_18-42-07.webp.webp?fit=1200%2C904&ssl=1&resize=525%2C300 1.5x, https:\/\/i0.wp.com\/noticiasribeiraopreto.com.br\/wp-content\/uploads\/2025\/10\/TERRENO-MARISTA_2025-10-16_18-42-07.webp.webp?fit=1200%2C904&ssl=1&resize=700%2C400 2x, https:\/\/i0.wp.com\/noticiasribeiraopreto.com.br\/wp-content\/uploads\/2025\/10\/TERRENO-MARISTA_2025-10-16_18-42-07.webp.webp?fit=1200%2C904&ssl=1&resize=1050%2C600 3x"},"classes":[]},{"id":85157,"url":"https:\/\/noticiasribeiraopreto.com.br\/index.php\/2026\/04\/23\/area-do-municipio-vale-r-29-mi-a-mais\/","url_meta":{"origin":80414,"position":3},"title":"\u00c1rea do munic\u00edpio vale R$ 29 mi a mais","author":"noticiasribeiraopreto.com.br","date":"23 de April de 2026","format":false,"excerpt":"Segundo apura\u00e7\u00e3o do Tribuna, a avalia\u00e7\u00e3o do CresciSP constatou que a \u00e1rea p\u00fablica municipal vale R$ 29 milh\u00f5es a mais do que o pr\u00e9dio do Col\u00e9gio Marista O Tribuna apurou que a avalia\u00e7\u00e3o de dois im\u00f3veis que a prefeitura de Ribeir\u00e3o Preto e o Col\u00e9gio Marista planejam permutar j\u00e1 foi\u2026","rel":"","context":"In &quot;Not\u00edcias de Ribeir\u00e3o Preto-SP e Regi\u00e3o&quot;","block_context":{"text":"Not\u00edcias de Ribeir\u00e3o Preto-SP e Regi\u00e3o","link":"https:\/\/noticiasribeiraopreto.com.br\/index.php\/category\/noticias-de-ribeirao-preto-sp-e-regiao-ismael-colosi\/"},"img":{"alt_text":"","src":"https:\/\/i0.wp.com\/noticiasribeiraopreto.com.br\/wp-content\/uploads\/2026\/04\/CentroRP-Ola-Alfredo-Risk-Arquivo-scaled.jpg?fit=1200%2C675&ssl=1&resize=350%2C200","width":350,"height":200,"srcset":"https:\/\/i0.wp.com\/noticiasribeiraopreto.com.br\/wp-content\/uploads\/2026\/04\/CentroRP-Ola-Alfredo-Risk-Arquivo-scaled.jpg?fit=1200%2C675&ssl=1&resize=350%2C200 1x, https:\/\/i0.wp.com\/noticiasribeiraopreto.com.br\/wp-content\/uploads\/2026\/04\/CentroRP-Ola-Alfredo-Risk-Arquivo-scaled.jpg?fit=1200%2C675&ssl=1&resize=525%2C300 1.5x, https:\/\/i0.wp.com\/noticiasribeiraopreto.com.br\/wp-content\/uploads\/2026\/04\/CentroRP-Ola-Alfredo-Risk-Arquivo-scaled.jpg?fit=1200%2C675&ssl=1&resize=700%2C400 2x, https:\/\/i0.wp.com\/noticiasribeiraopreto.com.br\/wp-content\/uploads\/2026\/04\/CentroRP-Ola-Alfredo-Risk-Arquivo-scaled.jpg?fit=1200%2C675&ssl=1&resize=1050%2C600 3x"},"classes":[]},{"id":79966,"url":"https:\/\/noticiasribeiraopreto.com.br\/index.php\/2025\/11\/11\/creci-sp-fara-nova-avaliacao-dos-terrenos-da-permuta-entre-prefeitura-e-colegio-marista-em-ribeirao-preto\/","url_meta":{"origin":80414,"position":4},"title":"Creci-SP far\u00e1 nova avalia\u00e7\u00e3o dos terrenos da permuta entre Prefeitura e Col\u00e9gio Marista em\u00a0Ribeir\u00e3o\u00a0Preto","author":"noticiasribeiraopreto.com.br","date":"11 de November de 2025","format":false,"excerpt":"A Prefeitura de Ribeir\u00e3o Preto firmou um Acordo de Coopera\u00e7\u00e3o T\u00e9cnica com o Conselho Regional de Corretores de Im\u00f3veis do Estado de S\u00e3o Paulo (Creci-SP). A parceria, in\u00e9dita no munic\u00edpio, autoriza corretores credenciados a colaborarem de forma consultiva com o cadastro imobili\u00e1rio da cidade, garantindo avalia\u00e7\u00f5es mais precisas e seguras\u2026","rel":"","context":"In &quot;Not\u00edcias de Ribeir\u00e3o Preto-SP e Regi\u00e3o&quot;","block_context":{"text":"Not\u00edcias de Ribeir\u00e3o Preto-SP e Regi\u00e3o","link":"https:\/\/noticiasribeiraopreto.com.br\/index.php\/category\/noticias-de-ribeirao-preto-sp-e-regiao-ismael-colosi\/"},"img":{"alt_text":"","src":"https:\/\/i0.wp.com\/noticiasribeiraopreto.com.br\/wp-content\/uploads\/2025\/10\/TERRENO-MARISTA_2025-10-16_18-42-07.webp.webp?fit=1200%2C904&ssl=1&resize=350%2C200","width":350,"height":200,"srcset":"https:\/\/i0.wp.com\/noticiasribeiraopreto.com.br\/wp-content\/uploads\/2025\/10\/TERRENO-MARISTA_2025-10-16_18-42-07.webp.webp?fit=1200%2C904&ssl=1&resize=350%2C200 1x, https:\/\/i0.wp.com\/noticiasribeiraopreto.com.br\/wp-content\/uploads\/2025\/10\/TERRENO-MARISTA_2025-10-16_18-42-07.webp.webp?fit=1200%2C904&ssl=1&resize=525%2C300 1.5x, https:\/\/i0.wp.com\/noticiasribeiraopreto.com.br\/wp-content\/uploads\/2025\/10\/TERRENO-MARISTA_2025-10-16_18-42-07.webp.webp?fit=1200%2C904&ssl=1&resize=700%2C400 2x, https:\/\/i0.wp.com\/noticiasribeiraopreto.com.br\/wp-content\/uploads\/2025\/10\/TERRENO-MARISTA_2025-10-16_18-42-07.webp.webp?fit=1200%2C904&ssl=1&resize=1050%2C600 3x"},"classes":[]},{"id":78724,"url":"https:\/\/noticiasribeiraopreto.com.br\/index.php\/2025\/10\/17\/gobbi-questiona-valor-de-imovel-a-ser-permutado-com-marista\/","url_meta":{"origin":80414,"position":5},"title":"Gobbi questiona valor de im\u00f3vel a ser permutado com Marista","author":"noticiasribeiraopreto.com.br","date":"17 de October de 2025","format":false,"excerpt":"Vereador Daniel Gobbi (PP) solicitou que o Conselho Regional de Corretores de Im\u00f3veis verifique se o pre\u00e7o apurado pelo im\u00f3vel da prefeitura na Zona Sul est\u00e1 correto\u2028\u2028 O vereador Daniel Gobbi (PP) est\u00e1 questionando o valor do im\u00f3vel p\u00fablico que a prefeitura de Ribeir\u00e3o Preto ir\u00e1 permutar com o Col\u00e9gio\u2026","rel":"","context":"In &quot;Not\u00edcias de Ribeir\u00e3o Preto-SP e Regi\u00e3o&quot;","block_context":{"text":"Not\u00edcias de Ribeir\u00e3o Preto-SP e Regi\u00e3o","link":"https:\/\/noticiasribeiraopreto.com.br\/index.php\/category\/noticias-de-ribeirao-preto-sp-e-regiao-ismael-colosi\/"},"img":{"alt_text":"","src":"https:\/\/i0.wp.com\/noticiasribeiraopreto.com.br\/wp-content\/uploads\/2025\/10\/CentroRP-Thaisa-Coroado-Camara-scaled.jpg?fit=1170%2C780&ssl=1&resize=350%2C200","width":350,"height":200,"srcset":"https:\/\/i0.wp.com\/noticiasribeiraopreto.com.br\/wp-content\/uploads\/2025\/10\/CentroRP-Thaisa-Coroado-Camara-scaled.jpg?fit=1170%2C780&ssl=1&resize=350%2C200 1x, https:\/\/i0.wp.com\/noticiasribeiraopreto.com.br\/wp-content\/uploads\/2025\/10\/CentroRP-Thaisa-Coroado-Camara-scaled.jpg?fit=1170%2C780&ssl=1&resize=525%2C300 1.5x, https:\/\/i0.wp.com\/noticiasribeiraopreto.com.br\/wp-content\/uploads\/2025\/10\/CentroRP-Thaisa-Coroado-Camara-scaled.jpg?fit=1170%2C780&ssl=1&resize=700%2C400 2x, https:\/\/i0.wp.com\/noticiasribeiraopreto.com.br\/wp-content\/uploads\/2025\/10\/CentroRP-Thaisa-Coroado-Camara-scaled.jpg?fit=1170%2C780&ssl=1&resize=1050%2C600 3x"},"classes":[]}],"jetpack_sharing_enabled":true,"jetpack_shortlink":"https:\/\/wp.me\/peQAOb-kV0","_links":{"self":[{"href":"https:\/\/noticiasribeiraopreto.com.br\/index.php\/wp-json\/wp\/v2\/posts\/80414","targetHints":{"allow":["GET"]}}],"collection":[{"href":"https:\/\/noticiasribeiraopreto.com.br\/index.php\/wp-json\/wp\/v2\/posts"}],"about":[{"href":"https:\/\/noticiasribeiraopreto.com.br\/index.php\/wp-json\/wp\/v2\/types\/post"}],"author":[{"embeddable":true,"href":"https:\/\/noticiasribeiraopreto.com.br\/index.php\/wp-json\/wp\/v2\/users\/1"}],"replies":[{"embeddable":true,"href":"https:\/\/noticiasribeiraopreto.com.br\/index.php\/wp-json\/wp\/v2\/comments?post=80414"}],"version-history":[{"count":0,"href":"https:\/\/noticiasribeiraopreto.com.br\/index.php\/wp-json\/wp\/v2\/posts\/80414\/revisions"}],"wp:featuredmedia":[{"embeddable":true,"href":"https:\/\/noticiasribeiraopreto.com.br\/index.php\/wp-json\/wp\/v2\/media\/80415"}],"wp:attachment":[{"href":"https:\/\/noticiasribeiraopreto.com.br\/index.php\/wp-json\/wp\/v2\/media?parent=80414"}],"wp:term":[{"taxonomy":"category","embeddable":true,"href":"https:\/\/noticiasribeiraopreto.com.br\/index.php\/wp-json\/wp\/v2\/categories?post=80414"},{"taxonomy":"post_tag","embeddable":true,"href":"https:\/\/noticiasribeiraopreto.com.br\/index.php\/wp-json\/wp\/v2\/tags?post=80414"}],"curies":[{"name":"wp","href":"https:\/\/api.w.org\/{rel}","templated":true}]}}