{"id":80416,"date":"2025-12-03T11:02:00","date_gmt":"2025-12-03T14:02:00","guid":{"rendered":"https:\/\/noticiasribeiraopreto.com.br\/index.php\/2025\/12\/03\/fiscalizacao-flagra-furto-de-agua-em-obra-e-casas-na-zona-sul-de-ribeirao-preto\/"},"modified":"2025-12-03T11:02:00","modified_gmt":"2025-12-03T14:02:00","slug":"fiscalizacao-flagra-furto-de-agua-em-obra-e-casas-na-zona-sul-de-ribeirao-preto","status":"publish","type":"post","link":"https:\/\/noticiasribeiraopreto.com.br\/index.php\/2025\/12\/03\/fiscalizacao-flagra-furto-de-agua-em-obra-e-casas-na-zona-sul-de-ribeirao-preto\/","title":{"rendered":"Fiscaliza\u00e7\u00e3o flagra furto de \u00e1gua em obra e casas na zona Sul de Ribeir\u00e3o Preto"},"content":{"rendered":"<div class='code-block code-block-1' style='margin: 8px 0 8px auto; text-align: right; display: block; clear: both;'>\n<p><a href=\"https:\/\/wa.link\/vpicfd\"><img data-recalc-dims=\"1\" class=\"wp-image-4922\" style=\"aspect-ratio: 2.0253164556962027; width: 561px; height: auto;\" src=\"https:\/\/i0.wp.com\/ismaelcolosi.com.br\/wp-content\/uploads\/2023\/11\/grupo-de-empregos-whatsapp-e-facebook-ismael-colosi-vagas.jpg?ssl=1\" alt=\"\" \/><\/a><\/p>\n<!-- \/wp:image -->\n<\/div>\n<p> <br \/>\n<\/p>\n<div data-td-block-uid=\"tdi_95\">\n<div class=\"tdb-block-inner td-fix-index\">\n<p>A fiscaliza\u00e7\u00e3o da <strong>Saerp (Secretaria de \u00c1gua e Esgoto)<\/strong> flagrou furto de \u00e1gua em \u00e1reas nobres da <strong>zona Sul de Ribeir\u00e3o Preto<\/strong>. Ap\u00f3s den\u00fancias, as equipes encontraram diferentes tipos de fraude tanto em uma obra comercial quanto em resid\u00eancias de alto padr\u00e3o. <\/p>\n<h3 class=\"wp-block-heading\"><strong>Furto de \u00e1gua<\/strong><\/h3>\n<p>Na <strong>segunda-feira (1\u00ba)<\/strong>, agentes visitaram uma obra de grande porte em um condom\u00ednio e localizaram uma liga\u00e7\u00e3o clandestina conectada diretamente \u00e0 rede p\u00fablica. A constru\u00e7\u00e3o, com cerca de 600 m\u00b2, c<strong>onsumia \u00e1gua sem qualquer medi\u00e7\u00e3o<\/strong>. A Saerp aplicou uma <strong>multa de R$ 8.140,00<\/strong>, valor correspondente a 100 vezes a tarifa comercial em vigor. <strong>O respons\u00e1vel tamb\u00e9m ter\u00e1 de pagar pelo consumo retroativo n\u00e3o registrado.<\/strong><\/p>\n<div class=\"wp-block-image\">\n<figure class=\"aligncenter size-large is-resized\"><img data-recalc-dims=\"1\" fetchpriority=\"high\" decoding=\"async\" width=\"1024\" height=\"683\" src=\"https:\/\/i0.wp.com\/cdn.media-acidadeon.com.br\/ribeiraopreto\/wp-content\/uploads\/sites\/3\/2025\/12\/image_2025-12-02_20-17-53-1024x683.webp?resize=1024%2C683&#038;ssl=1\" alt=\"furto de \u00e1gua\" class=\"wp-image-138012\" style=\"width:679px;height:auto\" title=\"Fiscaliza\u00e7\u00e3o flagra furto de \u00e1gua em obra e casas na zona Sul de Ribeir\u00e3o Preto 1\" srcset=\"https:\/\/cdn.media-acidadeon.com.br\/ribeiraopreto\/wp-content\/uploads\/sites\/3\/2025\/12\/image_2025-12-02_20-17-53-1024x683.webp 1024w, https:\/\/cdn.media-acidadeon.com.br\/ribeiraopreto\/wp-content\/uploads\/sites\/3\/2025\/12\/image_2025-12-02_20-17-53-300x200.webp 300w, https:\/\/cdn.media-acidadeon.com.br\/ribeiraopreto\/wp-content\/uploads\/sites\/3\/2025\/12\/image_2025-12-02_20-17-53-768x512.webp 768w, https:\/\/cdn.media-acidadeon.com.br\/ribeiraopreto\/wp-content\/uploads\/sites\/3\/2025\/12\/image_2025-12-02_20-17-53-696x464.webp 696w, https:\/\/cdn.media-acidadeon.com.br\/ribeiraopreto\/wp-content\/uploads\/sites\/3\/2025\/12\/image_2025-12-02_20-17-53-1068x712.webp 1068w, https:\/\/cdn.media-acidadeon.com.br\/ribeiraopreto\/wp-content\/uploads\/sites\/3\/2025\/12\/image_2025-12-02_20-17-53.webp 1200w\" sizes=\"(max-width: 1024px) 100vw, 1024px\"\/><\/figure>\n<\/div>\n<p>No s\u00e1bado (29), <strong>uma den\u00fancia an\u00f4nima direcionou a fiscaliza\u00e7\u00e3o at\u00e9 duas resid\u00eancias de luxo no City Ribeir\u00e3o<\/strong>. As equipes encontraram \u201csuper \u00edm\u00e3s\u201d instalados nos hidr\u00f4metros para reduzir artificialmente o volume registrado e diminuir o valor das contas.<\/p>\n<h3 class=\"wp-block-heading\"><strong>Como denunciar?<\/strong><\/h3>\n<p>A Saerp pede apoio da popula\u00e7\u00e3o para identificar novas irregularidades. Moradores podem enviar den\u00fancias de forma an\u00f4nima pelo telefone <strong>0800 115 0 115<\/strong>.<\/p>\n<hr class=\"wp-block-separator has-alpha-channel-opacity\"\/>\n<p>SAIBA MAIS<br \/>Chuva e tempestade: Defesa Civil alerta para mudan\u00e7a no tempo em SP<\/p>\n<h2 class=\"wp-block-heading\"><strong>FIQUE ON<\/strong><\/h2>\n<p>Fique ligado em tudo que acontece em Ribeir\u00e3o Preto e regi\u00e3o. Siga os perfis do\u00a0<strong>acidade on<\/strong>\u00a0no\u00a0<a href=\"https:\/\/www.instagram.com\/acidadeonribeirao\" target=\"_blank\" rel=\"noreferrer noopener\">Instagram<\/a>\u00a0e no\u00a0<a href=\"https:\/\/www.facebook.com\/acidadeonribeirao\/\" target=\"_blank\" rel=\"noreferrer noopener\">Facebook<\/a>.<\/p>\n<p>Receba not\u00edcias do\u00a0<strong>acidade on\u00a0<\/strong>no WhatsApp. Para entrar no grupo,\u00a0basta<a href=\"https:\/\/chat.whatsapp.com\/I4nieTEMKlf50pJ28aMemC?mode=ac_t\" target=\"_blank\" rel=\"noreferrer noopener\">\u00a0clicar aqui<\/a>. Ou, acesse o nosso\u00a0Canal\u00a0<a href=\"https:\/\/whatsapp.com\/channel\/0029Vb6IQl1JENyAeS57fk2p\" target=\"_blank\" rel=\"noreferrer noopener\">clicando aqui<\/a>.<\/p>\n<p>Fa\u00e7a uma den\u00fancia ou sugira uma reportagem sobre Ribeir\u00e3o Preto e regi\u00e3o pelo WhatsApp: 16 99117 7802.<\/p>\n<p>VEJA TAMB\u00c9M<br \/>Salada X Molho: Qual a diferen\u00e7a dos dois tipos de tomate?<\/p>\n<p><!-- AI CONTENT END 1 -->\n<\/div>\n<\/div>\n<p><script async src=\"\/\/www.instagram.com\/embed.js\"><\/script><br \/>\n<br \/><br \/>\n<br \/><a href=\"https:\/\/www.acidadeon.com\/ribeiraopreto\/cotidiano\/fiscalizacao-flagra-furto-de-agua-em-obra-e-casas-na-zona-sul-de-ribeirao-preto\/\">Source link <\/a><\/p>\n<!-- CONTENT END 1 -->\n","protected":false},"excerpt":{"rendered":"<p>A fiscaliza\u00e7\u00e3o da Saerp (Secretaria de \u00c1gua e Esgoto) flagrou furto de \u00e1gua em \u00e1reas nobres da zona Sul de Ribeir\u00e3o Preto. Ap\u00f3s den\u00fancias, as&#8230;<\/p>\n","protected":false},"author":1,"featured_media":80417,"comment_status":"open","ping_status":"open","sticky":false,"template":"","format":"standard","meta":{"advanced_seo_description":"","jetpack_seo_html_title":"","jetpack_seo_noindex":false,"jetpack_post_was_ever_published":false,"_jetpack_newsletter_access":"","_jetpack_dont_email_post_to_subs":false,"_jetpack_newsletter_tier_id":0,"_jetpack_memberships_contains_paywalled_content":false,"_jetpack_memberships_contains_paid_content":false,"footnotes":"","jetpack_publicize_message":"","jetpack_publicize_feature_enabled":true,"jetpack_social_post_already_shared":true,"jetpack_social_options":{"image_generator_settings":{"template":"highway","default_image_id":0,"font":"","enabled":false},"version":2}},"categories":[11],"tags":[],"class_list":["post-80416","post","type-post","status-publish","format-standard","has-post-thumbnail","hentry","category-noticias-de-ribeirao-preto-sp-e-regiao-ismael-colosi"],"jetpack_publicize_connections":[],"jetpack_featured_media_url":"https:\/\/i0.wp.com\/noticiasribeiraopreto.com.br\/wp-content\/uploads\/2025\/12\/furto_de_agua_001_2025-12-02_20-20-27.webp.webp?fit=1200%2C800&ssl=1","jetpack-related-posts":[{"id":77057,"url":"https:\/\/noticiasribeiraopreto.com.br\/index.php\/2025\/09\/10\/restaurante-da-zona-sul-de-ribeirao-preto-e-multado-por-furto-de-agua-entenda\/","url_meta":{"origin":80416,"position":0},"title":"Restaurante da zona sul de Ribeir\u00e3o Preto \u00e9 multado por furto de \u00e1gua; Entenda","author":"noticiasribeiraopreto.com.br","date":"10 de September de 2025","format":false,"excerpt":"Um restaurante de comida japonesa, localizado no Jardim Bot\u00e2nico, zona Sul de Ribeir\u00e3o Preto, foi multado por furto de \u00e1gua pela Saerp (Secretaria de \u00c1gua e Esgoto de Ribeir\u00e3o Preto). De acordo com a pasta, o flagrante ocorreu no in\u00edcio de setembro, durante uma fiscaliza\u00e7\u00e3o que constatou viola\u00e7\u00e3o no hidr\u00f4metro\u2026","rel":"","context":"In &quot;Not\u00edcias de Ribeir\u00e3o Preto-SP e Regi\u00e3o&quot;","block_context":{"text":"Not\u00edcias de Ribeir\u00e3o Preto-SP e Regi\u00e3o","link":"https:\/\/noticiasribeiraopreto.com.br\/index.php\/category\/noticias-de-ribeirao-preto-sp-e-regiao-ismael-colosi\/"},"img":{"alt_text":"","src":"https:\/\/i0.wp.com\/noticiasribeiraopreto.com.br\/wp-content\/uploads\/2025\/09\/furto_agua_01_2025-09-10_19-29-22.webp.webp?fit=1200%2C799&ssl=1&resize=350%2C200","width":350,"height":200,"srcset":"https:\/\/i0.wp.com\/noticiasribeiraopreto.com.br\/wp-content\/uploads\/2025\/09\/furto_agua_01_2025-09-10_19-29-22.webp.webp?fit=1200%2C799&ssl=1&resize=350%2C200 1x, https:\/\/i0.wp.com\/noticiasribeiraopreto.com.br\/wp-content\/uploads\/2025\/09\/furto_agua_01_2025-09-10_19-29-22.webp.webp?fit=1200%2C799&ssl=1&resize=525%2C300 1.5x, https:\/\/i0.wp.com\/noticiasribeiraopreto.com.br\/wp-content\/uploads\/2025\/09\/furto_agua_01_2025-09-10_19-29-22.webp.webp?fit=1200%2C799&ssl=1&resize=700%2C400 2x, https:\/\/i0.wp.com\/noticiasribeiraopreto.com.br\/wp-content\/uploads\/2025\/09\/furto_agua_01_2025-09-10_19-29-22.webp.webp?fit=1200%2C799&ssl=1&resize=1050%2C600 3x"},"classes":[]},{"id":77049,"url":"https:\/\/noticiasribeiraopreto.com.br\/index.php\/2025\/09\/10\/restaurante-japones-na-zona-sul-e-multado-por-furto-de-agua\/","url_meta":{"origin":80416,"position":1},"title":"Restaurante japon\u00eas na Zona Sul \u00e9 multado por furto de \u00e1gua","author":"noticiasribeiraopreto.com.br","date":"10 de September de 2025","format":false,"excerpt":"10 de setembro de 2025 17:406 Compartilhar0 Esta foi a segunda irregularidade cometida pelo estabelecimento A Prefeitura de Ribeir\u00e3o Preto, por meio da Secretaria de \u00c1gua e Esgoto (Saerp), multou um restaurante japon\u00eas localizado no bairro Jardim Bot\u00e2nico, zona sul da cidade, por furto de \u00e1gua. O flagrante ocorreu no\u2026","rel":"","context":"In &quot;Not\u00edcias de Ribeir\u00e3o Preto-SP e Regi\u00e3o&quot;","block_context":{"text":"Not\u00edcias de Ribeir\u00e3o Preto-SP e Regi\u00e3o","link":"https:\/\/noticiasribeiraopreto.com.br\/index.php\/category\/noticias-de-ribeirao-preto-sp-e-regiao-ismael-colosi\/"},"img":{"alt_text":"","src":"https:\/\/i0.wp.com\/noticiasribeiraopreto.com.br\/wp-content\/uploads\/2025\/09\/furto_agua_01-scaled.jpg?fit=1171%2C780&ssl=1&resize=350%2C200","width":350,"height":200,"srcset":"https:\/\/i0.wp.com\/noticiasribeiraopreto.com.br\/wp-content\/uploads\/2025\/09\/furto_agua_01-scaled.jpg?fit=1171%2C780&ssl=1&resize=350%2C200 1x, https:\/\/i0.wp.com\/noticiasribeiraopreto.com.br\/wp-content\/uploads\/2025\/09\/furto_agua_01-scaled.jpg?fit=1171%2C780&ssl=1&resize=525%2C300 1.5x, https:\/\/i0.wp.com\/noticiasribeiraopreto.com.br\/wp-content\/uploads\/2025\/09\/furto_agua_01-scaled.jpg?fit=1171%2C780&ssl=1&resize=700%2C400 2x, https:\/\/i0.wp.com\/noticiasribeiraopreto.com.br\/wp-content\/uploads\/2025\/09\/furto_agua_01-scaled.jpg?fit=1171%2C780&ssl=1&resize=1050%2C600 3x"},"classes":[]},{"id":62835,"url":"https:\/\/noticiasribeiraopreto.com.br\/index.php\/2025\/01\/25\/rompimento-de-adutora-em-obra-causa-grande-vazamento-de-agua-no-centro-de-ribeirao-preto\/","url_meta":{"origin":80416,"position":2},"title":"Rompimento de adutora em obra causa grande vazamento de \u00e1gua no Centro de Ribeir\u00e3o Preto","author":"noticiasribeiraopreto.com.br","date":"25 de January de 2025","format":false,"excerpt":"O rompimento de uma adutora na obra das ruas S\u00e3o Jos\u00e9 e Bernardino de Campos, no Centro de Ribeir\u00e3o Preto, provoca\u00a0um grande vazamento de \u00e1gua no local e poder deixar moradores sem o recurso na regi\u00e3o central, Vila Seixas e no Jardim Sumar\u00e9, neste s\u00e1bado (25). Assista ao v\u00eddeo abaixo.\u2026","rel":"","context":"In &quot;Not\u00edcias de Ribeir\u00e3o Preto-SP e Regi\u00e3o&quot;","block_context":{"text":"Not\u00edcias de Ribeir\u00e3o Preto-SP e Regi\u00e3o","link":"https:\/\/noticiasribeiraopreto.com.br\/index.php\/category\/noticias-de-ribeirao-preto-sp-e-regiao-ismael-colosi\/"},"img":{"alt_text":"","src":"https:\/\/i0.wp.com\/noticiasribeiraopreto.com.br\/wp-content\/uploads\/2025\/01\/VAZAMENTO_2025-01-25_18-36-23_jpg_2025-01-25_18-36-23.webp.webp?fit=1200%2C958&ssl=1&resize=350%2C200","width":350,"height":200,"srcset":"https:\/\/i0.wp.com\/noticiasribeiraopreto.com.br\/wp-content\/uploads\/2025\/01\/VAZAMENTO_2025-01-25_18-36-23_jpg_2025-01-25_18-36-23.webp.webp?fit=1200%2C958&ssl=1&resize=350%2C200 1x, https:\/\/i0.wp.com\/noticiasribeiraopreto.com.br\/wp-content\/uploads\/2025\/01\/VAZAMENTO_2025-01-25_18-36-23_jpg_2025-01-25_18-36-23.webp.webp?fit=1200%2C958&ssl=1&resize=525%2C300 1.5x, https:\/\/i0.wp.com\/noticiasribeiraopreto.com.br\/wp-content\/uploads\/2025\/01\/VAZAMENTO_2025-01-25_18-36-23_jpg_2025-01-25_18-36-23.webp.webp?fit=1200%2C958&ssl=1&resize=700%2C400 2x, https:\/\/i0.wp.com\/noticiasribeiraopreto.com.br\/wp-content\/uploads\/2025\/01\/VAZAMENTO_2025-01-25_18-36-23_jpg_2025-01-25_18-36-23.webp.webp?fit=1200%2C958&ssl=1&resize=1050%2C600 3x"},"classes":[]},{"id":82312,"url":"https:\/\/noticiasribeiraopreto.com.br\/index.php\/2026\/02\/10\/tres-suspeitos-sao-detidos-por-furto-de-agua-com-retroescavadeira-em-ribeirao-preto\/","url_meta":{"origin":80416,"position":3},"title":"Tr\u00eas suspeitos s\u00e3o detidos por furto de \u00e1gua com retroescavadeira em Ribeir\u00e3o Preto","author":"noticiasribeiraopreto.com.br","date":"10 de February de 2026","format":false,"excerpt":"Tr\u00eas homens foram detidos pela Guarda Civil Metropolitana (GCM) no s\u00e1bado (7), suspeitos de tentar furtar \u00e1gua da rede p\u00fablica em Ribeir\u00e3o Preto. De acordo com a GCM, o trio utilizou uma retroescavadeira e chegou a cortar o asfalto para tentar desviar \u00e1gua na rua Conselheiro Ferreira Viana, no bairro\u2026","rel":"","context":"In &quot;Not\u00edcias de Ribeir\u00e3o Preto-SP e Regi\u00e3o&quot;","block_context":{"text":"Not\u00edcias de Ribeir\u00e3o Preto-SP e Regi\u00e3o","link":"https:\/\/noticiasribeiraopreto.com.br\/index.php\/category\/noticias-de-ribeirao-preto-sp-e-regiao-ismael-colosi\/"},"img":{"alt_text":"","src":"https:\/\/i0.wp.com\/noticiasribeiraopreto.com.br\/wp-content\/uploads\/2026\/02\/furto_agua_01_2026-02-09_21-15-22.webp.webp?fit=1119%2C746&ssl=1&resize=350%2C200","width":350,"height":200,"srcset":"https:\/\/i0.wp.com\/noticiasribeiraopreto.com.br\/wp-content\/uploads\/2026\/02\/furto_agua_01_2026-02-09_21-15-22.webp.webp?fit=1119%2C746&ssl=1&resize=350%2C200 1x, https:\/\/i0.wp.com\/noticiasribeiraopreto.com.br\/wp-content\/uploads\/2026\/02\/furto_agua_01_2026-02-09_21-15-22.webp.webp?fit=1119%2C746&ssl=1&resize=525%2C300 1.5x, https:\/\/i0.wp.com\/noticiasribeiraopreto.com.br\/wp-content\/uploads\/2026\/02\/furto_agua_01_2026-02-09_21-15-22.webp.webp?fit=1119%2C746&ssl=1&resize=700%2C400 2x, https:\/\/i0.wp.com\/noticiasribeiraopreto.com.br\/wp-content\/uploads\/2026\/02\/furto_agua_01_2026-02-09_21-15-22.webp.webp?fit=1119%2C746&ssl=1&resize=1050%2C600 3x"},"classes":[]},{"id":57251,"url":"https:\/\/noticiasribeiraopreto.com.br\/index.php\/2024\/08\/27\/furto-de-registro-deixa-centro-de-ribeirao-preto-sem-agua\/","url_meta":{"origin":80416,"position":4},"title":"Furto de registro deixa Centro de Ribeir\u00e3o Preto sem \u00e1gua","author":"noticiasribeiraopreto.com.br","date":"27 de August de 2024","format":false,"excerpt":"A Saerp (Secretaria de \u00c1gua e Esgoto de Ribeir\u00e3o Preto) informou, nesta ter\u00e7a-feira (27), que o furto de um registro deixou parte do Centro de Ribeir\u00e3o Preto sem \u00e1gua. De acordo com a secretaria, o furto do registro aconteceu na rua Flor\u00eancio de Abreu, no cruzamento com a rua Saldanha\u2026","rel":"","context":"In &quot;Not\u00edcias de Ribeir\u00e3o Preto-SP e Regi\u00e3o&quot;","block_context":{"text":"Not\u00edcias de Ribeir\u00e3o Preto-SP e Regi\u00e3o","link":"https:\/\/noticiasribeiraopreto.com.br\/index.php\/category\/noticias-de-ribeirao-preto-sp-e-regiao-ismael-colosi\/"},"img":{"alt_text":"","src":"https:\/\/i0.wp.com\/noticiasribeiraopreto.com.br\/wp-content\/uploads\/2024\/07\/CENTRO-RIBEIRAO-PRETO-DRONE-Foto-Guilherme-Sircili-3_2024-07-08_18-03-23_jpg_2024-07-08_18-03-25-scaled.webp.webp?fit=1200%2C900&ssl=1&resize=350%2C200","width":350,"height":200,"srcset":"https:\/\/i0.wp.com\/noticiasribeiraopreto.com.br\/wp-content\/uploads\/2024\/07\/CENTRO-RIBEIRAO-PRETO-DRONE-Foto-Guilherme-Sircili-3_2024-07-08_18-03-23_jpg_2024-07-08_18-03-25-scaled.webp.webp?fit=1200%2C900&ssl=1&resize=350%2C200 1x, https:\/\/i0.wp.com\/noticiasribeiraopreto.com.br\/wp-content\/uploads\/2024\/07\/CENTRO-RIBEIRAO-PRETO-DRONE-Foto-Guilherme-Sircili-3_2024-07-08_18-03-23_jpg_2024-07-08_18-03-25-scaled.webp.webp?fit=1200%2C900&ssl=1&resize=525%2C300 1.5x, https:\/\/i0.wp.com\/noticiasribeiraopreto.com.br\/wp-content\/uploads\/2024\/07\/CENTRO-RIBEIRAO-PRETO-DRONE-Foto-Guilherme-Sircili-3_2024-07-08_18-03-23_jpg_2024-07-08_18-03-25-scaled.webp.webp?fit=1200%2C900&ssl=1&resize=700%2C400 2x, https:\/\/i0.wp.com\/noticiasribeiraopreto.com.br\/wp-content\/uploads\/2024\/07\/CENTRO-RIBEIRAO-PRETO-DRONE-Foto-Guilherme-Sircili-3_2024-07-08_18-03-23_jpg_2024-07-08_18-03-25-scaled.webp.webp?fit=1200%2C900&ssl=1&resize=1050%2C600 3x"},"classes":[]},{"id":49656,"url":"https:\/\/noticiasribeiraopreto.com.br\/index.php\/2024\/05\/12\/furtos-de-hidrometros-deixam-agua-jorrando-em-vicinal-da-zona-norte-de-ribeirao-preto\/","url_meta":{"origin":80416,"position":5},"title":"Furtos de hidr\u00f4metros deixam \u00e1gua jorrando em vicinal da zona Norte de Ribeir\u00e3o Preto","author":"noticiasribeiraopreto.com.br","date":"12 de May de 2024","format":false,"excerpt":"Ao menos seis hidr\u00f4metros foram furtados na madrugada de domingo (12), na vicinal da avenida Eduardo Andr\u00e9a Matarazzo (Via Norte), na zona Norte de Ribeir\u00e3o Preto. Sem os equipamentos, muita \u00e1gua ficou jorrando no local por horas, at\u00e9 que os pr\u00f3prios comerciantes conseguiram interromper os vazamentos, j\u00e1 que a equipe\u2026","rel":"","context":"In &quot;Not\u00edcias de Ribeir\u00e3o Preto-SP e Regi\u00e3o&quot;","block_context":{"text":"Not\u00edcias de Ribeir\u00e3o Preto-SP e Regi\u00e3o","link":"https:\/\/noticiasribeiraopreto.com.br\/index.php\/category\/noticias-de-ribeirao-preto-sp-e-regiao-ismael-colosi\/"},"img":{"alt_text":"","src":"https:\/\/i0.wp.com\/noticiasribeiraopreto.com.br\/wp-content\/uploads\/2024\/05\/WhatsApp-Image-2024-05-12-at-13.27.45_2024-05-12_16-55-45_jpeg_2024-05-12_16-55-46.webp.webp?fit=1200%2C672&ssl=1&resize=350%2C200","width":350,"height":200,"srcset":"https:\/\/i0.wp.com\/noticiasribeiraopreto.com.br\/wp-content\/uploads\/2024\/05\/WhatsApp-Image-2024-05-12-at-13.27.45_2024-05-12_16-55-45_jpeg_2024-05-12_16-55-46.webp.webp?fit=1200%2C672&ssl=1&resize=350%2C200 1x, https:\/\/i0.wp.com\/noticiasribeiraopreto.com.br\/wp-content\/uploads\/2024\/05\/WhatsApp-Image-2024-05-12-at-13.27.45_2024-05-12_16-55-45_jpeg_2024-05-12_16-55-46.webp.webp?fit=1200%2C672&ssl=1&resize=525%2C300 1.5x, https:\/\/i0.wp.com\/noticiasribeiraopreto.com.br\/wp-content\/uploads\/2024\/05\/WhatsApp-Image-2024-05-12-at-13.27.45_2024-05-12_16-55-45_jpeg_2024-05-12_16-55-46.webp.webp?fit=1200%2C672&ssl=1&resize=700%2C400 2x, https:\/\/i0.wp.com\/noticiasribeiraopreto.com.br\/wp-content\/uploads\/2024\/05\/WhatsApp-Image-2024-05-12-at-13.27.45_2024-05-12_16-55-45_jpeg_2024-05-12_16-55-46.webp.webp?fit=1200%2C672&ssl=1&resize=1050%2C600 3x"},"classes":[]}],"jetpack_sharing_enabled":true,"jetpack_shortlink":"https:\/\/wp.me\/peQAOb-kV2","_links":{"self":[{"href":"https:\/\/noticiasribeiraopreto.com.br\/index.php\/wp-json\/wp\/v2\/posts\/80416","targetHints":{"allow":["GET"]}}],"collection":[{"href":"https:\/\/noticiasribeiraopreto.com.br\/index.php\/wp-json\/wp\/v2\/posts"}],"about":[{"href":"https:\/\/noticiasribeiraopreto.com.br\/index.php\/wp-json\/wp\/v2\/types\/post"}],"author":[{"embeddable":true,"href":"https:\/\/noticiasribeiraopreto.com.br\/index.php\/wp-json\/wp\/v2\/users\/1"}],"replies":[{"embeddable":true,"href":"https:\/\/noticiasribeiraopreto.com.br\/index.php\/wp-json\/wp\/v2\/comments?post=80416"}],"version-history":[{"count":0,"href":"https:\/\/noticiasribeiraopreto.com.br\/index.php\/wp-json\/wp\/v2\/posts\/80416\/revisions"}],"wp:featuredmedia":[{"embeddable":true,"href":"https:\/\/noticiasribeiraopreto.com.br\/index.php\/wp-json\/wp\/v2\/media\/80417"}],"wp:attachment":[{"href":"https:\/\/noticiasribeiraopreto.com.br\/index.php\/wp-json\/wp\/v2\/media?parent=80416"}],"wp:term":[{"taxonomy":"category","embeddable":true,"href":"https:\/\/noticiasribeiraopreto.com.br\/index.php\/wp-json\/wp\/v2\/categories?post=80416"},{"taxonomy":"post_tag","embeddable":true,"href":"https:\/\/noticiasribeiraopreto.com.br\/index.php\/wp-json\/wp\/v2\/tags?post=80416"}],"curies":[{"name":"wp","href":"https:\/\/api.w.org\/{rel}","templated":true}]}}