{"id":80418,"date":"2025-12-03T11:09:26","date_gmt":"2025-12-03T14:09:26","guid":{"rendered":"https:\/\/noticiasribeiraopreto.com.br\/index.php\/2025\/12\/03\/camara-aprova-ppa-de-r-232-bi\/"},"modified":"2025-12-03T11:09:26","modified_gmt":"2025-12-03T14:09:26","slug":"camara-aprova-ppa-de-r-232-bi","status":"publish","type":"post","link":"https:\/\/noticiasribeiraopreto.com.br\/index.php\/2025\/12\/03\/camara-aprova-ppa-de-r-232-bi\/","title":{"rendered":"C\u00e2mara aprova PPA \u2028de R$ 23,2 bi"},"content":{"rendered":"<div class='code-block code-block-1' style='margin: 8px 0 8px auto; text-align: right; display: block; clear: both;'>\n<p><a href=\"https:\/\/wa.link\/vpicfd\"><img data-recalc-dims=\"1\" class=\"wp-image-4922\" style=\"aspect-ratio: 2.0253164556962027; width: 561px; height: auto;\" src=\"https:\/\/i0.wp.com\/ismaelcolosi.com.br\/wp-content\/uploads\/2023\/11\/grupo-de-empregos-whatsapp-e-facebook-ismael-colosi-vagas.jpg?ssl=1\" alt=\"\" \/><\/a><\/p>\n<!-- \/wp:image -->\n<\/div>\n<p> <br \/>\n<\/p>\n<div>\n<p><em>Das 156 emendas parlamentares apresentadas, 146 foram aprovadas, inclusive a que reserva de R$ 5 milh\u00f5es para a retomada dos desfiles de escolas de samba no carnaval da cidade\u2028\u2028<\/em><\/p>\n<p>A C\u00e2mara de Vereadores aprovou, em primeira discuss\u00e3o, o projeto de lei n\u00famero 381\/2026, que disp\u00f5e sobre o Plano Plurianual de Ribeir\u00e3o Preto para o quadri\u00eanio 2026-2029. A proposta foi votada em sess\u00e3o extraordin\u00e1ria realizada na tarde desta segunda-feira, 1\u00ba de dezembro.<\/p>\n<p>A vota\u00e7\u00e3o da reda\u00e7\u00e3o final ser\u00e1 nesta quarta-feira (3).\u2028\u2028Das 156 emendas parlamentares apresentadas, 146 foram aprovadas. Apresentaram emendas Daniel Vieira Rodrigues (Daniel do Bus\u00e3o, PL), com 42; Duda Hidalgo (PT), com 28; Judeti Zilli (PT, Coletivo Popular), com 18; Perla M\u00fcller (PT), com 13; Igor Oliveira (MDB), com onze; Rangel Scandiuzzi (PSD), com dez; e Matheus Moreno (MDB), com tr\u00eas propostas.<\/p>\n<p>A Comiss\u00e3o de Finan\u00e7as, Or\u00e7amento, Fiscaliza\u00e7\u00e3o, Controle e Tribut\u00e1ria apresentou 28 emendas e a Mesa Diretora da C\u00e2mara, duas. A mais inusitada \u00e9 da Comiss\u00e3o de Finan\u00e7as. Prev\u00ea reserva de R$ 5 milh\u00f5es para a retomada dos desfiles de carnaval na cidade. O recurso seria usado para bancar a folia anos de 2026, 2027, 2028 e 2029, com R$ 1,25 milh\u00e3o por ano.<\/p>\n<p>Segundo a justificativa da comiss\u00e3o, a ideia \u00e9 fomentar o restabelecimento dos desfiles de escolas de samba no carnaval de rua de Ribeir\u00e3o Preto.<\/p>\n<p>\u201cNo ano de 2027, tais desfiles completar\u00e3o 100 anos, com a mais velha agremia\u00e7\u00e3o da cidade, Os bambas, comemorado centen\u00e1rio\u201d, diz. \u2028\u2028\u201c\u00c9 fundamental retomar tal fomento com recursos para infraestrutura do p\u00fablico e do desfile, ajuda de custos e outros custos para realiza\u00e7\u00e3o deste que \u00e9 um dos maiores eventos da cidade\u201d, diz parte da justificativa. Vale lembrar que desde 2014 Ribeir\u00e3o Preto n\u00e3o tem desfile de rua de escolas de samba.\u2028\u2028O \u00faltimo desfile de escolas de samba de Ribeir\u00e3o Preto ocorreu em 2013, sendo suspenso a partir de 2014 por quest\u00f5es financeiras.<\/p>\n<p>Desde ent\u00e3o, a cidade tem focado em outros eventos como blocos de rua e shows.\u2028\u2028A programa\u00e7\u00e3o de carnaval foi ampliada e diversificada a partir de 2025, embora sem o desfile competitivo de agremia\u00e7\u00f5es.<\/p>\n<p>A Embaixadores dos Campos El\u00edseos foi a \u00faltima campe\u00e3 em 2013, conquistando seu tricampeonato na \u201cPassarela do Samba Mestre Oscarzinho\u201d, na avenida Mogiana.\u2028\u2028De 1985 a 1993, o desfile passou a ser realizado no samb\u00f3dromo montado na avenida Marechal Costa e Silva, j\u00e1 chamada \u201cPassarela do Samba Mestre Oscarzinho\u201d. Em 1994 passou pela avenida Orestes Lopes de Camargo, no pr\u00f3ximo ao Parque Permanente de Exposi\u00e7\u00f5es.\u2028\u2028Depois retornou para a Marechal Costa e Silva em 1995 e a partir de 1996 passou a ser realizado na avenida Eduardo Andr\u00e9a Matarazzo (Via Expressa Norte), onde ficou at\u00e9 sua transfer\u00eancia, a partir de 2002, para a avenida Mogiana.<\/p>\n<p>O PPA original enviado para a C\u00e2mara recebeu um substitutivo do Executivo porque n\u00e3o houve tempo h\u00e1bil para inclus\u00e3o de tr\u00eas projetos de leis complementares que tratavam da reorganiza\u00e7\u00e3o administrativa da prefeitura de Ribeir\u00e3o Preto. As propostas ainda dependiam de aprova\u00e7\u00e3o no Legislativo e san\u00e7\u00e3o do prefeito Ricardo Silva (PSD).<\/p>\n<p>De acordo com a proposta, a prefeitura estima receita total \u2013 diretas e indiretas \u2013 de R$ 23.269.281.541,48 para o quadri\u00eanio. Com base na lei de Diretrizes Or\u00e7ament\u00e1rias (LDO), s\u00e3o previstos R$ 5.563.935.161,40 em 2026, mais R$ 5.764.019.409,15 em 2027, outros R$ R$ 5.890.012.327,24 em 2028 e, por fim, R$ 5.890.012.327,24 em 2029.\u2028\u2028As propostas da PPA consideram os 18 programas or\u00e7ament\u00e1rios distribu\u00eddos em quatro macrodesafios definidos no Plano Plurianual: Governan\u00e7a e Transforma\u00e7\u00e3o Digital; Desenvolvimento Econ\u00f4mico e Inova\u00e7\u00e3o; Pol\u00edticas Sociais; e Pol\u00edticas Urbanas e Ambientais.<\/p>\n<p>\u00a0<\/p>\n<p><strong>\u2028Os valores do\u2028Plano Plurianual \u2028Ano de 2026<\/strong><\/p>\n<p>Receita Direta \u2013 \u2028R$ 4.795.894.708,08<\/p>\n<p>Receita Indireta \u2013 \u2028R$ 768.040.453,32\u2028Total \u2013 R$ 5.563.935.161,40<\/p>\n<p>Ano de 2027\u2028Receita Direta \u2013 \u2028R$ 4.980.078.974,76<\/p>\n<p>Receita Indireta \u2013 \u2028R$ 783.940.434,30<\/p>\n<p>Total \u2013 R$ 5.764.019.409,06\u2028Ano de 2028<\/p>\n<p>Receita Direta \u2013 \u2028R$ 5.079.792.272,66<\/p>\n<p>Receita Indireta \u2013 \u2028R$ 810.220.054,58<\/p>\n<p>Total \u2013 R$ 5.890.012.327,24<\/p>\n<p>Ano de 2029\u2028 Receita Direta \u2013 \u2028R$ 5.203.062.760,25<\/p>\n<p>Receita Indireta \u2013 \u2028R$ 848.251.883,53\u2028Total \u2013 R$ 6.051.314.643,78<\/p>\n<p>Total do Quadri\u00eanio<\/p>\n<p>Receita Direta \u2013 \u2028R$ 20.058.828.715,75<\/p>\n<p>Receita Indireta \u2013 \u2028R$ 3.210.452.825,73\u2028Total \u2013 R$ 23.269.281.541,48<\/p>\n<\/div>\n<p><br \/>\n<br \/><a href=\"https:\/\/www.tribunaribeirao.com.br\/camara-aprova-ppa-de-r-232-bi\/\">Source link <\/a><\/p>\n<!-- CONTENT END 1 -->\n","protected":false},"excerpt":{"rendered":"<p>Das 156 emendas parlamentares apresentadas, 146 foram aprovadas, inclusive a que reserva de R$ 5 milh\u00f5es para a retomada dos desfiles de escolas de samba&#8230;<\/p>\n","protected":false},"author":1,"featured_media":80419,"comment_status":"open","ping_status":"open","sticky":false,"template":"","format":"standard","meta":{"advanced_seo_description":"","jetpack_seo_html_title":"","jetpack_seo_noindex":false,"jetpack_post_was_ever_published":false,"_jetpack_newsletter_access":"","_jetpack_dont_email_post_to_subs":false,"_jetpack_newsletter_tier_id":0,"_jetpack_memberships_contains_paywalled_content":false,"_jetpack_memberships_contains_paid_content":false,"footnotes":"","jetpack_publicize_message":"","jetpack_publicize_feature_enabled":true,"jetpack_social_post_already_shared":true,"jetpack_social_options":{"image_generator_settings":{"template":"highway","default_image_id":0,"font":"","enabled":false},"version":2}},"categories":[11],"tags":[],"class_list":["post-80418","post","type-post","status-publish","format-standard","has-post-thumbnail","hentry","category-noticias-de-ribeirao-preto-sp-e-regiao-ismael-colosi"],"jetpack_publicize_connections":[],"jetpack_featured_media_url":"https:\/\/i0.wp.com\/noticiasribeiraopreto.com.br\/wp-content\/uploads\/2025\/12\/PlanoPPA-Divulgacao-02-2.jpg?fit=1080%2C608&ssl=1","jetpack-related-posts":[{"id":82972,"url":"https:\/\/noticiasribeiraopreto.com.br\/index.php\/2026\/03\/05\/legislativo-acolhe-vetos-ao-orcamento\/","url_meta":{"origin":80418,"position":0},"title":"Legislativo acolhe \u2028vetos ao Or\u00e7amento","author":"noticiasribeiraopreto.com.br","date":"5 de March de 2026","format":false,"excerpt":"Prefeito Ricardo Silva vetou todas as 65 emendas aditivas aprovadas pelos vereadores, com valor total de R$ 90.675.000 Na sess\u00e3o desta quarta-feira, 4 de mar\u00e7o, os vereadores acolheram os vetos do prefeito Ricardo Silva (PSD) a 65 emendas aditivas parlamentares ao projeto n\u00famero 418\/2025, que trata da Lei Or\u00e7ament\u00e1ria Anual\u2026","rel":"","context":"In &quot;Not\u00edcias de Ribeir\u00e3o Preto-SP e Regi\u00e3o&quot;","block_context":{"text":"Not\u00edcias de Ribeir\u00e3o Preto-SP e Regi\u00e3o","link":"https:\/\/noticiasribeiraopreto.com.br\/index.php\/category\/noticias-de-ribeirao-preto-sp-e-regiao-ismael-colosi\/"},"img":{"alt_text":"","src":"https:\/\/i0.wp.com\/noticiasribeiraopreto.com.br\/wp-content\/uploads\/2026\/03\/OrcaRP-Alfredo-Risk-Arquivo-scaled.jpg?fit=1170%2C780&ssl=1&resize=350%2C200","width":350,"height":200,"srcset":"https:\/\/i0.wp.com\/noticiasribeiraopreto.com.br\/wp-content\/uploads\/2026\/03\/OrcaRP-Alfredo-Risk-Arquivo-scaled.jpg?fit=1170%2C780&ssl=1&resize=350%2C200 1x, https:\/\/i0.wp.com\/noticiasribeiraopreto.com.br\/wp-content\/uploads\/2026\/03\/OrcaRP-Alfredo-Risk-Arquivo-scaled.jpg?fit=1170%2C780&ssl=1&resize=525%2C300 1.5x, https:\/\/i0.wp.com\/noticiasribeiraopreto.com.br\/wp-content\/uploads\/2026\/03\/OrcaRP-Alfredo-Risk-Arquivo-scaled.jpg?fit=1170%2C780&ssl=1&resize=700%2C400 2x, https:\/\/i0.wp.com\/noticiasribeiraopreto.com.br\/wp-content\/uploads\/2026\/03\/OrcaRP-Alfredo-Risk-Arquivo-scaled.jpg?fit=1170%2C780&ssl=1&resize=1050%2C600 3x"},"classes":[]},{"id":70908,"url":"https:\/\/noticiasribeiraopreto.com.br\/index.php\/2025\/05\/31\/emendas-a-ldo-aumentam-357\/","url_meta":{"origin":80418,"position":1},"title":"Emendas a LDO aumentam 357% \u00a0","author":"noticiasribeiraopreto.com.br","date":"31 de May de 2025","format":false,"excerpt":"A Lei de Diretrizes Or\u00e7ament\u00e1rias (LDO) de 2026 recebeu 128 emendas de vereadores e da Comiss\u00e3o de Finan\u00e7as, Or\u00e7amento, Fiscaliza\u00e7\u00e3o, Controle e Tribut\u00e1ria. O n\u00famero \u00e9 357,1% superior as 28 apresentadas \u00e0 pe\u00e7a deste ano, aprovada C\u00e2mara de Ribeir\u00e3o Preto em 2024. Em 2023 foram apenas oito. A prefeitura de\u2026","rel":"","context":"In &quot;Not\u00edcias de Ribeir\u00e3o Preto-SP e Regi\u00e3o&quot;","block_context":{"text":"Not\u00edcias de Ribeir\u00e3o Preto-SP e Regi\u00e3o","link":"https:\/\/noticiasribeiraopreto.com.br\/index.php\/category\/noticias-de-ribeirao-preto-sp-e-regiao-ismael-colosi\/"},"img":{"alt_text":"","src":"https:\/\/i0.wp.com\/noticiasribeiraopreto.com.br\/wp-content\/uploads\/2025\/05\/PlanoLDO-Alfredo-Risk-02-scaled.jpg?fit=1200%2C675&ssl=1&resize=350%2C200","width":350,"height":200,"srcset":"https:\/\/i0.wp.com\/noticiasribeiraopreto.com.br\/wp-content\/uploads\/2025\/05\/PlanoLDO-Alfredo-Risk-02-scaled.jpg?fit=1200%2C675&ssl=1&resize=350%2C200 1x, https:\/\/i0.wp.com\/noticiasribeiraopreto.com.br\/wp-content\/uploads\/2025\/05\/PlanoLDO-Alfredo-Risk-02-scaled.jpg?fit=1200%2C675&ssl=1&resize=525%2C300 1.5x, https:\/\/i0.wp.com\/noticiasribeiraopreto.com.br\/wp-content\/uploads\/2025\/05\/PlanoLDO-Alfredo-Risk-02-scaled.jpg?fit=1200%2C675&ssl=1&resize=700%2C400 2x, https:\/\/i0.wp.com\/noticiasribeiraopreto.com.br\/wp-content\/uploads\/2025\/05\/PlanoLDO-Alfredo-Risk-02-scaled.jpg?fit=1200%2C675&ssl=1&resize=1050%2C600 3x"},"classes":[]},{"id":81656,"url":"https:\/\/noticiasribeiraopreto.com.br\/index.php\/2026\/01\/13\/ricardo-silva-veta-65-emendas\/","url_meta":{"origin":80418,"position":2},"title":"Ricardo Silva veta 65 emendas","author":"noticiasribeiraopreto.com.br","date":"13 de January de 2026","format":false,"excerpt":"Das 68 emendas apresentadas, 65 aditivas foram aprovadas na C\u00e2mara, mas acabaram vetadas pelo prefeito Ricardo Silva O projeto n\u00famero 418\/2025, que trata da Lei Or\u00e7ament\u00e1ria Anual (LOA) de 2026, aprovado na C\u00e2mara de Ribeir\u00e3o Preto em 8 e 10 de dezembro, foi sancionado pelo prefeito Ricardo Silva (PSD). O\u2026","rel":"","context":"In &quot;Not\u00edcias de Ribeir\u00e3o Preto-SP e Regi\u00e3o&quot;","block_context":{"text":"Not\u00edcias de Ribeir\u00e3o Preto-SP e Regi\u00e3o","link":"https:\/\/noticiasribeiraopreto.com.br\/index.php\/category\/noticias-de-ribeirao-preto-sp-e-regiao-ismael-colosi\/"},"img":{"alt_text":"","src":"https:\/\/i0.wp.com\/noticiasribeiraopreto.com.br\/wp-content\/uploads\/2026\/01\/OrcaRP-Alfredo-Risk-scaled.jpg?fit=1170%2C780&ssl=1&resize=350%2C200","width":350,"height":200,"srcset":"https:\/\/i0.wp.com\/noticiasribeiraopreto.com.br\/wp-content\/uploads\/2026\/01\/OrcaRP-Alfredo-Risk-scaled.jpg?fit=1170%2C780&ssl=1&resize=350%2C200 1x, https:\/\/i0.wp.com\/noticiasribeiraopreto.com.br\/wp-content\/uploads\/2026\/01\/OrcaRP-Alfredo-Risk-scaled.jpg?fit=1170%2C780&ssl=1&resize=525%2C300 1.5x, https:\/\/i0.wp.com\/noticiasribeiraopreto.com.br\/wp-content\/uploads\/2026\/01\/OrcaRP-Alfredo-Risk-scaled.jpg?fit=1170%2C780&ssl=1&resize=700%2C400 2x, https:\/\/i0.wp.com\/noticiasribeiraopreto.com.br\/wp-content\/uploads\/2026\/01\/OrcaRP-Alfredo-Risk-scaled.jpg?fit=1170%2C780&ssl=1&resize=1050%2C600 3x"},"classes":[]},{"id":42742,"url":"https:\/\/noticiasribeiraopreto.com.br\/index.php\/2024\/03\/16\/camara-altera-artigo-da-lei-orcamentaria-anual\/","url_meta":{"origin":80418,"position":3},"title":"C\u00e2mara altera artigo da Lei Or\u00e7ament\u00e1ria Anual","author":"noticiasribeiraopreto.com.br","date":"16 de March de 2024","format":false,"excerpt":"16 de mar\u00e7o de 2024 | 13:0015 de mar\u00e7o de 2024 | 22:12 0A C\u00e2mara de Vereadores aprovou projeto de lei da prefeitura de Ribeir\u00e3o Preto que acaba com a exig\u00eancia da aprova\u00e7\u00e3o dos parlamentares para remanejamento de recursos acima de 15%. Nestes casos, a administra\u00e7\u00e3o municipal tinha de enviar\u2026","rel":"","context":"In &quot;Not\u00edcias de Ribeir\u00e3o Preto-SP e Regi\u00e3o&quot;","block_context":{"text":"Not\u00edcias de Ribeir\u00e3o Preto-SP e Regi\u00e3o","link":"https:\/\/noticiasribeiraopreto.com.br\/index.php\/category\/noticias-de-ribeirao-preto-sp-e-regiao-ismael-colosi\/"},"img":{"alt_text":"","src":"https:\/\/i0.wp.com\/noticiasribeiraopreto.com.br\/wp-content\/uploads\/2024\/03\/OrcaLOA-Thaisa-Coroado-Camara-scaled.jpg?fit=967%2C645&ssl=1&resize=350%2C200","width":350,"height":200,"srcset":"https:\/\/i0.wp.com\/noticiasribeiraopreto.com.br\/wp-content\/uploads\/2024\/03\/OrcaLOA-Thaisa-Coroado-Camara-scaled.jpg?fit=967%2C645&ssl=1&resize=350%2C200 1x, https:\/\/i0.wp.com\/noticiasribeiraopreto.com.br\/wp-content\/uploads\/2024\/03\/OrcaLOA-Thaisa-Coroado-Camara-scaled.jpg?fit=967%2C645&ssl=1&resize=525%2C300 1.5x, https:\/\/i0.wp.com\/noticiasribeiraopreto.com.br\/wp-content\/uploads\/2024\/03\/OrcaLOA-Thaisa-Coroado-Camara-scaled.jpg?fit=967%2C645&ssl=1&resize=700%2C400 2x"},"classes":[]},{"id":84808,"url":"https:\/\/noticiasribeiraopreto.com.br\/index.php\/2026\/04\/16\/camara-aprova-proposta-de-reajuste-para-os-servidores-de-ribeirao-preto\/","url_meta":{"origin":80418,"position":4},"title":"C\u00e2mara aprova proposta de reajuste para os servidores de Ribeir\u00e3o Preto","author":"noticiasribeiraopreto.com.br","date":"16 de April de 2026","format":false,"excerpt":"Ler o resumo da not\u00edcia C\u00e2mara de Ribeir\u00e3o Preto aprovou o PLC 13\/2026 na quarta-feira (15), estabelecendo reajuste de 5,11% para servidores municipais. O benef\u00edcio inclui trabalhadores da ativa, aposentados e pensionistas, ap\u00f3s aprova\u00e7\u00e3o do Sindicato dos Servidores em 31 de mar\u00e7o. Vale-alimenta\u00e7\u00e3o ter\u00e1 reajuste de 7,11% e aux\u00edlio nutricional\u2026","rel":"","context":"In &quot;Not\u00edcias de Ribeir\u00e3o Preto-SP e Regi\u00e3o&quot;","block_context":{"text":"Not\u00edcias de Ribeir\u00e3o Preto-SP e Regi\u00e3o","link":"https:\/\/noticiasribeiraopreto.com.br\/index.php\/category\/noticias-de-ribeirao-preto-sp-e-regiao-ismael-colosi\/"},"img":{"alt_text":"","src":"https:\/\/i0.wp.com\/noticiasribeiraopreto.com.br\/wp-content\/uploads\/2026\/04\/camara-de-ribeirao-preto_2026-04-16_14-05-50.webp.webp?fit=1200%2C841&ssl=1&resize=350%2C200","width":350,"height":200,"srcset":"https:\/\/i0.wp.com\/noticiasribeiraopreto.com.br\/wp-content\/uploads\/2026\/04\/camara-de-ribeirao-preto_2026-04-16_14-05-50.webp.webp?fit=1200%2C841&ssl=1&resize=350%2C200 1x, https:\/\/i0.wp.com\/noticiasribeiraopreto.com.br\/wp-content\/uploads\/2026\/04\/camara-de-ribeirao-preto_2026-04-16_14-05-50.webp.webp?fit=1200%2C841&ssl=1&resize=525%2C300 1.5x, https:\/\/i0.wp.com\/noticiasribeiraopreto.com.br\/wp-content\/uploads\/2026\/04\/camara-de-ribeirao-preto_2026-04-16_14-05-50.webp.webp?fit=1200%2C841&ssl=1&resize=700%2C400 2x, https:\/\/i0.wp.com\/noticiasribeiraopreto.com.br\/wp-content\/uploads\/2026\/04\/camara-de-ribeirao-preto_2026-04-16_14-05-50.webp.webp?fit=1200%2C841&ssl=1&resize=1050%2C600 3x"},"classes":[]},{"id":11241,"url":"https:\/\/noticiasribeiraopreto.com.br\/index.php\/2023\/12\/05\/com-obra-de-r-31-mi-camara-aprova-orcamento-de-r-48-bi-para-ribeirao\/","url_meta":{"origin":80418,"position":5},"title":"Com obra de R$ 31 mi, C\u00e2mara aprova or\u00e7amento de R$ 4,8 bi para Ribeir\u00e3o","author":"noticiasribeiraopreto.com.br","date":"5 de December de 2023","format":false,"excerpt":"A C\u00e2mara de Ribeir\u00e3o Preto aprovou, em primeira discuss\u00e3o, o projeto da LOA (Lei Or\u00e7ament\u00e1ria Anual) que prev\u00ea o or\u00e7amento de R$ 4.866.888.000 para 2024, em sess\u00e3o extraordin\u00e1ria nesta ter\u00e7a-feira (5). Os parlamentares tamb\u00e9m aprovaram 30 emendas ao projeto, incluindo uma proposta de constru\u00e7\u00e3o de um novo acesso ao bairro\u2026","rel":"","context":"In &quot;Not\u00edcias de Ribeir\u00e3o Preto-SP e Regi\u00e3o&quot;","block_context":{"text":"Not\u00edcias de Ribeir\u00e3o Preto-SP e Regi\u00e3o","link":"https:\/\/noticiasribeiraopreto.com.br\/index.php\/category\/noticias-de-ribeirao-preto-sp-e-regiao-ismael-colosi\/"},"img":{"alt_text":"","src":"https:\/\/i0.wp.com\/noticiasribeiraopreto.com.br\/wp-content\/uploads\/2023\/12\/camara-de-ribeirao-preto.jpg?fit=1200%2C800&ssl=1&resize=350%2C200","width":350,"height":200,"srcset":"https:\/\/i0.wp.com\/noticiasribeiraopreto.com.br\/wp-content\/uploads\/2023\/12\/camara-de-ribeirao-preto.jpg?fit=1200%2C800&ssl=1&resize=350%2C200 1x, https:\/\/i0.wp.com\/noticiasribeiraopreto.com.br\/wp-content\/uploads\/2023\/12\/camara-de-ribeirao-preto.jpg?fit=1200%2C800&ssl=1&resize=525%2C300 1.5x, https:\/\/i0.wp.com\/noticiasribeiraopreto.com.br\/wp-content\/uploads\/2023\/12\/camara-de-ribeirao-preto.jpg?fit=1200%2C800&ssl=1&resize=700%2C400 2x, https:\/\/i0.wp.com\/noticiasribeiraopreto.com.br\/wp-content\/uploads\/2023\/12\/camara-de-ribeirao-preto.jpg?fit=1200%2C800&ssl=1&resize=1050%2C600 3x"},"classes":[]}],"jetpack_sharing_enabled":true,"jetpack_shortlink":"https:\/\/wp.me\/peQAOb-kV4","_links":{"self":[{"href":"https:\/\/noticiasribeiraopreto.com.br\/index.php\/wp-json\/wp\/v2\/posts\/80418","targetHints":{"allow":["GET"]}}],"collection":[{"href":"https:\/\/noticiasribeiraopreto.com.br\/index.php\/wp-json\/wp\/v2\/posts"}],"about":[{"href":"https:\/\/noticiasribeiraopreto.com.br\/index.php\/wp-json\/wp\/v2\/types\/post"}],"author":[{"embeddable":true,"href":"https:\/\/noticiasribeiraopreto.com.br\/index.php\/wp-json\/wp\/v2\/users\/1"}],"replies":[{"embeddable":true,"href":"https:\/\/noticiasribeiraopreto.com.br\/index.php\/wp-json\/wp\/v2\/comments?post=80418"}],"version-history":[{"count":0,"href":"https:\/\/noticiasribeiraopreto.com.br\/index.php\/wp-json\/wp\/v2\/posts\/80418\/revisions"}],"wp:featuredmedia":[{"embeddable":true,"href":"https:\/\/noticiasribeiraopreto.com.br\/index.php\/wp-json\/wp\/v2\/media\/80419"}],"wp:attachment":[{"href":"https:\/\/noticiasribeiraopreto.com.br\/index.php\/wp-json\/wp\/v2\/media?parent=80418"}],"wp:term":[{"taxonomy":"category","embeddable":true,"href":"https:\/\/noticiasribeiraopreto.com.br\/index.php\/wp-json\/wp\/v2\/categories?post=80418"},{"taxonomy":"post_tag","embeddable":true,"href":"https:\/\/noticiasribeiraopreto.com.br\/index.php\/wp-json\/wp\/v2\/tags?post=80418"}],"curies":[{"name":"wp","href":"https:\/\/api.w.org\/{rel}","templated":true}]}}