{"id":80420,"date":"2025-12-03T11:13:31","date_gmt":"2025-12-03T14:13:31","guid":{"rendered":"https:\/\/noticiasribeiraopreto.com.br\/index.php\/2025\/12\/03\/saiba-o-que-fazer-se-seu-filho-for-picado-por-escorpiao-em-ribeirao-preto\/"},"modified":"2025-12-03T11:13:31","modified_gmt":"2025-12-03T14:13:31","slug":"saiba-o-que-fazer-se-seu-filho-for-picado-por-escorpiao-em-ribeirao-preto","status":"publish","type":"post","link":"https:\/\/noticiasribeiraopreto.com.br\/index.php\/2025\/12\/03\/saiba-o-que-fazer-se-seu-filho-for-picado-por-escorpiao-em-ribeirao-preto\/","title":{"rendered":"Saiba o que fazer se seu filho for picado por escorpi\u00e3o em Ribeir\u00e3o Preto"},"content":{"rendered":"<div class='code-block code-block-1' style='margin: 8px 0 8px auto; text-align: right; display: block; clear: both;'>\n<p><a href=\"https:\/\/wa.link\/vpicfd\"><img data-recalc-dims=\"1\" class=\"wp-image-4922\" style=\"aspect-ratio: 2.0253164556962027; width: 561px; height: auto;\" src=\"https:\/\/i0.wp.com\/ismaelcolosi.com.br\/wp-content\/uploads\/2023\/11\/grupo-de-empregos-whatsapp-e-facebook-ismael-colosi-vagas.jpg?ssl=1\" alt=\"\" \/><\/a><\/p>\n<!-- \/wp:image -->\n<\/div>\n<p> <br \/>\n<\/p>\n<div>\n<p>A <a href=\"https:\/\/www.ribeiraopreto.sp.gov.br\/portal\/saude\/\" data-type=\"link\" data-id=\"https:\/\/www.ribeiraopreto.sp.gov.br\/portal\/saude\/\" target=\"_blank\" rel=\"noopener\">Secretaria Municipal da Sa\u00fade de Ribeir\u00e3o Preto<\/a> atualizou o protocolo de atendimento a v\u00edtimas de acidentes com escorpi\u00e3o. A partir de agora, crian\u00e7as de 0 a 10 anos t\u00eam acesso direto ao <strong>HC-UE (Hospital das Cl\u00ednicas Unidade de Emerg\u00eancia) <\/strong>para avalia\u00e7\u00e3o imediata e poss\u00edvel administra\u00e7\u00e3o de soro antiescorpi\u00f4nico.<\/p>\n<p>De acordo com<strong> Luzia M\u00e1rcia Romanholi Passos<\/strong>, subsecret\u00e1ria de Vigil\u00e2ncia em Sa\u00fade, a atualiza\u00e7\u00e3o busca agilizar o atendimento de casos potencialmente graves e reduzir o tempo entre a picada e a assist\u00eancia m\u00e9dica, considerado determinante para o desfecho cl\u00ednico em crian\u00e7as pequenas.<\/p>\n<h2 class=\"wp-block-heading\"><strong>Maiores de 11 anos<\/strong><\/h2>\n<p>Para pacientes acima de 11 anos, a orienta\u00e7\u00e3o permanece a de procurar a <strong>UPA (Unidade de Pronto Atendimento) <\/strong>mais pr\u00f3xima para avalia\u00e7\u00e3o inicial. Somente casos classificados como moderados ou graves, ap\u00f3s avalia\u00e7\u00e3o m\u00e9dica nas unidades, ser\u00e3o encaminhados ao HC-UE caso haja necessidade de tratamento especializado ou uso de soro.<\/p>\n<p>A revis\u00e3o do protocolo ocorre em meio ao aumento de notifica\u00e7\u00f5es de escorpi\u00f5es em \u00e1reas urbanas, fen\u00f4meno associado ao calor, ao per\u00edodo de chuvas e \u00e0 expans\u00e3o de habitats favor\u00e1veis ao animal. De janeiro a outubro, foram registrados 1.531 casos.<\/p>\n<p>\u201c\u00c9 importante buscar atendimento imediato diante de qualquer suspeita de picada. Sintomas como dor intensa, v\u00f4mitos, sudorese e altera\u00e7\u00e3o no ritmo card\u00edaco exigem avalia\u00e7\u00e3o urgente, especialmente em crian\u00e7as pequenas, consideradas mais vulner\u00e1veis aos efeitos do veneno\u201d, afirmou Luzia.<\/p>\n<p><mark style=\"background-color:#fcb900\" class=\"has-inline-color has-black-color\">O HC-UE fica localizado na Rua Bernardino de Campos, 1000, Centro.<\/mark><\/p>\n<h2 class=\"wp-block-heading\"><strong>Preven\u00e7\u00e3o<\/strong><\/h2>\n<p>A principal forma de evitar acidentes \u00e9 manter os ambientes limpos e eliminar locais que possam servir de abrigo ou alimento para escorpi\u00f5es.<\/p>\n<p>Entre as medidas recomendadas est\u00e3o manter quintais, jardins e terrenos pr\u00f3ximos sempre limpos; evitar ac\u00famulo de entulhos, lixo, folhas secas e materiais de constru\u00e7\u00e3o; aparar a grama; sacudir roupas e sapatos antes do uso; usar luvas e cal\u00e7ados ao manusear entulhos; vedar portas, janelas, frestas, ralos e v\u00e3os; manter camas afastadas das paredes e roupas de cama longe do ch\u00e3o; e acondicionar corretamente o lixo para evitar baratas.<\/p>\n<p>SAIBA MAIS<br \/>Chuva e tempestade: Defesa Civil alerta para mudan\u00e7a no tempo em SP<\/p>\n<h2 class=\"wp-block-heading\"><strong>FIQUE ON<\/strong><\/h2>\n<p>Fique ligado em tudo que acontece em Ribeir\u00e3o Preto e regi\u00e3o. Siga os perfis do\u00a0<strong>acidade on<\/strong>\u00a0no\u00a0<a href=\"https:\/\/www.instagram.com\/acidadeonribeirao\" target=\"_blank\" rel=\"noreferrer noopener\">Instagram<\/a>\u00a0e no\u00a0<a href=\"https:\/\/www.facebook.com\/acidadeonribeirao\/\" target=\"_blank\" rel=\"noreferrer noopener\">Facebook<\/a>.<\/p>\n<p>Receba not\u00edcias do\u00a0<strong>acidade on\u00a0<\/strong>no WhatsApp. Para entrar no grupo,\u00a0basta<a href=\"https:\/\/chat.whatsapp.com\/I4nieTEMKlf50pJ28aMemC?mode=ac_t\" target=\"_blank\" rel=\"noreferrer noopener\">\u00a0clicar aqui<\/a>. Ou, acesse o nosso\u00a0Canal\u00a0<a href=\"https:\/\/whatsapp.com\/channel\/0029Vb6IQl1JENyAeS57fk2p\" target=\"_blank\" rel=\"noreferrer noopener\">clicando aqui<\/a>.<\/p>\n<p>Fa\u00e7a uma den\u00fancia ou sugira uma reportagem sobre Ribeir\u00e3o Preto e regi\u00e3o pelo WhatsApp: 16 99117 7802.<\/p>\n<p>VEJA TAMB\u00c9M<br \/>Salada X Molho: Qual a diferen\u00e7a dos dois tipos de tomate?<\/p>\n<p><!-- AI CONTENT END 1 -->\n<\/div>\n<p><script async src=\"\/\/www.instagram.com\/embed.js\"><\/script><br \/>\n<br \/><br \/>\n<br \/><a href=\"https:\/\/www.acidadeon.com\/ribeiraopreto\/cotidiano\/saiba-o-que-fazer-se-seu-filho-for-picado-por-escorpiao-em-ribeirao-preto\/\">Source link <\/a><\/p>\n<!-- CONTENT END 1 -->\n","protected":false},"excerpt":{"rendered":"<p>A Secretaria Municipal da Sa\u00fade de Ribeir\u00e3o Preto atualizou o protocolo de atendimento a v\u00edtimas de acidentes com escorpi\u00e3o. A partir de agora, crian\u00e7as de&#8230;<\/p>\n","protected":false},"author":1,"featured_media":75229,"comment_status":"open","ping_status":"open","sticky":false,"template":"","format":"standard","meta":{"advanced_seo_description":"","jetpack_seo_html_title":"","jetpack_seo_noindex":false,"jetpack_post_was_ever_published":false,"_jetpack_newsletter_access":"","_jetpack_dont_email_post_to_subs":false,"_jetpack_newsletter_tier_id":0,"_jetpack_memberships_contains_paywalled_content":false,"_jetpack_memberships_contains_paid_content":false,"footnotes":"","jetpack_publicize_message":"","jetpack_publicize_feature_enabled":true,"jetpack_social_post_already_shared":true,"jetpack_social_options":{"image_generator_settings":{"template":"highway","default_image_id":0,"font":"","enabled":false},"version":2}},"categories":[11],"tags":[],"class_list":["post-80420","post","type-post","status-publish","format-standard","has-post-thumbnail","hentry","category-noticias-de-ribeirao-preto-sp-e-regiao-ismael-colosi"],"jetpack_publicize_connections":[],"jetpack_featured_media_url":"https:\/\/i0.wp.com\/noticiasribeiraopreto.com.br\/wp-content\/uploads\/2025\/08\/Copia-de-Copia-de-Copia-de-TAMANHO-EXATO-PARA-FOTOS-NO-SISTEMA-NOVO-2025-08-05T161300.519_2025-08-05_19-14-16.webp.webp?fit=1200%2C675&ssl=1","jetpack-related-posts":[{"id":80394,"url":"https:\/\/noticiasribeiraopreto.com.br\/index.php\/2025\/12\/03\/protocolo-antiescorpiao-prioriza-criancas-tribuna-ribeirao\/","url_meta":{"origin":80420,"position":0},"title":"Protocolo antiescorpi\u00e3o \u2028prioriza crian\u00e7as &#8211; Tribuna Ribeir\u00e3o","author":"noticiasribeiraopreto.com.br","date":"3 de December de 2025","format":false,"excerpt":"Mudan\u00e7a busca agilizar atendimentos pedi\u00e1tricos e organizar fluxos de casos moderados a graves; crian\u00e7as t~em livre acesso ao Hospital das Cl\u00ednicas\u2028\u2028 A prefeitura de Ribeir\u00e3o Preto, por meio da Secretaria Municipal da Sa\u00fade atualizou o protocolo para atendimento a v\u00edtimas de acidentes com escorpi\u00f5es. A partir de agora, crian\u00e7as de\u2026","rel":"","context":"In &quot;Not\u00edcias de Ribeir\u00e3o Preto-SP e Regi\u00e3o&quot;","block_context":{"text":"Not\u00edcias de Ribeir\u00e3o Preto-SP e Regi\u00e3o","link":"https:\/\/noticiasribeiraopreto.com.br\/index.php\/category\/noticias-de-ribeirao-preto-sp-e-regiao-ismael-colosi\/"},"img":{"alt_text":"","src":"https:\/\/i0.wp.com\/noticiasribeiraopreto.com.br\/wp-content\/uploads\/2025\/12\/Escorpiao-Reproducao.jpg?fit=1200%2C675&ssl=1&resize=350%2C200","width":350,"height":200,"srcset":"https:\/\/i0.wp.com\/noticiasribeiraopreto.com.br\/wp-content\/uploads\/2025\/12\/Escorpiao-Reproducao.jpg?fit=1200%2C675&ssl=1&resize=350%2C200 1x, https:\/\/i0.wp.com\/noticiasribeiraopreto.com.br\/wp-content\/uploads\/2025\/12\/Escorpiao-Reproducao.jpg?fit=1200%2C675&ssl=1&resize=525%2C300 1.5x, https:\/\/i0.wp.com\/noticiasribeiraopreto.com.br\/wp-content\/uploads\/2025\/12\/Escorpiao-Reproducao.jpg?fit=1200%2C675&ssl=1&resize=700%2C400 2x, https:\/\/i0.wp.com\/noticiasribeiraopreto.com.br\/wp-content\/uploads\/2025\/12\/Escorpiao-Reproducao.jpg?fit=1200%2C675&ssl=1&resize=1050%2C600 3x"},"classes":[]},{"id":74047,"url":"https:\/\/noticiasribeiraopreto.com.br\/index.php\/2025\/07\/15\/cresce-o-numero-de-acidentes-com-escorpiao-em-ribeirao-preto-veja-dicas\/","url_meta":{"origin":80420,"position":1},"title":"Cresce o n\u00famero de acidentes com escorpi\u00e3o em Ribeir\u00e3o Preto; Veja dicas","author":"noticiasribeiraopreto.com.br","date":"15 de July de 2025","format":false,"excerpt":"O n\u00famero de acidentes com escorpi\u00e3o aumentou 32,9% no primeiro semestre de 2025, na compara\u00e7\u00e3o com o mesmo per\u00edodo do ano passado, em Ribeir\u00e3o Preto. Segundo dados da Divis\u00e3o de Vigil\u00e2ncia Epidemiol\u00f3gica (DVE) de Ribeir\u00e3o, nos seis primeiros meses de 2025 foram registrados 888 casos na cidade contra 668 no\u2026","rel":"","context":"In &quot;Not\u00edcias de Ribeir\u00e3o Preto-SP e Regi\u00e3o&quot;","block_context":{"text":"Not\u00edcias de Ribeir\u00e3o Preto-SP e Regi\u00e3o","link":"https:\/\/noticiasribeiraopreto.com.br\/index.php\/category\/noticias-de-ribeirao-preto-sp-e-regiao-ismael-colosi\/"},"img":{"alt_text":"","src":"https:\/\/i0.wp.com\/noticiasribeiraopreto.com.br\/wp-content\/uploads\/2025\/07\/escorpiao_acidente_1200x675_21092021105000.jpg?fit=1200%2C675&ssl=1&resize=350%2C200","width":350,"height":200,"srcset":"https:\/\/i0.wp.com\/noticiasribeiraopreto.com.br\/wp-content\/uploads\/2025\/07\/escorpiao_acidente_1200x675_21092021105000.jpg?fit=1200%2C675&ssl=1&resize=350%2C200 1x, https:\/\/i0.wp.com\/noticiasribeiraopreto.com.br\/wp-content\/uploads\/2025\/07\/escorpiao_acidente_1200x675_21092021105000.jpg?fit=1200%2C675&ssl=1&resize=525%2C300 1.5x, https:\/\/i0.wp.com\/noticiasribeiraopreto.com.br\/wp-content\/uploads\/2025\/07\/escorpiao_acidente_1200x675_21092021105000.jpg?fit=1200%2C675&ssl=1&resize=700%2C400 2x, https:\/\/i0.wp.com\/noticiasribeiraopreto.com.br\/wp-content\/uploads\/2025\/07\/escorpiao_acidente_1200x675_21092021105000.jpg?fit=1200%2C675&ssl=1&resize=1050%2C600 3x"},"classes":[]},{"id":82542,"url":"https:\/\/noticiasribeiraopreto.com.br\/index.php\/2026\/02\/18\/ribeirao-preto-registra-199-ataques-de-escorpiao-em-janeiro-de-2026\/","url_meta":{"origin":80420,"position":2},"title":"Ribeir\u00e3o Preto registra 199 ataques de escorpi\u00e3o em janeiro de 2026","author":"noticiasribeiraopreto.com.br","date":"18 de February de 2026","format":false,"excerpt":"Ribeir\u00e3o Preto encerrou 2025 com 1.998 ataques de escorpi\u00e3o, segundo dados do painel da Secretaria Municipal da Sa\u00fade. O n\u00famero representa aumento de 33,02% em rela\u00e7\u00e3o a 2024, quando a cidade contabilizou 1.502 ocorr\u00eancias. Ao todo, o munic\u00edpio registrou 496 casos a mais em um ano \u2014 m\u00e9dia de um\u2026","rel":"","context":"In &quot;Not\u00edcias de Ribeir\u00e3o Preto-SP e Regi\u00e3o&quot;","block_context":{"text":"Not\u00edcias de Ribeir\u00e3o Preto-SP e Regi\u00e3o","link":"https:\/\/noticiasribeiraopreto.com.br\/index.php\/category\/noticias-de-ribeirao-preto-sp-e-regiao-ismael-colosi\/"},"img":{"alt_text":"","src":"https:\/\/i0.wp.com\/noticiasribeiraopreto.com.br\/wp-content\/uploads\/2026\/02\/escorpiao-amarelo.jpg?fit=800%2C450&ssl=1&resize=350%2C200","width":350,"height":200,"srcset":"https:\/\/i0.wp.com\/noticiasribeiraopreto.com.br\/wp-content\/uploads\/2026\/02\/escorpiao-amarelo.jpg?fit=800%2C450&ssl=1&resize=350%2C200 1x, https:\/\/i0.wp.com\/noticiasribeiraopreto.com.br\/wp-content\/uploads\/2026\/02\/escorpiao-amarelo.jpg?fit=800%2C450&ssl=1&resize=525%2C300 1.5x, https:\/\/i0.wp.com\/noticiasribeiraopreto.com.br\/wp-content\/uploads\/2026\/02\/escorpiao-amarelo.jpg?fit=800%2C450&ssl=1&resize=700%2C400 2x"},"classes":[]},{"id":83152,"url":"https:\/\/noticiasribeiraopreto.com.br\/index.php\/2026\/03\/11\/ribeirao-fecha-bimestre-com-388-ataques-de-escorpioes\/","url_meta":{"origin":80420,"position":3},"title":"Ribeir\u00e3o fecha bimestre\u2028 com 388 ataques de escorpi\u00f5es","author":"noticiasribeiraopreto.com.br","date":"11 de March de 2026","format":false,"excerpt":"Ribeir\u00e3o Preto encerrou 2025 com 1.998 ataques de escorpi\u00f5es, contra 1.502 de 2024; s\u00e3o 496 mais e crescimento de 33,02% Ribeir\u00e3o Preto encerrou 2025 com 1.999 ataques de escorpi\u00e3o, m\u00e9dia de um caso a cada quatro horas e meia, segundo dados do painel da Secretaria Municipal da Sa\u00fade. O n\u00famero\u2026","rel":"","context":"In &quot;Not\u00edcias de Ribeir\u00e3o Preto-SP e Regi\u00e3o&quot;","block_context":{"text":"Not\u00edcias de Ribeir\u00e3o Preto-SP e Regi\u00e3o","link":"https:\/\/noticiasribeiraopreto.com.br\/index.php\/category\/noticias-de-ribeirao-preto-sp-e-regiao-ismael-colosi\/"},"img":{"alt_text":"","src":"https:\/\/i0.wp.com\/noticiasribeiraopreto.com.br\/wp-content\/uploads\/2026\/03\/Escorpiao-Redes-sociais-Reproducao-scaled.jpeg?fit=1180%2C780&ssl=1&resize=350%2C200","width":350,"height":200,"srcset":"https:\/\/i0.wp.com\/noticiasribeiraopreto.com.br\/wp-content\/uploads\/2026\/03\/Escorpiao-Redes-sociais-Reproducao-scaled.jpeg?fit=1180%2C780&ssl=1&resize=350%2C200 1x, https:\/\/i0.wp.com\/noticiasribeiraopreto.com.br\/wp-content\/uploads\/2026\/03\/Escorpiao-Redes-sociais-Reproducao-scaled.jpeg?fit=1180%2C780&ssl=1&resize=525%2C300 1.5x, https:\/\/i0.wp.com\/noticiasribeiraopreto.com.br\/wp-content\/uploads\/2026\/03\/Escorpiao-Redes-sociais-Reproducao-scaled.jpeg?fit=1180%2C780&ssl=1&resize=700%2C400 2x, https:\/\/i0.wp.com\/noticiasribeiraopreto.com.br\/wp-content\/uploads\/2026\/03\/Escorpiao-Redes-sociais-Reproducao-scaled.jpeg?fit=1180%2C780&ssl=1&resize=1050%2C600 3x"},"classes":[]},{"id":82438,"url":"https:\/\/noticiasribeiraopreto.com.br\/index.php\/2026\/02\/14\/rp-fecha-janeiro-com-199-ataques\/","url_meta":{"origin":80420,"position":4},"title":"RP fecha janeiro com 199 ataques","author":"noticiasribeiraopreto.com.br","date":"14 de February de 2026","format":false,"excerpt":"Ribeir\u00e3o Preto encerrou 2025 com 1.998 ataques de escorpi\u00e3o, m\u00e9dia de um caso a cada quatro horas e meia, segundo dados do painel da Secretaria Municipal da Sa\u00fade. O n\u00famero \u00e9 33,02% superior as 1.502 ocorr\u00eancias de 2024. S\u00e3o 496 a mais. Em janeiro deste ano foram 199 ataques, 52\u2026","rel":"","context":"In &quot;Not\u00edcias de Ribeir\u00e3o Preto-SP e Regi\u00e3o&quot;","block_context":{"text":"Not\u00edcias de Ribeir\u00e3o Preto-SP e Regi\u00e3o","link":"https:\/\/noticiasribeiraopreto.com.br\/index.php\/category\/noticias-de-ribeirao-preto-sp-e-regiao-ismael-colosi\/"},"img":{"alt_text":"","src":"https:\/\/i0.wp.com\/noticiasribeiraopreto.com.br\/wp-content\/uploads\/2026\/02\/Escorpiao-Getty-Images-scaled.jpg?fit=1192%2C780&ssl=1&resize=350%2C200","width":350,"height":200,"srcset":"https:\/\/i0.wp.com\/noticiasribeiraopreto.com.br\/wp-content\/uploads\/2026\/02\/Escorpiao-Getty-Images-scaled.jpg?fit=1192%2C780&ssl=1&resize=350%2C200 1x, https:\/\/i0.wp.com\/noticiasribeiraopreto.com.br\/wp-content\/uploads\/2026\/02\/Escorpiao-Getty-Images-scaled.jpg?fit=1192%2C780&ssl=1&resize=525%2C300 1.5x, https:\/\/i0.wp.com\/noticiasribeiraopreto.com.br\/wp-content\/uploads\/2026\/02\/Escorpiao-Getty-Images-scaled.jpg?fit=1192%2C780&ssl=1&resize=700%2C400 2x, https:\/\/i0.wp.com\/noticiasribeiraopreto.com.br\/wp-content\/uploads\/2026\/02\/Escorpiao-Getty-Images-scaled.jpg?fit=1192%2C780&ssl=1&resize=1050%2C600 3x"},"classes":[]},{"id":35011,"url":"https:\/\/noticiasribeiraopreto.com.br\/index.php\/2024\/02\/04\/regiao-tem-4-174-ataques-de-animais-peconhentos-em-2023\/","url_meta":{"origin":80420,"position":5},"title":"Regi\u00e3o tem 4.174 \u00a0ataques de animais pe\u00e7onhentos em 2023\u00a0","author":"noticiasribeiraopreto.com.br","date":"4 de February de 2024","format":false,"excerpt":"4 de fevereiro de 2024 | 17:003 de fevereiro de 2024 | 12:02 0A Secretaria de Estado da Sa\u00fade lan\u00e7ou uma ferramenta online para facilitar a localiza\u00e7\u00e3o e identifica\u00e7\u00e3o dos 220 pontos de atendimento soroter\u00e1pico para v\u00edtimas de escorpi\u00e3o, aranha, serpente e lagartas. O Mapa Interativo, desenvolvido pelo Centro de\u2026","rel":"","context":"In &quot;Not\u00edcias de Ribeir\u00e3o Preto-SP e Regi\u00e3o&quot;","block_context":{"text":"Not\u00edcias de Ribeir\u00e3o Preto-SP e Regi\u00e3o","link":"https:\/\/noticiasribeiraopreto.com.br\/index.php\/category\/noticias-de-ribeirao-preto-sp-e-regiao-ismael-colosi\/"},"img":{"alt_text":"","src":"https:\/\/i0.wp.com\/noticiasribeiraopreto.com.br\/wp-content\/uploads\/2024\/02\/t_serrulatus-scaled.jpg?fit=1000%2C525&ssl=1&resize=350%2C200","width":350,"height":200,"srcset":"https:\/\/i0.wp.com\/noticiasribeiraopreto.com.br\/wp-content\/uploads\/2024\/02\/t_serrulatus-scaled.jpg?fit=1000%2C525&ssl=1&resize=350%2C200 1x, https:\/\/i0.wp.com\/noticiasribeiraopreto.com.br\/wp-content\/uploads\/2024\/02\/t_serrulatus-scaled.jpg?fit=1000%2C525&ssl=1&resize=525%2C300 1.5x, https:\/\/i0.wp.com\/noticiasribeiraopreto.com.br\/wp-content\/uploads\/2024\/02\/t_serrulatus-scaled.jpg?fit=1000%2C525&ssl=1&resize=700%2C400 2x"},"classes":[]}],"jetpack_sharing_enabled":true,"jetpack_shortlink":"https:\/\/wp.me\/peQAOb-kV6","_links":{"self":[{"href":"https:\/\/noticiasribeiraopreto.com.br\/index.php\/wp-json\/wp\/v2\/posts\/80420","targetHints":{"allow":["GET"]}}],"collection":[{"href":"https:\/\/noticiasribeiraopreto.com.br\/index.php\/wp-json\/wp\/v2\/posts"}],"about":[{"href":"https:\/\/noticiasribeiraopreto.com.br\/index.php\/wp-json\/wp\/v2\/types\/post"}],"author":[{"embeddable":true,"href":"https:\/\/noticiasribeiraopreto.com.br\/index.php\/wp-json\/wp\/v2\/users\/1"}],"replies":[{"embeddable":true,"href":"https:\/\/noticiasribeiraopreto.com.br\/index.php\/wp-json\/wp\/v2\/comments?post=80420"}],"version-history":[{"count":0,"href":"https:\/\/noticiasribeiraopreto.com.br\/index.php\/wp-json\/wp\/v2\/posts\/80420\/revisions"}],"wp:featuredmedia":[{"embeddable":true,"href":"https:\/\/noticiasribeiraopreto.com.br\/index.php\/wp-json\/wp\/v2\/media\/75229"}],"wp:attachment":[{"href":"https:\/\/noticiasribeiraopreto.com.br\/index.php\/wp-json\/wp\/v2\/media?parent=80420"}],"wp:term":[{"taxonomy":"category","embeddable":true,"href":"https:\/\/noticiasribeiraopreto.com.br\/index.php\/wp-json\/wp\/v2\/categories?post=80420"},{"taxonomy":"post_tag","embeddable":true,"href":"https:\/\/noticiasribeiraopreto.com.br\/index.php\/wp-json\/wp\/v2\/tags?post=80420"}],"curies":[{"name":"wp","href":"https:\/\/api.w.org\/{rel}","templated":true}]}}