{"id":80421,"date":"2025-12-03T12:27:08","date_gmt":"2025-12-03T15:27:08","guid":{"rendered":"https:\/\/noticiasribeiraopreto.com.br\/index.php\/2025\/12\/03\/carro-com-gravida-tomba-em-batida-na-regiao-de-ribeirao-preto-video\/"},"modified":"2025-12-03T12:27:08","modified_gmt":"2025-12-03T15:27:08","slug":"carro-com-gravida-tomba-em-batida-na-regiao-de-ribeirao-preto-video","status":"publish","type":"post","link":"https:\/\/noticiasribeiraopreto.com.br\/index.php\/2025\/12\/03\/carro-com-gravida-tomba-em-batida-na-regiao-de-ribeirao-preto-video\/","title":{"rendered":"Carro com gr\u00e1vida tomba em batida na regi\u00e3o de Ribeir\u00e3o Preto; V\u00eddeo"},"content":{"rendered":"<div class='code-block code-block-1' style='margin: 8px 0 8px auto; text-align: right; display: block; clear: both;'>\n<p><a href=\"https:\/\/wa.link\/vpicfd\"><img data-recalc-dims=\"1\" class=\"wp-image-4922\" style=\"aspect-ratio: 2.0253164556962027; width: 561px; height: auto;\" src=\"https:\/\/i0.wp.com\/ismaelcolosi.com.br\/wp-content\/uploads\/2023\/11\/grupo-de-empregos-whatsapp-e-facebook-ismael-colosi-vagas.jpg?ssl=1\" alt=\"\" \/><\/a><\/p>\n<!-- \/wp:image -->\n<\/div>\n<p> <br \/>\n<\/p>\n<div data-td-block-uid=\"tdi_95\">\n<div class=\"tdb-block-inner td-fix-index\">\n<p><strong>Uma mulher gr\u00e1vida foi socorrida nesta ter\u00e7a-feira (2), depois do carro em que ela estava se envolver em uma batida e tombar na avenida Prefeito Newton Reis, em Jardin\u00f3polis.<\/strong><\/p>\n<p><mark style=\"background-color:#fcb900\" class=\"has-inline-color has-black-color\">Segundo informa\u00e7\u00f5es, a gr\u00e1vida seguia como passageira no ve\u00edculo conduzido pelo marido, quando o carro foi atingido por outro autom\u00f3vel, na esquina da avenida com a Pra\u00e7a Olavo Bilac.<\/mark><\/p>\n<p>Ainda conforme as informa\u00e7\u00f5es, o outro motorista envolvido teria deixado o local.<\/p>\n<p>Uma equipe do Samu prestou os primeiros socorros. Apesar do susto, a gr\u00e1vida, o beb\u00ea e o marido passam bem.<\/p>\n<p>As causas ainda dever\u00e3o ser apuradas.<\/p>\n<blockquote class=\"instagram-media\" data-instgrm-permalink=\"https:\/\/www.instagram.com\/reel\/DRzhnroDsTR\/?utm_source=ig_embed&amp;utm_campaign=loading\" data-instgrm-version=\"14\" style=\" background:#FFF; border:0; border-radius:3px; box-shadow:0 0 1px 0 rgba(0,0,0,0.5),0 1px 10px 0 rgba(0,0,0,0.15); margin: 1px; max-width:540px; min-width:326px; padding:0; width:99.375%; width:-webkit-calc(100% - 2px); width:calc(100% - 2px);\"\/>\n<p>SAIBA MAIS<\/p>\n<p>Carro bate em poste e causa interdi\u00e7\u00e3o na Via Norte em Ribeir\u00e3o Preto; V\u00eddeo<\/p>\n<h2 class=\"wp-block-heading\"><strong>FIQUE ON<\/strong><\/h2>\n<p>Fique ligado em tudo que acontece em Ribeir\u00e3o Preto e regi\u00e3o. Siga os perfis do\u00a0<strong>acidade on<\/strong>\u00a0no\u00a0<a href=\"https:\/\/www.instagram.com\/acidadeonribeirao\" target=\"_blank\" rel=\"noreferrer noopener\">Instagram<\/a>\u00a0e no\u00a0<a href=\"https:\/\/www.facebook.com\/acidadeonribeirao\/\" target=\"_blank\" rel=\"noreferrer noopener\">Facebook<\/a>.<\/p>\n<p>Receba not\u00edcias do\u00a0<strong>acidade on\u00a0<\/strong>no WhatsApp. Para entrar no grupo,\u00a0basta<a href=\"https:\/\/chat.whatsapp.com\/I4nieTEMKlf50pJ28aMemC?mode=ac_t\" target=\"_blank\" rel=\"noreferrer noopener\">\u00a0clicar aqui<\/a>. Ou, acesse o nosso\u00a0Canal\u00a0<a href=\"https:\/\/whatsapp.com\/channel\/0029Vb6IQl1JENyAeS57fk2p\" target=\"_blank\" rel=\"noreferrer noopener\">clicando aqui<\/a>.<\/p>\n<p>Fa\u00e7a uma den\u00fancia ou sugira uma reportagem sobre Ribeir\u00e3o Preto e regi\u00e3o pelo WhatsApp: 16 99117 7802.<\/p>\n<p>VEJA TAMB\u00c9M<\/p>\n<p>Qual era a idade do menino que morreu na jaula de leoa?<\/p>\n<p><!-- AI CONTENT END 1 -->\n<\/div>\n<\/div>\n<p><script async src=\"\/\/www.instagram.com\/embed.js\"><\/script><br \/>\n<br \/><br \/>\n<br \/><a href=\"https:\/\/www.acidadeon.com\/ribeiraopreto\/cotidiano\/carro-com-gravida-tomba-em-batida-na-regiao-de-ribeirao-preto-video\/\">Source link <\/a><\/p>\n<!-- CONTENT END 1 -->\n","protected":false},"excerpt":{"rendered":"<p>Uma mulher gr\u00e1vida foi socorrida nesta ter\u00e7a-feira (2), depois do carro em que ela estava se envolver em uma batida e tombar na avenida Prefeito&#8230;<\/p>\n","protected":false},"author":1,"featured_media":80422,"comment_status":"open","ping_status":"open","sticky":false,"template":"","format":"standard","meta":{"advanced_seo_description":"","jetpack_seo_html_title":"","jetpack_seo_noindex":false,"jetpack_post_was_ever_published":false,"_jetpack_newsletter_access":"","_jetpack_dont_email_post_to_subs":false,"_jetpack_newsletter_tier_id":0,"_jetpack_memberships_contains_paywalled_content":false,"_jetpack_memberships_contains_paid_content":false,"footnotes":"","jetpack_publicize_message":"","jetpack_publicize_feature_enabled":true,"jetpack_social_post_already_shared":true,"jetpack_social_options":{"image_generator_settings":{"template":"highway","default_image_id":0,"font":"","enabled":false},"version":2}},"categories":[11],"tags":[],"class_list":["post-80421","post","type-post","status-publish","format-standard","has-post-thumbnail","hentry","category-noticias-de-ribeirao-preto-sp-e-regiao-ismael-colosi"],"jetpack_publicize_connections":[],"jetpack_featured_media_url":"https:\/\/i0.wp.com\/noticiasribeiraopreto.com.br\/wp-content\/uploads\/2025\/12\/CARRO_2025-12-03_14-47-26.webp.webp?fit=667%2C426&ssl=1","jetpack-related-posts":[{"id":63316,"url":"https:\/\/noticiasribeiraopreto.com.br\/index.php\/2025\/02\/10\/motociclista-morre-apos-batida-em-avenida-da-zona-norte-de-ribeirao-preto\/","url_meta":{"origin":80421,"position":0},"title":"Motociclista morre ap\u00f3s batida em avenida da zona Norte de Ribeir\u00e3o Preto","author":"noticiasribeiraopreto.com.br","date":"10 de February de 2025","format":false,"excerpt":"Uma motociclista de 36 anos morreu ap\u00f3s se envolver em uma batida com um carro, na avenida Dom Pedro I, pr\u00f3ximo ao numeral 295, na zona Norte de Ribeir\u00e3o Preto, na madrugada do \u00faltimo s\u00e1bado (8). De acordo com as informa\u00e7\u00f5es do boletim de ocorr\u00eancia (BO), o carro seguia no\u2026","rel":"","context":"In &quot;Not\u00edcias de Ribeir\u00e3o Preto-SP e Regi\u00e3o&quot;","block_context":{"text":"Not\u00edcias de Ribeir\u00e3o Preto-SP e Regi\u00e3o","link":"https:\/\/noticiasribeiraopreto.com.br\/index.php\/category\/noticias-de-ribeirao-preto-sp-e-regiao-ismael-colosi\/"},"img":{"alt_text":"","src":"https:\/\/i0.wp.com\/noticiasribeiraopreto.com.br\/wp-content\/uploads\/2025\/02\/Copia-de-Copia-de-Copia-de-TAMANHO-EXATO-PARA-FOTOS-NO-SISTEMA-NOVO-2025-02-10T095858.686_2025-02-10_12-59-35_png_2025-02-10_12-59-35.webp.webp?fit=1200%2C675&ssl=1&resize=350%2C200","width":350,"height":200,"srcset":"https:\/\/i0.wp.com\/noticiasribeiraopreto.com.br\/wp-content\/uploads\/2025\/02\/Copia-de-Copia-de-Copia-de-TAMANHO-EXATO-PARA-FOTOS-NO-SISTEMA-NOVO-2025-02-10T095858.686_2025-02-10_12-59-35_png_2025-02-10_12-59-35.webp.webp?fit=1200%2C675&ssl=1&resize=350%2C200 1x, https:\/\/i0.wp.com\/noticiasribeiraopreto.com.br\/wp-content\/uploads\/2025\/02\/Copia-de-Copia-de-Copia-de-TAMANHO-EXATO-PARA-FOTOS-NO-SISTEMA-NOVO-2025-02-10T095858.686_2025-02-10_12-59-35_png_2025-02-10_12-59-35.webp.webp?fit=1200%2C675&ssl=1&resize=525%2C300 1.5x, https:\/\/i0.wp.com\/noticiasribeiraopreto.com.br\/wp-content\/uploads\/2025\/02\/Copia-de-Copia-de-Copia-de-TAMANHO-EXATO-PARA-FOTOS-NO-SISTEMA-NOVO-2025-02-10T095858.686_2025-02-10_12-59-35_png_2025-02-10_12-59-35.webp.webp?fit=1200%2C675&ssl=1&resize=700%2C400 2x, https:\/\/i0.wp.com\/noticiasribeiraopreto.com.br\/wp-content\/uploads\/2025\/02\/Copia-de-Copia-de-Copia-de-TAMANHO-EXATO-PARA-FOTOS-NO-SISTEMA-NOVO-2025-02-10T095858.686_2025-02-10_12-59-35_png_2025-02-10_12-59-35.webp.webp?fit=1200%2C675&ssl=1&resize=1050%2C600 3x"},"classes":[]},{"id":63850,"url":"https:\/\/noticiasribeiraopreto.com.br\/index.php\/2025\/02\/24\/motociclista-sofre-fratura-na-perna-apos-batida-com-carro-em-avenida-de-ribeirao-preto\/","url_meta":{"origin":80421,"position":1},"title":"Motociclista sofre fratura na perna ap\u00f3s batida com carro em avenida de Ribeir\u00e3o Preto","author":"noticiasribeiraopreto.com.br","date":"24 de February de 2025","format":false,"excerpt":"Uma motociclista ficou ferida na manh\u00e3 desta segunda-feira (24), ap\u00f3s uma batida de moto e carro, no cruzamento da avenida Marechal Costa e Silva com rua Coimbra, na zona Norte de Ribeir\u00e3o Preto, Segundo informa\u00e7\u00f5es da RP Mobi, a v\u00edtima sofreu fratura de f\u00eamur e foi socorrida. A faixa da\u2026","rel":"","context":"In &quot;Not\u00edcias de Ribeir\u00e3o Preto-SP e Regi\u00e3o&quot;","block_context":{"text":"Not\u00edcias de Ribeir\u00e3o Preto-SP e Regi\u00e3o","link":"https:\/\/noticiasribeiraopreto.com.br\/index.php\/category\/noticias-de-ribeirao-preto-sp-e-regiao-ismael-colosi\/"},"img":{"alt_text":"","src":"https:\/\/i0.wp.com\/noticiasribeiraopreto.com.br\/wp-content\/uploads\/2025\/02\/WhatsApp-Image-2025-02-24-at-08.33.09_2025-02-24_11-54-54_jpeg_2025-02-24_11-54-54.webp.webp?fit=1200%2C675&ssl=1&resize=350%2C200","width":350,"height":200,"srcset":"https:\/\/i0.wp.com\/noticiasribeiraopreto.com.br\/wp-content\/uploads\/2025\/02\/WhatsApp-Image-2025-02-24-at-08.33.09_2025-02-24_11-54-54_jpeg_2025-02-24_11-54-54.webp.webp?fit=1200%2C675&ssl=1&resize=350%2C200 1x, https:\/\/i0.wp.com\/noticiasribeiraopreto.com.br\/wp-content\/uploads\/2025\/02\/WhatsApp-Image-2025-02-24-at-08.33.09_2025-02-24_11-54-54_jpeg_2025-02-24_11-54-54.webp.webp?fit=1200%2C675&ssl=1&resize=525%2C300 1.5x, https:\/\/i0.wp.com\/noticiasribeiraopreto.com.br\/wp-content\/uploads\/2025\/02\/WhatsApp-Image-2025-02-24-at-08.33.09_2025-02-24_11-54-54_jpeg_2025-02-24_11-54-54.webp.webp?fit=1200%2C675&ssl=1&resize=700%2C400 2x, https:\/\/i0.wp.com\/noticiasribeiraopreto.com.br\/wp-content\/uploads\/2025\/02\/WhatsApp-Image-2025-02-24-at-08.33.09_2025-02-24_11-54-54_jpeg_2025-02-24_11-54-54.webp.webp?fit=1200%2C675&ssl=1&resize=1050%2C600 3x"},"classes":[]},{"id":47359,"url":"https:\/\/noticiasribeiraopreto.com.br\/index.php\/2024\/04\/25\/carro-capota-depois-de-batida-em-avenida-na-zona-sul-de-ribeirao-preto\/","url_meta":{"origin":80421,"position":2},"title":"Carro capota depois de batida em avenida na zona Sul de Ribeir\u00e3o Preto","author":"noticiasribeiraopreto.com.br","date":"25 de April de 2024","format":false,"excerpt":"Na manh\u00e3 desta quinta-feira (25), um carro capotou depois de uma batida com outro ve\u00edculo no cruzamento da avenida Independ\u00eancia com a rua Jos\u00e9 Leal, na zona Sul de Ribeir\u00e3o Preto. Segundo o Corpo de Bombeiros, duas v\u00edtimas sofreram ferimentos leves e est\u00e3o sendo atendidas pela corpora\u00e7\u00e3o. N\u00e3o h\u00e1 informa\u00e7\u00f5es\u2026","rel":"","context":"In &quot;Not\u00edcias de Ribeir\u00e3o Preto-SP e Regi\u00e3o&quot;","block_context":{"text":"Not\u00edcias de Ribeir\u00e3o Preto-SP e Regi\u00e3o","link":"https:\/\/noticiasribeiraopreto.com.br\/index.php\/category\/noticias-de-ribeirao-preto-sp-e-regiao-ismael-colosi\/"},"img":{"alt_text":"","src":"https:\/\/i0.wp.com\/noticiasribeiraopreto.com.br\/wp-content\/uploads\/2024\/04\/ACIDENTE-2_2024-04-25_12-03-48_jpg.webp.webp?fit=1200%2C870&ssl=1&resize=350%2C200","width":350,"height":200,"srcset":"https:\/\/i0.wp.com\/noticiasribeiraopreto.com.br\/wp-content\/uploads\/2024\/04\/ACIDENTE-2_2024-04-25_12-03-48_jpg.webp.webp?fit=1200%2C870&ssl=1&resize=350%2C200 1x, https:\/\/i0.wp.com\/noticiasribeiraopreto.com.br\/wp-content\/uploads\/2024\/04\/ACIDENTE-2_2024-04-25_12-03-48_jpg.webp.webp?fit=1200%2C870&ssl=1&resize=525%2C300 1.5x, https:\/\/i0.wp.com\/noticiasribeiraopreto.com.br\/wp-content\/uploads\/2024\/04\/ACIDENTE-2_2024-04-25_12-03-48_jpg.webp.webp?fit=1200%2C870&ssl=1&resize=700%2C400 2x, https:\/\/i0.wp.com\/noticiasribeiraopreto.com.br\/wp-content\/uploads\/2024\/04\/ACIDENTE-2_2024-04-25_12-03-48_jpg.webp.webp?fit=1200%2C870&ssl=1&resize=1050%2C600 3x"},"classes":[]},{"id":74518,"url":"https:\/\/noticiasribeiraopreto.com.br\/index.php\/2025\/07\/24\/carro-sobe-em-canteiro-de-avenida-apos-batida-em-ribeirao-preto-video\/","url_meta":{"origin":80421,"position":3},"title":"Carro sobe em canteiro de avenida ap\u00f3s batida em Ribeir\u00e3o Preto; V\u00eddeo","author":"noticiasribeiraopreto.com.br","date":"24 de July de 2025","format":false,"excerpt":"Um carro foi parar no canteiro da avenida Independ\u00eancia depois de uma batida com outro autom\u00f3vel na manh\u00e3 desta quinta-feira (24), em Ribeir\u00e3o Preto. Assista ao v\u00eddeo abaixo. Segundo as informa\u00e7\u00f5es, a colis\u00e3o ocorreu no cruzamento das avenidas Independ\u00eancia e Nove de Julho e, apesar dos estragos, n\u00e3o houve registro\u2026","rel":"","context":"In &quot;Not\u00edcias de Ribeir\u00e3o Preto-SP e Regi\u00e3o&quot;","block_context":{"text":"Not\u00edcias de Ribeir\u00e3o Preto-SP e Regi\u00e3o","link":"https:\/\/noticiasribeiraopreto.com.br\/index.php\/category\/noticias-de-ribeirao-preto-sp-e-regiao-ismael-colosi\/"},"img":{"alt_text":"","src":"https:\/\/i0.wp.com\/noticiasribeiraopreto.com.br\/wp-content\/uploads\/2025\/07\/WhatsApp-Image-2025-07-24-at-08.03.10_2025-07-24_11-04-22.webp.webp?fit=1200%2C835&ssl=1&resize=350%2C200","width":350,"height":200,"srcset":"https:\/\/i0.wp.com\/noticiasribeiraopreto.com.br\/wp-content\/uploads\/2025\/07\/WhatsApp-Image-2025-07-24-at-08.03.10_2025-07-24_11-04-22.webp.webp?fit=1200%2C835&ssl=1&resize=350%2C200 1x, https:\/\/i0.wp.com\/noticiasribeiraopreto.com.br\/wp-content\/uploads\/2025\/07\/WhatsApp-Image-2025-07-24-at-08.03.10_2025-07-24_11-04-22.webp.webp?fit=1200%2C835&ssl=1&resize=525%2C300 1.5x, https:\/\/i0.wp.com\/noticiasribeiraopreto.com.br\/wp-content\/uploads\/2025\/07\/WhatsApp-Image-2025-07-24-at-08.03.10_2025-07-24_11-04-22.webp.webp?fit=1200%2C835&ssl=1&resize=700%2C400 2x, https:\/\/i0.wp.com\/noticiasribeiraopreto.com.br\/wp-content\/uploads\/2025\/07\/WhatsApp-Image-2025-07-24-at-08.03.10_2025-07-24_11-04-22.webp.webp?fit=1200%2C835&ssl=1&resize=1050%2C600 3x"},"classes":[]},{"id":83159,"url":"https:\/\/noticiasribeiraopreto.com.br\/index.php\/2026\/03\/11\/motociclista-fica-ferido-apos-batida-com-carro-em-avenida-na-zona-leste-de-ribeirao-preto-video\/","url_meta":{"origin":80421,"position":4},"title":"Motociclista fica ferido ap\u00f3s batida com carro em avenida na zona Leste de Ribeir\u00e3o Preto; V\u00eddeo","author":"noticiasribeiraopreto.com.br","date":"11 de March de 2026","format":false,"excerpt":"Um motociclista foi socorrido na madrugada desta quarta-feira (11), depois de se envolver em uma batida entre moto e carro no cruzamento da avenida Treze de Maio com a rua Laguna, na zona Leste de Ribeir\u00e3o Preto. Ap\u00f3s a colis\u00e3o, o carro atingiu a prote\u00e7\u00e3o met\u00e1lica no canteiro central da\u2026","rel":"","context":"In &quot;Not\u00edcias de Ribeir\u00e3o Preto-SP e Regi\u00e3o&quot;","block_context":{"text":"Not\u00edcias de Ribeir\u00e3o Preto-SP e Regi\u00e3o","link":"https:\/\/noticiasribeiraopreto.com.br\/index.php\/category\/noticias-de-ribeirao-preto-sp-e-regiao-ismael-colosi\/"},"img":{"alt_text":"","src":"https:\/\/i0.wp.com\/noticiasribeiraopreto.com.br\/wp-content\/uploads\/2026\/03\/acidente_2026-03-11_10-26-47.webp.webp?fit=1200%2C727&ssl=1&resize=350%2C200","width":350,"height":200,"srcset":"https:\/\/i0.wp.com\/noticiasribeiraopreto.com.br\/wp-content\/uploads\/2026\/03\/acidente_2026-03-11_10-26-47.webp.webp?fit=1200%2C727&ssl=1&resize=350%2C200 1x, https:\/\/i0.wp.com\/noticiasribeiraopreto.com.br\/wp-content\/uploads\/2026\/03\/acidente_2026-03-11_10-26-47.webp.webp?fit=1200%2C727&ssl=1&resize=525%2C300 1.5x, https:\/\/i0.wp.com\/noticiasribeiraopreto.com.br\/wp-content\/uploads\/2026\/03\/acidente_2026-03-11_10-26-47.webp.webp?fit=1200%2C727&ssl=1&resize=700%2C400 2x, https:\/\/i0.wp.com\/noticiasribeiraopreto.com.br\/wp-content\/uploads\/2026\/03\/acidente_2026-03-11_10-26-47.webp.webp?fit=1200%2C727&ssl=1&resize=1050%2C600 3x"},"classes":[]},{"id":75788,"url":"https:\/\/noticiasribeiraopreto.com.br\/index.php\/2025\/08\/15\/batida-envolve-carro-e-moto-na-avenida-dom-pedro-i-em-ribeirao-preto-video\/","url_meta":{"origin":80421,"position":5},"title":"Batida envolve carro e moto na avenida Dom Pedro I em Ribeir\u00e3o Preto; V\u00eddeo","author":"noticiasribeiraopreto.com.br","date":"15 de August de 2025","format":false,"excerpt":"Um carro e uma moto se envolveram em uma batida na manh\u00e3 desta sexta-feira (15), na avenida Dom Pedro I, em Ribeir\u00e3o Preto. Um v\u00eddeo mostra a moto com as duas rodas para cima na pista sentido bairro-Centro. Veja as imagens abaixo. Segundo informa\u00e7\u00f5es, o motociclista foi socorrido pelo Samu\u2026","rel":"","context":"In &quot;Not\u00edcias de Ribeir\u00e3o Preto-SP e Regi\u00e3o&quot;","block_context":{"text":"Not\u00edcias de Ribeir\u00e3o Preto-SP e Regi\u00e3o","link":"https:\/\/noticiasribeiraopreto.com.br\/index.php\/category\/noticias-de-ribeirao-preto-sp-e-regiao-ismael-colosi\/"},"img":{"alt_text":"","src":"https:\/\/i0.wp.com\/noticiasribeiraopreto.com.br\/wp-content\/uploads\/2025\/08\/WhatsApp-Image-2025-08-15-at-10.25.15_2025-08-15_13-26-45.webp.webp?fit=1200%2C675&ssl=1&resize=350%2C200","width":350,"height":200,"srcset":"https:\/\/i0.wp.com\/noticiasribeiraopreto.com.br\/wp-content\/uploads\/2025\/08\/WhatsApp-Image-2025-08-15-at-10.25.15_2025-08-15_13-26-45.webp.webp?fit=1200%2C675&ssl=1&resize=350%2C200 1x, https:\/\/i0.wp.com\/noticiasribeiraopreto.com.br\/wp-content\/uploads\/2025\/08\/WhatsApp-Image-2025-08-15-at-10.25.15_2025-08-15_13-26-45.webp.webp?fit=1200%2C675&ssl=1&resize=525%2C300 1.5x, https:\/\/i0.wp.com\/noticiasribeiraopreto.com.br\/wp-content\/uploads\/2025\/08\/WhatsApp-Image-2025-08-15-at-10.25.15_2025-08-15_13-26-45.webp.webp?fit=1200%2C675&ssl=1&resize=700%2C400 2x, https:\/\/i0.wp.com\/noticiasribeiraopreto.com.br\/wp-content\/uploads\/2025\/08\/WhatsApp-Image-2025-08-15-at-10.25.15_2025-08-15_13-26-45.webp.webp?fit=1200%2C675&ssl=1&resize=1050%2C600 3x"},"classes":[]}],"jetpack_sharing_enabled":true,"jetpack_shortlink":"https:\/\/wp.me\/peQAOb-kV7","_links":{"self":[{"href":"https:\/\/noticiasribeiraopreto.com.br\/index.php\/wp-json\/wp\/v2\/posts\/80421","targetHints":{"allow":["GET"]}}],"collection":[{"href":"https:\/\/noticiasribeiraopreto.com.br\/index.php\/wp-json\/wp\/v2\/posts"}],"about":[{"href":"https:\/\/noticiasribeiraopreto.com.br\/index.php\/wp-json\/wp\/v2\/types\/post"}],"author":[{"embeddable":true,"href":"https:\/\/noticiasribeiraopreto.com.br\/index.php\/wp-json\/wp\/v2\/users\/1"}],"replies":[{"embeddable":true,"href":"https:\/\/noticiasribeiraopreto.com.br\/index.php\/wp-json\/wp\/v2\/comments?post=80421"}],"version-history":[{"count":0,"href":"https:\/\/noticiasribeiraopreto.com.br\/index.php\/wp-json\/wp\/v2\/posts\/80421\/revisions"}],"wp:featuredmedia":[{"embeddable":true,"href":"https:\/\/noticiasribeiraopreto.com.br\/index.php\/wp-json\/wp\/v2\/media\/80422"}],"wp:attachment":[{"href":"https:\/\/noticiasribeiraopreto.com.br\/index.php\/wp-json\/wp\/v2\/media?parent=80421"}],"wp:term":[{"taxonomy":"category","embeddable":true,"href":"https:\/\/noticiasribeiraopreto.com.br\/index.php\/wp-json\/wp\/v2\/categories?post=80421"},{"taxonomy":"post_tag","embeddable":true,"href":"https:\/\/noticiasribeiraopreto.com.br\/index.php\/wp-json\/wp\/v2\/tags?post=80421"}],"curies":[{"name":"wp","href":"https:\/\/api.w.org\/{rel}","templated":true}]}}