{"id":80423,"date":"2025-12-03T12:39:57","date_gmt":"2025-12-03T15:39:57","guid":{"rendered":"https:\/\/noticiasribeiraopreto.com.br\/index.php\/2025\/12\/03\/hospital-das-clinicas-de-ribeirao-realiza-procedimento-inedito-para-tratamento-de-obesidade-e-diabetes\/"},"modified":"2025-12-03T12:39:57","modified_gmt":"2025-12-03T15:39:57","slug":"hospital-das-clinicas-de-ribeirao-realiza-procedimento-inedito-para-tratamento-de-obesidade-e-diabetes","status":"publish","type":"post","link":"https:\/\/noticiasribeiraopreto.com.br\/index.php\/2025\/12\/03\/hospital-das-clinicas-de-ribeirao-realiza-procedimento-inedito-para-tratamento-de-obesidade-e-diabetes\/","title":{"rendered":"Hospital das Cl\u00ednicas de Ribeir\u00e3o realiza procedimento in\u00e9dito para tratamento de obesidade e diabetes"},"content":{"rendered":"<div class='code-block code-block-1' style='margin: 8px 0 8px auto; text-align: right; display: block; clear: both;'>\n<p><a href=\"https:\/\/wa.link\/vpicfd\"><img data-recalc-dims=\"1\" class=\"wp-image-4922\" style=\"aspect-ratio: 2.0253164556962027; width: 561px; height: auto;\" src=\"https:\/\/i0.wp.com\/ismaelcolosi.com.br\/wp-content\/uploads\/2023\/11\/grupo-de-empregos-whatsapp-e-facebook-ismael-colosi-vagas.jpg?ssl=1\" alt=\"\" \/><\/a><\/p>\n<!-- \/wp:image -->\n<\/div>\n<p> <br \/>\n<\/p>\n<div>\n<p>O <strong>Hospital das Cl\u00ednicas de Ribeir\u00e3o preto (HCRP)<\/strong> realizou, na \u00faltima segunda-feira (1\u00ba), pela <strong>primeira vez<\/strong>, uma cirurgia de <strong>biparti\u00e7\u00e3o do tr\u00e2nsito intestinal (BTI)<\/strong>, procedimento em que parte do intestino \u00e9 ligada ao est\u00f4mago, ajudando o corpo a controlar melhor o peso e o diabetes.<\/p>\n<p>De acordo com o <strong>Hospital das Cl\u00ednicas de Ribeir\u00e3o Preto<\/strong>, a <strong>BTI <\/strong>\u00e9 uma t\u00e9cnica avan\u00e7ada, recentemente reconhecida pelo <a href=\"https:\/\/portal.cfm.org.br\/\" target=\"_blank\" data-type=\"link\" data-id=\"https:\/\/portal.cfm.org.br\/\" rel=\"noreferrer noopener\">Conselho Federal de Medicina (CFM)<\/a>, e \u00e9 eficaz no tratamento da <strong>obesidade severa<\/strong> e <strong>diabetes tipo 2 de dif\u00edcil controle<\/strong>.<\/p>\n<p><mark style=\"background-color:#fcb900\" class=\"has-inline-color\">Estudos apontam que o procedimento pode proporcionar melhorias significativas no controle do peso e na regula\u00e7\u00e3o da glicemia em pacientes selecionados.<\/mark><\/p>\n<p>O primeiro paciente do <strong>HCRP <\/strong>que realizou a cirurgia foi um <strong>homem de 42 anos, com 220 quilos<\/strong>. Segundo o hospital, ele est\u00e1 bem e iniciar\u00e1 um <strong>acompanhamento rigoroso<\/strong> para monitorar os resultados esperados da interven\u00e7\u00e3o.<\/p>\n<div class=\"wp-block-image\">\n<figure class=\"aligncenter size-full is-resized\"><img data-recalc-dims=\"1\" decoding=\"async\" src=\"https:\/\/i0.wp.com\/cdn.media-acidadeon.com.br\/ribeiraopreto\/wp-content\/uploads\/sites\/3\/2023\/09\/diabeticos_diabetes_1024x576_03092021151200.jpg?ssl=1\" alt=\"Procedimento \u00e9 eficaz no tratamento da obesidade severa e diabetes tipo 2 de dif\u00edcil controle - Foto: Arquivo\/ Ag\u00eancia Brasil.\" class=\"wp-image-42752\" style=\"width:654px\" title=\"Hospital das Cl\u00ednicas de Ribeir\u00e3o realiza procedimento in\u00e9dito para tratamento de obesidade e diabetes 1\"\/><figcaption class=\"wp-element-caption\">Procedimento \u00e9 eficaz no tratamento da obesidade severa e diabetes tipo 2 de dif\u00edcil controle \u2013 Foto: Arquivo\/ Ag\u00eancia Brasil.<\/figcaption><\/figure>\n<\/div>\n<h2 class=\"wp-block-heading\"><strong>Hospital das Cl\u00ednicas se prepara para transplante in\u00e9dito<\/strong><\/h2>\n<p>Al\u00e9m de realizar pela primeira vez uma cirurgia de <strong>biparti\u00e7\u00e3o do tr\u00e2nsito intestinal (BTI)<\/strong>, o <strong>Hospital das Cl\u00ednicas<\/strong> se prepara para realizar o primeiro transplante de intestino da regi\u00e3o. <em><mark style=\"background-color:#fcb900\" class=\"has-inline-color\">A informa\u00e7\u00e3o foi divulgada anteriormente pelo<strong> portal acidade on<\/strong> em reportagem especial produzida por alunos de jornalismo da <strong>Unaerp <\/strong>\u2013 <\/mark><mark style=\"background-color:#fcb900;color:#0768a1\" class=\"has-inline-color\">clique aqui para acessar<\/mark><mark style=\"background-color:#fcb900\" class=\"has-inline-color\">.<\/mark><\/em><\/p>\n<p>Conforme as informa\u00e7\u00f5es, o hospital j\u00e1 possui as aprova\u00e7\u00f5es do <a href=\"https:\/\/www.gov.br\/conitec\/pt-br\/assuntos\/a-comissao\/conheca-a-conitec\" target=\"_blank\" rel=\"noreferrer noopener\"><strong>Conitec (Comiss\u00e3o Nacional de Incorpora\u00e7\u00e3o de Tecnologias no Sistema \u00danico de Sa\u00fade)<\/strong><\/a>\u00a0\u00a0e do\u00a0<strong><a href=\"https:\/\/www.gov.br\/saude\/pt-br\/composicao\/saes\/snt\" target=\"_blank\" rel=\"noreferrer noopener\">Sistema Nacional de Transplantes (SNT)<\/a><\/strong>, e agora aguarda o credenciamento do Sistema \u00fanico de Sa\u00fade (SUS). <strong>A expectativa \u00e9 de que a primeira cirurgia aconte\u00e7a no primeiro semestre de 2026<\/strong>.<\/p>\n<p>O transplante de intestino \u00e9 indicado para pacientes que sofreram um <strong>problema grave no intestino<\/strong>, como trombose, tumor ou doen\u00e7as inflamat\u00f3rias.\u00a0De acordo com o m\u00e9dico Marcelo Bonvento, nesses casos, o hospital vai melhorar o atendimento cl\u00ednico e recuperar o intestino dessas pessoas.<\/p>\n<hr class=\"wp-block-separator has-alpha-channel-opacity\"\/>\n<p>SAIBA MAIS<\/p>\n<p>Futuro dos investimentos de log\u00edstica em Ribeir\u00e3o Preto ser\u00e1 discutido nesta quinta<\/p>\n<h2 class=\"wp-block-heading\"><strong>FIQUE ON<\/strong><\/h2>\n<p>Fique ligado em tudo que acontece em Ribeir\u00e3o Preto e regi\u00e3o. Siga os perfis do<strong>\u00a0acidade on<\/strong>\u00a0no<a href=\"https:\/\/www.instagram.com\/acidadeonribeirao\" target=\"_blank\" rel=\"noreferrer noopener\">\u00a0Instagram<\/a>\u00a0e no\u00a0<a href=\"https:\/\/www.facebook.com\/acidadeonribeirao\/\" target=\"_blank\" rel=\"noreferrer noopener\">Facebook<\/a>.<\/p>\n<p>Receba not\u00edcias do<strong>\u00a0acidade on\u00a0<\/strong>no WhatsApp. Para entrar no grupo,\u00a0basta\u00a0<a href=\"https:\/\/chat.whatsapp.com\/I4nieTEMKlf50pJ28aMemC?mode=ac_t\" target=\"_blank\" rel=\"noreferrer noopener\">clicar aqui<\/a>. Ou, acesse o nosso\u00a0Canal\u00a0<a href=\"https:\/\/whatsapp.com\/channel\/0029Vb6IQl1JENyAeS57fk2p\" target=\"_blank\" rel=\"noreferrer noopener\">clicando aqui<\/a>.<\/p>\n<p>Fa\u00e7a uma den\u00fancia ou sugira uma reportagem sobre Ribeir\u00e3o Preto e regi\u00e3o pelo WhatsApp: 16 99117 7802.<\/p>\n<p>VEJA TAMB\u00c9M<\/p>\n<p>Quando lan\u00e7a o Volume 2 de \u2018Stranger Things\u2019?<\/p>\n<p><!-- AI CONTENT END 1 -->\n<\/div>\n<p><script async src=\"\/\/www.instagram.com\/embed.js\"><\/script><br \/>\n<br \/><br \/>\n<br \/><a href=\"https:\/\/www.acidadeon.com\/ribeiraopreto\/cotidiano\/hospital-das-clinicas-de-ribeirao-realiza-procedimento-inedito-para-tratamento-de-obesidade-e-diabetes\/\">Source link <\/a><\/p>\n<!-- CONTENT END 1 -->\n","protected":false},"excerpt":{"rendered":"<p>O Hospital das Cl\u00ednicas de Ribeir\u00e3o preto (HCRP) realizou, na \u00faltima segunda-feira (1\u00ba), pela primeira vez, uma cirurgia de biparti\u00e7\u00e3o do tr\u00e2nsito intestinal (BTI), procedimento&#8230;<\/p>\n","protected":false},"author":1,"featured_media":80424,"comment_status":"open","ping_status":"open","sticky":false,"template":"","format":"standard","meta":{"advanced_seo_description":"","jetpack_seo_html_title":"","jetpack_seo_noindex":false,"jetpack_post_was_ever_published":false,"_jetpack_newsletter_access":"","_jetpack_dont_email_post_to_subs":false,"_jetpack_newsletter_tier_id":0,"_jetpack_memberships_contains_paywalled_content":false,"_jetpack_memberships_contains_paid_content":false,"footnotes":"","jetpack_publicize_message":"","jetpack_publicize_feature_enabled":true,"jetpack_social_post_already_shared":true,"jetpack_social_options":{"image_generator_settings":{"template":"highway","default_image_id":0,"font":"","enabled":false},"version":2}},"categories":[11],"tags":[],"class_list":["post-80423","post","type-post","status-publish","format-standard","has-post-thumbnail","hentry","category-noticias-de-ribeirao-preto-sp-e-regiao-ismael-colosi"],"jetpack_publicize_connections":[],"jetpack_featured_media_url":"https:\/\/i0.wp.com\/noticiasribeiraopreto.com.br\/wp-content\/uploads\/2025\/12\/Copia-de-Copia-de-Copia-de-TAMANHO-EXATO-PARA-FOTOS-NO-SISTEMA-NOVO-2025-12-03T113931.113_2025-12-03_14-39-36.webp.webp?fit=1200%2C675&ssl=1","jetpack-related-posts":[{"id":70900,"url":"https:\/\/noticiasribeiraopreto.com.br\/index.php\/2025\/05\/31\/quem-mais-sofre-com-obesidade-grave-tem-menos-acesso-a-cirurgia-bariatrica-diz-medica\/","url_meta":{"origin":80423,"position":0},"title":"&#8216;Quem mais sofre com obesidade grave tem menos acesso \u00e0 cirurgia bari\u00e1trica&#8217;, diz m\u00e9dica","author":"noticiasribeiraopreto.com.br","date":"31 de May de 2025","format":false,"excerpt":"Apesar de a obesidade grave afetar milh\u00f5es de brasileiros, o acesso \u00e0 cirurgia bari\u00e1trica \u2014 considerada um dos tratamentos mais eficazes \u2014 permanece restrito para quem mais precisa. Segundo o Conselho Federal de Medicina e o Minist\u00e9rio da Sa\u00fade, a cirurgia bari\u00e1trica \u00e9 indicada para pacientes com IMC igual ou\u2026","rel":"","context":"In &quot;Not\u00edcias de Ribeir\u00e3o Preto-SP e Regi\u00e3o&quot;","block_context":{"text":"Not\u00edcias de Ribeir\u00e3o Preto-SP e Regi\u00e3o","link":"https:\/\/noticiasribeiraopreto.com.br\/index.php\/category\/noticias-de-ribeirao-preto-sp-e-regiao-ismael-colosi\/"},"img":{"alt_text":"","src":"https:\/\/i0.wp.com\/noticiasribeiraopreto.com.br\/wp-content\/uploads\/2025\/05\/Copia-de-Copia-de-Copia-de-TAMANHO-EXATO-PARA-FOTOS-NO-SISTEMA-NOVO-2025-05-30T205553.439_2025-05-30_23-58-03.webp.webp?fit=1200%2C675&ssl=1&resize=350%2C200","width":350,"height":200,"srcset":"https:\/\/i0.wp.com\/noticiasribeiraopreto.com.br\/wp-content\/uploads\/2025\/05\/Copia-de-Copia-de-Copia-de-TAMANHO-EXATO-PARA-FOTOS-NO-SISTEMA-NOVO-2025-05-30T205553.439_2025-05-30_23-58-03.webp.webp?fit=1200%2C675&ssl=1&resize=350%2C200 1x, https:\/\/i0.wp.com\/noticiasribeiraopreto.com.br\/wp-content\/uploads\/2025\/05\/Copia-de-Copia-de-Copia-de-TAMANHO-EXATO-PARA-FOTOS-NO-SISTEMA-NOVO-2025-05-30T205553.439_2025-05-30_23-58-03.webp.webp?fit=1200%2C675&ssl=1&resize=525%2C300 1.5x, https:\/\/i0.wp.com\/noticiasribeiraopreto.com.br\/wp-content\/uploads\/2025\/05\/Copia-de-Copia-de-Copia-de-TAMANHO-EXATO-PARA-FOTOS-NO-SISTEMA-NOVO-2025-05-30T205553.439_2025-05-30_23-58-03.webp.webp?fit=1200%2C675&ssl=1&resize=700%2C400 2x, https:\/\/i0.wp.com\/noticiasribeiraopreto.com.br\/wp-content\/uploads\/2025\/05\/Copia-de-Copia-de-Copia-de-TAMANHO-EXATO-PARA-FOTOS-NO-SISTEMA-NOVO-2025-05-30T205553.439_2025-05-30_23-58-03.webp.webp?fit=1200%2C675&ssl=1&resize=1050%2C600 3x"},"classes":[]},{"id":41843,"url":"https:\/\/noticiasribeiraopreto.com.br\/index.php\/2024\/03\/11\/hc-ribeirao-preto-comeca-testes-de-terapia-celular-contra-o-cancer-nesta-semana\/","url_meta":{"origin":80423,"position":1},"title":"HC Ribeir\u00e3o Preto come\u00e7a testes de terapia celular contra o c\u00e2ncer nesta semana","author":"noticiasribeiraopreto.com.br","date":"11 de March de 2024","format":false,"excerpt":"O Hospital das Cl\u00ednicas de Ribeir\u00e3o Preto vai come\u00e7ar na pr\u00f3xima sexta-feira (15) o teste de terapia celular contra o c\u00e2ncer. De acordo com a USP (Universidade de S\u00e3o Paulo), ter\u00e1 in\u00edcio a inclus\u00e3o dos candidatos no estudo cl\u00ednico das fases 1 e 2 no tratamento com c\u00e9lulas CAR-T em\u2026","rel":"","context":"In &quot;Not\u00edcias de Ribeir\u00e3o Preto-SP e Regi\u00e3o&quot;","block_context":{"text":"Not\u00edcias de Ribeir\u00e3o Preto-SP e Regi\u00e3o","link":"https:\/\/noticiasribeiraopreto.com.br\/index.php\/category\/noticias-de-ribeirao-preto-sp-e-regiao-ismael-colosi\/"},"img":{"alt_text":"","src":"https:\/\/i0.wp.com\/noticiasribeiraopreto.com.br\/wp-content\/uploads\/2024\/03\/AnyConv.com__nutera-rp.webp.webp?fit=796%2C445&ssl=1&resize=350%2C200","width":350,"height":200,"srcset":"https:\/\/i0.wp.com\/noticiasribeiraopreto.com.br\/wp-content\/uploads\/2024\/03\/AnyConv.com__nutera-rp.webp.webp?fit=796%2C445&ssl=1&resize=350%2C200 1x, https:\/\/i0.wp.com\/noticiasribeiraopreto.com.br\/wp-content\/uploads\/2024\/03\/AnyConv.com__nutera-rp.webp.webp?fit=796%2C445&ssl=1&resize=525%2C300 1.5x, https:\/\/i0.wp.com\/noticiasribeiraopreto.com.br\/wp-content\/uploads\/2024\/03\/AnyConv.com__nutera-rp.webp.webp?fit=796%2C445&ssl=1&resize=700%2C400 2x"},"classes":[]},{"id":42294,"url":"https:\/\/noticiasribeiraopreto.com.br\/index.php\/2024\/03\/13\/entenda-como-funciona-a-terapia-celular-contra-o-cancer-do-hc-de-ribeirao\/","url_meta":{"origin":80423,"position":2},"title":"Entenda como funciona a terapia celular contra o c\u00e2ncer do HC de Ribeir\u00e3o","author":"noticiasribeiraopreto.com.br","date":"13 de March de 2024","format":false,"excerpt":"O Hospital das Cl\u00ednicas de Ribeir\u00e3o Preto come\u00e7a nesta sexta-feira (15) os testes sobre o tratamento celular contra o c\u00e2ncer. Na primeira etapa, o tratamento com c\u00e9lulas CAR-T ser\u00e1 aplicado em quatro pacientes com linfoma e leucemia. O tratamento com c\u00e9lulas CAR-T foi desenvolvido em 2017 nos Estados Unidos e,\u2026","rel":"","context":"In &quot;Not\u00edcias de Ribeir\u00e3o Preto-SP e Regi\u00e3o&quot;","block_context":{"text":"Not\u00edcias de Ribeir\u00e3o Preto-SP e Regi\u00e3o","link":"https:\/\/noticiasribeiraopreto.com.br\/index.php\/category\/noticias-de-ribeirao-preto-sp-e-regiao-ismael-colosi\/"},"img":{"alt_text":"","src":"https:\/\/i0.wp.com\/noticiasribeiraopreto.com.br\/wp-content\/uploads\/2024\/03\/AnyConv.com__celula-cart.webp.webp?fit=1200%2C630&ssl=1&resize=350%2C200","width":350,"height":200,"srcset":"https:\/\/i0.wp.com\/noticiasribeiraopreto.com.br\/wp-content\/uploads\/2024\/03\/AnyConv.com__celula-cart.webp.webp?fit=1200%2C630&ssl=1&resize=350%2C200 1x, https:\/\/i0.wp.com\/noticiasribeiraopreto.com.br\/wp-content\/uploads\/2024\/03\/AnyConv.com__celula-cart.webp.webp?fit=1200%2C630&ssl=1&resize=525%2C300 1.5x, https:\/\/i0.wp.com\/noticiasribeiraopreto.com.br\/wp-content\/uploads\/2024\/03\/AnyConv.com__celula-cart.webp.webp?fit=1200%2C630&ssl=1&resize=700%2C400 2x, https:\/\/i0.wp.com\/noticiasribeiraopreto.com.br\/wp-content\/uploads\/2024\/03\/AnyConv.com__celula-cart.webp.webp?fit=1200%2C630&ssl=1&resize=1050%2C600 3x"},"classes":[]},{"id":55313,"url":"https:\/\/noticiasribeiraopreto.com.br\/index.php\/2024\/07\/31\/hospital-das-clinicas-de-ribeirao-preto-realiza-cirurgia-inedita-com-robo-em-bebe-de-7-meses\/","url_meta":{"origin":80423,"position":3},"title":"Hospital das Cl\u00ednicas de Ribeir\u00e3o Preto realiza cirurgia in\u00e9dita com rob\u00f4 em beb\u00ea de 7 meses","author":"noticiasribeiraopreto.com.br","date":"31 de July de 2024","format":false,"excerpt":"O HCRP (Hospital das Cl\u00ednicas de Ribeir\u00e3o Preto) realizou uma cirurgia in\u00e9dita em todo o mundo utilizando um rob\u00f4 para a retirada de 98% do p\u00e2ncreas de um beb\u00ea de sete meses de idade. O procedimento foi necess\u00e1rio, por conta de uma doen\u00e7a rara,chamada hiperinsulinismo cong\u00eanito, que faz com que\u2026","rel":"","context":"In &quot;Not\u00edcias de Ribeir\u00e3o Preto-SP e Regi\u00e3o&quot;","block_context":{"text":"Not\u00edcias de Ribeir\u00e3o Preto-SP e Regi\u00e3o","link":"https:\/\/noticiasribeiraopreto.com.br\/index.php\/category\/noticias-de-ribeirao-preto-sp-e-regiao-ismael-colosi\/"},"img":{"alt_text":"","src":"https:\/\/i0.wp.com\/noticiasribeiraopreto.com.br\/wp-content\/uploads\/2024\/07\/Copia-de-Copia-de-TAMANHO-EXATO-PARA-FOTOS-NO-SISTEMA-NOVO-16_2024-07-31_19-18-01_jpg_2024-07-31_19-18-01.webp.webp?fit=1200%2C675&ssl=1&resize=350%2C200","width":350,"height":200,"srcset":"https:\/\/i0.wp.com\/noticiasribeiraopreto.com.br\/wp-content\/uploads\/2024\/07\/Copia-de-Copia-de-TAMANHO-EXATO-PARA-FOTOS-NO-SISTEMA-NOVO-16_2024-07-31_19-18-01_jpg_2024-07-31_19-18-01.webp.webp?fit=1200%2C675&ssl=1&resize=350%2C200 1x, https:\/\/i0.wp.com\/noticiasribeiraopreto.com.br\/wp-content\/uploads\/2024\/07\/Copia-de-Copia-de-TAMANHO-EXATO-PARA-FOTOS-NO-SISTEMA-NOVO-16_2024-07-31_19-18-01_jpg_2024-07-31_19-18-01.webp.webp?fit=1200%2C675&ssl=1&resize=525%2C300 1.5x, https:\/\/i0.wp.com\/noticiasribeiraopreto.com.br\/wp-content\/uploads\/2024\/07\/Copia-de-Copia-de-TAMANHO-EXATO-PARA-FOTOS-NO-SISTEMA-NOVO-16_2024-07-31_19-18-01_jpg_2024-07-31_19-18-01.webp.webp?fit=1200%2C675&ssl=1&resize=700%2C400 2x, https:\/\/i0.wp.com\/noticiasribeiraopreto.com.br\/wp-content\/uploads\/2024\/07\/Copia-de-Copia-de-TAMANHO-EXATO-PARA-FOTOS-NO-SISTEMA-NOVO-16_2024-07-31_19-18-01_jpg_2024-07-31_19-18-01.webp.webp?fit=1200%2C675&ssl=1&resize=1050%2C600 3x"},"classes":[]},{"id":76331,"url":"https:\/\/noticiasribeiraopreto.com.br\/index.php\/2025\/08\/26\/hospital-das-clinicas-de-ribeirao-preto-realiza-cirurgia-pioneira-de-correcao-ossea\/","url_meta":{"origin":80423,"position":4},"title":"Hospital das Cl\u00ednicas de Ribeir\u00e3o Preto realiza cirurgia pioneira de corre\u00e7\u00e3o \u00f3ssea","author":"noticiasribeiraopreto.com.br","date":"26 de August de 2025","format":false,"excerpt":"O Hospital das Cl\u00ednicas de Ribeir\u00e3o Preto (HC-RP) realizou, pela primeira vez, uma cirurgia de corre\u00e7\u00e3o de deformidade \u00f3ssea utilizando um sistema que combina um fixador externo moderno com software de planejamento avan\u00e7ado. A t\u00e9cnica permite corrigir m\u00faltiplas deformidades simultaneamente com maior precis\u00e3o e efici\u00eancia. O procedimento foi conduzido pelo\u2026","rel":"","context":"In &quot;Not\u00edcias de Ribeir\u00e3o Preto-SP e Regi\u00e3o&quot;","block_context":{"text":"Not\u00edcias de Ribeir\u00e3o Preto-SP e Regi\u00e3o","link":"https:\/\/noticiasribeiraopreto.com.br\/index.php\/category\/noticias-de-ribeirao-preto-sp-e-regiao-ismael-colosi\/"},"img":{"alt_text":"","src":"https:\/\/i0.wp.com\/noticiasribeiraopreto.com.br\/wp-content\/uploads\/2025\/08\/WhatsApp-Image-2025-08-15-at-11.54.34-1_2025-08-26_18-46-18.webp.webp?fit=1200%2C675&ssl=1&resize=350%2C200","width":350,"height":200,"srcset":"https:\/\/i0.wp.com\/noticiasribeiraopreto.com.br\/wp-content\/uploads\/2025\/08\/WhatsApp-Image-2025-08-15-at-11.54.34-1_2025-08-26_18-46-18.webp.webp?fit=1200%2C675&ssl=1&resize=350%2C200 1x, https:\/\/i0.wp.com\/noticiasribeiraopreto.com.br\/wp-content\/uploads\/2025\/08\/WhatsApp-Image-2025-08-15-at-11.54.34-1_2025-08-26_18-46-18.webp.webp?fit=1200%2C675&ssl=1&resize=525%2C300 1.5x, https:\/\/i0.wp.com\/noticiasribeiraopreto.com.br\/wp-content\/uploads\/2025\/08\/WhatsApp-Image-2025-08-15-at-11.54.34-1_2025-08-26_18-46-18.webp.webp?fit=1200%2C675&ssl=1&resize=700%2C400 2x, https:\/\/i0.wp.com\/noticiasribeiraopreto.com.br\/wp-content\/uploads\/2025\/08\/WhatsApp-Image-2025-08-15-at-11.54.34-1_2025-08-26_18-46-18.webp.webp?fit=1200%2C675&ssl=1&resize=1050%2C600 3x"},"classes":[]},{"id":58247,"url":"https:\/\/noticiasribeiraopreto.com.br\/index.php\/2024\/09\/22\/conheca-o-novo-tratamento-para-aneurismas-cerebrais-utilizado-pelo-hc-ribeirao\/","url_meta":{"origin":80423,"position":5},"title":"Conhe\u00e7a o novo tratamento para aneurismas cerebrais utilizado pelo HC Ribeir\u00e3o","author":"noticiasribeiraopreto.com.br","date":"22 de September de 2024","format":false,"excerpt":"O HC-RP (Hospital das Cl\u00ednicas de Ribeir\u00e3o Preto) iniciou os testes de um novo dispositivo para o tratamento de aneurismas cerebrais, que tem o objetivo de diminuir o uso intensivo de medicamentos anticoagulantes. O estudo \u00e9 coordenado elo professor Daniel Giansante Abud, do departamento de Imagens M\u00e9dicas, Hematologia e Oncologia\u2026","rel":"","context":"In &quot;Not\u00edcias de Ribeir\u00e3o Preto-SP e Regi\u00e3o&quot;","block_context":{"text":"Not\u00edcias de Ribeir\u00e3o Preto-SP e Regi\u00e3o","link":"https:\/\/noticiasribeiraopreto.com.br\/index.php\/category\/noticias-de-ribeirao-preto-sp-e-regiao-ismael-colosi\/"},"img":{"alt_text":"","src":"https:\/\/i0.wp.com\/noticiasribeiraopreto.com.br\/wp-content\/uploads\/2024\/09\/hc-ribeirao-preto_2024-09-19_13-13-53_jpg_2024-09-19_13-13-53.webp.webp?fit=1200%2C863&ssl=1&resize=350%2C200","width":350,"height":200,"srcset":"https:\/\/i0.wp.com\/noticiasribeiraopreto.com.br\/wp-content\/uploads\/2024\/09\/hc-ribeirao-preto_2024-09-19_13-13-53_jpg_2024-09-19_13-13-53.webp.webp?fit=1200%2C863&ssl=1&resize=350%2C200 1x, https:\/\/i0.wp.com\/noticiasribeiraopreto.com.br\/wp-content\/uploads\/2024\/09\/hc-ribeirao-preto_2024-09-19_13-13-53_jpg_2024-09-19_13-13-53.webp.webp?fit=1200%2C863&ssl=1&resize=525%2C300 1.5x, https:\/\/i0.wp.com\/noticiasribeiraopreto.com.br\/wp-content\/uploads\/2024\/09\/hc-ribeirao-preto_2024-09-19_13-13-53_jpg_2024-09-19_13-13-53.webp.webp?fit=1200%2C863&ssl=1&resize=700%2C400 2x, https:\/\/i0.wp.com\/noticiasribeiraopreto.com.br\/wp-content\/uploads\/2024\/09\/hc-ribeirao-preto_2024-09-19_13-13-53_jpg_2024-09-19_13-13-53.webp.webp?fit=1200%2C863&ssl=1&resize=1050%2C600 3x"},"classes":[]}],"jetpack_sharing_enabled":true,"jetpack_shortlink":"https:\/\/wp.me\/peQAOb-kV9","_links":{"self":[{"href":"https:\/\/noticiasribeiraopreto.com.br\/index.php\/wp-json\/wp\/v2\/posts\/80423","targetHints":{"allow":["GET"]}}],"collection":[{"href":"https:\/\/noticiasribeiraopreto.com.br\/index.php\/wp-json\/wp\/v2\/posts"}],"about":[{"href":"https:\/\/noticiasribeiraopreto.com.br\/index.php\/wp-json\/wp\/v2\/types\/post"}],"author":[{"embeddable":true,"href":"https:\/\/noticiasribeiraopreto.com.br\/index.php\/wp-json\/wp\/v2\/users\/1"}],"replies":[{"embeddable":true,"href":"https:\/\/noticiasribeiraopreto.com.br\/index.php\/wp-json\/wp\/v2\/comments?post=80423"}],"version-history":[{"count":0,"href":"https:\/\/noticiasribeiraopreto.com.br\/index.php\/wp-json\/wp\/v2\/posts\/80423\/revisions"}],"wp:featuredmedia":[{"embeddable":true,"href":"https:\/\/noticiasribeiraopreto.com.br\/index.php\/wp-json\/wp\/v2\/media\/80424"}],"wp:attachment":[{"href":"https:\/\/noticiasribeiraopreto.com.br\/index.php\/wp-json\/wp\/v2\/media?parent=80423"}],"wp:term":[{"taxonomy":"category","embeddable":true,"href":"https:\/\/noticiasribeiraopreto.com.br\/index.php\/wp-json\/wp\/v2\/categories?post=80423"},{"taxonomy":"post_tag","embeddable":true,"href":"https:\/\/noticiasribeiraopreto.com.br\/index.php\/wp-json\/wp\/v2\/tags?post=80423"}],"curies":[{"name":"wp","href":"https:\/\/api.w.org\/{rel}","templated":true}]}}