{"id":80425,"date":"2025-12-03T12:51:47","date_gmt":"2025-12-03T15:51:47","guid":{"rendered":"https:\/\/noticiasribeiraopreto.com.br\/index.php\/2025\/12\/03\/bartira-sene-realiza-apresentacao-gratuita-no-sesc-ribeirao-preto\/"},"modified":"2025-12-03T12:51:47","modified_gmt":"2025-12-03T15:51:47","slug":"bartira-sene-realiza-apresentacao-gratuita-no-sesc-ribeirao-preto","status":"publish","type":"post","link":"https:\/\/noticiasribeiraopreto.com.br\/index.php\/2025\/12\/03\/bartira-sene-realiza-apresentacao-gratuita-no-sesc-ribeirao-preto\/","title":{"rendered":"Bartira Sene realiza apresenta\u00e7\u00e3o gratuita no Sesc Ribeir\u00e3o Preto"},"content":{"rendered":"<div class='code-block code-block-1' style='margin: 8px 0 8px auto; text-align: right; display: block; clear: both;'>\n<p><a href=\"https:\/\/wa.link\/vpicfd\"><img data-recalc-dims=\"1\" class=\"wp-image-4922\" style=\"aspect-ratio: 2.0253164556962027; width: 561px; height: auto;\" src=\"https:\/\/i0.wp.com\/ismaelcolosi.com.br\/wp-content\/uploads\/2023\/11\/grupo-de-empregos-whatsapp-e-facebook-ismael-colosi-vagas.jpg?ssl=1\" alt=\"\" \/><\/a><\/p>\n<!-- \/wp:image -->\n<\/div>\n<p> <br \/>\n<\/p>\n<div>\n<p><strong>Bartira Sene<\/strong> sobe ao palco do Sesc Ribeir\u00e3o ao lado de <strong>J\u00falia Ferreira (flauta)<\/strong> e<strong> Felipe Eduardo (viol\u00e3o)<\/strong> no <strong>Itapor\u00e3 Trio<\/strong>, para apresentar o show <strong>Roda dos Ventos<\/strong>. A programa\u00e7\u00e3o \u00e9 gratuita e acontece neste <strong>domingo (7)<\/strong>, \u00e0s <strong>11h<\/strong>.<\/p>\n<p>O show \u00e9 uma das atra\u00e7\u00f5es do <strong>Virada Inclusiva<\/strong>, do Sesc, que tem o objetivo de fomentar uma sociedade mais inclusiva.<\/p>\n<h2 class=\"wp-block-heading\"><strong>O show<\/strong><\/h2>\n<p>O espet\u00e1culo <strong>Roda dos Ventos<\/strong> \u00e9 dividido em tr\u00eas atos: movimento, fluidez e ancestralidade. O show \u00e9 constru\u00eddo a partir de composi\u00e7\u00f5es autorais de <strong>Bartira<\/strong> e arranjos criados coletivamente pelo trio.<\/p>\n<p>Formada em canto l\u00edrico pela USP, <strong>Bartira Sene<\/strong> mistura refer\u00eancias populares, africanas e contempor\u00e2neas em can\u00e7\u00f5es que abordam temas como corpo, identidade, mulheridades negras e espiritualidade.<\/p>\n<p>O show conta com a participa\u00e7\u00e3o especial do pai de <strong>Bartira<\/strong>, o consagrado <strong>Pereira da Viola<\/strong>, cantor e violeiro quilombola, cuja marca registrada \u00e9 reunir ancestralidade, movimento e fluidez.<\/p>\n<p>A apresenta\u00e7\u00e3o de <strong>Bartira Sene <\/strong>conta com acessibilidade por audiodescri\u00e7\u00e3o e tradu\u00e7\u00e3o em <strong>Libras<\/strong>.<\/p>\n<h2 class=\"wp-block-heading\"><strong>Servi\u00e7o<\/strong><\/h2>\n<p><strong><em>Bartira Sene<\/em><\/strong><\/p>\n<p><strong>Quando: <\/strong>7 de dezembro, domingo <strong><br \/>Hor\u00e1rio: <\/strong>11h<strong><br \/>Local: <\/strong>Sesc Ribeir\u00e3o Preto | rua Tibiri\u00e7\u00e1, 50<strong><br \/>Entrada gratuita<\/strong><\/p>\n<p>SAIBA MAIS<br \/>Biblioteca Sinh\u00e1 Junqueira recebe palestra-show \u2018Entre o Picadeiro e a Pista\u2019; entrada \u00e9 gratuita<\/p>\n<h2 class=\"wp-block-heading\"><strong>FIQUE ON<\/strong><\/h2>\n<p>Fique ligado em tudo que acontece em Ribeir\u00e3o Preto e regi\u00e3o. Siga os perfis do\u00a0<strong>acidade on<\/strong>\u00a0no<a href=\"https:\/\/www.instagram.com\/acidadeonribeirao\" target=\"_blank\" rel=\"noreferrer noopener\">\u00a0Instagram\u00a0<\/a>e no\u00a0<a href=\"https:\/\/www.facebook.com\/acidadeonribeirao\/\" target=\"_blank\" rel=\"noreferrer noopener\">Facebook<\/a>.<\/p>\n<p>Receba not\u00edcias do<strong>\u00a0acidade on<\/strong>\u00a0no WhatsApp. Para entrar no grupo,\u00a0basta\u00a0<a href=\"https:\/\/chat.whatsapp.com\/I4nieTEMKlf50pJ28aMemC?mode=ac_t\" target=\"_blank\" rel=\"noreferrer noopener\">clicar aqui<\/a>. Ou, acesse o nosso\u00a0Canal\u00a0<a href=\"https:\/\/whatsapp.com\/channel\/0029Vb6IQl1JENyAeS57fk2p\" target=\"_blank\" rel=\"noreferrer noopener\">clicando aqui<\/a>.<\/p>\n<p>Fa\u00e7a uma den\u00fancia ou sugira uma reportagem sobre Ribeir\u00e3o Preto e regi\u00e3o pelo WhatsApp: 16 99117 7802.<\/p>\n<p>VEJA TAMB\u00c9M<br \/>Qual era a idade do menino que morreu na jaula de leoa?<\/p>\n<p><!-- AI CONTENT END 1 -->\n<\/div>\n<p><script async src=\"\/\/www.instagram.com\/embed.js\"><\/script><br \/>\n<br \/><br \/>\n<br \/><a href=\"https:\/\/www.acidadeon.com\/ribeiraopreto\/lazer-e-cultura\/bartira-sene-realiza-apresentacao-gratuita-sesc-ribeirao-preto\/\">Source link <\/a><\/p>\n<!-- CONTENT END 1 -->\n","protected":false},"excerpt":{"rendered":"<p>Bartira Sene sobe ao palco do Sesc Ribeir\u00e3o ao lado de J\u00falia Ferreira (flauta) e Felipe Eduardo (viol\u00e3o) no Itapor\u00e3 Trio, para apresentar o show&#8230;<\/p>\n","protected":false},"author":1,"featured_media":80426,"comment_status":"open","ping_status":"open","sticky":false,"template":"","format":"standard","meta":{"advanced_seo_description":"","jetpack_seo_html_title":"","jetpack_seo_noindex":false,"jetpack_post_was_ever_published":false,"_jetpack_newsletter_access":"","_jetpack_dont_email_post_to_subs":false,"_jetpack_newsletter_tier_id":0,"_jetpack_memberships_contains_paywalled_content":false,"_jetpack_memberships_contains_paid_content":false,"footnotes":"","jetpack_publicize_message":"","jetpack_publicize_feature_enabled":true,"jetpack_social_post_already_shared":true,"jetpack_social_options":{"image_generator_settings":{"template":"highway","default_image_id":0,"font":"","enabled":false},"version":2}},"categories":[11],"tags":[],"class_list":["post-80425","post","type-post","status-publish","format-standard","has-post-thumbnail","hentry","category-noticias-de-ribeirao-preto-sp-e-regiao-ismael-colosi"],"jetpack_publicize_connections":[],"jetpack_featured_media_url":"https:\/\/i0.wp.com\/noticiasribeiraopreto.com.br\/wp-content\/uploads\/2025\/12\/bartira-sene_2025-12-03_14-33-02.webp.webp?fit=1200%2C674&ssl=1","jetpack-related-posts":[{"id":62094,"url":"https:\/\/noticiasribeiraopreto.com.br\/index.php\/2025\/01\/03\/sesc-verao-oferece-atividades-gratuitas-de-skate-breaking-e-basquete-confira\/","url_meta":{"origin":80425,"position":0},"title":"\u2018Sesc Ver\u00e3o\u2019 oferece atividades gratuitas de skate, breaking e basquete; Confira","author":"noticiasribeiraopreto.com.br","date":"3 de January de 2025","format":false,"excerpt":"Com o tema \u201cSegue o Jogo\u201d, o Sesc Ribeir\u00e3o Preto recebe mais uma edi\u00e7\u00e3o do Sesc Ver\u00e3o. A programa\u00e7\u00e3o conta com diversas atividades f\u00edsicas gratuitas como skate, breaking e basquete, entre outras modalidade, nos meses de janeiro e fevereiro. A programa\u00e7\u00e3o conta com aulas para quem deseja experimentar os esportes,\u2026","rel":"","context":"In &quot;Not\u00edcias de Ribeir\u00e3o Preto-SP e Regi\u00e3o&quot;","block_context":{"text":"Not\u00edcias de Ribeir\u00e3o Preto-SP e Regi\u00e3o","link":"https:\/\/noticiasribeiraopreto.com.br\/index.php\/category\/noticias-de-ribeirao-preto-sp-e-regiao-ismael-colosi\/"},"img":{"alt_text":"","src":"https:\/\/i0.wp.com\/noticiasribeiraopreto.com.br\/wp-content\/uploads\/2025\/01\/breaking-foto-de-deep-das-pexels-664x332-1_2025-01-03_14-02-54_png_2025-01-03_14-02-54.webp.webp?fit=664%2C332&ssl=1&resize=350%2C200","width":350,"height":200,"srcset":"https:\/\/i0.wp.com\/noticiasribeiraopreto.com.br\/wp-content\/uploads\/2025\/01\/breaking-foto-de-deep-das-pexels-664x332-1_2025-01-03_14-02-54_png_2025-01-03_14-02-54.webp.webp?fit=664%2C332&ssl=1&resize=350%2C200 1x, https:\/\/i0.wp.com\/noticiasribeiraopreto.com.br\/wp-content\/uploads\/2025\/01\/breaking-foto-de-deep-das-pexels-664x332-1_2025-01-03_14-02-54_png_2025-01-03_14-02-54.webp.webp?fit=664%2C332&ssl=1&resize=525%2C300 1.5x"},"classes":[]},{"id":54475,"url":"https:\/\/noticiasribeiraopreto.com.br\/index.php\/2024\/07\/11\/dubladora-de-ariel-em-a-pequena-sereia-realiza-oficina-gratuita-no-sesc-ribeirao-preto\/","url_meta":{"origin":80425,"position":1},"title":"Dubladora de Ariel em \u2018A Pequena Sereia\u2019 realiza oficina gratuita no Sesc Ribeir\u00e3o Preto","author":"noticiasribeiraopreto.com.br","date":"11 de July de 2024","format":false,"excerpt":"Marisa Leal, dubladora de diversos personagens como Ariel, em \u201cA Pequena Sereia\u201d, realiza uma oficina gratuita, a \u201cVivencia de Dublagem\u201d no Sesc Ribeir\u00e3o Preto, no pr\u00f3ximo dia 19 de julho, \u00e0s 19h30. Marisa ir\u00e1 conversar sobre sua carreira e realizar demonstra\u00e7\u00f5es ao vivo para os interessados no mercado de dublagem.\u2026","rel":"","context":"In &quot;Not\u00edcias de Ribeir\u00e3o Preto-SP e Regi\u00e3o&quot;","block_context":{"text":"Not\u00edcias de Ribeir\u00e3o Preto-SP e Regi\u00e3o","link":"https:\/\/noticiasribeiraopreto.com.br\/index.php\/category\/noticias-de-ribeirao-preto-sp-e-regiao-ismael-colosi\/"},"img":{"alt_text":"","src":"https:\/\/i0.wp.com\/noticiasribeiraopreto.com.br\/wp-content\/uploads\/2024\/07\/Copia-de-Copia-de-TAMANHO-EXATO-PARA-FOTOS-NO-SISTEMA-NOVO-16_2024-07-11_13-57-49_jpg_2024-07-11_13-57-49.webp.webp?fit=1200%2C675&ssl=1&resize=350%2C200","width":350,"height":200,"srcset":"https:\/\/i0.wp.com\/noticiasribeiraopreto.com.br\/wp-content\/uploads\/2024\/07\/Copia-de-Copia-de-TAMANHO-EXATO-PARA-FOTOS-NO-SISTEMA-NOVO-16_2024-07-11_13-57-49_jpg_2024-07-11_13-57-49.webp.webp?fit=1200%2C675&ssl=1&resize=350%2C200 1x, https:\/\/i0.wp.com\/noticiasribeiraopreto.com.br\/wp-content\/uploads\/2024\/07\/Copia-de-Copia-de-TAMANHO-EXATO-PARA-FOTOS-NO-SISTEMA-NOVO-16_2024-07-11_13-57-49_jpg_2024-07-11_13-57-49.webp.webp?fit=1200%2C675&ssl=1&resize=525%2C300 1.5x, https:\/\/i0.wp.com\/noticiasribeiraopreto.com.br\/wp-content\/uploads\/2024\/07\/Copia-de-Copia-de-TAMANHO-EXATO-PARA-FOTOS-NO-SISTEMA-NOVO-16_2024-07-11_13-57-49_jpg_2024-07-11_13-57-49.webp.webp?fit=1200%2C675&ssl=1&resize=700%2C400 2x, https:\/\/i0.wp.com\/noticiasribeiraopreto.com.br\/wp-content\/uploads\/2024\/07\/Copia-de-Copia-de-TAMANHO-EXATO-PARA-FOTOS-NO-SISTEMA-NOVO-16_2024-07-11_13-57-49_jpg_2024-07-11_13-57-49.webp.webp?fit=1200%2C675&ssl=1&resize=1050%2C600 3x"},"classes":[]},{"id":64374,"url":"https:\/\/noticiasribeiraopreto.com.br\/index.php\/2025\/03\/07\/sesc-ribeirao-preto-recebe-show-melhor-de-tres-com-o-violeiro-bemti-veja-quando\/","url_meta":{"origin":80425,"position":2},"title":"Sesc Ribeir\u00e3o Preto recebe show \u2018Melhor de Tr\u00eas\u2019, com o violeiro Bemti; Veja quando","author":"noticiasribeiraopreto.com.br","date":"7 de March de 2025","format":false,"excerpt":"O cantor e violeiro Bemti apresenta seu show \u201cMelhor de Tr\u00eas\u201d no palco do Sesc Ribeir\u00e3o Preto, na pr\u00f3xima quinta-feira (13), \u00e0s 20h. A entrada \u00e9 gratuita. Bemti apresentar\u00e1 faixas autorais de seus discos e do \u00e1lbum \u201cMelhor de 3\u201d, que traz influ\u00eancias do folk e da m\u00fasica caipira. Seu\u2026","rel":"","context":"In &quot;Not\u00edcias de Ribeir\u00e3o Preto-SP e Regi\u00e3o&quot;","block_context":{"text":"Not\u00edcias de Ribeir\u00e3o Preto-SP e Regi\u00e3o","link":"https:\/\/noticiasribeiraopreto.com.br\/index.php\/category\/noticias-de-ribeirao-preto-sp-e-regiao-ismael-colosi\/"},"img":{"alt_text":"","src":"https:\/\/i0.wp.com\/noticiasribeiraopreto.com.br\/wp-content\/uploads\/2025\/03\/03.2025-Musica-Bemti-1-scaled-e1739896961300-664x332-1_2025-03-07_13-47-04_jpg_2025-03-07_13-47-04.webp.webp?fit=664%2C332&ssl=1&resize=350%2C200","width":350,"height":200,"srcset":"https:\/\/i0.wp.com\/noticiasribeiraopreto.com.br\/wp-content\/uploads\/2025\/03\/03.2025-Musica-Bemti-1-scaled-e1739896961300-664x332-1_2025-03-07_13-47-04_jpg_2025-03-07_13-47-04.webp.webp?fit=664%2C332&ssl=1&resize=350%2C200 1x, https:\/\/i0.wp.com\/noticiasribeiraopreto.com.br\/wp-content\/uploads\/2025\/03\/03.2025-Musica-Bemti-1-scaled-e1739896961300-664x332-1_2025-03-07_13-47-04_jpg_2025-03-07_13-47-04.webp.webp?fit=664%2C332&ssl=1&resize=525%2C300 1.5x"},"classes":[]},{"id":23569,"url":"https:\/\/noticiasribeiraopreto.com.br\/index.php\/2024\/01\/02\/sesc-ribeirao-preto-recebe-atleta-olimpica-para-aula-gratuita\/","url_meta":{"origin":80425,"position":3},"title":"Sesc Ribeir\u00e3o Preto recebe atleta ol\u00edmpica para aula gratuita","author":"noticiasribeiraopreto.com.br","date":"2 de January de 2024","format":false,"excerpt":"O Sesc Ribeir\u00e3o Preto recebe no pr\u00f3ximo s\u00e1bado (6) a Fabiana da Silva, que representou o Brasil na disputa do badminton nos Jogos Ol\u00edmpicos de T\u00f3quio 2020. Fabiana participa de uma aula gratuita aberta ao p\u00fablico. A aula aberta faz parte do Sesc Ver\u00e3o e acontece a partir das 14h.\u2026","rel":"","context":"In &quot;Not\u00edcias de Ribeir\u00e3o Preto-SP e Regi\u00e3o&quot;","block_context":{"text":"Not\u00edcias de Ribeir\u00e3o Preto-SP e Regi\u00e3o","link":"https:\/\/noticiasribeiraopreto.com.br\/index.php\/category\/noticias-de-ribeirao-preto-sp-e-regiao-ismael-colosi\/"},"img":{"alt_text":"","src":"https:\/\/i0.wp.com\/noticiasribeiraopreto.com.br\/wp-content\/uploads\/2024\/01\/fabiana-da-silva.jpg?fit=902%2C770&ssl=1&resize=350%2C200","width":350,"height":200,"srcset":"https:\/\/i0.wp.com\/noticiasribeiraopreto.com.br\/wp-content\/uploads\/2024\/01\/fabiana-da-silva.jpg?fit=902%2C770&ssl=1&resize=350%2C200 1x, https:\/\/i0.wp.com\/noticiasribeiraopreto.com.br\/wp-content\/uploads\/2024\/01\/fabiana-da-silva.jpg?fit=902%2C770&ssl=1&resize=525%2C300 1.5x, https:\/\/i0.wp.com\/noticiasribeiraopreto.com.br\/wp-content\/uploads\/2024\/01\/fabiana-da-silva.jpg?fit=902%2C770&ssl=1&resize=700%2C400 2x"},"classes":[]},{"id":912,"url":"https:\/\/noticiasribeiraopreto.com.br\/index.php\/2023\/11\/09\/sesc-ribeirao-preto-tem-show-de-musica-caipira-com-conversa-ribeira\/","url_meta":{"origin":80425,"position":4},"title":"Sesc Ribeir\u00e3o Preto tem show de m\u00fasica caipira com Conversa Ribeira\u00a0","author":"noticiasribeiraopreto.com.br","date":"9 de November de 2023","format":false,"excerpt":"O trio de m\u00fasica caipira Conversa Ribeira vem a Ribeir\u00e3o Preto nesta quinta-feira (9), \u00e0s 20h, no Sesc, localizado no Centro. Os ingressos podem ser adquiridos on-line ou na bilheteria. \u00a0 A banda \u00e9 formada por Jo\u00e3o Paulo Amaral, na viola, Daniel Muller no piano e o acordeom e a\u2026","rel":"","context":"In &quot;Not\u00edcias de Ribeir\u00e3o Preto-SP e Regi\u00e3o&quot;","block_context":{"text":"Not\u00edcias de Ribeir\u00e3o Preto-SP e Regi\u00e3o","link":"https:\/\/noticiasribeiraopreto.com.br\/index.php\/category\/noticias-de-ribeirao-preto-sp-e-regiao-ismael-colosi\/"},"img":{"alt_text":"","src":"https:\/\/i0.wp.com\/noticiasribeiraopreto.com.br\/wp-content\/uploads\/2023\/11\/04.-Conversa-Ribeira-foto-de-Omar-Paixao-1-scaled.jpg?fit=1200%2C800&ssl=1&resize=350%2C200","width":350,"height":200,"srcset":"https:\/\/i0.wp.com\/noticiasribeiraopreto.com.br\/wp-content\/uploads\/2023\/11\/04.-Conversa-Ribeira-foto-de-Omar-Paixao-1-scaled.jpg?fit=1200%2C800&ssl=1&resize=350%2C200 1x, https:\/\/i0.wp.com\/noticiasribeiraopreto.com.br\/wp-content\/uploads\/2023\/11\/04.-Conversa-Ribeira-foto-de-Omar-Paixao-1-scaled.jpg?fit=1200%2C800&ssl=1&resize=525%2C300 1.5x, https:\/\/i0.wp.com\/noticiasribeiraopreto.com.br\/wp-content\/uploads\/2023\/11\/04.-Conversa-Ribeira-foto-de-Omar-Paixao-1-scaled.jpg?fit=1200%2C800&ssl=1&resize=700%2C400 2x, https:\/\/i0.wp.com\/noticiasribeiraopreto.com.br\/wp-content\/uploads\/2023\/11\/04.-Conversa-Ribeira-foto-de-Omar-Paixao-1-scaled.jpg?fit=1200%2C800&ssl=1&resize=1050%2C600 3x"},"classes":[]},{"id":52993,"url":"https:\/\/noticiasribeiraopreto.com.br\/index.php\/2024\/06\/14\/sesc-ribeirao-preto-realiza-encontro-de-brechos-neste-fim-de-semana\/","url_meta":{"origin":80425,"position":5},"title":"Sesc Ribeir\u00e3o Preto realiza \u2018Encontro de Brech\u00f3s\u2019 neste fim de semana","author":"noticiasribeiraopreto.com.br","date":"14 de June de 2024","format":false,"excerpt":"O Sesc Ribeir\u00e3o Preto realiza, neste s\u00e1bado (15), a primeira edi\u00e7\u00e3o do \u201cEncontro de Brech\u00f3s\u201d. A iniciativa, que tem como objetivo a conscientiza\u00e7\u00e3o sobre o consumo consciente, ser\u00e1 das 12h \u00e0s 18h. Ao todo, ser\u00e3o 20 expositores, de diversos segmentos, que estar\u00e3o na conviv\u00eancia do local. O evento tem entrada\u2026","rel":"","context":"In &quot;Not\u00edcias de Ribeir\u00e3o Preto-SP e Regi\u00e3o&quot;","block_context":{"text":"Not\u00edcias de Ribeir\u00e3o Preto-SP e Regi\u00e3o","link":"https:\/\/noticiasribeiraopreto.com.br\/index.php\/category\/noticias-de-ribeirao-preto-sp-e-regiao-ismael-colosi\/"},"img":{"alt_text":"","src":"https:\/\/i0.wp.com\/noticiasribeiraopreto.com.br\/wp-content\/uploads\/2024\/06\/brechos-664x332-1_2024-06-14_20-32-34_png_2024-06-14_20-32-34.webp.webp?fit=664%2C332&ssl=1&resize=350%2C200","width":350,"height":200,"srcset":"https:\/\/i0.wp.com\/noticiasribeiraopreto.com.br\/wp-content\/uploads\/2024\/06\/brechos-664x332-1_2024-06-14_20-32-34_png_2024-06-14_20-32-34.webp.webp?fit=664%2C332&ssl=1&resize=350%2C200 1x, https:\/\/i0.wp.com\/noticiasribeiraopreto.com.br\/wp-content\/uploads\/2024\/06\/brechos-664x332-1_2024-06-14_20-32-34_png_2024-06-14_20-32-34.webp.webp?fit=664%2C332&ssl=1&resize=525%2C300 1.5x"},"classes":[]}],"jetpack_sharing_enabled":true,"jetpack_shortlink":"https:\/\/wp.me\/peQAOb-kVb","_links":{"self":[{"href":"https:\/\/noticiasribeiraopreto.com.br\/index.php\/wp-json\/wp\/v2\/posts\/80425","targetHints":{"allow":["GET"]}}],"collection":[{"href":"https:\/\/noticiasribeiraopreto.com.br\/index.php\/wp-json\/wp\/v2\/posts"}],"about":[{"href":"https:\/\/noticiasribeiraopreto.com.br\/index.php\/wp-json\/wp\/v2\/types\/post"}],"author":[{"embeddable":true,"href":"https:\/\/noticiasribeiraopreto.com.br\/index.php\/wp-json\/wp\/v2\/users\/1"}],"replies":[{"embeddable":true,"href":"https:\/\/noticiasribeiraopreto.com.br\/index.php\/wp-json\/wp\/v2\/comments?post=80425"}],"version-history":[{"count":0,"href":"https:\/\/noticiasribeiraopreto.com.br\/index.php\/wp-json\/wp\/v2\/posts\/80425\/revisions"}],"wp:featuredmedia":[{"embeddable":true,"href":"https:\/\/noticiasribeiraopreto.com.br\/index.php\/wp-json\/wp\/v2\/media\/80426"}],"wp:attachment":[{"href":"https:\/\/noticiasribeiraopreto.com.br\/index.php\/wp-json\/wp\/v2\/media?parent=80425"}],"wp:term":[{"taxonomy":"category","embeddable":true,"href":"https:\/\/noticiasribeiraopreto.com.br\/index.php\/wp-json\/wp\/v2\/categories?post=80425"},{"taxonomy":"post_tag","embeddable":true,"href":"https:\/\/noticiasribeiraopreto.com.br\/index.php\/wp-json\/wp\/v2\/tags?post=80425"}],"curies":[{"name":"wp","href":"https:\/\/api.w.org\/{rel}","templated":true}]}}