{"id":80427,"date":"2025-12-03T13:00:25","date_gmt":"2025-12-03T16:00:25","guid":{"rendered":"https:\/\/noticiasribeiraopreto.com.br\/index.php\/2025\/12\/03\/futuro-dos-investimentos-de-logistica-em-ribeirao-preto-sera-discutido-nesta-quinta\/"},"modified":"2025-12-03T13:00:25","modified_gmt":"2025-12-03T16:00:25","slug":"futuro-dos-investimentos-de-logistica-em-ribeirao-preto-sera-discutido-nesta-quinta","status":"publish","type":"post","link":"https:\/\/noticiasribeiraopreto.com.br\/index.php\/2025\/12\/03\/futuro-dos-investimentos-de-logistica-em-ribeirao-preto-sera-discutido-nesta-quinta\/","title":{"rendered":"Futuro dos investimentos de log\u00edstica em Ribeir\u00e3o Preto ser\u00e1 discutido nesta quinta"},"content":{"rendered":"<div class='code-block code-block-1' style='margin: 8px 0 8px auto; text-align: right; display: block; clear: both;'>\n<p><a href=\"https:\/\/wa.link\/vpicfd\"><img data-recalc-dims=\"1\" class=\"wp-image-4922\" style=\"aspect-ratio: 2.0253164556962027; width: 561px; height: auto;\" src=\"https:\/\/i0.wp.com\/ismaelcolosi.com.br\/wp-content\/uploads\/2023\/11\/grupo-de-empregos-whatsapp-e-facebook-ismael-colosi-vagas.jpg?ssl=1\" alt=\"\" \/><\/a><\/p>\n<!-- \/wp:image -->\n<\/div>\n<p> <br \/>\n<\/p>\n<div>\n<p>O<strong><a href=\"https:\/\/pli.semil.sp.gov.br\/agenda-e-participacao-social\/\" data-type=\"link\" data-id=\"https:\/\/pli.semil.sp.gov.br\/agenda-e-participacao-social\/\" target=\"_blank\" rel=\"noopener\"> Governo do Estado de S\u00e3o Paulo<\/a><\/strong> promove na quinta-feira (4) o<strong> 3\u00ba F\u00f3rum Regional do PLI-SP 2050 (Plano de Log\u00edstica e Investimentos)<\/strong>, em <strong>Ribeir\u00e3o Preto<\/strong>. O PLI-SP 2050 \u00e9 uma iniciativa estrat\u00e9gica que orienta onde, como e quando o Estado e a iniciativa privada devem investir para construir, at\u00e9 2050, um sistema log\u00edstico moderno, eficiente e sustent\u00e1vel.<\/p>\n<p>O plano articula rodovias, ferrovias, hidrovias, dutos, portos e aeroportos sob uma vis\u00e3o integrada de desenvolvimento econ\u00f4mico, social e ambiental, conectando planejamento, investimentos e pol\u00edticas p\u00fablicas de longo prazo.\u00a0<\/p>\n<p>O f\u00f3rum contar\u00e1 com a presen\u00e7a de Denis Gerage Amorim, subsecret\u00e1rio de Log\u00edstica e Transportes da Secretaria de Meio Ambiente, Infraestrutura e Log\u00edstica, al\u00e9m de representantes do DER-SP, da CPTM, da Prefeitura de Ribeir\u00e3o Preto, do CIESP Ribeir\u00e3o Preto, autoridades municipais, empres\u00e1rios, universidades e entidades setoriais da regi\u00e3o.<\/p>\n<p><mark style=\"background-color:#fcb900\" class=\"has-inline-color has-black-color\">O evento \u00e9 voltado a representantes do setor produtivo, usu\u00e1rios dos sistemas de transporte regional, gestores p\u00fablicos, institui\u00e7\u00f5es de ensino, associa\u00e7\u00f5es e organiza\u00e7\u00f5es interessadas em contribuir para a constru\u00e7\u00e3o do planejamento log\u00edstico do Estado.<\/mark><\/p>\n<h2 class=\"wp-block-heading\"><strong>Pauta<\/strong><\/h2>\n<p>O encontro discutir\u00e1 os principais eixos de infraestrutura que estruturam a regi\u00e3o, incluindo as <strong>rodovias Anhanguera (SP-330)<\/strong>, Washington Lu\u00eds (SP-310), BR-364 e<strong> SP-255 <\/strong>\u2014 corredores essenciais para o escoamento agroindustrial, a circula\u00e7\u00e3o de cargas e a integra\u00e7\u00e3o com a Regi\u00e3o Metropolitana de Campinas, com a Grande S\u00e3o Paulo, com Minas Gerais e com o Centro-Oeste.<\/p>\n<p>Tamb\u00e9m estar\u00e3o em pauta as conex\u00f5es ferrovi\u00e1rias operadas pela Rumo Malha Paulista e pela Ferrovia Centro-Atl\u00e2ntica (FCA\/VLI), fundamentais para o transporte de a\u00e7\u00facar, etanol, gr\u00e3os e insumos industriais; as integra\u00e7\u00f5es com a Hidrovia Tiet\u00ea\u2013Paran\u00e1, que ampliam a competitividade e reduzem custos log\u00edsticos; e os corredores dutovi\u00e1rios, que refor\u00e7am a voca\u00e7\u00e3o energ\u00e9tica da regi\u00e3o e o papel estrat\u00e9gico do etanol na matriz de transportes.<\/p>\n<p>As inscri\u00e7\u00f5es para participa\u00e7\u00e3o j\u00e1 est\u00e3o abertas e podem ser realizadas pelo formul\u00e1rio dispon\u00edvel no site oficial do PLI-SP 2050 (<a href=\"https:\/\/pli.semil.sp.gov.br\/agenda-e-participacao-social\/\" data-type=\"link\" data-id=\"https:\/\/pli.semil.sp.gov.br\/agenda-e-participacao-social\/\" target=\"_blank\" rel=\"noopener\">clique aqui<\/a>).<\/p>\n<h2 class=\"wp-block-heading\"><strong>Servi\u00e7o:<\/strong><\/h2>\n<p><strong>3\u00ba F\u00f3rum Regional do Plano de Log\u00edstica e Investimentos \u2013 PLI-SP 2050 | Ribeir\u00e3o Preto\/SP<br \/>Quando:<\/strong> 4\/12 (quinta-feira)<br \/><strong>Hor\u00e1rio: <\/strong>9h \u00e0s 12h30<br \/><strong>Onde: <\/strong>CIESP Ribeir\u00e3o Preto \u2013 Rua Bernardino de Campos, 1001, 15\u00ba andar \u2013Cobertura, Ribeir\u00e3o Preto\/SP<\/p>\n<p>SAIBA MAIS<br \/>Ribeir\u00e3o refor\u00e7a seguran\u00e7a no com\u00e9rcio com opera\u00e7\u00e3o especial de fim de ano<\/p>\n<h2 class=\"wp-block-heading\"><strong>FIQUE ON<\/strong><\/h2>\n<p>Fique ligado em tudo que acontece em Ribeir\u00e3o Preto e regi\u00e3o. Siga os perfis do<strong>\u00a0acidade on<\/strong>\u00a0no<a href=\"https:\/\/www.instagram.com\/acidadeonribeirao\" data-type=\"link\" data-id=\"https:\/\/www.instagram.com\/acidadeonribeirao\" target=\"_blank\" rel=\"noopener\">\u00a0Instagram<\/a>\u00a0e no\u00a0<a href=\"https:\/\/www.facebook.com\/acidadeonribeirao\/\" data-type=\"link\" data-id=\"https:\/\/www.facebook.com\/acidadeonribeirao\/\" target=\"_blank\" rel=\"noopener\">Facebook<\/a>.<\/p>\n<p>Receba not\u00edcias do<strong>\u00a0acidade on\u00a0<\/strong>no WhatsApp. Para entrar no grupo,\u00a0basta <a href=\"https:\/\/chat.whatsapp.com\/I4nieTEMKlf50pJ28aMemC?mode=ac_t\" data-type=\"link\" data-id=\"https:\/\/chat.whatsapp.com\/I4nieTEMKlf50pJ28aMemC?mode=ac_t\" target=\"_blank\" rel=\"noopener\">clicar aqui<\/a>. Ou, acesse o nosso\u00a0Canal <a href=\"https:\/\/whatsapp.com\/channel\/0029Vb6IQl1JENyAeS57fk2p\" data-type=\"link\" data-id=\"https:\/\/whatsapp.com\/channel\/0029Vb6IQl1JENyAeS57fk2p\" target=\"_blank\" rel=\"noopener\">clicando aqui<\/a>.<\/p>\n<p>Fa\u00e7a uma den\u00fancia ou sugira uma reportagem sobre Ribeir\u00e3o Preto e regi\u00e3o pelo WhatsApp: 16 99117 7802.<\/p>\n<p>VEJA TAMB\u00c9M<br \/>Salada X Molho: Qual a diferen\u00e7a dos dois tipos de tomate?<\/p>\n<p><!-- AI CONTENT END 1 -->\n<\/div>\n<p><script async src=\"\/\/www.instagram.com\/embed.js\"><\/script><br \/>\n<br \/><br \/>\n<br \/><a href=\"https:\/\/www.acidadeon.com\/ribeiraopreto\/economia\/futuro-dos-investimentos-logistica-em-ribeirao-preto-sera-discutido-nesta-quinta\/\">Source link <\/a><\/p>\n<!-- CONTENT END 1 -->\n","protected":false},"excerpt":{"rendered":"<p>O Governo do Estado de S\u00e3o Paulo promove na quinta-feira (4) o 3\u00ba F\u00f3rum Regional do PLI-SP 2050 (Plano de Log\u00edstica e Investimentos), em Ribeir\u00e3o&#8230;<\/p>\n","protected":false},"author":1,"featured_media":76018,"comment_status":"open","ping_status":"open","sticky":false,"template":"","format":"standard","meta":{"advanced_seo_description":"","jetpack_seo_html_title":"","jetpack_seo_noindex":false,"jetpack_post_was_ever_published":false,"_jetpack_newsletter_access":"","_jetpack_dont_email_post_to_subs":false,"_jetpack_newsletter_tier_id":0,"_jetpack_memberships_contains_paywalled_content":false,"_jetpack_memberships_contains_paid_content":false,"footnotes":"","jetpack_publicize_message":"","jetpack_publicize_feature_enabled":true,"jetpack_social_post_already_shared":true,"jetpack_social_options":{"image_generator_settings":{"template":"highway","default_image_id":0,"font":"","enabled":false},"version":2}},"categories":[11],"tags":[],"class_list":["post-80427","post","type-post","status-publish","format-standard","has-post-thumbnail","hentry","category-noticias-de-ribeirao-preto-sp-e-regiao-ismael-colosi"],"jetpack_publicize_connections":[],"jetpack_featured_media_url":"https:\/\/i0.wp.com\/noticiasribeiraopreto.com.br\/wp-content\/uploads\/2025\/08\/trevao-ribeirao-preto_2024-09-12_17-08-13_jpeg_2024-09-12_17-08-13.webp.webp?fit=1600%2C869&ssl=1","jetpack-related-posts":[{"id":75435,"url":"https:\/\/noticiasribeiraopreto.com.br\/index.php\/2025\/08\/08\/ribeirao-preto-elabora-plano-de-adaptacao-e-resiliencia-climatica-entenda-como-funciona\/","url_meta":{"origin":80427,"position":0},"title":"Ribeir\u00e3o Preto elabora Plano de Adapta\u00e7\u00e3o e Resili\u00eancia Clim\u00e1tica; entenda como funciona","author":"noticiasribeiraopreto.com.br","date":"8 de August de 2025","format":false,"excerpt":"A Secretaria de Meio Ambiente de Ribeir\u00e3o Preto est\u00e1 elaborando o primeiro Plano Municipal de Adapta\u00e7\u00e3o e Resili\u00eancia Clim\u00e1tica. Segundo a pasta, o plano vai funcionar como um instrumento estrat\u00e9gico que visa fortalecer a capacidade da cidade de enfrentar os efeitos das mudan\u00e7as clim\u00e1ticas e promover o desenvolvimento sustent\u00e1vel. O\u2026","rel":"","context":"In &quot;Not\u00edcias de Ribeir\u00e3o Preto-SP e Regi\u00e3o&quot;","block_context":{"text":"Not\u00edcias de Ribeir\u00e3o Preto-SP e Regi\u00e3o","link":"https:\/\/noticiasribeiraopreto.com.br\/index.php\/category\/noticias-de-ribeirao-preto-sp-e-regiao-ismael-colosi\/"},"img":{"alt_text":"","src":"https:\/\/i0.wp.com\/noticiasribeiraopreto.com.br\/wp-content\/uploads\/2025\/08\/licenciamento_ambiental_-_foto_guilherme_sircili_150texto_2025-05-07_15-31-40.webp.webp?fit=1200%2C800&ssl=1&resize=350%2C200","width":350,"height":200,"srcset":"https:\/\/i0.wp.com\/noticiasribeiraopreto.com.br\/wp-content\/uploads\/2025\/08\/licenciamento_ambiental_-_foto_guilherme_sircili_150texto_2025-05-07_15-31-40.webp.webp?fit=1200%2C800&ssl=1&resize=350%2C200 1x, https:\/\/i0.wp.com\/noticiasribeiraopreto.com.br\/wp-content\/uploads\/2025\/08\/licenciamento_ambiental_-_foto_guilherme_sircili_150texto_2025-05-07_15-31-40.webp.webp?fit=1200%2C800&ssl=1&resize=525%2C300 1.5x, https:\/\/i0.wp.com\/noticiasribeiraopreto.com.br\/wp-content\/uploads\/2025\/08\/licenciamento_ambiental_-_foto_guilherme_sircili_150texto_2025-05-07_15-31-40.webp.webp?fit=1200%2C800&ssl=1&resize=700%2C400 2x, https:\/\/i0.wp.com\/noticiasribeiraopreto.com.br\/wp-content\/uploads\/2025\/08\/licenciamento_ambiental_-_foto_guilherme_sircili_150texto_2025-05-07_15-31-40.webp.webp?fit=1200%2C800&ssl=1&resize=1050%2C600 3x"},"classes":[]},{"id":75398,"url":"https:\/\/noticiasribeiraopreto.com.br\/index.php\/2025\/08\/08\/secretaria-elabora-plano-para-clima\/","url_meta":{"origin":80427,"position":1},"title":"Secretaria elabora plano para clima","author":"noticiasribeiraopreto.com.br","date":"8 de August de 2025","format":false,"excerpt":"Plano Municipal de Adapta\u00e7\u00e3o e Resili\u00eancia Clim\u00e1tica est\u00e1 em fase de constru\u00e7\u00e3o e vem sendo desenvolvido de forma multissetorial e participativa A prefeitura de Ribeir\u00e3o Preto, por meio da Secretaria Municipal de Meio Ambiente, est\u00e1 elaborando o primeiro Plano Municipal de Adapta\u00e7\u00e3o e Resili\u00eancia Clim\u00e1tica, instrumento estrat\u00e9gico que visa fortalecer\u2026","rel":"","context":"In &quot;Not\u00edcias de Ribeir\u00e3o Preto-SP e Regi\u00e3o&quot;","block_context":{"text":"Not\u00edcias de Ribeir\u00e3o Preto-SP e Regi\u00e3o","link":"https:\/\/noticiasribeiraopreto.com.br\/index.php\/category\/noticias-de-ribeirao-preto-sp-e-regiao-ismael-colosi\/"},"img":{"alt_text":"","src":"https:\/\/i0.wp.com\/noticiasribeiraopreto.com.br\/wp-content\/uploads\/2025\/08\/ClimaRP-Alfredo-Risk-scaled.jpg?fit=1170%2C780&ssl=1&resize=350%2C200","width":350,"height":200,"srcset":"https:\/\/i0.wp.com\/noticiasribeiraopreto.com.br\/wp-content\/uploads\/2025\/08\/ClimaRP-Alfredo-Risk-scaled.jpg?fit=1170%2C780&ssl=1&resize=350%2C200 1x, https:\/\/i0.wp.com\/noticiasribeiraopreto.com.br\/wp-content\/uploads\/2025\/08\/ClimaRP-Alfredo-Risk-scaled.jpg?fit=1170%2C780&ssl=1&resize=525%2C300 1.5x, https:\/\/i0.wp.com\/noticiasribeiraopreto.com.br\/wp-content\/uploads\/2025\/08\/ClimaRP-Alfredo-Risk-scaled.jpg?fit=1170%2C780&ssl=1&resize=700%2C400 2x, https:\/\/i0.wp.com\/noticiasribeiraopreto.com.br\/wp-content\/uploads\/2025\/08\/ClimaRP-Alfredo-Risk-scaled.jpg?fit=1170%2C780&ssl=1&resize=1050%2C600 3x"},"classes":[]},{"id":71895,"url":"https:\/\/noticiasribeiraopreto.com.br\/index.php\/2025\/06\/11\/jornal-da-franca-governo-de-sp-vai-contratar-brigadistas-para-combater-incendios-florestais-no-estado\/","url_meta":{"origin":80427,"position":2},"title":"Jornal da Franca &#8211; Governo de SP vai contratar brigadistas para combater inc\u00eandios florestais no estado","author":"noticiasribeiraopreto.com.br","date":"11 de June de 2025","format":false,"excerpt":"compartilhar no whatsapp compartilhar no telegram compartilhar no facebook compartilhar no linkedin Medida do governo tem objetivo de mitigar os danos ambientais no per\u00edodo de estiagem; investimento \u00e9 de R$ 1,7 milh\u00e3o O Governo de S\u00e3o Paulo vai contratar 132 brigadistas tempor\u00e1rios para atuar em todo o estado de S\u00e3o\u2026","rel":"","context":"In &quot;Not\u00edcias de Franca-SP&quot;","block_context":{"text":"Not\u00edcias de Franca-SP","link":"https:\/\/noticiasribeiraopreto.com.br\/index.php\/category\/noticias-de-ribeirao-preto-sp-e-regiao-ismael-colosi\/noticias-franca-sp\/"},"img":{"alt_text":"","src":"https:\/\/i0.wp.com\/noticiasribeiraopreto.com.br\/wp-content\/uploads\/2025\/06\/essa-9.jpg?fit=1024%2C683&ssl=1&resize=350%2C200","width":350,"height":200,"srcset":"https:\/\/i0.wp.com\/noticiasribeiraopreto.com.br\/wp-content\/uploads\/2025\/06\/essa-9.jpg?fit=1024%2C683&ssl=1&resize=350%2C200 1x, https:\/\/i0.wp.com\/noticiasribeiraopreto.com.br\/wp-content\/uploads\/2025\/06\/essa-9.jpg?fit=1024%2C683&ssl=1&resize=525%2C300 1.5x, https:\/\/i0.wp.com\/noticiasribeiraopreto.com.br\/wp-content\/uploads\/2025\/06\/essa-9.jpg?fit=1024%2C683&ssl=1&resize=700%2C400 2x"},"classes":[]},{"id":55354,"url":"https:\/\/noticiasribeiraopreto.com.br\/index.php\/2024\/08\/01\/projeto-oferece-30-vagas-em-curso-gratuito-de-logistica-em-ribeirao-veja-como-se-inscrever\/","url_meta":{"origin":80427,"position":3},"title":"Projeto oferece 30 vagas em curso gratuito de log\u00edstica em Ribeir\u00e3o; Veja como se inscrever","author":"noticiasribeiraopreto.com.br","date":"1 de August de 2024","format":false,"excerpt":"Um projeto est\u00e1 com inscri\u00e7\u00f5es abertas at\u00e9 o dia 6 de agosto para 30 vagas em um curso b\u00e1sico gratuito de log\u00edstica, em Ribeir\u00e3o Preto. Podem participar pessoas com ensino m\u00e9dio completo, renda familiar de at\u00e9 dois sal\u00e1rios m\u00ednimos e disponibilidade de quatro horas di\u00e1rias durante duas semanas. Clique aqui\u2026","rel":"","context":"In &quot;Not\u00edcias de Ribeir\u00e3o Preto-SP e Regi\u00e3o&quot;","block_context":{"text":"Not\u00edcias de Ribeir\u00e3o Preto-SP e Regi\u00e3o","link":"https:\/\/noticiasribeiraopreto.com.br\/index.php\/category\/noticias-de-ribeirao-preto-sp-e-regiao-ismael-colosi\/"},"img":{"alt_text":"","src":"https:\/\/i0.wp.com\/noticiasribeiraopreto.com.br\/wp-content\/uploads\/2024\/08\/high-level-rack-408222_1920_2024-08-01_09-56-03_jpg_2024-08-01_09-56-03.webp.webp?fit=1200%2C800&ssl=1&resize=350%2C200","width":350,"height":200,"srcset":"https:\/\/i0.wp.com\/noticiasribeiraopreto.com.br\/wp-content\/uploads\/2024\/08\/high-level-rack-408222_1920_2024-08-01_09-56-03_jpg_2024-08-01_09-56-03.webp.webp?fit=1200%2C800&ssl=1&resize=350%2C200 1x, https:\/\/i0.wp.com\/noticiasribeiraopreto.com.br\/wp-content\/uploads\/2024\/08\/high-level-rack-408222_1920_2024-08-01_09-56-03_jpg_2024-08-01_09-56-03.webp.webp?fit=1200%2C800&ssl=1&resize=525%2C300 1.5x, https:\/\/i0.wp.com\/noticiasribeiraopreto.com.br\/wp-content\/uploads\/2024\/08\/high-level-rack-408222_1920_2024-08-01_09-56-03_jpg_2024-08-01_09-56-03.webp.webp?fit=1200%2C800&ssl=1&resize=700%2C400 2x, https:\/\/i0.wp.com\/noticiasribeiraopreto.com.br\/wp-content\/uploads\/2024\/08\/high-level-rack-408222_1920_2024-08-01_09-56-03_jpg_2024-08-01_09-56-03.webp.webp?fit=1200%2C800&ssl=1&resize=1050%2C600 3x"},"classes":[]},{"id":64930,"url":"https:\/\/noticiasribeiraopreto.com.br\/index.php\/2025\/03\/13\/empresa-de-solucoes-logisticas-esta-com-vagas-abertas-em-ribeirao-preto\/","url_meta":{"origin":80427,"position":4},"title":"Empresa de solu\u00e7\u00f5es log\u00edsticas est\u00e1 com vagas abertas em Ribeir\u00e3o Preto","author":"noticiasribeiraopreto.com.br","date":"13 de March de 2025","format":false,"excerpt":"A Premier Logistics, empresa de solu\u00e7\u00f5es log\u00edsticas, anunciou a abertura de novas vagas de emprego em diversas regi\u00f5es do estado de S\u00e3o Paulo. Em Ribeir\u00e3o Preto, s\u00e3o cerca de 80 oportunidades. As vagas s\u00e3o para os cargos de auxiliar operacional, supervisor operacional e operador de empilhadeira. A empresa tamb\u00e9m oferece\u2026","rel":"","context":"In &quot;Not\u00edcias de Ribeir\u00e3o Preto-SP e Regi\u00e3o&quot;","block_context":{"text":"Not\u00edcias de Ribeir\u00e3o Preto-SP e Regi\u00e3o","link":"https:\/\/noticiasribeiraopreto.com.br\/index.php\/category\/noticias-de-ribeirao-preto-sp-e-regiao-ismael-colosi\/"},"img":{"alt_text":"","src":"https:\/\/i0.wp.com\/noticiasribeiraopreto.com.br\/wp-content\/uploads\/2025\/03\/interior-large-distribution-warehouse-with-shelves-stacked-with-palettes-goods-ready-market_2025-03-13_21-09-06_jpg_2025-03-13_21-09-06.webp.webp?fit=1200%2C800&ssl=1&resize=350%2C200","width":350,"height":200,"srcset":"https:\/\/i0.wp.com\/noticiasribeiraopreto.com.br\/wp-content\/uploads\/2025\/03\/interior-large-distribution-warehouse-with-shelves-stacked-with-palettes-goods-ready-market_2025-03-13_21-09-06_jpg_2025-03-13_21-09-06.webp.webp?fit=1200%2C800&ssl=1&resize=350%2C200 1x, https:\/\/i0.wp.com\/noticiasribeiraopreto.com.br\/wp-content\/uploads\/2025\/03\/interior-large-distribution-warehouse-with-shelves-stacked-with-palettes-goods-ready-market_2025-03-13_21-09-06_jpg_2025-03-13_21-09-06.webp.webp?fit=1200%2C800&ssl=1&resize=525%2C300 1.5x, https:\/\/i0.wp.com\/noticiasribeiraopreto.com.br\/wp-content\/uploads\/2025\/03\/interior-large-distribution-warehouse-with-shelves-stacked-with-palettes-goods-ready-market_2025-03-13_21-09-06_jpg_2025-03-13_21-09-06.webp.webp?fit=1200%2C800&ssl=1&resize=700%2C400 2x, https:\/\/i0.wp.com\/noticiasribeiraopreto.com.br\/wp-content\/uploads\/2025\/03\/interior-large-distribution-warehouse-with-shelves-stacked-with-palettes-goods-ready-market_2025-03-13_21-09-06_jpg_2025-03-13_21-09-06.webp.webp?fit=1200%2C800&ssl=1&resize=1050%2C600 3x"},"classes":[]},{"id":62415,"url":"https:\/\/noticiasribeiraopreto.com.br\/index.php\/2025\/01\/13\/ribeirao-preto-recebe-investimento-superior-a-r-700-mil-para-projeto-inovador\/","url_meta":{"origin":80427,"position":5},"title":"Ribeir\u00e3o Preto recebe investimento superior a R$ 700 mil para projeto inovador","author":"noticiasribeiraopreto.com.br","date":"13 de January de 2025","format":false,"excerpt":"Ribeir\u00e3o Preto recebeu um investimento, do Governo do Estado de S\u00e3o Paulo, no valor de R$ 709.268,46 para a amplia\u00e7\u00e3o do Polo Gen\u00f4mico do Supera Parque. O recurso ser\u00e1 utilizado para expandir as capacidades do local, com o objetivo de fortalecer o desenvolvimento de inova\u00e7\u00f5es na \u00e1rea de gen\u00e9tica. A\u2026","rel":"","context":"In &quot;Not\u00edcias de Ribeir\u00e3o Preto-SP e Regi\u00e3o&quot;","block_context":{"text":"Not\u00edcias de Ribeir\u00e3o Preto-SP e Regi\u00e3o","link":"https:\/\/noticiasribeiraopreto.com.br\/index.php\/category\/noticias-de-ribeirao-preto-sp-e-regiao-ismael-colosi\/"},"img":{"alt_text":"","src":"https:\/\/i0.wp.com\/noticiasribeiraopreto.com.br\/wp-content\/uploads\/2024\/12\/supera-parque_2024-12-04_19-35-54_jpg_2024-12-04_19-35-54.webp.webp?fit=1200%2C630&ssl=1&resize=350%2C200","width":350,"height":200,"srcset":"https:\/\/i0.wp.com\/noticiasribeiraopreto.com.br\/wp-content\/uploads\/2024\/12\/supera-parque_2024-12-04_19-35-54_jpg_2024-12-04_19-35-54.webp.webp?fit=1200%2C630&ssl=1&resize=350%2C200 1x, https:\/\/i0.wp.com\/noticiasribeiraopreto.com.br\/wp-content\/uploads\/2024\/12\/supera-parque_2024-12-04_19-35-54_jpg_2024-12-04_19-35-54.webp.webp?fit=1200%2C630&ssl=1&resize=525%2C300 1.5x, https:\/\/i0.wp.com\/noticiasribeiraopreto.com.br\/wp-content\/uploads\/2024\/12\/supera-parque_2024-12-04_19-35-54_jpg_2024-12-04_19-35-54.webp.webp?fit=1200%2C630&ssl=1&resize=700%2C400 2x, https:\/\/i0.wp.com\/noticiasribeiraopreto.com.br\/wp-content\/uploads\/2024\/12\/supera-parque_2024-12-04_19-35-54_jpg_2024-12-04_19-35-54.webp.webp?fit=1200%2C630&ssl=1&resize=1050%2C600 3x"},"classes":[]}],"jetpack_sharing_enabled":true,"jetpack_shortlink":"https:\/\/wp.me\/peQAOb-kVd","_links":{"self":[{"href":"https:\/\/noticiasribeiraopreto.com.br\/index.php\/wp-json\/wp\/v2\/posts\/80427","targetHints":{"allow":["GET"]}}],"collection":[{"href":"https:\/\/noticiasribeiraopreto.com.br\/index.php\/wp-json\/wp\/v2\/posts"}],"about":[{"href":"https:\/\/noticiasribeiraopreto.com.br\/index.php\/wp-json\/wp\/v2\/types\/post"}],"author":[{"embeddable":true,"href":"https:\/\/noticiasribeiraopreto.com.br\/index.php\/wp-json\/wp\/v2\/users\/1"}],"replies":[{"embeddable":true,"href":"https:\/\/noticiasribeiraopreto.com.br\/index.php\/wp-json\/wp\/v2\/comments?post=80427"}],"version-history":[{"count":0,"href":"https:\/\/noticiasribeiraopreto.com.br\/index.php\/wp-json\/wp\/v2\/posts\/80427\/revisions"}],"wp:featuredmedia":[{"embeddable":true,"href":"https:\/\/noticiasribeiraopreto.com.br\/index.php\/wp-json\/wp\/v2\/media\/76018"}],"wp:attachment":[{"href":"https:\/\/noticiasribeiraopreto.com.br\/index.php\/wp-json\/wp\/v2\/media?parent=80427"}],"wp:term":[{"taxonomy":"category","embeddable":true,"href":"https:\/\/noticiasribeiraopreto.com.br\/index.php\/wp-json\/wp\/v2\/categories?post=80427"},{"taxonomy":"post_tag","embeddable":true,"href":"https:\/\/noticiasribeiraopreto.com.br\/index.php\/wp-json\/wp\/v2\/tags?post=80427"}],"curies":[{"name":"wp","href":"https:\/\/api.w.org\/{rel}","templated":true}]}}