{"id":80428,"date":"2025-12-03T13:07:20","date_gmt":"2025-12-03T16:07:20","guid":{"rendered":"https:\/\/noticiasribeiraopreto.com.br\/index.php\/2025\/12\/03\/biblioteca-sinha-junqueira-recebe-palestra-show-entre-o-picadeiro-e-a-pista-entrada-e-gratuita\/"},"modified":"2025-12-03T13:07:20","modified_gmt":"2025-12-03T16:07:20","slug":"biblioteca-sinha-junqueira-recebe-palestra-show-entre-o-picadeiro-e-a-pista-entrada-e-gratuita","status":"publish","type":"post","link":"https:\/\/noticiasribeiraopreto.com.br\/index.php\/2025\/12\/03\/biblioteca-sinha-junqueira-recebe-palestra-show-entre-o-picadeiro-e-a-pista-entrada-e-gratuita\/","title":{"rendered":"Biblioteca Sinh\u00e1 Junqueira recebe palestra-show \u2018Entre o Picadeiro e a Pista\u2019; entrada \u00e9 gratuita"},"content":{"rendered":"<div class='code-block code-block-1' style='margin: 8px 0 8px auto; text-align: right; display: block; clear: both;'>\n<p><a href=\"https:\/\/wa.link\/vpicfd\"><img data-recalc-dims=\"1\" class=\"wp-image-4922\" style=\"aspect-ratio: 2.0253164556962027; width: 561px; height: auto;\" src=\"https:\/\/i0.wp.com\/ismaelcolosi.com.br\/wp-content\/uploads\/2023\/11\/grupo-de-empregos-whatsapp-e-facebook-ismael-colosi-vagas.jpg?ssl=1\" alt=\"\" \/><\/a><\/p>\n<!-- \/wp:image -->\n<\/div>\n<p> <br \/>\n<\/p>\n<div>\n<p>A <strong>Biblioteca Sinh\u00e1 Junqueira<\/strong>, em <strong>Ribeir\u00e3o Preto<\/strong>, promove neste <strong>s\u00e1bado (6)<\/strong>, \u00e0s <strong>16h<\/strong>, a palestra-show \u201c<strong>Entre o Picadeiro e a Pista<\/strong>\u201d, que contar\u00e1 com a presen\u00e7a das <strong>Irm\u00e3s Cola (Thais e Tatiane)<\/strong>, a artista circense <strong>Karina Bredariol<\/strong> e a produtora francana <strong>Eliara Alves<\/strong>. A programa\u00e7\u00e3o une circo, conversa e liberdade para celebrar a diversidade e promover empoderamento da comunidade LGBTQIAPN+. \u00a0\u00a0<\/p>\n<p>A programa\u00e7\u00e3o faz parte do projeto \u201c<strong>Perigo na Pista, Allan King \u2013 Circo Drag Brasil<\/strong>\u201d e a entrada \u00e9 <strong>gratuita<\/strong> e <strong>aberta ao p\u00fablico<\/strong>. O encontro ser\u00e1 mediado pela idealizadora do projeto <strong>Dani Barros<\/strong>, que \u00e9 artista, <em>Drag King<\/em> e pesquisadora do corpo em movimento.<\/p>\n<h2 class=\"wp-block-heading\"><strong>Convidadas<\/strong><\/h2>\n<p>Entre as convidadas est\u00e1 a produtora cultural <strong>Eliara Alves<\/strong>, idealizadora do <em>Shake Franca<\/em> e integrante da<strong> Batalha das Minas<\/strong> e o coletivo <strong>As Pretas<\/strong>. Em sua fala, ela compartilha experi\u00eancias sobre produ\u00e7\u00e3o, articula\u00e7\u00e3o comunit\u00e1ria e constru\u00e7\u00e3o de redes culturais a partir das periferias.<\/p>\n<p>De <strong>Ribeir\u00e3o Preto<\/strong>, o evento destaca <strong>As Irm\u00e3s Cola (Thais e Tatiane)<\/strong>, que s\u00e3o malabaristas e artistas de rua, com mais de 10 anos de parceria, com uma linguagem pr\u00f3pria marcada pelo jogo, pela leveza e pelo encontro direto com o p\u00fablico. Elas trazem para o encontro uma conversa sincera sobre seus caminhos, escolhas e sobre o que as move a seguir juntas na cena.<\/p>\n<p>E, tamb\u00e9m, a artista circense <strong>Karina Bredariol<\/strong>, pesquisadora em manipula\u00e7\u00e3o de chicotes e fundadora do\u00a0<strong>Circo\u00a0de Hist\u00f3rias<\/strong>, Staca Produ\u00e7\u00f5es e da marca <strong>BredaWhips Chicotes<\/strong>. Atua como produtora, figurinista e professora. Ela vai compartilhar com o p\u00fablico, os bastidores da cria\u00e7\u00e3o de <strong>O Dono do\u00a0Circo<\/strong>, personagem que nasce da rela\u00e7\u00e3o entre t\u00e9cnica, dramaturgia e presen\u00e7a, e que sintetiza sua pesquisa sobre o chicote no\u00a0circo\u00a0contempor\u00e2neo.\u00a0<\/p>\n<h2 class=\"wp-block-heading\"><strong>Servi\u00e7o<\/strong><\/h2>\n<p><strong><em>Palestra-Show \u201cEntre o Picadeiro e a Pista\u201d \u2013 com Allan King e convidadas<\/em><\/strong><\/p>\n<p><strong>Quando: <\/strong>6 de dezembro, s\u00e1bado <strong><br \/>Hor\u00e1rio: <\/strong>16h<strong><br \/>Local: <\/strong>Audit\u00f3rio da Biblioteca Sinh\u00e1 Junqueira | rua Duque de Caxias, 547 \u2013 Centro<strong><br \/>Entrada gratuita<\/strong><\/p>\n<p>SAIBA MAIS<br \/>Carro bate em poste e causa interdi\u00e7\u00e3o na Via Norte em Ribeir\u00e3o Preto; V\u00eddeo<\/p>\n<h2 class=\"wp-block-heading\"><strong>FIQUE ON<\/strong><\/h2>\n<p>Fique ligado em tudo que acontece em Ribeir\u00e3o Preto e regi\u00e3o. Siga os perfis do\u00a0<strong>acidade on<\/strong>\u00a0no<a href=\"https:\/\/www.instagram.com\/acidadeonribeirao\" target=\"_blank\" rel=\"noreferrer noopener\">\u00a0Instagram\u00a0<\/a>e no\u00a0<a href=\"https:\/\/www.facebook.com\/acidadeonribeirao\/\" target=\"_blank\" rel=\"noreferrer noopener\">Facebook<\/a>.<\/p>\n<p>Receba not\u00edcias do<strong>\u00a0acidade on<\/strong>\u00a0no WhatsApp. Para entrar no grupo,\u00a0basta\u00a0<a href=\"https:\/\/chat.whatsapp.com\/I4nieTEMKlf50pJ28aMemC?mode=ac_t\" target=\"_blank\" rel=\"noreferrer noopener\">clicar aqui<\/a>. Ou, acesse o nosso\u00a0Canal\u00a0<a href=\"https:\/\/whatsapp.com\/channel\/0029Vb6IQl1JENyAeS57fk2p\" target=\"_blank\" rel=\"noreferrer noopener\">clicando aqui<\/a>.<\/p>\n<p>Fa\u00e7a uma den\u00fancia ou sugira uma reportagem sobre Ribeir\u00e3o Preto e regi\u00e3o pelo WhatsApp: 16 99117 7802.<\/p>\n<p>VEJA TAMB\u00c9M<br \/>Qual era a idade do menino que morreu na jaula de leoa?<\/p>\n<p><!-- AI CONTENT END 1 -->\n<\/div>\n<p><script async src=\"\/\/www.instagram.com\/embed.js\"><\/script><br \/>\n<br \/><br \/>\n<br \/><a href=\"https:\/\/www.acidadeon.com\/ribeiraopreto\/lazer-e-cultura\/biblioteca-sinha-junqueira-recebe-palestra-show-entre-o-picadeiro-e-a-pista-entrada-e-gratuita\/\">Source link <\/a><\/p>\n<!-- CONTENT END 1 -->\n","protected":false},"excerpt":{"rendered":"<p>A Biblioteca Sinh\u00e1 Junqueira, em Ribeir\u00e3o Preto, promove neste s\u00e1bado (6), \u00e0s 16h, a palestra-show \u201cEntre o Picadeiro e a Pista\u201d, que contar\u00e1 com a&#8230;<\/p>\n","protected":false},"author":1,"featured_media":80429,"comment_status":"open","ping_status":"open","sticky":false,"template":"","format":"standard","meta":{"advanced_seo_description":"","jetpack_seo_html_title":"","jetpack_seo_noindex":false,"jetpack_post_was_ever_published":false,"_jetpack_newsletter_access":"","_jetpack_dont_email_post_to_subs":false,"_jetpack_newsletter_tier_id":0,"_jetpack_memberships_contains_paywalled_content":false,"_jetpack_memberships_contains_paid_content":false,"footnotes":"","jetpack_publicize_message":"","jetpack_publicize_feature_enabled":true,"jetpack_social_post_already_shared":true,"jetpack_social_options":{"image_generator_settings":{"template":"highway","default_image_id":0,"font":"","enabled":false},"version":2}},"categories":[11],"tags":[],"class_list":["post-80428","post","type-post","status-publish","format-standard","has-post-thumbnail","hentry","category-noticias-de-ribeirao-preto-sp-e-regiao-ismael-colosi"],"jetpack_publicize_connections":[],"jetpack_featured_media_url":"https:\/\/i0.wp.com\/noticiasribeiraopreto.com.br\/wp-content\/uploads\/2025\/12\/Copia-de-Copia-de-Copia-de-TAMANHO-EXATO-PARA-FOTOS-NO-SISTEMA-NOVO-87_2025-12-03_12-16-46.webp.webp?fit=1200%2C675&ssl=1","jetpack-related-posts":[{"id":71266,"url":"https:\/\/noticiasribeiraopreto.com.br\/index.php\/2025\/06\/04\/biblioteca-sinha-junqueira-recebe-exposicao-que-combina-artes-visuais-e-danca\/","url_meta":{"origin":80428,"position":0},"title":"Biblioteca Sinh\u00e1 Junqueira recebe exposi\u00e7\u00e3o que combina artes visuais e dan\u00e7a","author":"noticiasribeiraopreto.com.br","date":"4 de June de 2025","format":false,"excerpt":"Idealizado pela bailarina e artista visual Dora Golfeto, a Biblioteca Sinh\u00e1 Junqueira, em Ribeir\u00e3o Preto, recebe uma exposi\u00e7\u00e3o que combina artes visuais e dan\u00e7a, no projeto Ensaio 1. A abertura \u00e9 neste s\u00e1bado (7), a partir das 14h, e segue at\u00e9 dia 28 de junho. A entrada \u00e9 gratuita. A\u2026","rel":"","context":"In &quot;Not\u00edcias de Ribeir\u00e3o Preto-SP e Regi\u00e3o&quot;","block_context":{"text":"Not\u00edcias de Ribeir\u00e3o Preto-SP e Regi\u00e3o","link":"https:\/\/noticiasribeiraopreto.com.br\/index.php\/category\/noticias-de-ribeirao-preto-sp-e-regiao-ismael-colosi\/"},"img":{"alt_text":"","src":"https:\/\/i0.wp.com\/noticiasribeiraopreto.com.br\/wp-content\/uploads\/2025\/06\/exposicao-bsj_2025-06-04_12-29-08.webp.webp?fit=1200%2C675&ssl=1&resize=350%2C200","width":350,"height":200,"srcset":"https:\/\/i0.wp.com\/noticiasribeiraopreto.com.br\/wp-content\/uploads\/2025\/06\/exposicao-bsj_2025-06-04_12-29-08.webp.webp?fit=1200%2C675&ssl=1&resize=350%2C200 1x, https:\/\/i0.wp.com\/noticiasribeiraopreto.com.br\/wp-content\/uploads\/2025\/06\/exposicao-bsj_2025-06-04_12-29-08.webp.webp?fit=1200%2C675&ssl=1&resize=525%2C300 1.5x, https:\/\/i0.wp.com\/noticiasribeiraopreto.com.br\/wp-content\/uploads\/2025\/06\/exposicao-bsj_2025-06-04_12-29-08.webp.webp?fit=1200%2C675&ssl=1&resize=700%2C400 2x, https:\/\/i0.wp.com\/noticiasribeiraopreto.com.br\/wp-content\/uploads\/2025\/06\/exposicao-bsj_2025-06-04_12-29-08.webp.webp?fit=1200%2C675&ssl=1&resize=1050%2C600 3x"},"classes":[]},{"id":55942,"url":"https:\/\/noticiasribeiraopreto.com.br\/index.php\/2024\/08\/08\/biblioteca-sinha-junqueira-conheca-a-historia-de-um-dos-pilares-culturais-de-ribeirao-preto\/","url_meta":{"origin":80428,"position":1},"title":"Biblioteca Sinh\u00e1 Junqueira: Conhe\u00e7a a hist\u00f3ria de um dos pilares culturais de Ribeir\u00e3o Preto","author":"noticiasribeiraopreto.com.br","date":"8 de August de 2024","format":false,"excerpt":"A Biblioteca Sinh\u00e1 Junqueira (BSJ), um dos pilares culturais de Ribeir\u00e3o Preto, \u00e9 mais do que uma biblioteca, a institui\u00e7\u00e3o tamb\u00e9m promove eventos, exposi\u00e7\u00f5es e atividades culturais. Pensada pela Sinh\u00e1 Junqueira, que deixou sua vontade expressa, assim como os recursos, em seu testamento, a institui\u00e7\u00e3o foi fundada em 15 de\u2026","rel":"","context":"In &quot;Not\u00edcias de Ribeir\u00e3o Preto-SP e Regi\u00e3o&quot;","block_context":{"text":"Not\u00edcias de Ribeir\u00e3o Preto-SP e Regi\u00e3o","link":"https:\/\/noticiasribeiraopreto.com.br\/index.php\/category\/noticias-de-ribeirao-preto-sp-e-regiao-ismael-colosi\/"},"img":{"alt_text":"","src":"https:\/\/i0.wp.com\/noticiasribeiraopreto.com.br\/wp-content\/uploads\/2024\/08\/20220203-130306-1-1-scaled.jpg?fit=1200%2C900&ssl=1&resize=350%2C200","width":350,"height":200,"srcset":"https:\/\/i0.wp.com\/noticiasribeiraopreto.com.br\/wp-content\/uploads\/2024\/08\/20220203-130306-1-1-scaled.jpg?fit=1200%2C900&ssl=1&resize=350%2C200 1x, https:\/\/i0.wp.com\/noticiasribeiraopreto.com.br\/wp-content\/uploads\/2024\/08\/20220203-130306-1-1-scaled.jpg?fit=1200%2C900&ssl=1&resize=525%2C300 1.5x, https:\/\/i0.wp.com\/noticiasribeiraopreto.com.br\/wp-content\/uploads\/2024\/08\/20220203-130306-1-1-scaled.jpg?fit=1200%2C900&ssl=1&resize=700%2C400 2x, https:\/\/i0.wp.com\/noticiasribeiraopreto.com.br\/wp-content\/uploads\/2024\/08\/20220203-130306-1-1-scaled.jpg?fit=1200%2C900&ssl=1&resize=1050%2C600 3x"},"classes":[]},{"id":45648,"url":"https:\/\/noticiasribeiraopreto.com.br\/index.php\/2024\/04\/05\/projeto-anga-promove-a-oficina-historias-animadas-2\/","url_meta":{"origin":80428,"position":2},"title":"Projeto Ang\u00e1 promove a Oficina \u201cHist\u00f3rias Animadas\u201d","author":"noticiasribeiraopreto.com.br","date":"5 de April de 2024","format":false,"excerpt":"Trabalhar a conta\u00e7\u00e3o de hist\u00f3ria usando como recurso o teatro de anima\u00e7\u00e3o. Essa \u00e9 a proposta da \u201cOficina\u00a0 Hist\u00f3rias Animadas\u201d, promovida pela 2\u00aa edi\u00e7\u00e3o do projeto Ang\u00e1 neste pr\u00f3ximo\u00a0 s\u00e1bado (6\/4), das 9h \u00e0s 13h, na Biblioteca Sinh\u00e1 Junqueira, que fica na Rua Duque de Caxias, 547, centro, em Ribeir\u00e3o\u2026","rel":"","context":"In &quot;Not\u00edcias de Ribeir\u00e3o Preto-SP e Regi\u00e3o&quot;","block_context":{"text":"Not\u00edcias de Ribeir\u00e3o Preto-SP e Regi\u00e3o","link":"https:\/\/noticiasribeiraopreto.com.br\/index.php\/category\/noticias-de-ribeirao-preto-sp-e-regiao-ismael-colosi\/"},"img":{"alt_text":"","src":"https:\/\/i0.wp.com\/noticiasribeiraopreto.com.br\/wp-content\/uploads\/2024\/04\/1712335718_Oficina-1_credito-Sheila-Brandao.jpg?fit=333%2C500&ssl=1&resize=350%2C200","width":350,"height":200},"classes":[]},{"id":80425,"url":"https:\/\/noticiasribeiraopreto.com.br\/index.php\/2025\/12\/03\/bartira-sene-realiza-apresentacao-gratuita-no-sesc-ribeirao-preto\/","url_meta":{"origin":80428,"position":3},"title":"Bartira Sene realiza apresenta\u00e7\u00e3o gratuita no Sesc Ribeir\u00e3o Preto","author":"noticiasribeiraopreto.com.br","date":"3 de December de 2025","format":false,"excerpt":"Bartira Sene sobe ao palco do Sesc Ribeir\u00e3o ao lado de J\u00falia Ferreira (flauta) e Felipe Eduardo (viol\u00e3o) no Itapor\u00e3 Trio, para apresentar o show Roda dos Ventos. A programa\u00e7\u00e3o \u00e9 gratuita e acontece neste domingo (7), \u00e0s 11h. O show \u00e9 uma das atra\u00e7\u00f5es do Virada Inclusiva, do Sesc,\u2026","rel":"","context":"In &quot;Not\u00edcias de Ribeir\u00e3o Preto-SP e Regi\u00e3o&quot;","block_context":{"text":"Not\u00edcias de Ribeir\u00e3o Preto-SP e Regi\u00e3o","link":"https:\/\/noticiasribeiraopreto.com.br\/index.php\/category\/noticias-de-ribeirao-preto-sp-e-regiao-ismael-colosi\/"},"img":{"alt_text":"","src":"https:\/\/i0.wp.com\/noticiasribeiraopreto.com.br\/wp-content\/uploads\/2025\/12\/bartira-sene_2025-12-03_14-33-02.webp.webp?fit=1200%2C674&ssl=1&resize=350%2C200","width":350,"height":200,"srcset":"https:\/\/i0.wp.com\/noticiasribeiraopreto.com.br\/wp-content\/uploads\/2025\/12\/bartira-sene_2025-12-03_14-33-02.webp.webp?fit=1200%2C674&ssl=1&resize=350%2C200 1x, https:\/\/i0.wp.com\/noticiasribeiraopreto.com.br\/wp-content\/uploads\/2025\/12\/bartira-sene_2025-12-03_14-33-02.webp.webp?fit=1200%2C674&ssl=1&resize=525%2C300 1.5x, https:\/\/i0.wp.com\/noticiasribeiraopreto.com.br\/wp-content\/uploads\/2025\/12\/bartira-sene_2025-12-03_14-33-02.webp.webp?fit=1200%2C674&ssl=1&resize=700%2C400 2x, https:\/\/i0.wp.com\/noticiasribeiraopreto.com.br\/wp-content\/uploads\/2025\/12\/bartira-sene_2025-12-03_14-33-02.webp.webp?fit=1200%2C674&ssl=1&resize=1050%2C600 3x"},"classes":[]},{"id":53417,"url":"https:\/\/noticiasribeiraopreto.com.br\/index.php\/2024\/06\/19\/biblioteca-de-ribeirao-preto-realiza-festa-junina-gratuita-veja-quando\/","url_meta":{"origin":80428,"position":4},"title":"Biblioteca de Ribeir\u00e3o Preto realiza festa junina gratuita; Veja quando","author":"noticiasribeiraopreto.com.br","date":"19 de June de 2024","format":false,"excerpt":"A Biblioteca Sinh\u00e1 Junqueira, no Centro de Ribeir\u00e3o Preto, realiza no pr\u00f3ximo s\u00e1bado (22), a primeira \u201cFesta Junina da BSJ\u201d, das 15h at\u00e9 \u00e0s 20h. A festa \u00e9 aberta ao p\u00fablico e tem entrada gratuita. O evento ter\u00e1 programa\u00e7\u00e3o cultural com m\u00fasicas t\u00edpicas e ao vivo, forr\u00f3 e maquiagem junina\u2026","rel":"","context":"In &quot;Not\u00edcias de Ribeir\u00e3o Preto-SP e Regi\u00e3o&quot;","block_context":{"text":"Not\u00edcias de Ribeir\u00e3o Preto-SP e Regi\u00e3o","link":"https:\/\/noticiasribeiraopreto.com.br\/index.php\/category\/noticias-de-ribeirao-preto-sp-e-regiao-ismael-colosi\/"},"img":{"alt_text":"","src":"https:\/\/i0.wp.com\/noticiasribeiraopreto.com.br\/wp-content\/uploads\/2024\/06\/img-20230615-wa0016.jpg?fit=1200%2C800&ssl=1&resize=350%2C200","width":350,"height":200,"srcset":"https:\/\/i0.wp.com\/noticiasribeiraopreto.com.br\/wp-content\/uploads\/2024\/06\/img-20230615-wa0016.jpg?fit=1200%2C800&ssl=1&resize=350%2C200 1x, https:\/\/i0.wp.com\/noticiasribeiraopreto.com.br\/wp-content\/uploads\/2024\/06\/img-20230615-wa0016.jpg?fit=1200%2C800&ssl=1&resize=525%2C300 1.5x, https:\/\/i0.wp.com\/noticiasribeiraopreto.com.br\/wp-content\/uploads\/2024\/06\/img-20230615-wa0016.jpg?fit=1200%2C800&ssl=1&resize=700%2C400 2x, https:\/\/i0.wp.com\/noticiasribeiraopreto.com.br\/wp-content\/uploads\/2024\/06\/img-20230615-wa0016.jpg?fit=1200%2C800&ssl=1&resize=1050%2C600 3x"},"classes":[]},{"id":45619,"url":"https:\/\/noticiasribeiraopreto.com.br\/index.php\/2024\/04\/05\/projeto-anga-promove-a-oficina-historias-animadas\/","url_meta":{"origin":80428,"position":5},"title":"Projeto Ang\u00e1 promove a Oficina \u201cHist\u00f3rias Animadas\u201d","author":"noticiasribeiraopreto.com.br","date":"5 de April de 2024","format":false,"excerpt":"5 de abril de 2024 | 11:005 de abril de 2024 | 8:08 0 Trabalhar a conta\u00e7\u00e3o de hist\u00f3ria usando como recurso o teatro de anima\u00e7\u00e3o. Essa \u00e9 a proposta da \u201cOficina\u00a0 Hist\u00f3rias Animadas\u201d, promovida pela 2\u00aa edi\u00e7\u00e3o do projeto Ang\u00e1 neste pr\u00f3ximo\u00a0 s\u00e1bado (6\/4), das 9h \u00e0s 13h, na\u2026","rel":"","context":"In &quot;Not\u00edcias de Ribeir\u00e3o Preto-SP e Regi\u00e3o&quot;","block_context":{"text":"Not\u00edcias de Ribeir\u00e3o Preto-SP e Regi\u00e3o","link":"https:\/\/noticiasribeiraopreto.com.br\/index.php\/category\/noticias-de-ribeirao-preto-sp-e-regiao-ismael-colosi\/"},"img":{"alt_text":"","src":"https:\/\/i0.wp.com\/noticiasribeiraopreto.com.br\/wp-content\/uploads\/2024\/04\/Oficina-1_credito-Sheila-Brandao.jpg?fit=333%2C500&ssl=1&resize=350%2C200","width":350,"height":200},"classes":[]}],"jetpack_sharing_enabled":true,"jetpack_shortlink":"https:\/\/wp.me\/peQAOb-kVe","_links":{"self":[{"href":"https:\/\/noticiasribeiraopreto.com.br\/index.php\/wp-json\/wp\/v2\/posts\/80428","targetHints":{"allow":["GET"]}}],"collection":[{"href":"https:\/\/noticiasribeiraopreto.com.br\/index.php\/wp-json\/wp\/v2\/posts"}],"about":[{"href":"https:\/\/noticiasribeiraopreto.com.br\/index.php\/wp-json\/wp\/v2\/types\/post"}],"author":[{"embeddable":true,"href":"https:\/\/noticiasribeiraopreto.com.br\/index.php\/wp-json\/wp\/v2\/users\/1"}],"replies":[{"embeddable":true,"href":"https:\/\/noticiasribeiraopreto.com.br\/index.php\/wp-json\/wp\/v2\/comments?post=80428"}],"version-history":[{"count":0,"href":"https:\/\/noticiasribeiraopreto.com.br\/index.php\/wp-json\/wp\/v2\/posts\/80428\/revisions"}],"wp:featuredmedia":[{"embeddable":true,"href":"https:\/\/noticiasribeiraopreto.com.br\/index.php\/wp-json\/wp\/v2\/media\/80429"}],"wp:attachment":[{"href":"https:\/\/noticiasribeiraopreto.com.br\/index.php\/wp-json\/wp\/v2\/media?parent=80428"}],"wp:term":[{"taxonomy":"category","embeddable":true,"href":"https:\/\/noticiasribeiraopreto.com.br\/index.php\/wp-json\/wp\/v2\/categories?post=80428"},{"taxonomy":"post_tag","embeddable":true,"href":"https:\/\/noticiasribeiraopreto.com.br\/index.php\/wp-json\/wp\/v2\/tags?post=80428"}],"curies":[{"name":"wp","href":"https:\/\/api.w.org\/{rel}","templated":true}]}}