{"id":80430,"date":"2025-12-03T13:14:38","date_gmt":"2025-12-03T16:14:38","guid":{"rendered":"https:\/\/noticiasribeiraopreto.com.br\/index.php\/2025\/12\/03\/alerta-laranja-e-prorrogado-e-atinge-todo-o-estado-de-sao-paulo\/"},"modified":"2025-12-03T13:14:38","modified_gmt":"2025-12-03T16:14:38","slug":"alerta-laranja-e-prorrogado-e-atinge-todo-o-estado-de-sao-paulo","status":"publish","type":"post","link":"https:\/\/noticiasribeiraopreto.com.br\/index.php\/2025\/12\/03\/alerta-laranja-e-prorrogado-e-atinge-todo-o-estado-de-sao-paulo\/","title":{"rendered":"Alerta laranja \u00e9 prorrogado e atinge todo o estado de S\u00e3o Paulo"},"content":{"rendered":"<div class='code-block code-block-1' style='margin: 8px 0 8px auto; text-align: right; display: block; clear: both;'>\n<p><a href=\"https:\/\/wa.link\/vpicfd\"><img data-recalc-dims=\"1\" class=\"wp-image-4922\" style=\"aspect-ratio: 2.0253164556962027; width: 561px; height: auto;\" src=\"https:\/\/i0.wp.com\/ismaelcolosi.com.br\/wp-content\/uploads\/2023\/11\/grupo-de-empregos-whatsapp-e-facebook-ismael-colosi-vagas.jpg?ssl=1\" alt=\"\" \/><\/a><\/p>\n<!-- \/wp:image -->\n<\/div>\n<p> <br \/>\n<\/p>\n<div data-td-block-uid=\"tdi_95\">\n<div class=\"tdb-block-inner td-fix-index\">\n<p><strong>O\u00a0<\/strong><a href=\"https:\/\/portal.inmet.gov.br\/\" target=\"_blank\" rel=\"noreferrer noopener\"><strong>Inmet (Instituto Nacional de Meteorologia)<\/strong><\/a><strong>\u00a0prorrogou o alerta de \u201cperigo\u201d para tempestade<\/strong> <strong>no estado de S\u00e3o Paulo. <\/strong><\/p>\n<p>Agora, <mark style=\"background-color:#fcb900\" class=\"has-inline-color has-black-color\">todo o estado paulista est\u00e1 na faixa laranja, a segunda em uma escala at\u00e9 tr\u00eas n\u00edveis de severidade, entre esta quarta-feira (3) e quinta-feira (4).<\/mark> Clique <a href=\"https:\/\/alertas2.inmet.gov.br\/52453\" data-type=\"link\" data-id=\"https:\/\/alertas2.inmet.gov.br\/52453\" target=\"_blank\" rel=\"noopener\">aqui <\/a>e veja as cidades.<\/p>\n<p>Segundo a <a href=\"https:\/\/www.climatempo.com.br\/\" data-type=\"link\" data-id=\"https:\/\/www.climatempo.com.br\/\" target=\"_blank\" rel=\"noopener\">Climatempo<\/a>, uma frente fria mant\u00e9m o tempo inst\u00e1vel nesta quarta. Em Ribeir\u00f5 Preto est\u00e3o previstos 7,5 mm de chuva. <\/p>\n<h2 class=\"wp-block-heading\"><strong>Confira o que diz o alerta:<\/strong><\/h2>\n<p>Chuva entre 30 mm\/h e 60 mm\/h ou 50 mm\/dia e 100 mm\/dia<br \/>Ventos intensos entre 60 km\/h e 100 km\/h<br \/>Queda de granizo<br \/>Risco de corte de energia el\u00e9trica, estragos em planta\u00e7\u00f5es, queda de \u00e1rvores e de alagamentos<\/p>\n<h3 class=\"wp-block-heading\"><strong>Orienta\u00e7\u00f5es:<\/strong><\/h3>\n<ul class=\"wp-block-list\">\n<li>Em caso de rajadas de vento, n\u00e3o se abrigue debaixo de \u00e1rvores, pois, h\u00e1 risco de queda e descargas el\u00e9tricas e n\u00e3o estacione ve\u00edculos pr\u00f3ximos a torres de transmiss\u00e3o e placas de propaganda<\/li>\n<li>Se poss\u00edvel, desligue aparelhos el\u00e9tricos e quadro geral de energia<\/li>\n<\/ul>\n<p>SAIBA MAIS<\/p>\n<p>Frente fria provoca chuvas fortes e alerta de tempestade em SP; Veja previs\u00e3o<\/p>\n<h4 class=\"wp-block-heading\"><strong>FIQUE ON<\/strong><\/h4>\n<p>Fique ligado em tudo que acontece em Ribeir\u00e3o Preto e regi\u00e3o. Siga os perfis do\u00a0<strong>acidade on<\/strong>\u00a0no\u00a0<a href=\"https:\/\/www.instagram.com\/acidadeonribeirao\" target=\"_blank\" rel=\"noreferrer noopener\">Instagram<\/a>\u00a0e no\u00a0<a href=\"https:\/\/www.facebook.com\/acidadeonribeirao\/\" target=\"_blank\" rel=\"noreferrer noopener\">Facebook<\/a>.<\/p>\n<p>Receba not\u00edcias do\u00a0<strong>acidade on\u00a0<\/strong>no WhatsApp. Para entrar no grupo,\u00a0basta<a href=\"https:\/\/chat.whatsapp.com\/I4nieTEMKlf50pJ28aMemC?mode=ac_t\" target=\"_blank\" rel=\"noreferrer noopener\">\u00a0clicar aqui<\/a>. Ou, acesse o nosso\u00a0Canal\u00a0<a href=\"https:\/\/whatsapp.com\/channel\/0029Vb6IQl1JENyAeS57fk2p\" target=\"_blank\" rel=\"noreferrer noopener\">clicando aqui<\/a>.<\/p>\n<p>Fa\u00e7a uma den\u00fancia ou sugira uma reportagem sobre Ribeir\u00e3o Preto e regi\u00e3o pelo WhatsApp: 16 99117 7802.<\/p>\n<p>VEJA TAMB\u00c9M<\/p>\n<p>Qual era a idade do menino que morreu na jaula de leoa?<\/p>\n<p><!-- AI CONTENT END 1 -->\n<\/div>\n<\/div>\n<p><script async src=\"\/\/www.instagram.com\/embed.js\"><\/script><br \/>\n<br \/><br \/>\n<br \/><a href=\"https:\/\/www.acidadeon.com\/ribeiraopreto\/cotidiano\/alerta-laranja-e-prorrogado-e-atinge-todo-o-estado-de-sao-paulo\/\">Source link <\/a><\/p>\n<!-- CONTENT END 1 -->\n","protected":false},"excerpt":{"rendered":"<p>O\u00a0Inmet (Instituto Nacional de Meteorologia)\u00a0prorrogou o alerta de \u201cperigo\u201d para tempestade no estado de S\u00e3o Paulo. Agora, todo o estado paulista est\u00e1 na faixa laranja,&#8230;<\/p>\n","protected":false},"author":1,"featured_media":80431,"comment_status":"open","ping_status":"open","sticky":false,"template":"","format":"standard","meta":{"advanced_seo_description":"","jetpack_seo_html_title":"","jetpack_seo_noindex":false,"jetpack_post_was_ever_published":false,"_jetpack_newsletter_access":"","_jetpack_dont_email_post_to_subs":false,"_jetpack_newsletter_tier_id":0,"_jetpack_memberships_contains_paywalled_content":false,"_jetpack_memberships_contains_paid_content":false,"footnotes":"","jetpack_publicize_message":"","jetpack_publicize_feature_enabled":true,"jetpack_social_post_already_shared":true,"jetpack_social_options":{"image_generator_settings":{"template":"highway","default_image_id":0,"font":"","enabled":false},"version":2}},"categories":[11],"tags":[],"class_list":["post-80430","post","type-post","status-publish","format-standard","has-post-thumbnail","hentry","category-noticias-de-ribeirao-preto-sp-e-regiao-ismael-colosi"],"jetpack_publicize_connections":[],"jetpack_featured_media_url":"https:\/\/i0.wp.com\/noticiasribeiraopreto.com.br\/wp-content\/uploads\/2025\/12\/MAPA_2025-12-03_13-01-03.webp.webp?fit=1200%2C872&ssl=1","jetpack-related-posts":[{"id":61034,"url":"https:\/\/noticiasribeiraopreto.com.br\/index.php\/2024\/12\/02\/inmet-publica-alerta-de-perigo-de-tempestade-em-todo-o-estado-de-sp\/","url_meta":{"origin":80430,"position":0},"title":"Inmet publica alerta de perigo de tempestade em todo o estado de SP","author":"noticiasribeiraopreto.com.br","date":"2 de December de 2024","format":false,"excerpt":"O Inmet (Instituto Nacional de Meteorologia) emitiu um alerta de \u201cperigo\u201d para o risco de tempestade no estado de S\u00e3o Paulo. Todo o estado est\u00e1 na faixa\u00a0laranja, a segunda em uma escala at\u00e9 tr\u00eas n\u00edveis de severidade. O aviso vai das 10h desta segunda-feira (2) at\u00e9 as 10h da pr\u00f3xima\u2026","rel":"","context":"In &quot;Not\u00edcias de Ribeir\u00e3o Preto-SP e Regi\u00e3o&quot;","block_context":{"text":"Not\u00edcias de Ribeir\u00e3o Preto-SP e Regi\u00e3o","link":"https:\/\/noticiasribeiraopreto.com.br\/index.php\/category\/noticias-de-ribeirao-preto-sp-e-regiao-ismael-colosi\/"},"img":{"alt_text":"","src":"https:\/\/i0.wp.com\/noticiasribeiraopreto.com.br\/wp-content\/uploads\/2024\/12\/WhatsApp-Image-2024-12-02-at-13.55.59_2024-12-02_16-58-27_jpeg_2024-12-02_16-58-27.webp.webp?fit=1200%2C540&ssl=1&resize=350%2C200","width":350,"height":200,"srcset":"https:\/\/i0.wp.com\/noticiasribeiraopreto.com.br\/wp-content\/uploads\/2024\/12\/WhatsApp-Image-2024-12-02-at-13.55.59_2024-12-02_16-58-27_jpeg_2024-12-02_16-58-27.webp.webp?fit=1200%2C540&ssl=1&resize=350%2C200 1x, https:\/\/i0.wp.com\/noticiasribeiraopreto.com.br\/wp-content\/uploads\/2024\/12\/WhatsApp-Image-2024-12-02-at-13.55.59_2024-12-02_16-58-27_jpeg_2024-12-02_16-58-27.webp.webp?fit=1200%2C540&ssl=1&resize=525%2C300 1.5x, https:\/\/i0.wp.com\/noticiasribeiraopreto.com.br\/wp-content\/uploads\/2024\/12\/WhatsApp-Image-2024-12-02-at-13.55.59_2024-12-02_16-58-27_jpeg_2024-12-02_16-58-27.webp.webp?fit=1200%2C540&ssl=1&resize=700%2C400 2x, https:\/\/i0.wp.com\/noticiasribeiraopreto.com.br\/wp-content\/uploads\/2024\/12\/WhatsApp-Image-2024-12-02-at-13.55.59_2024-12-02_16-58-27_jpeg_2024-12-02_16-58-27.webp.webp?fit=1200%2C540&ssl=1&resize=1050%2C600 3x"},"classes":[]},{"id":84068,"url":"https:\/\/noticiasribeiraopreto.com.br\/index.php\/2026\/04\/01\/alerta-laranja-inmet-preve-chuvas-intensas-em-grande-parte-do-estado-de-sp\/","url_meta":{"origin":80430,"position":1},"title":"Alerta laranja: Inmet prev\u00ea chuvas intensas em grande parte do estado de SP","author":"noticiasribeiraopreto.com.br","date":"1 de April de 2026","format":false,"excerpt":"Ler o resumo da not\u00edcia Inmet emite alerta laranja de perigo para chuvas intensas nesta quarta-feira (1) na maior parte do estado de S\u00e3o Paulo. Previs\u00e3o de chuva entre 30 e 60 mm\/h e ventos de 60 a 100 km\/h at\u00e9 as 23h em regi\u00f5es como Ribeir\u00e3o Preto, Campinas e\u2026","rel":"","context":"In &quot;Not\u00edcias de Ribeir\u00e3o Preto-SP e Regi\u00e3o&quot;","block_context":{"text":"Not\u00edcias de Ribeir\u00e3o Preto-SP e Regi\u00e3o","link":"https:\/\/noticiasribeiraopreto.com.br\/index.php\/category\/noticias-de-ribeirao-preto-sp-e-regiao-ismael-colosi\/"},"img":{"alt_text":"","src":"https:\/\/i0.wp.com\/noticiasribeiraopreto.com.br\/wp-content\/uploads\/2026\/04\/MAPA_2026-04-01_09-37-46.webp.webp?fit=1200%2C863&ssl=1&resize=350%2C200","width":350,"height":200,"srcset":"https:\/\/i0.wp.com\/noticiasribeiraopreto.com.br\/wp-content\/uploads\/2026\/04\/MAPA_2026-04-01_09-37-46.webp.webp?fit=1200%2C863&ssl=1&resize=350%2C200 1x, https:\/\/i0.wp.com\/noticiasribeiraopreto.com.br\/wp-content\/uploads\/2026\/04\/MAPA_2026-04-01_09-37-46.webp.webp?fit=1200%2C863&ssl=1&resize=525%2C300 1.5x, https:\/\/i0.wp.com\/noticiasribeiraopreto.com.br\/wp-content\/uploads\/2026\/04\/MAPA_2026-04-01_09-37-46.webp.webp?fit=1200%2C863&ssl=1&resize=700%2C400 2x, https:\/\/i0.wp.com\/noticiasribeiraopreto.com.br\/wp-content\/uploads\/2026\/04\/MAPA_2026-04-01_09-37-46.webp.webp?fit=1200%2C863&ssl=1&resize=1050%2C600 3x"},"classes":[]},{"id":80390,"url":"https:\/\/noticiasribeiraopreto.com.br\/index.php\/2025\/12\/03\/estado-de-sp-continua-em-alerta-para-tempestades-nesta-quarta-feira\/","url_meta":{"origin":80430,"position":2},"title":"Estado de SP continua em alerta para tempestades nesta quarta-feira","author":"noticiasribeiraopreto.com.br","date":"3 de December de 2025","format":false,"excerpt":"Uma frente fria mant\u00e9m o tempo inst\u00e1vel em todo o estado de S\u00e3o Paulo nesta quarta-feira (3). Segundo a Climatempo, pancadas de chuva est\u00e3o previstas desde a manh\u00e3 no norte, nordeste, leste e litoral, e podem se espalhar para outras \u00e1reas ao longo do dia. No per\u00edodo da tarde, a\u2026","rel":"","context":"In &quot;Not\u00edcias de Ribeir\u00e3o Preto-SP e Regi\u00e3o&quot;","block_context":{"text":"Not\u00edcias de Ribeir\u00e3o Preto-SP e Regi\u00e3o","link":"https:\/\/noticiasribeiraopreto.com.br\/index.php\/category\/noticias-de-ribeirao-preto-sp-e-regiao-ismael-colosi\/"},"img":{"alt_text":"","src":"https:\/\/i0.wp.com\/noticiasribeiraopreto.com.br\/wp-content\/uploads\/2025\/07\/WhatsApp-Image-2024-10-15-at-08.25.28_2024-10-15_11-26-55_jpeg_2024-10-15_11-26-55.webp.webp?fit=1200%2C540&ssl=1&resize=350%2C200","width":350,"height":200,"srcset":"https:\/\/i0.wp.com\/noticiasribeiraopreto.com.br\/wp-content\/uploads\/2025\/07\/WhatsApp-Image-2024-10-15-at-08.25.28_2024-10-15_11-26-55_jpeg_2024-10-15_11-26-55.webp.webp?fit=1200%2C540&ssl=1&resize=350%2C200 1x, https:\/\/i0.wp.com\/noticiasribeiraopreto.com.br\/wp-content\/uploads\/2025\/07\/WhatsApp-Image-2024-10-15-at-08.25.28_2024-10-15_11-26-55_jpeg_2024-10-15_11-26-55.webp.webp?fit=1200%2C540&ssl=1&resize=525%2C300 1.5x, https:\/\/i0.wp.com\/noticiasribeiraopreto.com.br\/wp-content\/uploads\/2025\/07\/WhatsApp-Image-2024-10-15-at-08.25.28_2024-10-15_11-26-55_jpeg_2024-10-15_11-26-55.webp.webp?fit=1200%2C540&ssl=1&resize=700%2C400 2x, https:\/\/i0.wp.com\/noticiasribeiraopreto.com.br\/wp-content\/uploads\/2025\/07\/WhatsApp-Image-2024-10-15-at-08.25.28_2024-10-15_11-26-55_jpeg_2024-10-15_11-26-55.webp.webp?fit=1200%2C540&ssl=1&resize=1050%2C600 3x"},"classes":[]},{"id":82768,"url":"https:\/\/noticiasribeiraopreto.com.br\/index.php\/2026\/02\/26\/alerta-laranja-para-chuvas-intensas-segue-em-todo-estado-de-sp-veja-ate-quando\/","url_meta":{"origin":80430,"position":3},"title":"Alerta laranja para chuvas intensas segue em todo estado de SP; Veja at\u00e9 quando","author":"noticiasribeiraopreto.com.br","date":"26 de February de 2026","format":false,"excerpt":"O\u00a0Inmet (Instituto Nacional de Meteorologia)\u00a0mant\u00e9m um alerta de \u201cperigo\u201d para chuvas intensas no estado de S\u00e3o Paulo. O aviso tem validade at\u00e9 esta sexta-feira (27). O alerta \u00e9 na cor laranja, a segunda em uma escala at\u00e9 tr\u00eas n\u00edveis de severidade, e abrange todo o estado paulista. Clique aqui e\u2026","rel":"","context":"In &quot;Not\u00edcias de Ribeir\u00e3o Preto-SP e Regi\u00e3o&quot;","block_context":{"text":"Not\u00edcias de Ribeir\u00e3o Preto-SP e Regi\u00e3o","link":"https:\/\/noticiasribeiraopreto.com.br\/index.php\/category\/noticias-de-ribeirao-preto-sp-e-regiao-ismael-colosi\/"},"img":{"alt_text":"","src":"https:\/\/i0.wp.com\/noticiasribeiraopreto.com.br\/wp-content\/uploads\/2026\/02\/palace-21_2026-02-25_20-37-00.webp.webp?fit=1200%2C675&ssl=1&resize=350%2C200","width":350,"height":200,"srcset":"https:\/\/i0.wp.com\/noticiasribeiraopreto.com.br\/wp-content\/uploads\/2026\/02\/palace-21_2026-02-25_20-37-00.webp.webp?fit=1200%2C675&ssl=1&resize=350%2C200 1x, https:\/\/i0.wp.com\/noticiasribeiraopreto.com.br\/wp-content\/uploads\/2026\/02\/palace-21_2026-02-25_20-37-00.webp.webp?fit=1200%2C675&ssl=1&resize=525%2C300 1.5x, https:\/\/i0.wp.com\/noticiasribeiraopreto.com.br\/wp-content\/uploads\/2026\/02\/palace-21_2026-02-25_20-37-00.webp.webp?fit=1200%2C675&ssl=1&resize=700%2C400 2x, https:\/\/i0.wp.com\/noticiasribeiraopreto.com.br\/wp-content\/uploads\/2026\/02\/palace-21_2026-02-25_20-37-00.webp.webp?fit=1200%2C675&ssl=1&resize=1050%2C600 3x"},"classes":[]},{"id":82104,"url":"https:\/\/noticiasribeiraopreto.com.br\/index.php\/2026\/02\/04\/ribeirao-preto-segue-em-alerta-laranja-para-o-risco-de-tempestade-veja-previsao\/","url_meta":{"origin":80430,"position":4},"title":"Ribeir\u00e3o Preto segue em alerta laranja para o risco de tempestade; Veja previs\u00e3o","author":"noticiasribeiraopreto.com.br","date":"4 de February de 2026","format":false,"excerpt":"A Zona de Converg\u00eancia do Atl\u00e2ntico Sul (ZCAS) continua mantendo as instabilidades no interior de S\u00e3o Paulo nesta quarta-feira (4). Em Ribeir\u00e3o Preto, a previs\u00e3o indica chuva forte, com aberturas de sol \u00e0 tarde e pancadas de chuva que v\u00e3o at\u00e9 a noite. De acordo com a Climatempo, as temperaturas\u2026","rel":"","context":"In &quot;Not\u00edcias de Ribeir\u00e3o Preto-SP e Regi\u00e3o&quot;","block_context":{"text":"Not\u00edcias de Ribeir\u00e3o Preto-SP e Regi\u00e3o","link":"https:\/\/noticiasribeiraopreto.com.br\/index.php\/category\/noticias-de-ribeirao-preto-sp-e-regiao-ismael-colosi\/"},"img":{"alt_text":"","src":"https:\/\/i0.wp.com\/noticiasribeiraopreto.com.br\/wp-content\/uploads\/2026\/01\/Imagem-do-WhatsApp-de-2026-01-04-as-16.53.44_aa3823a4_2026-01-04_19-54-02.webp.webp?fit=1200%2C675&ssl=1&resize=350%2C200","width":350,"height":200,"srcset":"https:\/\/i0.wp.com\/noticiasribeiraopreto.com.br\/wp-content\/uploads\/2026\/01\/Imagem-do-WhatsApp-de-2026-01-04-as-16.53.44_aa3823a4_2026-01-04_19-54-02.webp.webp?fit=1200%2C675&ssl=1&resize=350%2C200 1x, https:\/\/i0.wp.com\/noticiasribeiraopreto.com.br\/wp-content\/uploads\/2026\/01\/Imagem-do-WhatsApp-de-2026-01-04-as-16.53.44_aa3823a4_2026-01-04_19-54-02.webp.webp?fit=1200%2C675&ssl=1&resize=525%2C300 1.5x, https:\/\/i0.wp.com\/noticiasribeiraopreto.com.br\/wp-content\/uploads\/2026\/01\/Imagem-do-WhatsApp-de-2026-01-04-as-16.53.44_aa3823a4_2026-01-04_19-54-02.webp.webp?fit=1200%2C675&ssl=1&resize=700%2C400 2x, https:\/\/i0.wp.com\/noticiasribeiraopreto.com.br\/wp-content\/uploads\/2026\/01\/Imagem-do-WhatsApp-de-2026-01-04-as-16.53.44_aa3823a4_2026-01-04_19-54-02.webp.webp?fit=1200%2C675&ssl=1&resize=1050%2C600 3x"},"classes":[]},{"id":80038,"url":"https:\/\/noticiasribeiraopreto.com.br\/index.php\/2025\/11\/13\/novo-alerta-laranja-e-emitido-para-o-interior-de-sp-saiba-quais-sao-as-cidades\/","url_meta":{"origin":80430,"position":5},"title":"Novo alerta laranja \u00e9 emitido para o interior de SP; Saiba quais s\u00e3o as cidades","author":"noticiasribeiraopreto.com.br","date":"13 de November de 2025","format":false,"excerpt":"O\u00a0Inmet (Instituto Nacional de Meteorologia)\u00a0publicou um novo alerta laranja para tempestade no interior de S\u00e3o Paulo, com validade entre esta quinta-feira (13) e sexta-feira (14). O aviso indica \u201cperigo\u201d entre as regi\u00f5es oeste, central, norte e sul do estado. Clique\u00a0aqui\u00a0e confira as cidades na faixa laranja \u2013 a segunda na\u2026","rel":"","context":"In &quot;Not\u00edcias de Ribeir\u00e3o Preto-SP e Regi\u00e3o&quot;","block_context":{"text":"Not\u00edcias de Ribeir\u00e3o Preto-SP e Regi\u00e3o","link":"https:\/\/noticiasribeiraopreto.com.br\/index.php\/category\/noticias-de-ribeirao-preto-sp-e-regiao-ismael-colosi\/"},"img":{"alt_text":"","src":"https:\/\/i0.wp.com\/noticiasribeiraopreto.com.br\/wp-content\/uploads\/2025\/11\/MAPA_2025-11-13_13-34-20.webp.webp?fit=1200%2C863&ssl=1&resize=350%2C200","width":350,"height":200,"srcset":"https:\/\/i0.wp.com\/noticiasribeiraopreto.com.br\/wp-content\/uploads\/2025\/11\/MAPA_2025-11-13_13-34-20.webp.webp?fit=1200%2C863&ssl=1&resize=350%2C200 1x, https:\/\/i0.wp.com\/noticiasribeiraopreto.com.br\/wp-content\/uploads\/2025\/11\/MAPA_2025-11-13_13-34-20.webp.webp?fit=1200%2C863&ssl=1&resize=525%2C300 1.5x, https:\/\/i0.wp.com\/noticiasribeiraopreto.com.br\/wp-content\/uploads\/2025\/11\/MAPA_2025-11-13_13-34-20.webp.webp?fit=1200%2C863&ssl=1&resize=700%2C400 2x, https:\/\/i0.wp.com\/noticiasribeiraopreto.com.br\/wp-content\/uploads\/2025\/11\/MAPA_2025-11-13_13-34-20.webp.webp?fit=1200%2C863&ssl=1&resize=1050%2C600 3x"},"classes":[]}],"jetpack_sharing_enabled":true,"jetpack_shortlink":"https:\/\/wp.me\/peQAOb-kVg","_links":{"self":[{"href":"https:\/\/noticiasribeiraopreto.com.br\/index.php\/wp-json\/wp\/v2\/posts\/80430","targetHints":{"allow":["GET"]}}],"collection":[{"href":"https:\/\/noticiasribeiraopreto.com.br\/index.php\/wp-json\/wp\/v2\/posts"}],"about":[{"href":"https:\/\/noticiasribeiraopreto.com.br\/index.php\/wp-json\/wp\/v2\/types\/post"}],"author":[{"embeddable":true,"href":"https:\/\/noticiasribeiraopreto.com.br\/index.php\/wp-json\/wp\/v2\/users\/1"}],"replies":[{"embeddable":true,"href":"https:\/\/noticiasribeiraopreto.com.br\/index.php\/wp-json\/wp\/v2\/comments?post=80430"}],"version-history":[{"count":0,"href":"https:\/\/noticiasribeiraopreto.com.br\/index.php\/wp-json\/wp\/v2\/posts\/80430\/revisions"}],"wp:featuredmedia":[{"embeddable":true,"href":"https:\/\/noticiasribeiraopreto.com.br\/index.php\/wp-json\/wp\/v2\/media\/80431"}],"wp:attachment":[{"href":"https:\/\/noticiasribeiraopreto.com.br\/index.php\/wp-json\/wp\/v2\/media?parent=80430"}],"wp:term":[{"taxonomy":"category","embeddable":true,"href":"https:\/\/noticiasribeiraopreto.com.br\/index.php\/wp-json\/wp\/v2\/categories?post=80430"},{"taxonomy":"post_tag","embeddable":true,"href":"https:\/\/noticiasribeiraopreto.com.br\/index.php\/wp-json\/wp\/v2\/tags?post=80430"}],"curies":[{"name":"wp","href":"https:\/\/api.w.org\/{rel}","templated":true}]}}