{"id":80432,"date":"2025-12-03T15:22:34","date_gmt":"2025-12-03T18:22:34","guid":{"rendered":"https:\/\/noticiasribeiraopreto.com.br\/index.php\/2025\/12\/03\/tecnicos-do-creci-estao-em-ribeirao-para-avaliar-terreno-da-prefeitura-e-predio-do-colegio-marista\/"},"modified":"2025-12-03T15:22:34","modified_gmt":"2025-12-03T18:22:34","slug":"tecnicos-do-creci-estao-em-ribeirao-para-avaliar-terreno-da-prefeitura-e-predio-do-colegio-marista","status":"publish","type":"post","link":"https:\/\/noticiasribeiraopreto.com.br\/index.php\/2025\/12\/03\/tecnicos-do-creci-estao-em-ribeirao-para-avaliar-terreno-da-prefeitura-e-predio-do-colegio-marista\/","title":{"rendered":"T\u00e9cnicos do Creci est\u00e3o em Ribeir\u00e3o para avaliar terreno da prefeitura e pr\u00e9dio do Col\u00e9gio Marista"},"content":{"rendered":"<div class='code-block code-block-1' style='margin: 8px 0 8px auto; text-align: right; display: block; clear: both;'>\n<p><a href=\"https:\/\/wa.link\/vpicfd\"><img data-recalc-dims=\"1\" class=\"wp-image-4922\" style=\"aspect-ratio: 2.0253164556962027; width: 561px; height: auto;\" src=\"https:\/\/i0.wp.com\/ismaelcolosi.com.br\/wp-content\/uploads\/2023\/11\/grupo-de-empregos-whatsapp-e-facebook-ismael-colosi-vagas.jpg?ssl=1\" alt=\"\" \/><\/a><\/p>\n<!-- \/wp:image -->\n<\/div>\n<p> <br \/>\n<\/p>\n<div id=\"\">&#13;<br \/>\n\t\t\t\t\t\t\t\t&#13;<\/p>\n<p>&#13;<br \/>\n\t\t\t\t\t\t\t\t\t<span class=\"entry-meta-item penci-posted-on\"><i class=\"fa fa-clock-o\"\/><time class=\"entry-date published updated\" datetime=\"2025-12-03T15:14:58-03:00\">3 de dezembro de 2025 15:14<\/time><\/span><span class=\"entry-meta-item penci-post-countview\"\/>\t\t\t\t\t\t\t\t<\/p>\n<p><!-- .entry-meta -->&#13;<br \/>\n\t\t\t\t\t\t\t\t<span class=\"penci-social-buttons penci-social-share-footer\"><span class=\"penci-social-share-text\">Compartilhar<\/span><a href=\"#\" class=\"penci-post-like penci_post-meta_item  single-like-button penci-social-item like\" data-post_id=\"447995\" title=\"Like\" data-like=\"Like\" data-unlike=\"Unlike\"><i class=\"fa fa-thumbs-o-up\"\/><span class=\"penci-share-number\">0<\/span><\/a><i class=\"fa fa-facebook\"\/><a class=\"penci-social-item twitter\" target=\"_blank\" rel=\"noopener\" title=\"\" href=\"https:\/\/twitter.com\/intent\/tweet?text=T\u00e9cnicos%20do%20Creci%20est\u00e3o%20em%20Ribeir\u00e3o%20para%20avaliar%20terreno%20da%20prefeitura%20e%20pr\u00e9dio%20do%20Col\u00e9gio%20Marista%20-%20https:\/\/www.tribunaribeirao.com.br\/tecnicos-do-creci-estao-em-ribeirao-para-avaliar-terreno-da-prefeitura-e-predio-do-colegio-marista\/\"><i class=\"fa fa-twitter\"\/><\/a><i class=\"fa fa-linkedin\"\/><i class=\"fa fa-whatsapp\"\/><i class=\"fa fa-telegram\"\/><i class=\"fa fa-envelope\"\/><\/span>\t\t\t\t\t\t\t<\/div>\n<div>\n<p>T\u00e9cnicos do Conselho Regional de Corretores de Im\u00f3veis de S\u00e3o Paulo (CRECI\/SP) j\u00e1 est\u00e3o em Ribeir\u00e3o Preto para fazer a avalia\u00e7\u00e3o dos im\u00f3veis que a prefeitura e o Col\u00e9gio Marista pretendem permutar, entre si, para a implanta\u00e7\u00e3o do Centro Administrativo da Prefeitura.<\/p>\n<p>Eles v\u00e3o realizar a vistoria dos im\u00f3veis nestas quinta e sexta-feira (3 e 4 de dezembro) para levantar todos detalhes e poderem ter dados t\u00e9cnicos para elaborar o laudo de avalia\u00e7\u00e3o que ser\u00e1 conclu\u00eddo em S\u00e3o Paulo. N\u00e3o existe data prevista para o documento ficar pronto.<\/p>\n<p>O Conselho foi convidado para fazer uma nova avalia\u00e7\u00e3o das duas \u00e1reas em fun\u00e7\u00e3o dos questionamentos que surgiram sobre o valor dos im\u00f3veis anexados no projeto de lei do Executivo para a permuta enviado para a C\u00e2mara.<\/p>\n<p>No come\u00e7o de novembro, o Conselho Estadual firmou um conv\u00eanio com a Prefeitura de Ribeir\u00e3o Preto para a avalia\u00e7\u00e3o t\u00e9cnica de im\u00f3veis p\u00fablicos do munic\u00edpio, entre eles, o da permuta.<\/p>\n<p>O terreno do munic\u00edpio com 40.928, 38 m2, fica localizado na conflu\u00eancia das Ruas Palmyra Magnani Protti e Marcos Markarian na regi\u00e3o da Avenida Braz Olaia Acosta, na zona Sul da cidade.<\/p>\n<p>Segundo a avalia\u00e7\u00e3o feita pela Comiss\u00e3o de Avalia\u00e7\u00e3o T\u00e9cnica de Im\u00f3veis (CATI), da Secretaria Municipal de Planejamento, que integra o projeto de lei, o valor de mercado da \u00e1rea municipal \u00e9 de R$ 39.617.035,00. J\u00e1 o do pr\u00e9dio do Col\u00e9gio Marista com uma \u00e1rea total de 21.929,25 m2 teve seu valor fixado em R$ 57.214.519,39.<\/p>\n<p>Na \u00faltima segunda-feira, 1 de dezembro, a prefeitura decidiu retirar o projeto do Legislativo municipal porque n\u00e3o haveria tempo h\u00e1bil para a conclus\u00e3o da avalia\u00e7\u00e3o do Creci, antes do prazo regimental final para a vota\u00e7\u00e3o do projeto, que obrigatoriamente teria que ser feita nesta quarta-feira, 4 de dezembro.<\/p>\n<\/div>\n<p><script async src=\"\/\/platform.twitter.com\/widgets.js\" charset=\"utf-8\"><\/script><br \/>\n<br \/><br \/>\n<br \/><a href=\"https:\/\/www.tribunaribeirao.com.br\/tecnicos-do-creci-estao-em-ribeirao-para-avaliar-terreno-da-prefeitura-e-predio-do-colegio-marista\/\">Source link <\/a><\/p>\n<!-- CONTENT END 1 -->\n","protected":false},"excerpt":{"rendered":"<p>&#13; &#13; &#13; 3 de dezembro de 2025 15:14 &#13; Compartilhar0 T\u00e9cnicos do Conselho Regional de Corretores de Im\u00f3veis de S\u00e3o Paulo (CRECI\/SP) j\u00e1 est\u00e3o&#8230;<\/p>\n","protected":false},"author":1,"featured_media":80433,"comment_status":"open","ping_status":"open","sticky":false,"template":"","format":"standard","meta":{"advanced_seo_description":"","jetpack_seo_html_title":"","jetpack_seo_noindex":false,"jetpack_post_was_ever_published":false,"_jetpack_newsletter_access":"","_jetpack_dont_email_post_to_subs":false,"_jetpack_newsletter_tier_id":0,"_jetpack_memberships_contains_paywalled_content":false,"_jetpack_memberships_contains_paid_content":false,"footnotes":"","jetpack_publicize_message":"","jetpack_publicize_feature_enabled":true,"jetpack_social_post_already_shared":true,"jetpack_social_options":{"image_generator_settings":{"template":"highway","default_image_id":0,"font":"","enabled":false},"version":2}},"categories":[11],"tags":[],"class_list":["post-80432","post","type-post","status-publish","format-standard","has-post-thumbnail","hentry","category-noticias-de-ribeirao-preto-sp-e-regiao-ismael-colosi"],"jetpack_publicize_connections":[],"jetpack_featured_media_url":"https:\/\/i0.wp.com\/noticiasribeiraopreto.com.br\/wp-content\/uploads\/2025\/12\/1764786154_CentroRP-Google-Street-View.jpg?fit=1047%2C675&ssl=1","jetpack-related-posts":[{"id":29795,"url":"https:\/\/noticiasribeiraopreto.com.br\/index.php\/2024\/01\/19\/atendente-e-sac-13\/","url_meta":{"origin":80432,"position":0},"title":"Atendente e SAC","author":"noticiasribeiraopreto.com.br","date":"19 de January de 2024","format":false,"excerpt":"Atendente e SAC Ribeir\u00e3o Preto (SP)View JobGerente de Marketing e Relacionamento Ribeir\u00e3o Preto e Regi\u00e3o View JobGerente Industrial \/ Produ\u00e7\u00e3o Regi\u00e3o do ABC \u2013 S\u00e3o Paulo View JobGerente de Vendas Externo S\u00e3o Paulo Capital e Grande S\u00e3o PauloView JobDIRETOR(A) DE SUSTENBALIDADE Ribeir\u00e3o Preto (SP)View JobCONTROLLER \u2013 INGL\u00caS FLUENTERibeir\u00e3o Preto (SP)View\u2026","rel":"","context":"In &quot;Vagas de Emprego em Ribeir\u00e3o Preto-SP&quot;","block_context":{"text":"Vagas de Emprego em Ribeir\u00e3o Preto-SP","link":"https:\/\/noticiasribeiraopreto.com.br\/index.php\/category\/empregos-classificados-vagas-trabalho\/vagas-de-empregos-em-ribeirao-preto-regiao-brasil\/"},"img":{"alt_text":"","src":"","width":0,"height":0},"classes":[]},{"id":31467,"url":"https:\/\/noticiasribeiraopreto.com.br\/index.php\/2024\/01\/22\/atendente-e-sac-14\/","url_meta":{"origin":80432,"position":1},"title":"Atendente e SAC","author":"noticiasribeiraopreto.com.br","date":"22 de January de 2024","format":false,"excerpt":"Atendente e SAC Ribeir\u00e3o Preto (SP)View JobGerente de Marketing e Relacionamento Ribeir\u00e3o Preto e Regi\u00e3o View JobGerente Industrial \/ Produ\u00e7\u00e3o Regi\u00e3o do ABC \u2013 S\u00e3o Paulo View JobGerente de Vendas Externo S\u00e3o Paulo Capital e Grande S\u00e3o PauloView JobDIRETOR(A) DE SUSTENBALIDADE Ribeir\u00e3o Preto (SP)View JobCONTROLLER \u2013 INGL\u00caS FLUENTERibeir\u00e3o Preto (SP)View\u2026","rel":"","context":"In &quot;Vagas de Emprego em Ribeir\u00e3o Preto-SP&quot;","block_context":{"text":"Vagas de Emprego em Ribeir\u00e3o Preto-SP","link":"https:\/\/noticiasribeiraopreto.com.br\/index.php\/category\/empregos-classificados-vagas-trabalho\/vagas-de-empregos-em-ribeirao-preto-regiao-brasil\/"},"img":{"alt_text":"","src":"","width":0,"height":0},"classes":[]},{"id":28656,"url":"https:\/\/noticiasribeiraopreto.com.br\/index.php\/2024\/01\/16\/atendente-e-sac-12\/","url_meta":{"origin":80432,"position":2},"title":"Atendente e SAC","author":"noticiasribeiraopreto.com.br","date":"16 de January de 2024","format":false,"excerpt":"Atendente e SAC Ribeir\u00e3o Preto (SP)View JobGerente de Marketing e Relacionamento Ribeir\u00e3o Preto e Regi\u00e3o View JobGerente Industrial \/ Produ\u00e7\u00e3o Regi\u00e3o do ABC \u2013 S\u00e3o Paulo View JobGerente de Vendas Externo S\u00e3o Paulo Capital e Grande S\u00e3o PauloView JobDIRETOR(A) DE SUSTENBALIDADE Ribeir\u00e3o Preto (SP)View JobCONTROLLER \u2013 INGL\u00caS FLUENTERibeir\u00e3o Preto (SP)View\u2026","rel":"","context":"In &quot;Vagas de Emprego em Ribeir\u00e3o Preto-SP&quot;","block_context":{"text":"Vagas de Emprego em Ribeir\u00e3o Preto-SP","link":"https:\/\/noticiasribeiraopreto.com.br\/index.php\/category\/empregos-classificados-vagas-trabalho\/vagas-de-empregos-em-ribeirao-preto-regiao-brasil\/"},"img":{"alt_text":"","src":"","width":0,"height":0},"classes":[]},{"id":23108,"url":"https:\/\/noticiasribeiraopreto.com.br\/index.php\/2024\/01\/01\/atendente-e-sac-8\/","url_meta":{"origin":80432,"position":3},"title":"Atendente e SAC","author":"noticiasribeiraopreto.com.br","date":"1 de January de 2024","format":false,"excerpt":"Atendente e SAC Ribeir\u00e3o Preto (SP)View JobGerente de Marketing e Relacionamento Ribeir\u00e3o Preto e Regi\u00e3o View JobGerente Industrial \/ Produ\u00e7\u00e3o Regi\u00e3o do ABC \u2013 S\u00e3o Paulo View JobGerente de Vendas Externo S\u00e3o Paulo Capital e Grande S\u00e3o PauloView JobDIRETOR(A) DE SUSTENBALIDADE Ribeir\u00e3o Preto (SP)View JobCONTROLLER \u2013 INGL\u00caS FLUENTERibeir\u00e3o Preto (SP)View\u2026","rel":"","context":"In &quot;Vagas de Emprego em Ribeir\u00e3o Preto-SP&quot;","block_context":{"text":"Vagas de Emprego em Ribeir\u00e3o Preto-SP","link":"https:\/\/noticiasribeiraopreto.com.br\/index.php\/category\/empregos-classificados-vagas-trabalho\/vagas-de-empregos-em-ribeirao-preto-regiao-brasil\/"},"img":{"alt_text":"","src":"","width":0,"height":0},"classes":[]},{"id":24424,"url":"https:\/\/noticiasribeiraopreto.com.br\/index.php\/2024\/01\/04\/atendente-e-sac-9\/","url_meta":{"origin":80432,"position":4},"title":"Atendente e SAC","author":"noticiasribeiraopreto.com.br","date":"4 de January de 2024","format":false,"excerpt":"Atendente e SAC Ribeir\u00e3o Preto (SP)View JobGerente de Marketing e Relacionamento Ribeir\u00e3o Preto e Regi\u00e3o View JobGerente Industrial \/ Produ\u00e7\u00e3o Regi\u00e3o do ABC \u2013 S\u00e3o Paulo View JobGerente de Vendas Externo S\u00e3o Paulo Capital e Grande S\u00e3o PauloView JobDIRETOR(A) DE SUSTENBALIDADE Ribeir\u00e3o Preto (SP)View JobCONTROLLER \u2013 INGL\u00caS FLUENTERibeir\u00e3o Preto (SP)View\u2026","rel":"","context":"In &quot;Vagas de Emprego em Ribeir\u00e3o Preto-SP&quot;","block_context":{"text":"Vagas de Emprego em Ribeir\u00e3o Preto-SP","link":"https:\/\/noticiasribeiraopreto.com.br\/index.php\/category\/empregos-classificados-vagas-trabalho\/vagas-de-empregos-em-ribeirao-preto-regiao-brasil\/"},"img":{"alt_text":"","src":"","width":0,"height":0},"classes":[]},{"id":26597,"url":"https:\/\/noticiasribeiraopreto.com.br\/index.php\/2024\/01\/10\/atendente-e-sac-10\/","url_meta":{"origin":80432,"position":5},"title":"Atendente e SAC","author":"noticiasribeiraopreto.com.br","date":"10 de January de 2024","format":false,"excerpt":"Atendente e SAC Ribeir\u00e3o Preto (SP)View JobGerente de Marketing e Relacionamento Ribeir\u00e3o Preto e Regi\u00e3o View JobGerente Industrial \/ Produ\u00e7\u00e3o Regi\u00e3o do ABC \u2013 S\u00e3o Paulo View JobGerente de Vendas Externo S\u00e3o Paulo Capital e Grande S\u00e3o PauloView JobDIRETOR(A) DE SUSTENBALIDADE Ribeir\u00e3o Preto (SP)View JobCONTROLLER \u2013 INGL\u00caS FLUENTERibeir\u00e3o Preto (SP)View\u2026","rel":"","context":"In &quot;Vagas de Emprego em Ribeir\u00e3o Preto-SP&quot;","block_context":{"text":"Vagas de Emprego em Ribeir\u00e3o Preto-SP","link":"https:\/\/noticiasribeiraopreto.com.br\/index.php\/category\/empregos-classificados-vagas-trabalho\/vagas-de-empregos-em-ribeirao-preto-regiao-brasil\/"},"img":{"alt_text":"","src":"","width":0,"height":0},"classes":[]}],"jetpack_sharing_enabled":true,"jetpack_shortlink":"https:\/\/wp.me\/peQAOb-kVi","_links":{"self":[{"href":"https:\/\/noticiasribeiraopreto.com.br\/index.php\/wp-json\/wp\/v2\/posts\/80432","targetHints":{"allow":["GET"]}}],"collection":[{"href":"https:\/\/noticiasribeiraopreto.com.br\/index.php\/wp-json\/wp\/v2\/posts"}],"about":[{"href":"https:\/\/noticiasribeiraopreto.com.br\/index.php\/wp-json\/wp\/v2\/types\/post"}],"author":[{"embeddable":true,"href":"https:\/\/noticiasribeiraopreto.com.br\/index.php\/wp-json\/wp\/v2\/users\/1"}],"replies":[{"embeddable":true,"href":"https:\/\/noticiasribeiraopreto.com.br\/index.php\/wp-json\/wp\/v2\/comments?post=80432"}],"version-history":[{"count":0,"href":"https:\/\/noticiasribeiraopreto.com.br\/index.php\/wp-json\/wp\/v2\/posts\/80432\/revisions"}],"wp:featuredmedia":[{"embeddable":true,"href":"https:\/\/noticiasribeiraopreto.com.br\/index.php\/wp-json\/wp\/v2\/media\/80433"}],"wp:attachment":[{"href":"https:\/\/noticiasribeiraopreto.com.br\/index.php\/wp-json\/wp\/v2\/media?parent=80432"}],"wp:term":[{"taxonomy":"category","embeddable":true,"href":"https:\/\/noticiasribeiraopreto.com.br\/index.php\/wp-json\/wp\/v2\/categories?post=80432"},{"taxonomy":"post_tag","embeddable":true,"href":"https:\/\/noticiasribeiraopreto.com.br\/index.php\/wp-json\/wp\/v2\/tags?post=80432"}],"curies":[{"name":"wp","href":"https:\/\/api.w.org\/{rel}","templated":true}]}}