{"id":80434,"date":"2025-12-03T15:26:05","date_gmt":"2025-12-03T18:26:05","guid":{"rendered":"https:\/\/noticiasribeiraopreto.com.br\/index.php\/2025\/12\/03\/cratera-se-abre-em-rua-e-causa-transtornos-em-cidade-na-regiao-de-ribeirao-preto\/"},"modified":"2025-12-03T15:26:05","modified_gmt":"2025-12-03T18:26:05","slug":"cratera-se-abre-em-rua-e-causa-transtornos-em-cidade-na-regiao-de-ribeirao-preto","status":"publish","type":"post","link":"https:\/\/noticiasribeiraopreto.com.br\/index.php\/2025\/12\/03\/cratera-se-abre-em-rua-e-causa-transtornos-em-cidade-na-regiao-de-ribeirao-preto\/","title":{"rendered":"Cratera se abre em rua e causa transtornos em cidade na regi\u00e3o de Ribeir\u00e3o Preto"},"content":{"rendered":"<div class='code-block code-block-1' style='margin: 8px 0 8px auto; text-align: right; display: block; clear: both;'>\n<p><a href=\"https:\/\/wa.link\/vpicfd\"><img data-recalc-dims=\"1\" class=\"wp-image-4922\" style=\"aspect-ratio: 2.0253164556962027; width: 561px; height: auto;\" src=\"https:\/\/i0.wp.com\/ismaelcolosi.com.br\/wp-content\/uploads\/2023\/11\/grupo-de-empregos-whatsapp-e-facebook-ismael-colosi-vagas.jpg?ssl=1\" alt=\"\" \/><\/a><\/p>\n<!-- \/wp:image -->\n<\/div>\n<p> <br \/>\n<\/p>\n<div>\n<p><strong>Uma cratera tomou um trecho da rua Manoel Dam\u00e1sio Ribeiro, no bairro Lapa, em S\u00e3o Joaquim da Barra, a 70 quil\u00f4metros de Ribeir\u00e3o Preto.<\/strong><\/p>\n<p>\u201cEstamos passando um <strong>problema terr\u00edvel<\/strong>: o <strong>esgoto <\/strong>aberto, est\u00e1 tudo <strong>oco<\/strong>, a nossa <strong>rua <\/strong>vai <strong>cair<\/strong>, a gente n\u00e3o pode <strong>sair <\/strong>mais de <strong>casa<\/strong>, os <strong>carros <\/strong>n\u00e3o podem <strong>sair<\/strong>\u201d, relatou uma <strong>moradora<\/strong>, em um <strong>v\u00eddeo <\/strong>que mostra o buraco.<\/p>\n<p>A esteticista Alessandra Rocha disse que, al\u00e9m dos transtornos com a mobilidade para acessar sua cl\u00ednica de est\u00e9tica, tamb\u00e9m h\u00e1 falta de \u00e1gua na regi\u00e3o.<\/p>\n<p>\u201cEstamos sem \u00e1gua. A gente chama o servi\u00e7o, eles fazem um emendo e fica nisso. A gente pede \u00e9 que n\u00e3o venham s\u00f3 fazer um remendo, mas um reparo definitivo\u201d, reclamou.<\/p>\n<p>Segundo os moradores, o buraco foi aberto ap\u00f3s uma forte chuva no \u00faltimo dia 25 de novembro. Desde ent\u00e3o, tem aumentado de tamanho.<\/p>\n<h2 class=\"wp-block-heading\"><strong>Outro lado<\/strong><\/h2>\n<p>A Prefeitura de S\u00e3o Joaquim da Barra disse, por meio de nota de imprensa, que o Departamento de Infraestrutura fez a sinaliza\u00e7\u00e3o da \u00e1rea e que a empresa que executou a obra dever\u00e1 realizar uma visita t\u00e9cnica para avaliar a situa\u00e7\u00e3o. O prazo para in\u00edcio do reparo, contudo, n\u00e3o foi informado. (Com EPTV)<\/p>\n<p>SAIBA MAIS<\/p>\n<p>Carro com gr\u00e1vida tomba em batida na regi\u00e3o de Ribeir\u00e3o Preto; V\u00eddeo<\/p>\n<h3 class=\"wp-block-heading\"><strong>FIQUE ON<\/strong><\/h3>\n<p>Fique ligado em tudo que acontece em Ribeir\u00e3o Preto e regi\u00e3o. Siga os perfis do\u00a0<strong>acidade on<\/strong>\u00a0no\u00a0<a href=\"https:\/\/www.instagram.com\/acidadeonribeirao\" target=\"_blank\" rel=\"noreferrer noopener\">Instagram<\/a>\u00a0e no\u00a0<a href=\"https:\/\/www.facebook.com\/acidadeonribeirao\/\" target=\"_blank\" rel=\"noreferrer noopener\">Facebook<\/a>.<\/p>\n<p>Receba not\u00edcias do\u00a0<strong>acidade on\u00a0<\/strong>no WhatsApp. Para entrar no grupo,\u00a0basta<a href=\"https:\/\/chat.whatsapp.com\/I4nieTEMKlf50pJ28aMemC?mode=ac_t\" target=\"_blank\" rel=\"noreferrer noopener\">\u00a0clicar aqui<\/a>. Ou, acesse o nosso\u00a0Canal\u00a0<a href=\"https:\/\/whatsapp.com\/channel\/0029Vb6IQl1JENyAeS57fk2p\" target=\"_blank\" rel=\"noreferrer noopener\">clicando aqui<\/a>.<\/p>\n<p>Fa\u00e7a uma den\u00fancia ou sugira uma reportagem sobre Ribeir\u00e3o Preto e regi\u00e3o pelo WhatsApp: 16 99117 7802.<\/p>\n<p>VEJA TAMB\u00c9M<\/p>\n<p>Qual era a idade do menino que morreu na jaula de leoa?<\/p>\n<p><!-- AI CONTENT END 1 -->\n<\/div>\n<p><script async src=\"\/\/www.instagram.com\/embed.js\"><\/script><br \/>\n<br \/><br \/>\n<br \/><a href=\"https:\/\/www.acidadeon.com\/ribeiraopreto\/cotidiano\/cratera-se-abre-em-rua-e-causa-transtornos-em-cidade-na-regiao-de-ribeirao-preto\/\">Source link <\/a><\/p>\n<!-- CONTENT END 1 -->\n","protected":false},"excerpt":{"rendered":"<p>Uma cratera tomou um trecho da rua Manoel Dam\u00e1sio Ribeiro, no bairro Lapa, em S\u00e3o Joaquim da Barra, a 70 quil\u00f4metros de Ribeir\u00e3o Preto. \u201cEstamos&#8230;<\/p>\n","protected":false},"author":1,"featured_media":80435,"comment_status":"open","ping_status":"open","sticky":false,"template":"","format":"standard","meta":{"advanced_seo_description":"","jetpack_seo_html_title":"","jetpack_seo_noindex":false,"jetpack_post_was_ever_published":false,"_jetpack_newsletter_access":"","_jetpack_dont_email_post_to_subs":false,"_jetpack_newsletter_tier_id":0,"_jetpack_memberships_contains_paywalled_content":false,"_jetpack_memberships_contains_paid_content":false,"footnotes":"","jetpack_publicize_message":"","jetpack_publicize_feature_enabled":true,"jetpack_social_post_already_shared":true,"jetpack_social_options":{"image_generator_settings":{"template":"highway","default_image_id":0,"font":"","enabled":false},"version":2}},"categories":[11],"tags":[],"class_list":["post-80434","post","type-post","status-publish","format-standard","has-post-thumbnail","hentry","category-noticias-de-ribeirao-preto-sp-e-regiao-ismael-colosi"],"jetpack_publicize_connections":[],"jetpack_featured_media_url":"https:\/\/i0.wp.com\/noticiasribeiraopreto.com.br\/wp-content\/uploads\/2025\/12\/buraco_2025-12-03_17-16-33.webp.webp?fit=1200%2C676&ssl=1","jetpack-related-posts":[{"id":63473,"url":"https:\/\/noticiasribeiraopreto.com.br\/index.php\/2025\/02\/14\/homem-cai-em-buraco-de-obras-na-rua-sao-jose-em-ribeirao-preto-moradores-relatam-transtornos\/","url_meta":{"origin":80434,"position":0},"title":"Homem Cai em Buraco de Obras na Rua S\u00e3o Jos\u00e9 em Ribeir\u00e3o Preto: Moradores Relatam Transtornos","author":"noticiasribeiraopreto.com.br","date":"14 de February de 2025","format":false,"excerpt":"Um incidente na Rua S\u00e3o Jos\u00e9, em Ribeir\u00e3o Preto, levantou preocupa\u00e7\u00f5es sobre a seguran\u00e7a das obras inacabadas na regi\u00e3o. Na \u00faltima quarta-feira, um homem caiu em um buraco aberto por equipes de obras municipais, o que gerou indigna\u00e7\u00e3o e revolta entre os moradores do local. De acordo com testemunhas, a\u2026","rel":"","context":"In &quot;Not\u00edcias de Ribeir\u00e3o Preto-SP e Regi\u00e3o&quot;","block_context":{"text":"Not\u00edcias de Ribeir\u00e3o Preto-SP e Regi\u00e3o","link":"https:\/\/noticiasribeiraopreto.com.br\/index.php\/category\/noticias-de-ribeirao-preto-sp-e-regiao-ismael-colosi\/"},"img":{"alt_text":"","src":"https:\/\/i0.wp.com\/noticiasribeiraopreto.com.br\/wp-content\/uploads\/2025\/02\/bloqueio_barao_do_amazonas_-_foto_fernando_gonzaga.jpg?fit=1000%2C667&ssl=1&resize=350%2C200","width":350,"height":200,"srcset":"https:\/\/i0.wp.com\/noticiasribeiraopreto.com.br\/wp-content\/uploads\/2025\/02\/bloqueio_barao_do_amazonas_-_foto_fernando_gonzaga.jpg?fit=1000%2C667&ssl=1&resize=350%2C200 1x, https:\/\/i0.wp.com\/noticiasribeiraopreto.com.br\/wp-content\/uploads\/2025\/02\/bloqueio_barao_do_amazonas_-_foto_fernando_gonzaga.jpg?fit=1000%2C667&ssl=1&resize=525%2C300 1.5x, https:\/\/i0.wp.com\/noticiasribeiraopreto.com.br\/wp-content\/uploads\/2025\/02\/bloqueio_barao_do_amazonas_-_foto_fernando_gonzaga.jpg?fit=1000%2C667&ssl=1&resize=700%2C400 2x"},"classes":[]},{"id":62380,"url":"https:\/\/noticiasribeiraopreto.com.br\/index.php\/2025\/01\/13\/idosa-cai-em-buraco-aberto-pela-chuva-em-cidade-da-regiao-de-ribeirao-preto\/","url_meta":{"origin":80434,"position":1},"title":"Idosa cai em buraco aberto pela chuva em cidade da regi\u00e3o de Ribeir\u00e3o Preto","author":"noticiasribeiraopreto.com.br","date":"13 de January de 2025","format":false,"excerpt":"Uma idosa caiu em um buraco aberto pela \u00e1gua da chuva e foi socorrida neste domingo (12), em Ituverava, cidade a aproximadamente 100 quil\u00f4metros de Ribeir\u00e3o Preto. A queda ocorreu na rua Jo\u00e3o Borges, nas proximidades da avenida Orestes Qu\u00e9rcia, na Vila S\u00e3o Francisco. A v\u00edtima foi retirada do buraco\u2026","rel":"","context":"In &quot;Not\u00edcias de Ribeir\u00e3o Preto-SP e Regi\u00e3o&quot;","block_context":{"text":"Not\u00edcias de Ribeir\u00e3o Preto-SP e Regi\u00e3o","link":"https:\/\/noticiasribeiraopreto.com.br\/index.php\/category\/noticias-de-ribeirao-preto-sp-e-regiao-ismael-colosi\/"},"img":{"alt_text":"","src":"https:\/\/i0.wp.com\/noticiasribeiraopreto.com.br\/wp-content\/uploads\/2025\/01\/WhatsApp-Image-2025-01-13-at-07.00.58_2025-01-13_10-02-17_jpeg_2025-01-13_10-02-17.webp.webp?fit=1200%2C675&ssl=1&resize=350%2C200","width":350,"height":200,"srcset":"https:\/\/i0.wp.com\/noticiasribeiraopreto.com.br\/wp-content\/uploads\/2025\/01\/WhatsApp-Image-2025-01-13-at-07.00.58_2025-01-13_10-02-17_jpeg_2025-01-13_10-02-17.webp.webp?fit=1200%2C675&ssl=1&resize=350%2C200 1x, https:\/\/i0.wp.com\/noticiasribeiraopreto.com.br\/wp-content\/uploads\/2025\/01\/WhatsApp-Image-2025-01-13-at-07.00.58_2025-01-13_10-02-17_jpeg_2025-01-13_10-02-17.webp.webp?fit=1200%2C675&ssl=1&resize=525%2C300 1.5x, https:\/\/i0.wp.com\/noticiasribeiraopreto.com.br\/wp-content\/uploads\/2025\/01\/WhatsApp-Image-2025-01-13-at-07.00.58_2025-01-13_10-02-17_jpeg_2025-01-13_10-02-17.webp.webp?fit=1200%2C675&ssl=1&resize=700%2C400 2x, https:\/\/i0.wp.com\/noticiasribeiraopreto.com.br\/wp-content\/uploads\/2025\/01\/WhatsApp-Image-2025-01-13-at-07.00.58_2025-01-13_10-02-17_jpeg_2025-01-13_10-02-17.webp.webp?fit=1200%2C675&ssl=1&resize=1050%2C600 3x"},"classes":[]},{"id":38681,"url":"https:\/\/noticiasribeiraopreto.com.br\/index.php\/2024\/02\/21\/cratera-em-avenida-da-zona-leste-preocupa-motoristas-e-moradores\/","url_meta":{"origin":80434,"position":2},"title":"Cratera em avenida da zona Leste preocupa motoristas e moradores","author":"noticiasribeiraopreto.com.br","date":"21 de February de 2024","format":false,"excerpt":"Rompimento de adutora na Lagoinha teria causado o problema e SAERP afirma estar realizando trabalhos necess\u00e1rios 21 de fevereiro de 2024 | 7:1720 de fevereiro de 2024 | 17:37 1Por: Adalberto LuqueUm grande buraco surgiu no \u00faltimo s\u00e1bado (17), na Avenida Jos\u00e9 Gomes da Silva, Lagoinha, zona Leste de Ribeir\u00e3o\u2026","rel":"","context":"In &quot;Not\u00edcias de Ribeir\u00e3o Preto-SP e Regi\u00e3o&quot;","block_context":{"text":"Not\u00edcias de Ribeir\u00e3o Preto-SP e Regi\u00e3o","link":"https:\/\/noticiasribeiraopreto.com.br\/index.php\/category\/noticias-de-ribeirao-preto-sp-e-regiao-ismael-colosi\/"},"img":{"alt_text":"","src":"https:\/\/i0.wp.com\/noticiasribeiraopreto.com.br\/wp-content\/uploads\/2024\/02\/00-21-fev-2024-rompimento-adutora-01-foto-max-gallao-mesquita-scaled.jpg?fit=1000%2C644&ssl=1&resize=350%2C200","width":350,"height":200,"srcset":"https:\/\/i0.wp.com\/noticiasribeiraopreto.com.br\/wp-content\/uploads\/2024\/02\/00-21-fev-2024-rompimento-adutora-01-foto-max-gallao-mesquita-scaled.jpg?fit=1000%2C644&ssl=1&resize=350%2C200 1x, https:\/\/i0.wp.com\/noticiasribeiraopreto.com.br\/wp-content\/uploads\/2024\/02\/00-21-fev-2024-rompimento-adutora-01-foto-max-gallao-mesquita-scaled.jpg?fit=1000%2C644&ssl=1&resize=525%2C300 1.5x, https:\/\/i0.wp.com\/noticiasribeiraopreto.com.br\/wp-content\/uploads\/2024\/02\/00-21-fev-2024-rompimento-adutora-01-foto-max-gallao-mesquita-scaled.jpg?fit=1000%2C644&ssl=1&resize=700%2C400 2x"},"classes":[]},{"id":66285,"url":"https:\/\/noticiasribeiraopreto.com.br\/index.php\/2025\/03\/30\/cratera-surge-no-santa-terezinha-e-moradores-usam-planta-para-fazer-sinalizacao-para-motoristas\/","url_meta":{"origin":80434,"position":3},"title":"Cratera surge no Santa Terezinha e moradores usam planta para fazer sinaliza\u00e7\u00e3o para motoristas","author":"noticiasribeiraopreto.com.br","date":"30 de March de 2025","format":false,"excerpt":"A rua Frei Agostinho da Piedade, uma das vias mais movimentadas do bairro Santa Terezinha, estava com um buraco que passou a crescer e no come\u00e7o deste final de semana (28\/3) transformou-se em uma cratera. Como o local aparentemente apresenta risco para motoristas, moradores pr\u00f3ximos decidiram colocar uma planta para\u2026","rel":"","context":"In &quot;Not\u00edcias de Franca-SP&quot;","block_context":{"text":"Not\u00edcias de Franca-SP","link":"https:\/\/noticiasribeiraopreto.com.br\/index.php\/category\/noticias-de-ribeirao-preto-sp-e-regiao-ismael-colosi\/noticias-franca-sp\/"},"img":{"alt_text":"","src":"https:\/\/i0.wp.com\/noticiasribeiraopreto.com.br\/wp-content\/uploads\/2025\/03\/1743342277_logo.png?fit=1200%2C630&ssl=1&resize=350%2C200","width":350,"height":200,"srcset":"https:\/\/i0.wp.com\/noticiasribeiraopreto.com.br\/wp-content\/uploads\/2025\/03\/1743342277_logo.png?fit=1200%2C630&ssl=1&resize=350%2C200 1x, https:\/\/i0.wp.com\/noticiasribeiraopreto.com.br\/wp-content\/uploads\/2025\/03\/1743342277_logo.png?fit=1200%2C630&ssl=1&resize=525%2C300 1.5x, https:\/\/i0.wp.com\/noticiasribeiraopreto.com.br\/wp-content\/uploads\/2025\/03\/1743342277_logo.png?fit=1200%2C630&ssl=1&resize=700%2C400 2x, https:\/\/i0.wp.com\/noticiasribeiraopreto.com.br\/wp-content\/uploads\/2025\/03\/1743342277_logo.png?fit=1200%2C630&ssl=1&resize=1050%2C600 3x"},"classes":[]},{"id":63734,"url":"https:\/\/noticiasribeiraopreto.com.br\/index.php\/2025\/02\/20\/vazamento-de-agua-vira-chafariz-no-meio-de-rua-na-zona-sul-de-ribeirao-preto-video\/","url_meta":{"origin":80434,"position":4},"title":"Vazamento de \u00e1gua vira chafariz no meio de rua na zona Sul de Ribeir\u00e3o Preto; V\u00eddeo","author":"noticiasribeiraopreto.com.br","date":"20 de February de 2025","format":false,"excerpt":"Um vazamento de \u00e1gua limpa formou um chafariz na manh\u00e3 desta quinta-feira (20), no meio da rua Conde Afonso Celso, no Jardim Sumar\u00e9, zona Sul de Ribeir\u00e3o Preto. Assista ao v\u00eddeo abaixo. A \u00e1gua jorrava de um buraco na via, na altura do n\u00famero 230. A\u00a0Saerp\u00a0(Secretaria de \u00c1gua e Esgoto\u2026","rel":"","context":"In &quot;Not\u00edcias de Ribeir\u00e3o Preto-SP e Regi\u00e3o&quot;","block_context":{"text":"Not\u00edcias de Ribeir\u00e3o Preto-SP e Regi\u00e3o","link":"https:\/\/noticiasribeiraopreto.com.br\/index.php\/category\/noticias-de-ribeirao-preto-sp-e-regiao-ismael-colosi\/"},"img":{"alt_text":"","src":"https:\/\/i0.wp.com\/noticiasribeiraopreto.com.br\/wp-content\/uploads\/2025\/02\/CHAFARIZ_2025-02-20_13-03-23_jpg_2025-02-20_13-03-23.webp.webp?fit=1200%2C781&ssl=1&resize=350%2C200","width":350,"height":200,"srcset":"https:\/\/i0.wp.com\/noticiasribeiraopreto.com.br\/wp-content\/uploads\/2025\/02\/CHAFARIZ_2025-02-20_13-03-23_jpg_2025-02-20_13-03-23.webp.webp?fit=1200%2C781&ssl=1&resize=350%2C200 1x, https:\/\/i0.wp.com\/noticiasribeiraopreto.com.br\/wp-content\/uploads\/2025\/02\/CHAFARIZ_2025-02-20_13-03-23_jpg_2025-02-20_13-03-23.webp.webp?fit=1200%2C781&ssl=1&resize=525%2C300 1.5x, https:\/\/i0.wp.com\/noticiasribeiraopreto.com.br\/wp-content\/uploads\/2025\/02\/CHAFARIZ_2025-02-20_13-03-23_jpg_2025-02-20_13-03-23.webp.webp?fit=1200%2C781&ssl=1&resize=700%2C400 2x, https:\/\/i0.wp.com\/noticiasribeiraopreto.com.br\/wp-content\/uploads\/2025\/02\/CHAFARIZ_2025-02-20_13-03-23_jpg_2025-02-20_13-03-23.webp.webp?fit=1200%2C781&ssl=1&resize=1050%2C600 3x"},"classes":[]},{"id":63444,"url":"https:\/\/noticiasribeiraopreto.com.br\/index.php\/2025\/02\/13\/homem-cai-em-buraco-de-obras-no-centro-de-ribeirao-preto\/","url_meta":{"origin":80434,"position":5},"title":"Homem cai em buraco de obras no Centro de Ribeir\u00e3o Preto","author":"noticiasribeiraopreto.com.br","date":"13 de February de 2025","format":false,"excerpt":"Um homem caiu em um buraco nas obras da rua S\u00e3o Jos\u00e9, no Centro de Ribeir\u00e3o Preto, na noite desta quarta-feira (12). O acidente aconteceu no trecho entre as ruas Prudente de Morais e Lafaiete. A v\u00edtima foi retirada do buraco com a ajuda de moradores que passavam pelo local\u2026","rel":"","context":"In &quot;Not\u00edcias de Ribeir\u00e3o Preto-SP e Regi\u00e3o&quot;","block_context":{"text":"Not\u00edcias de Ribeir\u00e3o Preto-SP e Regi\u00e3o","link":"https:\/\/noticiasribeiraopreto.com.br\/index.php\/category\/noticias-de-ribeirao-preto-sp-e-regiao-ismael-colosi\/"},"img":{"alt_text":"","src":"https:\/\/i0.wp.com\/noticiasribeiraopreto.com.br\/wp-content\/uploads\/2025\/02\/Copia-de-Copia-de-Copia-de-TAMANHO-EXATO-PARA-FOTOS-NO-SISTEMA-NOVO-2025-02-13T130357.568_2025-02-13_16-04-09_png_2025-02-13_16-04-09.webp.webp?fit=1200%2C675&ssl=1&resize=350%2C200","width":350,"height":200,"srcset":"https:\/\/i0.wp.com\/noticiasribeiraopreto.com.br\/wp-content\/uploads\/2025\/02\/Copia-de-Copia-de-Copia-de-TAMANHO-EXATO-PARA-FOTOS-NO-SISTEMA-NOVO-2025-02-13T130357.568_2025-02-13_16-04-09_png_2025-02-13_16-04-09.webp.webp?fit=1200%2C675&ssl=1&resize=350%2C200 1x, https:\/\/i0.wp.com\/noticiasribeiraopreto.com.br\/wp-content\/uploads\/2025\/02\/Copia-de-Copia-de-Copia-de-TAMANHO-EXATO-PARA-FOTOS-NO-SISTEMA-NOVO-2025-02-13T130357.568_2025-02-13_16-04-09_png_2025-02-13_16-04-09.webp.webp?fit=1200%2C675&ssl=1&resize=525%2C300 1.5x, https:\/\/i0.wp.com\/noticiasribeiraopreto.com.br\/wp-content\/uploads\/2025\/02\/Copia-de-Copia-de-Copia-de-TAMANHO-EXATO-PARA-FOTOS-NO-SISTEMA-NOVO-2025-02-13T130357.568_2025-02-13_16-04-09_png_2025-02-13_16-04-09.webp.webp?fit=1200%2C675&ssl=1&resize=700%2C400 2x, https:\/\/i0.wp.com\/noticiasribeiraopreto.com.br\/wp-content\/uploads\/2025\/02\/Copia-de-Copia-de-Copia-de-TAMANHO-EXATO-PARA-FOTOS-NO-SISTEMA-NOVO-2025-02-13T130357.568_2025-02-13_16-04-09_png_2025-02-13_16-04-09.webp.webp?fit=1200%2C675&ssl=1&resize=1050%2C600 3x"},"classes":[]}],"jetpack_sharing_enabled":true,"jetpack_shortlink":"https:\/\/wp.me\/peQAOb-kVk","_links":{"self":[{"href":"https:\/\/noticiasribeiraopreto.com.br\/index.php\/wp-json\/wp\/v2\/posts\/80434","targetHints":{"allow":["GET"]}}],"collection":[{"href":"https:\/\/noticiasribeiraopreto.com.br\/index.php\/wp-json\/wp\/v2\/posts"}],"about":[{"href":"https:\/\/noticiasribeiraopreto.com.br\/index.php\/wp-json\/wp\/v2\/types\/post"}],"author":[{"embeddable":true,"href":"https:\/\/noticiasribeiraopreto.com.br\/index.php\/wp-json\/wp\/v2\/users\/1"}],"replies":[{"embeddable":true,"href":"https:\/\/noticiasribeiraopreto.com.br\/index.php\/wp-json\/wp\/v2\/comments?post=80434"}],"version-history":[{"count":0,"href":"https:\/\/noticiasribeiraopreto.com.br\/index.php\/wp-json\/wp\/v2\/posts\/80434\/revisions"}],"wp:featuredmedia":[{"embeddable":true,"href":"https:\/\/noticiasribeiraopreto.com.br\/index.php\/wp-json\/wp\/v2\/media\/80435"}],"wp:attachment":[{"href":"https:\/\/noticiasribeiraopreto.com.br\/index.php\/wp-json\/wp\/v2\/media?parent=80434"}],"wp:term":[{"taxonomy":"category","embeddable":true,"href":"https:\/\/noticiasribeiraopreto.com.br\/index.php\/wp-json\/wp\/v2\/categories?post=80434"},{"taxonomy":"post_tag","embeddable":true,"href":"https:\/\/noticiasribeiraopreto.com.br\/index.php\/wp-json\/wp\/v2\/tags?post=80434"}],"curies":[{"name":"wp","href":"https:\/\/api.w.org\/{rel}","templated":true}]}}