{"id":80437,"date":"2025-12-03T15:42:12","date_gmt":"2025-12-03T18:42:12","guid":{"rendered":"https:\/\/noticiasribeiraopreto.com.br\/index.php\/2025\/12\/03\/detran-sp-fara-concurso-publico-com-145-vagas-para-agentes-de-transito\/"},"modified":"2025-12-03T15:42:12","modified_gmt":"2025-12-03T18:42:12","slug":"detran-sp-fara-concurso-publico-com-145-vagas-para-agentes-de-transito","status":"publish","type":"post","link":"https:\/\/noticiasribeiraopreto.com.br\/index.php\/2025\/12\/03\/detran-sp-fara-concurso-publico-com-145-vagas-para-agentes-de-transito\/","title":{"rendered":"Detran-SP far\u00e1 concurso p\u00fablico com 145 vagas para agentes de tr\u00e2nsito"},"content":{"rendered":"<div class='code-block code-block-1' style='margin: 8px 0 8px auto; text-align: right; display: block; clear: both;'>\n<p><a href=\"https:\/\/wa.link\/vpicfd\"><img data-recalc-dims=\"1\" class=\"wp-image-4922\" style=\"aspect-ratio: 2.0253164556962027; width: 561px; height: auto;\" src=\"https:\/\/i0.wp.com\/ismaelcolosi.com.br\/wp-content\/uploads\/2023\/11\/grupo-de-empregos-whatsapp-e-facebook-ismael-colosi-vagas.jpg?ssl=1\" alt=\"\" \/><\/a><\/p>\n<!-- \/wp:image -->\n<\/div>\n<p> <br \/>\n<\/p>\n<div>\n<p>O <a href=\"https:\/\/www.detran.sp.gov.br\/detransp\" data-type=\"link\" data-id=\"https:\/\/www.detran.sp.gov.br\/detransp\" target=\"_blank\" rel=\"noopener\"><strong>Detran-SP (Departamento Estadual de Tr\u00e2nsito de S\u00e3o Paulo)<\/strong> <\/a>recebeu autoriza\u00e7\u00e3o do governo estadual para a realiza\u00e7\u00e3o de  <strong>concurso p\u00fablico<\/strong>. Ser\u00e3o oferecidas 145 vagas de agente de tr\u00e2nsito, cargo que exige forma\u00e7\u00e3o de n\u00edvel superior e <strong>CNH (Carteira Nacional de Habilita\u00e7\u00e3o)<\/strong> na categoria B. As provas ocorrer\u00e3o em 2026.<\/p>\n<p>O sal\u00e1rio inicial para agente de tr\u00e2nsito \u00e9 de R$ 5.702,18, dentro do regime da CLT (Consolida\u00e7\u00e3o das Leis de Trabalho), com recolhimento de encargos trabalhistas, previdenci\u00e1rios e fundi\u00e1rios, f\u00e9rias, 13\u00ba sal\u00e1rio, Vale Transporte, Vale refei\u00e7\u00e3o\/Alimenta\u00e7\u00e3o e Assist\u00eancia m\u00e9dica.<\/p>\n<h2 class=\"wp-block-heading\"><strong>Pr\u00f3ximos passos<\/strong><\/h2>\n<p>Com a autoriza\u00e7\u00e3o do Governo de S\u00e3o Paulo, o Detran-SP selecionar\u00e1 os servidores para compor a comiss\u00e3o organizadora do certame. Caber\u00e1 ao Detran-SP contratar uma institui\u00e7\u00e3o respons\u00e1vel pelo desenvolvimento e aplica\u00e7\u00e3o das provas.<\/p>\n<h2 class=\"wp-block-heading\"><strong>Agente estadual de tr\u00e2nsito<\/strong><\/h2>\n<p>Com jornada de 40 horas semanais, o emprego p\u00fablico de Agente Estadual de Tr\u00e2nsito contempla atribui\u00e7\u00f5es diversas: desde o atendimento ao p\u00fablico e a participa\u00e7\u00e3o em provas pr\u00e1ticas de dire\u00e7\u00e3o, at\u00e9 a fiscaliza\u00e7\u00e3o de empresas e profissionais que atuam sob delega\u00e7\u00e3o do \u00f3rg\u00e3o de tr\u00e2nsito, al\u00e9m da colabora\u00e7\u00e3o na constru\u00e7\u00e3o de pol\u00edticas de seguran\u00e7a vi\u00e1ria.<\/p>\n<p>Em todas essas frentes, ser\u00e1 indispens\u00e1vel o conhecimento em inform\u00e1tica e tecnologia, uma vez que o Detran-SP passa por um amplo processo de transforma\u00e7\u00e3o digital.<\/p>\n<p>SAIBA MAIS<br \/>Ribeir\u00e3o refor\u00e7a seguran\u00e7a no com\u00e9rcio com opera\u00e7\u00e3o especial de fim de ano<\/p>\n<h2 class=\"wp-block-heading\"><strong>FIQUE ON<\/strong><\/h2>\n<p>Fique ligado em tudo que acontece em Ribeir\u00e3o Preto e regi\u00e3o. Siga os perfis do<strong>\u00a0acidade on<\/strong>\u00a0no<a href=\"https:\/\/www.instagram.com\/acidadeonribeirao\" target=\"_blank\" rel=\"noreferrer noopener\">\u00a0Instagram<\/a>\u00a0e no\u00a0<a href=\"https:\/\/www.facebook.com\/acidadeonribeirao\/\" target=\"_blank\" rel=\"noreferrer noopener\">Facebook<\/a>.<\/p>\n<p>Receba not\u00edcias do<strong>\u00a0acidade on\u00a0<\/strong>no WhatsApp. Para entrar no grupo,\u00a0basta\u00a0<a href=\"https:\/\/chat.whatsapp.com\/I4nieTEMKlf50pJ28aMemC?mode=ac_t\" target=\"_blank\" rel=\"noreferrer noopener\">clicar aqui<\/a>. Ou, acesse o nosso\u00a0Canal\u00a0<a href=\"https:\/\/whatsapp.com\/channel\/0029Vb6IQl1JENyAeS57fk2p\" target=\"_blank\" rel=\"noreferrer noopener\">clicando aqui<\/a>.<\/p>\n<p>Fa\u00e7a uma den\u00fancia ou sugira uma reportagem sobre Ribeir\u00e3o Preto e regi\u00e3o pelo WhatsApp: 16 99117 7802.<\/p>\n<p>VEJA TAMB\u00c9M<br \/>Salada X Molho: Qual a diferen\u00e7a dos dois tipos de tomate?<\/p>\n<p><!-- AI CONTENT END 1 -->\n<\/div>\n<p><script async src=\"\/\/www.instagram.com\/embed.js\"><\/script><br \/>\n<br \/><br \/>\n<br \/><a href=\"https:\/\/www.acidadeon.com\/ribeiraopreto\/economia\/detran-sp-fara-concurso-publico-com-145-vagas-para-agentes-de-transito\/\">Source link <\/a><\/p>\n<!-- CONTENT END 1 -->\n","protected":false},"excerpt":{"rendered":"<p>O Detran-SP (Departamento Estadual de Tr\u00e2nsito de S\u00e3o Paulo) recebeu autoriza\u00e7\u00e3o do governo estadual para a realiza\u00e7\u00e3o de concurso p\u00fablico. Ser\u00e3o oferecidas 145 vagas de&#8230;<\/p>\n","protected":false},"author":1,"featured_media":80438,"comment_status":"open","ping_status":"open","sticky":false,"template":"","format":"standard","meta":{"advanced_seo_description":"","jetpack_seo_html_title":"","jetpack_seo_noindex":false,"jetpack_post_was_ever_published":false,"_jetpack_newsletter_access":"","_jetpack_dont_email_post_to_subs":false,"_jetpack_newsletter_tier_id":0,"_jetpack_memberships_contains_paywalled_content":false,"_jetpack_memberships_contains_paid_content":false,"footnotes":"","jetpack_publicize_message":"","jetpack_publicize_feature_enabled":true,"jetpack_social_post_already_shared":true,"jetpack_social_options":{"image_generator_settings":{"template":"highway","default_image_id":0,"font":"","enabled":false},"version":2}},"categories":[11],"tags":[],"class_list":["post-80437","post","type-post","status-publish","format-standard","has-post-thumbnail","hentry","category-noticias-de-ribeirao-preto-sp-e-regiao-ismael-colosi"],"jetpack_publicize_connections":[],"jetpack_featured_media_url":"https:\/\/i0.wp.com\/noticiasribeiraopreto.com.br\/wp-content\/uploads\/2025\/12\/CONCURSO-DETRAN_2025-12-03_15-37-00.webp.webp?fit=1200%2C800&ssl=1","jetpack-related-posts":[{"id":81925,"url":"https:\/\/noticiasribeiraopreto.com.br\/index.php\/2026\/01\/30\/primeiro-concurso-do-detran-sp-desde-2019-tera-145-vagas-para-agente-de-transito\/","url_meta":{"origin":80437,"position":0},"title":"Primeiro concurso do Detran-SP desde 2019 ter\u00e1 145 vagas para agente de tr\u00e2nsito","author":"noticiasribeiraopreto.com.br","date":"30 de January de 2026","format":false,"excerpt":"O Departamento Estadual de Tr\u00e2nsito de S\u00e3o Paulo (Detran-SP) dar\u00e1 in\u00edcio ao primeiro concurso p\u00fablico desde 2019, com a oferta de 145 vagas para o cargo de Agente Estadual de Tr\u00e2nsito. O \u00f3rg\u00e3o j\u00e1 formou a comiss\u00e3o respons\u00e1vel pela organiza\u00e7\u00e3o do certame, etapa que antecede a publica\u00e7\u00e3o do edital. O\u2026","rel":"","context":"In &quot;Not\u00edcias de Ribeir\u00e3o Preto-SP e Regi\u00e3o&quot;","block_context":{"text":"Not\u00edcias de Ribeir\u00e3o Preto-SP e Regi\u00e3o","link":"https:\/\/noticiasribeiraopreto.com.br\/index.php\/category\/noticias-de-ribeirao-preto-sp-e-regiao-ismael-colosi\/"},"img":{"alt_text":"","src":"https:\/\/i0.wp.com\/noticiasribeiraopreto.com.br\/wp-content\/uploads\/2026\/01\/image_2026-01-29_19-26-26.webp.webp?fit=1200%2C800&ssl=1&resize=350%2C200","width":350,"height":200,"srcset":"https:\/\/i0.wp.com\/noticiasribeiraopreto.com.br\/wp-content\/uploads\/2026\/01\/image_2026-01-29_19-26-26.webp.webp?fit=1200%2C800&ssl=1&resize=350%2C200 1x, https:\/\/i0.wp.com\/noticiasribeiraopreto.com.br\/wp-content\/uploads\/2026\/01\/image_2026-01-29_19-26-26.webp.webp?fit=1200%2C800&ssl=1&resize=525%2C300 1.5x, https:\/\/i0.wp.com\/noticiasribeiraopreto.com.br\/wp-content\/uploads\/2026\/01\/image_2026-01-29_19-26-26.webp.webp?fit=1200%2C800&ssl=1&resize=700%2C400 2x, https:\/\/i0.wp.com\/noticiasribeiraopreto.com.br\/wp-content\/uploads\/2026\/01\/image_2026-01-29_19-26-26.webp.webp?fit=1200%2C800&ssl=1&resize=1050%2C600 3x"},"classes":[]},{"id":17878,"url":"https:\/\/noticiasribeiraopreto.com.br\/index.php\/2023\/12\/19\/autarquia-faz-forca-tarefa-para-convocar-aprovados-a-tempo\/","url_meta":{"origin":80437,"position":1},"title":"autarquia faz for\u00e7a-tarefa para convocar aprovados a tempo","author":"noticiasribeiraopreto.com.br","date":"19 de December de 2023","format":false,"excerpt":"O Departamento Estadual de Tr\u00e2nsito de S\u00e3o Paulo (Detran-SP) emitiu um comunicado na \u00faltima sexta-feira (15) revelando que, finalmente, convocar\u00e1 os aprovados no processo seletivo realizado em 2019, cujo prazo para o chamamento encerraria nesta quarta-feira, 20 de dezembro de 2023. O concurso Detran SP ofertou 400 vagas ao todo.\u2026","rel":"","context":"In &quot;Vagas de Emprego em Ribeir\u00e3o Preto-SP&quot;","block_context":{"text":"Vagas de Emprego em Ribeir\u00e3o Preto-SP","link":"https:\/\/noticiasribeiraopreto.com.br\/index.php\/category\/empregos-classificados-vagas-trabalho\/vagas-de-empregos-em-ribeirao-preto-regiao-brasil\/"},"img":{"alt_text":"","src":"https:\/\/i0.wp.com\/noticiasribeiraopreto.com.br\/wp-content\/uploads\/2023\/12\/concurso-detran-sp-foto-divulgacao.jpg?fit=1200%2C675&ssl=1&resize=350%2C200","width":350,"height":200,"srcset":"https:\/\/i0.wp.com\/noticiasribeiraopreto.com.br\/wp-content\/uploads\/2023\/12\/concurso-detran-sp-foto-divulgacao.jpg?fit=1200%2C675&ssl=1&resize=350%2C200 1x, https:\/\/i0.wp.com\/noticiasribeiraopreto.com.br\/wp-content\/uploads\/2023\/12\/concurso-detran-sp-foto-divulgacao.jpg?fit=1200%2C675&ssl=1&resize=525%2C300 1.5x, https:\/\/i0.wp.com\/noticiasribeiraopreto.com.br\/wp-content\/uploads\/2023\/12\/concurso-detran-sp-foto-divulgacao.jpg?fit=1200%2C675&ssl=1&resize=700%2C400 2x, https:\/\/i0.wp.com\/noticiasribeiraopreto.com.br\/wp-content\/uploads\/2023\/12\/concurso-detran-sp-foto-divulgacao.jpg?fit=1200%2C675&ssl=1&resize=1050%2C600 3x"},"classes":[]},{"id":19185,"url":"https:\/\/noticiasribeiraopreto.com.br\/index.php\/2023\/12\/21\/autarquia-convoca-aprovados-para-assinar-contrato-de-trabalho\/","url_meta":{"origin":80437,"position":2},"title":"autarquia convoca aprovados para assinar contrato de trabalho","author":"noticiasribeiraopreto.com.br","date":"21 de December de 2023","format":false,"excerpt":"O Departamento Estadual de Tr\u00e2nsito de S\u00e3o Paulo (Detran SP) publicou a aguardada convoca\u00e7\u00e3o dos 400 aprovados no concurso Detran SP realizado em 2019. O chamamento visa preencher 200 vagas para os cargos de Agente Estadual de Tr\u00e2nsito e mais 200 para o de Oficial Estadual de Tr\u00e2nsito. A amplia\u00e7\u00e3o\u2026","rel":"","context":"In &quot;Vagas de Emprego em Ribeir\u00e3o Preto-SP&quot;","block_context":{"text":"Vagas de Emprego em Ribeir\u00e3o Preto-SP","link":"https:\/\/noticiasribeiraopreto.com.br\/index.php\/category\/empregos-classificados-vagas-trabalho\/vagas-de-empregos-em-ribeirao-preto-regiao-brasil\/"},"img":{"alt_text":"","src":"https:\/\/i0.wp.com\/noticiasribeiraopreto.com.br\/wp-content\/uploads\/2023\/12\/1703208748_concurso-detran-sp-foto-divulgacao.jpg?fit=1200%2C675&ssl=1&resize=350%2C200","width":350,"height":200,"srcset":"https:\/\/i0.wp.com\/noticiasribeiraopreto.com.br\/wp-content\/uploads\/2023\/12\/1703208748_concurso-detran-sp-foto-divulgacao.jpg?fit=1200%2C675&ssl=1&resize=350%2C200 1x, https:\/\/i0.wp.com\/noticiasribeiraopreto.com.br\/wp-content\/uploads\/2023\/12\/1703208748_concurso-detran-sp-foto-divulgacao.jpg?fit=1200%2C675&ssl=1&resize=525%2C300 1.5x, https:\/\/i0.wp.com\/noticiasribeiraopreto.com.br\/wp-content\/uploads\/2023\/12\/1703208748_concurso-detran-sp-foto-divulgacao.jpg?fit=1200%2C675&ssl=1&resize=700%2C400 2x, https:\/\/i0.wp.com\/noticiasribeiraopreto.com.br\/wp-content\/uploads\/2023\/12\/1703208748_concurso-detran-sp-foto-divulgacao.jpg?fit=1200%2C675&ssl=1&resize=1050%2C600 3x"},"classes":[]},{"id":18257,"url":"https:\/\/noticiasribeiraopreto.com.br\/index.php\/2023\/12\/20\/divulgado-procedimento-para-desistir-ou-assumir-vaga-veja-passo-a-passo-2\/","url_meta":{"origin":80437,"position":3},"title":"divulgado procedimento para desistir ou assumir vaga; Veja passo a passo","author":"noticiasribeiraopreto.com.br","date":"20 de December de 2023","format":false,"excerpt":"O Departamento Estadual de Tr\u00e2nsito de S\u00e3o Paulo (Detran-SP) anunciou na \u00faltima sexta-feira (15) o preenchimento de 400 empregos permanentes em seus quadros. A convoca\u00e7\u00e3o dos aprovados ocorre ap\u00f3s quatro anos, pois o \u00faltimo concurso Detran SPfoi promovido em 2019. \u00c9 essencial a manifesta\u00e7\u00e3o do aprovado que for convocado, seja\u2026","rel":"","context":"In &quot;Vagas de Emprego em Ribeir\u00e3o Preto-SP&quot;","block_context":{"text":"Vagas de Emprego em Ribeir\u00e3o Preto-SP","link":"https:\/\/noticiasribeiraopreto.com.br\/index.php\/category\/empregos-classificados-vagas-trabalho\/vagas-de-empregos-em-ribeirao-preto-regiao-brasil\/"},"img":{"alt_text":"","src":"https:\/\/i0.wp.com\/noticiasribeiraopreto.com.br\/wp-content\/uploads\/2023\/12\/detran-sp-canva.jpg?fit=1200%2C675&ssl=1&resize=350%2C200","width":350,"height":200,"srcset":"https:\/\/i0.wp.com\/noticiasribeiraopreto.com.br\/wp-content\/uploads\/2023\/12\/detran-sp-canva.jpg?fit=1200%2C675&ssl=1&resize=350%2C200 1x, https:\/\/i0.wp.com\/noticiasribeiraopreto.com.br\/wp-content\/uploads\/2023\/12\/detran-sp-canva.jpg?fit=1200%2C675&ssl=1&resize=525%2C300 1.5x, https:\/\/i0.wp.com\/noticiasribeiraopreto.com.br\/wp-content\/uploads\/2023\/12\/detran-sp-canva.jpg?fit=1200%2C675&ssl=1&resize=700%2C400 2x, https:\/\/i0.wp.com\/noticiasribeiraopreto.com.br\/wp-content\/uploads\/2023\/12\/detran-sp-canva.jpg?fit=1200%2C675&ssl=1&resize=1050%2C600 3x"},"classes":[]},{"id":23180,"url":"https:\/\/noticiasribeiraopreto.com.br\/index.php\/2024\/01\/01\/detran-anuncia-abertura-de-1-000-vagas-em-concurso-publico-com-salarios-r-4-000\/","url_meta":{"origin":80437,"position":4},"title":"Detran anuncia abertura de 1.000 vagas\u00a0 em concurso p\u00fablico com sal\u00e1rios R$\u00a0 4.000","author":"noticiasribeiraopreto.com.br","date":"1 de January de 2024","format":false,"excerpt":"Foto: Informe Brasil O Departamento de Tr\u00e2nsito do Estado de Goi\u00e1s (Detran GO) planeja realizar seu primeiro concurso para servidores efetivos no decorrer de 2024. Esta informa\u00e7\u00e3o foi confirmada na \u00faltima ter\u00e7a-feira (26) por meio de uma nota oficial e an\u00fancios nas redes sociais. Recentemente, a Assembleia Legislativa do Estado\u2026","rel":"","context":"In &quot;Vagas de Emprego em Ribeir\u00e3o Preto-SP&quot;","block_context":{"text":"Vagas de Emprego em Ribeir\u00e3o Preto-SP","link":"https:\/\/noticiasribeiraopreto.com.br\/index.php\/category\/empregos-classificados-vagas-trabalho\/vagas-de-empregos-em-ribeirao-preto-regiao-brasil\/"},"img":{"alt_text":"","src":"https:\/\/i0.wp.com\/noticiasribeiraopreto.com.br\/wp-content\/uploads\/2024\/01\/Detran-anuncia-abertura-de-1.000-vagas-em-concurso-publico-com-salarios-R-4.000-830x450.jpg?fit=830%2C450&ssl=1&resize=350%2C200","width":350,"height":200,"srcset":"https:\/\/i0.wp.com\/noticiasribeiraopreto.com.br\/wp-content\/uploads\/2024\/01\/Detran-anuncia-abertura-de-1.000-vagas-em-concurso-publico-com-salarios-R-4.000-830x450.jpg?fit=830%2C450&ssl=1&resize=350%2C200 1x, https:\/\/i0.wp.com\/noticiasribeiraopreto.com.br\/wp-content\/uploads\/2024\/01\/Detran-anuncia-abertura-de-1.000-vagas-em-concurso-publico-com-salarios-R-4.000-830x450.jpg?fit=830%2C450&ssl=1&resize=525%2C300 1.5x, https:\/\/i0.wp.com\/noticiasribeiraopreto.com.br\/wp-content\/uploads\/2024\/01\/Detran-anuncia-abertura-de-1.000-vagas-em-concurso-publico-com-salarios-R-4.000-830x450.jpg?fit=830%2C450&ssl=1&resize=700%2C400 2x"},"classes":[]},{"id":62102,"url":"https:\/\/noticiasribeiraopreto.com.br\/index.php\/2025\/01\/03\/detran-sp-aumenta-prazo-para-candidatos-a-cnh-concluirem-processo-de-habilitacao\/","url_meta":{"origin":80437,"position":5},"title":"Detran-SP aumenta prazo para candidatos \u00e0 CNH conclu\u00edrem processo de habilita\u00e7\u00e3o","author":"noticiasribeiraopreto.com.br","date":"3 de January de 2025","format":false,"excerpt":"O Detran-SP (Departamento Estadual de Tr\u00e2nsito de S\u00e3o Paulo) prorrogou o prazo para que os candidatos \u00e0 CNH (Carteira Nacional de Habilita\u00e7\u00e3o) possam encerrar o processo de habilita\u00e7\u00e3o. A prorroga\u00e7\u00e3o vai at\u00e9 31 de mar\u00e7o e foi motivada por uma decis\u00e3o judicial. De acordo com o \u00f3rg\u00e3o, foi aberto na\u2026","rel":"","context":"In &quot;Not\u00edcias de Ribeir\u00e3o Preto-SP e Regi\u00e3o&quot;","block_context":{"text":"Not\u00edcias de Ribeir\u00e3o Preto-SP e Regi\u00e3o","link":"https:\/\/noticiasribeiraopreto.com.br\/index.php\/category\/noticias-de-ribeirao-preto-sp-e-regiao-ismael-colosi\/"},"img":{"alt_text":"","src":"https:\/\/i0.wp.com\/noticiasribeiraopreto.com.br\/wp-content\/uploads\/2025\/01\/cnh_2025-01-03_17-22-47_jpeg_2025-01-03_17-22-47.webp.webp?fit=768%2C432&ssl=1&resize=350%2C200","width":350,"height":200,"srcset":"https:\/\/i0.wp.com\/noticiasribeiraopreto.com.br\/wp-content\/uploads\/2025\/01\/cnh_2025-01-03_17-22-47_jpeg_2025-01-03_17-22-47.webp.webp?fit=768%2C432&ssl=1&resize=350%2C200 1x, https:\/\/i0.wp.com\/noticiasribeiraopreto.com.br\/wp-content\/uploads\/2025\/01\/cnh_2025-01-03_17-22-47_jpeg_2025-01-03_17-22-47.webp.webp?fit=768%2C432&ssl=1&resize=525%2C300 1.5x, https:\/\/i0.wp.com\/noticiasribeiraopreto.com.br\/wp-content\/uploads\/2025\/01\/cnh_2025-01-03_17-22-47_jpeg_2025-01-03_17-22-47.webp.webp?fit=768%2C432&ssl=1&resize=700%2C400 2x"},"classes":[]}],"jetpack_sharing_enabled":true,"jetpack_shortlink":"https:\/\/wp.me\/peQAOb-kVn","_links":{"self":[{"href":"https:\/\/noticiasribeiraopreto.com.br\/index.php\/wp-json\/wp\/v2\/posts\/80437","targetHints":{"allow":["GET"]}}],"collection":[{"href":"https:\/\/noticiasribeiraopreto.com.br\/index.php\/wp-json\/wp\/v2\/posts"}],"about":[{"href":"https:\/\/noticiasribeiraopreto.com.br\/index.php\/wp-json\/wp\/v2\/types\/post"}],"author":[{"embeddable":true,"href":"https:\/\/noticiasribeiraopreto.com.br\/index.php\/wp-json\/wp\/v2\/users\/1"}],"replies":[{"embeddable":true,"href":"https:\/\/noticiasribeiraopreto.com.br\/index.php\/wp-json\/wp\/v2\/comments?post=80437"}],"version-history":[{"count":0,"href":"https:\/\/noticiasribeiraopreto.com.br\/index.php\/wp-json\/wp\/v2\/posts\/80437\/revisions"}],"wp:featuredmedia":[{"embeddable":true,"href":"https:\/\/noticiasribeiraopreto.com.br\/index.php\/wp-json\/wp\/v2\/media\/80438"}],"wp:attachment":[{"href":"https:\/\/noticiasribeiraopreto.com.br\/index.php\/wp-json\/wp\/v2\/media?parent=80437"}],"wp:term":[{"taxonomy":"category","embeddable":true,"href":"https:\/\/noticiasribeiraopreto.com.br\/index.php\/wp-json\/wp\/v2\/categories?post=80437"},{"taxonomy":"post_tag","embeddable":true,"href":"https:\/\/noticiasribeiraopreto.com.br\/index.php\/wp-json\/wp\/v2\/tags?post=80437"}],"curies":[{"name":"wp","href":"https:\/\/api.w.org\/{rel}","templated":true}]}}