{"id":80439,"date":"2025-12-03T18:32:15","date_gmt":"2025-12-03T21:32:15","guid":{"rendered":"https:\/\/noticiasribeiraopreto.com.br\/index.php\/2025\/12\/03\/morador-registra-momento-em-que-arvore-cai-em-avenida-de-ribeirao-durante-temporal-veja-video\/"},"modified":"2025-12-03T18:32:15","modified_gmt":"2025-12-03T21:32:15","slug":"morador-registra-momento-em-que-arvore-cai-em-avenida-de-ribeirao-durante-temporal-veja-video","status":"publish","type":"post","link":"https:\/\/noticiasribeiraopreto.com.br\/index.php\/2025\/12\/03\/morador-registra-momento-em-que-arvore-cai-em-avenida-de-ribeirao-durante-temporal-veja-video\/","title":{"rendered":"Morador registra momento em que \u00e1rvore cai em avenida de Ribeir\u00e3o durante temporal; Veja v\u00eddeo"},"content":{"rendered":"<div class='code-block code-block-1' style='margin: 8px 0 8px auto; text-align: right; display: block; clear: both;'>\n<p><a href=\"https:\/\/wa.link\/vpicfd\"><img data-recalc-dims=\"1\" class=\"wp-image-4922\" style=\"aspect-ratio: 2.0253164556962027; width: 561px; height: auto;\" src=\"https:\/\/i0.wp.com\/ismaelcolosi.com.br\/wp-content\/uploads\/2023\/11\/grupo-de-empregos-whatsapp-e-facebook-ismael-colosi-vagas.jpg?ssl=1\" alt=\"\" \/><\/a><\/p>\n<!-- \/wp:image -->\n<\/div>\n<p> <br \/>\n<\/p>\n<div data-td-block-uid=\"tdi_95\">\n<div class=\"tdb-block-inner td-fix-index\">\n<p>Um morador de <strong>Ribeir\u00e3o Preto<\/strong> registrou o momento em que uma <strong>\u00e1rvore caiu<\/strong> na avenida Costa e Silva, pr\u00f3ximo ao n\u00famero 1.370. A queda ocorreu durante o <strong>temporal<\/strong> que atingiu a cidade na tarde desta quarta-feira (03) \u2013 veja v\u00eddeo abaixo.<\/p>\n<p>De acordo com as informa\u00e7\u00f5es da <strong>Defesa Civil<\/strong>, <mark style=\"background-color:#fcb900\" class=\"has-inline-color\">foram registradas <strong>rajadas de vento de aproximadamente 70 km\/h no munic\u00edpio<\/strong> durante a chuva. <\/mark>At\u00e9 o momento, os acumulados ficaram na casa dos 20 mil\u00edmetros.<\/p>\n<figure class=\"wp-block-pullquote\">\n<blockquote>\n<p>O sistema meteorol\u00f3gico atualmente em atua\u00e7\u00e3o sobre a regi\u00e3o Sudeste do Brasil est\u00e1 favorecendo a forma\u00e7\u00e3o de pancadas de chuva de forte intensidade, acompanhadas de descargas el\u00e9tricas e rajadas de vento em pontos isolados do territ\u00f3rio paulista, incluindo a regi\u00e3o de Ribeir\u00e3o Preto.<\/p>\n<p><cite>Defesa Civil<\/cite><\/p><\/blockquote>\n<\/figure>\n<blockquote class=\"instagram-media\" data-instgrm-permalink=\"https:\/\/www.instagram.com\/reel\/DR0KrJDDoKV\/?utm_source=ig_embed&amp;utm_campaign=loading\" data-instgrm-version=\"14\" style=\" background:#FFF; border:0; border-radius:3px; box-shadow:0 0 1px 0 rgba(0,0,0,0.5),0 1px 10px 0 rgba(0,0,0,0.15); margin: 1px; max-width:540px; min-width:326px; padding:0; width:99.375%; width:-webkit-calc(100% - 2px); width:calc(100% - 2px);\"\/>\n<h2 class=\"wp-block-heading\"><strong>Interdi\u00e7\u00e3o em Ribeir\u00e3o Preto<\/strong><\/h2>\n<p>Segundo comunicado emitido pela<strong>\u00a0RP Mobi<\/strong>\u00a0\u00e0s 17h05, a\u00a0<strong>Opera\u00e7\u00e3o Chuva<\/strong>\u00a0registrou, at\u00e9 o momento, as seguintes ocorr\u00eancias<\/p>\n<ul class=\"wp-block-list\">\n<li><strong>\u00c1rvore sobre a via, queda de \u00e1rvore sobre fios e fios em curto<\/strong>\u00a0\u2013 rua Maestro In\u00e1cio St\u00e1bile, 871 \u2013 Alto da Boa Vista<\/li>\n<\/ul>\n<ul class=\"wp-block-list\">\n<li><strong>Fios baixos na via\u00a0<\/strong>\u2013 rua S\u00e3o Salvador, 1210 \u2013 Sumarezinho<\/li>\n<\/ul>\n<ul class=\"wp-block-list\">\n<li><strong>\u00c1rvore sobre a via<\/strong>\u00a0\u2013 avenida Eduardo Andrea Matarazzo (Via Norte) com rua Coronel Am\u00e9rico Batista (interdi\u00e7\u00e3o de duas faixas de rolagem da avenida)<\/li>\n<\/ul>\n<p>A chuva que atingiu\u00a0<strong>Ribeir\u00e3o Preto<\/strong>\u00a0na tarde desta quarta-feira tamb\u00e9m provocou um alagamento na avenida Ant\u00f4nio e Helena Zerrener. Por conta do acumulo de \u00e1gua, os motoristas ficaram com dificuldades para trafegar pr\u00f3ximo do cruzamento com a rua Monte Alegre \u2013 clique aqui para saber mais.<\/p>\n<hr class=\"wp-block-separator has-alpha-channel-opacity\"\/>\n<p>SAIBA MAIS<\/p>\n<p>Temporal provoca alagamento em avenida de Ribeir\u00e3o Preto; Veja o v\u00eddeo<\/p>\n<h2 class=\"wp-block-heading\"><strong>FIQUE ON<\/strong><\/h2>\n<p>Fique ligado em tudo que acontece em Ribeir\u00e3o Preto e regi\u00e3o. Siga os perfis do<strong>\u00a0acidade on<\/strong>\u00a0no<a href=\"https:\/\/www.instagram.com\/acidadeonribeirao\" target=\"_blank\" rel=\"noreferrer noopener\">\u00a0Instagram<\/a>\u00a0e no\u00a0<a href=\"https:\/\/www.facebook.com\/acidadeonribeirao\/\" target=\"_blank\" rel=\"noreferrer noopener\">Facebook<\/a>.<\/p>\n<p>Receba not\u00edcias do<strong>\u00a0acidade on\u00a0<\/strong>no WhatsApp. Para entrar no grupo,\u00a0basta\u00a0<a href=\"https:\/\/chat.whatsapp.com\/I4nieTEMKlf50pJ28aMemC?mode=ac_t\" target=\"_blank\" rel=\"noreferrer noopener\">clicar aqui<\/a>. Ou, acesse o nosso\u00a0Canal\u00a0<a href=\"https:\/\/whatsapp.com\/channel\/0029Vb6IQl1JENyAeS57fk2p\" target=\"_blank\" rel=\"noreferrer noopener\">clicando aqui<\/a>.<\/p>\n<p>Fa\u00e7a uma den\u00fancia ou sugira uma reportagem sobre Ribeir\u00e3o Preto e regi\u00e3o pelo WhatsApp: 16 99117 7802.<\/p>\n<p>VEJA TAMB\u00c9M<br \/>Salada X Molho: Qual a diferen\u00e7a dos dois tipos de tomate?<\/p>\n<p><!-- AI CONTENT END 1 -->\n<\/div>\n<\/div>\n<p><script async src=\"\/\/www.instagram.com\/embed.js\"><\/script><br \/>\n<br \/><br \/>\n<br \/><a href=\"https:\/\/www.acidadeon.com\/ribeiraopreto\/cotidiano\/morador-registra-momento-em-que-arvore-cai-em-avenida-de-ribeirao-durante-temporal-veja-video\/\">Source link <\/a><\/p>\n<!-- CONTENT END 1 -->\n","protected":false},"excerpt":{"rendered":"<p>Um morador de Ribeir\u00e3o Preto registrou o momento em que uma \u00e1rvore caiu na avenida Costa e Silva, pr\u00f3ximo ao n\u00famero 1.370. A queda ocorreu&#8230;<\/p>\n","protected":false},"author":1,"featured_media":80440,"comment_status":"open","ping_status":"open","sticky":false,"template":"","format":"standard","meta":{"advanced_seo_description":"","jetpack_seo_html_title":"","jetpack_seo_noindex":false,"jetpack_post_was_ever_published":false,"_jetpack_newsletter_access":"","_jetpack_dont_email_post_to_subs":false,"_jetpack_newsletter_tier_id":0,"_jetpack_memberships_contains_paywalled_content":false,"_jetpack_memberships_contains_paid_content":false,"footnotes":"","jetpack_publicize_message":"","jetpack_publicize_feature_enabled":true,"jetpack_social_post_already_shared":true,"jetpack_social_options":{"image_generator_settings":{"template":"highway","default_image_id":0,"font":"","enabled":false},"version":2}},"categories":[11],"tags":[],"class_list":["post-80439","post","type-post","status-publish","format-standard","has-post-thumbnail","hentry","category-noticias-de-ribeirao-preto-sp-e-regiao-ismael-colosi"],"jetpack_publicize_connections":[],"jetpack_featured_media_url":"https:\/\/i0.wp.com\/noticiasribeiraopreto.com.br\/wp-content\/uploads\/2025\/12\/Copia-de-Copia-de-Copia-de-TAMANHO-EXATO-PARA-FOTOS-NO-SISTEMA-NOVO-2025-12-03T174006.562_2025-12-03_20-40-11.webp.webp?fit=1200%2C675&ssl=1","jetpack-related-posts":[{"id":62771,"url":"https:\/\/noticiasribeiraopreto.com.br\/index.php\/2025\/01\/23\/ribeirao-preto-registra-rajadas-de-vento-de-74-km-h-durante-temporal-veja-video\/","url_meta":{"origin":80439,"position":0},"title":"Ribeir\u00e3o Preto registra rajadas de vento de 74 km\/h durante temporal; Veja v\u00eddeo","author":"noticiasribeiraopreto.com.br","date":"23 de January de 2025","format":false,"excerpt":"O temporal que atingiu Ribeir\u00e3o Preto no final da tarde desta quinta-feira (23) veio acompanhado de fortes rajadas de vento. De acordo com o monitoramento da esta\u00e7\u00e3o meteorol\u00f3gica do Inmet (Instituto Nacional de Meteorologia) do aeroporto Leite Lopes, a maior rajada de vento registrada em Ribeir\u00e3o Preto foi de 74\u2026","rel":"","context":"In &quot;Not\u00edcias de Ribeir\u00e3o Preto-SP e Regi\u00e3o&quot;","block_context":{"text":"Not\u00edcias de Ribeir\u00e3o Preto-SP e Regi\u00e3o","link":"https:\/\/noticiasribeiraopreto.com.br\/index.php\/category\/noticias-de-ribeirao-preto-sp-e-regiao-ismael-colosi\/"},"img":{"alt_text":"","src":"https:\/\/i0.wp.com\/noticiasribeiraopreto.com.br\/wp-content\/uploads\/2025\/01\/Copia-de-Copia-de-Copia-de-TAMANHO-EXATO-PARA-FOTOS-NO-SISTEMA-NOVO-2025-01-23T184605.213_2025-01-23_21-46-09_png_2025-01-23_21-46-09.webp.webp?fit=1200%2C675&ssl=1&resize=350%2C200","width":350,"height":200,"srcset":"https:\/\/i0.wp.com\/noticiasribeiraopreto.com.br\/wp-content\/uploads\/2025\/01\/Copia-de-Copia-de-Copia-de-TAMANHO-EXATO-PARA-FOTOS-NO-SISTEMA-NOVO-2025-01-23T184605.213_2025-01-23_21-46-09_png_2025-01-23_21-46-09.webp.webp?fit=1200%2C675&ssl=1&resize=350%2C200 1x, https:\/\/i0.wp.com\/noticiasribeiraopreto.com.br\/wp-content\/uploads\/2025\/01\/Copia-de-Copia-de-Copia-de-TAMANHO-EXATO-PARA-FOTOS-NO-SISTEMA-NOVO-2025-01-23T184605.213_2025-01-23_21-46-09_png_2025-01-23_21-46-09.webp.webp?fit=1200%2C675&ssl=1&resize=525%2C300 1.5x, https:\/\/i0.wp.com\/noticiasribeiraopreto.com.br\/wp-content\/uploads\/2025\/01\/Copia-de-Copia-de-Copia-de-TAMANHO-EXATO-PARA-FOTOS-NO-SISTEMA-NOVO-2025-01-23T184605.213_2025-01-23_21-46-09_png_2025-01-23_21-46-09.webp.webp?fit=1200%2C675&ssl=1&resize=700%2C400 2x, https:\/\/i0.wp.com\/noticiasribeiraopreto.com.br\/wp-content\/uploads\/2025\/01\/Copia-de-Copia-de-Copia-de-TAMANHO-EXATO-PARA-FOTOS-NO-SISTEMA-NOVO-2025-01-23T184605.213_2025-01-23_21-46-09_png_2025-01-23_21-46-09.webp.webp?fit=1200%2C675&ssl=1&resize=1050%2C600 3x"},"classes":[]},{"id":59500,"url":"https:\/\/noticiasribeiraopreto.com.br\/index.php\/2024\/10\/24\/ribeirao-preto-registra-rajadas-de-vento-de-80km-h-nesta-quinta-feira-veja-video\/","url_meta":{"origin":80439,"position":1},"title":"Ribeir\u00e3o Preto registra rajadas de vento de 80km\/h nesta quinta-feira; veja v\u00eddeo","author":"noticiasribeiraopreto.com.br","date":"24 de October de 2024","format":false,"excerpt":"A Defesa Civil divulgou o balan\u00e7o das chuvas desta quinta-feira (24). Segundo o \u00f3rg\u00e3o, Ribeir\u00e3o Preto registrou rajadas de vento de 80 quil\u00f4metros por hora. Durante a tarde, chuva e os ventos fortes que atingiram a cidade\u00a0ressultaram em danos e quedas de \u00e1rvores em alguns pontos da cidade. At\u00e9 o\u2026","rel":"","context":"In &quot;Not\u00edcias de Ribeir\u00e3o Preto-SP e Regi\u00e3o&quot;","block_context":{"text":"Not\u00edcias de Ribeir\u00e3o Preto-SP e Regi\u00e3o","link":"https:\/\/noticiasribeiraopreto.com.br\/index.php\/category\/noticias-de-ribeirao-preto-sp-e-regiao-ismael-colosi\/"},"img":{"alt_text":"","src":"https:\/\/i0.wp.com\/noticiasribeiraopreto.com.br\/wp-content\/uploads\/2024\/10\/Copia-de-Copia-de-Copia-de-TAMANHO-EXATO-PARA-FOTOS-NO-SISTEMA-NOVO-42_2024-10-24_23-16-57_png_2024-10-24_23-16-57.webp.webp?fit=1200%2C675&ssl=1&resize=350%2C200","width":350,"height":200,"srcset":"https:\/\/i0.wp.com\/noticiasribeiraopreto.com.br\/wp-content\/uploads\/2024\/10\/Copia-de-Copia-de-Copia-de-TAMANHO-EXATO-PARA-FOTOS-NO-SISTEMA-NOVO-42_2024-10-24_23-16-57_png_2024-10-24_23-16-57.webp.webp?fit=1200%2C675&ssl=1&resize=350%2C200 1x, https:\/\/i0.wp.com\/noticiasribeiraopreto.com.br\/wp-content\/uploads\/2024\/10\/Copia-de-Copia-de-Copia-de-TAMANHO-EXATO-PARA-FOTOS-NO-SISTEMA-NOVO-42_2024-10-24_23-16-57_png_2024-10-24_23-16-57.webp.webp?fit=1200%2C675&ssl=1&resize=525%2C300 1.5x, https:\/\/i0.wp.com\/noticiasribeiraopreto.com.br\/wp-content\/uploads\/2024\/10\/Copia-de-Copia-de-Copia-de-TAMANHO-EXATO-PARA-FOTOS-NO-SISTEMA-NOVO-42_2024-10-24_23-16-57_png_2024-10-24_23-16-57.webp.webp?fit=1200%2C675&ssl=1&resize=700%2C400 2x, https:\/\/i0.wp.com\/noticiasribeiraopreto.com.br\/wp-content\/uploads\/2024\/10\/Copia-de-Copia-de-Copia-de-TAMANHO-EXATO-PARA-FOTOS-NO-SISTEMA-NOVO-42_2024-10-24_23-16-57_png_2024-10-24_23-16-57.webp.webp?fit=1200%2C675&ssl=1&resize=1050%2C600 3x"},"classes":[]},{"id":80459,"url":"https:\/\/noticiasribeiraopreto.com.br\/index.php\/2025\/12\/03\/chuva-derruba-arvore-e-interdita-parque-em-ribeirao-preto\/","url_meta":{"origin":80439,"position":2},"title":"Chuva derruba \u00e1rvore e interdita parque em Ribeir\u00e3o Preto","author":"noticiasribeiraopreto.com.br","date":"3 de December de 2025","format":false,"excerpt":"A chuva forte que atingiu Ribeir\u00e3o Preto nesta quarta-feira (3) derrubou uma \u00e1rvore de grande porte no Parque Maur\u00edlio Biagi e levou \u00e0 interdi\u00e7\u00e3o tempor\u00e1ria do espa\u00e7o. As equipes iniciaram a retirada da \u00e1rvore para garantir a seguran\u00e7a dos visitantes. A Prefeitura prev\u00ea a reabertura do parque nesta quinta-feira (4),\u2026","rel":"","context":"In &quot;Not\u00edcias de Ribeir\u00e3o Preto-SP e Regi\u00e3o&quot;","block_context":{"text":"Not\u00edcias de Ribeir\u00e3o Preto-SP e Regi\u00e3o","link":"https:\/\/noticiasribeiraopreto.com.br\/index.php\/category\/noticias-de-ribeirao-preto-sp-e-regiao-ismael-colosi\/"},"img":{"alt_text":"","src":"https:\/\/i0.wp.com\/noticiasribeiraopreto.com.br\/wp-content\/uploads\/2025\/12\/image_2025-12-03_23-08-52.webp.webp?fit=1200%2C675&ssl=1&resize=350%2C200","width":350,"height":200,"srcset":"https:\/\/i0.wp.com\/noticiasribeiraopreto.com.br\/wp-content\/uploads\/2025\/12\/image_2025-12-03_23-08-52.webp.webp?fit=1200%2C675&ssl=1&resize=350%2C200 1x, https:\/\/i0.wp.com\/noticiasribeiraopreto.com.br\/wp-content\/uploads\/2025\/12\/image_2025-12-03_23-08-52.webp.webp?fit=1200%2C675&ssl=1&resize=525%2C300 1.5x, https:\/\/i0.wp.com\/noticiasribeiraopreto.com.br\/wp-content\/uploads\/2025\/12\/image_2025-12-03_23-08-52.webp.webp?fit=1200%2C675&ssl=1&resize=700%2C400 2x, https:\/\/i0.wp.com\/noticiasribeiraopreto.com.br\/wp-content\/uploads\/2025\/12\/image_2025-12-03_23-08-52.webp.webp?fit=1200%2C675&ssl=1&resize=1050%2C600 3x"},"classes":[]},{"id":81260,"url":"https:\/\/noticiasribeiraopreto.com.br\/index.php\/2025\/12\/30\/temporal-com-granizo-derruba-telhado-e-deixa-area-sem-energia\/","url_meta":{"origin":80439,"position":3},"title":"Temporal com granizo derruba telhado e deixa \u00e1rea sem energia","author":"noticiasribeiraopreto.com.br","date":"30 de December de 2025","format":false,"excerpt":"Na tarde desta segunda-feira (29), a cidade de Franca, na regi\u00e3o de Ribeir\u00e3o Preto, foi atingida por chuva de granizo acompanhada de fortes ventos, provocando transtornos em diferentes pontos do munic\u00edpio. Moradores relataram queda intensa de granizo, rajadas de vento e chuva forte em curto per\u00edodo de tempo. Em alguns\u2026","rel":"","context":"In &quot;Not\u00edcias de Ribeir\u00e3o Preto-SP e Regi\u00e3o&quot;","block_context":{"text":"Not\u00edcias de Ribeir\u00e3o Preto-SP e Regi\u00e3o","link":"https:\/\/noticiasribeiraopreto.com.br\/index.php\/category\/noticias-de-ribeirao-preto-sp-e-regiao-ismael-colosi\/"},"img":{"alt_text":"","src":"https:\/\/i0.wp.com\/noticiasribeiraopreto.com.br\/wp-content\/uploads\/2025\/12\/image_2025-12-29_19-59-10.webp.webp?fit=1200%2C675&ssl=1&resize=350%2C200","width":350,"height":200,"srcset":"https:\/\/i0.wp.com\/noticiasribeiraopreto.com.br\/wp-content\/uploads\/2025\/12\/image_2025-12-29_19-59-10.webp.webp?fit=1200%2C675&ssl=1&resize=350%2C200 1x, https:\/\/i0.wp.com\/noticiasribeiraopreto.com.br\/wp-content\/uploads\/2025\/12\/image_2025-12-29_19-59-10.webp.webp?fit=1200%2C675&ssl=1&resize=525%2C300 1.5x, https:\/\/i0.wp.com\/noticiasribeiraopreto.com.br\/wp-content\/uploads\/2025\/12\/image_2025-12-29_19-59-10.webp.webp?fit=1200%2C675&ssl=1&resize=700%2C400 2x, https:\/\/i0.wp.com\/noticiasribeiraopreto.com.br\/wp-content\/uploads\/2025\/12\/image_2025-12-29_19-59-10.webp.webp?fit=1200%2C675&ssl=1&resize=1050%2C600 3x"},"classes":[]},{"id":2995,"url":"https:\/\/noticiasribeiraopreto.com.br\/index.php\/2023\/11\/16\/apos-calorao-tempestade-de-terra-atinge-ribeirao-preto-sp-veja-video\/","url_meta":{"origin":80439,"position":4},"title":"Ap\u00f3s calor\u00e3o, tempestade de terra atinge Ribeir\u00e3o Preto (SP); veja v\u00eddeo","author":"noticiasribeiraopreto.com.br","date":"16 de November de 2023","format":false,"excerpt":"Uma tempestade de terra tomou a cidade de Ribeir\u00e3o Preto, no interior de S\u00e3o Paulo, na tarde de quarta-feira (15). Imagens registradas por moradores mostram o c\u00e9u coberto de uma poeira avermelhada.Segundo a Defesa Civil do munic\u00edpio, as fortes rajadas de vento ocasionaram quedas de \u00e1rvores e a tempestade de\u2026","rel":"","context":"In &quot;Not\u00edcias de Ribeir\u00e3o Preto-SP e Regi\u00e3o&quot;","block_context":{"text":"Not\u00edcias de Ribeir\u00e3o Preto-SP e Regi\u00e3o","link":"https:\/\/noticiasribeiraopreto.com.br\/index.php\/category\/noticias-de-ribeirao-preto-sp-e-regiao-ismael-colosi\/"},"img":{"alt_text":"","src":"https:\/\/i0.wp.com\/noticiasribeiraopreto.com.br\/wp-content\/uploads\/2023\/11\/TEMPESTADE-AREIA.jpg?fit=1200%2C673&ssl=1&resize=350%2C200","width":350,"height":200,"srcset":"https:\/\/i0.wp.com\/noticiasribeiraopreto.com.br\/wp-content\/uploads\/2023\/11\/TEMPESTADE-AREIA.jpg?fit=1200%2C673&ssl=1&resize=350%2C200 1x, https:\/\/i0.wp.com\/noticiasribeiraopreto.com.br\/wp-content\/uploads\/2023\/11\/TEMPESTADE-AREIA.jpg?fit=1200%2C673&ssl=1&resize=525%2C300 1.5x, https:\/\/i0.wp.com\/noticiasribeiraopreto.com.br\/wp-content\/uploads\/2023\/11\/TEMPESTADE-AREIA.jpg?fit=1200%2C673&ssl=1&resize=700%2C400 2x, https:\/\/i0.wp.com\/noticiasribeiraopreto.com.br\/wp-content\/uploads\/2023\/11\/TEMPESTADE-AREIA.jpg?fit=1200%2C673&ssl=1&resize=1050%2C600 3x"},"classes":[]},{"id":80660,"url":"https:\/\/noticiasribeiraopreto.com.br\/index.php\/2025\/12\/10\/ciclone-que-atinge-sc-vai-chegar-ao-interior-de-sp-veja-previsao\/","url_meta":{"origin":80439,"position":5},"title":"Ciclone que atinge SC vai chegar ao interior de SP? Veja previs\u00e3o","author":"noticiasribeiraopreto.com.br","date":"10 de December de 2025","format":false,"excerpt":"O ciclone extratropical que atinge Santa Catarina j\u00e1 provoca mudan\u00e7as no tempo em v\u00e1rias regi\u00f5es de S\u00e3o Paulo nesta ter\u00e7a-feira (9), inclusive no interior. A Defesa Civil emitiu, na segunda-feira (8), um alerta preventivo para chuva, rajadas de vento e queda de temperatura na regi\u00e3o de Ribeir\u00e3o Preto. Segundo o\u2026","rel":"","context":"In &quot;Not\u00edcias de Ribeir\u00e3o Preto-SP e Regi\u00e3o&quot;","block_context":{"text":"Not\u00edcias de Ribeir\u00e3o Preto-SP e Regi\u00e3o","link":"https:\/\/noticiasribeiraopreto.com.br\/index.php\/category\/noticias-de-ribeirao-preto-sp-e-regiao-ismael-colosi\/"},"img":{"alt_text":"","src":"https:\/\/i0.wp.com\/noticiasribeiraopreto.com.br\/wp-content\/uploads\/2025\/12\/Imagem-do-WhatsApp-de-2025-12-09-as-18.22.36_13dffc53_2025-12-09_21-25-12.webp.webp?fit=1200%2C900&ssl=1&resize=350%2C200","width":350,"height":200,"srcset":"https:\/\/i0.wp.com\/noticiasribeiraopreto.com.br\/wp-content\/uploads\/2025\/12\/Imagem-do-WhatsApp-de-2025-12-09-as-18.22.36_13dffc53_2025-12-09_21-25-12.webp.webp?fit=1200%2C900&ssl=1&resize=350%2C200 1x, https:\/\/i0.wp.com\/noticiasribeiraopreto.com.br\/wp-content\/uploads\/2025\/12\/Imagem-do-WhatsApp-de-2025-12-09-as-18.22.36_13dffc53_2025-12-09_21-25-12.webp.webp?fit=1200%2C900&ssl=1&resize=525%2C300 1.5x, https:\/\/i0.wp.com\/noticiasribeiraopreto.com.br\/wp-content\/uploads\/2025\/12\/Imagem-do-WhatsApp-de-2025-12-09-as-18.22.36_13dffc53_2025-12-09_21-25-12.webp.webp?fit=1200%2C900&ssl=1&resize=700%2C400 2x, https:\/\/i0.wp.com\/noticiasribeiraopreto.com.br\/wp-content\/uploads\/2025\/12\/Imagem-do-WhatsApp-de-2025-12-09-as-18.22.36_13dffc53_2025-12-09_21-25-12.webp.webp?fit=1200%2C900&ssl=1&resize=1050%2C600 3x"},"classes":[]}],"jetpack_sharing_enabled":true,"jetpack_shortlink":"https:\/\/wp.me\/peQAOb-kVp","_links":{"self":[{"href":"https:\/\/noticiasribeiraopreto.com.br\/index.php\/wp-json\/wp\/v2\/posts\/80439","targetHints":{"allow":["GET"]}}],"collection":[{"href":"https:\/\/noticiasribeiraopreto.com.br\/index.php\/wp-json\/wp\/v2\/posts"}],"about":[{"href":"https:\/\/noticiasribeiraopreto.com.br\/index.php\/wp-json\/wp\/v2\/types\/post"}],"author":[{"embeddable":true,"href":"https:\/\/noticiasribeiraopreto.com.br\/index.php\/wp-json\/wp\/v2\/users\/1"}],"replies":[{"embeddable":true,"href":"https:\/\/noticiasribeiraopreto.com.br\/index.php\/wp-json\/wp\/v2\/comments?post=80439"}],"version-history":[{"count":0,"href":"https:\/\/noticiasribeiraopreto.com.br\/index.php\/wp-json\/wp\/v2\/posts\/80439\/revisions"}],"wp:featuredmedia":[{"embeddable":true,"href":"https:\/\/noticiasribeiraopreto.com.br\/index.php\/wp-json\/wp\/v2\/media\/80440"}],"wp:attachment":[{"href":"https:\/\/noticiasribeiraopreto.com.br\/index.php\/wp-json\/wp\/v2\/media?parent=80439"}],"wp:term":[{"taxonomy":"category","embeddable":true,"href":"https:\/\/noticiasribeiraopreto.com.br\/index.php\/wp-json\/wp\/v2\/categories?post=80439"},{"taxonomy":"post_tag","embeddable":true,"href":"https:\/\/noticiasribeiraopreto.com.br\/index.php\/wp-json\/wp\/v2\/tags?post=80439"}],"curies":[{"name":"wp","href":"https:\/\/api.w.org\/{rel}","templated":true}]}}