{"id":80445,"date":"2025-12-03T18:56:40","date_gmt":"2025-12-03T21:56:40","guid":{"rendered":"https:\/\/noticiasribeiraopreto.com.br\/index.php\/2025\/12\/03\/chuva-forte-causa-transtornos-e-bloqueia-avenida-em-ribeirao-preto\/"},"modified":"2025-12-03T18:56:40","modified_gmt":"2025-12-03T21:56:40","slug":"chuva-forte-causa-transtornos-e-bloqueia-avenida-em-ribeirao-preto","status":"publish","type":"post","link":"https:\/\/noticiasribeiraopreto.com.br\/index.php\/2025\/12\/03\/chuva-forte-causa-transtornos-e-bloqueia-avenida-em-ribeirao-preto\/","title":{"rendered":"Chuva forte causa transtornos e bloqueia avenida em Ribeir\u00e3o Preto"},"content":{"rendered":"<div class='code-block code-block-1' style='margin: 8px 0 8px auto; text-align: right; display: block; clear: both;'>\n<p><a href=\"https:\/\/wa.link\/vpicfd\"><img data-recalc-dims=\"1\" class=\"wp-image-4922\" style=\"aspect-ratio: 2.0253164556962027; width: 561px; height: auto;\" src=\"https:\/\/i0.wp.com\/ismaelcolosi.com.br\/wp-content\/uploads\/2023\/11\/grupo-de-empregos-whatsapp-e-facebook-ismael-colosi-vagas.jpg?ssl=1\" alt=\"\" \/><\/a><\/p>\n<!-- \/wp:image -->\n<\/div>\n<p> <br \/>\n<\/p>\n<div data-td-block-uid=\"tdi_95\">\n<div class=\"tdb-block-inner td-fix-index\">\n<p>Uma <strong>forte chuva<\/strong> atingiu <strong>Ribeir\u00e3o Preto<\/strong> na tarde desta ter\u00e7a-feira (3), deixando a cidade em estado de aten\u00e7\u00e3o. O munic\u00edpio segue em alerta para a possibilidade de <strong>tempestades <\/strong>nas pr\u00f3ximas horas, segundo o <strong>Inmet<\/strong>.<\/p>\n<p>Segundo comunicado emitido pela<strong> RP Mobi<\/strong> \u00e0s 17h05, a <strong>Opera\u00e7\u00e3o Chuva<\/strong> registrou, at\u00e9 o momento, as seguintes ocorr\u00eancias:<\/p>\n<ul class=\"wp-block-list\">\n<li><strong>\u00c1rvore sobre a via, queda de \u00e1rvore sobre fios e fios em curto<\/strong> \u2013 rua Maestro In\u00e1cio St\u00e1bile, 871 \u2013 Alto da Boa Vista<\/li>\n<li><strong>Fios baixos na via <\/strong>\u2013 rua S\u00e3o Salvador, 1210 \u2013 Sumarezinho<\/li>\n<li><strong>\u00c1rvore sobre a via<\/strong> \u2013 avenida Eduardo Andrea Matarazzo (Via Norte) com rua Coronel Am\u00e9rico Batista (interdi\u00e7\u00e3o de duas faixas de rolagem da avenida)<\/li>\n<\/ul>\n<p>De acordo com o \u00f3rg\u00e3o, os Agentes de Tr\u00e2nsito da RP Mobi permanecem em campo acompanhando as condi\u00e7\u00f5es das vias e realizando os atendimentos necess\u00e1rios para garantir a seguran\u00e7a e fluidez do tr\u00e2nsito.<\/p>\n<hr class=\"wp-block-separator has-alpha-channel-opacity\"\/>\n<p>SAIBA MAIS<\/p>\n<p>Treinador v\u00ea Botafogo competitivo e mira briga na parte de cima da S\u00e9rie B 2026<\/p>\n<h2 class=\"wp-block-heading\"><strong>FIQUE ON<\/strong><\/h2>\n<p>Fique ligado em tudo que acontece em Ribeir\u00e3o Preto e regi\u00e3o. Siga os perfis do\u00a0<strong>acidade on<\/strong>\u00a0no\u00a0<a href=\"https:\/\/www.instagram.com\/acidadeonribeirao\" target=\"_blank\" rel=\"noreferrer noopener\">Instagram<\/a>\u00a0e no\u00a0<a href=\"https:\/\/www.facebook.com\/acidadeonribeirao\/\" target=\"_blank\" rel=\"noreferrer noopener\">Facebook<\/a>.<\/p>\n<p>Receba not\u00edcias do\u00a0<strong>acidade on\u00a0<\/strong>no WhatsApp. Para entrar no grupo,\u00a0basta<a href=\"https:\/\/chat.whatsapp.com\/I4nieTEMKlf50pJ28aMemC?mode=ac_t\" target=\"_blank\" rel=\"noreferrer noopener\">\u00a0clicar aqui<\/a>. Ou, acesse o nosso\u00a0Canal\u00a0<a href=\"https:\/\/whatsapp.com\/channel\/0029Vb6IQl1JENyAeS57fk2p\" target=\"_blank\" rel=\"noreferrer noopener\">clicando aqui<\/a>.<\/p>\n<p>Fa\u00e7a uma den\u00fancia ou sugira uma reportagem sobre Ribeir\u00e3o Preto e regi\u00e3o pelo WhatsApp: 16 99117 7802.<\/p>\n<p>VEJA TAMB\u00c9M<\/p>\n<p>Qual era a idade do menino que morreu na jaula de leoa?<\/p>\n<p><!-- AI CONTENT END 1 -->\n<\/div>\n<\/div>\n<p><script async src=\"\/\/www.instagram.com\/embed.js\"><\/script><br \/>\n<br \/><br \/>\n<br \/><a href=\"https:\/\/www.acidadeon.com\/ribeiraopreto\/cotidiano\/chuva-forte-causa-transtornos-e-bloqueia-avenida-em-ribeirao-preto\/\">Source link <\/a><\/p>\n<!-- CONTENT END 1 -->\n","protected":false},"excerpt":{"rendered":"<p>Uma forte chuva atingiu Ribeir\u00e3o Preto na tarde desta ter\u00e7a-feira (3), deixando a cidade em estado de aten\u00e7\u00e3o. O munic\u00edpio segue em alerta para a&#8230;<\/p>\n","protected":false},"author":1,"featured_media":80446,"comment_status":"open","ping_status":"open","sticky":false,"template":"","format":"standard","meta":{"advanced_seo_description":"","jetpack_seo_html_title":"","jetpack_seo_noindex":false,"jetpack_post_was_ever_published":false,"_jetpack_newsletter_access":"","_jetpack_dont_email_post_to_subs":false,"_jetpack_newsletter_tier_id":0,"_jetpack_memberships_contains_paywalled_content":false,"_jetpack_memberships_contains_paid_content":false,"footnotes":"","jetpack_publicize_message":"","jetpack_publicize_feature_enabled":true,"jetpack_social_post_already_shared":true,"jetpack_social_options":{"image_generator_settings":{"template":"highway","default_image_id":0,"font":"","enabled":false},"version":2}},"categories":[11],"tags":[],"class_list":["post-80445","post","type-post","status-publish","format-standard","has-post-thumbnail","hentry","category-noticias-de-ribeirao-preto-sp-e-regiao-ismael-colosi"],"jetpack_publicize_connections":[],"jetpack_featured_media_url":"https:\/\/i0.wp.com\/noticiasribeiraopreto.com.br\/wp-content\/uploads\/2025\/12\/Copia-de-Copia-de-Copia-de-TAMANHO-EXATO-PARA-FOTOS-NO-SISTEMA-NOVO-2025-12-03T171318.892_2025-12-03_20-13-25.webp.webp?fit=1200%2C675&ssl=1","jetpack-related-posts":[{"id":80459,"url":"https:\/\/noticiasribeiraopreto.com.br\/index.php\/2025\/12\/03\/chuva-derruba-arvore-e-interdita-parque-em-ribeirao-preto\/","url_meta":{"origin":80445,"position":0},"title":"Chuva derruba \u00e1rvore e interdita parque em Ribeir\u00e3o Preto","author":"noticiasribeiraopreto.com.br","date":"3 de December de 2025","format":false,"excerpt":"A chuva forte que atingiu Ribeir\u00e3o Preto nesta quarta-feira (3) derrubou uma \u00e1rvore de grande porte no Parque Maur\u00edlio Biagi e levou \u00e0 interdi\u00e7\u00e3o tempor\u00e1ria do espa\u00e7o. As equipes iniciaram a retirada da \u00e1rvore para garantir a seguran\u00e7a dos visitantes. A Prefeitura prev\u00ea a reabertura do parque nesta quinta-feira (4),\u2026","rel":"","context":"In &quot;Not\u00edcias de Ribeir\u00e3o Preto-SP e Regi\u00e3o&quot;","block_context":{"text":"Not\u00edcias de Ribeir\u00e3o Preto-SP e Regi\u00e3o","link":"https:\/\/noticiasribeiraopreto.com.br\/index.php\/category\/noticias-de-ribeirao-preto-sp-e-regiao-ismael-colosi\/"},"img":{"alt_text":"","src":"https:\/\/i0.wp.com\/noticiasribeiraopreto.com.br\/wp-content\/uploads\/2025\/12\/image_2025-12-03_23-08-52.webp.webp?fit=1200%2C675&ssl=1&resize=350%2C200","width":350,"height":200,"srcset":"https:\/\/i0.wp.com\/noticiasribeiraopreto.com.br\/wp-content\/uploads\/2025\/12\/image_2025-12-03_23-08-52.webp.webp?fit=1200%2C675&ssl=1&resize=350%2C200 1x, https:\/\/i0.wp.com\/noticiasribeiraopreto.com.br\/wp-content\/uploads\/2025\/12\/image_2025-12-03_23-08-52.webp.webp?fit=1200%2C675&ssl=1&resize=525%2C300 1.5x, https:\/\/i0.wp.com\/noticiasribeiraopreto.com.br\/wp-content\/uploads\/2025\/12\/image_2025-12-03_23-08-52.webp.webp?fit=1200%2C675&ssl=1&resize=700%2C400 2x, https:\/\/i0.wp.com\/noticiasribeiraopreto.com.br\/wp-content\/uploads\/2025\/12\/image_2025-12-03_23-08-52.webp.webp?fit=1200%2C675&ssl=1&resize=1050%2C600 3x"},"classes":[]},{"id":83391,"url":"https:\/\/noticiasribeiraopreto.com.br\/index.php\/2026\/03\/17\/chuva-provoca-queda-de-arvores-falhas-em-semaforos-e-interdicoes-em-ribeirao-preto\/","url_meta":{"origin":80445,"position":1},"title":"Chuva provoca queda de \u00e1rvores, falhas em sem\u00e1foros e interdi\u00e7\u00f5es em Ribeir\u00e3o Preto","author":"noticiasribeiraopreto.com.br","date":"17 de March de 2026","format":false,"excerpt":"\r \r \r 17 de mar\u00e7o de 2026 17:32 \r Compartilhar0 A forte chuva que atingiu Ribeir\u00e3o Preto na tarde desta ter\u00e7a-feira (17) causou uma s\u00e9rie de transtornos no tr\u00e2nsito, com quedas de \u00e1rvores, interrup\u00e7\u00f5es de vias e problemas na sinaliza\u00e7\u00e3o semaf\u00f3rica em diferentes regi\u00f5es da cidade. De acordo com\u2026","rel":"","context":"In &quot;Not\u00edcias de Ribeir\u00e3o Preto-SP e Regi\u00e3o&quot;","block_context":{"text":"Not\u00edcias de Ribeir\u00e3o Preto-SP e Regi\u00e3o","link":"https:\/\/noticiasribeiraopreto.com.br\/index.php\/category\/noticias-de-ribeirao-preto-sp-e-regiao-ismael-colosi\/"},"img":{"alt_text":"","src":"https:\/\/i0.wp.com\/noticiasribeiraopreto.com.br\/wp-content\/uploads\/2026\/03\/chuva-17-mar-scaled.jpg?fit=1200%2C675&ssl=1&resize=350%2C200","width":350,"height":200,"srcset":"https:\/\/i0.wp.com\/noticiasribeiraopreto.com.br\/wp-content\/uploads\/2026\/03\/chuva-17-mar-scaled.jpg?fit=1200%2C675&ssl=1&resize=350%2C200 1x, https:\/\/i0.wp.com\/noticiasribeiraopreto.com.br\/wp-content\/uploads\/2026\/03\/chuva-17-mar-scaled.jpg?fit=1200%2C675&ssl=1&resize=525%2C300 1.5x, https:\/\/i0.wp.com\/noticiasribeiraopreto.com.br\/wp-content\/uploads\/2026\/03\/chuva-17-mar-scaled.jpg?fit=1200%2C675&ssl=1&resize=700%2C400 2x, https:\/\/i0.wp.com\/noticiasribeiraopreto.com.br\/wp-content\/uploads\/2026\/03\/chuva-17-mar-scaled.jpg?fit=1200%2C675&ssl=1&resize=1050%2C600 3x"},"classes":[]},{"id":80439,"url":"https:\/\/noticiasribeiraopreto.com.br\/index.php\/2025\/12\/03\/morador-registra-momento-em-que-arvore-cai-em-avenida-de-ribeirao-durante-temporal-veja-video\/","url_meta":{"origin":80445,"position":2},"title":"Morador registra momento em que \u00e1rvore cai em avenida de Ribeir\u00e3o durante temporal; Veja v\u00eddeo","author":"noticiasribeiraopreto.com.br","date":"3 de December de 2025","format":false,"excerpt":"Um morador de Ribeir\u00e3o Preto registrou o momento em que uma \u00e1rvore caiu na avenida Costa e Silva, pr\u00f3ximo ao n\u00famero 1.370. A queda ocorreu durante o temporal que atingiu a cidade na tarde desta quarta-feira (03) \u2013 veja v\u00eddeo abaixo. De acordo com as informa\u00e7\u00f5es da Defesa Civil, foram\u2026","rel":"","context":"In &quot;Not\u00edcias de Ribeir\u00e3o Preto-SP e Regi\u00e3o&quot;","block_context":{"text":"Not\u00edcias de Ribeir\u00e3o Preto-SP e Regi\u00e3o","link":"https:\/\/noticiasribeiraopreto.com.br\/index.php\/category\/noticias-de-ribeirao-preto-sp-e-regiao-ismael-colosi\/"},"img":{"alt_text":"","src":"https:\/\/i0.wp.com\/noticiasribeiraopreto.com.br\/wp-content\/uploads\/2025\/12\/Copia-de-Copia-de-Copia-de-TAMANHO-EXATO-PARA-FOTOS-NO-SISTEMA-NOVO-2025-12-03T174006.562_2025-12-03_20-40-11.webp.webp?fit=1200%2C675&ssl=1&resize=350%2C200","width":350,"height":200,"srcset":"https:\/\/i0.wp.com\/noticiasribeiraopreto.com.br\/wp-content\/uploads\/2025\/12\/Copia-de-Copia-de-Copia-de-TAMANHO-EXATO-PARA-FOTOS-NO-SISTEMA-NOVO-2025-12-03T174006.562_2025-12-03_20-40-11.webp.webp?fit=1200%2C675&ssl=1&resize=350%2C200 1x, https:\/\/i0.wp.com\/noticiasribeiraopreto.com.br\/wp-content\/uploads\/2025\/12\/Copia-de-Copia-de-Copia-de-TAMANHO-EXATO-PARA-FOTOS-NO-SISTEMA-NOVO-2025-12-03T174006.562_2025-12-03_20-40-11.webp.webp?fit=1200%2C675&ssl=1&resize=525%2C300 1.5x, https:\/\/i0.wp.com\/noticiasribeiraopreto.com.br\/wp-content\/uploads\/2025\/12\/Copia-de-Copia-de-Copia-de-TAMANHO-EXATO-PARA-FOTOS-NO-SISTEMA-NOVO-2025-12-03T174006.562_2025-12-03_20-40-11.webp.webp?fit=1200%2C675&ssl=1&resize=700%2C400 2x, https:\/\/i0.wp.com\/noticiasribeiraopreto.com.br\/wp-content\/uploads\/2025\/12\/Copia-de-Copia-de-Copia-de-TAMANHO-EXATO-PARA-FOTOS-NO-SISTEMA-NOVO-2025-12-03T174006.562_2025-12-03_20-40-11.webp.webp?fit=1200%2C675&ssl=1&resize=1050%2C600 3x"},"classes":[]},{"id":80443,"url":"https:\/\/noticiasribeiraopreto.com.br\/index.php\/2025\/12\/03\/temporal-provoca-alagamento-em-avenida-de-ribeirao-preto-veja-o-video\/","url_meta":{"origin":80445,"position":3},"title":"Temporal provoca alagamento em avenida de Ribeir\u00e3o Preto; Veja o v\u00eddeo","author":"noticiasribeiraopreto.com.br","date":"3 de December de 2025","format":false,"excerpt":"A chuva que atingiu Ribeir\u00e3o Preto na tarde desta quarta-feira (3) provocou um alagamento na avenida Ant\u00f4nio e Helena Zerrener. Por conta do acumulo de \u00e1gua, os motoristas ficaram com dificuldades para trafegar pr\u00f3ximo do cruzamento com a rua Monte Alegre. Al\u00e9m disso, a RP Mobi registrou ocorr\u00eancias em outros\u2026","rel":"","context":"In &quot;Not\u00edcias de Ribeir\u00e3o Preto-SP e Regi\u00e3o&quot;","block_context":{"text":"Not\u00edcias de Ribeir\u00e3o Preto-SP e Regi\u00e3o","link":"https:\/\/noticiasribeiraopreto.com.br\/index.php\/category\/noticias-de-ribeirao-preto-sp-e-regiao-ismael-colosi\/"},"img":{"alt_text":"","src":"https:\/\/i0.wp.com\/noticiasribeiraopreto.com.br\/wp-content\/uploads\/2025\/12\/zerrener_2025-12-03_20-31-00.webp.webp?fit=1200%2C618&ssl=1&resize=350%2C200","width":350,"height":200,"srcset":"https:\/\/i0.wp.com\/noticiasribeiraopreto.com.br\/wp-content\/uploads\/2025\/12\/zerrener_2025-12-03_20-31-00.webp.webp?fit=1200%2C618&ssl=1&resize=350%2C200 1x, https:\/\/i0.wp.com\/noticiasribeiraopreto.com.br\/wp-content\/uploads\/2025\/12\/zerrener_2025-12-03_20-31-00.webp.webp?fit=1200%2C618&ssl=1&resize=525%2C300 1.5x, https:\/\/i0.wp.com\/noticiasribeiraopreto.com.br\/wp-content\/uploads\/2025\/12\/zerrener_2025-12-03_20-31-00.webp.webp?fit=1200%2C618&ssl=1&resize=700%2C400 2x, https:\/\/i0.wp.com\/noticiasribeiraopreto.com.br\/wp-content\/uploads\/2025\/12\/zerrener_2025-12-03_20-31-00.webp.webp?fit=1200%2C618&ssl=1&resize=1050%2C600 3x"},"classes":[]},{"id":78773,"url":"https:\/\/noticiasribeiraopreto.com.br\/index.php\/2025\/10\/17\/ribeirao-preto-registra-queda-de-arvore-e-semaforos-desligados-apos-chuva\/","url_meta":{"origin":80445,"position":4},"title":"Ribeir\u00e3o Preto registra queda de \u00e1rvore e sem\u00e1foros desligados ap\u00f3s chuva","author":"noticiasribeiraopreto.com.br","date":"17 de October de 2025","format":false,"excerpt":"Ribeir\u00e3o Preto e cidades da regi\u00e3o registraram chuva forte na tarde desta sexta-feira (17). Durante a opera\u00e7\u00e3o P\u00f3s-Chuva, a RP Mobi identificou ocorr\u00eancias na zona Norte da cidade, incluindo queda de \u00e1rvore, sem\u00e1foros desligados e danos em estrutura urbana. Confira os locais: Queda de \u00e1rvore no Adelino Simioni Uma \u00e1rvore\u2026","rel":"","context":"In &quot;Not\u00edcias de Ribeir\u00e3o Preto-SP e Regi\u00e3o&quot;","block_context":{"text":"Not\u00edcias de Ribeir\u00e3o Preto-SP e Regi\u00e3o","link":"https:\/\/noticiasribeiraopreto.com.br\/index.php\/category\/noticias-de-ribeirao-preto-sp-e-regiao-ismael-colosi\/"},"img":{"alt_text":"","src":"https:\/\/i0.wp.com\/noticiasribeiraopreto.com.br\/wp-content\/uploads\/2025\/10\/Copia-de-Copia-de-Copia-de-TAMANHO-EXATO-PARA-FOTOS-NO-SISTEMA-NOVO-2025-10-17T195009.388_2025-10-17_22-50-40.webp.webp?fit=1200%2C675&ssl=1&resize=350%2C200","width":350,"height":200,"srcset":"https:\/\/i0.wp.com\/noticiasribeiraopreto.com.br\/wp-content\/uploads\/2025\/10\/Copia-de-Copia-de-Copia-de-TAMANHO-EXATO-PARA-FOTOS-NO-SISTEMA-NOVO-2025-10-17T195009.388_2025-10-17_22-50-40.webp.webp?fit=1200%2C675&ssl=1&resize=350%2C200 1x, https:\/\/i0.wp.com\/noticiasribeiraopreto.com.br\/wp-content\/uploads\/2025\/10\/Copia-de-Copia-de-Copia-de-TAMANHO-EXATO-PARA-FOTOS-NO-SISTEMA-NOVO-2025-10-17T195009.388_2025-10-17_22-50-40.webp.webp?fit=1200%2C675&ssl=1&resize=525%2C300 1.5x, https:\/\/i0.wp.com\/noticiasribeiraopreto.com.br\/wp-content\/uploads\/2025\/10\/Copia-de-Copia-de-Copia-de-TAMANHO-EXATO-PARA-FOTOS-NO-SISTEMA-NOVO-2025-10-17T195009.388_2025-10-17_22-50-40.webp.webp?fit=1200%2C675&ssl=1&resize=700%2C400 2x, https:\/\/i0.wp.com\/noticiasribeiraopreto.com.br\/wp-content\/uploads\/2025\/10\/Copia-de-Copia-de-Copia-de-TAMANHO-EXATO-PARA-FOTOS-NO-SISTEMA-NOVO-2025-10-17T195009.388_2025-10-17_22-50-40.webp.webp?fit=1200%2C675&ssl=1&resize=1050%2C600 3x"},"classes":[]},{"id":80616,"url":"https:\/\/noticiasribeiraopreto.com.br\/index.php\/2025\/12\/08\/transito-e-afetado-por-queda-de-arvore-e-desligamento-de-semaforos-apos-chuva-em-ribeirao\/","url_meta":{"origin":80445,"position":5},"title":"Tr\u00e2nsito \u00e9 afetado por queda de \u00e1rvore e desligamento de sem\u00e1foros ap\u00f3s chuva em Ribeir\u00e3o","author":"noticiasribeiraopreto.com.br","date":"8 de December de 2025","format":false,"excerpt":"Uma \u00e1rvore de grande porte caiu durante a chuva que atingiu Ribeir\u00e3o Preto na tarde deste domingo (7), bloqueando parte da avenida do Caf\u00e9. Segundo a RP Mobi, empresa que gerencia o tr\u00e2nsito do munic\u00edpio, foi necess\u00e1rio interditar o trecho entre a avenida e a rua Moreira Cabral para que\u2026","rel":"","context":"In &quot;Not\u00edcias de Ribeir\u00e3o Preto-SP e Regi\u00e3o&quot;","block_context":{"text":"Not\u00edcias de Ribeir\u00e3o Preto-SP e Regi\u00e3o","link":"https:\/\/noticiasribeiraopreto.com.br\/index.php\/category\/noticias-de-ribeirao-preto-sp-e-regiao-ismael-colosi\/"},"img":{"alt_text":"","src":"https:\/\/i0.wp.com\/noticiasribeiraopreto.com.br\/wp-content\/uploads\/2025\/12\/WhatsApp-Image-2025-12-07-at-14.44.16_2025-12-07_18-23-28.webp.webp?fit=1200%2C675&ssl=1&resize=350%2C200","width":350,"height":200,"srcset":"https:\/\/i0.wp.com\/noticiasribeiraopreto.com.br\/wp-content\/uploads\/2025\/12\/WhatsApp-Image-2025-12-07-at-14.44.16_2025-12-07_18-23-28.webp.webp?fit=1200%2C675&ssl=1&resize=350%2C200 1x, https:\/\/i0.wp.com\/noticiasribeiraopreto.com.br\/wp-content\/uploads\/2025\/12\/WhatsApp-Image-2025-12-07-at-14.44.16_2025-12-07_18-23-28.webp.webp?fit=1200%2C675&ssl=1&resize=525%2C300 1.5x, https:\/\/i0.wp.com\/noticiasribeiraopreto.com.br\/wp-content\/uploads\/2025\/12\/WhatsApp-Image-2025-12-07-at-14.44.16_2025-12-07_18-23-28.webp.webp?fit=1200%2C675&ssl=1&resize=700%2C400 2x, https:\/\/i0.wp.com\/noticiasribeiraopreto.com.br\/wp-content\/uploads\/2025\/12\/WhatsApp-Image-2025-12-07-at-14.44.16_2025-12-07_18-23-28.webp.webp?fit=1200%2C675&ssl=1&resize=1050%2C600 3x"},"classes":[]}],"jetpack_sharing_enabled":true,"jetpack_shortlink":"https:\/\/wp.me\/peQAOb-kVv","_links":{"self":[{"href":"https:\/\/noticiasribeiraopreto.com.br\/index.php\/wp-json\/wp\/v2\/posts\/80445","targetHints":{"allow":["GET"]}}],"collection":[{"href":"https:\/\/noticiasribeiraopreto.com.br\/index.php\/wp-json\/wp\/v2\/posts"}],"about":[{"href":"https:\/\/noticiasribeiraopreto.com.br\/index.php\/wp-json\/wp\/v2\/types\/post"}],"author":[{"embeddable":true,"href":"https:\/\/noticiasribeiraopreto.com.br\/index.php\/wp-json\/wp\/v2\/users\/1"}],"replies":[{"embeddable":true,"href":"https:\/\/noticiasribeiraopreto.com.br\/index.php\/wp-json\/wp\/v2\/comments?post=80445"}],"version-history":[{"count":0,"href":"https:\/\/noticiasribeiraopreto.com.br\/index.php\/wp-json\/wp\/v2\/posts\/80445\/revisions"}],"wp:featuredmedia":[{"embeddable":true,"href":"https:\/\/noticiasribeiraopreto.com.br\/index.php\/wp-json\/wp\/v2\/media\/80446"}],"wp:attachment":[{"href":"https:\/\/noticiasribeiraopreto.com.br\/index.php\/wp-json\/wp\/v2\/media?parent=80445"}],"wp:term":[{"taxonomy":"category","embeddable":true,"href":"https:\/\/noticiasribeiraopreto.com.br\/index.php\/wp-json\/wp\/v2\/categories?post=80445"},{"taxonomy":"post_tag","embeddable":true,"href":"https:\/\/noticiasribeiraopreto.com.br\/index.php\/wp-json\/wp\/v2\/tags?post=80445"}],"curies":[{"name":"wp","href":"https:\/\/api.w.org\/{rel}","templated":true}]}}