{"id":80447,"date":"2025-12-03T19:04:55","date_gmt":"2025-12-03T22:04:55","guid":{"rendered":"https:\/\/noticiasribeiraopreto.com.br\/index.php\/2025\/12\/03\/treinador-ve-botafogo-competitivo-e-mira-briga-na-parte-de-cima-da-serie-b-2026\/"},"modified":"2025-12-03T19:04:55","modified_gmt":"2025-12-03T22:04:55","slug":"treinador-ve-botafogo-competitivo-e-mira-briga-na-parte-de-cima-da-serie-b-2026","status":"publish","type":"post","link":"https:\/\/noticiasribeiraopreto.com.br\/index.php\/2025\/12\/03\/treinador-ve-botafogo-competitivo-e-mira-briga-na-parte-de-cima-da-serie-b-2026\/","title":{"rendered":"Treinador v\u00ea Botafogo competitivo e mira briga na parte de cima da S\u00e9rie B 2026"},"content":{"rendered":"<div class='code-block code-block-1' style='margin: 8px 0 8px auto; text-align: right; display: block; clear: both;'>\n<p><a href=\"https:\/\/wa.link\/vpicfd\"><img data-recalc-dims=\"1\" class=\"wp-image-4922\" style=\"aspect-ratio: 2.0253164556962027; width: 561px; height: auto;\" src=\"https:\/\/i0.wp.com\/ismaelcolosi.com.br\/wp-content\/uploads\/2023\/11\/grupo-de-empregos-whatsapp-e-facebook-ismael-colosi-vagas.jpg?ssl=1\" alt=\"\" \/><\/a><\/p>\n<!-- \/wp:image -->\n<\/div>\n<p> <br \/>\n<\/p>\n<div>\n<p>O Botafogo apresentou oficialmente o t\u00e9cnico <strong>Cl\u00e1udio Tencati<\/strong>, de <strong>52 anos<\/strong>, que chega ao clube ap\u00f3s conquistar o acesso \u00e0 S\u00e9rie A com o <strong>Crici\u00fama em 2023<\/strong>. Experiente, o treinador afirmou que v\u00ea o Pantera preparado para disputar um lugar na parte de cima da <strong>S\u00e9rie B de 2026<\/strong>.<\/p>\n<p>Tencati revelou que recebeu o primeiro contato do presidente <strong>Adalberto Baptista<\/strong> ainda durante o Brasileir\u00e3o. Mesmo com sondagens de outros clubes, manteve o di\u00e1logo e decidiu aceitar o projeto tricolor. Al\u00e9m disso, o treinador contou que sempre enxergou o Botafogo como uma refer\u00eancia no futebol paulista.<\/p>\n<figure class=\"wp-block-pullquote\">\n<blockquote>\n<p>Sempre o Botafogo foi uma refer\u00eancia para mim. Acompanho futebol h\u00e1 muito tempo. Como atleta, tentei jogar, mas n\u00e3o consegui, mas como bom apreciador eu sempre acompanhei o futebol paulista. Meus pais s\u00e3o do interior de S\u00e3o Paulo e sempre acompanhamos o clube, temos o carinho, respeito, sabemos dos jogadores revelados para o futebol mundial.<\/p>\n<p><cite>contou Tencati<\/cite><\/p><\/blockquote>\n<\/figure>\n<figure class=\"wp-block-gallery has-nested-images columns-default is-cropped wp-block-gallery-1 is-layout-flex wp-block-gallery-is-layout-flex\">\n<figure class=\"wp-block-image size-large\"><img data-recalc-dims=\"1\" fetchpriority=\"high\" decoding=\"async\" width=\"1024\" height=\"768\" data-id=\"138127\" src=\"https:\/\/i0.wp.com\/cdn.media-acidadeon.com.br\/ribeiraopreto\/wp-content\/uploads\/sites\/3\/2025\/12\/WhatsApp-Image-2025-12-03-at-16.05.39_2025-12-03_19-07-45-1024x768.webp?resize=1024%2C768&#038;ssl=1\" alt=\"WhatsApp Image 2025 12 03 at 16.05.39 2025 12 03 19 07 45\" class=\"wp-image-138127\" title=\"Treinador v\u00ea Botafogo competitivo e mira briga na parte de cima da S\u00e9rie B 2026 1\" srcset=\"https:\/\/cdn.media-acidadeon.com.br\/ribeiraopreto\/wp-content\/uploads\/sites\/3\/2025\/12\/WhatsApp-Image-2025-12-03-at-16.05.39_2025-12-03_19-07-45-1024x768.webp 1024w, https:\/\/cdn.media-acidadeon.com.br\/ribeiraopreto\/wp-content\/uploads\/sites\/3\/2025\/12\/WhatsApp-Image-2025-12-03-at-16.05.39_2025-12-03_19-07-45-300x225.webp 300w, https:\/\/cdn.media-acidadeon.com.br\/ribeiraopreto\/wp-content\/uploads\/sites\/3\/2025\/12\/WhatsApp-Image-2025-12-03-at-16.05.39_2025-12-03_19-07-45-768x576.webp 768w, https:\/\/cdn.media-acidadeon.com.br\/ribeiraopreto\/wp-content\/uploads\/sites\/3\/2025\/12\/WhatsApp-Image-2025-12-03-at-16.05.39_2025-12-03_19-07-45-696x522.webp 696w, https:\/\/cdn.media-acidadeon.com.br\/ribeiraopreto\/wp-content\/uploads\/sites\/3\/2025\/12\/WhatsApp-Image-2025-12-03-at-16.05.39_2025-12-03_19-07-45-1068x801.webp 1068w, https:\/\/cdn.media-acidadeon.com.br\/ribeiraopreto\/wp-content\/uploads\/sites\/3\/2025\/12\/WhatsApp-Image-2025-12-03-at-16.05.39_2025-12-03_19-07-45.webp 1200w\" sizes=\"(max-width: 1024px) 100vw, 1024px\"\/><\/figure>\n<figure class=\"wp-block-image size-large\"><img data-recalc-dims=\"1\" loading=\"lazy\" decoding=\"async\" width=\"1024\" height=\"768\" data-id=\"138128\" src=\"https:\/\/i0.wp.com\/cdn.media-acidadeon.com.br\/ribeiraopreto\/wp-content\/uploads\/sites\/3\/2025\/12\/WhatsApp-Image-2025-12-03-at-16.05.38-2_2025-12-03_19-07-47-1024x768.webp?resize=1024%2C768&#038;ssl=1\" alt=\"t\u00e9cnico\" class=\"wp-image-138128\" title=\"Treinador v\u00ea Botafogo competitivo e mira briga na parte de cima da S\u00e9rie B 2026 2\" srcset=\"https:\/\/cdn.media-acidadeon.com.br\/ribeiraopreto\/wp-content\/uploads\/sites\/3\/2025\/12\/WhatsApp-Image-2025-12-03-at-16.05.38-2_2025-12-03_19-07-47-1024x768.webp 1024w, https:\/\/cdn.media-acidadeon.com.br\/ribeiraopreto\/wp-content\/uploads\/sites\/3\/2025\/12\/WhatsApp-Image-2025-12-03-at-16.05.38-2_2025-12-03_19-07-47-300x225.webp 300w, https:\/\/cdn.media-acidadeon.com.br\/ribeiraopreto\/wp-content\/uploads\/sites\/3\/2025\/12\/WhatsApp-Image-2025-12-03-at-16.05.38-2_2025-12-03_19-07-47-768x576.webp 768w, https:\/\/cdn.media-acidadeon.com.br\/ribeiraopreto\/wp-content\/uploads\/sites\/3\/2025\/12\/WhatsApp-Image-2025-12-03-at-16.05.38-2_2025-12-03_19-07-47-696x522.webp 696w, https:\/\/cdn.media-acidadeon.com.br\/ribeiraopreto\/wp-content\/uploads\/sites\/3\/2025\/12\/WhatsApp-Image-2025-12-03-at-16.05.38-2_2025-12-03_19-07-47-1068x801.webp 1068w, https:\/\/cdn.media-acidadeon.com.br\/ribeiraopreto\/wp-content\/uploads\/sites\/3\/2025\/12\/WhatsApp-Image-2025-12-03-at-16.05.38-2_2025-12-03_19-07-47.webp 1200w\" sizes=\"auto, (max-width: 1024px) 100vw, 1024px\"\/><\/figure>\n<\/figure>\n<h3 class=\"wp-block-heading\"><strong>Elenco e projeto 2026<\/strong><\/h3>\n<p>Em sua chegada, <strong>Tencati destacou que o Botafogo tem condi\u00e7\u00f5es de ser competitivo e fazer uma campanha mais ambiciosa na S\u00e9rie B. <\/strong>Segundo ele, a estrutura atual, somada ao planejamento j\u00e1 iniciado para refor\u00e7ar o elenco, cria um cen\u00e1rio positivo para que o time entre no campeonato focado na parte de cima da tabela.<\/p>\n<figure class=\"wp-block-pullquote\">\n<blockquote>\n<p><strong>Vejo um ambiente muito favor\u00e1vel para construir uma equipe forte. A estrutura do clube e o planejamento que j\u00e1 come\u00e7amos me d\u00e3o confian\u00e7a de que podemos brigar na parte de cima da S\u00e9rie B<\/strong><\/p>\n<p><cite>afirmou<\/cite><\/p><\/blockquote>\n<\/figure>\n<p>Tencati tamb\u00e9m ressaltou que pretende montar uma equipe equilibrada, com intensidade e regularidade ao longo da temporada, pontos que considera fundamentais para disputar o acesso.<\/p>\n<h3 class=\"wp-block-heading\"><strong>Planos em andamento<\/strong><\/h3>\n<p>A <strong>diretoria e a comiss\u00e3o t\u00e9cnica trabalham juntas para avaliar o elenco e definir as contrata\u00e7\u00f5es necess\u00e1ria<\/strong>s. De acordo com Tencati, as movimenta\u00e7\u00f5es fazem parte de um planejamento que busca aumentar a competitividade do grupo desde o in\u00edcio da pr\u00e9-temporada.<\/p>\n<p>O t\u00e9cnico contou que pretende trabalhar com cerca de 27 jogadores, n\u00famero que considera ideal para abrir espa\u00e7o aos talentos da base. Ele lembrou experi\u00eancias anteriores em clubes onde a forma\u00e7\u00e3o de atletas sustentava o equil\u00edbrio financeiro e afirmou que o Botafogo possui jovens de grande potencial, que precisam de oportunidades reais.<\/p>\n<p>O treinador quer integrar atletas do sub-20 ao elenco principal e prepara alguns nomes para jogar j\u00e1 na pr\u00f3xima temporada. Para ele, idade n\u00e3o define chance: desempenho, maturidade e momento importam mais.<\/p>\n<p>At\u00e9 o momento, o Botafogo contratou apenas o lateral-direito <strong>Jonathan Lemos<\/strong>, que j\u00e1 trabalhou com Tencati no <strong>Atl\u00e9tico-GO<\/strong> e no <strong>Crici\u00fama<\/strong>. A dire\u00e7\u00e3o, por\u00e9m, deve anunciar novos nomes nos pr\u00f3ximos dias para acelerar a forma\u00e7\u00e3o do elenco.<\/p>\n<p>A pr\u00e9-temporada come\u00e7a em <strong>8 de dezembro<\/strong>, enquanto a estreia no <strong>Paulist\u00e3o<\/strong> est\u00e1 marcada para <strong>11 de janeiro<\/strong>, fora de casa, contra o <strong>Velo Clube<\/strong>.<\/p>\n<hr class=\"wp-block-separator has-alpha-channel-opacity\"\/>\n<p>SAIBA MAIS<\/p>\n<p>Carro bate em poste e causa interdi\u00e7\u00e3o na Via Norte em Ribeir\u00e3o Preto; V\u00eddeo<\/p>\n<h2 class=\"wp-block-heading\"><strong>FIQUE ON<\/strong><\/h2>\n<p>Fique ligado em tudo que acontece em Ribeir\u00e3o Preto e regi\u00e3o. Siga os perfis do\u00a0<strong>acidade on<\/strong>\u00a0no\u00a0<a href=\"https:\/\/www.instagram.com\/acidadeonribeirao\" target=\"_blank\" rel=\"noreferrer noopener\">Instagram<\/a>\u00a0e no\u00a0<a href=\"https:\/\/www.facebook.com\/acidadeonribeirao\/\" target=\"_blank\" rel=\"noreferrer noopener\">Facebook<\/a>.<\/p>\n<p>Receba not\u00edcias do\u00a0<strong>acidade on\u00a0<\/strong>no WhatsApp. Para entrar no grupo,\u00a0basta<a href=\"https:\/\/chat.whatsapp.com\/I4nieTEMKlf50pJ28aMemC?mode=ac_t\" target=\"_blank\" rel=\"noreferrer noopener\">\u00a0clicar aqui<\/a>. Ou, acesse o nosso\u00a0Canal\u00a0<a href=\"https:\/\/whatsapp.com\/channel\/0029Vb6IQl1JENyAeS57fk2p\" target=\"_blank\" rel=\"noreferrer noopener\">clicando aqui<\/a>.<\/p>\n<p>Fa\u00e7a uma den\u00fancia ou sugira uma reportagem sobre Ribeir\u00e3o Preto e regi\u00e3o pelo WhatsApp: 16 99117 7802.<\/p>\n<p>VEJA TAMB\u00c9M<\/p>\n<p>Qual era a idade do menino que morreu na jaula de leoa?<\/p>\n<p><!-- AI CONTENT END 1 -->\n<\/div>\n<p><script async src=\"\/\/www.instagram.com\/embed.js\"><\/script><br \/>\n<br \/><br \/>\n<br \/><a href=\"https:\/\/www.acidadeon.com\/ribeiraopreto\/esportes\/treinador-ve-botafogo-competitivo-e-mira-briga-na-parte-de-cima-da-serie-b-2026\/\">Source link <\/a><\/p>\n<!-- CONTENT END 1 -->\n","protected":false},"excerpt":{"rendered":"<p>O Botafogo apresentou oficialmente o t\u00e9cnico Cl\u00e1udio Tencati, de 52 anos, que chega ao clube ap\u00f3s conquistar o acesso \u00e0 S\u00e9rie A com o Crici\u00fama&#8230;<\/p>\n","protected":false},"author":1,"featured_media":80448,"comment_status":"open","ping_status":"open","sticky":false,"template":"","format":"standard","meta":{"advanced_seo_description":"","jetpack_seo_html_title":"","jetpack_seo_noindex":false,"jetpack_post_was_ever_published":false,"_jetpack_newsletter_access":"","_jetpack_dont_email_post_to_subs":false,"_jetpack_newsletter_tier_id":0,"_jetpack_memberships_contains_paywalled_content":false,"_jetpack_memberships_contains_paid_content":false,"footnotes":"","jetpack_publicize_message":"","jetpack_publicize_feature_enabled":true,"jetpack_social_post_already_shared":true,"jetpack_social_options":{"image_generator_settings":{"template":"highway","default_image_id":0,"font":"","enabled":false},"version":2}},"categories":[11],"tags":[],"class_list":["post-80447","post","type-post","status-publish","format-standard","has-post-thumbnail","hentry","category-noticias-de-ribeirao-preto-sp-e-regiao-ismael-colosi"],"jetpack_publicize_connections":[],"jetpack_featured_media_url":"https:\/\/i0.wp.com\/noticiasribeiraopreto.com.br\/wp-content\/uploads\/2025\/12\/WhatsApp-Image-2025-12-03-at-16.05.39-1_2025-12-03_19-07-43.webp.webp?fit=1200%2C900&ssl=1","jetpack-related-posts":[{"id":8109,"url":"https:\/\/noticiasribeiraopreto.com.br\/index.php\/2023\/11\/29\/botafogo-anuncia-tecnico-portugues\/","url_meta":{"origin":80447,"position":0},"title":"Botafogo anuncia t\u00e9cnico portugu\u00eas &#8211; Jornal Tribuna Ribeir\u00e3o","author":"noticiasribeiraopreto.com.br","date":"29 de November de 2023","format":false,"excerpt":"29 de novembro de 2023 | 13:44 0O Botafogo anunciou na tarde desta quarta-feira (28) o nome do seu novo treinador. Trata-se do portugu\u00eas Paulo Gomes, de 48 anos, que tem experi\u00eancia no futebol europeu e saudita, onde trabalhou nas \u00faltimas quatro temporadas.A negocia\u00e7\u00e3o foi concretizada no final da tarde\u2026","rel":"","context":"In &quot;Not\u00edcias de Ribeir\u00e3o Preto-SP e Regi\u00e3o&quot;","block_context":{"text":"Not\u00edcias de Ribeir\u00e3o Preto-SP e Regi\u00e3o","link":"https:\/\/noticiasribeiraopreto.com.br\/index.php\/category\/noticias-de-ribeirao-preto-sp-e-regiao-ismael-colosi\/"},"img":{"alt_text":"","src":"https:\/\/i0.wp.com\/noticiasribeiraopreto.com.br\/wp-content\/uploads\/2023\/11\/tecbota-scaled.jpg?fit=806%2C645&ssl=1&resize=350%2C200","width":350,"height":200,"srcset":"https:\/\/i0.wp.com\/noticiasribeiraopreto.com.br\/wp-content\/uploads\/2023\/11\/tecbota-scaled.jpg?fit=806%2C645&ssl=1&resize=350%2C200 1x, https:\/\/i0.wp.com\/noticiasribeiraopreto.com.br\/wp-content\/uploads\/2023\/11\/tecbota-scaled.jpg?fit=806%2C645&ssl=1&resize=525%2C300 1.5x, https:\/\/i0.wp.com\/noticiasribeiraopreto.com.br\/wp-content\/uploads\/2023\/11\/tecbota-scaled.jpg?fit=806%2C645&ssl=1&resize=700%2C400 2x"},"classes":[]},{"id":80737,"url":"https:\/\/noticiasribeiraopreto.com.br\/index.php\/2025\/12\/12\/botafogo-ja-teve-22-tecnicos-sob-a-gestao-da-sa\/","url_meta":{"origin":80447,"position":1},"title":"Botafogo j\u00e1 teve 22 t\u00e9cnicos sob a gest\u00e3o da SA","author":"noticiasribeiraopreto.com.br","date":"12 de December de 2025","format":false,"excerpt":"Clube fez trocas constantes em pouco mais de 6 anos, incluindo quatro interinos Igor Ramos Entra ano e sai ano, uma coisa o torcedor do Botafogo j\u00e1 sabe. Sob o comando da SA o clube vem se tornando um dos que mais trocam de treinadores por temporada. O que \u00e9\u2026","rel":"","context":"In &quot;Not\u00edcias de Ribeir\u00e3o Preto-SP e Regi\u00e3o&quot;","block_context":{"text":"Not\u00edcias de Ribeir\u00e3o Preto-SP e Regi\u00e3o","link":"https:\/\/noticiasribeiraopreto.com.br\/index.php\/category\/noticias-de-ribeirao-preto-sp-e-regiao-ismael-colosi\/"},"img":{"alt_text":"","src":"https:\/\/i0.wp.com\/noticiasribeiraopreto.com.br\/wp-content\/uploads\/2025\/12\/TECNICO-scaled.jpg?fit=1176%2C780&ssl=1&resize=350%2C200","width":350,"height":200,"srcset":"https:\/\/i0.wp.com\/noticiasribeiraopreto.com.br\/wp-content\/uploads\/2025\/12\/TECNICO-scaled.jpg?fit=1176%2C780&ssl=1&resize=350%2C200 1x, https:\/\/i0.wp.com\/noticiasribeiraopreto.com.br\/wp-content\/uploads\/2025\/12\/TECNICO-scaled.jpg?fit=1176%2C780&ssl=1&resize=525%2C300 1.5x, https:\/\/i0.wp.com\/noticiasribeiraopreto.com.br\/wp-content\/uploads\/2025\/12\/TECNICO-scaled.jpg?fit=1176%2C780&ssl=1&resize=700%2C400 2x, https:\/\/i0.wp.com\/noticiasribeiraopreto.com.br\/wp-content\/uploads\/2025\/12\/TECNICO-scaled.jpg?fit=1176%2C780&ssl=1&resize=1050%2C600 3x"},"classes":[]},{"id":73783,"url":"https:\/\/noticiasribeiraopreto.com.br\/index.php\/2025\/07\/09\/morre-jose-galli-neto-ex-jogador-e-treinador-do-botafogo-aos-74-anos\/","url_meta":{"origin":80447,"position":2},"title":"Morre Jos\u00e9 Galli Neto, ex-jogador e treinador do Botafogo, aos 74 anos","author":"noticiasribeiraopreto.com.br","date":"9 de July de 2025","format":false,"excerpt":"Jos\u00e9 Galli Neto, conhecido no meio do futebol como Galli, morreu nesta quarta-feira (9), aos 74 anos. Natural de Ribeir\u00e3o Preto, ele teve uma longa trajet\u00f3ria no futebol brasileiro como jogador, treinador e dirigente. Como lateral-direito, Galli defendeu clubes como Botafogo de Ribeir\u00e3o Preto, Corinthians, Portuguesa, XV de Ja\u00fa, Ponte\u2026","rel":"","context":"In &quot;Not\u00edcias de Ribeir\u00e3o Preto-SP e Regi\u00e3o&quot;","block_context":{"text":"Not\u00edcias de Ribeir\u00e3o Preto-SP e Regi\u00e3o","link":"https:\/\/noticiasribeiraopreto.com.br\/index.php\/category\/noticias-de-ribeirao-preto-sp-e-regiao-ismael-colosi\/"},"img":{"alt_text":"","src":"https:\/\/i0.wp.com\/noticiasribeiraopreto.com.br\/wp-content\/uploads\/2025\/07\/Copia-de-Copia-de-Copia-de-TAMANHO-EXATO-PARA-FOTOS-NO-SISTEMA-NOVO-2025-07-09T180020.768_2025-07-09_21-00-35.webp.webp?fit=1200%2C675&ssl=1&resize=350%2C200","width":350,"height":200,"srcset":"https:\/\/i0.wp.com\/noticiasribeiraopreto.com.br\/wp-content\/uploads\/2025\/07\/Copia-de-Copia-de-Copia-de-TAMANHO-EXATO-PARA-FOTOS-NO-SISTEMA-NOVO-2025-07-09T180020.768_2025-07-09_21-00-35.webp.webp?fit=1200%2C675&ssl=1&resize=350%2C200 1x, https:\/\/i0.wp.com\/noticiasribeiraopreto.com.br\/wp-content\/uploads\/2025\/07\/Copia-de-Copia-de-Copia-de-TAMANHO-EXATO-PARA-FOTOS-NO-SISTEMA-NOVO-2025-07-09T180020.768_2025-07-09_21-00-35.webp.webp?fit=1200%2C675&ssl=1&resize=525%2C300 1.5x, https:\/\/i0.wp.com\/noticiasribeiraopreto.com.br\/wp-content\/uploads\/2025\/07\/Copia-de-Copia-de-Copia-de-TAMANHO-EXATO-PARA-FOTOS-NO-SISTEMA-NOVO-2025-07-09T180020.768_2025-07-09_21-00-35.webp.webp?fit=1200%2C675&ssl=1&resize=700%2C400 2x, https:\/\/i0.wp.com\/noticiasribeiraopreto.com.br\/wp-content\/uploads\/2025\/07\/Copia-de-Copia-de-Copia-de-TAMANHO-EXATO-PARA-FOTOS-NO-SISTEMA-NOVO-2025-07-09T180020.768_2025-07-09_21-00-35.webp.webp?fit=1200%2C675&ssl=1&resize=1050%2C600 3x"},"classes":[]},{"id":20459,"url":"https:\/\/noticiasribeiraopreto.com.br\/index.php\/2023\/12\/25\/cartolas-de-botafogo-e-comercial-avaliam-2023-como-positivo\/","url_meta":{"origin":80447,"position":3},"title":"Cartolas de Botafogo e Comercial avaliam 2023 como positivo\u00a0","author":"noticiasribeiraopreto.com.br","date":"25 de December de 2023","format":false,"excerpt":"Pantera \u2013 Se n\u00e3o foi um ano de vit\u00f3rias, como o anterior, quando garantiram acessos ao Brasileiro da S\u00e9rie B e a A2 Paulista, respectivamente, Botafogo e Comercial tamb\u00e9m n\u00e3o podem reclamar de 2023. Mesmo sem apresentar um futebol brilhante e conquistar os torcedores, a dupla Come-Fogo conseguiu se manter\u2026","rel":"","context":"In &quot;Not\u00edcias de Ribeir\u00e3o Preto-SP e Regi\u00e3o&quot;","block_context":{"text":"Not\u00edcias de Ribeir\u00e3o Preto-SP e Regi\u00e3o","link":"https:\/\/noticiasribeiraopreto.com.br\/index.php\/category\/noticias-de-ribeirao-preto-sp-e-regiao-ismael-colosi\/"},"img":{"alt_text":"","src":"https:\/\/i0.wp.com\/noticiasribeiraopreto.com.br\/wp-content\/uploads\/2023\/12\/melhor-bola-futebol-campo.jpg?fit=967%2C645&ssl=1&resize=350%2C200","width":350,"height":200,"srcset":"https:\/\/i0.wp.com\/noticiasribeiraopreto.com.br\/wp-content\/uploads\/2023\/12\/melhor-bola-futebol-campo.jpg?fit=967%2C645&ssl=1&resize=350%2C200 1x, https:\/\/i0.wp.com\/noticiasribeiraopreto.com.br\/wp-content\/uploads\/2023\/12\/melhor-bola-futebol-campo.jpg?fit=967%2C645&ssl=1&resize=525%2C300 1.5x, https:\/\/i0.wp.com\/noticiasribeiraopreto.com.br\/wp-content\/uploads\/2023\/12\/melhor-bola-futebol-campo.jpg?fit=967%2C645&ssl=1&resize=700%2C400 2x"},"classes":[]},{"id":14982,"url":"https:\/\/noticiasribeiraopreto.com.br\/index.php\/2023\/12\/12\/botafogo-e-campeao-do-brasileirao-interclubes-no-sub-16\/","url_meta":{"origin":80447,"position":4},"title":"Botafogo \u00e9 campe\u00e3o do Brasileir\u00e3o Interclubes no Sub-16","author":"noticiasribeiraopreto.com.br","date":"12 de December de 2023","format":false,"excerpt":"12 de dezembro de 2023 | 17:13 0A equipe Sub-16 da Escola de Futebol Profissional do Botafogo conquistou o t\u00edtulo do Brasileir\u00e3o Interclubes da categoria Sub-16 no \u00faltimo final de semana. O advers\u00e1rio da final foi o EF7, de Sert\u00e3ozinho-SP, e o triunfo veio nos p\u00eanaltis, ap\u00f3s um eletrizante 2\u2026","rel":"","context":"In &quot;Not\u00edcias de Ribeir\u00e3o Preto-SP e Regi\u00e3o&quot;","block_context":{"text":"Not\u00edcias de Ribeir\u00e3o Preto-SP e Regi\u00e3o","link":"https:\/\/noticiasribeiraopreto.com.br\/index.php\/category\/noticias-de-ribeirao-preto-sp-e-regiao-ismael-colosi\/"},"img":{"alt_text":"","src":"https:\/\/i0.wp.com\/noticiasribeiraopreto.com.br\/wp-content\/uploads\/2023\/12\/botafogo-1-scaled.jpg?fit=967%2C645&ssl=1&resize=350%2C200","width":350,"height":200,"srcset":"https:\/\/i0.wp.com\/noticiasribeiraopreto.com.br\/wp-content\/uploads\/2023\/12\/botafogo-1-scaled.jpg?fit=967%2C645&ssl=1&resize=350%2C200 1x, https:\/\/i0.wp.com\/noticiasribeiraopreto.com.br\/wp-content\/uploads\/2023\/12\/botafogo-1-scaled.jpg?fit=967%2C645&ssl=1&resize=525%2C300 1.5x, https:\/\/i0.wp.com\/noticiasribeiraopreto.com.br\/wp-content\/uploads\/2023\/12\/botafogo-1-scaled.jpg?fit=967%2C645&ssl=1&resize=700%2C400 2x"},"classes":[]},{"id":25544,"url":"https:\/\/noticiasribeiraopreto.com.br\/index.php\/2024\/01\/07\/com-reforcos-gringos-bota-se-prepara-para-temporada\/","url_meta":{"origin":80447,"position":5},"title":"Com refor\u00e7os gringos, Bota se prepara para temporada\u00a0\u00a0","author":"noticiasribeiraopreto.com.br","date":"7 de January de 2024","format":false,"excerpt":"Ano novo, vida nova e tudo come\u00e7a outra vez. Assim \u00e9 a vida e assim \u00e9 para os clubes de futebol. No Botafogo n\u00e3o \u00e9 diferente e a prepara\u00e7\u00e3o para a temporada de 2024 est\u00e1 a todo vapor. O clube vai participar do Paulist\u00e3o, Copa do Brasil e S\u00e9rie B.\u2026","rel":"","context":"In &quot;Not\u00edcias de Ribeir\u00e3o Preto-SP e Regi\u00e3o&quot;","block_context":{"text":"Not\u00edcias de Ribeir\u00e3o Preto-SP e Regi\u00e3o","link":"https:\/\/noticiasribeiraopreto.com.br\/index.php\/category\/noticias-de-ribeirao-preto-sp-e-regiao-ismael-colosi\/"},"img":{"alt_text":"","src":"https:\/\/i0.wp.com\/noticiasribeiraopreto.com.br\/wp-content\/uploads\/2024\/01\/Botafogo-Leandro-Maciel-1-scaled.jpg?fit=967%2C645&ssl=1&resize=350%2C200","width":350,"height":200,"srcset":"https:\/\/i0.wp.com\/noticiasribeiraopreto.com.br\/wp-content\/uploads\/2024\/01\/Botafogo-Leandro-Maciel-1-scaled.jpg?fit=967%2C645&ssl=1&resize=350%2C200 1x, https:\/\/i0.wp.com\/noticiasribeiraopreto.com.br\/wp-content\/uploads\/2024\/01\/Botafogo-Leandro-Maciel-1-scaled.jpg?fit=967%2C645&ssl=1&resize=525%2C300 1.5x, https:\/\/i0.wp.com\/noticiasribeiraopreto.com.br\/wp-content\/uploads\/2024\/01\/Botafogo-Leandro-Maciel-1-scaled.jpg?fit=967%2C645&ssl=1&resize=700%2C400 2x"},"classes":[]}],"jetpack_sharing_enabled":true,"jetpack_shortlink":"https:\/\/wp.me\/peQAOb-kVx","_links":{"self":[{"href":"https:\/\/noticiasribeiraopreto.com.br\/index.php\/wp-json\/wp\/v2\/posts\/80447","targetHints":{"allow":["GET"]}}],"collection":[{"href":"https:\/\/noticiasribeiraopreto.com.br\/index.php\/wp-json\/wp\/v2\/posts"}],"about":[{"href":"https:\/\/noticiasribeiraopreto.com.br\/index.php\/wp-json\/wp\/v2\/types\/post"}],"author":[{"embeddable":true,"href":"https:\/\/noticiasribeiraopreto.com.br\/index.php\/wp-json\/wp\/v2\/users\/1"}],"replies":[{"embeddable":true,"href":"https:\/\/noticiasribeiraopreto.com.br\/index.php\/wp-json\/wp\/v2\/comments?post=80447"}],"version-history":[{"count":0,"href":"https:\/\/noticiasribeiraopreto.com.br\/index.php\/wp-json\/wp\/v2\/posts\/80447\/revisions"}],"wp:featuredmedia":[{"embeddable":true,"href":"https:\/\/noticiasribeiraopreto.com.br\/index.php\/wp-json\/wp\/v2\/media\/80448"}],"wp:attachment":[{"href":"https:\/\/noticiasribeiraopreto.com.br\/index.php\/wp-json\/wp\/v2\/media?parent=80447"}],"wp:term":[{"taxonomy":"category","embeddable":true,"href":"https:\/\/noticiasribeiraopreto.com.br\/index.php\/wp-json\/wp\/v2\/categories?post=80447"},{"taxonomy":"post_tag","embeddable":true,"href":"https:\/\/noticiasribeiraopreto.com.br\/index.php\/wp-json\/wp\/v2\/tags?post=80447"}],"curies":[{"name":"wp","href":"https:\/\/api.w.org\/{rel}","templated":true}]}}