{"id":80449,"date":"2025-12-03T19:12:48","date_gmt":"2025-12-03T22:12:48","guid":{"rendered":"https:\/\/noticiasribeiraopreto.com.br\/index.php\/2025\/12\/03\/piloto-de-ribeirao-preto-conquista-titulo-brasileiro-na-estreia-na-categoria-gp-600\/"},"modified":"2025-12-03T19:12:48","modified_gmt":"2025-12-03T22:12:48","slug":"piloto-de-ribeirao-preto-conquista-titulo-brasileiro-na-estreia-na-categoria-gp-600","status":"publish","type":"post","link":"https:\/\/noticiasribeiraopreto.com.br\/index.php\/2025\/12\/03\/piloto-de-ribeirao-preto-conquista-titulo-brasileiro-na-estreia-na-categoria-gp-600\/","title":{"rendered":"Piloto de Ribeir\u00e3o Preto conquista t\u00edtulo brasileiro na estreia na categoria GP 600"},"content":{"rendered":"<div class='code-block code-block-1' style='margin: 8px 0 8px auto; text-align: right; display: block; clear: both;'>\n<p><a href=\"https:\/\/wa.link\/vpicfd\"><img data-recalc-dims=\"1\" class=\"wp-image-4922\" style=\"aspect-ratio: 2.0253164556962027; width: 561px; height: auto;\" src=\"https:\/\/i0.wp.com\/ismaelcolosi.com.br\/wp-content\/uploads\/2023\/11\/grupo-de-empregos-whatsapp-e-facebook-ismael-colosi-vagas.jpg?ssl=1\" alt=\"\" \/><\/a><\/p>\n<!-- \/wp:image -->\n<\/div>\n<p> <br \/>\n<\/p>\n<div data-td-block-uid=\"tdi_95\">\n<div class=\"tdb-block-inner td-fix-index\">\n<p><strong>Guto Figueiredo<\/strong>, piloto que representa Ribeir\u00e3o Preto no motociclismo nacional, fechou 2025 com o <strong>t\u00edtulo brasileiro da categoria GP 600.<\/strong> No dia 30 de novembro, em Cascavel, <strong>ele cruzou a linha de chegada 0,057 segundos \u00e0 frente do principal concorrente e confirmou a lideran\u00e7a do campeonato.<\/strong><\/p>\n<h2 class=\"wp-block-heading\"><strong>Transi\u00e7\u00e3o para a moto de 600cc<\/strong><\/h2>\n<p>Guto nasceu em S\u00e3o Paulo, capital, e <strong>mora em Ribeir\u00e3o Preto h\u00e1 alguns anos. <\/strong>Em 2025, ele deixou a moto de 1000 cilindradas, que pilotou por v\u00e1rios anos, e passou a competir com a moto de 600cc. A mudan\u00e7a exigiu uma pilotagem diferente, com outro ritmo e outra din\u00e2mica de corrida.<\/p>\n<p>O piloto avan\u00e7ou etapa ap\u00f3s etapa. <strong>Ao longo das oito provas da temporada<\/strong>, ele entendeu o comportamento da nova moto, ajustou o estilo de pilotagem e melhorou o desempenho.<\/p>\n<p>Durante a largada, ele manteve o foco habitual:<\/p>\n<figure class=\"wp-block-pullquote\">\n<blockquote>\n<p><strong>Quando a viseira fecha e o sem\u00e1foro apaga, o objetivo \u00e9 acelerar tudo at\u00e9 a linha de chegada. A corrida s\u00f3 termina na bandeirada.<\/strong><\/p>\n<p><cite>afirmou<\/cite><\/p><\/blockquote>\n<\/figure>\n<h2 class=\"wp-block-heading\"><strong>Campeonato definido na \u00faltima etapa<\/strong><\/h2>\n<p>Guto entrou na etapa final com chances de t\u00edtulo e sustentou o desempenho durante toda a corrida. Ele controlou a disputa curva a curva e administrou a vantagem m\u00ednima at\u00e9 a bandeirada em Cascavel.<\/p>\n<p>Com o resultado, ele coloca Ribeir\u00e3o Preto no topo das competi\u00e7\u00f5es nacionais da modalidade e inicia 2026 com novos planos, metas e negocia\u00e7\u00f5es na GP 600.<\/p>\n<hr class=\"wp-block-separator has-alpha-channel-opacity\"\/>\n<p>SAIBA MAIS<\/p>\n<p>Carro bate em poste e causa interdi\u00e7\u00e3o na Via Norte em Ribeir\u00e3o Preto; V\u00eddeo<\/p>\n<h2 class=\"wp-block-heading\"><strong>FIQUE ON<\/strong><\/h2>\n<p>Fique ligado em tudo que acontece em Ribeir\u00e3o Preto e regi\u00e3o. Siga os perfis do\u00a0<strong>acidade on<\/strong>\u00a0no\u00a0<a href=\"https:\/\/www.instagram.com\/acidadeonribeirao\" target=\"_blank\" rel=\"noreferrer noopener\">Instagram<\/a>\u00a0e no\u00a0<a href=\"https:\/\/www.facebook.com\/acidadeonribeirao\/\" target=\"_blank\" rel=\"noreferrer noopener\">Facebook<\/a>.<\/p>\n<p>Receba not\u00edcias do\u00a0<strong>acidade on\u00a0<\/strong>no WhatsApp. Para entrar no grupo,\u00a0basta<a href=\"https:\/\/chat.whatsapp.com\/I4nieTEMKlf50pJ28aMemC?mode=ac_t\" target=\"_blank\" rel=\"noreferrer noopener\">\u00a0clicar aqui<\/a>. Ou, acesse o nosso\u00a0Canal\u00a0<a href=\"https:\/\/whatsapp.com\/channel\/0029Vb6IQl1JENyAeS57fk2p\" target=\"_blank\" rel=\"noreferrer noopener\">clicando aqui<\/a>.<\/p>\n<p>Fa\u00e7a uma den\u00fancia ou sugira uma reportagem sobre Ribeir\u00e3o Preto e regi\u00e3o pelo WhatsApp: 16 99117 7802.<\/p>\n<p>VEJA TAMB\u00c9M<\/p>\n<p>Qual era a idade do menino que morreu na jaula de leoa?<\/p>\n<p><!-- AI CONTENT END 1 -->\n<\/div>\n<\/div>\n<p><script async src=\"\/\/www.instagram.com\/embed.js\"><\/script><br \/>\n<br \/><br \/>\n<br \/><a href=\"https:\/\/www.acidadeon.com\/ribeiraopreto\/esportes\/piloto-de-ribeirao-preto-conquista-titulo-brasileiro-na-estreia-na-categoria-gp-600\/\">Source link <\/a><\/p>\n<!-- CONTENT END 1 -->\n","protected":false},"excerpt":{"rendered":"<p>Guto Figueiredo, piloto que representa Ribeir\u00e3o Preto no motociclismo nacional, fechou 2025 com o t\u00edtulo brasileiro da categoria GP 600. No dia 30 de novembro,&#8230;<\/p>\n","protected":false},"author":1,"featured_media":80450,"comment_status":"open","ping_status":"open","sticky":false,"template":"","format":"standard","meta":{"advanced_seo_description":"","jetpack_seo_html_title":"","jetpack_seo_noindex":false,"jetpack_post_was_ever_published":false,"_jetpack_newsletter_access":"","_jetpack_dont_email_post_to_subs":false,"_jetpack_newsletter_tier_id":0,"_jetpack_memberships_contains_paywalled_content":false,"_jetpack_memberships_contains_paid_content":false,"footnotes":"","jetpack_publicize_message":"","jetpack_publicize_feature_enabled":true,"jetpack_social_post_already_shared":true,"jetpack_social_options":{"image_generator_settings":{"template":"highway","default_image_id":0,"font":"","enabled":false},"version":2}},"categories":[11],"tags":[],"class_list":["post-80449","post","type-post","status-publish","format-standard","has-post-thumbnail","hentry","category-noticias-de-ribeirao-preto-sp-e-regiao-ismael-colosi"],"jetpack_publicize_connections":[],"jetpack_featured_media_url":"https:\/\/i0.wp.com\/noticiasribeiraopreto.com.br\/wp-content\/uploads\/2025\/12\/WhatsApp-Image-2025-12-03-at-16.05.38_2025-12-03_19-07-52.webp.webp?fit=1200%2C800&ssl=1","jetpack-related-posts":[{"id":80172,"url":"https:\/\/noticiasribeiraopreto.com.br\/index.php\/2025\/11\/17\/brasil-conquista-primeiro-titulo-mundial-na-motogp\/","url_meta":{"origin":80449,"position":0},"title":"Brasil conquista primeiro t\u00edtulo mundial na MotoGP","author":"noticiasribeiraopreto.com.br","date":"17 de November de 2025","format":false,"excerpt":"17 de novembro de 2025 08:1816 de novembro de 2025 22:23 Compartilhar0Diogo Moreira conquista Campeonato Mundial de Moto2O brasileiro Diogo Moreira conquistou, neste domingo (16), o t\u00edtulo do Campeonato Mundial de Moto2, segunda categoria em escala de import\u00e2ncia da MotoGP. Desta forma, o atleta da equipe Italtrans Racing Team se\u2026","rel":"","context":"In &quot;Not\u00edcias de Ribeir\u00e3o Preto-SP e Regi\u00e3o&quot;","block_context":{"text":"Not\u00edcias de Ribeir\u00e3o Preto-SP e Regi\u00e3o","link":"https:\/\/noticiasribeiraopreto.com.br\/index.php\/category\/noticias-de-ribeirao-preto-sp-e-regiao-ismael-colosi\/"},"img":{"alt_text":"","src":"https:\/\/i0.wp.com\/noticiasribeiraopreto.com.br\/wp-content\/uploads\/2025\/11\/Reuters-Pablo-Moreno-.webp.webp?fit=1170%2C700&ssl=1&resize=350%2C200","width":350,"height":200,"srcset":"https:\/\/i0.wp.com\/noticiasribeiraopreto.com.br\/wp-content\/uploads\/2025\/11\/Reuters-Pablo-Moreno-.webp.webp?fit=1170%2C700&ssl=1&resize=350%2C200 1x, https:\/\/i0.wp.com\/noticiasribeiraopreto.com.br\/wp-content\/uploads\/2025\/11\/Reuters-Pablo-Moreno-.webp.webp?fit=1170%2C700&ssl=1&resize=525%2C300 1.5x, https:\/\/i0.wp.com\/noticiasribeiraopreto.com.br\/wp-content\/uploads\/2025\/11\/Reuters-Pablo-Moreno-.webp.webp?fit=1170%2C700&ssl=1&resize=700%2C400 2x, https:\/\/i0.wp.com\/noticiasribeiraopreto.com.br\/wp-content\/uploads\/2025\/11\/Reuters-Pablo-Moreno-.webp.webp?fit=1170%2C700&ssl=1&resize=1050%2C600 3x"},"classes":[]},{"id":60107,"url":"https:\/\/noticiasribeiraopreto.com.br\/index.php\/2024\/11\/06\/saiba-quem-e-gabriel-bortoleto-novo-piloto-brasileiro-da-formula-1\/","url_meta":{"origin":80449,"position":1},"title":"Saiba quem \u00e9 Gabriel Bortoleto, novo piloto brasileiro da F\u00f3rmula 1","author":"noticiasribeiraopreto.com.br","date":"6 de November de 2024","format":false,"excerpt":"A equipe Sauber-Audi anunciou no in\u00edcio desta quarta-feira (6) o piloto brasileiro Gabriel Bortoleto para a temporada 2025 da F\u00f3rmula 1. Ele far\u00e1 dupla com o experiente piloto alem\u00e3o Nico H\u00fclkenberg, que deixar\u00e1 a Haas no fim do ano para se juntar \u00e0 equipe su\u00ed\u00e7a. Ser\u00e1 a primeira vez que\u2026","rel":"","context":"In &quot;Not\u00edcias de Ribeir\u00e3o Preto-SP e Regi\u00e3o&quot;","block_context":{"text":"Not\u00edcias de Ribeir\u00e3o Preto-SP e Regi\u00e3o","link":"https:\/\/noticiasribeiraopreto.com.br\/index.php\/category\/noticias-de-ribeirao-preto-sp-e-regiao-ismael-colosi\/"},"img":{"alt_text":"","src":"https:\/\/i0.wp.com\/noticiasribeiraopreto.com.br\/wp-content\/uploads\/2024\/11\/bortoleto_2024-11-06_12-50-34_jpg_2024-11-06_12-50-34.webp.webp?fit=975%2C764&ssl=1&resize=350%2C200","width":350,"height":200,"srcset":"https:\/\/i0.wp.com\/noticiasribeiraopreto.com.br\/wp-content\/uploads\/2024\/11\/bortoleto_2024-11-06_12-50-34_jpg_2024-11-06_12-50-34.webp.webp?fit=975%2C764&ssl=1&resize=350%2C200 1x, https:\/\/i0.wp.com\/noticiasribeiraopreto.com.br\/wp-content\/uploads\/2024\/11\/bortoleto_2024-11-06_12-50-34_jpg_2024-11-06_12-50-34.webp.webp?fit=975%2C764&ssl=1&resize=525%2C300 1.5x, https:\/\/i0.wp.com\/noticiasribeiraopreto.com.br\/wp-content\/uploads\/2024\/11\/bortoleto_2024-11-06_12-50-34_jpg_2024-11-06_12-50-34.webp.webp?fit=975%2C764&ssl=1&resize=700%2C400 2x"},"classes":[]},{"id":75095,"url":"https:\/\/noticiasribeiraopreto.com.br\/index.php\/2025\/08\/03\/saiba-quem-e-rafael-camara-piloto-brasileiro-campeao-da-formula-3\/","url_meta":{"origin":80449,"position":2},"title":"Saiba quem \u00e9 Rafael C\u00e2mara, piloto brasileiro campe\u00e3o da F\u00f3rmula 3","author":"noticiasribeiraopreto.com.br","date":"3 de August de 2025","format":false,"excerpt":"O brasileiro Rafael C\u00e2mara \u00e9 o campe\u00e3o da F\u00f3rmula 3 de 2025. O pernambucano de 20 anos conquistou o t\u00edtulo de maneira antecipada, na madrugada deste domingo (3), ao vencer a pen\u00faltima etapa da temporada da competi\u00e7\u00e3o, no circuito de Hungaroring, em Budapeste, na Hungria. A dupla da Campos Racing,\u2026","rel":"","context":"In &quot;Not\u00edcias de Ribeir\u00e3o Preto-SP e Regi\u00e3o&quot;","block_context":{"text":"Not\u00edcias de Ribeir\u00e3o Preto-SP e Regi\u00e3o","link":"https:\/\/noticiasribeiraopreto.com.br\/index.php\/category\/noticias-de-ribeirao-preto-sp-e-regiao-ismael-colosi\/"},"img":{"alt_text":"","src":"https:\/\/i0.wp.com\/noticiasribeiraopreto.com.br\/wp-content\/uploads\/2025\/08\/rafael-camara_2025-08-03_12-57-29.webp.webp?fit=995%2C556&ssl=1&resize=350%2C200","width":350,"height":200,"srcset":"https:\/\/i0.wp.com\/noticiasribeiraopreto.com.br\/wp-content\/uploads\/2025\/08\/rafael-camara_2025-08-03_12-57-29.webp.webp?fit=995%2C556&ssl=1&resize=350%2C200 1x, https:\/\/i0.wp.com\/noticiasribeiraopreto.com.br\/wp-content\/uploads\/2025\/08\/rafael-camara_2025-08-03_12-57-29.webp.webp?fit=995%2C556&ssl=1&resize=525%2C300 1.5x, https:\/\/i0.wp.com\/noticiasribeiraopreto.com.br\/wp-content\/uploads\/2025\/08\/rafael-camara_2025-08-03_12-57-29.webp.webp?fit=995%2C556&ssl=1&resize=700%2C400 2x"},"classes":[]},{"id":21673,"url":"https:\/\/noticiasribeiraopreto.com.br\/index.php\/2023\/12\/28\/motociclista-morre-apos-fugir-da-policia-em-moto-de-luxo-em-ribeirao-preto\/","url_meta":{"origin":80449,"position":3},"title":"Motociclista morre ap\u00f3s fugir da pol\u00edcia em moto de luxo em Ribeir\u00e3o Preto","author":"noticiasribeiraopreto.com.br","date":"28 de December de 2023","format":false,"excerpt":"Um homem de 18 anos morreu ap\u00f3s fugir da Pol\u00edcia Militar em uma moto de luxo na rodovia Anhanguera, em Ribeir\u00e3o Preto, na tarde da \u00faltima quarta-feira (27). O piloto estava acompanhado de um adolescente de 14 anos. Segundo o B.O. (boletim de ocorr\u00eancia), os policiais realizavam patrulha no Jardim\u2026","rel":"","context":"In &quot;Not\u00edcias de Ribeir\u00e3o Preto-SP e Regi\u00e3o&quot;","block_context":{"text":"Not\u00edcias de Ribeir\u00e3o Preto-SP e Regi\u00e3o","link":"https:\/\/noticiasribeiraopreto.com.br\/index.php\/category\/noticias-de-ribeirao-preto-sp-e-regiao-ismael-colosi\/"},"img":{"alt_text":"","src":"https:\/\/i0.wp.com\/noticiasribeiraopreto.com.br\/wp-content\/uploads\/2023\/11\/foto_governo_estado_sp.jpg_1839041271.webp.webp?fit=404%2C452&ssl=1&resize=350%2C200","width":350,"height":200},"classes":[]},{"id":40561,"url":"https:\/\/noticiasribeiraopreto.com.br\/index.php\/2024\/03\/04\/piloto-de-rp-estreia-no-superbike-brasil-com-vitoria\/","url_meta":{"origin":80449,"position":4},"title":"Piloto de RP estreia com vit\u00f3ria no Superbike Brasil","author":"noticiasribeiraopreto.com.br","date":"4 de March de 2024","format":false,"excerpt":"4 de mar\u00e7o de 2024 | 16:004 de mar\u00e7o de 2024 | 16:21 0O piloto da Secretaria de Esportes de Ribeir\u00e3o Preto, L\u00e9o Marques, come\u00e7ou a temporada 2024 com o p\u00e9 direito. No \u00faltimo domingo, 3, L\u00e9o venceu a primeira prova do campeonato nacional de motovelocidade, realizada no aut\u00f3dromo de\u2026","rel":"","context":"In &quot;Not\u00edcias de Ribeir\u00e3o Preto-SP e Regi\u00e3o&quot;","block_context":{"text":"Not\u00edcias de Ribeir\u00e3o Preto-SP e Regi\u00e3o","link":"https:\/\/noticiasribeiraopreto.com.br\/index.php\/category\/noticias-de-ribeirao-preto-sp-e-regiao-ismael-colosi\/"},"img":{"alt_text":"","src":"https:\/\/i0.wp.com\/noticiasribeiraopreto.com.br\/wp-content\/uploads\/2024\/03\/leomarques2-scaled.jpeg?fit=925%2C645&ssl=1&resize=350%2C200","width":350,"height":200,"srcset":"https:\/\/i0.wp.com\/noticiasribeiraopreto.com.br\/wp-content\/uploads\/2024\/03\/leomarques2-scaled.jpeg?fit=925%2C645&ssl=1&resize=350%2C200 1x, https:\/\/i0.wp.com\/noticiasribeiraopreto.com.br\/wp-content\/uploads\/2024\/03\/leomarques2-scaled.jpeg?fit=925%2C645&ssl=1&resize=525%2C300 1.5x, https:\/\/i0.wp.com\/noticiasribeiraopreto.com.br\/wp-content\/uploads\/2024\/03\/leomarques2-scaled.jpeg?fit=925%2C645&ssl=1&resize=700%2C400 2x"},"classes":[]},{"id":31438,"url":"https:\/\/noticiasribeiraopreto.com.br\/index.php\/2024\/01\/22\/morre-adolescente-estava-em-moto-de-luxo-em-alta-velocidade-na-anhanguera\/","url_meta":{"origin":80449,"position":5},"title":"Morre adolescente que estava em moto de luxo em alta velocidade na Anhanguera","author":"noticiasribeiraopreto.com.br","date":"22 de January de 2024","format":false,"excerpt":"Morreu no \u00faltimo s\u00e1bado (20) o adolescente de 14 anos que estava na garupa de uma moto de luxo que fugia da Pol\u00edcia Militar em alta velocidade na rodovia Anhanguera, em Ribeir\u00e3o Preto, no dia 27 de dezembro. O piloto da Ducati, que tinha apenas 18 anos, tamb\u00e9m perdeu a\u2026","rel":"","context":"In &quot;Not\u00edcias de Ribeir\u00e3o Preto-SP e Regi\u00e3o&quot;","block_context":{"text":"Not\u00edcias de Ribeir\u00e3o Preto-SP e Regi\u00e3o","link":"https:\/\/noticiasribeiraopreto.com.br\/index.php\/category\/noticias-de-ribeirao-preto-sp-e-regiao-ismael-colosi\/"},"img":{"alt_text":"","src":"https:\/\/i0.wp.com\/noticiasribeiraopreto.com.br\/wp-content\/uploads\/2024\/01\/ducati-acidente.jpg?fit=974%2C602&ssl=1&resize=350%2C200","width":350,"height":200,"srcset":"https:\/\/i0.wp.com\/noticiasribeiraopreto.com.br\/wp-content\/uploads\/2024\/01\/ducati-acidente.jpg?fit=974%2C602&ssl=1&resize=350%2C200 1x, https:\/\/i0.wp.com\/noticiasribeiraopreto.com.br\/wp-content\/uploads\/2024\/01\/ducati-acidente.jpg?fit=974%2C602&ssl=1&resize=525%2C300 1.5x, https:\/\/i0.wp.com\/noticiasribeiraopreto.com.br\/wp-content\/uploads\/2024\/01\/ducati-acidente.jpg?fit=974%2C602&ssl=1&resize=700%2C400 2x"},"classes":[]}],"jetpack_sharing_enabled":true,"jetpack_shortlink":"https:\/\/wp.me\/peQAOb-kVz","_links":{"self":[{"href":"https:\/\/noticiasribeiraopreto.com.br\/index.php\/wp-json\/wp\/v2\/posts\/80449","targetHints":{"allow":["GET"]}}],"collection":[{"href":"https:\/\/noticiasribeiraopreto.com.br\/index.php\/wp-json\/wp\/v2\/posts"}],"about":[{"href":"https:\/\/noticiasribeiraopreto.com.br\/index.php\/wp-json\/wp\/v2\/types\/post"}],"author":[{"embeddable":true,"href":"https:\/\/noticiasribeiraopreto.com.br\/index.php\/wp-json\/wp\/v2\/users\/1"}],"replies":[{"embeddable":true,"href":"https:\/\/noticiasribeiraopreto.com.br\/index.php\/wp-json\/wp\/v2\/comments?post=80449"}],"version-history":[{"count":0,"href":"https:\/\/noticiasribeiraopreto.com.br\/index.php\/wp-json\/wp\/v2\/posts\/80449\/revisions"}],"wp:featuredmedia":[{"embeddable":true,"href":"https:\/\/noticiasribeiraopreto.com.br\/index.php\/wp-json\/wp\/v2\/media\/80450"}],"wp:attachment":[{"href":"https:\/\/noticiasribeiraopreto.com.br\/index.php\/wp-json\/wp\/v2\/media?parent=80449"}],"wp:term":[{"taxonomy":"category","embeddable":true,"href":"https:\/\/noticiasribeiraopreto.com.br\/index.php\/wp-json\/wp\/v2\/categories?post=80449"},{"taxonomy":"post_tag","embeddable":true,"href":"https:\/\/noticiasribeiraopreto.com.br\/index.php\/wp-json\/wp\/v2\/tags?post=80449"}],"curies":[{"name":"wp","href":"https:\/\/api.w.org\/{rel}","templated":true}]}}