{"id":80451,"date":"2025-12-03T19:20:30","date_gmt":"2025-12-03T22:20:30","guid":{"rendered":"https:\/\/noticiasribeiraopreto.com.br\/index.php\/2025\/12\/03\/acidade-on-recebe-homenagem-da-camara-de-ribeirao-preto-pelos-120-anos-de-historia\/"},"modified":"2025-12-03T19:20:30","modified_gmt":"2025-12-03T22:20:30","slug":"acidade-on-recebe-homenagem-da-camara-de-ribeirao-preto-pelos-120-anos-de-historia","status":"publish","type":"post","link":"https:\/\/noticiasribeiraopreto.com.br\/index.php\/2025\/12\/03\/acidade-on-recebe-homenagem-da-camara-de-ribeirao-preto-pelos-120-anos-de-historia\/","title":{"rendered":"acidade on recebe homenagem da C\u00e2mara de Ribeir\u00e3o Preto pelos 120 anos de hist\u00f3ria"},"content":{"rendered":"<div class='code-block code-block-1' style='margin: 8px 0 8px auto; text-align: right; display: block; clear: both;'>\n<p><a href=\"https:\/\/wa.link\/vpicfd\"><img data-recalc-dims=\"1\" class=\"wp-image-4922\" style=\"aspect-ratio: 2.0253164556962027; width: 561px; height: auto;\" src=\"https:\/\/i0.wp.com\/ismaelcolosi.com.br\/wp-content\/uploads\/2023\/11\/grupo-de-empregos-whatsapp-e-facebook-ismael-colosi-vagas.jpg?ssl=1\" alt=\"\" \/><\/a><\/p>\n<!-- \/wp:image -->\n<\/div>\n<p> <br \/>\n<\/p>\n<div>\n<p>O <strong>acidade on<\/strong> recebeu uma homenagem especial da<strong> <a href=\"https:\/\/www.camararibeiraopreto.sp.gov.br\/\" data-type=\"link\" data-id=\"https:\/\/www.camararibeiraopreto.sp.gov.br\/\" target=\"_blank\" rel=\"noopener\">C\u00e2mara Municipal de Ribeir\u00e3o Preto<\/a> <\/strong>pelos seus 120 anos de hist\u00f3ria. A mo\u00e7\u00e3o de congratula\u00e7\u00f5es, homenagens e aplausos foi aprovada pelos vereadores no m\u00eas de outubro e entregue nesta semana.<\/p>\n<h2 class=\"wp-block-heading\"><strong>Um dos jornais mais tradicionais do interior paulista<\/strong><\/h2>\n<p>O jornal <strong>A Cidade <\/strong>publicou sua primeira edi\u00e7\u00e3o em 1\u00ba de janeiro de 1905, em Ribeir\u00e3o Preto, tornando-se uma das marcas mais tradicionais da imprensa do interior de S\u00e3o Paulo.<\/p>\n<p>Nesta quinta-feira (4), o jornal \u2014 que atualmente atua em formato 100% digital \u2014 tamb\u00e9m receber\u00e1 da ANJ (Associa\u00e7\u00e3o Nacional de Jornais) uma homenagem destinada aos 13 jornais centen\u00e1rios associados, reconhecendo sua contribui\u00e7\u00e3o para a imprensa brasileira e para a consolida\u00e7\u00e3o da democracia. As placas comemorativas ser\u00e3o entregues durante a cerim\u00f4nia do Pr\u00eamio ANJ de Liberdade de Imprensa 2025.<\/p>\n<h2 class=\"wp-block-heading\"><strong>Pr\u00eamio na C\u00e2mara de Ribeir\u00e3o<\/strong><\/h2>\n<p>A mo\u00e7\u00e3o aprovada pelos vereadores destaca o jornal: \u201cAo longo de mais de um s\u00e9culo, consolidou-se como s\u00edmbolo de credibilidade, modernidade e compromisso social, acompanhando a evolu\u00e7\u00e3o tecnol\u00f3gica, as transforma\u00e7\u00f5es urbanas e os anseios de nossa popula\u00e7\u00e3o.\u201d<\/p>\n<h2 class=\"wp-block-heading\"><strong>A trajet\u00f3ria do acidade on<\/strong><\/h2>\n<p>A vers\u00e3o impressa do jornal circulou por 114 anos, registrando fatos hist\u00f3ricos e acompanhando a evolu\u00e7\u00e3o da regi\u00e3o.<\/p>\n<p>Em mar\u00e7o de 2016, foi lan\u00e7ado o portal <strong>acidade on<\/strong>, que dois anos depois substituiu oficialmente o jornal impresso, inaugurando uma fase inteiramente digital.<\/p>\n<p>A homenagem ainda ressalta. \u201cO <strong>acidade on <\/strong>tornou-se um referencial contempor\u00e2neo de jornalismo respons\u00e1vel e acess\u00edvel, que informa, educa e conecta cidad\u00e3os, cumprindo com maestria sua miss\u00e3o de ser ponte entre os fatos e a sociedade.\u201d<\/p>\n<h2 class=\"wp-block-heading\"><strong>Aprova\u00e7\u00e3o da mo\u00e7\u00e3o<\/strong><\/h2>\n<p>O requerimento da mo\u00e7\u00e3o de aplausos foi apresentado pelo vereador<strong> Danilo Scochi (MDB)<\/strong> e aprovado em 9 de outubro, em vota\u00e7\u00e3o englobada com outros requerimentos e indica\u00e7\u00f5es.<\/p>\n<p>O texto aprovado tamb\u00e9m afirmou: \u201cNestes 120 anos de ininterrupta atividade jornal\u00edstica, o <strong>acidade on<\/strong> \u2014 herdeiro direto de uma tradi\u00e7\u00e3o centen\u00e1ria \u2014 representa n\u00e3o apenas a for\u00e7a de uma marca, mas o esp\u00edrito de uma cidade que cresce, se transforma e busca, por meio da informa\u00e7\u00e3o, fortalecer sua identidade e sua democracia. O labor de seus profissionais constitui patrim\u00f4nio imaterial de Ribeir\u00e3o Preto, perpetuando valores de transpar\u00eancia, seriedade e respeito \u00e0 not\u00edcia.\u201d<\/p>\n<p>SAIBA MAIS<br \/>Ribeir\u00e3o refor\u00e7a seguran\u00e7a no com\u00e9rcio com opera\u00e7\u00e3o especial de fim de ano<\/p>\n<h2 class=\"wp-block-heading\"><strong>FIQUE ON<\/strong><\/h2>\n<p>Fique ligado em tudo que acontece em Ribeir\u00e3o Preto e regi\u00e3o. Siga os perfis do<strong>\u00a0acidade on<\/strong>\u00a0no<a href=\"https:\/\/www.instagram.com\/acidadeonribeirao\" target=\"_blank\" rel=\"noreferrer noopener\">\u00a0Instagram<\/a>\u00a0e no\u00a0<a href=\"https:\/\/www.facebook.com\/acidadeonribeirao\/\" target=\"_blank\" rel=\"noreferrer noopener\">Facebook<\/a>.<\/p>\n<p>Receba not\u00edcias do<strong>\u00a0acidade on\u00a0<\/strong>no WhatsApp. Para entrar no grupo,\u00a0basta\u00a0<a href=\"https:\/\/chat.whatsapp.com\/I4nieTEMKlf50pJ28aMemC?mode=ac_t\" target=\"_blank\" rel=\"noreferrer noopener\">clicar aqui<\/a>. Ou, acesse o nosso\u00a0Canal\u00a0<a href=\"https:\/\/whatsapp.com\/channel\/0029Vb6IQl1JENyAeS57fk2p\" target=\"_blank\" rel=\"noreferrer noopener\">clicando aqui<\/a>.<\/p>\n<p>Fa\u00e7a uma den\u00fancia ou sugira uma reportagem sobre Ribeir\u00e3o Preto e regi\u00e3o pelo WhatsApp: 16 99117 7802.<\/p>\n<p>VEJA TAMB\u00c9M<br \/>Salada X Molho: Qual a diferen\u00e7a dos dois tipos de tomate?<\/p>\n<p><!-- AI CONTENT END 1 -->\n<\/div>\n<p><script async src=\"\/\/www.instagram.com\/embed.js\"><\/script><br \/>\n<br \/><br \/>\n<br \/><a href=\"https:\/\/www.acidadeon.com\/ribeiraopreto\/politica\/acidade-on-recebe-homenagem-da-camara-de-ribeirao-preto-pelos-120-anos-de-historia\/\">Source link <\/a><\/p>\n<!-- CONTENT END 1 -->\n","protected":false},"excerpt":{"rendered":"<p>O acidade on recebeu uma homenagem especial da C\u00e2mara Municipal de Ribeir\u00e3o Preto pelos seus 120 anos de hist\u00f3ria. A mo\u00e7\u00e3o de congratula\u00e7\u00f5es, homenagens e&#8230;<\/p>\n","protected":false},"author":1,"featured_media":79230,"comment_status":"open","ping_status":"open","sticky":false,"template":"","format":"standard","meta":{"advanced_seo_description":"","jetpack_seo_html_title":"","jetpack_seo_noindex":false,"jetpack_post_was_ever_published":false,"_jetpack_newsletter_access":"","_jetpack_dont_email_post_to_subs":false,"_jetpack_newsletter_tier_id":0,"_jetpack_memberships_contains_paywalled_content":false,"_jetpack_memberships_contains_paid_content":false,"footnotes":"","jetpack_publicize_message":"","jetpack_publicize_feature_enabled":true,"jetpack_social_post_already_shared":true,"jetpack_social_options":{"image_generator_settings":{"template":"highway","default_image_id":0,"font":"","enabled":false},"version":2}},"categories":[11],"tags":[],"class_list":["post-80451","post","type-post","status-publish","format-standard","has-post-thumbnail","hentry","category-noticias-de-ribeirao-preto-sp-e-regiao-ismael-colosi"],"jetpack_publicize_connections":[],"jetpack_featured_media_url":"https:\/\/i0.wp.com\/noticiasribeiraopreto.com.br\/wp-content\/uploads\/2025\/10\/camara-de-ribeirao-preto_2025-10-27_20-36-22.webp.webp?fit=1024%2C576&ssl=1","jetpack-related-posts":[{"id":80542,"url":"https:\/\/noticiasribeiraopreto.com.br\/index.php\/2025\/12\/05\/acidade-on-e-homenageado-pela-anj-por-seus-120-anos-de-historia-no-jornalismo-brasileiro\/","url_meta":{"origin":80451,"position":0},"title":"acidade on \u00e9 homenageado pela ANJ por seus 120 anos de hist\u00f3ria no jornalismo brasileiro","author":"noticiasribeiraopreto.com.br","date":"5 de December de 2025","format":false,"excerpt":"O acidade on recebeu nesta quinta-feira (4) uma homenagem especial da ANJ (Associa\u00e7\u00e3o Nacional de Jornais) pelos seus 120 anos. A celebra\u00e7\u00e3o aconteceu em S\u00e3o Paulo e reuniu os 13 jornais centen\u00e1rios do Brasil, reconhecidos pelo impacto hist\u00f3rico na imprensa nacional e pelo papel essencial na defesa da democracia. A\u2026","rel":"","context":"In &quot;Not\u00edcias de Ribeir\u00e3o Preto-SP e Regi\u00e3o&quot;","block_context":{"text":"Not\u00edcias de Ribeir\u00e3o Preto-SP e Regi\u00e3o","link":"https:\/\/noticiasribeiraopreto.com.br\/index.php\/category\/noticias-de-ribeirao-preto-sp-e-regiao-ismael-colosi\/"},"img":{"alt_text":"","src":"https:\/\/i0.wp.com\/noticiasribeiraopreto.com.br\/wp-content\/uploads\/2025\/12\/anj_2025-12-04_21-28-11.webp.webp?fit=1200%2C749&ssl=1&resize=350%2C200","width":350,"height":200,"srcset":"https:\/\/i0.wp.com\/noticiasribeiraopreto.com.br\/wp-content\/uploads\/2025\/12\/anj_2025-12-04_21-28-11.webp.webp?fit=1200%2C749&ssl=1&resize=350%2C200 1x, https:\/\/i0.wp.com\/noticiasribeiraopreto.com.br\/wp-content\/uploads\/2025\/12\/anj_2025-12-04_21-28-11.webp.webp?fit=1200%2C749&ssl=1&resize=525%2C300 1.5x, https:\/\/i0.wp.com\/noticiasribeiraopreto.com.br\/wp-content\/uploads\/2025\/12\/anj_2025-12-04_21-28-11.webp.webp?fit=1200%2C749&ssl=1&resize=700%2C400 2x, https:\/\/i0.wp.com\/noticiasribeiraopreto.com.br\/wp-content\/uploads\/2025\/12\/anj_2025-12-04_21-28-11.webp.webp?fit=1200%2C749&ssl=1&resize=1050%2C600 3x"},"classes":[]},{"id":72513,"url":"https:\/\/noticiasribeiraopreto.com.br\/index.php\/2025\/06\/17\/morre-fotografo-osmar-cardes-aos-88-anos\/","url_meta":{"origin":80451,"position":1},"title":"Morre fot\u00f3grafo Osmar Cardes, aos 88 anos","author":"noticiasribeiraopreto.com.br","date":"17 de June de 2025","format":false,"excerpt":"O fot\u00f3grafo Osmar Cardes morreu no final da tarde desta ter\u00e7a-feira (17), aos 88 anos. Nascido em Pontal, Cardes atuou nos principais jornais de Ribeir\u00e3o Preto nas d\u00e9cadas de 1970 e 1980. Em 1984, Cardes recebeu o Pr\u00eamio Vladimir Herzog de Fotojornalismo, por uma imagem feita durante a cobertura do\u2026","rel":"","context":"In &quot;Not\u00edcias de Ribeir\u00e3o Preto-SP e Regi\u00e3o&quot;","block_context":{"text":"Not\u00edcias de Ribeir\u00e3o Preto-SP e Regi\u00e3o","link":"https:\/\/noticiasribeiraopreto.com.br\/index.php\/category\/noticias-de-ribeirao-preto-sp-e-regiao-ismael-colosi\/"},"img":{"alt_text":"","src":"https:\/\/i0.wp.com\/noticiasribeiraopreto.com.br\/wp-content\/uploads\/2025\/06\/Copia-de-Copia-de-Copia-de-TAMANHO-EXATO-PARA-FOTOS-NO-SISTEMA-NOVO-2025-06-17T194821.462_2025-06-17_22-48-34.webp.webp?fit=1200%2C675&ssl=1&resize=350%2C200","width":350,"height":200,"srcset":"https:\/\/i0.wp.com\/noticiasribeiraopreto.com.br\/wp-content\/uploads\/2025\/06\/Copia-de-Copia-de-Copia-de-TAMANHO-EXATO-PARA-FOTOS-NO-SISTEMA-NOVO-2025-06-17T194821.462_2025-06-17_22-48-34.webp.webp?fit=1200%2C675&ssl=1&resize=350%2C200 1x, https:\/\/i0.wp.com\/noticiasribeiraopreto.com.br\/wp-content\/uploads\/2025\/06\/Copia-de-Copia-de-Copia-de-TAMANHO-EXATO-PARA-FOTOS-NO-SISTEMA-NOVO-2025-06-17T194821.462_2025-06-17_22-48-34.webp.webp?fit=1200%2C675&ssl=1&resize=525%2C300 1.5x, https:\/\/i0.wp.com\/noticiasribeiraopreto.com.br\/wp-content\/uploads\/2025\/06\/Copia-de-Copia-de-Copia-de-TAMANHO-EXATO-PARA-FOTOS-NO-SISTEMA-NOVO-2025-06-17T194821.462_2025-06-17_22-48-34.webp.webp?fit=1200%2C675&ssl=1&resize=700%2C400 2x, https:\/\/i0.wp.com\/noticiasribeiraopreto.com.br\/wp-content\/uploads\/2025\/06\/Copia-de-Copia-de-Copia-de-TAMANHO-EXATO-PARA-FOTOS-NO-SISTEMA-NOVO-2025-06-17T194821.462_2025-06-17_22-48-34.webp.webp?fit=1200%2C675&ssl=1&resize=1050%2C600 3x"},"classes":[]},{"id":10428,"url":"https:\/\/noticiasribeiraopreto.com.br\/index.php\/2023\/12\/04\/botafogo-publica-video-em-homenagem-ao-doutor-socrates-assista\/","url_meta":{"origin":80451,"position":2},"title":"Botafogo publica v\u00eddeo em homenagem ao Doutor S\u00f3crates; Assista","author":"noticiasribeiraopreto.com.br","date":"4 de December de 2023","format":false,"excerpt":"O Botafogo publicou nesta segunda-feira (4) um v\u00eddeo em homenagem ao Doutor S\u00f3crates, que morreu h\u00e1 exatos 12 anos. No v\u00eddeo publicado pela equipe de Ribeir\u00e3o Preto, mostra uma camisa do modelo utilizado pelo Pantera nos anos 1970. Na homenagem, o Botafogo ainda levanta a hashtag #EternoDoutor. Pelo Pantera, S\u00f3crates\u2026","rel":"","context":"In &quot;Not\u00edcias de Ribeir\u00e3o Preto-SP e Regi\u00e3o&quot;","block_context":{"text":"Not\u00edcias de Ribeir\u00e3o Preto-SP e Regi\u00e3o","link":"https:\/\/noticiasribeiraopreto.com.br\/index.php\/category\/noticias-de-ribeirao-preto-sp-e-regiao-ismael-colosi\/"},"img":{"alt_text":"","src":"https:\/\/i0.wp.com\/noticiasribeiraopreto.com.br\/wp-content\/uploads\/2023\/12\/socrates-2.jpeg?fit=1200%2C675&ssl=1&resize=350%2C200","width":350,"height":200,"srcset":"https:\/\/i0.wp.com\/noticiasribeiraopreto.com.br\/wp-content\/uploads\/2023\/12\/socrates-2.jpeg?fit=1200%2C675&ssl=1&resize=350%2C200 1x, https:\/\/i0.wp.com\/noticiasribeiraopreto.com.br\/wp-content\/uploads\/2023\/12\/socrates-2.jpeg?fit=1200%2C675&ssl=1&resize=525%2C300 1.5x, https:\/\/i0.wp.com\/noticiasribeiraopreto.com.br\/wp-content\/uploads\/2023\/12\/socrates-2.jpeg?fit=1200%2C675&ssl=1&resize=700%2C400 2x, https:\/\/i0.wp.com\/noticiasribeiraopreto.com.br\/wp-content\/uploads\/2023\/12\/socrates-2.jpeg?fit=1200%2C675&ssl=1&resize=1050%2C600 3x"},"classes":[]},{"id":44184,"url":"https:\/\/noticiasribeiraopreto.com.br\/index.php\/2024\/03\/26\/prefeito-de-ribeirao-preto-viaja-para-europa-saiba-o-motivo\/","url_meta":{"origin":80451,"position":3},"title":"Prefeito de Ribeir\u00e3o Preto viaja para Europa; Saiba o motivo","author":"noticiasribeiraopreto.com.br","date":"26 de March de 2024","format":false,"excerpt":"O prefeito de Ribeir\u00e3o Preto Duarte Nogueira viajou nesta ter\u00e7a-feira (26) para Paris, onde participar\u00e1 de uma homenagem que ser\u00e1 prestada ao ex-jogador de futebol S\u00f3crates. A solenidade que dar\u00e1 o nome do \u00eddolo a uma rua em Saint-Ouen, sede dos Jogos Ol\u00edmpicos de 2024, est\u00e1 marcada para o dia\u2026","rel":"","context":"In &quot;Not\u00edcias de Ribeir\u00e3o Preto-SP e Regi\u00e3o&quot;","block_context":{"text":"Not\u00edcias de Ribeir\u00e3o Preto-SP e Regi\u00e3o","link":"https:\/\/noticiasribeiraopreto.com.br\/index.php\/category\/noticias-de-ribeirao-preto-sp-e-regiao-ismael-colosi\/"},"img":{"alt_text":"","src":"https:\/\/i0.wp.com\/noticiasribeiraopreto.com.br\/wp-content\/uploads\/2024\/03\/1711468628_duarte-nogueira.jpg?fit=1200%2C799&ssl=1&resize=350%2C200","width":350,"height":200,"srcset":"https:\/\/i0.wp.com\/noticiasribeiraopreto.com.br\/wp-content\/uploads\/2024\/03\/1711468628_duarte-nogueira.jpg?fit=1200%2C799&ssl=1&resize=350%2C200 1x, https:\/\/i0.wp.com\/noticiasribeiraopreto.com.br\/wp-content\/uploads\/2024\/03\/1711468628_duarte-nogueira.jpg?fit=1200%2C799&ssl=1&resize=525%2C300 1.5x, https:\/\/i0.wp.com\/noticiasribeiraopreto.com.br\/wp-content\/uploads\/2024\/03\/1711468628_duarte-nogueira.jpg?fit=1200%2C799&ssl=1&resize=700%2C400 2x, https:\/\/i0.wp.com\/noticiasribeiraopreto.com.br\/wp-content\/uploads\/2024\/03\/1711468628_duarte-nogueira.jpg?fit=1200%2C799&ssl=1&resize=1050%2C600 3x"},"classes":[]},{"id":35575,"url":"https:\/\/noticiasribeiraopreto.com.br\/index.php\/2024\/02\/06\/nome-de-rua-da-zona-leste-de-ribeirao-muda-em-homenagem-a-socrates\/","url_meta":{"origin":80451,"position":4},"title":"Nome de rua da zona Leste de Ribeir\u00e3o muda em homenagem a S\u00f3crates","author":"noticiasribeiraopreto.com.br","date":"6 de February de 2024","format":false,"excerpt":"A Prefeitura de Ribeir\u00e3o Preto confirmou ao portal acidade on que a rua Edgar Rodrigues, no bairro Ribeir\u00e2nia, zona Leste da cidade, passar\u00e1 a ser chamada de Esplanada Doutor S\u00f3crates. A mudan\u00e7a ocorre em homenagem ao \u00eddolo do Corinthians e do Botafogo de Ribeir\u00e3o Preto, que completaria 70 anos no\u2026","rel":"","context":"In &quot;Not\u00edcias de Ribeir\u00e3o Preto-SP e Regi\u00e3o&quot;","block_context":{"text":"Not\u00edcias de Ribeir\u00e3o Preto-SP e Regi\u00e3o","link":"https:\/\/noticiasribeiraopreto.com.br\/index.php\/category\/noticias-de-ribeirao-preto-sp-e-regiao-ismael-colosi\/"},"img":{"alt_text":"","src":"https:\/\/i0.wp.com\/noticiasribeiraopreto.com.br\/wp-content\/uploads\/2024\/02\/1707258149_socrates-2.jpg?fit=1200%2C675&ssl=1&resize=350%2C200","width":350,"height":200,"srcset":"https:\/\/i0.wp.com\/noticiasribeiraopreto.com.br\/wp-content\/uploads\/2024\/02\/1707258149_socrates-2.jpg?fit=1200%2C675&ssl=1&resize=350%2C200 1x, https:\/\/i0.wp.com\/noticiasribeiraopreto.com.br\/wp-content\/uploads\/2024\/02\/1707258149_socrates-2.jpg?fit=1200%2C675&ssl=1&resize=525%2C300 1.5x, https:\/\/i0.wp.com\/noticiasribeiraopreto.com.br\/wp-content\/uploads\/2024\/02\/1707258149_socrates-2.jpg?fit=1200%2C675&ssl=1&resize=700%2C400 2x, https:\/\/i0.wp.com\/noticiasribeiraopreto.com.br\/wp-content\/uploads\/2024\/02\/1707258149_socrates-2.jpg?fit=1200%2C675&ssl=1&resize=1050%2C600 3x"},"classes":[]},{"id":72647,"url":"https:\/\/noticiasribeiraopreto.com.br\/index.php\/2025\/06\/19\/esquadrilha-da-fumaca-desenha-coracao-no-ceu-em-homenagem-a-ribeirao-preto-video\/","url_meta":{"origin":80451,"position":5},"title":"Esquadrilha da Fuma\u00e7a desenha cora\u00e7\u00e3o no c\u00e9u em homenagem a Ribeir\u00e3o Preto; V\u00eddeo","author":"noticiasribeiraopreto.com.br","date":"19 de June de 2025","format":false,"excerpt":"A Esquadrilha da Fuma\u00e7a desenhou um cora\u00e7\u00e3o no c\u00e9u de Ribeir\u00e3o Preto para homenagear a cidade que completa 169 anos nesta quinta-feira (19). Assista ao v\u00eddeo abaixo. A apresenta\u00e7\u00e3o, que integra a programa\u00e7\u00e3o de anivers\u00e1rio de Ribeir\u00e3o, atraiu o p\u00fablico nesta manh\u00e3, ao bairro Cristo Redentor. No entanto, as manobras\u2026","rel":"","context":"In &quot;Not\u00edcias de Ribeir\u00e3o Preto-SP e Regi\u00e3o&quot;","block_context":{"text":"Not\u00edcias de Ribeir\u00e3o Preto-SP e Regi\u00e3o","link":"https:\/\/noticiasribeiraopreto.com.br\/index.php\/category\/noticias-de-ribeirao-preto-sp-e-regiao-ismael-colosi\/"},"img":{"alt_text":"","src":"https:\/\/i0.wp.com\/noticiasribeiraopreto.com.br\/wp-content\/uploads\/2025\/06\/CORACAO_2025-06-19_14-39-23.webp.webp?fit=1200%2C736&ssl=1&resize=350%2C200","width":350,"height":200,"srcset":"https:\/\/i0.wp.com\/noticiasribeiraopreto.com.br\/wp-content\/uploads\/2025\/06\/CORACAO_2025-06-19_14-39-23.webp.webp?fit=1200%2C736&ssl=1&resize=350%2C200 1x, https:\/\/i0.wp.com\/noticiasribeiraopreto.com.br\/wp-content\/uploads\/2025\/06\/CORACAO_2025-06-19_14-39-23.webp.webp?fit=1200%2C736&ssl=1&resize=525%2C300 1.5x, https:\/\/i0.wp.com\/noticiasribeiraopreto.com.br\/wp-content\/uploads\/2025\/06\/CORACAO_2025-06-19_14-39-23.webp.webp?fit=1200%2C736&ssl=1&resize=700%2C400 2x, https:\/\/i0.wp.com\/noticiasribeiraopreto.com.br\/wp-content\/uploads\/2025\/06\/CORACAO_2025-06-19_14-39-23.webp.webp?fit=1200%2C736&ssl=1&resize=1050%2C600 3x"},"classes":[]}],"jetpack_sharing_enabled":true,"jetpack_shortlink":"https:\/\/wp.me\/peQAOb-kVB","_links":{"self":[{"href":"https:\/\/noticiasribeiraopreto.com.br\/index.php\/wp-json\/wp\/v2\/posts\/80451","targetHints":{"allow":["GET"]}}],"collection":[{"href":"https:\/\/noticiasribeiraopreto.com.br\/index.php\/wp-json\/wp\/v2\/posts"}],"about":[{"href":"https:\/\/noticiasribeiraopreto.com.br\/index.php\/wp-json\/wp\/v2\/types\/post"}],"author":[{"embeddable":true,"href":"https:\/\/noticiasribeiraopreto.com.br\/index.php\/wp-json\/wp\/v2\/users\/1"}],"replies":[{"embeddable":true,"href":"https:\/\/noticiasribeiraopreto.com.br\/index.php\/wp-json\/wp\/v2\/comments?post=80451"}],"version-history":[{"count":0,"href":"https:\/\/noticiasribeiraopreto.com.br\/index.php\/wp-json\/wp\/v2\/posts\/80451\/revisions"}],"wp:featuredmedia":[{"embeddable":true,"href":"https:\/\/noticiasribeiraopreto.com.br\/index.php\/wp-json\/wp\/v2\/media\/79230"}],"wp:attachment":[{"href":"https:\/\/noticiasribeiraopreto.com.br\/index.php\/wp-json\/wp\/v2\/media?parent=80451"}],"wp:term":[{"taxonomy":"category","embeddable":true,"href":"https:\/\/noticiasribeiraopreto.com.br\/index.php\/wp-json\/wp\/v2\/categories?post=80451"},{"taxonomy":"post_tag","embeddable":true,"href":"https:\/\/noticiasribeiraopreto.com.br\/index.php\/wp-json\/wp\/v2\/tags?post=80451"}],"curies":[{"name":"wp","href":"https:\/\/api.w.org\/{rel}","templated":true}]}}