{"id":80452,"date":"2025-12-03T19:28:52","date_gmt":"2025-12-03T22:28:52","guid":{"rendered":"https:\/\/noticiasribeiraopreto.com.br\/index.php\/2025\/12\/03\/ex-vereadora-de-ribeirao-preto-sera-indenizada-decide-justica-veja-o-motivo\/"},"modified":"2025-12-03T19:28:52","modified_gmt":"2025-12-03T22:28:52","slug":"ex-vereadora-de-ribeirao-preto-sera-indenizada-decide-justica-veja-o-motivo","status":"publish","type":"post","link":"https:\/\/noticiasribeiraopreto.com.br\/index.php\/2025\/12\/03\/ex-vereadora-de-ribeirao-preto-sera-indenizada-decide-justica-veja-o-motivo\/","title":{"rendered":"Ex-vereadora de Ribeir\u00e3o Preto ser\u00e1 indenizada, decide Justi\u00e7a; Veja o motivo"},"content":{"rendered":"<div class='code-block code-block-1' style='margin: 8px 0 8px auto; text-align: right; display: block; clear: both;'>\n<p><a href=\"https:\/\/wa.link\/vpicfd\"><img data-recalc-dims=\"1\" class=\"wp-image-4922\" style=\"aspect-ratio: 2.0253164556962027; width: 561px; height: auto;\" src=\"https:\/\/i0.wp.com\/ismaelcolosi.com.br\/wp-content\/uploads\/2023\/11\/grupo-de-empregos-whatsapp-e-facebook-ismael-colosi-vagas.jpg?ssl=1\" alt=\"\" \/><\/a><\/p>\n<!-- \/wp:image -->\n<\/div>\n<p> <br \/>\n<\/p>\n<div>\n<p>O juiz <strong>Benedito Sergio de Oliveira<\/strong>, da <strong>12\u00aa Vara C\u00edvel de Ribeir\u00e3o Preto<\/strong>, acatou um pedido de indeniza\u00e7\u00e3o proposto pela ex-vereadora <strong>Gl\u00e1ucia Berenice <\/strong>para que ela seja indenizada em R$ 10 mil por danos morais.<\/p>\n<p>Gl\u00e1ucia ingressou a a\u00e7\u00e3o contra o presidente de OSC (Organiza\u00e7\u00e3o da Sociedade Civil) Projeto Mudando Vidas,<strong> Ricardo Tostes<\/strong>, ap\u00f3s ele ter divulgado v\u00eddeos com den\u00fancias sobre supostas irregularidades no abrigo dos ind\u00edgenas <strong>Warao<\/strong> em Ribeir\u00e3o Preto no per\u00edodo em que a ex-vereadora foi secret\u00e1ria de Assist\u00eancia Social.<\/p>\n<p>Ap\u00f3s as publica\u00e7\u00f5es, no final de mar\u00e7o deste ano, Gl\u00e1ucia foi exonerada do cargo de vice-presidente da Funda\u00e7\u00e3o Dom Pedro II. A ex-parlamentar sempre negou irregularidades. Na a\u00e7\u00e3o, ela afirmou que as publica\u00e7\u00f5es continham express\u00f5es injuriosas e difamat\u00f3rias e disse que \u201csofreu intenso abalo emocional\u201d e \u201cconstrangimento p\u00fablico\u201d.<\/p>\n<p>\u201c[\u2026] a an\u00e1lise detida do conjunto probat\u00f3rio revela que o r\u00e9u extrapolou, de forma manifesta e reiterada, os limites da cr\u00edtica institucional leg\u00edtima, adentrando a esfera da ofensa pessoal, da difama\u00e7\u00e3o e da amea\u00e7a\u201d, escreveu o juiz na decis\u00e3o.<\/p>\n<h2 class=\"wp-block-heading\"><strong>Outro lado<\/strong><\/h2>\n<p>O advogado Carlos Renato Lira Buosi, que defende Ricardo Tostes, afirma que Ricardo viu a situa\u00e7\u00e3o dos ind\u00edgenas Warao, apontada por ele como \u201cdegradante\u201d e, por isso, ficou \u201cindignado\u201d. \u201cEle inconformado com as den\u00fancias dos \u00f3rg\u00e3os que ele fez, come\u00e7ou a expor um monte de coisa, de eventual displic\u00eancia ou eventual omiss\u00e3o dos agentes respons\u00e1veis\u201d, afirma.<\/p>\n<p>Buosi ainda aponta que, caso n\u00e3o se chegue a um eventual acordo, deve recorrer da decis\u00e3o. \u201cN\u00f3s estamos \u00e0 disposi\u00e7\u00e3o dos autores dessas a\u00e7\u00f5es para eventuais tentativas de composi\u00e7\u00e3o\u201d, completa o advogado.<\/p>\n<p>SAIBA MAIS<br \/>Ribeir\u00e3o refor\u00e7a seguran\u00e7a no com\u00e9rcio com opera\u00e7\u00e3o especial de fim de ano<\/p>\n<h2 class=\"wp-block-heading\"><strong>FIQUE ON<\/strong><\/h2>\n<p>Fique ligado em tudo que acontece em Ribeir\u00e3o Preto e regi\u00e3o. Siga os perfis do<strong>\u00a0acidade on<\/strong>\u00a0no<a href=\"https:\/\/www.instagram.com\/acidadeonribeirao\" target=\"_blank\" rel=\"noreferrer noopener\">\u00a0Instagram<\/a>\u00a0e no\u00a0<a href=\"https:\/\/www.facebook.com\/acidadeonribeirao\/\" target=\"_blank\" rel=\"noreferrer noopener\">Facebook<\/a>.<\/p>\n<p>Receba not\u00edcias do<strong>\u00a0acidade on\u00a0<\/strong>no WhatsApp. Para entrar no grupo,\u00a0basta\u00a0<a href=\"https:\/\/chat.whatsapp.com\/I4nieTEMKlf50pJ28aMemC?mode=ac_t\" target=\"_blank\" rel=\"noreferrer noopener\">clicar aqui<\/a>. Ou, acesse o nosso\u00a0Canal\u00a0<a href=\"https:\/\/whatsapp.com\/channel\/0029Vb6IQl1JENyAeS57fk2p\" target=\"_blank\" rel=\"noreferrer noopener\">clicando aqui<\/a>.<\/p>\n<p>Fa\u00e7a uma den\u00fancia ou sugira uma reportagem sobre Ribeir\u00e3o Preto e regi\u00e3o pelo WhatsApp: 16 99117 7802.<\/p>\n<p>VEJA TAMB\u00c9M<br \/>Salada X Molho: Qual a diferen\u00e7a dos dois tipos de tomate?<\/p>\n<p><!-- AI CONTENT END 1 -->\n<\/div>\n<p><script async src=\"\/\/www.instagram.com\/embed.js\"><\/script><br \/>\n<br \/><br \/>\n<br \/><a href=\"https:\/\/www.acidadeon.com\/ribeiraopreto\/politica\/ex-vereadora-de-ribeirao-preto-sera-indenizada-decide-justica-veja-o-motivo\/\">Source link <\/a><\/p>\n<!-- CONTENT END 1 -->\n","protected":false},"excerpt":{"rendered":"<p>O juiz Benedito Sergio de Oliveira, da 12\u00aa Vara C\u00edvel de Ribeir\u00e3o Preto, acatou um pedido de indeniza\u00e7\u00e3o proposto pela ex-vereadora Gl\u00e1ucia Berenice para que&#8230;<\/p>\n","protected":false},"author":1,"featured_media":80453,"comment_status":"open","ping_status":"open","sticky":false,"template":"","format":"standard","meta":{"advanced_seo_description":"","jetpack_seo_html_title":"","jetpack_seo_noindex":false,"jetpack_post_was_ever_published":false,"_jetpack_newsletter_access":"","_jetpack_dont_email_post_to_subs":false,"_jetpack_newsletter_tier_id":0,"_jetpack_memberships_contains_paywalled_content":false,"_jetpack_memberships_contains_paid_content":false,"footnotes":"","jetpack_publicize_message":"","jetpack_publicize_feature_enabled":true,"jetpack_social_post_already_shared":true,"jetpack_social_options":{"image_generator_settings":{"template":"highway","default_image_id":0,"font":"","enabled":false},"version":2}},"categories":[11],"tags":[],"class_list":["post-80452","post","type-post","status-publish","format-standard","has-post-thumbnail","hentry","category-noticias-de-ribeirao-preto-sp-e-regiao-ismael-colosi"],"jetpack_publicize_connections":[],"jetpack_featured_media_url":"https:\/\/i0.wp.com\/noticiasribeiraopreto.com.br\/wp-content\/uploads\/2025\/12\/glaucia_berenice_2025-03-06_22-45-09_jpg_2025-03-06_22-45-09-1024x683.webp.webp?fit=1024%2C683&ssl=1","jetpack-related-posts":[{"id":80398,"url":"https:\/\/noticiasribeiraopreto.com.br\/index.php\/2025\/12\/03\/glaucia-berenice-sera-indenizada-por-danos-morais\/","url_meta":{"origin":80452,"position":0},"title":"Glaucia Berenice ser\u00e1 indenizada por danos morais","author":"noticiasribeiraopreto.com.br","date":"3 de December de 2025","format":false,"excerpt":"\r \r \r 2 de dezembro de 2025 11:41 \r Compartilhar0 Decis\u00e3o da Justi\u00e7a foi dada em a\u00e7\u00e3o contra o presidente da ONG Mudando Vidas, que a acusou de neglig\u00eancia criminosa quando era secret\u00e1ria municipal de Assist\u00eancia Social; ainda cabe recurso. A 12\u00aa Vara C\u00edvel de Ribeir\u00e3o Preto condenou o\u2026","rel":"","context":"In &quot;Not\u00edcias de Ribeir\u00e3o Preto-SP e Regi\u00e3o&quot;","block_context":{"text":"Not\u00edcias de Ribeir\u00e3o Preto-SP e Regi\u00e3o","link":"https:\/\/noticiasribeiraopreto.com.br\/index.php\/category\/noticias-de-ribeirao-preto-sp-e-regiao-ismael-colosi\/"},"img":{"alt_text":"","src":"https:\/\/i0.wp.com\/noticiasribeiraopreto.com.br\/wp-content\/uploads\/2025\/12\/Image1-258.jpg?fit=700%2C450&ssl=1&resize=350%2C200","width":350,"height":200,"srcset":"https:\/\/i0.wp.com\/noticiasribeiraopreto.com.br\/wp-content\/uploads\/2025\/12\/Image1-258.jpg?fit=700%2C450&ssl=1&resize=350%2C200 1x, https:\/\/i0.wp.com\/noticiasribeiraopreto.com.br\/wp-content\/uploads\/2025\/12\/Image1-258.jpg?fit=700%2C450&ssl=1&resize=525%2C300 1.5x, https:\/\/i0.wp.com\/noticiasribeiraopreto.com.br\/wp-content\/uploads\/2025\/12\/Image1-258.jpg?fit=700%2C450&ssl=1&resize=700%2C400 2x"},"classes":[]},{"id":67065,"url":"https:\/\/noticiasribeiraopreto.com.br\/index.php\/2025\/04\/09\/justica-manda-retirar-da-internet-acusacoes-contra-ex-vereadora-de-ribeirao\/","url_meta":{"origin":80452,"position":1},"title":"Justi\u00e7a manda retirar da internet acusa\u00e7\u00f5es contra ex-vereadora de Ribeir\u00e3o","author":"noticiasribeiraopreto.com.br","date":"9 de April de 2025","format":false,"excerpt":"O juiz Benedito Sergio de Oliveira, da 12\u00aa Vara C\u00edvel de Ribeir\u00e3o Preto, determinou que o presidente da OSC (Organiza\u00e7\u00e3o da Sociedade Civil) Projeto Mudando Vidas, Ricardo Tostes, retire da internet as acusa\u00e7\u00f5es contra ex-vereadora Gl\u00e1ucia Berenice sobre a situa\u00e7\u00e3o dos ind\u00edgenas venezuelanos em Ribeir\u00e3o Preto. No entendimento do magistrado,\u2026","rel":"","context":"In &quot;Not\u00edcias de Ribeir\u00e3o Preto-SP e Regi\u00e3o&quot;","block_context":{"text":"Not\u00edcias de Ribeir\u00e3o Preto-SP e Regi\u00e3o","link":"https:\/\/noticiasribeiraopreto.com.br\/index.php\/category\/noticias-de-ribeirao-preto-sp-e-regiao-ismael-colosi\/"},"img":{"alt_text":"","src":"https:\/\/i0.wp.com\/noticiasribeiraopreto.com.br\/wp-content\/uploads\/2025\/03\/glaucia_berenice_2025-03-06_22-45-09_jpg_2025-03-06_22-45-09.webp.webp?fit=1200%2C800&ssl=1&resize=350%2C200","width":350,"height":200,"srcset":"https:\/\/i0.wp.com\/noticiasribeiraopreto.com.br\/wp-content\/uploads\/2025\/03\/glaucia_berenice_2025-03-06_22-45-09_jpg_2025-03-06_22-45-09.webp.webp?fit=1200%2C800&ssl=1&resize=350%2C200 1x, https:\/\/i0.wp.com\/noticiasribeiraopreto.com.br\/wp-content\/uploads\/2025\/03\/glaucia_berenice_2025-03-06_22-45-09_jpg_2025-03-06_22-45-09.webp.webp?fit=1200%2C800&ssl=1&resize=525%2C300 1.5x, https:\/\/i0.wp.com\/noticiasribeiraopreto.com.br\/wp-content\/uploads\/2025\/03\/glaucia_berenice_2025-03-06_22-45-09_jpg_2025-03-06_22-45-09.webp.webp?fit=1200%2C800&ssl=1&resize=700%2C400 2x, https:\/\/i0.wp.com\/noticiasribeiraopreto.com.br\/wp-content\/uploads\/2025\/03\/glaucia_berenice_2025-03-06_22-45-09_jpg_2025-03-06_22-45-09.webp.webp?fit=1200%2C800&ssl=1&resize=1050%2C600 3x"},"classes":[]},{"id":66476,"url":"https:\/\/noticiasribeiraopreto.com.br\/index.php\/2025\/04\/01\/ex-vereadora-e-exonerada-do-theatro-pedro-ii-apos-denuncias-sobre-indigenas-venezuelanos\/","url_meta":{"origin":80452,"position":2},"title":"Ex-vereadora \u00e9 exonerada do Theatro Pedro II ap\u00f3s den\u00fancias sobre ind\u00edgenas venezuelanos","author":"noticiasribeiraopreto.com.br","date":"1 de April de 2025","format":false,"excerpt":"A ex-vereadora Gl\u00e1ucia Berenice foi exonerada da vice-presid\u00eancia da Funda\u00e7\u00e3o Theatro Dom Pedro II, em Ribeir\u00e3o Preto. A sa\u00edda de Gl\u00e1ucia do cargo acontece ap\u00f3s a organiza\u00e7\u00e3o respons\u00e1vel pelo atendimento dos ind\u00edgenas venezuelanos, da tribo Warao, denunciar ac\u00famulo de lixo e problemas na estrutura do im\u00f3vel que abriga os refugiados.\u2026","rel":"","context":"In &quot;Not\u00edcias de Ribeir\u00e3o Preto-SP e Regi\u00e3o&quot;","block_context":{"text":"Not\u00edcias de Ribeir\u00e3o Preto-SP e Regi\u00e3o","link":"https:\/\/noticiasribeiraopreto.com.br\/index.php\/category\/noticias-de-ribeirao-preto-sp-e-regiao-ismael-colosi\/"},"img":{"alt_text":"","src":"https:\/\/i0.wp.com\/noticiasribeiraopreto.com.br\/wp-content\/uploads\/2025\/03\/glaucia_berenice_2025-03-06_22-45-09_jpg_2025-03-06_22-45-09.webp.webp?fit=1200%2C800&ssl=1&resize=350%2C200","width":350,"height":200,"srcset":"https:\/\/i0.wp.com\/noticiasribeiraopreto.com.br\/wp-content\/uploads\/2025\/03\/glaucia_berenice_2025-03-06_22-45-09_jpg_2025-03-06_22-45-09.webp.webp?fit=1200%2C800&ssl=1&resize=350%2C200 1x, https:\/\/i0.wp.com\/noticiasribeiraopreto.com.br\/wp-content\/uploads\/2025\/03\/glaucia_berenice_2025-03-06_22-45-09_jpg_2025-03-06_22-45-09.webp.webp?fit=1200%2C800&ssl=1&resize=525%2C300 1.5x, https:\/\/i0.wp.com\/noticiasribeiraopreto.com.br\/wp-content\/uploads\/2025\/03\/glaucia_berenice_2025-03-06_22-45-09_jpg_2025-03-06_22-45-09.webp.webp?fit=1200%2C800&ssl=1&resize=700%2C400 2x, https:\/\/i0.wp.com\/noticiasribeiraopreto.com.br\/wp-content\/uploads\/2025\/03\/glaucia_berenice_2025-03-06_22-45-09_jpg_2025-03-06_22-45-09.webp.webp?fit=1200%2C800&ssl=1&resize=1050%2C600 3x"},"classes":[]},{"id":64324,"url":"https:\/\/noticiasribeiraopreto.com.br\/index.php\/2025\/03\/06\/ex-vereadora-de-ribeirao-preto-e-nomeada-vice-presidente-da-fundacao-dom-pedro-ii\/","url_meta":{"origin":80452,"position":3},"title":"Ex-vereadora de Ribeir\u00e3o Preto \u00e9 nomeada vice-presidente da Funda\u00e7\u00e3o Dom Pedro II","author":"noticiasribeiraopreto.com.br","date":"6 de March de 2025","format":false,"excerpt":"A ex-vereadora de Ribeir\u00e3o Preto, Gl\u00e1ucia Berenice (Republicanos), foi nomeada vice-presidente da Funda\u00e7\u00e3o Dom Pedro II. A nomea\u00e7\u00e3o, com efeito retroativo a 24 de fevereiro, foi publicada no Di\u00e1rio Oficial nesta quinta-feira (6). Nas elei\u00e7\u00f5es de 2024, a ex-parlamentar obteve 2.838 votos, mas n\u00e3o conseguiu a reelei\u00e7\u00e3o. Em nota enviada\u2026","rel":"","context":"In &quot;Not\u00edcias de Ribeir\u00e3o Preto-SP e Regi\u00e3o&quot;","block_context":{"text":"Not\u00edcias de Ribeir\u00e3o Preto-SP e Regi\u00e3o","link":"https:\/\/noticiasribeiraopreto.com.br\/index.php\/category\/noticias-de-ribeirao-preto-sp-e-regiao-ismael-colosi\/"},"img":{"alt_text":"","src":"https:\/\/i0.wp.com\/noticiasribeiraopreto.com.br\/wp-content\/uploads\/2025\/03\/glaucia_berenice_2025-03-06_22-45-09_jpg_2025-03-06_22-45-09.webp.webp?fit=1200%2C800&ssl=1&resize=350%2C200","width":350,"height":200,"srcset":"https:\/\/i0.wp.com\/noticiasribeiraopreto.com.br\/wp-content\/uploads\/2025\/03\/glaucia_berenice_2025-03-06_22-45-09_jpg_2025-03-06_22-45-09.webp.webp?fit=1200%2C800&ssl=1&resize=350%2C200 1x, https:\/\/i0.wp.com\/noticiasribeiraopreto.com.br\/wp-content\/uploads\/2025\/03\/glaucia_berenice_2025-03-06_22-45-09_jpg_2025-03-06_22-45-09.webp.webp?fit=1200%2C800&ssl=1&resize=525%2C300 1.5x, https:\/\/i0.wp.com\/noticiasribeiraopreto.com.br\/wp-content\/uploads\/2025\/03\/glaucia_berenice_2025-03-06_22-45-09_jpg_2025-03-06_22-45-09.webp.webp?fit=1200%2C800&ssl=1&resize=700%2C400 2x, https:\/\/i0.wp.com\/noticiasribeiraopreto.com.br\/wp-content\/uploads\/2025\/03\/glaucia_berenice_2025-03-06_22-45-09_jpg_2025-03-06_22-45-09.webp.webp?fit=1200%2C800&ssl=1&resize=1050%2C600 3x"},"classes":[]},{"id":36282,"url":"https:\/\/noticiasribeiraopreto.com.br\/index.php\/2024\/02\/09\/camara-inaugura-galeria-com-fotos-de-vereadoras\/","url_meta":{"origin":80452,"position":4},"title":"C\u00e2mara inaugura galeria com fotos de vereadoras\u00a0","author":"noticiasribeiraopreto.com.br","date":"9 de February de 2024","format":false,"excerpt":"8 de fevereiro de 2024 | 15:008 de fevereiro de 2024 | 15:20 0A C\u00e2mara de Ribeir\u00e3o Preto inaugura, nesta quinta-feira, 8 de fevereiro, a Galeria Lil\u00e1s, um mural de fotos e imagens dedicado a homenagear as mulheres parlamentares de todas as legislaturas. A iniciativa \u00e9 resultado de um projeto\u2026","rel":"","context":"In &quot;Not\u00edcias de Ribeir\u00e3o Preto-SP e Regi\u00e3o&quot;","block_context":{"text":"Not\u00edcias de Ribeir\u00e3o Preto-SP e Regi\u00e3o","link":"https:\/\/noticiasribeiraopreto.com.br\/index.php\/category\/noticias-de-ribeirao-preto-sp-e-regiao-ismael-colosi\/"},"img":{"alt_text":"","src":"https:\/\/i0.wp.com\/noticiasribeiraopreto.com.br\/wp-content\/uploads\/2024\/02\/2-FACHADA-Camara-Municipal-4-1-scaled.jpg?fit=967%2C645&ssl=1&resize=350%2C200","width":350,"height":200,"srcset":"https:\/\/i0.wp.com\/noticiasribeiraopreto.com.br\/wp-content\/uploads\/2024\/02\/2-FACHADA-Camara-Municipal-4-1-scaled.jpg?fit=967%2C645&ssl=1&resize=350%2C200 1x, https:\/\/i0.wp.com\/noticiasribeiraopreto.com.br\/wp-content\/uploads\/2024\/02\/2-FACHADA-Camara-Municipal-4-1-scaled.jpg?fit=967%2C645&ssl=1&resize=525%2C300 1.5x, https:\/\/i0.wp.com\/noticiasribeiraopreto.com.br\/wp-content\/uploads\/2024\/02\/2-FACHADA-Camara-Municipal-4-1-scaled.jpg?fit=967%2C645&ssl=1&resize=700%2C400 2x"},"classes":[]},{"id":58842,"url":"https:\/\/noticiasribeiraopreto.com.br\/index.php\/2024\/10\/07\/pt-elege-as-tres-mulheres-da-camara-de-ribeirao-preto-a-partir-de-2025\/","url_meta":{"origin":80452,"position":5},"title":"PT elege as tr\u00eas mulheres da C\u00e2mara de Ribeir\u00e3o Preto a partir de 2025","author":"noticiasribeiraopreto.com.br","date":"7 de October de 2024","format":false,"excerpt":"As mulheres continuar\u00e3o com apenas tr\u00eas representantes na C\u00e2mara Municipal de Ribeir\u00e3o Preto a partir de 1\u00ba de janeiro de 2025. Duda Hidalgo, Perla M\u00fcller e Judeti Zilli, do Coletivo Popular, ambas do PT, foram eleitas no primeiro turno das elei\u00e7\u00f5es municipais, realizado no \u00faltimo domingo (6). Todas as parlamentares,\u2026","rel":"","context":"In &quot;Not\u00edcias de Ribeir\u00e3o Preto-SP e Regi\u00e3o&quot;","block_context":{"text":"Not\u00edcias de Ribeir\u00e3o Preto-SP e Regi\u00e3o","link":"https:\/\/noticiasribeiraopreto.com.br\/index.php\/category\/noticias-de-ribeirao-preto-sp-e-regiao-ismael-colosi\/"},"img":{"alt_text":"","src":"https:\/\/i0.wp.com\/noticiasribeiraopreto.com.br\/wp-content\/uploads\/2024\/10\/mulheres-camara_2024-10-07_16-04-38_jpeg_2024-10-07_16-04-38.webp.webp?fit=1200%2C674&ssl=1&resize=350%2C200","width":350,"height":200,"srcset":"https:\/\/i0.wp.com\/noticiasribeiraopreto.com.br\/wp-content\/uploads\/2024\/10\/mulheres-camara_2024-10-07_16-04-38_jpeg_2024-10-07_16-04-38.webp.webp?fit=1200%2C674&ssl=1&resize=350%2C200 1x, https:\/\/i0.wp.com\/noticiasribeiraopreto.com.br\/wp-content\/uploads\/2024\/10\/mulheres-camara_2024-10-07_16-04-38_jpeg_2024-10-07_16-04-38.webp.webp?fit=1200%2C674&ssl=1&resize=525%2C300 1.5x, https:\/\/i0.wp.com\/noticiasribeiraopreto.com.br\/wp-content\/uploads\/2024\/10\/mulheres-camara_2024-10-07_16-04-38_jpeg_2024-10-07_16-04-38.webp.webp?fit=1200%2C674&ssl=1&resize=700%2C400 2x, https:\/\/i0.wp.com\/noticiasribeiraopreto.com.br\/wp-content\/uploads\/2024\/10\/mulheres-camara_2024-10-07_16-04-38_jpeg_2024-10-07_16-04-38.webp.webp?fit=1200%2C674&ssl=1&resize=1050%2C600 3x"},"classes":[]}],"jetpack_sharing_enabled":true,"jetpack_shortlink":"https:\/\/wp.me\/peQAOb-kVC","_links":{"self":[{"href":"https:\/\/noticiasribeiraopreto.com.br\/index.php\/wp-json\/wp\/v2\/posts\/80452","targetHints":{"allow":["GET"]}}],"collection":[{"href":"https:\/\/noticiasribeiraopreto.com.br\/index.php\/wp-json\/wp\/v2\/posts"}],"about":[{"href":"https:\/\/noticiasribeiraopreto.com.br\/index.php\/wp-json\/wp\/v2\/types\/post"}],"author":[{"embeddable":true,"href":"https:\/\/noticiasribeiraopreto.com.br\/index.php\/wp-json\/wp\/v2\/users\/1"}],"replies":[{"embeddable":true,"href":"https:\/\/noticiasribeiraopreto.com.br\/index.php\/wp-json\/wp\/v2\/comments?post=80452"}],"version-history":[{"count":0,"href":"https:\/\/noticiasribeiraopreto.com.br\/index.php\/wp-json\/wp\/v2\/posts\/80452\/revisions"}],"wp:featuredmedia":[{"embeddable":true,"href":"https:\/\/noticiasribeiraopreto.com.br\/index.php\/wp-json\/wp\/v2\/media\/80453"}],"wp:attachment":[{"href":"https:\/\/noticiasribeiraopreto.com.br\/index.php\/wp-json\/wp\/v2\/media?parent=80452"}],"wp:term":[{"taxonomy":"category","embeddable":true,"href":"https:\/\/noticiasribeiraopreto.com.br\/index.php\/wp-json\/wp\/v2\/categories?post=80452"},{"taxonomy":"post_tag","embeddable":true,"href":"https:\/\/noticiasribeiraopreto.com.br\/index.php\/wp-json\/wp\/v2\/tags?post=80452"}],"curies":[{"name":"wp","href":"https:\/\/api.w.org\/{rel}","templated":true}]}}