{"id":80454,"date":"2025-12-03T19:37:26","date_gmt":"2025-12-03T22:37:26","guid":{"rendered":"https:\/\/noticiasribeiraopreto.com.br\/index.php\/2025\/12\/03\/mulher-e-morta-e-ex-marido-e-preso-na-regiao-de-ribeirao-preto\/"},"modified":"2025-12-03T19:37:26","modified_gmt":"2025-12-03T22:37:26","slug":"mulher-e-morta-e-ex-marido-e-preso-na-regiao-de-ribeirao-preto","status":"publish","type":"post","link":"https:\/\/noticiasribeiraopreto.com.br\/index.php\/2025\/12\/03\/mulher-e-morta-e-ex-marido-e-preso-na-regiao-de-ribeirao-preto\/","title":{"rendered":"Mulher \u00e9 morta e ex-marido \u00e9 preso na regi\u00e3o de Ribeir\u00e3o Preto"},"content":{"rendered":"<div class='code-block code-block-1' style='margin: 8px 0 8px auto; text-align: right; display: block; clear: both;'>\n<p><a href=\"https:\/\/wa.link\/vpicfd\"><img data-recalc-dims=\"1\" class=\"wp-image-4922\" style=\"aspect-ratio: 2.0253164556962027; width: 561px; height: auto;\" src=\"https:\/\/i0.wp.com\/ismaelcolosi.com.br\/wp-content\/uploads\/2023\/11\/grupo-de-empregos-whatsapp-e-facebook-ismael-colosi-vagas.jpg?ssl=1\" alt=\"\" \/><\/a><\/p>\n<!-- \/wp:image -->\n<\/div>\n<p> <br \/>\n<\/p>\n<div data-td-block-uid=\"tdi_95\">\n<div class=\"tdb-block-inner td-fix-index\">\n<p>Uma mulher de 29 anos foi mora pelo ex-marido nesta quarta-feira (3) em <strong>Pontal<\/strong>, cidade a 40 quil\u00f4metros de <strong>Ribeir\u00e3o Preto<\/strong>. Segundo as primeiras informa\u00e7\u00f5es, o suspeito utilizou uma arma branca contra a ex-mulher.<\/p>\n<p>O caso aconteceu na rua Ida Ventureli Mengual, Jardim Bela Vista. O suspeito fugiu do local, mas foi preso pela Pol\u00edcia Militar em outro bairro da cidade durante a tarde. A per\u00edcia est\u00e1 na local para investigar as causas do crime.<\/p>\n<h2 class=\"wp-block-heading\"><strong>Hist\u00f3rico do crime<\/strong><\/h2>\n<p>A tenente<strong> Isabela Zarda<\/strong>, da Pol\u00edcia Militar, conta que os agentes foram acionados porque o homem havia pulado o muro para dentro da resid\u00eancia. A mulher chegou a pedir socorro.<\/p>\n<p>Quando a pol\u00edcia chegou, o suspeito havia fugido e a mulher foi encontrada com vida. O <strong>Samu (Servi\u00e7o de Atendimento M\u00f3vel de Urg\u00eancia)<\/strong> foi acionado para socorr\u00ea-la.<\/p>\n<p>Em seguida, a pol\u00edcia come\u00e7ou as buscas para procurar o suspeito. Mas, o pr\u00f3prio ex-marido acionou o 190 dizendo que queria se entregar e informou o local onde estava. Ele confessou o crime.<\/p>\n<p>A mulher j\u00e1 havia registrado boletins de ocorr\u00eancia contra o ex-marido e a PM tamb\u00e9m j\u00e1 havia sido acionada em outras ocasi\u00f5es (com informa\u00e7\u00f5es <strong>EPTV<\/strong>).<\/p>\n<p>SAIBA MAIS<br \/>Ribeir\u00e3o refor\u00e7a seguran\u00e7a no com\u00e9rcio com opera\u00e7\u00e3o especial de fim de ano<\/p>\n<h2 class=\"wp-block-heading\"><strong>FIQUE ON<\/strong><\/h2>\n<p>Fique ligado em tudo que acontece em Ribeir\u00e3o Preto e regi\u00e3o. Siga os perfis do<strong>\u00a0acidade on<\/strong>\u00a0no<a href=\"https:\/\/www.instagram.com\/acidadeonribeirao\" target=\"_blank\" rel=\"noreferrer noopener\">\u00a0Instagram<\/a>\u00a0e no\u00a0<a href=\"https:\/\/www.facebook.com\/acidadeonribeirao\/\" target=\"_blank\" rel=\"noreferrer noopener\">Facebook<\/a>.<\/p>\n<p>Receba not\u00edcias do<strong>\u00a0acidade on\u00a0<\/strong>no WhatsApp. Para entrar no grupo,\u00a0basta\u00a0<a href=\"https:\/\/chat.whatsapp.com\/I4nieTEMKlf50pJ28aMemC?mode=ac_t\" target=\"_blank\" rel=\"noreferrer noopener\">clicar aqui<\/a>. Ou, acesse o nosso\u00a0Canal\u00a0<a href=\"https:\/\/whatsapp.com\/channel\/0029Vb6IQl1JENyAeS57fk2p\" target=\"_blank\" rel=\"noreferrer noopener\">clicando aqui<\/a>.<\/p>\n<p>Fa\u00e7a uma den\u00fancia ou sugira uma reportagem sobre Ribeir\u00e3o Preto e regi\u00e3o pelo WhatsApp: 16 99117 7802.<\/p>\n<p>VEJA TAMB\u00c9M<br \/>Salada X Molho: Qual a diferen\u00e7a dos dois tipos de tomate?<\/p>\n<p><!-- AI CONTENT END 1 -->\n<\/div>\n<\/div>\n<p><script async src=\"\/\/www.instagram.com\/embed.js\"><\/script><br \/>\n<br \/><br \/>\n<br \/><a href=\"https:\/\/www.acidadeon.com\/ribeiraopreto\/cotidiano\/mulher-e-morta-e-ex-marido-e-preso-na-regiao-de-ribeirao-preto\/\">Source link <\/a><\/p>\n<!-- CONTENT END 1 -->\n","protected":false},"excerpt":{"rendered":"<p>Uma mulher de 29 anos foi mora pelo ex-marido nesta quarta-feira (3) em Pontal, cidade a 40 quil\u00f4metros de Ribeir\u00e3o Preto. Segundo as primeiras informa\u00e7\u00f5es,&#8230;<\/p>\n","protected":false},"author":1,"featured_media":80455,"comment_status":"open","ping_status":"open","sticky":false,"template":"","format":"standard","meta":{"advanced_seo_description":"","jetpack_seo_html_title":"","jetpack_seo_noindex":false,"jetpack_post_was_ever_published":false,"_jetpack_newsletter_access":"","_jetpack_dont_email_post_to_subs":false,"_jetpack_newsletter_tier_id":0,"_jetpack_memberships_contains_paywalled_content":false,"_jetpack_memberships_contains_paid_content":false,"footnotes":"","jetpack_publicize_message":"","jetpack_publicize_feature_enabled":true,"jetpack_social_post_already_shared":true,"jetpack_social_options":{"image_generator_settings":{"template":"highway","default_image_id":0,"font":"","enabled":false},"version":2}},"categories":[11],"tags":[],"class_list":["post-80454","post","type-post","status-publish","format-standard","has-post-thumbnail","hentry","category-noticias-de-ribeirao-preto-sp-e-regiao-ismael-colosi"],"jetpack_publicize_connections":[],"jetpack_featured_media_url":"https:\/\/i0.wp.com\/noticiasribeiraopreto.com.br\/wp-content\/uploads\/2025\/12\/pontal_2025-12-03_18-22-37.webp.webp?fit=1200%2C900&ssl=1","jetpack-related-posts":[{"id":81266,"url":"https:\/\/noticiasribeiraopreto.com.br\/index.php\/2025\/12\/30\/marido-e-preso-suspeito-de-matar-mulher-a-facadas-na-frente-do-filho-em-ribeirao-preto\/","url_meta":{"origin":80454,"position":0},"title":"Marido \u00e9 preso suspeito de matar mulher a facadas na frente do filho em Ribeir\u00e3o Preto","author":"noticiasribeiraopreto.com.br","date":"30 de December de 2025","format":false,"excerpt":"Uma mulher foi morta a facada na madrugada desta segunda-feira (29), no Parque Ribeir\u00e3o, zona Oeste de Ribeir\u00e3o Preto. O marido da v\u00edtima foi preso suspeito de cometer o crime na frente do filho do casal, uma crian\u00e7a, na resid\u00eancia da fam\u00edlia, na avenida dos Andradas. A v\u00edtima foi identificada\u2026","rel":"","context":"In &quot;Not\u00edcias de Ribeir\u00e3o Preto-SP e Regi\u00e3o&quot;","block_context":{"text":"Not\u00edcias de Ribeir\u00e3o Preto-SP e Regi\u00e3o","link":"https:\/\/noticiasribeiraopreto.com.br\/index.php\/category\/noticias-de-ribeirao-preto-sp-e-regiao-ismael-colosi\/"},"img":{"alt_text":"","src":"https:\/\/i0.wp.com\/noticiasribeiraopreto.com.br\/wp-content\/uploads\/2025\/12\/WhatsApp-Image-2025-12-29-at-14.32.26_2025-12-29_17-42-25-e1767030183300.webp.webp?fit=1093%2C800&ssl=1&resize=350%2C200","width":350,"height":200,"srcset":"https:\/\/i0.wp.com\/noticiasribeiraopreto.com.br\/wp-content\/uploads\/2025\/12\/WhatsApp-Image-2025-12-29-at-14.32.26_2025-12-29_17-42-25-e1767030183300.webp.webp?fit=1093%2C800&ssl=1&resize=350%2C200 1x, https:\/\/i0.wp.com\/noticiasribeiraopreto.com.br\/wp-content\/uploads\/2025\/12\/WhatsApp-Image-2025-12-29-at-14.32.26_2025-12-29_17-42-25-e1767030183300.webp.webp?fit=1093%2C800&ssl=1&resize=525%2C300 1.5x, https:\/\/i0.wp.com\/noticiasribeiraopreto.com.br\/wp-content\/uploads\/2025\/12\/WhatsApp-Image-2025-12-29-at-14.32.26_2025-12-29_17-42-25-e1767030183300.webp.webp?fit=1093%2C800&ssl=1&resize=700%2C400 2x, https:\/\/i0.wp.com\/noticiasribeiraopreto.com.br\/wp-content\/uploads\/2025\/12\/WhatsApp-Image-2025-12-29-at-14.32.26_2025-12-29_17-42-25-e1767030183300.webp.webp?fit=1093%2C800&ssl=1&resize=1050%2C600 3x"},"classes":[]},{"id":58519,"url":"https:\/\/noticiasribeiraopreto.com.br\/index.php\/2024\/09\/29\/mulher-morre-apos-ser-agredida-na-regiao-de-ribeirao-preto-marido-e-suspeito\/","url_meta":{"origin":80454,"position":1},"title":"Mulher morre ap\u00f3s ser agredida na regi\u00e3o de Ribeir\u00e3o Preto; Marido \u00e9 suspeito","author":"noticiasribeiraopreto.com.br","date":"29 de September de 2024","format":false,"excerpt":"Uma mulher morreu neste s\u00e1bado (28) ap\u00f3s ser agredida em Santa Rosa de Viterbo, cidade na regi\u00e3o de Ribeir\u00e3o Preto. O marido da v\u00edtima \u00e9 o suspeito e foi preso. De acordo com apura\u00e7\u00e3o da EPTV, Josiane Aparecida Martins foi encontrada sem vida em um quarto da resid\u00eancia em que\u2026","rel":"","context":"In &quot;Not\u00edcias de Ribeir\u00e3o Preto-SP e Regi\u00e3o&quot;","block_context":{"text":"Not\u00edcias de Ribeir\u00e3o Preto-SP e Regi\u00e3o","link":"https:\/\/noticiasribeiraopreto.com.br\/index.php\/category\/noticias-de-ribeirao-preto-sp-e-regiao-ismael-colosi\/"},"img":{"alt_text":"","src":"https:\/\/i0.wp.com\/noticiasribeiraopreto.com.br\/wp-content\/uploads\/2024\/09\/Copia-de-Copia-de-Copia-de-TAMANHO-EXATO-PARA-FOTOS-NO-SISTEMA-NOVO-80_2024-09-29_19-28-13_png_2024-09-29_19-28-14.webp.webp?fit=1200%2C675&ssl=1&resize=350%2C200","width":350,"height":200,"srcset":"https:\/\/i0.wp.com\/noticiasribeiraopreto.com.br\/wp-content\/uploads\/2024\/09\/Copia-de-Copia-de-Copia-de-TAMANHO-EXATO-PARA-FOTOS-NO-SISTEMA-NOVO-80_2024-09-29_19-28-13_png_2024-09-29_19-28-14.webp.webp?fit=1200%2C675&ssl=1&resize=350%2C200 1x, https:\/\/i0.wp.com\/noticiasribeiraopreto.com.br\/wp-content\/uploads\/2024\/09\/Copia-de-Copia-de-Copia-de-TAMANHO-EXATO-PARA-FOTOS-NO-SISTEMA-NOVO-80_2024-09-29_19-28-13_png_2024-09-29_19-28-14.webp.webp?fit=1200%2C675&ssl=1&resize=525%2C300 1.5x, https:\/\/i0.wp.com\/noticiasribeiraopreto.com.br\/wp-content\/uploads\/2024\/09\/Copia-de-Copia-de-Copia-de-TAMANHO-EXATO-PARA-FOTOS-NO-SISTEMA-NOVO-80_2024-09-29_19-28-13_png_2024-09-29_19-28-14.webp.webp?fit=1200%2C675&ssl=1&resize=700%2C400 2x, https:\/\/i0.wp.com\/noticiasribeiraopreto.com.br\/wp-content\/uploads\/2024\/09\/Copia-de-Copia-de-Copia-de-TAMANHO-EXATO-PARA-FOTOS-NO-SISTEMA-NOVO-80_2024-09-29_19-28-13_png_2024-09-29_19-28-14.webp.webp?fit=1200%2C675&ssl=1&resize=1050%2C600 3x"},"classes":[]},{"id":56188,"url":"https:\/\/noticiasribeiraopreto.com.br\/index.php\/2024\/08\/10\/mulher-morre-apos-ser-agredida-e-mantida-em-carcere-privado-na-regiao-marido-e-suspeito\/","url_meta":{"origin":80454,"position":2},"title":"Mulher morre ap\u00f3s ser agredida e mantida em c\u00e1rcere privado na regi\u00e3o; marido \u00e9 suspeito","author":"noticiasribeiraopreto.com.br","date":"10 de August de 2024","format":false,"excerpt":"Uma mulher de 47 anos morreu na \u00faltima sexta-feira (9) ap\u00f3s ser agredida e mantida em c\u00e1rcere privado em uma fazenda em Aramina, na regi\u00e3o de Ribeir\u00e3o Preto. O marido da v\u00edtima \u00e9 o suspeito. De acordo com apura\u00e7\u00e3o da EPTV, Marlete Maria de Oliveira chegou a ser encaminhada para\u2026","rel":"","context":"In &quot;Not\u00edcias de Ribeir\u00e3o Preto-SP e Regi\u00e3o&quot;","block_context":{"text":"Not\u00edcias de Ribeir\u00e3o Preto-SP e Regi\u00e3o","link":"https:\/\/noticiasribeiraopreto.com.br\/index.php\/category\/noticias-de-ribeirao-preto-sp-e-regiao-ismael-colosi\/"},"img":{"alt_text":"","src":"https:\/\/i0.wp.com\/noticiasribeiraopreto.com.br\/wp-content\/uploads\/2024\/08\/marlete_2024-08-10_18-56-10_jpeg_2024-08-10_18-56-10.webp.webp?fit=1200%2C674&ssl=1&resize=350%2C200","width":350,"height":200,"srcset":"https:\/\/i0.wp.com\/noticiasribeiraopreto.com.br\/wp-content\/uploads\/2024\/08\/marlete_2024-08-10_18-56-10_jpeg_2024-08-10_18-56-10.webp.webp?fit=1200%2C674&ssl=1&resize=350%2C200 1x, https:\/\/i0.wp.com\/noticiasribeiraopreto.com.br\/wp-content\/uploads\/2024\/08\/marlete_2024-08-10_18-56-10_jpeg_2024-08-10_18-56-10.webp.webp?fit=1200%2C674&ssl=1&resize=525%2C300 1.5x, https:\/\/i0.wp.com\/noticiasribeiraopreto.com.br\/wp-content\/uploads\/2024\/08\/marlete_2024-08-10_18-56-10_jpeg_2024-08-10_18-56-10.webp.webp?fit=1200%2C674&ssl=1&resize=700%2C400 2x, https:\/\/i0.wp.com\/noticiasribeiraopreto.com.br\/wp-content\/uploads\/2024\/08\/marlete_2024-08-10_18-56-10_jpeg_2024-08-10_18-56-10.webp.webp?fit=1200%2C674&ssl=1&resize=1050%2C600 3x"},"classes":[]},{"id":69630,"url":"https:\/\/noticiasribeiraopreto.com.br\/index.php\/2025\/05\/07\/mulher-e-morta-a-facadas-na-frente-da-filha-na-regiao-de-ribeirao-preto\/","url_meta":{"origin":80454,"position":3},"title":"Mulher \u00e9 morta a facadas na frente da filha na regi\u00e3o de Ribeir\u00e3o Preto","author":"noticiasribeiraopreto.com.br","date":"7 de May de 2025","format":false,"excerpt":"Uma mulher de 29 anos foi morta a facadas na frente da filha menor de idade, na manh\u00e3 desta ter\u00e7a-feira (6), em Cajuru, cidade a aproximadamente 60 quil\u00f4metros de Ribeir\u00e3o Preto. O ex-marido, de 31 anos, \u00e9 o principal suspeito do crime. Segundo o boletim de ocorr\u00eancia (BO), Daiane Ta\u00eds\u2026","rel":"","context":"In &quot;Not\u00edcias de Ribeir\u00e3o Preto-SP e Regi\u00e3o&quot;","block_context":{"text":"Not\u00edcias de Ribeir\u00e3o Preto-SP e Regi\u00e3o","link":"https:\/\/noticiasribeiraopreto.com.br\/index.php\/category\/noticias-de-ribeirao-preto-sp-e-regiao-ismael-colosi\/"},"img":{"alt_text":"","src":"https:\/\/i0.wp.com\/noticiasribeiraopreto.com.br\/wp-content\/uploads\/2025\/05\/1746649727_20220620_114539075_policia_qru_1024x576_25052021184749_jpg_715985292.jpg?fit=1200%2C606&ssl=1&resize=350%2C200","width":350,"height":200,"srcset":"https:\/\/i0.wp.com\/noticiasribeiraopreto.com.br\/wp-content\/uploads\/2025\/05\/1746649727_20220620_114539075_policia_qru_1024x576_25052021184749_jpg_715985292.jpg?fit=1200%2C606&ssl=1&resize=350%2C200 1x, https:\/\/i0.wp.com\/noticiasribeiraopreto.com.br\/wp-content\/uploads\/2025\/05\/1746649727_20220620_114539075_policia_qru_1024x576_25052021184749_jpg_715985292.jpg?fit=1200%2C606&ssl=1&resize=525%2C300 1.5x, https:\/\/i0.wp.com\/noticiasribeiraopreto.com.br\/wp-content\/uploads\/2025\/05\/1746649727_20220620_114539075_policia_qru_1024x576_25052021184749_jpg_715985292.jpg?fit=1200%2C606&ssl=1&resize=700%2C400 2x, https:\/\/i0.wp.com\/noticiasribeiraopreto.com.br\/wp-content\/uploads\/2025\/05\/1746649727_20220620_114539075_policia_qru_1024x576_25052021184749_jpg_715985292.jpg?fit=1200%2C606&ssl=1&resize=1050%2C600 3x"},"classes":[]},{"id":53306,"url":"https:\/\/noticiasribeiraopreto.com.br\/index.php\/2024\/06\/18\/preso-suspeito-de-matar-idosa-que-teve-corpo-queimado-na-regiao-de-ribeirao-preto\/","url_meta":{"origin":80454,"position":4},"title":"Preso suspeito de matar idosa que teve corpo queimado na regi\u00e3o de Ribeir\u00e3o Preto","author":"noticiasribeiraopreto.com.br","date":"18 de June de 2024","format":false,"excerpt":"O ex-marido da idosa morta ap\u00f3s ter mais da metade do corpo queimado foi preso, na tarde desta ter\u00e7a-feira (18), em Sert\u00e3ozinho, na regi\u00e3o de Ribeir\u00e3o Preto. O feminic\u00eddio ocorreu no dia 13 de junho em Pontal. Segundo a pol\u00edcia, o mandado de pris\u00e3o preventiva foi expedido pela Justi\u00e7a, nesta\u2026","rel":"","context":"In &quot;Not\u00edcias de Ribeir\u00e3o Preto-SP e Regi\u00e3o&quot;","block_context":{"text":"Not\u00edcias de Ribeir\u00e3o Preto-SP e Regi\u00e3o","link":"https:\/\/noticiasribeiraopreto.com.br\/index.php\/category\/noticias-de-ribeirao-preto-sp-e-regiao-ismael-colosi\/"},"img":{"alt_text":"","src":"https:\/\/i0.wp.com\/noticiasribeiraopreto.com.br\/wp-content\/uploads\/2024\/06\/FEMINICIDIO_2024-06-15_15-48-31_jpg_2024-06-15_15-48-31.webp.webp?fit=1200%2C910&ssl=1&resize=350%2C200","width":350,"height":200,"srcset":"https:\/\/i0.wp.com\/noticiasribeiraopreto.com.br\/wp-content\/uploads\/2024\/06\/FEMINICIDIO_2024-06-15_15-48-31_jpg_2024-06-15_15-48-31.webp.webp?fit=1200%2C910&ssl=1&resize=350%2C200 1x, https:\/\/i0.wp.com\/noticiasribeiraopreto.com.br\/wp-content\/uploads\/2024\/06\/FEMINICIDIO_2024-06-15_15-48-31_jpg_2024-06-15_15-48-31.webp.webp?fit=1200%2C910&ssl=1&resize=525%2C300 1.5x, https:\/\/i0.wp.com\/noticiasribeiraopreto.com.br\/wp-content\/uploads\/2024\/06\/FEMINICIDIO_2024-06-15_15-48-31_jpg_2024-06-15_15-48-31.webp.webp?fit=1200%2C910&ssl=1&resize=700%2C400 2x, https:\/\/i0.wp.com\/noticiasribeiraopreto.com.br\/wp-content\/uploads\/2024\/06\/FEMINICIDIO_2024-06-15_15-48-31_jpg_2024-06-15_15-48-31.webp.webp?fit=1200%2C910&ssl=1&resize=1050%2C600 3x"},"classes":[]},{"id":76561,"url":"https:\/\/noticiasribeiraopreto.com.br\/index.php\/2025\/08\/31\/mulher-morre-apos-ser-esfaqueada-na-regiao-de-ribeirao-policia-suspeita-de-feminicidio\/","url_meta":{"origin":80454,"position":5},"title":"Mulher morre ap\u00f3s ser esfaqueada na regi\u00e3o de Ribeir\u00e3o; pol\u00edcia suspeita de feminic\u00eddio","author":"noticiasribeiraopreto.com.br","date":"31 de August de 2025","format":false,"excerpt":"Uma mulher de 42 anos foi morta a facadas em Morro Agudo, cidade a 70 quil\u00f4metros de Ribeir\u00e3o Preto. O crime aconteceu na noite de s\u00e1bado (30), no bairro Alfredo Benedetti, e foi registrado como feminic\u00eddio. De acordo com o BO (boletim de ocorr\u00eancia), a filha de Suelen Cristina Hon\u00f3rio\u2026","rel":"","context":"In &quot;Not\u00edcias de Ribeir\u00e3o Preto-SP e Regi\u00e3o&quot;","block_context":{"text":"Not\u00edcias de Ribeir\u00e3o Preto-SP e Regi\u00e3o","link":"https:\/\/noticiasribeiraopreto.com.br\/index.php\/category\/noticias-de-ribeirao-preto-sp-e-regiao-ismael-colosi\/"},"img":{"alt_text":"","src":"https:\/\/i0.wp.com\/noticiasribeiraopreto.com.br\/wp-content\/uploads\/2025\/08\/suelen_2025-08-31_20-22-37.webp.webp?fit=1081%2C843&ssl=1&resize=350%2C200","width":350,"height":200,"srcset":"https:\/\/i0.wp.com\/noticiasribeiraopreto.com.br\/wp-content\/uploads\/2025\/08\/suelen_2025-08-31_20-22-37.webp.webp?fit=1081%2C843&ssl=1&resize=350%2C200 1x, https:\/\/i0.wp.com\/noticiasribeiraopreto.com.br\/wp-content\/uploads\/2025\/08\/suelen_2025-08-31_20-22-37.webp.webp?fit=1081%2C843&ssl=1&resize=525%2C300 1.5x, https:\/\/i0.wp.com\/noticiasribeiraopreto.com.br\/wp-content\/uploads\/2025\/08\/suelen_2025-08-31_20-22-37.webp.webp?fit=1081%2C843&ssl=1&resize=700%2C400 2x, https:\/\/i0.wp.com\/noticiasribeiraopreto.com.br\/wp-content\/uploads\/2025\/08\/suelen_2025-08-31_20-22-37.webp.webp?fit=1081%2C843&ssl=1&resize=1050%2C600 3x"},"classes":[]}],"jetpack_sharing_enabled":true,"jetpack_shortlink":"https:\/\/wp.me\/peQAOb-kVE","_links":{"self":[{"href":"https:\/\/noticiasribeiraopreto.com.br\/index.php\/wp-json\/wp\/v2\/posts\/80454","targetHints":{"allow":["GET"]}}],"collection":[{"href":"https:\/\/noticiasribeiraopreto.com.br\/index.php\/wp-json\/wp\/v2\/posts"}],"about":[{"href":"https:\/\/noticiasribeiraopreto.com.br\/index.php\/wp-json\/wp\/v2\/types\/post"}],"author":[{"embeddable":true,"href":"https:\/\/noticiasribeiraopreto.com.br\/index.php\/wp-json\/wp\/v2\/users\/1"}],"replies":[{"embeddable":true,"href":"https:\/\/noticiasribeiraopreto.com.br\/index.php\/wp-json\/wp\/v2\/comments?post=80454"}],"version-history":[{"count":0,"href":"https:\/\/noticiasribeiraopreto.com.br\/index.php\/wp-json\/wp\/v2\/posts\/80454\/revisions"}],"wp:featuredmedia":[{"embeddable":true,"href":"https:\/\/noticiasribeiraopreto.com.br\/index.php\/wp-json\/wp\/v2\/media\/80455"}],"wp:attachment":[{"href":"https:\/\/noticiasribeiraopreto.com.br\/index.php\/wp-json\/wp\/v2\/media?parent=80454"}],"wp:term":[{"taxonomy":"category","embeddable":true,"href":"https:\/\/noticiasribeiraopreto.com.br\/index.php\/wp-json\/wp\/v2\/categories?post=80454"},{"taxonomy":"post_tag","embeddable":true,"href":"https:\/\/noticiasribeiraopreto.com.br\/index.php\/wp-json\/wp\/v2\/tags?post=80454"}],"curies":[{"name":"wp","href":"https:\/\/api.w.org\/{rel}","templated":true}]}}