{"id":80457,"date":"2025-12-03T21:18:08","date_gmt":"2025-12-04T00:18:08","guid":{"rendered":"https:\/\/noticiasribeiraopreto.com.br\/index.php\/2025\/12\/03\/motta-preside-subcomissao-do-trabalho-que-propoe-jornada-de-40-horas-e-novas-regras-para-a-escala-6x1\/"},"modified":"2025-12-03T21:18:08","modified_gmt":"2025-12-04T00:18:08","slug":"motta-preside-subcomissao-do-trabalho-que-propoe-jornada-de-40-horas-e-novas-regras-para-a-escala-6x1","status":"publish","type":"post","link":"https:\/\/noticiasribeiraopreto.com.br\/index.php\/2025\/12\/03\/motta-preside-subcomissao-do-trabalho-que-propoe-jornada-de-40-horas-e-novas-regras-para-a-escala-6x1\/","title":{"rendered":"Motta preside Subcomiss\u00e3o do Trabalho que prop\u00f5e jornada de 40 horas e novas regras para a escala 6&#215;1"},"content":{"rendered":"<div class='code-block code-block-1' style='margin: 8px 0 8px auto; text-align: right; display: block; clear: both;'>\n<p><a href=\"https:\/\/wa.link\/vpicfd\"><img data-recalc-dims=\"1\" class=\"wp-image-4922\" style=\"aspect-ratio: 2.0253164556962027; width: 561px; height: auto;\" src=\"https:\/\/i0.wp.com\/ismaelcolosi.com.br\/wp-content\/uploads\/2023\/11\/grupo-de-empregos-whatsapp-e-facebook-ismael-colosi-vagas.jpg?ssl=1\" alt=\"\" \/><\/a><\/p>\n<!-- \/wp:image -->\n<\/div>\n<p> <br \/>\n<\/p>\n<div>\n<p>Bras\u00edlia, 3 de dezembro de 2025 \u2013 O deputado federal Luiz Carlos Motta (PL-SP), titular da Subcomiss\u00e3o Especial vinculada \u00e0 Comiss\u00e3o de Trabalho que discute o fim da escala 6\u00d71, presidiu nesta quarta-feira (3\/12), na C\u00e2mara dos Deputados, a reuni\u00e3o em que o relator, deputado Luiz Gast\u00e3o (PSD\/CE), apresentou seu parecer sobre a jornada de trabalho e a escala no com\u00e9rcio e servi\u00e7os. O texto ainda n\u00e3o foi votado nem representa a posi\u00e7\u00e3o da subcomiss\u00e3o como um todo.<\/p>\n<p>O parecer prop\u00f5e a redu\u00e7\u00e3o gradual da jornada semanal m\u00e1xima de 44 para 40 horas, sem redu\u00e7\u00e3o de sal\u00e1rio, ao longo de tr\u00eas anos: 42 horas no primeiro ano, 41 no segundo e 40 no terceiro. Na pr\u00e1tica, o relator mant\u00e9m a possibilidade de trabalho em at\u00e9 seis dias por semana (escala 6\u00d71), com repouso semanal remunerado, mas cria novos limites aos fins de semana: s\u00e1bados e domingos com, no m\u00e1ximo, 6 horas de trabalho por dia e pagamento de 100% de adicional para horas extras realizadas nesses dias. O pacote inclui uma PEC que altera o artigo 7\u00ba da Constitui\u00e7\u00e3o para consolidar a jornada de 8 horas di\u00e1rias e 40 horas semanais, com transi\u00e7\u00e3o escalonada, e um anteprojeto de lei complementar que ajusta a CLT, preserva regimes especiais (como 12\u00d736), regula a escala 6\u00d71 e prev\u00ea incentivos fiscais para empresas cuja folha represente 30% ou mais do faturamento.<\/p>\n<p>Ao longo do debate, por\u00e9m, ficou claro que a maioria dos parlamentares da Comiss\u00e3o do Trabalho defendem ir al\u00e9m do parecer apresentado. Motta e outros membros refor\u00e7aram que o objetivo central da PEC 8\/25 \u00e9 o fim da escala 6\u00d71 e a migra\u00e7\u00e3o para modelos como a 5\u00d72, garantindo mais conviv\u00eancia familiar, descanso e sa\u00fade para quem trabalha no com\u00e9rcio e nos servi\u00e7os. Deputados citaram ainda outros projetos em tramita\u00e7\u00e3o que tratam da redu\u00e7\u00e3o da jornada de trabalho, como proposi\u00e7\u00f5es de autoria da deputada Daiana Santos (PCdoB\/RS) e do deputado Vicentinho (PT\/SP), apontando a necessidade de construir um texto consensual, que una essas iniciativas em uma solu\u00e7\u00e3o mais clara pelo fim da 6\u00d71.<\/p>\n<p>Para os trabalhadores, o debate travado na reuni\u00e3o representa uma disputa entre dois caminhos: de um lado, o parecer do relator, que reduz a jornada para 40 horas, mas preserva a l\u00f3gica da escala 6\u00d71; de outro, a vis\u00e3o defendida por Motta e por diversos membros da Comiss\u00e3o de Trabalho, que querem redu\u00e7\u00e3o de jornada com mudan\u00e7a real na escala, aproximando o Brasil dos modelos j\u00e1 adotados por grandes empresas que caminham para a 5\u00d72. A avalia\u00e7\u00e3o dos parlamentares \u00e9 que n\u00e3o basta apenas cortar algumas horas da semana se o trabalhador continuar preso a fins de semana extenuantes e a pouco tempo de conviv\u00eancia com a fam\u00edlia.<\/p>\n<p>Para os empres\u00e1rios, o tema tamb\u00e9m \u00e9 apresentado como uma agenda de transi\u00e7\u00e3o organizada, com seguran\u00e7a jur\u00eddica e previsibilidade. A combina\u00e7\u00e3o entre redu\u00e7\u00e3o gradual da jornada, incentivos fiscais e regras claras busca evitar rupturas bruscas e, ao mesmo tempo, responder \u00e0 tend\u00eancia j\u00e1 observada no mercado: cada vez mais empresas de varejo, servi\u00e7os e hotelaria aderindo, por negocia\u00e7\u00e3o coletiva, a escalas que garantem dois dias seguidos de descanso. Motta tem defendido que emprego digno, jornada justa e competitividade podem caminhar juntos, desde que o processo seja pactuado com responsabilidade.<\/p>\n<p>Ao final da reuni\u00e3o, presidida por Luiz Carlos Motta, a Comiss\u00e3o de Trabalho aprovou um pedido de vista coletivo, por duas sess\u00f5es do Plen\u00e1rio, para que os parlamentares possam analisar com mais profundidade o parecer do relator e trabalhar em um novo texto de consenso, alinhado ao esp\u00edrito da PEC 8\/25 e \u00e0s demais proposi\u00e7\u00f5es sobre redu\u00e7\u00e3o da jornada. A expectativa \u00e9 que, ap\u00f3s o prazo de vistas, a Comiss\u00e3o de Trabalho discuta e vote um relat\u00f3rio que rompa de fato com a escala 6\u00d71, avance na dire\u00e7\u00e3o da jornada de 40 horas com modelos como a 5\u00d72 e garanta equil\u00edbrio entre direitos dos trabalhadores e sustentabilidade das empresas.<\/p>\n<p>Depois de aprovado na Comiss\u00e3o de Trabalho, o texto seguir\u00e1 para an\u00e1lise da Comiss\u00e3o de Constitui\u00e7\u00e3o e Justi\u00e7a (CCJ) da C\u00e2mara, antes de avan\u00e7ar para o Plen\u00e1rio.<\/p>\n<p>\u00a0<\/p>\n<p><strong>Sobre o deputado Luiz Carlos Motta:<\/strong><\/p>\n<p>Reeleito pelo PL de S\u00e3o Paulo, Luiz Carlos Motta \u00e9 presidente da Fecomerci\u00e1rios e um dos principais defensores das pautas trabalhistas e municipalistas no Congresso Nacional. \u00c9 titular da Comiss\u00e3o de Trabalho e suplente nas Comiss\u00f5es de Sa\u00fade, Educa\u00e7\u00e3o e Constitui\u00e7\u00e3o e Justi\u00e7a da C\u00e2mara dos Deputados.<\/p>\n<p>\u00a0<\/p>\n<p><strong>Informa\u00e7\u00f5es para a imprensa:<\/strong><\/p>\n<p>Comunic Comunica\u00e7\u00e3o Estrat\u00e9gica<\/p>\n<p>Elaine Madalhano \u2013 (17) 99775-2797 \u2013 [email\u00a0protected]<\/p>\n<p>Victor Augusto \u2013 (17) 99182-6188 \u2013 [email\u00a0protected]<\/p>\n<\/div>\n<p><br \/>\n<br \/><a href=\"https:\/\/www.tribunaribeirao.com.br\/motta-preside-subcomissao-do-trabalho-que-propoe-jornada-de-40-horas-e-novas-regras-para-a-escala-6x1\/\">Source link <\/a><\/p>\n<!-- CONTENT END 1 -->\n","protected":false},"excerpt":{"rendered":"<p>Bras\u00edlia, 3 de dezembro de 2025 \u2013 O deputado federal Luiz Carlos Motta (PL-SP), titular da Subcomiss\u00e3o Especial vinculada \u00e0 Comiss\u00e3o de Trabalho que discute&#8230;<\/p>\n","protected":false},"author":1,"featured_media":80458,"comment_status":"open","ping_status":"open","sticky":false,"template":"","format":"standard","meta":{"advanced_seo_description":"","jetpack_seo_html_title":"","jetpack_seo_noindex":false,"jetpack_post_was_ever_published":false,"_jetpack_newsletter_access":"","_jetpack_dont_email_post_to_subs":false,"_jetpack_newsletter_tier_id":0,"_jetpack_memberships_contains_paywalled_content":false,"_jetpack_memberships_contains_paid_content":false,"footnotes":"","jetpack_publicize_message":"","jetpack_publicize_feature_enabled":true,"jetpack_social_post_already_shared":true,"jetpack_social_options":{"image_generator_settings":{"template":"highway","default_image_id":0,"font":"","enabled":false},"version":2}},"categories":[11],"tags":[],"class_list":["post-80457","post","type-post","status-publish","format-standard","has-post-thumbnail","hentry","category-noticias-de-ribeirao-preto-sp-e-regiao-ismael-colosi"],"jetpack_publicize_connections":[],"jetpack_featured_media_url":"https:\/\/i0.wp.com\/noticiasribeiraopreto.com.br\/wp-content\/uploads\/2025\/12\/Screenshot_20251203_211015_Gmail.jpg?fit=898%2C551&ssl=1","jetpack-related-posts":[{"id":84785,"url":"https:\/\/noticiasribeiraopreto.com.br\/index.php\/2026\/04\/15\/entenda-por-que-a-votacao-da-escala-6x1-foi-adiada\/","url_meta":{"origin":80457,"position":0},"title":"Entenda por que a vota\u00e7\u00e3o da escala 6&#215;1 foi adiada","author":"noticiasribeiraopreto.com.br","date":"15 de April de 2026","format":false,"excerpt":"Ler o resumo da not\u00edcia A CCJ da C\u00e2mara dos Deputados adiou a vota\u00e7\u00e3o de propostas sobre a redu\u00e7\u00e3o da jornada de trabalho (escala 6x1) nesta quarta-feira (15). O deputdado Paulo Azi (Uni\u00e3o-BA) apresentou parecer favor\u00e1vel \u00e0s PECs que preveem mudan\u00e7as na carga hor\u00e1ria semanal. Deputados da oposi\u00e7\u00e3o, como Lucas\u2026","rel":"","context":"In &quot;Not\u00edcias de Ribeir\u00e3o Preto-SP e Regi\u00e3o&quot;","block_context":{"text":"Not\u00edcias de Ribeir\u00e3o Preto-SP e Regi\u00e3o","link":"https:\/\/noticiasribeiraopreto.com.br\/index.php\/category\/noticias-de-ribeirao-preto-sp-e-regiao-ismael-colosi\/"},"img":{"alt_text":"","src":"https:\/\/i0.wp.com\/noticiasribeiraopreto.com.br\/wp-content\/uploads\/2026\/03\/pec-fim-escala-6-x-1_2026-02-09_18-34-28.webp.webp?fit=1200%2C717&ssl=1&resize=350%2C200","width":350,"height":200,"srcset":"https:\/\/i0.wp.com\/noticiasribeiraopreto.com.br\/wp-content\/uploads\/2026\/03\/pec-fim-escala-6-x-1_2026-02-09_18-34-28.webp.webp?fit=1200%2C717&ssl=1&resize=350%2C200 1x, https:\/\/i0.wp.com\/noticiasribeiraopreto.com.br\/wp-content\/uploads\/2026\/03\/pec-fim-escala-6-x-1_2026-02-09_18-34-28.webp.webp?fit=1200%2C717&ssl=1&resize=525%2C300 1.5x, https:\/\/i0.wp.com\/noticiasribeiraopreto.com.br\/wp-content\/uploads\/2026\/03\/pec-fim-escala-6-x-1_2026-02-09_18-34-28.webp.webp?fit=1200%2C717&ssl=1&resize=700%2C400 2x, https:\/\/i0.wp.com\/noticiasribeiraopreto.com.br\/wp-content\/uploads\/2026\/03\/pec-fim-escala-6-x-1_2026-02-09_18-34-28.webp.webp?fit=1200%2C717&ssl=1&resize=1050%2C600 3x"},"classes":[]},{"id":20052,"url":"https:\/\/noticiasribeiraopreto.com.br\/index.php\/2023\/12\/24\/jornada-de-trabalho-reduzida-ja-vai-comecar-em-2024-entenda-a-situacao\/","url_meta":{"origin":80457,"position":1},"title":"Jornada de Trabalho REDUZIDA j\u00e1 vai come\u00e7ar em 2024? Entenda a situa\u00e7\u00e3o!","author":"noticiasribeiraopreto.com.br","date":"24 de December de 2023","format":false,"excerpt":"A redu\u00e7\u00e3o da jornada de trabalho em todo o pa\u00eds impactar\u00e1 todos os trabalhadores formais, especialmente no setor financeiro. Em 2024, haver\u00e1 uma defini\u00e7\u00e3o diferente da jornada de trabalho. Compreenda seu funcionamento! Medida para reduzir a jornada de trabalho O governo federal est\u00e1 aprovando uma medida para reduzir a jornada\u2026","rel":"","context":"In &quot;Vagas de Emprego em Ribeir\u00e3o Preto-SP&quot;","block_context":{"text":"Vagas de Emprego em Ribeir\u00e3o Preto-SP","link":"https:\/\/noticiasribeiraopreto.com.br\/index.php\/category\/empregos-classificados-vagas-trabalho\/vagas-de-empregos-em-ribeirao-preto-regiao-brasil\/"},"img":{"alt_text":"","src":"","width":0,"height":0},"classes":[]},{"id":83015,"url":"https:\/\/noticiasribeiraopreto.com.br\/index.php\/2026\/03\/06\/entidades-de-ribeirao-se-manifestam-sobre-escala-6x1-em-micros-e-pequenas-empresas\/","url_meta":{"origin":80457,"position":2},"title":"Entidades de Ribeir\u00e3o se manifestam sobre escala 6&#215;1 em micros e pequenas empresas","author":"noticiasribeiraopreto.com.br","date":"6 de March de 2026","format":false,"excerpt":"A Associa\u00e7\u00e3o Comercial e Industrial de Ribeir\u00e3o Preto (Acirp) manifestou, nesta quinta-feira (5), preocupa\u00e7\u00e3o com os poss\u00edveis impactos da redu\u00e7\u00e3o da escala de trabalho 6\u00d71 sobre micro e pequenas empresas. Segundo a Confedera\u00e7\u00e3o das Associa\u00e7\u00f5es Comerciais e Empresariais do Brasil (CACB), a redu\u00e7\u00e3o da jornada de 44 para at\u00e9 36\u2026","rel":"","context":"In &quot;Not\u00edcias de Ribeir\u00e3o Preto-SP e Regi\u00e3o&quot;","block_context":{"text":"Not\u00edcias de Ribeir\u00e3o Preto-SP e Regi\u00e3o","link":"https:\/\/noticiasribeiraopreto.com.br\/index.php\/category\/noticias-de-ribeirao-preto-sp-e-regiao-ismael-colosi\/"},"img":{"alt_text":"","src":"https:\/\/i0.wp.com\/noticiasribeiraopreto.com.br\/wp-content\/uploads\/2026\/03\/carteira_de_1024x576_22082020161918_2026-03-05_21-25-34.webp.webp?fit=1024%2C576&ssl=1&resize=350%2C200","width":350,"height":200,"srcset":"https:\/\/i0.wp.com\/noticiasribeiraopreto.com.br\/wp-content\/uploads\/2026\/03\/carteira_de_1024x576_22082020161918_2026-03-05_21-25-34.webp.webp?fit=1024%2C576&ssl=1&resize=350%2C200 1x, https:\/\/i0.wp.com\/noticiasribeiraopreto.com.br\/wp-content\/uploads\/2026\/03\/carteira_de_1024x576_22082020161918_2026-03-05_21-25-34.webp.webp?fit=1024%2C576&ssl=1&resize=525%2C300 1.5x, https:\/\/i0.wp.com\/noticiasribeiraopreto.com.br\/wp-content\/uploads\/2026\/03\/carteira_de_1024x576_22082020161918_2026-03-05_21-25-34.webp.webp?fit=1024%2C576&ssl=1&resize=700%2C400 2x"},"classes":[]},{"id":16800,"url":"https:\/\/noticiasribeiraopreto.com.br\/index.php\/2023\/12\/16\/reducao-da-jornada-de-trabalho-o-que-vai-mudar-meu-valor-digital\/","url_meta":{"origin":80457,"position":3},"title":"Redu\u00e7\u00e3o da jornada de trabalho. O que vai mudar?\u00a0 &#8211; Meu Valor Digital","author":"noticiasribeiraopreto.com.br","date":"16 de December de 2023","format":false,"excerpt":"Na ter\u00e7a-feira (12), a Comiss\u00e3o de Assuntos Sociais (CAS) do Senado aprovou, por 10 votos contra 2, projeto de lei que permite a redu\u00e7\u00e3o da jornada de trabalho sem diminuir o sal\u00e1rio do trabalhador.\u00a0 De acordo com o texto, os trabalhadores podem ter jornada reduzida para at\u00e9 30 horas semanais\u2026","rel":"","context":"In &quot;Vagas de Emprego em Ribeir\u00e3o Preto-SP&quot;","block_context":{"text":"Vagas de Emprego em Ribeir\u00e3o Preto-SP","link":"https:\/\/noticiasribeiraopreto.com.br\/index.php\/category\/empregos-classificados-vagas-trabalho\/vagas-de-empregos-em-ribeirao-preto-regiao-brasil\/"},"img":{"alt_text":"","src":"https:\/\/i0.wp.com\/noticiasribeiraopreto.com.br\/wp-content\/uploads\/2023\/12\/trabalhador-tranquilo-com-a-jornada-de-trabalho.jpg?fit=1200%2C800&ssl=1&resize=350%2C200","width":350,"height":200,"srcset":"https:\/\/i0.wp.com\/noticiasribeiraopreto.com.br\/wp-content\/uploads\/2023\/12\/trabalhador-tranquilo-com-a-jornada-de-trabalho.jpg?fit=1200%2C800&ssl=1&resize=350%2C200 1x, https:\/\/i0.wp.com\/noticiasribeiraopreto.com.br\/wp-content\/uploads\/2023\/12\/trabalhador-tranquilo-com-a-jornada-de-trabalho.jpg?fit=1200%2C800&ssl=1&resize=525%2C300 1.5x, https:\/\/i0.wp.com\/noticiasribeiraopreto.com.br\/wp-content\/uploads\/2023\/12\/trabalhador-tranquilo-com-a-jornada-de-trabalho.jpg?fit=1200%2C800&ssl=1&resize=700%2C400 2x, https:\/\/i0.wp.com\/noticiasribeiraopreto.com.br\/wp-content\/uploads\/2023\/12\/trabalhador-tranquilo-com-a-jornada-de-trabalho.jpg?fit=1200%2C800&ssl=1&resize=1050%2C600 3x"},"classes":[]},{"id":60360,"url":"https:\/\/noticiasribeiraopreto.com.br\/index.php\/2024\/11\/12\/entenda-a-polemica-da-pec-que-pede-o-fim-da-escala-6-x-1\/","url_meta":{"origin":80457,"position":4},"title":"Entenda a pol\u00eamica da PEC que pede o fim da escala 6 x 1","author":"noticiasribeiraopreto.com.br","date":"12 de November de 2024","format":false,"excerpt":"A PEC (Proposta de Emenda \u00e0 Constitui\u00e7\u00e3o) que pede o fim da escala 6 x 1, de autoria da deputada federal Erika Hilton (PSOL), j\u00e1 conseguiu 134 assinaturas \u2013 por se tratar de uma PEC, a proposta precisa de, pelo menos, 171 apoios, para come\u00e7ar a tramitar na C\u00e2mara Federal.\u2026","rel":"","context":"In &quot;Not\u00edcias de Ribeir\u00e3o Preto-SP e Regi\u00e3o&quot;","block_context":{"text":"Not\u00edcias de Ribeir\u00e3o Preto-SP e Regi\u00e3o","link":"https:\/\/noticiasribeiraopreto.com.br\/index.php\/category\/noticias-de-ribeirao-preto-sp-e-regiao-ismael-colosi\/"},"img":{"alt_text":"","src":"https:\/\/i0.wp.com\/noticiasribeiraopreto.com.br\/wp-content\/uploads\/2024\/11\/erika-hilton_2024-11-12_13-31-28_jpg_2024-11-12_13-31-28.webp.webp?fit=1000%2C616&ssl=1&resize=350%2C200","width":350,"height":200,"srcset":"https:\/\/i0.wp.com\/noticiasribeiraopreto.com.br\/wp-content\/uploads\/2024\/11\/erika-hilton_2024-11-12_13-31-28_jpg_2024-11-12_13-31-28.webp.webp?fit=1000%2C616&ssl=1&resize=350%2C200 1x, https:\/\/i0.wp.com\/noticiasribeiraopreto.com.br\/wp-content\/uploads\/2024\/11\/erika-hilton_2024-11-12_13-31-28_jpg_2024-11-12_13-31-28.webp.webp?fit=1000%2C616&ssl=1&resize=525%2C300 1.5x, https:\/\/i0.wp.com\/noticiasribeiraopreto.com.br\/wp-content\/uploads\/2024\/11\/erika-hilton_2024-11-12_13-31-28_jpg_2024-11-12_13-31-28.webp.webp?fit=1000%2C616&ssl=1&resize=700%2C400 2x"},"classes":[]},{"id":21191,"url":"https:\/\/noticiasribeiraopreto.com.br\/index.php\/2023\/12\/27\/jornada-de-trabalho-de-6-horas-confira-as-regras\/","url_meta":{"origin":80457,"position":5},"title":"Jornada de Trabalho de 6 Horas: confira as regras","author":"noticiasribeiraopreto.com.br","date":"27 de December de 2023","format":false,"excerpt":"A jornada de trabalho de 6 horas \u00e9 um modelo que consiste em uma carga di\u00e1ria de trabalho um pouco menor do que a jornada tradicional de 8 horas, contando com um intervalo para almo\u00e7o e trazendo diversas possibilidades de escalas de folga. Na\u00a0Consolida\u00e7\u00e3o das Leis do Trabalho, a lei\u2026","rel":"","context":"In &quot;Blog&quot;","block_context":{"text":"Blog","link":"https:\/\/noticiasribeiraopreto.com.br\/index.php\/category\/blog\/"},"img":{"alt_text":"","src":"https:\/\/i0.wp.com\/noticiasribeiraopreto.com.br\/wp-content\/uploads\/2023\/12\/jornada-de-trabalho-de-6-Horas.jpg?fit=1200%2C675&ssl=1&resize=350%2C200","width":350,"height":200,"srcset":"https:\/\/i0.wp.com\/noticiasribeiraopreto.com.br\/wp-content\/uploads\/2023\/12\/jornada-de-trabalho-de-6-Horas.jpg?fit=1200%2C675&ssl=1&resize=350%2C200 1x, https:\/\/i0.wp.com\/noticiasribeiraopreto.com.br\/wp-content\/uploads\/2023\/12\/jornada-de-trabalho-de-6-Horas.jpg?fit=1200%2C675&ssl=1&resize=525%2C300 1.5x, https:\/\/i0.wp.com\/noticiasribeiraopreto.com.br\/wp-content\/uploads\/2023\/12\/jornada-de-trabalho-de-6-Horas.jpg?fit=1200%2C675&ssl=1&resize=700%2C400 2x, https:\/\/i0.wp.com\/noticiasribeiraopreto.com.br\/wp-content\/uploads\/2023\/12\/jornada-de-trabalho-de-6-Horas.jpg?fit=1200%2C675&ssl=1&resize=1050%2C600 3x"},"classes":[]}],"jetpack_sharing_enabled":true,"jetpack_shortlink":"https:\/\/wp.me\/peQAOb-kVH","_links":{"self":[{"href":"https:\/\/noticiasribeiraopreto.com.br\/index.php\/wp-json\/wp\/v2\/posts\/80457","targetHints":{"allow":["GET"]}}],"collection":[{"href":"https:\/\/noticiasribeiraopreto.com.br\/index.php\/wp-json\/wp\/v2\/posts"}],"about":[{"href":"https:\/\/noticiasribeiraopreto.com.br\/index.php\/wp-json\/wp\/v2\/types\/post"}],"author":[{"embeddable":true,"href":"https:\/\/noticiasribeiraopreto.com.br\/index.php\/wp-json\/wp\/v2\/users\/1"}],"replies":[{"embeddable":true,"href":"https:\/\/noticiasribeiraopreto.com.br\/index.php\/wp-json\/wp\/v2\/comments?post=80457"}],"version-history":[{"count":0,"href":"https:\/\/noticiasribeiraopreto.com.br\/index.php\/wp-json\/wp\/v2\/posts\/80457\/revisions"}],"wp:featuredmedia":[{"embeddable":true,"href":"https:\/\/noticiasribeiraopreto.com.br\/index.php\/wp-json\/wp\/v2\/media\/80458"}],"wp:attachment":[{"href":"https:\/\/noticiasribeiraopreto.com.br\/index.php\/wp-json\/wp\/v2\/media?parent=80457"}],"wp:term":[{"taxonomy":"category","embeddable":true,"href":"https:\/\/noticiasribeiraopreto.com.br\/index.php\/wp-json\/wp\/v2\/categories?post=80457"},{"taxonomy":"post_tag","embeddable":true,"href":"https:\/\/noticiasribeiraopreto.com.br\/index.php\/wp-json\/wp\/v2\/tags?post=80457"}],"curies":[{"name":"wp","href":"https:\/\/api.w.org\/{rel}","templated":true}]}}