{"id":80459,"date":"2025-12-03T21:37:00","date_gmt":"2025-12-04T00:37:00","guid":{"rendered":"https:\/\/noticiasribeiraopreto.com.br\/index.php\/2025\/12\/03\/chuva-derruba-arvore-e-interdita-parque-em-ribeirao-preto\/"},"modified":"2025-12-03T21:37:00","modified_gmt":"2025-12-04T00:37:00","slug":"chuva-derruba-arvore-e-interdita-parque-em-ribeirao-preto","status":"publish","type":"post","link":"https:\/\/noticiasribeiraopreto.com.br\/index.php\/2025\/12\/03\/chuva-derruba-arvore-e-interdita-parque-em-ribeirao-preto\/","title":{"rendered":"Chuva derruba \u00e1rvore e interdita parque em Ribeir\u00e3o Preto"},"content":{"rendered":"<div class='code-block code-block-1' style='margin: 8px 0 8px auto; text-align: right; display: block; clear: both;'>\n<p><a href=\"https:\/\/wa.link\/vpicfd\"><img data-recalc-dims=\"1\" class=\"wp-image-4922\" style=\"aspect-ratio: 2.0253164556962027; width: 561px; height: auto;\" src=\"https:\/\/i0.wp.com\/ismaelcolosi.com.br\/wp-content\/uploads\/2023\/11\/grupo-de-empregos-whatsapp-e-facebook-ismael-colosi-vagas.jpg?ssl=1\" alt=\"\" \/><\/a><\/p>\n<!-- \/wp:image -->\n<\/div>\n<p> <br \/>\n<\/p>\n<div data-td-block-uid=\"tdi_95\">\n<div class=\"tdb-block-inner td-fix-index\">\n<p>A <strong>chuva forte que atingiu Ribeir\u00e3o Preto nesta quarta-feira (3) derrubou uma \u00e1rvore de grande porte no Parque Maur\u00edlio Biagi <\/strong>e levou \u00e0 interdi\u00e7\u00e3o tempor\u00e1ria do espa\u00e7o. As equipes iniciaram a retirada da \u00e1rvore para garantir a seguran\u00e7a dos visitantes.<\/p>\n<p><strong>A Prefeitura prev\u00ea a reabertura do parque nesta quinta-feira (4), \u00e0s 10h.<\/strong><\/p>\n<p>Outros bairros da cidade tamb\u00e9m registraram quedas de \u00e1rvores ap\u00f3s a chuva.<\/p>\n<div class=\"wp-block-image\">\n<figure class=\"aligncenter size-large is-resized\"><img data-recalc-dims=\"1\" fetchpriority=\"high\" decoding=\"async\" width=\"1024\" height=\"683\" src=\"https:\/\/i0.wp.com\/cdn.media-acidadeon.com.br\/ribeiraopreto\/wp-content\/uploads\/sites\/3\/2025\/07\/parque-maurilio-biagi_2025-07-22_13-13-00-1024x683.webp?resize=1024%2C683&#038;ssl=1\" alt=\"Festa ser\u00e1 realizada no Parque Maur\u00edlio Biagi, em Ribeir\u00e3o Preto (Foto: Guilherme Sircili\/CCS Ribeir\u00e3o Preto)\" class=\"wp-image-123433\" style=\"width:640px;height:auto\" title=\"Chuva derruba \u00e1rvore e interdita parque em Ribeir\u00e3o Preto 1\" srcset=\"https:\/\/cdn.media-acidadeon.com.br\/ribeiraopreto\/wp-content\/uploads\/sites\/3\/2025\/07\/parque-maurilio-biagi_2025-07-22_13-13-00-1024x683.webp 1024w, https:\/\/cdn.media-acidadeon.com.br\/ribeiraopreto\/wp-content\/uploads\/sites\/3\/2025\/07\/parque-maurilio-biagi_2025-07-22_13-13-00-300x200.webp 300w, https:\/\/cdn.media-acidadeon.com.br\/ribeiraopreto\/wp-content\/uploads\/sites\/3\/2025\/07\/parque-maurilio-biagi_2025-07-22_13-13-00-768x512.webp 768w, https:\/\/cdn.media-acidadeon.com.br\/ribeiraopreto\/wp-content\/uploads\/sites\/3\/2025\/07\/parque-maurilio-biagi_2025-07-22_13-13-00-696x464.webp 696w, https:\/\/cdn.media-acidadeon.com.br\/ribeiraopreto\/wp-content\/uploads\/sites\/3\/2025\/07\/parque-maurilio-biagi_2025-07-22_13-13-00-1068x712.webp 1068w, https:\/\/cdn.media-acidadeon.com.br\/ribeiraopreto\/wp-content\/uploads\/sites\/3\/2025\/07\/parque-maurilio-biagi_2025-07-22_13-13-00.webp 1200w\" sizes=\"(max-width: 1024px) 100vw, 1024px\"\/><figcaption class=\"wp-element-caption\">Parque Maur\u00edlio Biagi, em Ribeir\u00e3o Preto (Foto: Guilherme Sircili\/CCS Ribeir\u00e3o Preto)<\/figcaption><\/figure>\n<\/div>\n<h3 class=\"wp-block-heading\"><strong>Chuva e ventos fortes<\/strong><\/h3>\n<p>De acordo com as informa\u00e7\u00f5es da <strong>Defesa Civil<\/strong>, <mark style=\"background-color:#fcb900\" class=\"has-inline-color\">foram registradas <strong>rajadas de vento de aproximadamente 70 km\/h no munic\u00edpio<\/strong> durante a chuva. <\/mark>At\u00e9 o momento, os acumulados ficaram na casa dos 20 mil\u00edmetros.<\/p>\n<p>Segundo comunicado emitido pela<strong>\u00a0RP Mobi<\/strong>\u00a0\u00e0s 17h05, a\u00a0<strong>Opera\u00e7\u00e3o Chuva<\/strong>\u00a0registrou, at\u00e9 o momento, as seguintes ocorr\u00eancias<\/p>\n<ul class=\"wp-block-list\">\n<li><strong>\u00c1rvore sobre a via, queda de \u00e1rvore sobre fios e fios em curto<\/strong>\u00a0\u2013 rua Maestro In\u00e1cio St\u00e1bile, 871 \u2013 Alto da Boa Vista<\/li>\n<\/ul>\n<ul class=\"wp-block-list\">\n<li><strong>Fios baixos na via\u00a0<\/strong>\u2013 rua S\u00e3o Salvador, 1210 \u2013 Sumarezinho<\/li>\n<\/ul>\n<ul class=\"wp-block-list\">\n<li><strong>\u00c1rvore sobre a via<\/strong>\u00a0\u2013 avenida Eduardo Andrea Matarazzo (Via Norte) com rua Coronel Am\u00e9rico Batista (interdi\u00e7\u00e3o de duas faixas de rolagem da avenida)<\/li>\n<\/ul>\n<p>A chuva que atingiu\u00a0<strong>Ribeir\u00e3o Preto<\/strong>\u00a0na tarde desta quarta-feira tamb\u00e9m provocou um alagamento na avenida Ant\u00f4nio e Helena Zerrener. Por conta do acumulo de \u00e1gua, os motoristas ficaram com dificuldades para trafegar pr\u00f3ximo do cruzamento com a rua Monte Alegre \u2013 clique aqui para saber mais.<\/p>\n<hr class=\"wp-block-separator has-alpha-channel-opacity\"\/>\n<p>SAIBA MAIS<\/p>\n<p>Temporal provoca alagamento em avenida de Ribeir\u00e3o Preto; Veja o v\u00eddeo<\/p>\n<h2 class=\"wp-block-heading\"><strong>FIQUE ON<\/strong><\/h2>\n<p>Fique ligado em tudo que acontece em Ribeir\u00e3o Preto e regi\u00e3o. Siga os perfis do<strong>\u00a0acidade on<\/strong>\u00a0no<a href=\"https:\/\/www.instagram.com\/acidadeonribeirao\" target=\"_blank\" rel=\"noreferrer noopener\">\u00a0Instagram<\/a>\u00a0e no\u00a0<a href=\"https:\/\/www.facebook.com\/acidadeonribeirao\/\" target=\"_blank\" rel=\"noreferrer noopener\">Facebook<\/a>.<\/p>\n<p>Receba not\u00edcias do<strong>\u00a0acidade on\u00a0<\/strong>no WhatsApp. Para entrar no grupo,\u00a0basta\u00a0<a href=\"https:\/\/chat.whatsapp.com\/I4nieTEMKlf50pJ28aMemC?mode=ac_t\" target=\"_blank\" rel=\"noreferrer noopener\">clicar aqui<\/a>. Ou, acesse o nosso\u00a0Canal\u00a0<a href=\"https:\/\/whatsapp.com\/channel\/0029Vb6IQl1JENyAeS57fk2p\" target=\"_blank\" rel=\"noreferrer noopener\">clicando aqui<\/a>.<\/p>\n<p>Fa\u00e7a uma den\u00fancia ou sugira uma reportagem sobre Ribeir\u00e3o Preto e regi\u00e3o pelo WhatsApp: 16 99117 7802.<\/p>\n<p>VEJA TAMB\u00c9M<br \/>Salada X Molho: Qual a diferen\u00e7a dos dois tipos de tomate?<\/p>\n<p><!-- AI CONTENT END 1 -->\n<\/div>\n<\/div>\n<p><script async src=\"\/\/www.instagram.com\/embed.js\"><\/script><br \/>\n<br \/><br \/>\n<br \/><a href=\"https:\/\/www.acidadeon.com\/ribeiraopreto\/cotidiano\/chuva-derruba-arvore-e-interdita-parque-em-ribeirao-preto\/\">Source link <\/a><\/p>\n<!-- CONTENT END 1 -->\n","protected":false},"excerpt":{"rendered":"<p>A chuva forte que atingiu Ribeir\u00e3o Preto nesta quarta-feira (3) derrubou uma \u00e1rvore de grande porte no Parque Maur\u00edlio Biagi e levou \u00e0 interdi\u00e7\u00e3o tempor\u00e1ria&#8230;<\/p>\n","protected":false},"author":1,"featured_media":80460,"comment_status":"open","ping_status":"open","sticky":false,"template":"","format":"standard","meta":{"advanced_seo_description":"","jetpack_seo_html_title":"","jetpack_seo_noindex":false,"jetpack_post_was_ever_published":false,"_jetpack_newsletter_access":"","_jetpack_dont_email_post_to_subs":false,"_jetpack_newsletter_tier_id":0,"_jetpack_memberships_contains_paywalled_content":false,"_jetpack_memberships_contains_paid_content":false,"footnotes":"","jetpack_publicize_message":"","jetpack_publicize_feature_enabled":true,"jetpack_social_post_already_shared":true,"jetpack_social_options":{"image_generator_settings":{"template":"highway","default_image_id":0,"font":"","enabled":false},"version":2}},"categories":[11],"tags":[],"class_list":["post-80459","post","type-post","status-publish","format-standard","has-post-thumbnail","hentry","category-noticias-de-ribeirao-preto-sp-e-regiao-ismael-colosi"],"jetpack_publicize_connections":[],"jetpack_featured_media_url":"https:\/\/i0.wp.com\/noticiasribeiraopreto.com.br\/wp-content\/uploads\/2025\/12\/image_2025-12-03_23-08-52.webp.webp?fit=1200%2C675&ssl=1","jetpack-related-posts":[{"id":60674,"url":"https:\/\/noticiasribeiraopreto.com.br\/index.php\/2024\/11\/21\/arvore-cai-e-interdita-via-de-ribeirao-preto\/","url_meta":{"origin":80459,"position":0},"title":"\u00c1rvore cai e interdita via de Ribeir\u00e3o Preto","author":"noticiasribeiraopreto.com.br","date":"21 de November de 2024","format":false,"excerpt":"Uma \u00e1rvore caiu na tarde desta quinta-feira (21), na avenida Bandeirantes, pr\u00f3ximo a USP, em Ribeir\u00e3o Preto. Por conta da queda, a via precisou ser interditada por um tempo. Equipe da concession\u00e1ria esteve no local para realizar a retirada da \u00e1rvore e liberar o tr\u00e1fego. Nenhum acidente foi registrado e\u2026","rel":"","context":"In &quot;Not\u00edcias de Ribeir\u00e3o Preto-SP e Regi\u00e3o&quot;","block_context":{"text":"Not\u00edcias de Ribeir\u00e3o Preto-SP e Regi\u00e3o","link":"https:\/\/noticiasribeiraopreto.com.br\/index.php\/category\/noticias-de-ribeirao-preto-sp-e-regiao-ismael-colosi\/"},"img":{"alt_text":"","src":"https:\/\/i0.wp.com\/noticiasribeiraopreto.com.br\/wp-content\/uploads\/2024\/11\/Copia-de-Copia-de-Copia-de-TAMANHO-EXATO-PARA-FOTOS-NO-SISTEMA-NOVO-2024-11-21T164156.858_2024-11-21_19-42-09_png_2024-11-21_19-42-09.webp.webp?fit=1200%2C675&ssl=1&resize=350%2C200","width":350,"height":200,"srcset":"https:\/\/i0.wp.com\/noticiasribeiraopreto.com.br\/wp-content\/uploads\/2024\/11\/Copia-de-Copia-de-Copia-de-TAMANHO-EXATO-PARA-FOTOS-NO-SISTEMA-NOVO-2024-11-21T164156.858_2024-11-21_19-42-09_png_2024-11-21_19-42-09.webp.webp?fit=1200%2C675&ssl=1&resize=350%2C200 1x, https:\/\/i0.wp.com\/noticiasribeiraopreto.com.br\/wp-content\/uploads\/2024\/11\/Copia-de-Copia-de-Copia-de-TAMANHO-EXATO-PARA-FOTOS-NO-SISTEMA-NOVO-2024-11-21T164156.858_2024-11-21_19-42-09_png_2024-11-21_19-42-09.webp.webp?fit=1200%2C675&ssl=1&resize=525%2C300 1.5x, https:\/\/i0.wp.com\/noticiasribeiraopreto.com.br\/wp-content\/uploads\/2024\/11\/Copia-de-Copia-de-Copia-de-TAMANHO-EXATO-PARA-FOTOS-NO-SISTEMA-NOVO-2024-11-21T164156.858_2024-11-21_19-42-09_png_2024-11-21_19-42-09.webp.webp?fit=1200%2C675&ssl=1&resize=700%2C400 2x, https:\/\/i0.wp.com\/noticiasribeiraopreto.com.br\/wp-content\/uploads\/2024\/11\/Copia-de-Copia-de-Copia-de-TAMANHO-EXATO-PARA-FOTOS-NO-SISTEMA-NOVO-2024-11-21T164156.858_2024-11-21_19-42-09_png_2024-11-21_19-42-09.webp.webp?fit=1200%2C675&ssl=1&resize=1050%2C600 3x"},"classes":[]},{"id":80830,"url":"https:\/\/noticiasribeiraopreto.com.br\/index.php\/2025\/12\/14\/parques-municipais-de-ribeirao-preto-estao-fechados-apos-chuva-intensa\/","url_meta":{"origin":80459,"position":1},"title":"Parques municipais de Ribeir\u00e3o Preto est\u00e3o fechados ap\u00f3s chuva intensa","author":"noticiasribeiraopreto.com.br","date":"14 de December de 2025","format":false,"excerpt":"As chuvas intensas registradas ao longo do fim de semana levaram ao fechamento dos parques municipais de Ribeir\u00e3o Preto neste domingo (14). A suspens\u00e3o do funcionamento busca reduzir riscos aos frequentadores. Quando os parques reabrem? De acordo com a Prefeitura, nesta segunda-feira (15), equipes t\u00e9cnicas realizam uma avalia\u00e7\u00e3o nas \u00e1reas\u2026","rel":"","context":"In &quot;Not\u00edcias de Ribeir\u00e3o Preto-SP e Regi\u00e3o&quot;","block_context":{"text":"Not\u00edcias de Ribeir\u00e3o Preto-SP e Regi\u00e3o","link":"https:\/\/noticiasribeiraopreto.com.br\/index.php\/category\/noticias-de-ribeirao-preto-sp-e-regiao-ismael-colosi\/"},"img":{"alt_text":"","src":"https:\/\/i0.wp.com\/noticiasribeiraopreto.com.br\/wp-content\/uploads\/2025\/10\/parque-olhos-agua_2025-10-01_20-06-07.webp.webp?fit=1200%2C800&ssl=1&resize=350%2C200","width":350,"height":200,"srcset":"https:\/\/i0.wp.com\/noticiasribeiraopreto.com.br\/wp-content\/uploads\/2025\/10\/parque-olhos-agua_2025-10-01_20-06-07.webp.webp?fit=1200%2C800&ssl=1&resize=350%2C200 1x, https:\/\/i0.wp.com\/noticiasribeiraopreto.com.br\/wp-content\/uploads\/2025\/10\/parque-olhos-agua_2025-10-01_20-06-07.webp.webp?fit=1200%2C800&ssl=1&resize=525%2C300 1.5x, https:\/\/i0.wp.com\/noticiasribeiraopreto.com.br\/wp-content\/uploads\/2025\/10\/parque-olhos-agua_2025-10-01_20-06-07.webp.webp?fit=1200%2C800&ssl=1&resize=700%2C400 2x, https:\/\/i0.wp.com\/noticiasribeiraopreto.com.br\/wp-content\/uploads\/2025\/10\/parque-olhos-agua_2025-10-01_20-06-07.webp.webp?fit=1200%2C800&ssl=1&resize=1050%2C600 3x"},"classes":[]},{"id":59493,"url":"https:\/\/noticiasribeiraopreto.com.br\/index.php\/2024\/10\/24\/chuva-e-ventos-fortes-causam-quedas-de-arvores-em-ribeirao-veja-os-locais\/","url_meta":{"origin":80459,"position":2},"title":"Chuva e ventos fortes causam quedas de \u00e1rvores em Ribeir\u00e3o; Veja os locais","author":"noticiasribeiraopreto.com.br","date":"24 de October de 2024","format":false,"excerpt":"A chuva e os ventos fortes que atingiram Ribeir\u00e3o Preto, na tarde desta quinta-feira (24), ressultaram em danos e quedas de \u00e1rvores em alguns pontos da cidade. De acordo com a Defesa Civil, tr\u00eas locais registraram quedas de \u00e1rvores. Apesar dos transtornos, n\u00e3o houveram interdi\u00e7\u00f5es e ningu\u00e9m ficou ferido. Confira\u2026","rel":"","context":"In &quot;Not\u00edcias de Ribeir\u00e3o Preto-SP e Regi\u00e3o&quot;","block_context":{"text":"Not\u00edcias de Ribeir\u00e3o Preto-SP e Regi\u00e3o","link":"https:\/\/noticiasribeiraopreto.com.br\/index.php\/category\/noticias-de-ribeirao-preto-sp-e-regiao-ismael-colosi\/"},"img":{"alt_text":"","src":"https:\/\/i0.wp.com\/noticiasribeiraopreto.com.br\/wp-content\/uploads\/2024\/10\/Copia-de-Copia-de-Copia-de-TAMANHO-EXATO-PARA-FOTOS-NO-SISTEMA-NOVO-41_2024-10-24_20-41-12_png_2024-10-24_20-41-12.webp.webp?fit=1200%2C675&ssl=1&resize=350%2C200","width":350,"height":200,"srcset":"https:\/\/i0.wp.com\/noticiasribeiraopreto.com.br\/wp-content\/uploads\/2024\/10\/Copia-de-Copia-de-Copia-de-TAMANHO-EXATO-PARA-FOTOS-NO-SISTEMA-NOVO-41_2024-10-24_20-41-12_png_2024-10-24_20-41-12.webp.webp?fit=1200%2C675&ssl=1&resize=350%2C200 1x, https:\/\/i0.wp.com\/noticiasribeiraopreto.com.br\/wp-content\/uploads\/2024\/10\/Copia-de-Copia-de-Copia-de-TAMANHO-EXATO-PARA-FOTOS-NO-SISTEMA-NOVO-41_2024-10-24_20-41-12_png_2024-10-24_20-41-12.webp.webp?fit=1200%2C675&ssl=1&resize=525%2C300 1.5x, https:\/\/i0.wp.com\/noticiasribeiraopreto.com.br\/wp-content\/uploads\/2024\/10\/Copia-de-Copia-de-Copia-de-TAMANHO-EXATO-PARA-FOTOS-NO-SISTEMA-NOVO-41_2024-10-24_20-41-12_png_2024-10-24_20-41-12.webp.webp?fit=1200%2C675&ssl=1&resize=700%2C400 2x, https:\/\/i0.wp.com\/noticiasribeiraopreto.com.br\/wp-content\/uploads\/2024\/10\/Copia-de-Copia-de-Copia-de-TAMANHO-EXATO-PARA-FOTOS-NO-SISTEMA-NOVO-41_2024-10-24_20-41-12_png_2024-10-24_20-41-12.webp.webp?fit=1200%2C675&ssl=1&resize=1050%2C600 3x"},"classes":[]},{"id":83426,"url":"https:\/\/noticiasribeiraopreto.com.br\/index.php\/2026\/03\/18\/bosque-e-parque-sao-fechados-temporariamente-apos-fortes-chuvas-em-ribeirao-preto\/","url_meta":{"origin":80459,"position":3},"title":"Bosque e parque s\u00e3o fechados temporariamente ap\u00f3s fortes chuvas em Ribeir\u00e3o Preto","author":"noticiasribeiraopreto.com.br","date":"18 de March de 2026","format":false,"excerpt":"O Bosque Zool\u00f3gico F\u00e1bio Barreto e o Parque Curupira foram fechados temporariamente para visita\u00e7\u00e3o, depois do temporal que atingiu Ribeir\u00e3o Preto na tarde desta ter\u00e7a-feira (17). Segundo a Prefeitura de Ribeir\u00e3o Preto, equipes t\u00e9cnicas e de manuten\u00e7\u00e3o iniciaram uma for\u00e7a-tarefa para limpeza e reparos emergenciais nos dois espa\u00e7os p\u00fablicos, pois\u2026","rel":"","context":"In &quot;Not\u00edcias de Ribeir\u00e3o Preto-SP e Regi\u00e3o&quot;","block_context":{"text":"Not\u00edcias de Ribeir\u00e3o Preto-SP e Regi\u00e3o","link":"https:\/\/noticiasribeiraopreto.com.br\/index.php\/category\/noticias-de-ribeirao-preto-sp-e-regiao-ismael-colosi\/"},"img":{"alt_text":"","src":"https:\/\/i0.wp.com\/noticiasribeiraopreto.com.br\/wp-content\/uploads\/2026\/03\/WhatsApp-Image-2025-11-08-at-14.23.19_2025-11-08_17-24-00.webp.webp?fit=852%2C429&ssl=1&resize=350%2C200","width":350,"height":200,"srcset":"https:\/\/i0.wp.com\/noticiasribeiraopreto.com.br\/wp-content\/uploads\/2026\/03\/WhatsApp-Image-2025-11-08-at-14.23.19_2025-11-08_17-24-00.webp.webp?fit=852%2C429&ssl=1&resize=350%2C200 1x, https:\/\/i0.wp.com\/noticiasribeiraopreto.com.br\/wp-content\/uploads\/2026\/03\/WhatsApp-Image-2025-11-08-at-14.23.19_2025-11-08_17-24-00.webp.webp?fit=852%2C429&ssl=1&resize=525%2C300 1.5x, https:\/\/i0.wp.com\/noticiasribeiraopreto.com.br\/wp-content\/uploads\/2026\/03\/WhatsApp-Image-2025-11-08-at-14.23.19_2025-11-08_17-24-00.webp.webp?fit=852%2C429&ssl=1&resize=700%2C400 2x"},"classes":[]},{"id":80998,"url":"https:\/\/noticiasribeiraopreto.com.br\/index.php\/2025\/12\/20\/ribeirao-preto-registra-ponto-de-alagamento-e-queda-de-arvore-nesta-sexta-feira\/","url_meta":{"origin":80459,"position":4},"title":"Ribeir\u00e3o Preto registra ponto de alagamento e queda de \u00e1rvore nesta sexta-feira","author":"noticiasribeiraopreto.com.br","date":"20 de December de 2025","format":false,"excerpt":"Por conta da chuva que atinge Ribeir\u00e3o Preto nesta sexta-feira (19), foi registrado um ponto de alagamento no cruzamento da rua S\u00e3o Francisco com a Raul Pompeia. Al\u00e9m disso, tamb\u00e9m foi registrada a queda de uma \u00e1rvore na Vila Albertina. Interdi\u00e7\u00e3o Segundo a RP Mobi, o cruzamento da rua S\u00e3o\u2026","rel":"","context":"In &quot;Not\u00edcias de Ribeir\u00e3o Preto-SP e Regi\u00e3o&quot;","block_context":{"text":"Not\u00edcias de Ribeir\u00e3o Preto-SP e Regi\u00e3o","link":"https:\/\/noticiasribeiraopreto.com.br\/index.php\/category\/noticias-de-ribeirao-preto-sp-e-regiao-ismael-colosi\/"},"img":{"alt_text":"","src":"https:\/\/i0.wp.com\/noticiasribeiraopreto.com.br\/wp-content\/uploads\/2025\/12\/rua-sao-francisco_2025-12-19_18-42-42.webp.webp?fit=1200%2C812&ssl=1&resize=350%2C200","width":350,"height":200,"srcset":"https:\/\/i0.wp.com\/noticiasribeiraopreto.com.br\/wp-content\/uploads\/2025\/12\/rua-sao-francisco_2025-12-19_18-42-42.webp.webp?fit=1200%2C812&ssl=1&resize=350%2C200 1x, https:\/\/i0.wp.com\/noticiasribeiraopreto.com.br\/wp-content\/uploads\/2025\/12\/rua-sao-francisco_2025-12-19_18-42-42.webp.webp?fit=1200%2C812&ssl=1&resize=525%2C300 1.5x, https:\/\/i0.wp.com\/noticiasribeiraopreto.com.br\/wp-content\/uploads\/2025\/12\/rua-sao-francisco_2025-12-19_18-42-42.webp.webp?fit=1200%2C812&ssl=1&resize=700%2C400 2x, https:\/\/i0.wp.com\/noticiasribeiraopreto.com.br\/wp-content\/uploads\/2025\/12\/rua-sao-francisco_2025-12-19_18-42-42.webp.webp?fit=1200%2C812&ssl=1&resize=1050%2C600 3x"},"classes":[]},{"id":25724,"url":"https:\/\/noticiasribeiraopreto.com.br\/index.php\/2024\/01\/08\/predio-e-interditado-apos-temporal-em-ribeirao-preto-transito-conta-com-bloqueios\/","url_meta":{"origin":80459,"position":5},"title":"Pr\u00e9dio \u00e9 interditado ap\u00f3s temporal em Ribeir\u00e3o Preto; Tr\u00e2nsito conta com bloqueios","author":"noticiasribeiraopreto.com.br","date":"8 de January de 2024","format":false,"excerpt":"Um pr\u00e9dio no Parque dos Lagos, na zona Leste de Ribeir\u00e3o Preto, foi interditado pela Defesa Civil na madrugada desta segunda-feira (8) ap\u00f3s o temporal que atingiu a cidade no final da tarde de domingo (7). Segundo a Prefeitura de Ribeir\u00e3o Preto, engenheiros ser\u00e3o enviados ao local para vistoriar o\u2026","rel":"","context":"In &quot;Not\u00edcias de Ribeir\u00e3o Preto-SP e Regi\u00e3o&quot;","block_context":{"text":"Not\u00edcias de Ribeir\u00e3o Preto-SP e Regi\u00e3o","link":"https:\/\/noticiasribeiraopreto.com.br\/index.php\/category\/noticias-de-ribeirao-preto-sp-e-regiao-ismael-colosi\/"},"img":{"alt_text":"","src":"https:\/\/i0.wp.com\/noticiasribeiraopreto.com.br\/wp-content\/uploads\/2024\/01\/queda-de-arvore-ribeirao-preto.jpeg?fit=1200%2C675&ssl=1&resize=350%2C200","width":350,"height":200,"srcset":"https:\/\/i0.wp.com\/noticiasribeiraopreto.com.br\/wp-content\/uploads\/2024\/01\/queda-de-arvore-ribeirao-preto.jpeg?fit=1200%2C675&ssl=1&resize=350%2C200 1x, https:\/\/i0.wp.com\/noticiasribeiraopreto.com.br\/wp-content\/uploads\/2024\/01\/queda-de-arvore-ribeirao-preto.jpeg?fit=1200%2C675&ssl=1&resize=525%2C300 1.5x, https:\/\/i0.wp.com\/noticiasribeiraopreto.com.br\/wp-content\/uploads\/2024\/01\/queda-de-arvore-ribeirao-preto.jpeg?fit=1200%2C675&ssl=1&resize=700%2C400 2x, https:\/\/i0.wp.com\/noticiasribeiraopreto.com.br\/wp-content\/uploads\/2024\/01\/queda-de-arvore-ribeirao-preto.jpeg?fit=1200%2C675&ssl=1&resize=1050%2C600 3x"},"classes":[]}],"jetpack_sharing_enabled":true,"jetpack_shortlink":"https:\/\/wp.me\/peQAOb-kVJ","_links":{"self":[{"href":"https:\/\/noticiasribeiraopreto.com.br\/index.php\/wp-json\/wp\/v2\/posts\/80459","targetHints":{"allow":["GET"]}}],"collection":[{"href":"https:\/\/noticiasribeiraopreto.com.br\/index.php\/wp-json\/wp\/v2\/posts"}],"about":[{"href":"https:\/\/noticiasribeiraopreto.com.br\/index.php\/wp-json\/wp\/v2\/types\/post"}],"author":[{"embeddable":true,"href":"https:\/\/noticiasribeiraopreto.com.br\/index.php\/wp-json\/wp\/v2\/users\/1"}],"replies":[{"embeddable":true,"href":"https:\/\/noticiasribeiraopreto.com.br\/index.php\/wp-json\/wp\/v2\/comments?post=80459"}],"version-history":[{"count":0,"href":"https:\/\/noticiasribeiraopreto.com.br\/index.php\/wp-json\/wp\/v2\/posts\/80459\/revisions"}],"wp:featuredmedia":[{"embeddable":true,"href":"https:\/\/noticiasribeiraopreto.com.br\/index.php\/wp-json\/wp\/v2\/media\/80460"}],"wp:attachment":[{"href":"https:\/\/noticiasribeiraopreto.com.br\/index.php\/wp-json\/wp\/v2\/media?parent=80459"}],"wp:term":[{"taxonomy":"category","embeddable":true,"href":"https:\/\/noticiasribeiraopreto.com.br\/index.php\/wp-json\/wp\/v2\/categories?post=80459"},{"taxonomy":"post_tag","embeddable":true,"href":"https:\/\/noticiasribeiraopreto.com.br\/index.php\/wp-json\/wp\/v2\/tags?post=80459"}],"curies":[{"name":"wp","href":"https:\/\/api.w.org\/{rel}","templated":true}]}}