{"id":80461,"date":"2025-12-03T21:46:20","date_gmt":"2025-12-04T00:46:20","guid":{"rendered":"https:\/\/noticiasribeiraopreto.com.br\/index.php\/2025\/12\/03\/obras-de-pontes-estao-paradas-em-ribeirao-preto-saiba-o-que-travou-os-projetos\/"},"modified":"2025-12-03T21:46:20","modified_gmt":"2025-12-04T00:46:20","slug":"obras-de-pontes-estao-paradas-em-ribeirao-preto-saiba-o-que-travou-os-projetos","status":"publish","type":"post","link":"https:\/\/noticiasribeiraopreto.com.br\/index.php\/2025\/12\/03\/obras-de-pontes-estao-paradas-em-ribeirao-preto-saiba-o-que-travou-os-projetos\/","title":{"rendered":"Obras de pontes est\u00e3o paradas em Ribeir\u00e3o Preto; saiba o que travou os projetos"},"content":{"rendered":"<div class='code-block code-block-1' style='margin: 8px 0 8px auto; text-align: right; display: block; clear: both;'>\n<p><a href=\"https:\/\/wa.link\/vpicfd\"><img data-recalc-dims=\"1\" class=\"wp-image-4922\" style=\"aspect-ratio: 2.0253164556962027; width: 561px; height: auto;\" src=\"https:\/\/i0.wp.com\/ismaelcolosi.com.br\/wp-content\/uploads\/2023\/11\/grupo-de-empregos-whatsapp-e-facebook-ismael-colosi-vagas.jpg?ssl=1\" alt=\"\" \/><\/a><\/p>\n<!-- \/wp:image -->\n<\/div>\n<p> <br \/>\n<\/p>\n<div>\n<p>As obras das pontes que ligariam a <strong>Via Norte \u00e0 avenida Rio Pardo<\/strong> e a <strong>avenida Presidente Kennedy \u00e0 Alzira Couto Machado<\/strong>, no Retiro Saudoso, est\u00e3o paradas desde o primeiro semestre deste ano. Os dois projetos come\u00e7aram a ser licitados em julho de 2024, e a empresa vencedora, a <strong>Alcala Engenharia Ltda.<\/strong>, montou os canteiros de obras nos endere\u00e7os previstos. Mesmo assim, nenhum avan\u00e7o ocorreu depois dos primeiros meses.<\/p>\n<p>A construtora pediu aditivos financeiros para continuar o servi\u00e7o, mas a <strong>Prefeitura de Ribeir\u00e3o Preto rejeitou o pedido<\/strong>. Segundo o secret\u00e1rio de Obras P\u00fablicas, <strong>Walter Telli<\/strong>, o munic\u00edpio n\u00e3o aceitou pagar valores extras. <\/p>\n<figure class=\"wp-block-pullquote\">\n<blockquote>\n<p><strong>A prefeitura decidiu n\u00e3o pagar o valor a mais que era pedido<\/strong><\/p>\n<p><cite><strong> afirmou o secret\u00e1rio.<\/strong><\/cite><\/p><\/blockquote>\n<\/figure>\n<h2 class=\"wp-block-heading\"><strong>Empresa cobra preju\u00edzo e leva o caso \u00e0 Justi\u00e7a<\/strong><\/h2>\n<p>Ap\u00f3s a negativa, a Alcala Engenharia acionou a Justi\u00e7a e entrou com <strong>duas a\u00e7\u00f5es<\/strong> pedindo a rescis\u00e3o dos contratos. Os processos tramitam na <strong>1\u00aa e 2\u00aa Vara da Fazenda P\u00fablica de Ribeir\u00e3o Preto<\/strong>.<\/p>\n<p>Em uma das a\u00e7\u00f5es, a empresa declara preju\u00edzo de <strong>R$ 85.652,29<\/strong>, valor que inclui custos com m\u00e3o de obra ociosa, materiais estocados e pagamentos que, segundo a construtora, n\u00e3o foram quitados. A defesa afirma que a situa\u00e7\u00e3o \u201ccompromete a sa\u00fade financeira\u201d da empresa.<\/p>\n<figure class=\"wp-block-image aligncenter size-full\"><img data-recalc-dims=\"1\" fetchpriority=\"high\" decoding=\"async\" width=\"1000\" height=\"666\" src=\"https:\/\/i0.wp.com\/cdn.media-acidadeon.com.br\/ribeiraopreto\/wp-content\/uploads\/sites\/3\/2025\/12\/image_2025-12-03_22-22-14.webp?resize=1000%2C666&#038;ssl=1\" alt=\"Projeto de ponte na Via Norte ligando a avenida Rio Pardo (Foto: divulga\u00e7\u00e3o\/CCS Ribeir\u00e3o Preto)&#10;\" class=\"wp-image-138180\" title=\"Obras de pontes est\u00e3o paradas em Ribeir\u00e3o Preto; saiba o que travou os projetos 1\" srcset=\"https:\/\/cdn.media-acidadeon.com.br\/ribeiraopreto\/wp-content\/uploads\/sites\/3\/2025\/12\/image_2025-12-03_22-22-14.webp 1000w, https:\/\/cdn.media-acidadeon.com.br\/ribeiraopreto\/wp-content\/uploads\/sites\/3\/2025\/12\/image_2025-12-03_22-22-14-300x200.webp 300w, https:\/\/cdn.media-acidadeon.com.br\/ribeiraopreto\/wp-content\/uploads\/sites\/3\/2025\/12\/image_2025-12-03_22-22-14-768x511.webp 768w, https:\/\/cdn.media-acidadeon.com.br\/ribeiraopreto\/wp-content\/uploads\/sites\/3\/2025\/12\/image_2025-12-03_22-22-14-696x464.webp 696w\" sizes=\"(max-width: 1000px) 100vw, 1000px\"\/><\/figure>\n<h2 class=\"wp-block-heading\"><strong>Valores das obras<\/strong><\/h2>\n<p>A ponte entre as avenidas Presidente Kennedy e Alzira Couto Machado tem or\u00e7amento de <strong>R$ 2.608.100,71<\/strong>, com previs\u00e3o inicial de entrega em sete meses.<br \/>A ponte da Via Norte, que faria a conex\u00e3o direta com a avenida Rio Pardo, foi licitada por <strong>R$ 2.558.395,48<\/strong>, com prazo de oito meses.<\/p>\n<p>Em abril, a Prefeitura informou que o projeto da ponte da Via Norte precisaria de ajustes por causa da interfer\u00eancia de uma rede de esgoto na regi\u00e3o.<\/p>\n<p>Em julho, o prefeito <strong>Ricardo Silva (PSD)<\/strong> confirmou que a construtora pediu <strong>R$ 700 mil<\/strong> em aditivos somados nos dois contratos. Ele afirmou que o munic\u00edpio deve romper o acordo.<\/p>\n<figure class=\"wp-block-pullquote\">\n<blockquote>\n<p>Vamos relicitar a obra, vamos cancelar esse contrato. Com essa construtora vai ser dif\u00edcil continuar<\/p>\n<p><cite> declarou \u00e0 R\u00e1dio CBN Ribeir\u00e3o.<\/cite><\/p><\/blockquote>\n<\/figure>\n<p>Com o impasse, as duas pontes seguem sem previs\u00e3o de retomada.<\/p>\n<hr class=\"wp-block-separator has-alpha-channel-opacity\"\/>\n<p>SAIBA MAIS<\/p>\n<p>Catedral de Ribeir\u00e3o Preto recebe concerto especial de Natal no final de semana<\/p>\n<h2 class=\"wp-block-heading\"><strong>FIQUE ON<\/strong><\/h2>\n<p>Fique ligado em tudo que acontece em Ribeir\u00e3o Preto e regi\u00e3o. Siga os perfis do\u00a0<strong>acidade on<\/strong>\u00a0no\u00a0<a href=\"https:\/\/www.instagram.com\/acidadeonribeirao\" target=\"_blank\" rel=\"noreferrer noopener\">Instagram<\/a>\u00a0e no\u00a0<a href=\"https:\/\/www.facebook.com\/acidadeonribeirao\/\" target=\"_blank\" rel=\"noreferrer noopener\">Facebook<\/a>.<\/p>\n<p>Receba not\u00edcias do\u00a0<strong>acidade on\u00a0<\/strong>no WhatsApp. Para entrar no grupo,\u00a0basta<a href=\"https:\/\/chat.whatsapp.com\/I4nieTEMKlf50pJ28aMemC?mode=ac_t\" target=\"_blank\" rel=\"noreferrer noopener\">\u00a0clicar aqui<\/a>. Ou, acesse o nosso\u00a0Canal\u00a0<a href=\"https:\/\/whatsapp.com\/channel\/0029Vb6IQl1JENyAeS57fk2p\" target=\"_blank\" rel=\"noreferrer noopener\">clicando aqui<\/a>.Fa\u00e7a uma den\u00fancia ou sugira uma reportagem sobre Ribeir\u00e3o Preto e regi\u00e3o pelo WhatsApp: 16 99117 7802.<\/p>\n<p>VEJA TAMB\u00c9M<\/p>\n<p>Como fazer crunch cake?<\/p>\n<p><!-- AI CONTENT END 1 -->\n<\/div>\n<p><script async src=\"\/\/www.instagram.com\/embed.js\"><\/script><br \/>\n<br \/><br \/>\n<br \/><a href=\"https:\/\/www.acidadeon.com\/ribeiraopreto\/politica\/obras-de-pontes-estao-paradas-em-ribeirao-preto-saiba-o-que-travou-os-projetos\/\">Source link <\/a><\/p>\n<!-- CONTENT END 1 -->\n","protected":false},"excerpt":{"rendered":"<p>As obras das pontes que ligariam a Via Norte \u00e0 avenida Rio Pardo e a avenida Presidente Kennedy \u00e0 Alzira Couto Machado, no Retiro Saudoso,&#8230;<\/p>\n","protected":false},"author":1,"featured_media":76993,"comment_status":"open","ping_status":"open","sticky":false,"template":"","format":"standard","meta":{"advanced_seo_description":"","jetpack_seo_html_title":"","jetpack_seo_noindex":false,"jetpack_post_was_ever_published":false,"_jetpack_newsletter_access":"","_jetpack_dont_email_post_to_subs":false,"_jetpack_newsletter_tier_id":0,"_jetpack_memberships_contains_paywalled_content":false,"_jetpack_memberships_contains_paid_content":false,"footnotes":"","jetpack_publicize_message":"","jetpack_publicize_feature_enabled":true,"jetpack_social_post_already_shared":true,"jetpack_social_options":{"image_generator_settings":{"template":"highway","default_image_id":0,"font":"","enabled":false},"version":2}},"categories":[11],"tags":[],"class_list":["post-80461","post","type-post","status-publish","format-standard","has-post-thumbnail","hentry","category-noticias-de-ribeirao-preto-sp-e-regiao-ismael-colosi"],"jetpack_publicize_connections":[],"jetpack_featured_media_url":"https:\/\/i0.wp.com\/noticiasribeiraopreto.com.br\/wp-content\/uploads\/2025\/09\/ponte-via-norte_2025-09-09_20-52-59.webp.webp?fit=1000%2C666&ssl=1","jetpack-related-posts":[{"id":76992,"url":"https:\/\/noticiasribeiraopreto.com.br\/index.php\/2025\/09\/09\/entenda-a-situacao-das-obras-paradas-de-pontes-em-ribeirao-preto\/","url_meta":{"origin":80461,"position":0},"title":"Entenda a situa\u00e7\u00e3o das obras paradas de pontes em Ribeir\u00e3o Preto","author":"noticiasribeiraopreto.com.br","date":"9 de September de 2025","format":false,"excerpt":"Esperadas para serem entregues ao mesmo tempo que as pontes entre as avenidas Le\u00e3o XIII e Carlos Consoni, em Ribeir\u00e3o Preto, as pontes previstas para serem constru\u00eddas na Via Norte e entre as avenidas Presidente Kennedy e Alzira Couto Machado ainda aguardam a Justi\u00e7a para terem o futuro definido. As\u2026","rel":"","context":"In &quot;Not\u00edcias de Ribeir\u00e3o Preto-SP e Regi\u00e3o&quot;","block_context":{"text":"Not\u00edcias de Ribeir\u00e3o Preto-SP e Regi\u00e3o","link":"https:\/\/noticiasribeiraopreto.com.br\/index.php\/category\/noticias-de-ribeirao-preto-sp-e-regiao-ismael-colosi\/"},"img":{"alt_text":"","src":"https:\/\/i0.wp.com\/noticiasribeiraopreto.com.br\/wp-content\/uploads\/2025\/09\/ponte-via-norte_2025-09-09_20-52-59.webp.webp?fit=1000%2C666&ssl=1&resize=350%2C200","width":350,"height":200,"srcset":"https:\/\/i0.wp.com\/noticiasribeiraopreto.com.br\/wp-content\/uploads\/2025\/09\/ponte-via-norte_2025-09-09_20-52-59.webp.webp?fit=1000%2C666&ssl=1&resize=350%2C200 1x, https:\/\/i0.wp.com\/noticiasribeiraopreto.com.br\/wp-content\/uploads\/2025\/09\/ponte-via-norte_2025-09-09_20-52-59.webp.webp?fit=1000%2C666&ssl=1&resize=525%2C300 1.5x, https:\/\/i0.wp.com\/noticiasribeiraopreto.com.br\/wp-content\/uploads\/2025\/09\/ponte-via-norte_2025-09-09_20-52-59.webp.webp?fit=1000%2C666&ssl=1&resize=700%2C400 2x"},"classes":[]},{"id":38533,"url":"https:\/\/noticiasribeiraopreto.com.br\/index.php\/2024\/02\/20\/prefeitura-de-ribeirao-faz-evento-na-nove-de-julho-mesmo-com-obras-paradas\/","url_meta":{"origin":80461,"position":1},"title":"Prefeitura de Ribeir\u00e3o faz evento na Nove de Julho mesmo com obras paradas","author":"noticiasribeiraopreto.com.br","date":"20 de February de 2024","format":false,"excerpt":"A Prefeitura de Ribeir\u00e3o Preto vai realizar no pr\u00f3ximo domingo (25), o Projeto \u201cVem pra Nove Cultural\u201d. O evento acontece das 9h \u00e0s 12h, entre as ruas Visconde de Inha\u00fama e Tibiri\u00e7\u00e1, trecho pr\u00f3ximo de onde as obras de revitaliza\u00e7\u00e3o e restaura\u00e7\u00e3o est\u00e3o paradas desde dezembro do ano passado. De\u2026","rel":"","context":"In &quot;Not\u00edcias de Ribeir\u00e3o Preto-SP e Regi\u00e3o&quot;","block_context":{"text":"Not\u00edcias de Ribeir\u00e3o Preto-SP e Regi\u00e3o","link":"https:\/\/noticiasribeiraopreto.com.br\/index.php\/category\/noticias-de-ribeirao-preto-sp-e-regiao-ismael-colosi\/"},"img":{"alt_text":"","src":"https:\/\/i0.wp.com\/noticiasribeiraopreto.com.br\/wp-content\/uploads\/2024\/02\/avenida-nove-de-julho-2.jpeg?fit=1200%2C675&ssl=1&resize=350%2C200","width":350,"height":200,"srcset":"https:\/\/i0.wp.com\/noticiasribeiraopreto.com.br\/wp-content\/uploads\/2024\/02\/avenida-nove-de-julho-2.jpeg?fit=1200%2C675&ssl=1&resize=350%2C200 1x, https:\/\/i0.wp.com\/noticiasribeiraopreto.com.br\/wp-content\/uploads\/2024\/02\/avenida-nove-de-julho-2.jpeg?fit=1200%2C675&ssl=1&resize=525%2C300 1.5x, https:\/\/i0.wp.com\/noticiasribeiraopreto.com.br\/wp-content\/uploads\/2024\/02\/avenida-nove-de-julho-2.jpeg?fit=1200%2C675&ssl=1&resize=700%2C400 2x, https:\/\/i0.wp.com\/noticiasribeiraopreto.com.br\/wp-content\/uploads\/2024\/02\/avenida-nove-de-julho-2.jpeg?fit=1200%2C675&ssl=1&resize=1050%2C600 3x"},"classes":[]},{"id":40239,"url":"https:\/\/noticiasribeiraopreto.com.br\/index.php\/2024\/03\/01\/camara-de-rp-quer-convocar-secretario\/","url_meta":{"origin":80461,"position":2},"title":"C\u00e2mara de RP quer convocar secret\u00e1rio \u00a0","author":"noticiasribeiraopreto.com.br","date":"1 de March de 2024","format":false,"excerpt":"1 de mar\u00e7o de 2024 | 17:301 de mar\u00e7o de 2024 | 16:07 0A C\u00e2mara de Ribeir\u00e3o Preto deve votar, nas pr\u00f3ximas sess\u00f5es, projeto de resolu\u00e7\u00e3o da Mesa Diretora que convoca o secret\u00e1rio municipal de Obras P\u00fablicas, Pedro Luiz Pegoraro, para prestar esclarecimentos aos parlamentares. Eles querem saber os motivos\u2026","rel":"","context":"In &quot;Not\u00edcias de Ribeir\u00e3o Preto-SP e Regi\u00e3o&quot;","block_context":{"text":"Not\u00edcias de Ribeir\u00e3o Preto-SP e Regi\u00e3o","link":"https:\/\/noticiasribeiraopreto.com.br\/index.php\/category\/noticias-de-ribeirao-preto-sp-e-regiao-ismael-colosi\/"},"img":{"alt_text":"","src":"https:\/\/i0.wp.com\/noticiasribeiraopreto.com.br\/wp-content\/uploads\/2024\/03\/PonteRP-Fernando-Gonzaga-scaled.jpg?fit=967%2C645&ssl=1&resize=350%2C200","width":350,"height":200,"srcset":"https:\/\/i0.wp.com\/noticiasribeiraopreto.com.br\/wp-content\/uploads\/2024\/03\/PonteRP-Fernando-Gonzaga-scaled.jpg?fit=967%2C645&ssl=1&resize=350%2C200 1x, https:\/\/i0.wp.com\/noticiasribeiraopreto.com.br\/wp-content\/uploads\/2024\/03\/PonteRP-Fernando-Gonzaga-scaled.jpg?fit=967%2C645&ssl=1&resize=525%2C300 1.5x, https:\/\/i0.wp.com\/noticiasribeiraopreto.com.br\/wp-content\/uploads\/2024\/03\/PonteRP-Fernando-Gonzaga-scaled.jpg?fit=967%2C645&ssl=1&resize=700%2C400 2x"},"classes":[]},{"id":42948,"url":"https:\/\/noticiasribeiraopreto.com.br\/index.php\/2024\/03\/18\/duas-empresas-se-interessam-por-obras-da-avenida-nove-de-julho-em-ribeirao-preto\/","url_meta":{"origin":80461,"position":3},"title":"Duas empresas se interessam por obras da avenida Nove de Julho em Ribeir\u00e3o Preto","author":"noticiasribeiraopreto.com.br","date":"18 de March de 2024","format":false,"excerpt":"A Prefeitura de Ribeir\u00e3o Preto iniciou nesta segunda-feira (18) o processo de licita\u00e7\u00e3o para a contrata\u00e7\u00e3o da nova empresa que concluir\u00e1 as obras de revitaliza\u00e7\u00e3o e restaura\u00e7\u00e3o da avenida Nove de Julho, em Ribeir\u00e3o Preto. As obras est\u00e3o paradas desde dezembro do ano passado. Segundo a administra\u00e7\u00e3o, as empresas participantes\u2026","rel":"","context":"In &quot;Not\u00edcias de Ribeir\u00e3o Preto-SP e Regi\u00e3o&quot;","block_context":{"text":"Not\u00edcias de Ribeir\u00e3o Preto-SP e Regi\u00e3o","link":"https:\/\/noticiasribeiraopreto.com.br\/index.php\/category\/noticias-de-ribeirao-preto-sp-e-regiao-ismael-colosi\/"},"img":{"alt_text":"","src":"https:\/\/i0.wp.com\/noticiasribeiraopreto.com.br\/wp-content\/uploads\/2024\/03\/WhatsApp-Image-2023-12-20-at-10.47.41-1024x576-1.jpeg?fit=1024%2C576&ssl=1&resize=350%2C200","width":350,"height":200,"srcset":"https:\/\/i0.wp.com\/noticiasribeiraopreto.com.br\/wp-content\/uploads\/2024\/03\/WhatsApp-Image-2023-12-20-at-10.47.41-1024x576-1.jpeg?fit=1024%2C576&ssl=1&resize=350%2C200 1x, https:\/\/i0.wp.com\/noticiasribeiraopreto.com.br\/wp-content\/uploads\/2024\/03\/WhatsApp-Image-2023-12-20-at-10.47.41-1024x576-1.jpeg?fit=1024%2C576&ssl=1&resize=525%2C300 1.5x, https:\/\/i0.wp.com\/noticiasribeiraopreto.com.br\/wp-content\/uploads\/2024\/03\/WhatsApp-Image-2023-12-20-at-10.47.41-1024x576-1.jpeg?fit=1024%2C576&ssl=1&resize=700%2C400 2x"},"classes":[]},{"id":43541,"url":"https:\/\/noticiasribeiraopreto.com.br\/index.php\/2024\/03\/21\/segunda-edicao-do-projeto-vem-pra-nove-cultural-acontece-em-ribeirao-no-domingo\/","url_meta":{"origin":80461,"position":4},"title":"Segunda edi\u00e7\u00e3o do projeto \u2018Vem pra Nove Cultural\u2019 acontece em Ribeir\u00e3o no domingo","author":"noticiasribeiraopreto.com.br","date":"21 de March de 2024","format":false,"excerpt":"A segunda edi\u00e7\u00e3o do projeto \u201cVem pra Nove Cultural\u201d realizado na avenida Nove de Julho , pela Prefeitura de Ribeir\u00e3o Preto, acontece no domingo (24). O evento ser\u00e1 das 9h \u00e0s 12h, entre as ruas Visconde Inha\u00fama e Tibiri\u00e7a, a poucos metros de onde as obras est\u00e3o paradas desde dezembro\u2026","rel":"","context":"In &quot;Not\u00edcias de Ribeir\u00e3o Preto-SP e Regi\u00e3o&quot;","block_context":{"text":"Not\u00edcias de Ribeir\u00e3o Preto-SP e Regi\u00e3o","link":"https:\/\/noticiasribeiraopreto.com.br\/index.php\/category\/noticias-de-ribeirao-preto-sp-e-regiao-ismael-colosi\/"},"img":{"alt_text":"","src":"https:\/\/i0.wp.com\/noticiasribeiraopreto.com.br\/wp-content\/uploads\/2024\/03\/Copia-de-Copia-de-TAMANHO-EXATO-PARA-FOTOS-NO-SISTEMA-NOVO-78.jpg?fit=1200%2C675&ssl=1&resize=350%2C200","width":350,"height":200,"srcset":"https:\/\/i0.wp.com\/noticiasribeiraopreto.com.br\/wp-content\/uploads\/2024\/03\/Copia-de-Copia-de-TAMANHO-EXATO-PARA-FOTOS-NO-SISTEMA-NOVO-78.jpg?fit=1200%2C675&ssl=1&resize=350%2C200 1x, https:\/\/i0.wp.com\/noticiasribeiraopreto.com.br\/wp-content\/uploads\/2024\/03\/Copia-de-Copia-de-TAMANHO-EXATO-PARA-FOTOS-NO-SISTEMA-NOVO-78.jpg?fit=1200%2C675&ssl=1&resize=525%2C300 1.5x, https:\/\/i0.wp.com\/noticiasribeiraopreto.com.br\/wp-content\/uploads\/2024\/03\/Copia-de-Copia-de-TAMANHO-EXATO-PARA-FOTOS-NO-SISTEMA-NOVO-78.jpg?fit=1200%2C675&ssl=1&resize=700%2C400 2x, https:\/\/i0.wp.com\/noticiasribeiraopreto.com.br\/wp-content\/uploads\/2024\/03\/Copia-de-Copia-de-TAMANHO-EXATO-PARA-FOTOS-NO-SISTEMA-NOVO-78.jpg?fit=1200%2C675&ssl=1&resize=1050%2C600 3x"},"classes":[]},{"id":44247,"url":"https:\/\/noticiasribeiraopreto.com.br\/index.php\/2024\/03\/26\/definida-empresa-que-continuara-as-obras-da-avenida-nove-de-julho-em-ribeirao-preto\/","url_meta":{"origin":80461,"position":5},"title":"Definida empresa que continuar\u00e1 as obras da avenida Nove de Julho em Ribeir\u00e3o Preto","author":"noticiasribeiraopreto.com.br","date":"26 de March de 2024","format":false,"excerpt":"Foi publicado no Di\u00e1rio Oficial do Munic\u00edpio desta ter\u00e7a-feira (26), a homologa\u00e7\u00e3o da licita\u00e7\u00e3o para as obras de revitaliza\u00e7\u00e3o e implanta\u00e7\u00e3o do corredor de \u00f4nibus da avenida Nove de Julho, paradas desde dezembro do ano passado. A empresa vencedora que retomar\u00e1 os servi\u00e7os no local \u00e9 a Era-T\u00e9cnica Engenharia Constru\u00e7\u00f5es\u2026","rel":"","context":"In &quot;Not\u00edcias de Ribeir\u00e3o Preto-SP e Regi\u00e3o&quot;","block_context":{"text":"Not\u00edcias de Ribeir\u00e3o Preto-SP e Regi\u00e3o","link":"https:\/\/noticiasribeiraopreto.com.br\/index.php\/category\/noticias-de-ribeirao-preto-sp-e-regiao-ismael-colosi\/"},"img":{"alt_text":"","src":"https:\/\/i0.wp.com\/noticiasribeiraopreto.com.br\/wp-content\/uploads\/2024\/03\/Copia-de-Copia-de-TAMANHO-EXATO-PARA-FOTOS-NO-SISTEMA-NOVO-87.jpg?fit=1200%2C675&ssl=1&resize=350%2C200","width":350,"height":200,"srcset":"https:\/\/i0.wp.com\/noticiasribeiraopreto.com.br\/wp-content\/uploads\/2024\/03\/Copia-de-Copia-de-TAMANHO-EXATO-PARA-FOTOS-NO-SISTEMA-NOVO-87.jpg?fit=1200%2C675&ssl=1&resize=350%2C200 1x, https:\/\/i0.wp.com\/noticiasribeiraopreto.com.br\/wp-content\/uploads\/2024\/03\/Copia-de-Copia-de-TAMANHO-EXATO-PARA-FOTOS-NO-SISTEMA-NOVO-87.jpg?fit=1200%2C675&ssl=1&resize=525%2C300 1.5x, https:\/\/i0.wp.com\/noticiasribeiraopreto.com.br\/wp-content\/uploads\/2024\/03\/Copia-de-Copia-de-TAMANHO-EXATO-PARA-FOTOS-NO-SISTEMA-NOVO-87.jpg?fit=1200%2C675&ssl=1&resize=700%2C400 2x, https:\/\/i0.wp.com\/noticiasribeiraopreto.com.br\/wp-content\/uploads\/2024\/03\/Copia-de-Copia-de-TAMANHO-EXATO-PARA-FOTOS-NO-SISTEMA-NOVO-87.jpg?fit=1200%2C675&ssl=1&resize=1050%2C600 3x"},"classes":[]}],"jetpack_sharing_enabled":true,"jetpack_shortlink":"https:\/\/wp.me\/peQAOb-kVL","_links":{"self":[{"href":"https:\/\/noticiasribeiraopreto.com.br\/index.php\/wp-json\/wp\/v2\/posts\/80461","targetHints":{"allow":["GET"]}}],"collection":[{"href":"https:\/\/noticiasribeiraopreto.com.br\/index.php\/wp-json\/wp\/v2\/posts"}],"about":[{"href":"https:\/\/noticiasribeiraopreto.com.br\/index.php\/wp-json\/wp\/v2\/types\/post"}],"author":[{"embeddable":true,"href":"https:\/\/noticiasribeiraopreto.com.br\/index.php\/wp-json\/wp\/v2\/users\/1"}],"replies":[{"embeddable":true,"href":"https:\/\/noticiasribeiraopreto.com.br\/index.php\/wp-json\/wp\/v2\/comments?post=80461"}],"version-history":[{"count":0,"href":"https:\/\/noticiasribeiraopreto.com.br\/index.php\/wp-json\/wp\/v2\/posts\/80461\/revisions"}],"wp:featuredmedia":[{"embeddable":true,"href":"https:\/\/noticiasribeiraopreto.com.br\/index.php\/wp-json\/wp\/v2\/media\/76993"}],"wp:attachment":[{"href":"https:\/\/noticiasribeiraopreto.com.br\/index.php\/wp-json\/wp\/v2\/media?parent=80461"}],"wp:term":[{"taxonomy":"category","embeddable":true,"href":"https:\/\/noticiasribeiraopreto.com.br\/index.php\/wp-json\/wp\/v2\/categories?post=80461"},{"taxonomy":"post_tag","embeddable":true,"href":"https:\/\/noticiasribeiraopreto.com.br\/index.php\/wp-json\/wp\/v2\/tags?post=80461"}],"curies":[{"name":"wp","href":"https:\/\/api.w.org\/{rel}","templated":true}]}}