{"id":80462,"date":"2025-12-03T21:54:21","date_gmt":"2025-12-04T00:54:21","guid":{"rendered":"https:\/\/noticiasribeiraopreto.com.br\/index.php\/2025\/12\/03\/temporal-provoca-cachoeira-dentro-da-catedral-de-ribeirao-preto-veja-video\/"},"modified":"2025-12-03T21:54:21","modified_gmt":"2025-12-04T00:54:21","slug":"temporal-provoca-cachoeira-dentro-da-catedral-de-ribeirao-preto-veja-video","status":"publish","type":"post","link":"https:\/\/noticiasribeiraopreto.com.br\/index.php\/2025\/12\/03\/temporal-provoca-cachoeira-dentro-da-catedral-de-ribeirao-preto-veja-video\/","title":{"rendered":"Temporal provoca &#8216;cachoeira&#8217; dentro da Catedral de Ribeir\u00e3o Preto; Veja v\u00eddeo"},"content":{"rendered":"<div class='code-block code-block-1' style='margin: 8px 0 8px auto; text-align: right; display: block; clear: both;'>\n<p><a href=\"https:\/\/wa.link\/vpicfd\"><img data-recalc-dims=\"1\" class=\"wp-image-4922\" style=\"aspect-ratio: 2.0253164556962027; width: 561px; height: auto;\" src=\"https:\/\/i0.wp.com\/ismaelcolosi.com.br\/wp-content\/uploads\/2023\/11\/grupo-de-empregos-whatsapp-e-facebook-ismael-colosi-vagas.jpg?ssl=1\" alt=\"\" \/><\/a><\/p>\n<!-- \/wp:image -->\n<\/div>\n<p> <br \/>\n<\/p>\n<div>\n<p>A <strong>forte chuva <\/strong>que atingiu <strong>Ribeir\u00e3o Preto<\/strong> na tarde desta quarta-feira (3) provocou uma \u201c<strong>cachoeira<\/strong>\u201d na parte interna da <strong>Catedral Metropolitana<\/strong>, localizada no Centro da cidade.<\/p>\n<p>Imagens registradas por quem frequenta o templo mostram as infiltra\u00e7\u00f5es do local. Nos registros \u00e9 poss\u00edvel observar um <strong>grande volume de \u00e1gua escorrendo pelas paredes durante a chuva<\/strong> \u2013 veja abaixo.<\/p>\n<p>Segundo a \u00faltima atualiza\u00e7\u00e3o da Defesa Civil, os acumulados de chuva ficaram na casa dos <strong>20 mil\u00edmetros<\/strong>. At\u00e9 o momento, <strong>foram registrados rajadas de vento de aproximadamente 70 km\/h.<\/strong><\/p>\n<blockquote class=\"tiktok-embed\" cite=\"https:\/\/www.tiktok.com\/@acidadeon\/video\/7579749845561330952\" data-video-id=\"7579749845561330952\" style=\"max-width: 605px;min-width: 325px;\">\n<section> <a target=\"_blank\" title=\"@acidadeon\" href=\"https:\/\/www.tiktok.com\/@acidadeon?refer=embed\" rel=\"noopener\">@acidadeon<\/a> \u2614 A forte chuva que atingiu Ribeir\u00e3o Preto na tarde desta quarta-feira provocou uma \u201ccachoeira\u201d na parte interna da Catedral Metropolitana, localizada no Centro da cidade. \ud83d\udc49 Imagens registradas por quem frequenta o templo mostram as infiltra\u00e7\u00f5es do local. Nos registros \u00e9 poss\u00edvel observar um grande volume de \u00e1gua escorrendo pelas paredes durante a chuva. \u26ea De acordo com nota emitida, o problema na Catedral \u00e9 antigo e est\u00e1 relacionado a danos estruturais no telhado, que v\u00eam se agravando ao longo dos anos. \u203c\ufe0f Segundo explica\u00e7\u00e3o do padre Francisco Jaber Zanardo Moussa (padre Chico), a movimenta\u00e7\u00e3o natural da estrutura comprometeu o telhado do tempo, o que facilitou as infiltra\u00e7\u00f5es que ficam ainda mais intensas em dias de chuva. \ud83d\udcbb\ud83d\udcf2 Saiba mais no site \ud83c\udf0e acidadeon.com\/ribeiraopreto \ud83c\udfa5 Reprodu\u00e7\u00e3o\/ redes sociais <a title=\"acidadeon\" target=\"_blank\" href=\"https:\/\/www.tiktok.com\/tag\/acidadeon?refer=embed\" rel=\"noopener\">#acidadeon<\/a> <a title=\"fiqueon\" target=\"_blank\" href=\"https:\/\/www.tiktok.com\/tag\/fiqueon?refer=embed\" rel=\"noopener\">#fiqueon<\/a> <a title=\"ribeir\u0101opreto\" target=\"_blank\" href=\"https:\/\/www.tiktok.com\/tag\/ribeir%C4%81opreto?refer=embed\" rel=\"noopener\">#ribeir\u0101opreto<\/a> <a target=\"_blank\" title=\"\u266c News, news, seriousness, tension(1077866) - Lyrebirds music\" href=\"https:\/\/www.tiktok.com\/music\/News-news-seriousness-tension-1077866-6997840505614632962?refer=embed\" rel=\"noopener\">\u266c News, news, seriousness, tension(1077866) \u2013 Lyrebirds music<\/a> <\/section>\n<\/blockquote>\n<h2 class=\"wp-block-heading\"><strong>Problema antigo<\/strong><\/h2>\n<p>De acordo com nota emitida, o problema na <strong>Catedral <\/strong>\u00e9 antigo e est\u00e1 relacionado a <strong>danos estruturais no telhado<\/strong>, que v\u00eam se agravando ao longo dos anos.<\/p>\n<figure class=\"wp-block-pullquote\">\n<blockquote>\n<p>A Catedral apresenta problemas estruturais antigos no telhado e pontos de infiltra\u00e7\u00e3o, o que torna situa\u00e7\u00f5es como esta mais percept\u00edveis em momentos de precipita\u00e7\u00e3o intensa.<\/p>\n<p><cite>diz trecho do texto<\/cite><\/p><\/blockquote>\n<\/figure>\n<p>Segundo explica\u00e7\u00e3o do <strong>padre Francisco Jaber Zanardo Moussa (padre Chico)<\/strong>, a movimenta\u00e7\u00e3o natural da estrutura comprometeu o telhado do tempo, o que f<strong>acilitou as infiltra\u00e7\u00f5es que ficam ainda mais intensas em dias de chuva<\/strong>.<\/p>\n<p>O sacerdote refor\u00e7a que a situa\u00e7\u00e3o evidencia a <strong>necessidade urgente de restaura\u00e7\u00e3o completa do telhado<\/strong> para evitar que os danos se ampliem. \u201cA par\u00f3quia segue monitorando a situa\u00e7\u00e3o e reafirma seu compromisso com a preserva\u00e7\u00e3o e a seguran\u00e7a da Catedral, um dos mais importantes patrim\u00f4nios hist\u00f3ricos e religiosos de Ribeir\u00e3o Preto\u201d.<\/p>\n<h2 class=\"wp-block-heading\"><strong>Restaura\u00e7\u00e3o da Catedral<\/strong><\/h2>\n<p>As obras de recupera\u00e7\u00e3o da <strong>Catedral Metropolitana de S\u00e3o Sebasti\u00e3o<\/strong>, um dos s\u00edmbolos de Ribeir\u00e3o Preto, tiveram in\u00edcio nesta segunda-feira (1\u00ba). <mark style=\"background-color:#fcb900\" class=\"has-inline-color\">A reforma se tornou necess\u00e1ria ap\u00f3s a identifica\u00e7\u00e3o de desgastes estruturais acumulados ao longo do tempo, o que levou \u00e0 cria\u00e7\u00e3o de uma campanha de arrecada\u00e7\u00e3o para ajudar a custear o projeto.<\/mark><\/p>\n<p>Nesse primeiro momento as obras pretendem <strong>refor\u00e7ar a funda\u00e7\u00e3o da igreja<\/strong>, j\u00e1 que problemas no solo v\u00eam provocando rachaduras e comprometendo a estabilidade do pr\u00e9dio \u2013 clique aqui para saber mais.<\/p>\n<p>Essa etapa inicial, estimada para durar entre oito e 12 meses, ter\u00e1 investimento de aproximadamente R$ 2 milh\u00f5es.<\/p>\n<h3 class=\"wp-block-heading\"><strong>Campanha Salve a Catedral<\/strong><\/h3>\n<p>Mesmo com os servi\u00e7os j\u00e1 em andamento, a campanha \u2018Salve a Catedral\u2019 segue ativa. A iniciativa continua recebendo doa\u00e7\u00f5es e promove a\u00e7\u00f5es para angariar recursos, incluindo a venda de rifas por R$ 20, que d\u00e3o ao participante a chance de concorrer a um carro zero quil\u00f4metro.<\/p>\n<hr class=\"wp-block-separator has-alpha-channel-opacity\"\/>\n<p>SAIBA MAIS<\/p>\n<p>Catedral de Ribeir\u00e3o Preto recebe concerto especial de Natal no final de semana<\/p>\n<h2 class=\"wp-block-heading\"><strong>FIQUE ON<\/strong><\/h2>\n<p>Fique ligado em tudo que acontece em Ribeir\u00e3o Preto e regi\u00e3o. Siga os perfis do\u00a0<strong>acidade on<\/strong>\u00a0no\u00a0<a href=\"https:\/\/www.instagram.com\/acidadeonribeirao\" target=\"_blank\" rel=\"noreferrer noopener\">Instagram<\/a>\u00a0e no\u00a0<a href=\"https:\/\/www.facebook.com\/acidadeonribeirao\/\" target=\"_blank\" rel=\"noreferrer noopener\">Facebook<\/a>.<\/p>\n<p>Receba not\u00edcias do\u00a0<strong>acidade on\u00a0<\/strong>no WhatsApp. Para entrar no grupo,\u00a0basta<a href=\"https:\/\/chat.whatsapp.com\/I4nieTEMKlf50pJ28aMemC?mode=ac_t\" target=\"_blank\" rel=\"noreferrer noopener\">\u00a0clicar aqui<\/a>. Ou, acesse o nosso\u00a0Canal\u00a0<a href=\"https:\/\/whatsapp.com\/channel\/0029Vb6IQl1JENyAeS57fk2p\" target=\"_blank\" rel=\"noreferrer noopener\">clicando aqui<\/a>.Fa\u00e7a uma den\u00fancia ou sugira uma reportagem sobre Ribeir\u00e3o Preto e regi\u00e3o pelo WhatsApp: 16 99117 7802.<\/p>\n<p>VEJA TAMB\u00c9M<\/p>\n<p>Como fazer crunch cake?<\/p>\n<p><!-- AI CONTENT END 1 -->\n<\/div>\n<p><script async src=\"\/\/www.instagram.com\/embed.js\"><\/script><script async src=\"\/\/www.tiktok.com\/embed.js\"><\/script><br \/>\n<br \/><br \/>\n<br \/><a href=\"https:\/\/www.acidadeon.com\/ribeiraopreto\/cotidiano\/temporal-provoca-cachoeira-dentro-da-catedral-de-ribeirao-preto-veja-video\/\">Source link <\/a><\/p>\n<!-- CONTENT END 1 -->\n","protected":false},"excerpt":{"rendered":"<p>A forte chuva que atingiu Ribeir\u00e3o Preto na tarde desta quarta-feira (3) provocou uma \u201ccachoeira\u201d na parte interna da Catedral Metropolitana, localizada no Centro da&#8230;<\/p>\n","protected":false},"author":1,"featured_media":80463,"comment_status":"open","ping_status":"open","sticky":false,"template":"","format":"standard","meta":{"advanced_seo_description":"","jetpack_seo_html_title":"","jetpack_seo_noindex":false,"jetpack_post_was_ever_published":false,"_jetpack_newsletter_access":"","_jetpack_dont_email_post_to_subs":false,"_jetpack_newsletter_tier_id":0,"_jetpack_memberships_contains_paywalled_content":false,"_jetpack_memberships_contains_paid_content":false,"footnotes":"","jetpack_publicize_message":"","jetpack_publicize_feature_enabled":true,"jetpack_social_post_already_shared":true,"jetpack_social_options":{"image_generator_settings":{"template":"highway","default_image_id":0,"font":"","enabled":false},"version":2}},"categories":[11],"tags":[],"class_list":["post-80462","post","type-post","status-publish","format-standard","has-post-thumbnail","hentry","category-noticias-de-ribeirao-preto-sp-e-regiao-ismael-colosi"],"jetpack_publicize_connections":[],"jetpack_featured_media_url":"https:\/\/i0.wp.com\/noticiasribeiraopreto.com.br\/wp-content\/uploads\/2025\/12\/Copia-de-Copia-de-Copia-de-TAMANHO-EXATO-PARA-FOTOS-NO-SISTEMA-NOVO-2025-12-03T182324.870_2025-12-03_21-23-31.webp.webp?fit=1200%2C675&ssl=1","jetpack-related-posts":[{"id":62271,"url":"https:\/\/noticiasribeiraopreto.com.br\/index.php\/2025\/01\/09\/ribeirao-preto-e-regiao-seguem-em-alerta-para-chuva-forte-confira-a-previsao\/","url_meta":{"origin":80462,"position":0},"title":"Ribeir\u00e3o Preto e regi\u00e3o seguem em alerta para chuva forte; Confira a previs\u00e3o","author":"noticiasribeiraopreto.com.br","date":"9 de January de 2025","format":false,"excerpt":"O tempo segue inst\u00e1vel nesta quinta-feira (9), na regi\u00e3o de Ribeir\u00e3o Preto. Uma forte chuva atingiu Ribeir\u00e3o nesta quarta-feira (9) e provocou alagamentos e transtornos pela cidade. Segundo a Climatempo, a partir da tarde desta quinta h\u00e1 chance de pancadas de chuva localizadas, que podem ser fortes, com raios e\u2026","rel":"","context":"In &quot;Not\u00edcias de Ribeir\u00e3o Preto-SP e Regi\u00e3o&quot;","block_context":{"text":"Not\u00edcias de Ribeir\u00e3o Preto-SP e Regi\u00e3o","link":"https:\/\/noticiasribeiraopreto.com.br\/index.php\/category\/noticias-de-ribeirao-preto-sp-e-regiao-ismael-colosi\/"},"img":{"alt_text":"","src":"https:\/\/i0.wp.com\/noticiasribeiraopreto.com.br\/wp-content\/uploads\/2025\/01\/WhatsApp-Image-2025-01-08-at-14.31.19-1_2025-01-09_10-45-36_jpeg_2025-01-09_10-45-36.webp.webp?fit=1200%2C553&ssl=1&resize=350%2C200","width":350,"height":200,"srcset":"https:\/\/i0.wp.com\/noticiasribeiraopreto.com.br\/wp-content\/uploads\/2025\/01\/WhatsApp-Image-2025-01-08-at-14.31.19-1_2025-01-09_10-45-36_jpeg_2025-01-09_10-45-36.webp.webp?fit=1200%2C553&ssl=1&resize=350%2C200 1x, https:\/\/i0.wp.com\/noticiasribeiraopreto.com.br\/wp-content\/uploads\/2025\/01\/WhatsApp-Image-2025-01-08-at-14.31.19-1_2025-01-09_10-45-36_jpeg_2025-01-09_10-45-36.webp.webp?fit=1200%2C553&ssl=1&resize=525%2C300 1.5x, https:\/\/i0.wp.com\/noticiasribeiraopreto.com.br\/wp-content\/uploads\/2025\/01\/WhatsApp-Image-2025-01-08-at-14.31.19-1_2025-01-09_10-45-36_jpeg_2025-01-09_10-45-36.webp.webp?fit=1200%2C553&ssl=1&resize=700%2C400 2x, https:\/\/i0.wp.com\/noticiasribeiraopreto.com.br\/wp-content\/uploads\/2025\/01\/WhatsApp-Image-2025-01-08-at-14.31.19-1_2025-01-09_10-45-36_jpeg_2025-01-09_10-45-36.webp.webp?fit=1200%2C553&ssl=1&resize=1050%2C600 3x"},"classes":[]},{"id":80491,"url":"https:\/\/noticiasribeiraopreto.com.br\/index.php\/2025\/12\/04\/apos-temporal-veja-a-previsao-para-ribeirao-preto-nesta-quinta-feira\/","url_meta":{"origin":80462,"position":1},"title":"Ap\u00f3s temporal, veja a previs\u00e3o para Ribeir\u00e3o Preto nesta quinta-feira","author":"noticiasribeiraopreto.com.br","date":"4 de December de 2025","format":false,"excerpt":"Ribeir\u00e3o Preto ainda est\u00e1 na rota de \u00e1reas de instabilidades nesta quinta-feira (4), depois de um temporal atingir a cidade nesta quarta-feira (3) e causar transtornos. Segundo a Climatempo, entre a tarde e in\u00edcio da noite, o transporte de umidade favorece a chance de pancadas de chuva isoladas na regi\u00e3o.\u2026","rel":"","context":"In &quot;Not\u00edcias de Ribeir\u00e3o Preto-SP e Regi\u00e3o&quot;","block_context":{"text":"Not\u00edcias de Ribeir\u00e3o Preto-SP e Regi\u00e3o","link":"https:\/\/noticiasribeiraopreto.com.br\/index.php\/category\/noticias-de-ribeirao-preto-sp-e-regiao-ismael-colosi\/"},"img":{"alt_text":"","src":"https:\/\/i0.wp.com\/noticiasribeiraopreto.com.br\/wp-content\/uploads\/2025\/07\/WhatsApp-Image-2025-05-08-at-06.45.03_2025-05-08_09-48-38.webp.webp?fit=1200%2C540&ssl=1&resize=350%2C200","width":350,"height":200,"srcset":"https:\/\/i0.wp.com\/noticiasribeiraopreto.com.br\/wp-content\/uploads\/2025\/07\/WhatsApp-Image-2025-05-08-at-06.45.03_2025-05-08_09-48-38.webp.webp?fit=1200%2C540&ssl=1&resize=350%2C200 1x, https:\/\/i0.wp.com\/noticiasribeiraopreto.com.br\/wp-content\/uploads\/2025\/07\/WhatsApp-Image-2025-05-08-at-06.45.03_2025-05-08_09-48-38.webp.webp?fit=1200%2C540&ssl=1&resize=525%2C300 1.5x, https:\/\/i0.wp.com\/noticiasribeiraopreto.com.br\/wp-content\/uploads\/2025\/07\/WhatsApp-Image-2025-05-08-at-06.45.03_2025-05-08_09-48-38.webp.webp?fit=1200%2C540&ssl=1&resize=700%2C400 2x, https:\/\/i0.wp.com\/noticiasribeiraopreto.com.br\/wp-content\/uploads\/2025\/07\/WhatsApp-Image-2025-05-08-at-06.45.03_2025-05-08_09-48-38.webp.webp?fit=1200%2C540&ssl=1&resize=1050%2C600 3x"},"classes":[]},{"id":84058,"url":"https:\/\/noticiasribeiraopreto.com.br\/index.php\/2026\/03\/31\/chuva-forte-provoca-alagamento-em-avenida-de-ribeirao-preto-veja-video\/","url_meta":{"origin":80462,"position":2},"title":"Chuva forte provoca alagamento em avenida de Ribeir\u00e3o Preto; veja v\u00eddeo","author":"noticiasribeiraopreto.com.br","date":"31 de March de 2026","format":false,"excerpt":"Ler o resumo da not\u00edcia Chuva forte atingiu Ribeir\u00e3o Preto na tarde desta ter\u00e7a-feira (31), causando alagamentos em diversos pontos da cidade. A avenida Marechal Costa e Silva foi um dos locais mais afetados, com \u00e1gua acumulando-se na pista. A Defesa Civil de S\u00e3o Paulo emitiu alerta de chuva persistente\u2026","rel":"","context":"In &quot;Not\u00edcias de Ribeir\u00e3o Preto-SP e Regi\u00e3o&quot;","block_context":{"text":"Not\u00edcias de Ribeir\u00e3o Preto-SP e Regi\u00e3o","link":"https:\/\/noticiasribeiraopreto.com.br\/index.php\/category\/noticias-de-ribeirao-preto-sp-e-regiao-ismael-colosi\/"},"img":{"alt_text":"","src":"https:\/\/i0.wp.com\/noticiasribeiraopreto.com.br\/wp-content\/uploads\/2026\/03\/pjogjd_2026-03-31_21-23-21.webp.webp?fit=942%2C396&ssl=1&resize=350%2C200","width":350,"height":200,"srcset":"https:\/\/i0.wp.com\/noticiasribeiraopreto.com.br\/wp-content\/uploads\/2026\/03\/pjogjd_2026-03-31_21-23-21.webp.webp?fit=942%2C396&ssl=1&resize=350%2C200 1x, https:\/\/i0.wp.com\/noticiasribeiraopreto.com.br\/wp-content\/uploads\/2026\/03\/pjogjd_2026-03-31_21-23-21.webp.webp?fit=942%2C396&ssl=1&resize=525%2C300 1.5x, https:\/\/i0.wp.com\/noticiasribeiraopreto.com.br\/wp-content\/uploads\/2026\/03\/pjogjd_2026-03-31_21-23-21.webp.webp?fit=942%2C396&ssl=1&resize=700%2C400 2x"},"classes":[]},{"id":61039,"url":"https:\/\/noticiasribeiraopreto.com.br\/index.php\/2024\/12\/02\/chuva-atinge-ribeirao-e-provoca-transtornos-na-cidade-video\/","url_meta":{"origin":80462,"position":3},"title":"Chuva atinge Ribeir\u00e3o e provoca transtornos na cidade; V\u00eddeo","author":"noticiasribeiraopreto.com.br","date":"2 de December de 2024","format":false,"excerpt":"Uma forte chuva atingiu Ribeir\u00e3o Preto na tarde desta segunda-feira (2) e provocou transtornos no munic\u00edpio. H\u00e1 relatos de alagamento no cruzamento das ruas Cerqueira C\u00e9sar e Am\u00e9rico brasiliense, e S\u00e3o Jos\u00e9 com Rui Barbosa. Al\u00e9m destes, tamb\u00e9m h\u00e1 registros de enchente no cruzamento da avenida Saudade com a rua\u2026","rel":"","context":"In &quot;Not\u00edcias de Ribeir\u00e3o Preto-SP e Regi\u00e3o&quot;","block_context":{"text":"Not\u00edcias de Ribeir\u00e3o Preto-SP e Regi\u00e3o","link":"https:\/\/noticiasribeiraopreto.com.br\/index.php\/category\/noticias-de-ribeirao-preto-sp-e-regiao-ismael-colosi\/"},"img":{"alt_text":"","src":"https:\/\/i0.wp.com\/noticiasribeiraopreto.com.br\/wp-content\/uploads\/2024\/12\/Copia-de-Copia-de-Copia-de-TAMANHO-EXATO-PARA-FOTOS-NO-SISTEMA-NOVO-2024-12-02T163757.098_2024-12-02_19-38-24_png_2024-12-02_19-38-24.webp.webp?fit=1200%2C675&ssl=1&resize=350%2C200","width":350,"height":200,"srcset":"https:\/\/i0.wp.com\/noticiasribeiraopreto.com.br\/wp-content\/uploads\/2024\/12\/Copia-de-Copia-de-Copia-de-TAMANHO-EXATO-PARA-FOTOS-NO-SISTEMA-NOVO-2024-12-02T163757.098_2024-12-02_19-38-24_png_2024-12-02_19-38-24.webp.webp?fit=1200%2C675&ssl=1&resize=350%2C200 1x, https:\/\/i0.wp.com\/noticiasribeiraopreto.com.br\/wp-content\/uploads\/2024\/12\/Copia-de-Copia-de-Copia-de-TAMANHO-EXATO-PARA-FOTOS-NO-SISTEMA-NOVO-2024-12-02T163757.098_2024-12-02_19-38-24_png_2024-12-02_19-38-24.webp.webp?fit=1200%2C675&ssl=1&resize=525%2C300 1.5x, https:\/\/i0.wp.com\/noticiasribeiraopreto.com.br\/wp-content\/uploads\/2024\/12\/Copia-de-Copia-de-Copia-de-TAMANHO-EXATO-PARA-FOTOS-NO-SISTEMA-NOVO-2024-12-02T163757.098_2024-12-02_19-38-24_png_2024-12-02_19-38-24.webp.webp?fit=1200%2C675&ssl=1&resize=700%2C400 2x, https:\/\/i0.wp.com\/noticiasribeiraopreto.com.br\/wp-content\/uploads\/2024\/12\/Copia-de-Copia-de-Copia-de-TAMANHO-EXATO-PARA-FOTOS-NO-SISTEMA-NOVO-2024-12-02T163757.098_2024-12-02_19-38-24_png_2024-12-02_19-38-24.webp.webp?fit=1200%2C675&ssl=1&resize=1050%2C600 3x"},"classes":[]},{"id":80459,"url":"https:\/\/noticiasribeiraopreto.com.br\/index.php\/2025\/12\/03\/chuva-derruba-arvore-e-interdita-parque-em-ribeirao-preto\/","url_meta":{"origin":80462,"position":4},"title":"Chuva derruba \u00e1rvore e interdita parque em Ribeir\u00e3o Preto","author":"noticiasribeiraopreto.com.br","date":"3 de December de 2025","format":false,"excerpt":"A chuva forte que atingiu Ribeir\u00e3o Preto nesta quarta-feira (3) derrubou uma \u00e1rvore de grande porte no Parque Maur\u00edlio Biagi e levou \u00e0 interdi\u00e7\u00e3o tempor\u00e1ria do espa\u00e7o. As equipes iniciaram a retirada da \u00e1rvore para garantir a seguran\u00e7a dos visitantes. A Prefeitura prev\u00ea a reabertura do parque nesta quinta-feira (4),\u2026","rel":"","context":"In &quot;Not\u00edcias de Ribeir\u00e3o Preto-SP e Regi\u00e3o&quot;","block_context":{"text":"Not\u00edcias de Ribeir\u00e3o Preto-SP e Regi\u00e3o","link":"https:\/\/noticiasribeiraopreto.com.br\/index.php\/category\/noticias-de-ribeirao-preto-sp-e-regiao-ismael-colosi\/"},"img":{"alt_text":"","src":"https:\/\/i0.wp.com\/noticiasribeiraopreto.com.br\/wp-content\/uploads\/2025\/12\/image_2025-12-03_23-08-52.webp.webp?fit=1200%2C675&ssl=1&resize=350%2C200","width":350,"height":200,"srcset":"https:\/\/i0.wp.com\/noticiasribeiraopreto.com.br\/wp-content\/uploads\/2025\/12\/image_2025-12-03_23-08-52.webp.webp?fit=1200%2C675&ssl=1&resize=350%2C200 1x, https:\/\/i0.wp.com\/noticiasribeiraopreto.com.br\/wp-content\/uploads\/2025\/12\/image_2025-12-03_23-08-52.webp.webp?fit=1200%2C675&ssl=1&resize=525%2C300 1.5x, https:\/\/i0.wp.com\/noticiasribeiraopreto.com.br\/wp-content\/uploads\/2025\/12\/image_2025-12-03_23-08-52.webp.webp?fit=1200%2C675&ssl=1&resize=700%2C400 2x, https:\/\/i0.wp.com\/noticiasribeiraopreto.com.br\/wp-content\/uploads\/2025\/12\/image_2025-12-03_23-08-52.webp.webp?fit=1200%2C675&ssl=1&resize=1050%2C600 3x"},"classes":[]},{"id":58957,"url":"https:\/\/noticiasribeiraopreto.com.br\/index.php\/2024\/10\/10\/veja-ate-quando-vai-o-alerta-para-chuva-forte-no-interior-de-sp\/","url_meta":{"origin":80462,"position":5},"title":"Veja at\u00e9 quando vai o alerta para chuva forte no interior de SP","author":"noticiasribeiraopreto.com.br","date":"10 de October de 2024","format":false,"excerpt":"O alerta da Defesa Civil para chuva forte no interior de S\u00e3o Paulo segue at\u00e9 s\u00e1bado (12). Segundo o \u00f3rg\u00e3o, pode chover o acumulado de at\u00e9 100 mil\u00edmetros em algumas regi\u00f5es do interior paulista, com possibilidade de ventos intensos com velocidade entre 60 km\/h e 100 km\/h. O aviso informa\u2026","rel":"","context":"In &quot;Not\u00edcias de Ribeir\u00e3o Preto-SP e Regi\u00e3o&quot;","block_context":{"text":"Not\u00edcias de Ribeir\u00e3o Preto-SP e Regi\u00e3o","link":"https:\/\/noticiasribeiraopreto.com.br\/index.php\/category\/noticias-de-ribeirao-preto-sp-e-regiao-ismael-colosi\/"},"img":{"alt_text":"","src":"https:\/\/i0.wp.com\/noticiasribeiraopreto.com.br\/wp-content\/uploads\/2024\/10\/WhatsApp-Image-2024-02-07-at-16.31.23.jpeg?fit=1200%2C540&ssl=1&resize=350%2C200","width":350,"height":200,"srcset":"https:\/\/i0.wp.com\/noticiasribeiraopreto.com.br\/wp-content\/uploads\/2024\/10\/WhatsApp-Image-2024-02-07-at-16.31.23.jpeg?fit=1200%2C540&ssl=1&resize=350%2C200 1x, https:\/\/i0.wp.com\/noticiasribeiraopreto.com.br\/wp-content\/uploads\/2024\/10\/WhatsApp-Image-2024-02-07-at-16.31.23.jpeg?fit=1200%2C540&ssl=1&resize=525%2C300 1.5x, https:\/\/i0.wp.com\/noticiasribeiraopreto.com.br\/wp-content\/uploads\/2024\/10\/WhatsApp-Image-2024-02-07-at-16.31.23.jpeg?fit=1200%2C540&ssl=1&resize=700%2C400 2x, https:\/\/i0.wp.com\/noticiasribeiraopreto.com.br\/wp-content\/uploads\/2024\/10\/WhatsApp-Image-2024-02-07-at-16.31.23.jpeg?fit=1200%2C540&ssl=1&resize=1050%2C600 3x"},"classes":[]}],"jetpack_sharing_enabled":true,"jetpack_shortlink":"https:\/\/wp.me\/peQAOb-kVM","_links":{"self":[{"href":"https:\/\/noticiasribeiraopreto.com.br\/index.php\/wp-json\/wp\/v2\/posts\/80462","targetHints":{"allow":["GET"]}}],"collection":[{"href":"https:\/\/noticiasribeiraopreto.com.br\/index.php\/wp-json\/wp\/v2\/posts"}],"about":[{"href":"https:\/\/noticiasribeiraopreto.com.br\/index.php\/wp-json\/wp\/v2\/types\/post"}],"author":[{"embeddable":true,"href":"https:\/\/noticiasribeiraopreto.com.br\/index.php\/wp-json\/wp\/v2\/users\/1"}],"replies":[{"embeddable":true,"href":"https:\/\/noticiasribeiraopreto.com.br\/index.php\/wp-json\/wp\/v2\/comments?post=80462"}],"version-history":[{"count":0,"href":"https:\/\/noticiasribeiraopreto.com.br\/index.php\/wp-json\/wp\/v2\/posts\/80462\/revisions"}],"wp:featuredmedia":[{"embeddable":true,"href":"https:\/\/noticiasribeiraopreto.com.br\/index.php\/wp-json\/wp\/v2\/media\/80463"}],"wp:attachment":[{"href":"https:\/\/noticiasribeiraopreto.com.br\/index.php\/wp-json\/wp\/v2\/media?parent=80462"}],"wp:term":[{"taxonomy":"category","embeddable":true,"href":"https:\/\/noticiasribeiraopreto.com.br\/index.php\/wp-json\/wp\/v2\/categories?post=80462"},{"taxonomy":"post_tag","embeddable":true,"href":"https:\/\/noticiasribeiraopreto.com.br\/index.php\/wp-json\/wp\/v2\/tags?post=80462"}],"curies":[{"name":"wp","href":"https:\/\/api.w.org\/{rel}","templated":true}]}}